{"id":31190,"date":"2022-07-07T16:00:00","date_gmt":"2022-07-07T15:00:00","guid":{"rendered":"https:\/\/jornaldasoficinas.com\/pt\/?p=31190"},"modified":"2022-07-07T09:02:27","modified_gmt":"2022-07-07T08:02:27","slug":"volt-e-lado-a-lado-com-as-empresas-pela-transicao-eletrica","status":"publish","type":"post","link":"https:\/\/jornaldasoficinas.com\/pt\/volt-e-lado-a-lado-com-as-empresas-pela-transicao-eletrica\/","title":{"rendered":"Volt-e lado a lado com as empresas pela transi\u00e7\u00e3o el\u00e9trica"},"content":{"rendered":"<p><img loading=\"lazy\" decoding=\"async\" class=\"alignnone size-full wp-image-31095\" src=\"https:\/\/jornaldasoficinas.com\/pt\/wp-content\/uploads\/2022\/07\/Volt-e-lado-a-lado-com-as-empresas-pela-transic\u0327a\u0303o-ele\u0301trica.jpg\" alt=\"07 - Volt e lado a lado com as empresas pela transic\u0327a\u0303o ele\u0301trica\" width=\"1024\" height=\"581\" srcset=\"https:\/\/jornaldasoficinas.com\/pt\/wp-content\/uploads\/2022\/07\/Volt-e-lado-a-lado-com-as-empresas-pela-transic\u0327a\u0303o-ele\u0301trica.jpg 1024w, https:\/\/jornaldasoficinas.com\/pt\/wp-content\/uploads\/2022\/07\/Volt-e-lado-a-lado-com-as-empresas-pela-transic\u0327a\u0303o-ele\u0301trica-300x170.jpg 300w, https:\/\/jornaldasoficinas.com\/pt\/wp-content\/uploads\/2022\/07\/Volt-e-lado-a-lado-com-as-empresas-pela-transic\u0327a\u0303o-ele\u0301trica-150x85.jpg 150w, https:\/\/jornaldasoficinas.com\/pt\/wp-content\/uploads\/2022\/07\/Volt-e-lado-a-lado-com-as-empresas-pela-transic\u0327a\u0303o-ele\u0301trica-768x436.jpg 768w\" sizes=\"auto, (max-width: 1024px) 100vw, 1024px\" \/><\/p>\n<p><strong>Por ter nascido precisamente da reconvers\u00e3o el\u00e9trica da frota de uma empresa, a <a href=\"https:\/\/www.volt-e.pt\/\" target=\"_blank\" rel=\"noopener\">Volt-e<\/a> especializou-se num servi\u00e7o chave-na-m\u00e3o com solu\u00e7\u00f5es adaptadas \u00e0s necessidades das empresas dos mais diversos setores de atividade<\/strong><\/p>\n<p>A mobilidade das empresas est\u00e1 a mudar e a Volt-e continua na linha da frente desta transi\u00e7\u00e3o el\u00e9trica com solu\u00e7\u00f5es adaptadas \u00e0s novas din\u00e2micas de mobilidade empresarial. Zero emiss\u00f5es, incentivos fiscais, menor manuten\u00e7\u00e3o, mas sobretudo simplicidade e flexibilidade nos carregamentos s\u00e3o alguns dos fatores apontados como potenciadores desta mudan\u00e7a de paradigma.<\/p>\n<p>\u201cO futuro da mobilidade \u00e9 el\u00e9trico e tornou-se uma realidade no dia-a-dia das empresas portuguesas.\u00a0Hoje a nossa \u00e1rea de atua\u00e7\u00e3o abrange desde micro, pequenas e m\u00e9dias empresas, a empresas de grande dimens\u00e3o com peso no mercado nacional e internacional. Em cada uma delas procuramos auscultar as necessidades di\u00e1rias dos empres\u00e1rios e seus colaboradores, disponibilizando diferentes solu\u00e7\u00f5es de carregamento, de diferentes velocidades e pot\u00eancias, que proporcionem maior autonomia, praticidade e autossufici\u00eancia \u00e0s empresas portuguesas\u201d, revela J\u00fanior Braga, CEO da Volt-e.<\/p>\n<p><strong>O\u00a0Case study Vanesp<br \/>\n<\/strong>No vasto portf\u00f3lio empresarial da Volt-e cruzamo-nos com a Vanesp Ib\u00e9rica Transit\u00e1rios, SA, uma empresa estabelecida em Portugal e Espanha, especializada em transporte internacional com mais de duas d\u00e9cadas de experi\u00eancia neste setor.<\/p>\n<p>\u201cPossu\u00edmos hoje ve\u00edculos el\u00e9tricos completamente distintos na nossa frota e o que nos levou a procurar a Volt-e foi precisamente essa necessidade de adquirir uma solu\u00e7\u00e3o de carregamento que nos trouxesse compatibilidade, efici\u00eancia, rapidez de carregamento, permitindo carregar diferentes ve\u00edculos em simult\u00e2neo. O balan\u00e7o \u00e9 claramente positivo.\u201d, refere Carlos Pereira, IT Manager na Vanesp Ib\u00e9rica Transit\u00e1rios S.A.<\/p>\n<p><strong>Frotas \u2018verdes\u2019<br \/>\n<\/strong>As frotas das empresas est\u00e3o cada vez mais ecol\u00f3gicas e as solu\u00e7\u00f5es el\u00e9tricas continuam a ser as eleitas dos empres\u00e1rios na hora de equipar ou renovar a frota autom\u00f3vel. De acordo com um estudo levado a cabo pelo Standvirtual, em parceria com a Marktest, 40% das empresas de m\u00e9dia e grande dimens\u00e3o j\u00e1 t\u00eam carros el\u00e9tricos na sua frota. Um caminho que a Volt-e pretende continuar a acompanhar, por uma eletrifica\u00e7\u00e3o cada vez mais real, sem paragens, em dire\u00e7\u00e3o ao futuro.<\/p>\n","protected":false},"excerpt":{"rendered":"<p>Por ter nascido precisamente da reconvers\u00e3o&#8230;<\/p>\n","protected":false},"author":15,"featured_media":31095,"comment_status":"closed","ping_status":"closed","sticky":false,"template":"","format":"standard","meta":{"footnotes":""},"categories":[37],"tags":[1439],"class_list":["post-31190","post","type-post","status-publish","format-standard","has-post-thumbnail","hentry","category-mercado","tag-volt-e"],"yoast_head":"<!-- This site is optimized with the Yoast SEO plugin v27.4 - https:\/\/yoast.com\/product\/yoast-seo-wordpress\/ -->\n<title>Volt-e lado a lado com as empresas pela transi\u00e7\u00e3o el\u00e9trica - Jornal das Oficinas<\/title>\n<meta name=\"robots\" content=\"index, follow, max-snippet:-1, max-image-preview:large, max-video-preview:-1\" \/>\n<link rel=\"canonical\" href=\"https:\/\/jornaldasoficinas.com\/pt\/volt-e-lado-a-lado-com-as-empresas-pela-transicao-eletrica\/\" \/>\n<meta property=\"og:locale\" content=\"pt_PT\" \/>\n<meta property=\"og:type\" content=\"article\" \/>\n<meta property=\"og:title\" content=\"Volt-e lado a lado com as empresas pela transi\u00e7\u00e3o el\u00e9trica - Jornal das Oficinas\" \/>\n<meta property=\"og:description\" content=\"Por ter nascido precisamente da reconvers\u00e3o...\" \/>\n<meta property=\"og:url\" content=\"https:\/\/jornaldasoficinas.com\/pt\/volt-e-lado-a-lado-com-as-empresas-pela-transicao-eletrica\/\" \/>\n<meta property=\"og:site_name\" content=\"Jornal das Oficinas\" \/>\n<meta property=\"article:publisher\" content=\"https:\/\/www.facebook.com\/jornaloficinas\" \/>\n<meta property=\"article:published_time\" content=\"2022-07-07T15:00:00+00:00\" \/>\n<meta property=\"og:image\" content=\"https:\/\/jornaldasoficinas.com\/pt\/wp-content\/uploads\/2022\/07\/Volt-e-lado-a-lado-com-as-empresas-pela-transic\u0327a\u0303o-ele\u0301trica.jpg\" \/>\n\t<meta property=\"og:image:width\" content=\"1024\" \/>\n\t<meta property=\"og:image:height\" content=\"581\" \/>\n\t<meta property=\"og:image:type\" content=\"image\/jpeg\" \/>\n<meta name=\"author\" content=\"Reda\u00e7\u00e3o JO\" \/>\n<meta name=\"twitter:card\" content=\"summary_large_image\" \/>\n<meta name=\"twitter:creator\" content=\"@jornaloficinas\" \/>\n<meta name=\"twitter:site\" content=\"@jornaloficinas\" \/>\n<meta name=\"twitter:label1\" content=\"Escrito por\" \/>\n\t<meta name=\"twitter:data1\" content=\"Reda\u00e7\u00e3o JO\" \/>\n\t<meta name=\"twitter:label2\" content=\"Tempo estimado de leitura\" \/>\n\t<meta name=\"twitter:data2\" content=\"2 minutos\" \/>\n<script type=\"application\/ld+json\" class=\"yoast-schema-graph\">{\"@context\":\"https:\\\/\\\/schema.org\",\"@graph\":[{\"@type\":\"Article\",\"@id\":\"https:\\\/\\\/jornaldasoficinas.com\\\/pt\\\/volt-e-lado-a-lado-com-as-empresas-pela-transicao-eletrica\\\/#article\",\"isPartOf\":{\"@id\":\"https:\\\/\\\/jornaldasoficinas.com\\\/pt\\\/volt-e-lado-a-lado-com-as-empresas-pela-transicao-eletrica\\\/\"},\"author\":{\"name\":\"Reda\u00e7\u00e3o JO\",\"@id\":\"https:\\\/\\\/jornaldasoficinas.com\\\/pt\\\/#\\\/schema\\\/person\\\/a38eef5de2c41d9e7c9ac10141afddf3\"},\"headline\":\"Volt-e lado a lado com as empresas pela transi\u00e7\u00e3o el\u00e9trica\",\"datePublished\":\"2022-07-07T15:00:00+00:00\",\"mainEntityOfPage\":{\"@id\":\"https:\\\/\\\/jornaldasoficinas.com\\\/pt\\\/volt-e-lado-a-lado-com-as-empresas-pela-transicao-eletrica\\\/\"},\"wordCount\":399,\"publisher\":{\"@id\":\"https:\\\/\\\/jornaldasoficinas.com\\\/pt\\\/#organization\"},\"image\":{\"@id\":\"https:\\\/\\\/jornaldasoficinas.com\\\/pt\\\/volt-e-lado-a-lado-com-as-empresas-pela-transicao-eletrica\\\/#primaryimage\"},\"thumbnailUrl\":\"https:\\\/\\\/jornaldasoficinas.com\\\/pt\\\/wp-content\\\/uploads\\\/2022\\\/07\\\/Volt-e-lado-a-lado-com-as-empresas-pela-transic\u0327a\u0303o-ele\u0301trica.jpg\",\"keywords\":[\"VOLT-E\"],\"articleSection\":[\"Mercado\"],\"inLanguage\":\"pt-PT\"},{\"@type\":\"WebPage\",\"@id\":\"https:\\\/\\\/jornaldasoficinas.com\\\/pt\\\/volt-e-lado-a-lado-com-as-empresas-pela-transicao-eletrica\\\/\",\"url\":\"https:\\\/\\\/jornaldasoficinas.com\\\/pt\\\/volt-e-lado-a-lado-com-as-empresas-pela-transicao-eletrica\\\/\",\"name\":\"Volt-e lado a lado com as empresas pela transi\u00e7\u00e3o el\u00e9trica - Jornal das Oficinas\",\"isPartOf\":{\"@id\":\"https:\\\/\\\/jornaldasoficinas.com\\\/pt\\\/#website\"},\"primaryImageOfPage\":{\"@id\":\"https:\\\/\\\/jornaldasoficinas.com\\\/pt\\\/volt-e-lado-a-lado-com-as-empresas-pela-transicao-eletrica\\\/#primaryimage\"},\"image\":{\"@id\":\"https:\\\/\\\/jornaldasoficinas.com\\\/pt\\\/volt-e-lado-a-lado-com-as-empresas-pela-transicao-eletrica\\\/#primaryimage\"},\"thumbnailUrl\":\"https:\\\/\\\/jornaldasoficinas.com\\\/pt\\\/wp-content\\\/uploads\\\/2022\\\/07\\\/Volt-e-lado-a-lado-com-as-empresas-pela-transic\u0327a\u0303o-ele\u0301trica.jpg\",\"datePublished\":\"2022-07-07T15:00:00+00:00\",\"breadcrumb\":{\"@id\":\"https:\\\/\\\/jornaldasoficinas.com\\\/pt\\\/volt-e-lado-a-lado-com-as-empresas-pela-transicao-eletrica\\\/#breadcrumb\"},\"inLanguage\":\"pt-PT\",\"potentialAction\":[{\"@type\":\"ReadAction\",\"target\":[\"https:\\\/\\\/jornaldasoficinas.com\\\/pt\\\/volt-e-lado-a-lado-com-as-empresas-pela-transicao-eletrica\\\/\"]}]},{\"@type\":\"ImageObject\",\"inLanguage\":\"pt-PT\",\"@id\":\"https:\\\/\\\/jornaldasoficinas.com\\\/pt\\\/volt-e-lado-a-lado-com-as-empresas-pela-transicao-eletrica\\\/#primaryimage\",\"url\":\"https:\\\/\\\/jornaldasoficinas.com\\\/pt\\\/wp-content\\\/uploads\\\/2022\\\/07\\\/Volt-e-lado-a-lado-com-as-empresas-pela-transic\u0327a\u0303o-ele\u0301trica.jpg\",\"contentUrl\":\"https:\\\/\\\/jornaldasoficinas.com\\\/pt\\\/wp-content\\\/uploads\\\/2022\\\/07\\\/Volt-e-lado-a-lado-com-as-empresas-pela-transic\u0327a\u0303o-ele\u0301trica.jpg\",\"width\":1024,\"height\":581,\"caption\":\"07 - Volt e lado a lado com as empresas pela transic\u0327a\u0303o ele\u0301trica\"},{\"@type\":\"BreadcrumbList\",\"@id\":\"https:\\\/\\\/jornaldasoficinas.com\\\/pt\\\/volt-e-lado-a-lado-com-as-empresas-pela-transicao-eletrica\\\/#breadcrumb\",\"itemListElement\":[{\"@type\":\"ListItem\",\"position\":1,\"name\":\"In\u00edcio\",\"item\":\"https:\\\/\\\/jornaldasoficinas.com\\\/pt\\\/\"},{\"@type\":\"ListItem\",\"position\":2,\"name\":\"Volt-e lado a lado com as empresas pela transi\u00e7\u00e3o el\u00e9trica\"}]},{\"@type\":\"WebSite\",\"@id\":\"https:\\\/\\\/jornaldasoficinas.com\\\/pt\\\/#website\",\"url\":\"https:\\\/\\\/jornaldasoficinas.com\\\/pt\\\/\",\"name\":\"Jornal das Oficinas\",\"description\":\"Jornal independente do Aftermarket Autom\u00f3vel em Portugal\",\"publisher\":{\"@id\":\"https:\\\/\\\/jornaldasoficinas.com\\\/pt\\\/#organization\"},\"potentialAction\":[{\"@type\":\"SearchAction\",\"target\":{\"@type\":\"EntryPoint\",\"urlTemplate\":\"https:\\\/\\\/jornaldasoficinas.com\\\/pt\\\/?s={search_term_string}\"},\"query-input\":{\"@type\":\"PropertyValueSpecification\",\"valueRequired\":true,\"valueName\":\"search_term_string\"}}],\"inLanguage\":\"pt-PT\"},{\"@type\":\"Organization\",\"@id\":\"https:\\\/\\\/jornaldasoficinas.com\\\/pt\\\/#organization\",\"name\":\"Jornal das Oficinas\",\"url\":\"https:\\\/\\\/jornaldasoficinas.com\\\/pt\\\/\",\"logo\":{\"@type\":\"ImageObject\",\"inLanguage\":\"pt-PT\",\"@id\":\"https:\\\/\\\/jornaldasoficinas.com\\\/pt\\\/#\\\/schema\\\/logo\\\/image\\\/\",\"url\":\"https:\\\/\\\/jornaldasoficinas.com\\\/pt\\\/wp-content\\\/uploads\\\/logoJO-SEO.png\",\"contentUrl\":\"https:\\\/\\\/jornaldasoficinas.com\\\/pt\\\/wp-content\\\/uploads\\\/logoJO-SEO.png\",\"width\":285,\"height\":450,\"caption\":\"Jornal das Oficinas\"},\"image\":{\"@id\":\"https:\\\/\\\/jornaldasoficinas.com\\\/pt\\\/#\\\/schema\\\/logo\\\/image\\\/\"},\"sameAs\":[\"https:\\\/\\\/www.facebook.com\\\/jornaloficinas\",\"https:\\\/\\\/x.com\\\/jornaloficinas\",\"https:\\\/\\\/www.instagram.com\\\/jornal_oficinas\\\/\",\"https:\\\/\\\/www.linkedin.com\\\/company\\\/jornal-das-oficinas\\\/\",\"https:\\\/\\\/www.youtube.com\\\/channel\\\/UCbQZBqtcvV-oSQrr7RzINGg\"]},{\"@type\":\"Person\",\"@id\":\"https:\\\/\\\/jornaldasoficinas.com\\\/pt\\\/#\\\/schema\\\/person\\\/a38eef5de2c41d9e7c9ac10141afddf3\",\"name\":\"Reda\u00e7\u00e3o JO\",\"image\":{\"@type\":\"ImageObject\",\"inLanguage\":\"pt-PT\",\"@id\":\"https:\\\/\\\/secure.gravatar.com\\\/avatar\\\/71f2fa71737ad68a84fea94bc708ddac8ea5b0c4788dc2ad202f3ccb2887742f?s=96&d=wp_user_avatar&r=g\",\"url\":\"https:\\\/\\\/secure.gravatar.com\\\/avatar\\\/71f2fa71737ad68a84fea94bc708ddac8ea5b0c4788dc2ad202f3ccb2887742f?s=96&d=wp_user_avatar&r=g\",\"contentUrl\":\"https:\\\/\\\/secure.gravatar.com\\\/avatar\\\/71f2fa71737ad68a84fea94bc708ddac8ea5b0c4788dc2ad202f3ccb2887742f?s=96&d=wp_user_avatar&r=g\",\"caption\":\"Reda\u00e7\u00e3o JO\"},\"url\":\"https:\\\/\\\/jornaldasoficinas.com\\\/pt\\\/author\\\/joredacao\\\/\"}]}<\/script>\n<!-- \/ Yoast SEO plugin. -->","yoast_head_json":{"title":"Volt-e lado a lado com as empresas pela transi\u00e7\u00e3o el\u00e9trica - Jornal das Oficinas","robots":{"index":"index","follow":"follow","max-snippet":"max-snippet:-1","max-image-preview":"max-image-preview:large","max-video-preview":"max-video-preview:-1"},"canonical":"https:\/\/jornaldasoficinas.com\/pt\/volt-e-lado-a-lado-com-as-empresas-pela-transicao-eletrica\/","og_locale":"pt_PT","og_type":"article","og_title":"Volt-e lado a lado com as empresas pela transi\u00e7\u00e3o el\u00e9trica - Jornal das Oficinas","og_description":"Por ter nascido precisamente da reconvers\u00e3o...","og_url":"https:\/\/jornaldasoficinas.com\/pt\/volt-e-lado-a-lado-com-as-empresas-pela-transicao-eletrica\/","og_site_name":"Jornal das Oficinas","article_publisher":"https:\/\/www.facebook.com\/jornaloficinas","article_published_time":"2022-07-07T15:00:00+00:00","og_image":[{"width":1024,"height":581,"url":"https:\/\/jornaldasoficinas.com\/pt\/wp-content\/uploads\/2022\/07\/Volt-e-lado-a-lado-com-as-empresas-pela-transic\u0327a\u0303o-ele\u0301trica.jpg","type":"image\/jpeg"}],"author":"Reda\u00e7\u00e3o JO","twitter_card":"summary_large_image","twitter_creator":"@jornaloficinas","twitter_site":"@jornaloficinas","twitter_misc":{"Escrito por":"Reda\u00e7\u00e3o JO","Tempo estimado de leitura":"2 minutos"},"schema":{"@context":"https:\/\/schema.org","@graph":[{"@type":"Article","@id":"https:\/\/jornaldasoficinas.com\/pt\/volt-e-lado-a-lado-com-as-empresas-pela-transicao-eletrica\/#article","isPartOf":{"@id":"https:\/\/jornaldasoficinas.com\/pt\/volt-e-lado-a-lado-com-as-empresas-pela-transicao-eletrica\/"},"author":{"name":"Reda\u00e7\u00e3o JO","@id":"https:\/\/jornaldasoficinas.com\/pt\/#\/schema\/person\/a38eef5de2c41d9e7c9ac10141afddf3"},"headline":"Volt-e lado a lado com as empresas pela transi\u00e7\u00e3o el\u00e9trica","datePublished":"2022-07-07T15:00:00+00:00","mainEntityOfPage":{"@id":"https:\/\/jornaldasoficinas.com\/pt\/volt-e-lado-a-lado-com-as-empresas-pela-transicao-eletrica\/"},"wordCount":399,"publisher":{"@id":"https:\/\/jornaldasoficinas.com\/pt\/#organization"},"image":{"@id":"https:\/\/jornaldasoficinas.com\/pt\/volt-e-lado-a-lado-com-as-empresas-pela-transicao-eletrica\/#primaryimage"},"thumbnailUrl":"https:\/\/jornaldasoficinas.com\/pt\/wp-content\/uploads\/2022\/07\/Volt-e-lado-a-lado-com-as-empresas-pela-transic\u0327a\u0303o-ele\u0301trica.jpg","keywords":["VOLT-E"],"articleSection":["Mercado"],"inLanguage":"pt-PT"},{"@type":"WebPage","@id":"https:\/\/jornaldasoficinas.com\/pt\/volt-e-lado-a-lado-com-as-empresas-pela-transicao-eletrica\/","url":"https:\/\/jornaldasoficinas.com\/pt\/volt-e-lado-a-lado-com-as-empresas-pela-transicao-eletrica\/","name":"Volt-e lado a lado com as empresas pela transi\u00e7\u00e3o el\u00e9trica - Jornal das Oficinas","isPartOf":{"@id":"https:\/\/jornaldasoficinas.com\/pt\/#website"},"primaryImageOfPage":{"@id":"https:\/\/jornaldasoficinas.com\/pt\/volt-e-lado-a-lado-com-as-empresas-pela-transicao-eletrica\/#primaryimage"},"image":{"@id":"https:\/\/jornaldasoficinas.com\/pt\/volt-e-lado-a-lado-com-as-empresas-pela-transicao-eletrica\/#primaryimage"},"thumbnailUrl":"https:\/\/jornaldasoficinas.com\/pt\/wp-content\/uploads\/2022\/07\/Volt-e-lado-a-lado-com-as-empresas-pela-transic\u0327a\u0303o-ele\u0301trica.jpg","datePublished":"2022-07-07T15:00:00+00:00","breadcrumb":{"@id":"https:\/\/jornaldasoficinas.com\/pt\/volt-e-lado-a-lado-com-as-empresas-pela-transicao-eletrica\/#breadcrumb"},"inLanguage":"pt-PT","potentialAction":[{"@type":"ReadAction","target":["https:\/\/jornaldasoficinas.com\/pt\/volt-e-lado-a-lado-com-as-empresas-pela-transicao-eletrica\/"]}]},{"@type":"ImageObject","inLanguage":"pt-PT","@id":"https:\/\/jornaldasoficinas.com\/pt\/volt-e-lado-a-lado-com-as-empresas-pela-transicao-eletrica\/#primaryimage","url":"https:\/\/jornaldasoficinas.com\/pt\/wp-content\/uploads\/2022\/07\/Volt-e-lado-a-lado-com-as-empresas-pela-transic\u0327a\u0303o-ele\u0301trica.jpg","contentUrl":"https:\/\/jornaldasoficinas.com\/pt\/wp-content\/uploads\/2022\/07\/Volt-e-lado-a-lado-com-as-empresas-pela-transic\u0327a\u0303o-ele\u0301trica.jpg","width":1024,"height":581,"caption":"07 - Volt e lado a lado com as empresas pela transic\u0327a\u0303o ele\u0301trica"},{"@type":"BreadcrumbList","@id":"https:\/\/jornaldasoficinas.com\/pt\/volt-e-lado-a-lado-com-as-empresas-pela-transicao-eletrica\/#breadcrumb","itemListElement":[{"@type":"ListItem","position":1,"name":"In\u00edcio","item":"https:\/\/jornaldasoficinas.com\/pt\/"},{"@type":"ListItem","position":2,"name":"Volt-e lado a lado com as empresas pela transi\u00e7\u00e3o el\u00e9trica"}]},{"@type":"WebSite","@id":"https:\/\/jornaldasoficinas.com\/pt\/#website","url":"https:\/\/jornaldasoficinas.com\/pt\/","name":"Jornal das Oficinas","description":"Jornal independente do Aftermarket Autom\u00f3vel em Portugal","publisher":{"@id":"https:\/\/jornaldasoficinas.com\/pt\/#organization"},"potentialAction":[{"@type":"SearchAction","target":{"@type":"EntryPoint","urlTemplate":"https:\/\/jornaldasoficinas.com\/pt\/?s={search_term_string}"},"query-input":{"@type":"PropertyValueSpecification","valueRequired":true,"valueName":"search_term_string"}}],"inLanguage":"pt-PT"},{"@type":"Organization","@id":"https:\/\/jornaldasoficinas.com\/pt\/#organization","name":"Jornal das Oficinas","url":"https:\/\/jornaldasoficinas.com\/pt\/","logo":{"@type":"ImageObject","inLanguage":"pt-PT","@id":"https:\/\/jornaldasoficinas.com\/pt\/#\/schema\/logo\/image\/","url":"https:\/\/jornaldasoficinas.com\/pt\/wp-content\/uploads\/logoJO-SEO.png","contentUrl":"https:\/\/jornaldasoficinas.com\/pt\/wp-content\/uploads\/logoJO-SEO.png","width":285,"height":450,"caption":"Jornal das Oficinas"},"image":{"@id":"https:\/\/jornaldasoficinas.com\/pt\/#\/schema\/logo\/image\/"},"sameAs":["https:\/\/www.facebook.com\/jornaloficinas","https:\/\/x.com\/jornaloficinas","https:\/\/www.instagram.com\/jornal_oficinas\/","https:\/\/www.linkedin.com\/company\/jornal-das-oficinas\/","https:\/\/www.youtube.com\/channel\/UCbQZBqtcvV-oSQrr7RzINGg"]},{"@type":"Person","@id":"https:\/\/jornaldasoficinas.com\/pt\/#\/schema\/person\/a38eef5de2c41d9e7c9ac10141afddf3","name":"Reda\u00e7\u00e3o JO","image":{"@type":"ImageObject","inLanguage":"pt-PT","@id":"https:\/\/secure.gravatar.com\/avatar\/71f2fa71737ad68a84fea94bc708ddac8ea5b0c4788dc2ad202f3ccb2887742f?s=96&d=wp_user_avatar&r=g","url":"https:\/\/secure.gravatar.com\/avatar\/71f2fa71737ad68a84fea94bc708ddac8ea5b0c4788dc2ad202f3ccb2887742f?s=96&d=wp_user_avatar&r=g","contentUrl":"https:\/\/secure.gravatar.com\/avatar\/71f2fa71737ad68a84fea94bc708ddac8ea5b0c4788dc2ad202f3ccb2887742f?s=96&d=wp_user_avatar&r=g","caption":"Reda\u00e7\u00e3o JO"},"url":"https:\/\/jornaldasoficinas.com\/pt\/author\/joredacao\/"}]}},"_links":{"self":[{"href":"https:\/\/jornaldasoficinas.com\/pt\/wp-json\/wp\/v2\/posts\/31190","targetHints":{"allow":["GET"]}}],"collection":[{"href":"https:\/\/jornaldasoficinas.com\/pt\/wp-json\/wp\/v2\/posts"}],"about":[{"href":"https:\/\/jornaldasoficinas.com\/pt\/wp-json\/wp\/v2\/types\/post"}],"author":[{"embeddable":true,"href":"https:\/\/jornaldasoficinas.com\/pt\/wp-json\/wp\/v2\/users\/15"}],"replies":[{"embeddable":true,"href":"https:\/\/jornaldasoficinas.com\/pt\/wp-json\/wp\/v2\/comments?post=31190"}],"version-history":[{"count":0,"href":"https:\/\/jornaldasoficinas.com\/pt\/wp-json\/wp\/v2\/posts\/31190\/revisions"}],"wp:featuredmedia":[{"embeddable":true,"href":"https:\/\/jornaldasoficinas.com\/pt\/wp-json\/wp\/v2\/media\/31095"}],"wp:attachment":[{"href":"https:\/\/jornaldasoficinas.com\/pt\/wp-json\/wp\/v2\/media?parent=31190"}],"wp:term":[{"taxonomy":"category","embeddable":true,"href":"https:\/\/jornaldasoficinas.com\/pt\/wp-json\/wp\/v2\/categories?post=31190"},{"taxonomy":"post_tag","embeddable":true,"href":"https:\/\/jornaldasoficinas.com\/pt\/wp-json\/wp\/v2\/tags?post=31190"}],"curies":[{"name":"wp","href":"https:\/\/api.w.org\/{rel}","templated":true}]}}