{"id":31225,"date":"2022-07-08T12:00:17","date_gmt":"2022-07-08T11:00:17","guid":{"rendered":"https:\/\/jornaldasoficinas.com\/pt\/?p=31225"},"modified":"2022-07-08T08:22:36","modified_gmt":"2022-07-08T07:22:36","slug":"postos-de-combustivel-alves-bandeira-aderem-a-rede-hardlevel","status":"publish","type":"post","link":"https:\/\/jornaldasoficinas.com\/pt\/postos-de-combustivel-alves-bandeira-aderem-a-rede-hardlevel\/","title":{"rendered":"Postos de combust\u00edvel Alves Bandeira aderem \u00e0 rede Hardlevel"},"content":{"rendered":"<p><strong><img loading=\"lazy\" decoding=\"async\" class=\"alignnone size-full wp-image-31206\" src=\"https:\/\/jornaldasoficinas.com\/pt\/wp-content\/uploads\/2022\/07\/Postos-de-combusti\u0301vel-Alves-Bandeira-aderem-a\u0300-rede-Hardlevel.jpg\" alt=\"07 - Postos de combusti\u0301vel Alves Bandeira aderem a\u0300 rede Hardlevel\" width=\"1024\" height=\"581\" srcset=\"https:\/\/jornaldasoficinas.com\/pt\/wp-content\/uploads\/2022\/07\/Postos-de-combusti\u0301vel-Alves-Bandeira-aderem-a\u0300-rede-Hardlevel.jpg 1024w, https:\/\/jornaldasoficinas.com\/pt\/wp-content\/uploads\/2022\/07\/Postos-de-combusti\u0301vel-Alves-Bandeira-aderem-a\u0300-rede-Hardlevel-300x170.jpg 300w, https:\/\/jornaldasoficinas.com\/pt\/wp-content\/uploads\/2022\/07\/Postos-de-combusti\u0301vel-Alves-Bandeira-aderem-a\u0300-rede-Hardlevel-150x85.jpg 150w, https:\/\/jornaldasoficinas.com\/pt\/wp-content\/uploads\/2022\/07\/Postos-de-combusti\u0301vel-Alves-Bandeira-aderem-a\u0300-rede-Hardlevel-768x436.jpg 768w\" sizes=\"auto, (max-width: 1024px) 100vw, 1024px\" \/><\/strong><\/p>\n<p><strong>Os postos de combust\u00edvel Alves Bandeira aderem \u00e0 rede Hardlevel de reciclagem de \u00f3leo alimentar usado. Parceria com um dos 50 maiores grupos econ\u00f3micos do Pa\u00eds permitir\u00e1 alargar o circuito de valoriza\u00e7\u00e3o destes res\u00edduos aos mais de 150 postos de abastecimento do <a href=\"https:\/\/www.alvesbandeira.pt\/\" target=\"_blank\" rel=\"noopener\">Grupo AB<\/a><\/strong><\/p>\n<p>Com vista ao refor\u00e7o da valoriza\u00e7\u00e3o econ\u00f3mica dos \u00f3leos alimentares usados (OAU), a Hardlevel \u2013 Energias Renov\u00e1veis, o principal operador do mercado nacional de recolha e pr\u00e9-tratamento de OAU, e o grupo Alves Bandeira, um dos protagonistas no com\u00e9rcio a retalho de combust\u00edveis, estabeleceram uma parceria que permitir\u00e1 dotar os mais de 160 postos de abastecimento da rede AB, do norte ao sul, com a mais recente tecnologia inteligente de recolha seletiva de OAU.<\/p>\n<p><strong>O investimento inicial ascende a 250.000 euros<br \/>\n<\/strong>A colabora\u00e7\u00e3o arranca a 8 de julho (sexta-feira), \u00e0s 11.00 horas, num momento que servir\u00e1 para inaugurar o ole\u00e3o Smart S+ que a Hardlevel ter\u00e1 a funcionar no posto de combust\u00edvel da Alves Bandeira localizada na Zona Industrial das Urgueiras, no Lugar de Coito, em Albergaria-a-Velha.<\/p>\n<p>Ser\u00e1 o primeiro de muitos, num passo que vem refor\u00e7ar a ind\u00fastria que em Portugal reintroduz o \u00f3leo alimentar usado no circuito, sob a forma de biocombust\u00edvel, contribuindo assim para que o Pa\u00eds rume em dire\u00e7\u00e3o \u00e0s metas europeias de redu\u00e7\u00e3o de emiss\u00f5es poluentes, de neutralidade carb\u00f3nica e, igualmente, para o alcan\u00e7ar de uma maior independ\u00eancia energ\u00e9tica.<\/p>\n<p>Para o evento foram convidadas diversas entidades oficiais, tais como o Munic\u00edpio de Albergaria-a-Velha, a Secretaria de Estado do Ambiente e Transi\u00e7\u00e3o Energ\u00e9tica, a Associa\u00e7\u00e3o das Empresas Petrol\u00edferas, a Comiss\u00e3o de Coordena\u00e7\u00e3o e Desenvolvimento Regional do Centro, a \u00c1guas da Regi\u00e3o de Aveiro e a Comunidade Intermunicipal do Distrito de Aveiro, entre outras.<\/p>\n<p>Numa altura em que o aumento do pre\u00e7o dos combust\u00edveis est\u00e1 a servir de indutor \u00e0s fontes alternativas de energia, a Hardlevel encontra-se a refor\u00e7ar a sua opera\u00e7\u00e3o em Portugal e Espanha (onde disp\u00f5e de ole\u00f5es Inteligentes em mais de 200 munic\u00edpios).<\/p>\n<p>Os OAU recolhidos na rede da Alves Bandeira, refere Salim Karmali, administrador e cofundador da Hardlevel, ser\u00e3o pr\u00e9-tratados para serem processados em biodiesel de baixas emiss\u00f5es de carbono, que ser\u00e1 incorporado nos combust\u00edveis f\u00f3sseis de acordo com os mandatos e metas nacionais de incorpora\u00e7\u00e3o em vigor. O combust\u00edvel servir\u00e1, depois, os clientes que se abastecem diariamente nos postos da Alves Bandeira, nos munic\u00edpios onde o retalhista est\u00e1 instalado.<\/p>\n<p>Segundo os termos da parceria, alguns dos postos AB disponibilizar\u00e3o ainda, para aquisi\u00e7\u00e3o dos consumidores, o facilitador de descarte dom\u00e9stico de OAU, uma inova\u00e7\u00e3o patenteada pela Hardevel, com o nome de Mini Olio Collecte.<\/p>\n<p><strong>Parque de ole\u00f5es de Aveiro crescer\u00e1 10%<br \/>\n<\/strong>O distrito de Aveiro disp\u00f5e atualmente de um parque com um total 209 ole\u00f5es inteligentes Smart S+ da Hardlevel, distribu\u00eddos pelos concelhos e v\u00e1rios retalhistas. At\u00e9 o final do ano haver\u00e1 um incremento de 10%, estando previstos chegarem aos 225. Com a inaugura\u00e7\u00e3o de 8 de julho, o munic\u00edpio de Albergaria-a-Velha aumenta para 17 o seu dispositivo de ole\u00f5es Hardlevel instalados.<\/p>\n<p>Nos termos do protocolo firmado com o grupo Alves Bandeira, a Hardlevel instalar\u00e1 um global de 151 ole\u00f5es na rede de abastecimento de combust\u00edveis, estando previsto um refor\u00e7o posterior.<\/p>\n<p>Em Portugal, o dispositivo da Hardlevel chega neste momento a mais de 100 concelhos portugueses (existindo v\u00e1rias dezenas em fase contratualiza\u00e7\u00e3o) e conta atualmente com cerca de 2.600 Ole\u00f5es Smart S+ espalhados pelo territ\u00f3rio nacional. A empresa prev\u00ea ter instalados no final de 2022 mais de 3.000 Ole\u00f5es Smart S+ (com tecnologia inteligente) em pelo menos 150 munic\u00edpios de Portugal. O operador possui uma capacidade instalada de pr\u00e9-tratamento de 50.000 toneladas anuais de OAU e 4.500 metros c\u00fabicos de armazenagem instant\u00e2nea, nos polos operacionais de Avanca (Aveiro) e Palmela (Set\u00fabal).<\/p>\n<p>O novo ole\u00e3o inteligente da Hardlevel, o Smart S+, \u00e9 sensorizado, o que permite conhecer o n\u00edvel de enchimento e capacidade dispon\u00edvel em tempo-real e, assim, prevenir derrames na via p\u00fablica. De uma outra forma, atrav\u00e9s de uma app associada, possibilita rastrear os dep\u00f3sitos de OAU feitos pelos mun\u00edcipes, facultar digitalmente a sua localiza\u00e7\u00e3o e contabilizar a deposi\u00e7\u00e3o de cada pessoa.<\/p>\n<p>Os OAU recolhidos pela Hardlevel sofrem depois um pr\u00e9-tratamento para remo\u00e7\u00e3o de impurezas, metais pesados e outros contaminantes, e destinam-se \u00e0s biorrefinarias com quem a empresa tem contrato na Pen\u00ednsula Ib\u00e9rica.<\/p>\n<p>A parceria com a Alves Bandeira &#8211; um dos 50 maiores grupos econ\u00f3micos portugueses e um volume de neg\u00f3cios superior a 500 milh\u00f5es de euros anuais -, sublinha Salim Karmali, \u00e9 \u201cuma etapa muito importante\u201d. Porque atua sobre uma \u201cpedra angular no circuito de valoriza\u00e7\u00e3o\u201d destes res\u00edduos, nocivos para a \u00e1gua e a atmosfera, precisamente na fonte que \u00e9 respons\u00e1vel por cerca de 62% dos \u00f3leos alimentares usados produzidos em Portugal, isto \u00e9, as nossas casas.<\/p>\n<p>O principal desafio do Pa\u00eds est\u00e1 exatamente na recolha dos \u00f3leos alimentares usados dom\u00e9sticos (estimados mais de 40 mil toneladas anuais), que, de uma forma geral, continua ainda \u201cnuma fase inicial\u201d, avalia o especialista.<\/p>\n<p>\u201c\u00c9 not\u00f3rio um d\u00e9fice de sensibiliza\u00e7\u00e3o junto da popula\u00e7\u00e3o, faltam incentivos indutores de mudan\u00e7a no estado atual de coisas, e, como resultado, n\u00e3o obstante os investimentos que t\u00eam sido feitos por todos os agentes, o \u00edndice de recolha de OAU dom\u00e9sticos n\u00e3o est\u00e1 ainda em patamares aceit\u00e1veis\u201d, reconhece o empres\u00e1rio.<\/p>\n<p>A colabora\u00e7\u00e3o com o grupo Alves Bandeira \u00e9 mais uma pe\u00e7a para tornar o puzzle portugu\u00eas de reciclagem de OAU mais completo.<\/p>\n<p><strong>Sobre a Hardlevel:<br \/>\n<\/strong>A Hardlevel \u2013 Energias Renov\u00e1veis \u00e9 l\u00edder na Pen\u00ednsula Ib\u00e9rica na gest\u00e3o e pr\u00e9-tratamento de \u00d3leos Alimentares Usados (OAU), e um dos principais players europeus do setor. A empresa foi fundada em 2006, pelos irm\u00e3os de ascend\u00eancia indiana Karim e Salim Karmali, no \u00e2mbito de um programa de apoio ao empreendedorismo portugu\u00eas. A Hardlevel gere uma rede global de recolha, pr\u00e9-tratamento, valoriza\u00e7\u00e3o e gest\u00e3o de \u00f3leos alimentares usados, em Portugal e no estrangeiro. E est\u00e1 apostada em fazer crescer a sua rede em Espanha e na Fran\u00e7a, com o intento de valorizar os res\u00edduos enquanto mat\u00e9ria-prima para a produ\u00e7\u00e3o de biocombust\u00edveis avan\u00e7ados.<\/p>\n","protected":false},"excerpt":{"rendered":"<p>Os postos de combust\u00edvel Alves Bandeira&#8230;<\/p>\n","protected":false},"author":15,"featured_media":31206,"comment_status":"closed","ping_status":"closed","sticky":false,"template":"","format":"standard","meta":{"footnotes":""},"categories":[37],"tags":[179],"class_list":["post-31225","post","type-post","status-publish","format-standard","has-post-thumbnail","hentry","category-mercado","tag-alves-bandeira"],"yoast_head":"<!-- This site is optimized with the Yoast SEO plugin v27.4 - https:\/\/yoast.com\/product\/yoast-seo-wordpress\/ -->\n<title>Postos de combust\u00edvel Alves Bandeira aderem \u00e0 rede Hardlevel - Jornal das Oficinas<\/title>\n<meta name=\"robots\" content=\"index, follow, max-snippet:-1, max-image-preview:large, max-video-preview:-1\" \/>\n<link rel=\"canonical\" href=\"https:\/\/jornaldasoficinas.com\/pt\/postos-de-combustivel-alves-bandeira-aderem-a-rede-hardlevel\/\" \/>\n<meta property=\"og:locale\" content=\"pt_PT\" \/>\n<meta property=\"og:type\" content=\"article\" \/>\n<meta property=\"og:title\" content=\"Postos de combust\u00edvel Alves Bandeira aderem \u00e0 rede Hardlevel - Jornal das Oficinas\" \/>\n<meta property=\"og:description\" content=\"Os postos de combust\u00edvel Alves Bandeira...\" \/>\n<meta property=\"og:url\" content=\"https:\/\/jornaldasoficinas.com\/pt\/postos-de-combustivel-alves-bandeira-aderem-a-rede-hardlevel\/\" \/>\n<meta property=\"og:site_name\" content=\"Jornal das Oficinas\" \/>\n<meta property=\"article:publisher\" content=\"https:\/\/www.facebook.com\/jornaloficinas\" \/>\n<meta property=\"article:published_time\" content=\"2022-07-08T11:00:17+00:00\" \/>\n<meta property=\"og:image\" content=\"https:\/\/jornaldasoficinas.com\/pt\/wp-content\/uploads\/2022\/07\/Postos-de-combusti\u0301vel-Alves-Bandeira-aderem-a\u0300-rede-Hardlevel.jpg\" \/>\n\t<meta property=\"og:image:width\" content=\"1024\" \/>\n\t<meta property=\"og:image:height\" content=\"581\" \/>\n\t<meta property=\"og:image:type\" content=\"image\/jpeg\" \/>\n<meta name=\"author\" content=\"Reda\u00e7\u00e3o JO\" \/>\n<meta name=\"twitter:card\" content=\"summary_large_image\" \/>\n<meta name=\"twitter:creator\" content=\"@jornaloficinas\" \/>\n<meta name=\"twitter:site\" content=\"@jornaloficinas\" \/>\n<meta name=\"twitter:label1\" content=\"Escrito por\" \/>\n\t<meta name=\"twitter:data1\" content=\"Reda\u00e7\u00e3o JO\" \/>\n\t<meta name=\"twitter:label2\" content=\"Tempo estimado de leitura\" \/>\n\t<meta name=\"twitter:data2\" content=\"5 minutos\" \/>\n<script type=\"application\/ld+json\" class=\"yoast-schema-graph\">{\"@context\":\"https:\\\/\\\/schema.org\",\"@graph\":[{\"@type\":\"Article\",\"@id\":\"https:\\\/\\\/jornaldasoficinas.com\\\/pt\\\/postos-de-combustivel-alves-bandeira-aderem-a-rede-hardlevel\\\/#article\",\"isPartOf\":{\"@id\":\"https:\\\/\\\/jornaldasoficinas.com\\\/pt\\\/postos-de-combustivel-alves-bandeira-aderem-a-rede-hardlevel\\\/\"},\"author\":{\"name\":\"Reda\u00e7\u00e3o JO\",\"@id\":\"https:\\\/\\\/jornaldasoficinas.com\\\/pt\\\/#\\\/schema\\\/person\\\/a38eef5de2c41d9e7c9ac10141afddf3\"},\"headline\":\"Postos de combust\u00edvel Alves Bandeira aderem \u00e0 rede Hardlevel\",\"datePublished\":\"2022-07-08T11:00:17+00:00\",\"mainEntityOfPage\":{\"@id\":\"https:\\\/\\\/jornaldasoficinas.com\\\/pt\\\/postos-de-combustivel-alves-bandeira-aderem-a-rede-hardlevel\\\/\"},\"wordCount\":1091,\"publisher\":{\"@id\":\"https:\\\/\\\/jornaldasoficinas.com\\\/pt\\\/#organization\"},\"image\":{\"@id\":\"https:\\\/\\\/jornaldasoficinas.com\\\/pt\\\/postos-de-combustivel-alves-bandeira-aderem-a-rede-hardlevel\\\/#primaryimage\"},\"thumbnailUrl\":\"https:\\\/\\\/jornaldasoficinas.com\\\/pt\\\/wp-content\\\/uploads\\\/2022\\\/07\\\/Postos-de-combusti\u0301vel-Alves-Bandeira-aderem-a\u0300-rede-Hardlevel.jpg\",\"keywords\":[\"Alves Bandeira\"],\"articleSection\":[\"Mercado\"],\"inLanguage\":\"pt-PT\"},{\"@type\":\"WebPage\",\"@id\":\"https:\\\/\\\/jornaldasoficinas.com\\\/pt\\\/postos-de-combustivel-alves-bandeira-aderem-a-rede-hardlevel\\\/\",\"url\":\"https:\\\/\\\/jornaldasoficinas.com\\\/pt\\\/postos-de-combustivel-alves-bandeira-aderem-a-rede-hardlevel\\\/\",\"name\":\"Postos de combust\u00edvel Alves Bandeira aderem \u00e0 rede Hardlevel - Jornal das Oficinas\",\"isPartOf\":{\"@id\":\"https:\\\/\\\/jornaldasoficinas.com\\\/pt\\\/#website\"},\"primaryImageOfPage\":{\"@id\":\"https:\\\/\\\/jornaldasoficinas.com\\\/pt\\\/postos-de-combustivel-alves-bandeira-aderem-a-rede-hardlevel\\\/#primaryimage\"},\"image\":{\"@id\":\"https:\\\/\\\/jornaldasoficinas.com\\\/pt\\\/postos-de-combustivel-alves-bandeira-aderem-a-rede-hardlevel\\\/#primaryimage\"},\"thumbnailUrl\":\"https:\\\/\\\/jornaldasoficinas.com\\\/pt\\\/wp-content\\\/uploads\\\/2022\\\/07\\\/Postos-de-combusti\u0301vel-Alves-Bandeira-aderem-a\u0300-rede-Hardlevel.jpg\",\"datePublished\":\"2022-07-08T11:00:17+00:00\",\"breadcrumb\":{\"@id\":\"https:\\\/\\\/jornaldasoficinas.com\\\/pt\\\/postos-de-combustivel-alves-bandeira-aderem-a-rede-hardlevel\\\/#breadcrumb\"},\"inLanguage\":\"pt-PT\",\"potentialAction\":[{\"@type\":\"ReadAction\",\"target\":[\"https:\\\/\\\/jornaldasoficinas.com\\\/pt\\\/postos-de-combustivel-alves-bandeira-aderem-a-rede-hardlevel\\\/\"]}]},{\"@type\":\"ImageObject\",\"inLanguage\":\"pt-PT\",\"@id\":\"https:\\\/\\\/jornaldasoficinas.com\\\/pt\\\/postos-de-combustivel-alves-bandeira-aderem-a-rede-hardlevel\\\/#primaryimage\",\"url\":\"https:\\\/\\\/jornaldasoficinas.com\\\/pt\\\/wp-content\\\/uploads\\\/2022\\\/07\\\/Postos-de-combusti\u0301vel-Alves-Bandeira-aderem-a\u0300-rede-Hardlevel.jpg\",\"contentUrl\":\"https:\\\/\\\/jornaldasoficinas.com\\\/pt\\\/wp-content\\\/uploads\\\/2022\\\/07\\\/Postos-de-combusti\u0301vel-Alves-Bandeira-aderem-a\u0300-rede-Hardlevel.jpg\",\"width\":1024,\"height\":581,\"caption\":\"07 - Postos de combusti\u0301vel Alves Bandeira aderem a\u0300 rede Hardlevel\"},{\"@type\":\"BreadcrumbList\",\"@id\":\"https:\\\/\\\/jornaldasoficinas.com\\\/pt\\\/postos-de-combustivel-alves-bandeira-aderem-a-rede-hardlevel\\\/#breadcrumb\",\"itemListElement\":[{\"@type\":\"ListItem\",\"position\":1,\"name\":\"In\u00edcio\",\"item\":\"https:\\\/\\\/jornaldasoficinas.com\\\/pt\\\/\"},{\"@type\":\"ListItem\",\"position\":2,\"name\":\"Postos de combust\u00edvel Alves Bandeira aderem \u00e0 rede Hardlevel\"}]},{\"@type\":\"WebSite\",\"@id\":\"https:\\\/\\\/jornaldasoficinas.com\\\/pt\\\/#website\",\"url\":\"https:\\\/\\\/jornaldasoficinas.com\\\/pt\\\/\",\"name\":\"Jornal das Oficinas\",\"description\":\"Jornal independente do Aftermarket Autom\u00f3vel em Portugal\",\"publisher\":{\"@id\":\"https:\\\/\\\/jornaldasoficinas.com\\\/pt\\\/#organization\"},\"potentialAction\":[{\"@type\":\"SearchAction\",\"target\":{\"@type\":\"EntryPoint\",\"urlTemplate\":\"https:\\\/\\\/jornaldasoficinas.com\\\/pt\\\/?s={search_term_string}\"},\"query-input\":{\"@type\":\"PropertyValueSpecification\",\"valueRequired\":true,\"valueName\":\"search_term_string\"}}],\"inLanguage\":\"pt-PT\"},{\"@type\":\"Organization\",\"@id\":\"https:\\\/\\\/jornaldasoficinas.com\\\/pt\\\/#organization\",\"name\":\"Jornal das Oficinas\",\"url\":\"https:\\\/\\\/jornaldasoficinas.com\\\/pt\\\/\",\"logo\":{\"@type\":\"ImageObject\",\"inLanguage\":\"pt-PT\",\"@id\":\"https:\\\/\\\/jornaldasoficinas.com\\\/pt\\\/#\\\/schema\\\/logo\\\/image\\\/\",\"url\":\"https:\\\/\\\/jornaldasoficinas.com\\\/pt\\\/wp-content\\\/uploads\\\/logoJO-SEO.png\",\"contentUrl\":\"https:\\\/\\\/jornaldasoficinas.com\\\/pt\\\/wp-content\\\/uploads\\\/logoJO-SEO.png\",\"width\":285,\"height\":450,\"caption\":\"Jornal das Oficinas\"},\"image\":{\"@id\":\"https:\\\/\\\/jornaldasoficinas.com\\\/pt\\\/#\\\/schema\\\/logo\\\/image\\\/\"},\"sameAs\":[\"https:\\\/\\\/www.facebook.com\\\/jornaloficinas\",\"https:\\\/\\\/x.com\\\/jornaloficinas\",\"https:\\\/\\\/www.instagram.com\\\/jornal_oficinas\\\/\",\"https:\\\/\\\/www.linkedin.com\\\/company\\\/jornal-das-oficinas\\\/\",\"https:\\\/\\\/www.youtube.com\\\/channel\\\/UCbQZBqtcvV-oSQrr7RzINGg\"]},{\"@type\":\"Person\",\"@id\":\"https:\\\/\\\/jornaldasoficinas.com\\\/pt\\\/#\\\/schema\\\/person\\\/a38eef5de2c41d9e7c9ac10141afddf3\",\"name\":\"Reda\u00e7\u00e3o JO\",\"image\":{\"@type\":\"ImageObject\",\"inLanguage\":\"pt-PT\",\"@id\":\"https:\\\/\\\/secure.gravatar.com\\\/avatar\\\/71f2fa71737ad68a84fea94bc708ddac8ea5b0c4788dc2ad202f3ccb2887742f?s=96&d=wp_user_avatar&r=g\",\"url\":\"https:\\\/\\\/secure.gravatar.com\\\/avatar\\\/71f2fa71737ad68a84fea94bc708ddac8ea5b0c4788dc2ad202f3ccb2887742f?s=96&d=wp_user_avatar&r=g\",\"contentUrl\":\"https:\\\/\\\/secure.gravatar.com\\\/avatar\\\/71f2fa71737ad68a84fea94bc708ddac8ea5b0c4788dc2ad202f3ccb2887742f?s=96&d=wp_user_avatar&r=g\",\"caption\":\"Reda\u00e7\u00e3o JO\"},\"url\":\"https:\\\/\\\/jornaldasoficinas.com\\\/pt\\\/author\\\/joredacao\\\/\"}]}<\/script>\n<!-- \/ Yoast SEO plugin. -->","yoast_head_json":{"title":"Postos de combust\u00edvel Alves Bandeira aderem \u00e0 rede Hardlevel - Jornal das Oficinas","robots":{"index":"index","follow":"follow","max-snippet":"max-snippet:-1","max-image-preview":"max-image-preview:large","max-video-preview":"max-video-preview:-1"},"canonical":"https:\/\/jornaldasoficinas.com\/pt\/postos-de-combustivel-alves-bandeira-aderem-a-rede-hardlevel\/","og_locale":"pt_PT","og_type":"article","og_title":"Postos de combust\u00edvel Alves Bandeira aderem \u00e0 rede Hardlevel - Jornal das Oficinas","og_description":"Os postos de combust\u00edvel Alves Bandeira...","og_url":"https:\/\/jornaldasoficinas.com\/pt\/postos-de-combustivel-alves-bandeira-aderem-a-rede-hardlevel\/","og_site_name":"Jornal das Oficinas","article_publisher":"https:\/\/www.facebook.com\/jornaloficinas","article_published_time":"2022-07-08T11:00:17+00:00","og_image":[{"width":1024,"height":581,"url":"https:\/\/jornaldasoficinas.com\/pt\/wp-content\/uploads\/2022\/07\/Postos-de-combusti\u0301vel-Alves-Bandeira-aderem-a\u0300-rede-Hardlevel.jpg","type":"image\/jpeg"}],"author":"Reda\u00e7\u00e3o JO","twitter_card":"summary_large_image","twitter_creator":"@jornaloficinas","twitter_site":"@jornaloficinas","twitter_misc":{"Escrito por":"Reda\u00e7\u00e3o JO","Tempo estimado de leitura":"5 minutos"},"schema":{"@context":"https:\/\/schema.org","@graph":[{"@type":"Article","@id":"https:\/\/jornaldasoficinas.com\/pt\/postos-de-combustivel-alves-bandeira-aderem-a-rede-hardlevel\/#article","isPartOf":{"@id":"https:\/\/jornaldasoficinas.com\/pt\/postos-de-combustivel-alves-bandeira-aderem-a-rede-hardlevel\/"},"author":{"name":"Reda\u00e7\u00e3o JO","@id":"https:\/\/jornaldasoficinas.com\/pt\/#\/schema\/person\/a38eef5de2c41d9e7c9ac10141afddf3"},"headline":"Postos de combust\u00edvel Alves Bandeira aderem \u00e0 rede Hardlevel","datePublished":"2022-07-08T11:00:17+00:00","mainEntityOfPage":{"@id":"https:\/\/jornaldasoficinas.com\/pt\/postos-de-combustivel-alves-bandeira-aderem-a-rede-hardlevel\/"},"wordCount":1091,"publisher":{"@id":"https:\/\/jornaldasoficinas.com\/pt\/#organization"},"image":{"@id":"https:\/\/jornaldasoficinas.com\/pt\/postos-de-combustivel-alves-bandeira-aderem-a-rede-hardlevel\/#primaryimage"},"thumbnailUrl":"https:\/\/jornaldasoficinas.com\/pt\/wp-content\/uploads\/2022\/07\/Postos-de-combusti\u0301vel-Alves-Bandeira-aderem-a\u0300-rede-Hardlevel.jpg","keywords":["Alves Bandeira"],"articleSection":["Mercado"],"inLanguage":"pt-PT"},{"@type":"WebPage","@id":"https:\/\/jornaldasoficinas.com\/pt\/postos-de-combustivel-alves-bandeira-aderem-a-rede-hardlevel\/","url":"https:\/\/jornaldasoficinas.com\/pt\/postos-de-combustivel-alves-bandeira-aderem-a-rede-hardlevel\/","name":"Postos de combust\u00edvel Alves Bandeira aderem \u00e0 rede Hardlevel - Jornal das Oficinas","isPartOf":{"@id":"https:\/\/jornaldasoficinas.com\/pt\/#website"},"primaryImageOfPage":{"@id":"https:\/\/jornaldasoficinas.com\/pt\/postos-de-combustivel-alves-bandeira-aderem-a-rede-hardlevel\/#primaryimage"},"image":{"@id":"https:\/\/jornaldasoficinas.com\/pt\/postos-de-combustivel-alves-bandeira-aderem-a-rede-hardlevel\/#primaryimage"},"thumbnailUrl":"https:\/\/jornaldasoficinas.com\/pt\/wp-content\/uploads\/2022\/07\/Postos-de-combusti\u0301vel-Alves-Bandeira-aderem-a\u0300-rede-Hardlevel.jpg","datePublished":"2022-07-08T11:00:17+00:00","breadcrumb":{"@id":"https:\/\/jornaldasoficinas.com\/pt\/postos-de-combustivel-alves-bandeira-aderem-a-rede-hardlevel\/#breadcrumb"},"inLanguage":"pt-PT","potentialAction":[{"@type":"ReadAction","target":["https:\/\/jornaldasoficinas.com\/pt\/postos-de-combustivel-alves-bandeira-aderem-a-rede-hardlevel\/"]}]},{"@type":"ImageObject","inLanguage":"pt-PT","@id":"https:\/\/jornaldasoficinas.com\/pt\/postos-de-combustivel-alves-bandeira-aderem-a-rede-hardlevel\/#primaryimage","url":"https:\/\/jornaldasoficinas.com\/pt\/wp-content\/uploads\/2022\/07\/Postos-de-combusti\u0301vel-Alves-Bandeira-aderem-a\u0300-rede-Hardlevel.jpg","contentUrl":"https:\/\/jornaldasoficinas.com\/pt\/wp-content\/uploads\/2022\/07\/Postos-de-combusti\u0301vel-Alves-Bandeira-aderem-a\u0300-rede-Hardlevel.jpg","width":1024,"height":581,"caption":"07 - Postos de combusti\u0301vel Alves Bandeira aderem a\u0300 rede Hardlevel"},{"@type":"BreadcrumbList","@id":"https:\/\/jornaldasoficinas.com\/pt\/postos-de-combustivel-alves-bandeira-aderem-a-rede-hardlevel\/#breadcrumb","itemListElement":[{"@type":"ListItem","position":1,"name":"In\u00edcio","item":"https:\/\/jornaldasoficinas.com\/pt\/"},{"@type":"ListItem","position":2,"name":"Postos de combust\u00edvel Alves Bandeira aderem \u00e0 rede Hardlevel"}]},{"@type":"WebSite","@id":"https:\/\/jornaldasoficinas.com\/pt\/#website","url":"https:\/\/jornaldasoficinas.com\/pt\/","name":"Jornal das Oficinas","description":"Jornal independente do Aftermarket Autom\u00f3vel em Portugal","publisher":{"@id":"https:\/\/jornaldasoficinas.com\/pt\/#organization"},"potentialAction":[{"@type":"SearchAction","target":{"@type":"EntryPoint","urlTemplate":"https:\/\/jornaldasoficinas.com\/pt\/?s={search_term_string}"},"query-input":{"@type":"PropertyValueSpecification","valueRequired":true,"valueName":"search_term_string"}}],"inLanguage":"pt-PT"},{"@type":"Organization","@id":"https:\/\/jornaldasoficinas.com\/pt\/#organization","name":"Jornal das Oficinas","url":"https:\/\/jornaldasoficinas.com\/pt\/","logo":{"@type":"ImageObject","inLanguage":"pt-PT","@id":"https:\/\/jornaldasoficinas.com\/pt\/#\/schema\/logo\/image\/","url":"https:\/\/jornaldasoficinas.com\/pt\/wp-content\/uploads\/logoJO-SEO.png","contentUrl":"https:\/\/jornaldasoficinas.com\/pt\/wp-content\/uploads\/logoJO-SEO.png","width":285,"height":450,"caption":"Jornal das Oficinas"},"image":{"@id":"https:\/\/jornaldasoficinas.com\/pt\/#\/schema\/logo\/image\/"},"sameAs":["https:\/\/www.facebook.com\/jornaloficinas","https:\/\/x.com\/jornaloficinas","https:\/\/www.instagram.com\/jornal_oficinas\/","https:\/\/www.linkedin.com\/company\/jornal-das-oficinas\/","https:\/\/www.youtube.com\/channel\/UCbQZBqtcvV-oSQrr7RzINGg"]},{"@type":"Person","@id":"https:\/\/jornaldasoficinas.com\/pt\/#\/schema\/person\/a38eef5de2c41d9e7c9ac10141afddf3","name":"Reda\u00e7\u00e3o JO","image":{"@type":"ImageObject","inLanguage":"pt-PT","@id":"https:\/\/secure.gravatar.com\/avatar\/71f2fa71737ad68a84fea94bc708ddac8ea5b0c4788dc2ad202f3ccb2887742f?s=96&d=wp_user_avatar&r=g","url":"https:\/\/secure.gravatar.com\/avatar\/71f2fa71737ad68a84fea94bc708ddac8ea5b0c4788dc2ad202f3ccb2887742f?s=96&d=wp_user_avatar&r=g","contentUrl":"https:\/\/secure.gravatar.com\/avatar\/71f2fa71737ad68a84fea94bc708ddac8ea5b0c4788dc2ad202f3ccb2887742f?s=96&d=wp_user_avatar&r=g","caption":"Reda\u00e7\u00e3o JO"},"url":"https:\/\/jornaldasoficinas.com\/pt\/author\/joredacao\/"}]}},"_links":{"self":[{"href":"https:\/\/jornaldasoficinas.com\/pt\/wp-json\/wp\/v2\/posts\/31225","targetHints":{"allow":["GET"]}}],"collection":[{"href":"https:\/\/jornaldasoficinas.com\/pt\/wp-json\/wp\/v2\/posts"}],"about":[{"href":"https:\/\/jornaldasoficinas.com\/pt\/wp-json\/wp\/v2\/types\/post"}],"author":[{"embeddable":true,"href":"https:\/\/jornaldasoficinas.com\/pt\/wp-json\/wp\/v2\/users\/15"}],"replies":[{"embeddable":true,"href":"https:\/\/jornaldasoficinas.com\/pt\/wp-json\/wp\/v2\/comments?post=31225"}],"version-history":[{"count":0,"href":"https:\/\/jornaldasoficinas.com\/pt\/wp-json\/wp\/v2\/posts\/31225\/revisions"}],"wp:featuredmedia":[{"embeddable":true,"href":"https:\/\/jornaldasoficinas.com\/pt\/wp-json\/wp\/v2\/media\/31206"}],"wp:attachment":[{"href":"https:\/\/jornaldasoficinas.com\/pt\/wp-json\/wp\/v2\/media?parent=31225"}],"wp:term":[{"taxonomy":"category","embeddable":true,"href":"https:\/\/jornaldasoficinas.com\/pt\/wp-json\/wp\/v2\/categories?post=31225"},{"taxonomy":"post_tag","embeddable":true,"href":"https:\/\/jornaldasoficinas.com\/pt\/wp-json\/wp\/v2\/tags?post=31225"}],"curies":[{"name":"wp","href":"https:\/\/api.w.org\/{rel}","templated":true}]}}