{"id":31230,"date":"2022-07-08T14:00:21","date_gmt":"2022-07-08T13:00:21","guid":{"rendered":"https:\/\/jornaldasoficinas.com\/pt\/?p=31230"},"modified":"2022-07-08T08:31:11","modified_gmt":"2022-07-08T07:31:11","slug":"bosch-permite-acesso-seguro-aos-dados-dos-veiculos","status":"publish","type":"post","link":"https:\/\/jornaldasoficinas.com\/pt\/bosch-permite-acesso-seguro-aos-dados-dos-veiculos\/","title":{"rendered":"Bosch permite acesso seguro aos dados dos ve\u00edculos"},"content":{"rendered":"<p><strong><img loading=\"lazy\" decoding=\"async\" class=\"alignnone size-full wp-image-31198\" src=\"https:\/\/jornaldasoficinas.com\/pt\/wp-content\/uploads\/2022\/07\/Bosch-permite-acesso-seguro-aos-dados-dos-vei\u0301culos.jpg\" alt=\"07 - Bosch permite acesso seguro aos dados dos vei\u0301culos\" width=\"1024\" height=\"581\" srcset=\"https:\/\/jornaldasoficinas.com\/pt\/wp-content\/uploads\/2022\/07\/Bosch-permite-acesso-seguro-aos-dados-dos-vei\u0301culos.jpg 1024w, https:\/\/jornaldasoficinas.com\/pt\/wp-content\/uploads\/2022\/07\/Bosch-permite-acesso-seguro-aos-dados-dos-vei\u0301culos-300x170.jpg 300w, https:\/\/jornaldasoficinas.com\/pt\/wp-content\/uploads\/2022\/07\/Bosch-permite-acesso-seguro-aos-dados-dos-vei\u0301culos-150x85.jpg 150w, https:\/\/jornaldasoficinas.com\/pt\/wp-content\/uploads\/2022\/07\/Bosch-permite-acesso-seguro-aos-dados-dos-vei\u0301culos-768x436.jpg 768w\" sizes=\"auto, (max-width: 1024px) 100vw, 1024px\" \/><\/strong><\/p>\n<p><strong>A <a href=\"https:\/\/www.boschaftermarket.com\/pt\/pt\/\" target=\"_blank\" rel=\"noopener\">Bosch<\/a> expande o diagn\u00f3stico de ve\u00edculos com eletr\u00f3nica de acesso protegido acrescentando novas marcas \u00e0 sua oferta.\u00a0\u00a0Acesso a dados protegidos de diferentes marcas e fabricantes atrav\u00e9s do Secure Diagnostic Access (SDA), ap\u00f3s um \u00fanico registo<\/strong><\/p>\n<p>Atualmente, muitos ve\u00edculos exigem uma autoriza\u00e7\u00e3o espec\u00edfica de acesso por parte do fabricante para realizar tarefas de diagn\u00f3stico ativas, como calibrar os sistemas de assist\u00eancia ao condutor ou redefinir os intervalos de manuten\u00e7\u00e3o. Para a maioria das oficinas independentes, isso representa s\u00e9rios problemas.<\/p>\n<p>\u00c9 por isso que a Bosch desenvolveu uma solu\u00e7\u00e3o padronizada: o Bosch Secure Diagnostic Access (SDA), que fornece acesso a conte\u00fado de diagn\u00f3stico protegido atrav\u00e9s do seu software de diagn\u00f3stico Esitronic. Desde agosto de 2021, as oficinas que utilizam o Esitronic 2.0 Online, juntamente com uma licen\u00e7a para diagn\u00f3stico de unidades de controlo, podem aceder, via SDA, aos sistemas eletr\u00f3nicos protegidos de v\u00e1rios ve\u00edculos produzidos pelo grupo Volkswagen, uma vez que o Bosch SDA responde aos requisitos atuais de seguran\u00e7a para tarefas em ve\u00edculos fabricados pelo grupo VW.<\/p>\n<p>Desde que no in\u00edcio deste ano foram realizadas as atualiza\u00e7\u00f5es de software Esitronic 2.0 Online e KTS 250, as oficinas passaram a poder usar o SDA para aceder a dados protegidos de ve\u00edculos Fiat, Alfa Romeo, Lancia, Abarth, Chrysler, Jeep e Dodge\/RAM. Al\u00e9m disso, o Esitronic 2.0 Online SDA foi ampliado durante o m\u00eas de junho para fornecer tamb\u00e9m acesso aos seguintes modelos atuais da Mercedes-Benz: classe C (206), classe S (223) e classe EQS (297).<\/p>\n<p>Para al\u00e9m disso, a Bosch est\u00e1 a trabalhar em estreita colabora\u00e7\u00e3o com os departamentos de desenvolvimento de outros fabricantes para expandir as possibilidades de acesso atrav\u00e9s do SDA.<\/p>\n<p><strong>Identifica\u00e7\u00e3o pessoal Bosch para uso f\u00e1cil do SDA<br \/>\n<\/strong>Para usar o Secure Diagnostic Access, os t\u00e9cnicos da oficina devem criar uma identifica\u00e7\u00e3o pessoal Bosch que \u00e9 gratuita e que consiste num endere\u00e7o de e-mail e numa senha escolhidos pelos pr\u00f3prios atrav\u00e9s de um processo guiado, para qual \u00e9 necess\u00e1rio apenas um \u00fanico registo. Uma vez registados, os t\u00e9cnicos obt\u00eam acesso a todos os dados de diagn\u00f3stico protegidos atrav\u00e9s do DAS.<\/p>\n<p>Para aceder aos dados protegidos dos ve\u00edculos Mercedes-Benz, uma vez criada a Bosch ID, \u00e9 necess\u00e1rio um passo adicional para a identifica\u00e7\u00e3o do utilizador. Posteriormente, os dados protegidos passam a estar dispon\u00edveis.<\/p>\n<p><strong>Explica\u00e7\u00f5es detalhadas e sugest\u00f5es na central de ajuda SDA<br \/>\n<\/strong>Existem duas formas de aceder ao SDA atrav\u00e9s do software de oficina Esitronic. Por um lado, os utilizadores podem ativar o acesso no Esitronic logo ap\u00f3s iniciar o diagn\u00f3stico usando a sua ID Bosch. E, por outro, o Esitronic tamb\u00e9m informa os utilizadores: uma vez conectado o ve\u00edculo para diagn\u00f3stico, surge uma janela pop-up onde \u00e9 dada a indica\u00e7\u00e3o que o ve\u00edculo est\u00e1 equipado com um sistema eletr\u00f3nico protegido. Al\u00e9m disso atrav\u00e9s de um link, os utilizadores podem aceder \u00e0 central de ajuda do SDA, que disponibiliza suporte adicional.<\/p>\n<p>Cont\u00e9m informa\u00e7\u00f5es importantes sobre t\u00f3picos relacionados com o Secure Diagnostic Access, como por exemplo, perguntas frequentes, imagens e v\u00eddeos de instru\u00e7\u00f5es.<\/p>\n<p>Um pr\u00e9-requisito para o uso do Bosch Secure Diagnostic Access \u00e9 o software de diagn\u00f3stico online Esitronic 2.0 e uma licen\u00e7a v\u00e1lida para o diagn\u00f3stico da unidade de controlo, bem como uma conex\u00e3o est\u00e1vel \u00e0 Internet. Al\u00e9m disso, s\u00e3o tamb\u00e9m necess\u00e1rios equipamentos de diagn\u00f3stico da atual gera\u00e7\u00e3o de KTS da Bosch, como KTS 590, KTS 560, KTS 350 ou KTS 250. Isso permite que oficinas multimarcas realizem tarefas de diagn\u00f3stico ativo em modelos de ve\u00edculos atuais, garantindo assim a sua competitividade.<\/p>\n","protected":false},"excerpt":{"rendered":"<p>A Bosch expande o diagn\u00f3stico de&#8230;<\/p>\n","protected":false},"author":15,"featured_media":31198,"comment_status":"closed","ping_status":"closed","sticky":false,"template":"","format":"standard","meta":{"footnotes":""},"categories":[29],"tags":[123],"class_list":["post-31230","post","type-post","status-publish","format-standard","has-post-thumbnail","hentry","category-empresas","tag-bosch"],"yoast_head":"<!-- This site is optimized with the Yoast SEO plugin v27.4 - https:\/\/yoast.com\/product\/yoast-seo-wordpress\/ -->\n<title>Bosch permite acesso seguro aos dados dos ve\u00edculos - Jornal das Oficinas<\/title>\n<meta name=\"robots\" content=\"index, follow, max-snippet:-1, max-image-preview:large, max-video-preview:-1\" \/>\n<link rel=\"canonical\" href=\"https:\/\/jornaldasoficinas.com\/pt\/bosch-permite-acesso-seguro-aos-dados-dos-veiculos\/\" \/>\n<meta property=\"og:locale\" content=\"pt_PT\" \/>\n<meta property=\"og:type\" content=\"article\" \/>\n<meta property=\"og:title\" content=\"Bosch permite acesso seguro aos dados dos ve\u00edculos - Jornal das Oficinas\" \/>\n<meta property=\"og:description\" content=\"A Bosch expande o diagn\u00f3stico de...\" \/>\n<meta property=\"og:url\" content=\"https:\/\/jornaldasoficinas.com\/pt\/bosch-permite-acesso-seguro-aos-dados-dos-veiculos\/\" \/>\n<meta property=\"og:site_name\" content=\"Jornal das Oficinas\" \/>\n<meta property=\"article:publisher\" content=\"https:\/\/www.facebook.com\/jornaloficinas\" \/>\n<meta property=\"article:published_time\" content=\"2022-07-08T13:00:21+00:00\" \/>\n<meta property=\"og:image\" content=\"https:\/\/jornaldasoficinas.com\/pt\/wp-content\/uploads\/2022\/07\/Bosch-permite-acesso-seguro-aos-dados-dos-vei\u0301culos.jpg\" \/>\n\t<meta property=\"og:image:width\" content=\"1024\" \/>\n\t<meta property=\"og:image:height\" content=\"581\" \/>\n\t<meta property=\"og:image:type\" content=\"image\/jpeg\" \/>\n<meta name=\"author\" content=\"Reda\u00e7\u00e3o JO\" \/>\n<meta name=\"twitter:card\" content=\"summary_large_image\" \/>\n<meta name=\"twitter:creator\" content=\"@jornaloficinas\" \/>\n<meta name=\"twitter:site\" content=\"@jornaloficinas\" \/>\n<meta name=\"twitter:label1\" content=\"Escrito por\" \/>\n\t<meta name=\"twitter:data1\" content=\"Reda\u00e7\u00e3o JO\" \/>\n\t<meta name=\"twitter:label2\" content=\"Tempo estimado de leitura\" \/>\n\t<meta name=\"twitter:data2\" content=\"3 minutos\" \/>\n<script type=\"application\/ld+json\" class=\"yoast-schema-graph\">{\"@context\":\"https:\\\/\\\/schema.org\",\"@graph\":[{\"@type\":\"Article\",\"@id\":\"https:\\\/\\\/jornaldasoficinas.com\\\/pt\\\/bosch-permite-acesso-seguro-aos-dados-dos-veiculos\\\/#article\",\"isPartOf\":{\"@id\":\"https:\\\/\\\/jornaldasoficinas.com\\\/pt\\\/bosch-permite-acesso-seguro-aos-dados-dos-veiculos\\\/\"},\"author\":{\"name\":\"Reda\u00e7\u00e3o JO\",\"@id\":\"https:\\\/\\\/jornaldasoficinas.com\\\/pt\\\/#\\\/schema\\\/person\\\/a38eef5de2c41d9e7c9ac10141afddf3\"},\"headline\":\"Bosch permite acesso seguro aos dados dos ve\u00edculos\",\"datePublished\":\"2022-07-08T13:00:21+00:00\",\"mainEntityOfPage\":{\"@id\":\"https:\\\/\\\/jornaldasoficinas.com\\\/pt\\\/bosch-permite-acesso-seguro-aos-dados-dos-veiculos\\\/\"},\"wordCount\":644,\"publisher\":{\"@id\":\"https:\\\/\\\/jornaldasoficinas.com\\\/pt\\\/#organization\"},\"image\":{\"@id\":\"https:\\\/\\\/jornaldasoficinas.com\\\/pt\\\/bosch-permite-acesso-seguro-aos-dados-dos-veiculos\\\/#primaryimage\"},\"thumbnailUrl\":\"https:\\\/\\\/jornaldasoficinas.com\\\/pt\\\/wp-content\\\/uploads\\\/2022\\\/07\\\/Bosch-permite-acesso-seguro-aos-dados-dos-vei\u0301culos.jpg\",\"keywords\":[\"Bosch\"],\"articleSection\":[\"Empresas\"],\"inLanguage\":\"pt-PT\"},{\"@type\":\"WebPage\",\"@id\":\"https:\\\/\\\/jornaldasoficinas.com\\\/pt\\\/bosch-permite-acesso-seguro-aos-dados-dos-veiculos\\\/\",\"url\":\"https:\\\/\\\/jornaldasoficinas.com\\\/pt\\\/bosch-permite-acesso-seguro-aos-dados-dos-veiculos\\\/\",\"name\":\"Bosch permite acesso seguro aos dados dos ve\u00edculos - Jornal das Oficinas\",\"isPartOf\":{\"@id\":\"https:\\\/\\\/jornaldasoficinas.com\\\/pt\\\/#website\"},\"primaryImageOfPage\":{\"@id\":\"https:\\\/\\\/jornaldasoficinas.com\\\/pt\\\/bosch-permite-acesso-seguro-aos-dados-dos-veiculos\\\/#primaryimage\"},\"image\":{\"@id\":\"https:\\\/\\\/jornaldasoficinas.com\\\/pt\\\/bosch-permite-acesso-seguro-aos-dados-dos-veiculos\\\/#primaryimage\"},\"thumbnailUrl\":\"https:\\\/\\\/jornaldasoficinas.com\\\/pt\\\/wp-content\\\/uploads\\\/2022\\\/07\\\/Bosch-permite-acesso-seguro-aos-dados-dos-vei\u0301culos.jpg\",\"datePublished\":\"2022-07-08T13:00:21+00:00\",\"breadcrumb\":{\"@id\":\"https:\\\/\\\/jornaldasoficinas.com\\\/pt\\\/bosch-permite-acesso-seguro-aos-dados-dos-veiculos\\\/#breadcrumb\"},\"inLanguage\":\"pt-PT\",\"potentialAction\":[{\"@type\":\"ReadAction\",\"target\":[\"https:\\\/\\\/jornaldasoficinas.com\\\/pt\\\/bosch-permite-acesso-seguro-aos-dados-dos-veiculos\\\/\"]}]},{\"@type\":\"ImageObject\",\"inLanguage\":\"pt-PT\",\"@id\":\"https:\\\/\\\/jornaldasoficinas.com\\\/pt\\\/bosch-permite-acesso-seguro-aos-dados-dos-veiculos\\\/#primaryimage\",\"url\":\"https:\\\/\\\/jornaldasoficinas.com\\\/pt\\\/wp-content\\\/uploads\\\/2022\\\/07\\\/Bosch-permite-acesso-seguro-aos-dados-dos-vei\u0301culos.jpg\",\"contentUrl\":\"https:\\\/\\\/jornaldasoficinas.com\\\/pt\\\/wp-content\\\/uploads\\\/2022\\\/07\\\/Bosch-permite-acesso-seguro-aos-dados-dos-vei\u0301culos.jpg\",\"width\":1024,\"height\":581,\"caption\":\"07 - Bosch permite acesso seguro aos dados dos vei\u0301culos\"},{\"@type\":\"BreadcrumbList\",\"@id\":\"https:\\\/\\\/jornaldasoficinas.com\\\/pt\\\/bosch-permite-acesso-seguro-aos-dados-dos-veiculos\\\/#breadcrumb\",\"itemListElement\":[{\"@type\":\"ListItem\",\"position\":1,\"name\":\"In\u00edcio\",\"item\":\"https:\\\/\\\/jornaldasoficinas.com\\\/pt\\\/\"},{\"@type\":\"ListItem\",\"position\":2,\"name\":\"Bosch permite acesso seguro aos dados dos ve\u00edculos\"}]},{\"@type\":\"WebSite\",\"@id\":\"https:\\\/\\\/jornaldasoficinas.com\\\/pt\\\/#website\",\"url\":\"https:\\\/\\\/jornaldasoficinas.com\\\/pt\\\/\",\"name\":\"Jornal das Oficinas\",\"description\":\"Jornal independente do Aftermarket Autom\u00f3vel em Portugal\",\"publisher\":{\"@id\":\"https:\\\/\\\/jornaldasoficinas.com\\\/pt\\\/#organization\"},\"potentialAction\":[{\"@type\":\"SearchAction\",\"target\":{\"@type\":\"EntryPoint\",\"urlTemplate\":\"https:\\\/\\\/jornaldasoficinas.com\\\/pt\\\/?s={search_term_string}\"},\"query-input\":{\"@type\":\"PropertyValueSpecification\",\"valueRequired\":true,\"valueName\":\"search_term_string\"}}],\"inLanguage\":\"pt-PT\"},{\"@type\":\"Organization\",\"@id\":\"https:\\\/\\\/jornaldasoficinas.com\\\/pt\\\/#organization\",\"name\":\"Jornal das Oficinas\",\"url\":\"https:\\\/\\\/jornaldasoficinas.com\\\/pt\\\/\",\"logo\":{\"@type\":\"ImageObject\",\"inLanguage\":\"pt-PT\",\"@id\":\"https:\\\/\\\/jornaldasoficinas.com\\\/pt\\\/#\\\/schema\\\/logo\\\/image\\\/\",\"url\":\"https:\\\/\\\/jornaldasoficinas.com\\\/pt\\\/wp-content\\\/uploads\\\/logoJO-SEO.png\",\"contentUrl\":\"https:\\\/\\\/jornaldasoficinas.com\\\/pt\\\/wp-content\\\/uploads\\\/logoJO-SEO.png\",\"width\":285,\"height\":450,\"caption\":\"Jornal das Oficinas\"},\"image\":{\"@id\":\"https:\\\/\\\/jornaldasoficinas.com\\\/pt\\\/#\\\/schema\\\/logo\\\/image\\\/\"},\"sameAs\":[\"https:\\\/\\\/www.facebook.com\\\/jornaloficinas\",\"https:\\\/\\\/x.com\\\/jornaloficinas\",\"https:\\\/\\\/www.instagram.com\\\/jornal_oficinas\\\/\",\"https:\\\/\\\/www.linkedin.com\\\/company\\\/jornal-das-oficinas\\\/\",\"https:\\\/\\\/www.youtube.com\\\/channel\\\/UCbQZBqtcvV-oSQrr7RzINGg\"]},{\"@type\":\"Person\",\"@id\":\"https:\\\/\\\/jornaldasoficinas.com\\\/pt\\\/#\\\/schema\\\/person\\\/a38eef5de2c41d9e7c9ac10141afddf3\",\"name\":\"Reda\u00e7\u00e3o JO\",\"image\":{\"@type\":\"ImageObject\",\"inLanguage\":\"pt-PT\",\"@id\":\"https:\\\/\\\/secure.gravatar.com\\\/avatar\\\/71f2fa71737ad68a84fea94bc708ddac8ea5b0c4788dc2ad202f3ccb2887742f?s=96&d=wp_user_avatar&r=g\",\"url\":\"https:\\\/\\\/secure.gravatar.com\\\/avatar\\\/71f2fa71737ad68a84fea94bc708ddac8ea5b0c4788dc2ad202f3ccb2887742f?s=96&d=wp_user_avatar&r=g\",\"contentUrl\":\"https:\\\/\\\/secure.gravatar.com\\\/avatar\\\/71f2fa71737ad68a84fea94bc708ddac8ea5b0c4788dc2ad202f3ccb2887742f?s=96&d=wp_user_avatar&r=g\",\"caption\":\"Reda\u00e7\u00e3o JO\"},\"url\":\"https:\\\/\\\/jornaldasoficinas.com\\\/pt\\\/author\\\/joredacao\\\/\"}]}<\/script>\n<!-- \/ Yoast SEO plugin. -->","yoast_head_json":{"title":"Bosch permite acesso seguro aos dados dos ve\u00edculos - Jornal das Oficinas","robots":{"index":"index","follow":"follow","max-snippet":"max-snippet:-1","max-image-preview":"max-image-preview:large","max-video-preview":"max-video-preview:-1"},"canonical":"https:\/\/jornaldasoficinas.com\/pt\/bosch-permite-acesso-seguro-aos-dados-dos-veiculos\/","og_locale":"pt_PT","og_type":"article","og_title":"Bosch permite acesso seguro aos dados dos ve\u00edculos - Jornal das Oficinas","og_description":"A Bosch expande o diagn\u00f3stico de...","og_url":"https:\/\/jornaldasoficinas.com\/pt\/bosch-permite-acesso-seguro-aos-dados-dos-veiculos\/","og_site_name":"Jornal das Oficinas","article_publisher":"https:\/\/www.facebook.com\/jornaloficinas","article_published_time":"2022-07-08T13:00:21+00:00","og_image":[{"width":1024,"height":581,"url":"https:\/\/jornaldasoficinas.com\/pt\/wp-content\/uploads\/2022\/07\/Bosch-permite-acesso-seguro-aos-dados-dos-vei\u0301culos.jpg","type":"image\/jpeg"}],"author":"Reda\u00e7\u00e3o JO","twitter_card":"summary_large_image","twitter_creator":"@jornaloficinas","twitter_site":"@jornaloficinas","twitter_misc":{"Escrito por":"Reda\u00e7\u00e3o JO","Tempo estimado de leitura":"3 minutos"},"schema":{"@context":"https:\/\/schema.org","@graph":[{"@type":"Article","@id":"https:\/\/jornaldasoficinas.com\/pt\/bosch-permite-acesso-seguro-aos-dados-dos-veiculos\/#article","isPartOf":{"@id":"https:\/\/jornaldasoficinas.com\/pt\/bosch-permite-acesso-seguro-aos-dados-dos-veiculos\/"},"author":{"name":"Reda\u00e7\u00e3o JO","@id":"https:\/\/jornaldasoficinas.com\/pt\/#\/schema\/person\/a38eef5de2c41d9e7c9ac10141afddf3"},"headline":"Bosch permite acesso seguro aos dados dos ve\u00edculos","datePublished":"2022-07-08T13:00:21+00:00","mainEntityOfPage":{"@id":"https:\/\/jornaldasoficinas.com\/pt\/bosch-permite-acesso-seguro-aos-dados-dos-veiculos\/"},"wordCount":644,"publisher":{"@id":"https:\/\/jornaldasoficinas.com\/pt\/#organization"},"image":{"@id":"https:\/\/jornaldasoficinas.com\/pt\/bosch-permite-acesso-seguro-aos-dados-dos-veiculos\/#primaryimage"},"thumbnailUrl":"https:\/\/jornaldasoficinas.com\/pt\/wp-content\/uploads\/2022\/07\/Bosch-permite-acesso-seguro-aos-dados-dos-vei\u0301culos.jpg","keywords":["Bosch"],"articleSection":["Empresas"],"inLanguage":"pt-PT"},{"@type":"WebPage","@id":"https:\/\/jornaldasoficinas.com\/pt\/bosch-permite-acesso-seguro-aos-dados-dos-veiculos\/","url":"https:\/\/jornaldasoficinas.com\/pt\/bosch-permite-acesso-seguro-aos-dados-dos-veiculos\/","name":"Bosch permite acesso seguro aos dados dos ve\u00edculos - Jornal das Oficinas","isPartOf":{"@id":"https:\/\/jornaldasoficinas.com\/pt\/#website"},"primaryImageOfPage":{"@id":"https:\/\/jornaldasoficinas.com\/pt\/bosch-permite-acesso-seguro-aos-dados-dos-veiculos\/#primaryimage"},"image":{"@id":"https:\/\/jornaldasoficinas.com\/pt\/bosch-permite-acesso-seguro-aos-dados-dos-veiculos\/#primaryimage"},"thumbnailUrl":"https:\/\/jornaldasoficinas.com\/pt\/wp-content\/uploads\/2022\/07\/Bosch-permite-acesso-seguro-aos-dados-dos-vei\u0301culos.jpg","datePublished":"2022-07-08T13:00:21+00:00","breadcrumb":{"@id":"https:\/\/jornaldasoficinas.com\/pt\/bosch-permite-acesso-seguro-aos-dados-dos-veiculos\/#breadcrumb"},"inLanguage":"pt-PT","potentialAction":[{"@type":"ReadAction","target":["https:\/\/jornaldasoficinas.com\/pt\/bosch-permite-acesso-seguro-aos-dados-dos-veiculos\/"]}]},{"@type":"ImageObject","inLanguage":"pt-PT","@id":"https:\/\/jornaldasoficinas.com\/pt\/bosch-permite-acesso-seguro-aos-dados-dos-veiculos\/#primaryimage","url":"https:\/\/jornaldasoficinas.com\/pt\/wp-content\/uploads\/2022\/07\/Bosch-permite-acesso-seguro-aos-dados-dos-vei\u0301culos.jpg","contentUrl":"https:\/\/jornaldasoficinas.com\/pt\/wp-content\/uploads\/2022\/07\/Bosch-permite-acesso-seguro-aos-dados-dos-vei\u0301culos.jpg","width":1024,"height":581,"caption":"07 - Bosch permite acesso seguro aos dados dos vei\u0301culos"},{"@type":"BreadcrumbList","@id":"https:\/\/jornaldasoficinas.com\/pt\/bosch-permite-acesso-seguro-aos-dados-dos-veiculos\/#breadcrumb","itemListElement":[{"@type":"ListItem","position":1,"name":"In\u00edcio","item":"https:\/\/jornaldasoficinas.com\/pt\/"},{"@type":"ListItem","position":2,"name":"Bosch permite acesso seguro aos dados dos ve\u00edculos"}]},{"@type":"WebSite","@id":"https:\/\/jornaldasoficinas.com\/pt\/#website","url":"https:\/\/jornaldasoficinas.com\/pt\/","name":"Jornal das Oficinas","description":"Jornal independente do Aftermarket Autom\u00f3vel em Portugal","publisher":{"@id":"https:\/\/jornaldasoficinas.com\/pt\/#organization"},"potentialAction":[{"@type":"SearchAction","target":{"@type":"EntryPoint","urlTemplate":"https:\/\/jornaldasoficinas.com\/pt\/?s={search_term_string}"},"query-input":{"@type":"PropertyValueSpecification","valueRequired":true,"valueName":"search_term_string"}}],"inLanguage":"pt-PT"},{"@type":"Organization","@id":"https:\/\/jornaldasoficinas.com\/pt\/#organization","name":"Jornal das Oficinas","url":"https:\/\/jornaldasoficinas.com\/pt\/","logo":{"@type":"ImageObject","inLanguage":"pt-PT","@id":"https:\/\/jornaldasoficinas.com\/pt\/#\/schema\/logo\/image\/","url":"https:\/\/jornaldasoficinas.com\/pt\/wp-content\/uploads\/logoJO-SEO.png","contentUrl":"https:\/\/jornaldasoficinas.com\/pt\/wp-content\/uploads\/logoJO-SEO.png","width":285,"height":450,"caption":"Jornal das Oficinas"},"image":{"@id":"https:\/\/jornaldasoficinas.com\/pt\/#\/schema\/logo\/image\/"},"sameAs":["https:\/\/www.facebook.com\/jornaloficinas","https:\/\/x.com\/jornaloficinas","https:\/\/www.instagram.com\/jornal_oficinas\/","https:\/\/www.linkedin.com\/company\/jornal-das-oficinas\/","https:\/\/www.youtube.com\/channel\/UCbQZBqtcvV-oSQrr7RzINGg"]},{"@type":"Person","@id":"https:\/\/jornaldasoficinas.com\/pt\/#\/schema\/person\/a38eef5de2c41d9e7c9ac10141afddf3","name":"Reda\u00e7\u00e3o JO","image":{"@type":"ImageObject","inLanguage":"pt-PT","@id":"https:\/\/secure.gravatar.com\/avatar\/71f2fa71737ad68a84fea94bc708ddac8ea5b0c4788dc2ad202f3ccb2887742f?s=96&d=wp_user_avatar&r=g","url":"https:\/\/secure.gravatar.com\/avatar\/71f2fa71737ad68a84fea94bc708ddac8ea5b0c4788dc2ad202f3ccb2887742f?s=96&d=wp_user_avatar&r=g","contentUrl":"https:\/\/secure.gravatar.com\/avatar\/71f2fa71737ad68a84fea94bc708ddac8ea5b0c4788dc2ad202f3ccb2887742f?s=96&d=wp_user_avatar&r=g","caption":"Reda\u00e7\u00e3o JO"},"url":"https:\/\/jornaldasoficinas.com\/pt\/author\/joredacao\/"}]}},"_links":{"self":[{"href":"https:\/\/jornaldasoficinas.com\/pt\/wp-json\/wp\/v2\/posts\/31230","targetHints":{"allow":["GET"]}}],"collection":[{"href":"https:\/\/jornaldasoficinas.com\/pt\/wp-json\/wp\/v2\/posts"}],"about":[{"href":"https:\/\/jornaldasoficinas.com\/pt\/wp-json\/wp\/v2\/types\/post"}],"author":[{"embeddable":true,"href":"https:\/\/jornaldasoficinas.com\/pt\/wp-json\/wp\/v2\/users\/15"}],"replies":[{"embeddable":true,"href":"https:\/\/jornaldasoficinas.com\/pt\/wp-json\/wp\/v2\/comments?post=31230"}],"version-history":[{"count":0,"href":"https:\/\/jornaldasoficinas.com\/pt\/wp-json\/wp\/v2\/posts\/31230\/revisions"}],"wp:featuredmedia":[{"embeddable":true,"href":"https:\/\/jornaldasoficinas.com\/pt\/wp-json\/wp\/v2\/media\/31198"}],"wp:attachment":[{"href":"https:\/\/jornaldasoficinas.com\/pt\/wp-json\/wp\/v2\/media?parent=31230"}],"wp:term":[{"taxonomy":"category","embeddable":true,"href":"https:\/\/jornaldasoficinas.com\/pt\/wp-json\/wp\/v2\/categories?post=31230"},{"taxonomy":"post_tag","embeddable":true,"href":"https:\/\/jornaldasoficinas.com\/pt\/wp-json\/wp\/v2\/tags?post=31230"}],"curies":[{"name":"wp","href":"https:\/\/api.w.org\/{rel}","templated":true}]}}