{"id":31232,"date":"2022-07-08T16:00:20","date_gmt":"2022-07-08T15:00:20","guid":{"rendered":"https:\/\/jornaldasoficinas.com\/pt\/?p=31232"},"modified":"2022-07-08T08:34:22","modified_gmt":"2022-07-08T07:34:22","slug":"carlos-sainz-vence-grande-premio-da-gra-bertanha-com-pirelli","status":"publish","type":"post","link":"https:\/\/jornaldasoficinas.com\/pt\/carlos-sainz-vence-grande-premio-da-gra-bertanha-com-pirelli\/","title":{"rendered":"Carlos Sainz vence Grande Pr\u00e9mio da Gr\u00e3-Bertanha com Pirelli"},"content":{"rendered":"<p><img loading=\"lazy\" decoding=\"async\" class=\"alignnone size-full wp-image-31199\" src=\"https:\/\/jornaldasoficinas.com\/pt\/wp-content\/uploads\/2022\/07\/Carlos-Sainz-vence-Grande-Pre\u0301mio-da-Gra\u0303-Bertanha-com-Pirelli.jpg\" alt=\"07 - Carlos Sainz vence Grande Pre\u0301mio da Gra\u0303 Bertanha com Pirelli\" width=\"1024\" height=\"581\" srcset=\"https:\/\/jornaldasoficinas.com\/pt\/wp-content\/uploads\/2022\/07\/Carlos-Sainz-vence-Grande-Pre\u0301mio-da-Gra\u0303-Bertanha-com-Pirelli.jpg 1024w, https:\/\/jornaldasoficinas.com\/pt\/wp-content\/uploads\/2022\/07\/Carlos-Sainz-vence-Grande-Pre\u0301mio-da-Gra\u0303-Bertanha-com-Pirelli-300x170.jpg 300w, https:\/\/jornaldasoficinas.com\/pt\/wp-content\/uploads\/2022\/07\/Carlos-Sainz-vence-Grande-Pre\u0301mio-da-Gra\u0303-Bertanha-com-Pirelli-150x85.jpg 150w, https:\/\/jornaldasoficinas.com\/pt\/wp-content\/uploads\/2022\/07\/Carlos-Sainz-vence-Grande-Pre\u0301mio-da-Gra\u0303-Bertanha-com-Pirelli-768x436.jpg 768w\" sizes=\"auto, (max-width: 1024px) 100vw, 1024px\" \/><\/p>\n<p><strong>Carlos Sainz, piloto da Ferrari, saiu da Pole Position e venceu o Grande Pr\u00e9mio da Gr\u00e3-Bretanha com pneus <a href=\"https:\/\/www.pirelli.com\/tyres\/pt-pt\/car\/homepage\" target=\"_blank\" rel=\"noopener\">Pirelli<\/a>. Esta foi a primeira vez que o espanhol subiu ao mais alto lugar do p\u00f3dio<\/strong><\/p>\n<p>Um safety car j\u00e1 perto da corrida viria a atirar Charles Leclerc para fora da lideran\u00e7a da corrida. O monegasco, que se encontrava com pneus duros j\u00e1 muito usados, acabaria por cair para quarto lugar, depois de ser ultrapassado por Sainz, Perez e Hamilton, todos com pneus macios novos.<\/p>\n<p>Todos os tr\u00eas compostos desempenharam um papel fundamental e prova disso mesmo foram as tr\u00eas estrat\u00e9gias diferentes dos quatro pilotos do topo.<\/p>\n<p><strong>O Comportamento dos Pneus<br \/>\n<\/strong>DURO:\u00a0Um pneu muito dur\u00e1vel, capaz de oferecer longos stints. Foi mais dif\u00edcil de aquecer, devido \u00e0s baixas temperaturas. Uma vez dentro da janela ideal de temperatura, demonstrou um comportamento muito consistente.<\/p>\n<p>M\u00c9DIO:\u00a0Foi a chave para esta corrida, tendo sido a escolha da maioria dos pilotos para o segundo stint. O pneu m\u00e9dio demonstrou um misto de desempenho e de durabilidade, com Perez a registar 34 voltas com este composto, que foi um ingrediente importante para a sua impressionante luta.<\/p>\n<p>MACIO:\u00a0Verstappen recorreu \u00e0 velocidade extra deste composto para ultrapassar Sainz no in\u00edcio da corrida e, ap\u00f3s o safety car, conseguiu uma vantagem consider\u00e1vel. Hamilton conquistou o ponto para a volta mais r\u00e1pida com este composto, o que o ajudou a selar um p\u00f3dio emocional na corrida do seu pa\u00eds.<\/p>\n<p>&#8220;Primeiro que tudo e o mais importante, estamos todos incrivelmente aliviados e agradecidos por os pilotos envolvidos no assustador acidente na primeira volta estarem bem: uma prova dos incr\u00edveis padr\u00f5es de seguran\u00e7a do desporto. De seguida, afirmar que assistimos a uma das corridas mais emocionantes de mem\u00f3ria recente, com v\u00e1rias batalhas e com as estrat\u00e9gias de pneus a desempenharem um importante papel\u201d, afirmou o departamento de comunica\u00e7\u00e3o da Pirelli.<\/p>\n","protected":false},"excerpt":{"rendered":"<p>Carlos Sainz, piloto da Ferrari, saiu&#8230;<\/p>\n","protected":false},"author":15,"featured_media":31199,"comment_status":"closed","ping_status":"closed","sticky":false,"template":"","format":"standard","meta":{"footnotes":""},"categories":[29],"tags":[109],"class_list":["post-31232","post","type-post","status-publish","format-standard","has-post-thumbnail","hentry","category-empresas","tag-pirelli"],"yoast_head":"<!-- This site is optimized with the Yoast SEO plugin v27.4 - https:\/\/yoast.com\/product\/yoast-seo-wordpress\/ -->\n<title>Carlos Sainz vence Grande Pr\u00e9mio da Gr\u00e3-Bertanha com Pirelli - Jornal das Oficinas<\/title>\n<meta name=\"robots\" content=\"index, follow, max-snippet:-1, max-image-preview:large, max-video-preview:-1\" \/>\n<link rel=\"canonical\" href=\"https:\/\/jornaldasoficinas.com\/pt\/carlos-sainz-vence-grande-premio-da-gra-bertanha-com-pirelli\/\" \/>\n<meta property=\"og:locale\" content=\"pt_PT\" \/>\n<meta property=\"og:type\" content=\"article\" \/>\n<meta property=\"og:title\" content=\"Carlos Sainz vence Grande Pr\u00e9mio da Gr\u00e3-Bertanha com Pirelli - Jornal das Oficinas\" \/>\n<meta property=\"og:description\" content=\"Carlos Sainz, piloto da Ferrari, saiu...\" \/>\n<meta property=\"og:url\" content=\"https:\/\/jornaldasoficinas.com\/pt\/carlos-sainz-vence-grande-premio-da-gra-bertanha-com-pirelli\/\" \/>\n<meta property=\"og:site_name\" content=\"Jornal das Oficinas\" \/>\n<meta property=\"article:publisher\" content=\"https:\/\/www.facebook.com\/jornaloficinas\" \/>\n<meta property=\"article:published_time\" content=\"2022-07-08T15:00:20+00:00\" \/>\n<meta property=\"og:image\" content=\"https:\/\/jornaldasoficinas.com\/pt\/wp-content\/uploads\/2022\/07\/Carlos-Sainz-vence-Grande-Pre\u0301mio-da-Gra\u0303-Bertanha-com-Pirelli.jpg\" \/>\n\t<meta property=\"og:image:width\" content=\"1024\" \/>\n\t<meta property=\"og:image:height\" content=\"581\" \/>\n\t<meta property=\"og:image:type\" content=\"image\/jpeg\" \/>\n<meta name=\"author\" content=\"Reda\u00e7\u00e3o JO\" \/>\n<meta name=\"twitter:card\" content=\"summary_large_image\" \/>\n<meta name=\"twitter:creator\" content=\"@jornaloficinas\" \/>\n<meta name=\"twitter:site\" content=\"@jornaloficinas\" \/>\n<meta name=\"twitter:label1\" content=\"Escrito por\" \/>\n\t<meta name=\"twitter:data1\" content=\"Reda\u00e7\u00e3o JO\" \/>\n\t<meta name=\"twitter:label2\" content=\"Tempo estimado de leitura\" \/>\n\t<meta name=\"twitter:data2\" content=\"2 minutos\" \/>\n<script type=\"application\/ld+json\" class=\"yoast-schema-graph\">{\"@context\":\"https:\\\/\\\/schema.org\",\"@graph\":[{\"@type\":\"Article\",\"@id\":\"https:\\\/\\\/jornaldasoficinas.com\\\/pt\\\/carlos-sainz-vence-grande-premio-da-gra-bertanha-com-pirelli\\\/#article\",\"isPartOf\":{\"@id\":\"https:\\\/\\\/jornaldasoficinas.com\\\/pt\\\/carlos-sainz-vence-grande-premio-da-gra-bertanha-com-pirelli\\\/\"},\"author\":{\"name\":\"Reda\u00e7\u00e3o JO\",\"@id\":\"https:\\\/\\\/jornaldasoficinas.com\\\/pt\\\/#\\\/schema\\\/person\\\/a38eef5de2c41d9e7c9ac10141afddf3\"},\"headline\":\"Carlos Sainz vence Grande Pr\u00e9mio da Gr\u00e3-Bertanha com Pirelli\",\"datePublished\":\"2022-07-08T15:00:20+00:00\",\"mainEntityOfPage\":{\"@id\":\"https:\\\/\\\/jornaldasoficinas.com\\\/pt\\\/carlos-sainz-vence-grande-premio-da-gra-bertanha-com-pirelli\\\/\"},\"wordCount\":342,\"publisher\":{\"@id\":\"https:\\\/\\\/jornaldasoficinas.com\\\/pt\\\/#organization\"},\"image\":{\"@id\":\"https:\\\/\\\/jornaldasoficinas.com\\\/pt\\\/carlos-sainz-vence-grande-premio-da-gra-bertanha-com-pirelli\\\/#primaryimage\"},\"thumbnailUrl\":\"https:\\\/\\\/jornaldasoficinas.com\\\/pt\\\/wp-content\\\/uploads\\\/2022\\\/07\\\/Carlos-Sainz-vence-Grande-Pre\u0301mio-da-Gra\u0303-Bertanha-com-Pirelli.jpg\",\"keywords\":[\"Pirelli\"],\"articleSection\":[\"Empresas\"],\"inLanguage\":\"pt-PT\"},{\"@type\":\"WebPage\",\"@id\":\"https:\\\/\\\/jornaldasoficinas.com\\\/pt\\\/carlos-sainz-vence-grande-premio-da-gra-bertanha-com-pirelli\\\/\",\"url\":\"https:\\\/\\\/jornaldasoficinas.com\\\/pt\\\/carlos-sainz-vence-grande-premio-da-gra-bertanha-com-pirelli\\\/\",\"name\":\"Carlos Sainz vence Grande Pr\u00e9mio da Gr\u00e3-Bertanha com Pirelli - Jornal das Oficinas\",\"isPartOf\":{\"@id\":\"https:\\\/\\\/jornaldasoficinas.com\\\/pt\\\/#website\"},\"primaryImageOfPage\":{\"@id\":\"https:\\\/\\\/jornaldasoficinas.com\\\/pt\\\/carlos-sainz-vence-grande-premio-da-gra-bertanha-com-pirelli\\\/#primaryimage\"},\"image\":{\"@id\":\"https:\\\/\\\/jornaldasoficinas.com\\\/pt\\\/carlos-sainz-vence-grande-premio-da-gra-bertanha-com-pirelli\\\/#primaryimage\"},\"thumbnailUrl\":\"https:\\\/\\\/jornaldasoficinas.com\\\/pt\\\/wp-content\\\/uploads\\\/2022\\\/07\\\/Carlos-Sainz-vence-Grande-Pre\u0301mio-da-Gra\u0303-Bertanha-com-Pirelli.jpg\",\"datePublished\":\"2022-07-08T15:00:20+00:00\",\"breadcrumb\":{\"@id\":\"https:\\\/\\\/jornaldasoficinas.com\\\/pt\\\/carlos-sainz-vence-grande-premio-da-gra-bertanha-com-pirelli\\\/#breadcrumb\"},\"inLanguage\":\"pt-PT\",\"potentialAction\":[{\"@type\":\"ReadAction\",\"target\":[\"https:\\\/\\\/jornaldasoficinas.com\\\/pt\\\/carlos-sainz-vence-grande-premio-da-gra-bertanha-com-pirelli\\\/\"]}]},{\"@type\":\"ImageObject\",\"inLanguage\":\"pt-PT\",\"@id\":\"https:\\\/\\\/jornaldasoficinas.com\\\/pt\\\/carlos-sainz-vence-grande-premio-da-gra-bertanha-com-pirelli\\\/#primaryimage\",\"url\":\"https:\\\/\\\/jornaldasoficinas.com\\\/pt\\\/wp-content\\\/uploads\\\/2022\\\/07\\\/Carlos-Sainz-vence-Grande-Pre\u0301mio-da-Gra\u0303-Bertanha-com-Pirelli.jpg\",\"contentUrl\":\"https:\\\/\\\/jornaldasoficinas.com\\\/pt\\\/wp-content\\\/uploads\\\/2022\\\/07\\\/Carlos-Sainz-vence-Grande-Pre\u0301mio-da-Gra\u0303-Bertanha-com-Pirelli.jpg\",\"width\":1024,\"height\":581,\"caption\":\"07 - Carlos Sainz vence Grande Pre\u0301mio da Gra\u0303 Bertanha com Pirelli\"},{\"@type\":\"BreadcrumbList\",\"@id\":\"https:\\\/\\\/jornaldasoficinas.com\\\/pt\\\/carlos-sainz-vence-grande-premio-da-gra-bertanha-com-pirelli\\\/#breadcrumb\",\"itemListElement\":[{\"@type\":\"ListItem\",\"position\":1,\"name\":\"In\u00edcio\",\"item\":\"https:\\\/\\\/jornaldasoficinas.com\\\/pt\\\/\"},{\"@type\":\"ListItem\",\"position\":2,\"name\":\"Carlos Sainz vence Grande Pr\u00e9mio da Gr\u00e3-Bertanha com Pirelli\"}]},{\"@type\":\"WebSite\",\"@id\":\"https:\\\/\\\/jornaldasoficinas.com\\\/pt\\\/#website\",\"url\":\"https:\\\/\\\/jornaldasoficinas.com\\\/pt\\\/\",\"name\":\"Jornal das Oficinas\",\"description\":\"Jornal independente do Aftermarket Autom\u00f3vel em Portugal\",\"publisher\":{\"@id\":\"https:\\\/\\\/jornaldasoficinas.com\\\/pt\\\/#organization\"},\"potentialAction\":[{\"@type\":\"SearchAction\",\"target\":{\"@type\":\"EntryPoint\",\"urlTemplate\":\"https:\\\/\\\/jornaldasoficinas.com\\\/pt\\\/?s={search_term_string}\"},\"query-input\":{\"@type\":\"PropertyValueSpecification\",\"valueRequired\":true,\"valueName\":\"search_term_string\"}}],\"inLanguage\":\"pt-PT\"},{\"@type\":\"Organization\",\"@id\":\"https:\\\/\\\/jornaldasoficinas.com\\\/pt\\\/#organization\",\"name\":\"Jornal das Oficinas\",\"url\":\"https:\\\/\\\/jornaldasoficinas.com\\\/pt\\\/\",\"logo\":{\"@type\":\"ImageObject\",\"inLanguage\":\"pt-PT\",\"@id\":\"https:\\\/\\\/jornaldasoficinas.com\\\/pt\\\/#\\\/schema\\\/logo\\\/image\\\/\",\"url\":\"https:\\\/\\\/jornaldasoficinas.com\\\/pt\\\/wp-content\\\/uploads\\\/logoJO-SEO.png\",\"contentUrl\":\"https:\\\/\\\/jornaldasoficinas.com\\\/pt\\\/wp-content\\\/uploads\\\/logoJO-SEO.png\",\"width\":285,\"height\":450,\"caption\":\"Jornal das Oficinas\"},\"image\":{\"@id\":\"https:\\\/\\\/jornaldasoficinas.com\\\/pt\\\/#\\\/schema\\\/logo\\\/image\\\/\"},\"sameAs\":[\"https:\\\/\\\/www.facebook.com\\\/jornaloficinas\",\"https:\\\/\\\/x.com\\\/jornaloficinas\",\"https:\\\/\\\/www.instagram.com\\\/jornal_oficinas\\\/\",\"https:\\\/\\\/www.linkedin.com\\\/company\\\/jornal-das-oficinas\\\/\",\"https:\\\/\\\/www.youtube.com\\\/channel\\\/UCbQZBqtcvV-oSQrr7RzINGg\"]},{\"@type\":\"Person\",\"@id\":\"https:\\\/\\\/jornaldasoficinas.com\\\/pt\\\/#\\\/schema\\\/person\\\/a38eef5de2c41d9e7c9ac10141afddf3\",\"name\":\"Reda\u00e7\u00e3o JO\",\"image\":{\"@type\":\"ImageObject\",\"inLanguage\":\"pt-PT\",\"@id\":\"https:\\\/\\\/secure.gravatar.com\\\/avatar\\\/71f2fa71737ad68a84fea94bc708ddac8ea5b0c4788dc2ad202f3ccb2887742f?s=96&d=wp_user_avatar&r=g\",\"url\":\"https:\\\/\\\/secure.gravatar.com\\\/avatar\\\/71f2fa71737ad68a84fea94bc708ddac8ea5b0c4788dc2ad202f3ccb2887742f?s=96&d=wp_user_avatar&r=g\",\"contentUrl\":\"https:\\\/\\\/secure.gravatar.com\\\/avatar\\\/71f2fa71737ad68a84fea94bc708ddac8ea5b0c4788dc2ad202f3ccb2887742f?s=96&d=wp_user_avatar&r=g\",\"caption\":\"Reda\u00e7\u00e3o JO\"},\"url\":\"https:\\\/\\\/jornaldasoficinas.com\\\/pt\\\/author\\\/joredacao\\\/\"}]}<\/script>\n<!-- \/ Yoast SEO plugin. -->","yoast_head_json":{"title":"Carlos Sainz vence Grande Pr\u00e9mio da Gr\u00e3-Bertanha com Pirelli - Jornal das Oficinas","robots":{"index":"index","follow":"follow","max-snippet":"max-snippet:-1","max-image-preview":"max-image-preview:large","max-video-preview":"max-video-preview:-1"},"canonical":"https:\/\/jornaldasoficinas.com\/pt\/carlos-sainz-vence-grande-premio-da-gra-bertanha-com-pirelli\/","og_locale":"pt_PT","og_type":"article","og_title":"Carlos Sainz vence Grande Pr\u00e9mio da Gr\u00e3-Bertanha com Pirelli - Jornal das Oficinas","og_description":"Carlos Sainz, piloto da Ferrari, saiu...","og_url":"https:\/\/jornaldasoficinas.com\/pt\/carlos-sainz-vence-grande-premio-da-gra-bertanha-com-pirelli\/","og_site_name":"Jornal das Oficinas","article_publisher":"https:\/\/www.facebook.com\/jornaloficinas","article_published_time":"2022-07-08T15:00:20+00:00","og_image":[{"width":1024,"height":581,"url":"https:\/\/jornaldasoficinas.com\/pt\/wp-content\/uploads\/2022\/07\/Carlos-Sainz-vence-Grande-Pre\u0301mio-da-Gra\u0303-Bertanha-com-Pirelli.jpg","type":"image\/jpeg"}],"author":"Reda\u00e7\u00e3o JO","twitter_card":"summary_large_image","twitter_creator":"@jornaloficinas","twitter_site":"@jornaloficinas","twitter_misc":{"Escrito por":"Reda\u00e7\u00e3o JO","Tempo estimado de leitura":"2 minutos"},"schema":{"@context":"https:\/\/schema.org","@graph":[{"@type":"Article","@id":"https:\/\/jornaldasoficinas.com\/pt\/carlos-sainz-vence-grande-premio-da-gra-bertanha-com-pirelli\/#article","isPartOf":{"@id":"https:\/\/jornaldasoficinas.com\/pt\/carlos-sainz-vence-grande-premio-da-gra-bertanha-com-pirelli\/"},"author":{"name":"Reda\u00e7\u00e3o JO","@id":"https:\/\/jornaldasoficinas.com\/pt\/#\/schema\/person\/a38eef5de2c41d9e7c9ac10141afddf3"},"headline":"Carlos Sainz vence Grande Pr\u00e9mio da Gr\u00e3-Bertanha com Pirelli","datePublished":"2022-07-08T15:00:20+00:00","mainEntityOfPage":{"@id":"https:\/\/jornaldasoficinas.com\/pt\/carlos-sainz-vence-grande-premio-da-gra-bertanha-com-pirelli\/"},"wordCount":342,"publisher":{"@id":"https:\/\/jornaldasoficinas.com\/pt\/#organization"},"image":{"@id":"https:\/\/jornaldasoficinas.com\/pt\/carlos-sainz-vence-grande-premio-da-gra-bertanha-com-pirelli\/#primaryimage"},"thumbnailUrl":"https:\/\/jornaldasoficinas.com\/pt\/wp-content\/uploads\/2022\/07\/Carlos-Sainz-vence-Grande-Pre\u0301mio-da-Gra\u0303-Bertanha-com-Pirelli.jpg","keywords":["Pirelli"],"articleSection":["Empresas"],"inLanguage":"pt-PT"},{"@type":"WebPage","@id":"https:\/\/jornaldasoficinas.com\/pt\/carlos-sainz-vence-grande-premio-da-gra-bertanha-com-pirelli\/","url":"https:\/\/jornaldasoficinas.com\/pt\/carlos-sainz-vence-grande-premio-da-gra-bertanha-com-pirelli\/","name":"Carlos Sainz vence Grande Pr\u00e9mio da Gr\u00e3-Bertanha com Pirelli - Jornal das Oficinas","isPartOf":{"@id":"https:\/\/jornaldasoficinas.com\/pt\/#website"},"primaryImageOfPage":{"@id":"https:\/\/jornaldasoficinas.com\/pt\/carlos-sainz-vence-grande-premio-da-gra-bertanha-com-pirelli\/#primaryimage"},"image":{"@id":"https:\/\/jornaldasoficinas.com\/pt\/carlos-sainz-vence-grande-premio-da-gra-bertanha-com-pirelli\/#primaryimage"},"thumbnailUrl":"https:\/\/jornaldasoficinas.com\/pt\/wp-content\/uploads\/2022\/07\/Carlos-Sainz-vence-Grande-Pre\u0301mio-da-Gra\u0303-Bertanha-com-Pirelli.jpg","datePublished":"2022-07-08T15:00:20+00:00","breadcrumb":{"@id":"https:\/\/jornaldasoficinas.com\/pt\/carlos-sainz-vence-grande-premio-da-gra-bertanha-com-pirelli\/#breadcrumb"},"inLanguage":"pt-PT","potentialAction":[{"@type":"ReadAction","target":["https:\/\/jornaldasoficinas.com\/pt\/carlos-sainz-vence-grande-premio-da-gra-bertanha-com-pirelli\/"]}]},{"@type":"ImageObject","inLanguage":"pt-PT","@id":"https:\/\/jornaldasoficinas.com\/pt\/carlos-sainz-vence-grande-premio-da-gra-bertanha-com-pirelli\/#primaryimage","url":"https:\/\/jornaldasoficinas.com\/pt\/wp-content\/uploads\/2022\/07\/Carlos-Sainz-vence-Grande-Pre\u0301mio-da-Gra\u0303-Bertanha-com-Pirelli.jpg","contentUrl":"https:\/\/jornaldasoficinas.com\/pt\/wp-content\/uploads\/2022\/07\/Carlos-Sainz-vence-Grande-Pre\u0301mio-da-Gra\u0303-Bertanha-com-Pirelli.jpg","width":1024,"height":581,"caption":"07 - Carlos Sainz vence Grande Pre\u0301mio da Gra\u0303 Bertanha com Pirelli"},{"@type":"BreadcrumbList","@id":"https:\/\/jornaldasoficinas.com\/pt\/carlos-sainz-vence-grande-premio-da-gra-bertanha-com-pirelli\/#breadcrumb","itemListElement":[{"@type":"ListItem","position":1,"name":"In\u00edcio","item":"https:\/\/jornaldasoficinas.com\/pt\/"},{"@type":"ListItem","position":2,"name":"Carlos Sainz vence Grande Pr\u00e9mio da Gr\u00e3-Bertanha com Pirelli"}]},{"@type":"WebSite","@id":"https:\/\/jornaldasoficinas.com\/pt\/#website","url":"https:\/\/jornaldasoficinas.com\/pt\/","name":"Jornal das Oficinas","description":"Jornal independente do Aftermarket Autom\u00f3vel em Portugal","publisher":{"@id":"https:\/\/jornaldasoficinas.com\/pt\/#organization"},"potentialAction":[{"@type":"SearchAction","target":{"@type":"EntryPoint","urlTemplate":"https:\/\/jornaldasoficinas.com\/pt\/?s={search_term_string}"},"query-input":{"@type":"PropertyValueSpecification","valueRequired":true,"valueName":"search_term_string"}}],"inLanguage":"pt-PT"},{"@type":"Organization","@id":"https:\/\/jornaldasoficinas.com\/pt\/#organization","name":"Jornal das Oficinas","url":"https:\/\/jornaldasoficinas.com\/pt\/","logo":{"@type":"ImageObject","inLanguage":"pt-PT","@id":"https:\/\/jornaldasoficinas.com\/pt\/#\/schema\/logo\/image\/","url":"https:\/\/jornaldasoficinas.com\/pt\/wp-content\/uploads\/logoJO-SEO.png","contentUrl":"https:\/\/jornaldasoficinas.com\/pt\/wp-content\/uploads\/logoJO-SEO.png","width":285,"height":450,"caption":"Jornal das Oficinas"},"image":{"@id":"https:\/\/jornaldasoficinas.com\/pt\/#\/schema\/logo\/image\/"},"sameAs":["https:\/\/www.facebook.com\/jornaloficinas","https:\/\/x.com\/jornaloficinas","https:\/\/www.instagram.com\/jornal_oficinas\/","https:\/\/www.linkedin.com\/company\/jornal-das-oficinas\/","https:\/\/www.youtube.com\/channel\/UCbQZBqtcvV-oSQrr7RzINGg"]},{"@type":"Person","@id":"https:\/\/jornaldasoficinas.com\/pt\/#\/schema\/person\/a38eef5de2c41d9e7c9ac10141afddf3","name":"Reda\u00e7\u00e3o JO","image":{"@type":"ImageObject","inLanguage":"pt-PT","@id":"https:\/\/secure.gravatar.com\/avatar\/71f2fa71737ad68a84fea94bc708ddac8ea5b0c4788dc2ad202f3ccb2887742f?s=96&d=wp_user_avatar&r=g","url":"https:\/\/secure.gravatar.com\/avatar\/71f2fa71737ad68a84fea94bc708ddac8ea5b0c4788dc2ad202f3ccb2887742f?s=96&d=wp_user_avatar&r=g","contentUrl":"https:\/\/secure.gravatar.com\/avatar\/71f2fa71737ad68a84fea94bc708ddac8ea5b0c4788dc2ad202f3ccb2887742f?s=96&d=wp_user_avatar&r=g","caption":"Reda\u00e7\u00e3o JO"},"url":"https:\/\/jornaldasoficinas.com\/pt\/author\/joredacao\/"}]}},"_links":{"self":[{"href":"https:\/\/jornaldasoficinas.com\/pt\/wp-json\/wp\/v2\/posts\/31232","targetHints":{"allow":["GET"]}}],"collection":[{"href":"https:\/\/jornaldasoficinas.com\/pt\/wp-json\/wp\/v2\/posts"}],"about":[{"href":"https:\/\/jornaldasoficinas.com\/pt\/wp-json\/wp\/v2\/types\/post"}],"author":[{"embeddable":true,"href":"https:\/\/jornaldasoficinas.com\/pt\/wp-json\/wp\/v2\/users\/15"}],"replies":[{"embeddable":true,"href":"https:\/\/jornaldasoficinas.com\/pt\/wp-json\/wp\/v2\/comments?post=31232"}],"version-history":[{"count":0,"href":"https:\/\/jornaldasoficinas.com\/pt\/wp-json\/wp\/v2\/posts\/31232\/revisions"}],"wp:featuredmedia":[{"embeddable":true,"href":"https:\/\/jornaldasoficinas.com\/pt\/wp-json\/wp\/v2\/media\/31199"}],"wp:attachment":[{"href":"https:\/\/jornaldasoficinas.com\/pt\/wp-json\/wp\/v2\/media?parent=31232"}],"wp:term":[{"taxonomy":"category","embeddable":true,"href":"https:\/\/jornaldasoficinas.com\/pt\/wp-json\/wp\/v2\/categories?post=31232"},{"taxonomy":"post_tag","embeddable":true,"href":"https:\/\/jornaldasoficinas.com\/pt\/wp-json\/wp\/v2\/tags?post=31232"}],"curies":[{"name":"wp","href":"https:\/\/api.w.org\/{rel}","templated":true}]}}