{"id":31263,"date":"2022-07-11T12:00:48","date_gmt":"2022-07-11T11:00:48","guid":{"rendered":"https:\/\/jornaldasoficinas.com\/pt\/?p=31263"},"modified":"2023-07-20T16:11:42","modified_gmt":"2023-07-20T15:11:42","slug":"ford-trucks-desvenda-nova-gama-veiculos-construcao","status":"publish","type":"post","link":"https:\/\/jornaldasoficinas.com\/pt\/ford-trucks-desvenda-nova-gama-veiculos-construcao\/","title":{"rendered":"Ford Trucks desvenda nova gama ve\u00edculos constru\u00e7\u00e3o"},"content":{"rendered":"<p><strong><img loading=\"lazy\" decoding=\"async\" class=\"alignnone size-full wp-image-31203\" src=\"https:\/\/jornaldasoficinas.com\/pt\/wp-content\/uploads\/2022\/07\/Ford-Trucks-desvenda-nova-gama-de-vei\u0301culos-de-construc\u0327a\u0303o.jpg\" alt=\"07 - Ford Trucks desvenda nova gama de vei\u0301culos de construc\u0327a\u0303o\" width=\"1024\" height=\"581\" srcset=\"https:\/\/jornaldasoficinas.com\/pt\/wp-content\/uploads\/2022\/07\/Ford-Trucks-desvenda-nova-gama-de-vei\u0301culos-de-construc\u0327a\u0303o.jpg 1024w, https:\/\/jornaldasoficinas.com\/pt\/wp-content\/uploads\/2022\/07\/Ford-Trucks-desvenda-nova-gama-de-vei\u0301culos-de-construc\u0327a\u0303o-300x170.jpg 300w, https:\/\/jornaldasoficinas.com\/pt\/wp-content\/uploads\/2022\/07\/Ford-Trucks-desvenda-nova-gama-de-vei\u0301culos-de-construc\u0327a\u0303o-150x85.jpg 150w, https:\/\/jornaldasoficinas.com\/pt\/wp-content\/uploads\/2022\/07\/Ford-Trucks-desvenda-nova-gama-de-vei\u0301culos-de-construc\u0327a\u0303o-768x436.jpg 768w\" sizes=\"auto, (max-width: 1024px) 100vw, 1024px\" \/><\/strong><\/p>\n<p><strong>A <a href=\"https:\/\/www.fordtrucks.pt\/\" target=\"_blank\" rel=\"noopener\">Ford Trucks<\/a> apresentou a sua gama de ve\u00edculos de constru\u00e7\u00e3o a clientes, parceiros e equipa num encontro que decorreu, no passado dia 25, no Aer\u00f3dromo de F\u00e1tima. Os participantes tiveram a oportunidade de testar\u00a0in loco\u00a0a resist\u00eancia dos ve\u00edculos Ford Trucks num circuito semelhante \u00e0s condi\u00e7\u00f5es dos locais onde, diariamente, s\u00e3o colocados \u00e0 prova<\/strong><\/p>\n<p>Privilegiando a pot\u00eancia e estabilidade, os motores Ecotorq Euro 6 dos ve\u00edculos de constru\u00e7\u00e3o da marca permitem um baixo consumo de combust\u00edvel, um forte sistema de travagem e extrema durabilidade em todas as condi\u00e7\u00f5es de carga, ao mesmo tempo que a cabina ergon\u00f3mica renovada aumenta o conforto e a produtividade do condutor.<\/p>\n<p>Com esta gama, a Ford Trucks pretende responder \u00e0s necessidades dos seus clientes com um portf\u00f3lio que inclui ve\u00edculos basculantes e auto betoneiras.<\/p>\n<p>Os ve\u00edculos basculantes, robustos e econ\u00f3micos, combinam a economia de combust\u00edvel com equipamento de s\u00e9rie que apresenta um motor de 420 HP e uma elevada capacidade de carga, prontos para cumprir a sua miss\u00e3o nos mais variados locais, com elevada manobrabilidade, flexibilidade e facilidade de condu\u00e7\u00e3o.<\/p>\n<p>Por sua vez, as auto betoneiras permitem o transporte de bet\u00e3o para qualquer local, quer seja na estrada ou estaleiro, al\u00e9m de combinarem um potente motor com uma elevada capacidade de carga e a funcionalidade mista, proporcionando a garantia de rentabilidade.<\/p>\n<p>Segundo Bruno Oliveira, CEO da Ford Trucks Portugal, esta iniciativa enquadra-se na estrat\u00e9gia de consolida\u00e7\u00e3o da marca Ford Trucks em Portugal, refor\u00e7ando a presen\u00e7a desta na gama de ve\u00edculos de constru\u00e7\u00e3o. \u201cEstamos a consolidar a presen\u00e7a da marca Ford Trucks em Portugal, refor\u00e7ando agora a nossa aposta na gama de constru\u00e7\u00e3o que, nesta altura volta a ganhar relev\u00e2ncia depois dos \u00faltimos anos de menor atividade. O mercado conhece e reconhece-nos pela confian\u00e7a que pode depositar nos nossos ve\u00edculos e acreditamos que vamos atingir os nossos objetivos neste segmento\u201d, referiu.<\/p>\n","protected":false},"excerpt":{"rendered":"<p>A Ford Trucks apresentou a sua&#8230;<\/p>\n","protected":false},"author":15,"featured_media":31203,"comment_status":"closed","ping_status":"closed","sticky":false,"template":"","format":"standard","meta":{"footnotes":""},"categories":[29],"tags":[320],"class_list":["post-31263","post","type-post","status-publish","format-standard","has-post-thumbnail","hentry","category-empresas","tag-ford-trucks"],"yoast_head":"<!-- This site is optimized with the Yoast SEO plugin v27.4 - https:\/\/yoast.com\/product\/yoast-seo-wordpress\/ -->\n<title>Ford Trucks desvenda nova gama ve\u00edculos constru\u00e7\u00e3o - Jornal das Oficinas<\/title>\n<meta name=\"robots\" content=\"index, follow, max-snippet:-1, max-image-preview:large, max-video-preview:-1\" \/>\n<link rel=\"canonical\" href=\"https:\/\/jornaldasoficinas.com\/pt\/ford-trucks-desvenda-nova-gama-veiculos-construcao\/\" \/>\n<meta property=\"og:locale\" content=\"pt_PT\" \/>\n<meta property=\"og:type\" content=\"article\" \/>\n<meta property=\"og:title\" content=\"Ford Trucks desvenda nova gama ve\u00edculos constru\u00e7\u00e3o - Jornal das Oficinas\" \/>\n<meta property=\"og:description\" content=\"A Ford Trucks apresentou a sua...\" \/>\n<meta property=\"og:url\" content=\"https:\/\/jornaldasoficinas.com\/pt\/ford-trucks-desvenda-nova-gama-veiculos-construcao\/\" \/>\n<meta property=\"og:site_name\" content=\"Jornal das Oficinas\" \/>\n<meta property=\"article:publisher\" content=\"https:\/\/www.facebook.com\/jornaloficinas\" \/>\n<meta property=\"article:published_time\" content=\"2022-07-11T11:00:48+00:00\" \/>\n<meta property=\"article:modified_time\" content=\"2023-07-20T15:11:42+00:00\" \/>\n<meta property=\"og:image\" content=\"https:\/\/jornaldasoficinas.com\/pt\/wp-content\/uploads\/2022\/07\/Ford-Trucks-desvenda-nova-gama-de-vei\u0301culos-de-construc\u0327a\u0303o.jpg\" \/>\n\t<meta property=\"og:image:width\" content=\"1024\" \/>\n\t<meta property=\"og:image:height\" content=\"581\" \/>\n\t<meta property=\"og:image:type\" content=\"image\/jpeg\" \/>\n<meta name=\"author\" content=\"Reda\u00e7\u00e3o JO\" \/>\n<meta name=\"twitter:card\" content=\"summary_large_image\" \/>\n<meta name=\"twitter:creator\" content=\"@jornaloficinas\" \/>\n<meta name=\"twitter:site\" content=\"@jornaloficinas\" \/>\n<meta name=\"twitter:label1\" content=\"Escrito por\" \/>\n\t<meta name=\"twitter:data1\" content=\"Reda\u00e7\u00e3o JO\" \/>\n\t<meta name=\"twitter:label2\" content=\"Tempo estimado de leitura\" \/>\n\t<meta name=\"twitter:data2\" content=\"2 minutos\" \/>\n<script type=\"application\/ld+json\" class=\"yoast-schema-graph\">{\"@context\":\"https:\\\/\\\/schema.org\",\"@graph\":[{\"@type\":\"Article\",\"@id\":\"https:\\\/\\\/jornaldasoficinas.com\\\/pt\\\/ford-trucks-desvenda-nova-gama-veiculos-construcao\\\/#article\",\"isPartOf\":{\"@id\":\"https:\\\/\\\/jornaldasoficinas.com\\\/pt\\\/ford-trucks-desvenda-nova-gama-veiculos-construcao\\\/\"},\"author\":{\"name\":\"Reda\u00e7\u00e3o JO\",\"@id\":\"https:\\\/\\\/jornaldasoficinas.com\\\/pt\\\/#\\\/schema\\\/person\\\/a38eef5de2c41d9e7c9ac10141afddf3\"},\"headline\":\"Ford Trucks desvenda nova gama ve\u00edculos constru\u00e7\u00e3o\",\"datePublished\":\"2022-07-11T11:00:48+00:00\",\"dateModified\":\"2023-07-20T15:11:42+00:00\",\"mainEntityOfPage\":{\"@id\":\"https:\\\/\\\/jornaldasoficinas.com\\\/pt\\\/ford-trucks-desvenda-nova-gama-veiculos-construcao\\\/\"},\"wordCount\":348,\"publisher\":{\"@id\":\"https:\\\/\\\/jornaldasoficinas.com\\\/pt\\\/#organization\"},\"image\":{\"@id\":\"https:\\\/\\\/jornaldasoficinas.com\\\/pt\\\/ford-trucks-desvenda-nova-gama-veiculos-construcao\\\/#primaryimage\"},\"thumbnailUrl\":\"https:\\\/\\\/jornaldasoficinas.com\\\/pt\\\/wp-content\\\/uploads\\\/2022\\\/07\\\/Ford-Trucks-desvenda-nova-gama-de-vei\u0301culos-de-construc\u0327a\u0303o.jpg\",\"keywords\":[\"Ford Trucks\"],\"articleSection\":[\"Empresas\"],\"inLanguage\":\"pt-PT\"},{\"@type\":\"WebPage\",\"@id\":\"https:\\\/\\\/jornaldasoficinas.com\\\/pt\\\/ford-trucks-desvenda-nova-gama-veiculos-construcao\\\/\",\"url\":\"https:\\\/\\\/jornaldasoficinas.com\\\/pt\\\/ford-trucks-desvenda-nova-gama-veiculos-construcao\\\/\",\"name\":\"Ford Trucks desvenda nova gama ve\u00edculos constru\u00e7\u00e3o - Jornal das Oficinas\",\"isPartOf\":{\"@id\":\"https:\\\/\\\/jornaldasoficinas.com\\\/pt\\\/#website\"},\"primaryImageOfPage\":{\"@id\":\"https:\\\/\\\/jornaldasoficinas.com\\\/pt\\\/ford-trucks-desvenda-nova-gama-veiculos-construcao\\\/#primaryimage\"},\"image\":{\"@id\":\"https:\\\/\\\/jornaldasoficinas.com\\\/pt\\\/ford-trucks-desvenda-nova-gama-veiculos-construcao\\\/#primaryimage\"},\"thumbnailUrl\":\"https:\\\/\\\/jornaldasoficinas.com\\\/pt\\\/wp-content\\\/uploads\\\/2022\\\/07\\\/Ford-Trucks-desvenda-nova-gama-de-vei\u0301culos-de-construc\u0327a\u0303o.jpg\",\"datePublished\":\"2022-07-11T11:00:48+00:00\",\"dateModified\":\"2023-07-20T15:11:42+00:00\",\"breadcrumb\":{\"@id\":\"https:\\\/\\\/jornaldasoficinas.com\\\/pt\\\/ford-trucks-desvenda-nova-gama-veiculos-construcao\\\/#breadcrumb\"},\"inLanguage\":\"pt-PT\",\"potentialAction\":[{\"@type\":\"ReadAction\",\"target\":[\"https:\\\/\\\/jornaldasoficinas.com\\\/pt\\\/ford-trucks-desvenda-nova-gama-veiculos-construcao\\\/\"]}]},{\"@type\":\"ImageObject\",\"inLanguage\":\"pt-PT\",\"@id\":\"https:\\\/\\\/jornaldasoficinas.com\\\/pt\\\/ford-trucks-desvenda-nova-gama-veiculos-construcao\\\/#primaryimage\",\"url\":\"https:\\\/\\\/jornaldasoficinas.com\\\/pt\\\/wp-content\\\/uploads\\\/2022\\\/07\\\/Ford-Trucks-desvenda-nova-gama-de-vei\u0301culos-de-construc\u0327a\u0303o.jpg\",\"contentUrl\":\"https:\\\/\\\/jornaldasoficinas.com\\\/pt\\\/wp-content\\\/uploads\\\/2022\\\/07\\\/Ford-Trucks-desvenda-nova-gama-de-vei\u0301culos-de-construc\u0327a\u0303o.jpg\",\"width\":1024,\"height\":581,\"caption\":\"07 - Ford Trucks desvenda nova gama de vei\u0301culos de construc\u0327a\u0303o\"},{\"@type\":\"BreadcrumbList\",\"@id\":\"https:\\\/\\\/jornaldasoficinas.com\\\/pt\\\/ford-trucks-desvenda-nova-gama-veiculos-construcao\\\/#breadcrumb\",\"itemListElement\":[{\"@type\":\"ListItem\",\"position\":1,\"name\":\"In\u00edcio\",\"item\":\"https:\\\/\\\/jornaldasoficinas.com\\\/pt\\\/\"},{\"@type\":\"ListItem\",\"position\":2,\"name\":\"Ford Trucks desvenda nova gama ve\u00edculos constru\u00e7\u00e3o\"}]},{\"@type\":\"WebSite\",\"@id\":\"https:\\\/\\\/jornaldasoficinas.com\\\/pt\\\/#website\",\"url\":\"https:\\\/\\\/jornaldasoficinas.com\\\/pt\\\/\",\"name\":\"Jornal das Oficinas\",\"description\":\"Jornal independente do Aftermarket Autom\u00f3vel em Portugal\",\"publisher\":{\"@id\":\"https:\\\/\\\/jornaldasoficinas.com\\\/pt\\\/#organization\"},\"potentialAction\":[{\"@type\":\"SearchAction\",\"target\":{\"@type\":\"EntryPoint\",\"urlTemplate\":\"https:\\\/\\\/jornaldasoficinas.com\\\/pt\\\/?s={search_term_string}\"},\"query-input\":{\"@type\":\"PropertyValueSpecification\",\"valueRequired\":true,\"valueName\":\"search_term_string\"}}],\"inLanguage\":\"pt-PT\"},{\"@type\":\"Organization\",\"@id\":\"https:\\\/\\\/jornaldasoficinas.com\\\/pt\\\/#organization\",\"name\":\"Jornal das Oficinas\",\"url\":\"https:\\\/\\\/jornaldasoficinas.com\\\/pt\\\/\",\"logo\":{\"@type\":\"ImageObject\",\"inLanguage\":\"pt-PT\",\"@id\":\"https:\\\/\\\/jornaldasoficinas.com\\\/pt\\\/#\\\/schema\\\/logo\\\/image\\\/\",\"url\":\"https:\\\/\\\/jornaldasoficinas.com\\\/pt\\\/wp-content\\\/uploads\\\/logoJO-SEO.png\",\"contentUrl\":\"https:\\\/\\\/jornaldasoficinas.com\\\/pt\\\/wp-content\\\/uploads\\\/logoJO-SEO.png\",\"width\":285,\"height\":450,\"caption\":\"Jornal das Oficinas\"},\"image\":{\"@id\":\"https:\\\/\\\/jornaldasoficinas.com\\\/pt\\\/#\\\/schema\\\/logo\\\/image\\\/\"},\"sameAs\":[\"https:\\\/\\\/www.facebook.com\\\/jornaloficinas\",\"https:\\\/\\\/x.com\\\/jornaloficinas\",\"https:\\\/\\\/www.instagram.com\\\/jornal_oficinas\\\/\",\"https:\\\/\\\/www.linkedin.com\\\/company\\\/jornal-das-oficinas\\\/\",\"https:\\\/\\\/www.youtube.com\\\/channel\\\/UCbQZBqtcvV-oSQrr7RzINGg\"]},{\"@type\":\"Person\",\"@id\":\"https:\\\/\\\/jornaldasoficinas.com\\\/pt\\\/#\\\/schema\\\/person\\\/a38eef5de2c41d9e7c9ac10141afddf3\",\"name\":\"Reda\u00e7\u00e3o JO\",\"image\":{\"@type\":\"ImageObject\",\"inLanguage\":\"pt-PT\",\"@id\":\"https:\\\/\\\/secure.gravatar.com\\\/avatar\\\/71f2fa71737ad68a84fea94bc708ddac8ea5b0c4788dc2ad202f3ccb2887742f?s=96&d=wp_user_avatar&r=g\",\"url\":\"https:\\\/\\\/secure.gravatar.com\\\/avatar\\\/71f2fa71737ad68a84fea94bc708ddac8ea5b0c4788dc2ad202f3ccb2887742f?s=96&d=wp_user_avatar&r=g\",\"contentUrl\":\"https:\\\/\\\/secure.gravatar.com\\\/avatar\\\/71f2fa71737ad68a84fea94bc708ddac8ea5b0c4788dc2ad202f3ccb2887742f?s=96&d=wp_user_avatar&r=g\",\"caption\":\"Reda\u00e7\u00e3o JO\"},\"url\":\"https:\\\/\\\/jornaldasoficinas.com\\\/pt\\\/author\\\/joredacao\\\/\"}]}<\/script>\n<!-- \/ Yoast SEO plugin. -->","yoast_head_json":{"title":"Ford Trucks desvenda nova gama ve\u00edculos constru\u00e7\u00e3o - Jornal das Oficinas","robots":{"index":"index","follow":"follow","max-snippet":"max-snippet:-1","max-image-preview":"max-image-preview:large","max-video-preview":"max-video-preview:-1"},"canonical":"https:\/\/jornaldasoficinas.com\/pt\/ford-trucks-desvenda-nova-gama-veiculos-construcao\/","og_locale":"pt_PT","og_type":"article","og_title":"Ford Trucks desvenda nova gama ve\u00edculos constru\u00e7\u00e3o - Jornal das Oficinas","og_description":"A Ford Trucks apresentou a sua...","og_url":"https:\/\/jornaldasoficinas.com\/pt\/ford-trucks-desvenda-nova-gama-veiculos-construcao\/","og_site_name":"Jornal das Oficinas","article_publisher":"https:\/\/www.facebook.com\/jornaloficinas","article_published_time":"2022-07-11T11:00:48+00:00","article_modified_time":"2023-07-20T15:11:42+00:00","og_image":[{"width":1024,"height":581,"url":"https:\/\/jornaldasoficinas.com\/pt\/wp-content\/uploads\/2022\/07\/Ford-Trucks-desvenda-nova-gama-de-vei\u0301culos-de-construc\u0327a\u0303o.jpg","type":"image\/jpeg"}],"author":"Reda\u00e7\u00e3o JO","twitter_card":"summary_large_image","twitter_creator":"@jornaloficinas","twitter_site":"@jornaloficinas","twitter_misc":{"Escrito por":"Reda\u00e7\u00e3o JO","Tempo estimado de leitura":"2 minutos"},"schema":{"@context":"https:\/\/schema.org","@graph":[{"@type":"Article","@id":"https:\/\/jornaldasoficinas.com\/pt\/ford-trucks-desvenda-nova-gama-veiculos-construcao\/#article","isPartOf":{"@id":"https:\/\/jornaldasoficinas.com\/pt\/ford-trucks-desvenda-nova-gama-veiculos-construcao\/"},"author":{"name":"Reda\u00e7\u00e3o JO","@id":"https:\/\/jornaldasoficinas.com\/pt\/#\/schema\/person\/a38eef5de2c41d9e7c9ac10141afddf3"},"headline":"Ford Trucks desvenda nova gama ve\u00edculos constru\u00e7\u00e3o","datePublished":"2022-07-11T11:00:48+00:00","dateModified":"2023-07-20T15:11:42+00:00","mainEntityOfPage":{"@id":"https:\/\/jornaldasoficinas.com\/pt\/ford-trucks-desvenda-nova-gama-veiculos-construcao\/"},"wordCount":348,"publisher":{"@id":"https:\/\/jornaldasoficinas.com\/pt\/#organization"},"image":{"@id":"https:\/\/jornaldasoficinas.com\/pt\/ford-trucks-desvenda-nova-gama-veiculos-construcao\/#primaryimage"},"thumbnailUrl":"https:\/\/jornaldasoficinas.com\/pt\/wp-content\/uploads\/2022\/07\/Ford-Trucks-desvenda-nova-gama-de-vei\u0301culos-de-construc\u0327a\u0303o.jpg","keywords":["Ford Trucks"],"articleSection":["Empresas"],"inLanguage":"pt-PT"},{"@type":"WebPage","@id":"https:\/\/jornaldasoficinas.com\/pt\/ford-trucks-desvenda-nova-gama-veiculos-construcao\/","url":"https:\/\/jornaldasoficinas.com\/pt\/ford-trucks-desvenda-nova-gama-veiculos-construcao\/","name":"Ford Trucks desvenda nova gama ve\u00edculos constru\u00e7\u00e3o - Jornal das Oficinas","isPartOf":{"@id":"https:\/\/jornaldasoficinas.com\/pt\/#website"},"primaryImageOfPage":{"@id":"https:\/\/jornaldasoficinas.com\/pt\/ford-trucks-desvenda-nova-gama-veiculos-construcao\/#primaryimage"},"image":{"@id":"https:\/\/jornaldasoficinas.com\/pt\/ford-trucks-desvenda-nova-gama-veiculos-construcao\/#primaryimage"},"thumbnailUrl":"https:\/\/jornaldasoficinas.com\/pt\/wp-content\/uploads\/2022\/07\/Ford-Trucks-desvenda-nova-gama-de-vei\u0301culos-de-construc\u0327a\u0303o.jpg","datePublished":"2022-07-11T11:00:48+00:00","dateModified":"2023-07-20T15:11:42+00:00","breadcrumb":{"@id":"https:\/\/jornaldasoficinas.com\/pt\/ford-trucks-desvenda-nova-gama-veiculos-construcao\/#breadcrumb"},"inLanguage":"pt-PT","potentialAction":[{"@type":"ReadAction","target":["https:\/\/jornaldasoficinas.com\/pt\/ford-trucks-desvenda-nova-gama-veiculos-construcao\/"]}]},{"@type":"ImageObject","inLanguage":"pt-PT","@id":"https:\/\/jornaldasoficinas.com\/pt\/ford-trucks-desvenda-nova-gama-veiculos-construcao\/#primaryimage","url":"https:\/\/jornaldasoficinas.com\/pt\/wp-content\/uploads\/2022\/07\/Ford-Trucks-desvenda-nova-gama-de-vei\u0301culos-de-construc\u0327a\u0303o.jpg","contentUrl":"https:\/\/jornaldasoficinas.com\/pt\/wp-content\/uploads\/2022\/07\/Ford-Trucks-desvenda-nova-gama-de-vei\u0301culos-de-construc\u0327a\u0303o.jpg","width":1024,"height":581,"caption":"07 - Ford Trucks desvenda nova gama de vei\u0301culos de construc\u0327a\u0303o"},{"@type":"BreadcrumbList","@id":"https:\/\/jornaldasoficinas.com\/pt\/ford-trucks-desvenda-nova-gama-veiculos-construcao\/#breadcrumb","itemListElement":[{"@type":"ListItem","position":1,"name":"In\u00edcio","item":"https:\/\/jornaldasoficinas.com\/pt\/"},{"@type":"ListItem","position":2,"name":"Ford Trucks desvenda nova gama ve\u00edculos constru\u00e7\u00e3o"}]},{"@type":"WebSite","@id":"https:\/\/jornaldasoficinas.com\/pt\/#website","url":"https:\/\/jornaldasoficinas.com\/pt\/","name":"Jornal das Oficinas","description":"Jornal independente do Aftermarket Autom\u00f3vel em Portugal","publisher":{"@id":"https:\/\/jornaldasoficinas.com\/pt\/#organization"},"potentialAction":[{"@type":"SearchAction","target":{"@type":"EntryPoint","urlTemplate":"https:\/\/jornaldasoficinas.com\/pt\/?s={search_term_string}"},"query-input":{"@type":"PropertyValueSpecification","valueRequired":true,"valueName":"search_term_string"}}],"inLanguage":"pt-PT"},{"@type":"Organization","@id":"https:\/\/jornaldasoficinas.com\/pt\/#organization","name":"Jornal das Oficinas","url":"https:\/\/jornaldasoficinas.com\/pt\/","logo":{"@type":"ImageObject","inLanguage":"pt-PT","@id":"https:\/\/jornaldasoficinas.com\/pt\/#\/schema\/logo\/image\/","url":"https:\/\/jornaldasoficinas.com\/pt\/wp-content\/uploads\/logoJO-SEO.png","contentUrl":"https:\/\/jornaldasoficinas.com\/pt\/wp-content\/uploads\/logoJO-SEO.png","width":285,"height":450,"caption":"Jornal das Oficinas"},"image":{"@id":"https:\/\/jornaldasoficinas.com\/pt\/#\/schema\/logo\/image\/"},"sameAs":["https:\/\/www.facebook.com\/jornaloficinas","https:\/\/x.com\/jornaloficinas","https:\/\/www.instagram.com\/jornal_oficinas\/","https:\/\/www.linkedin.com\/company\/jornal-das-oficinas\/","https:\/\/www.youtube.com\/channel\/UCbQZBqtcvV-oSQrr7RzINGg"]},{"@type":"Person","@id":"https:\/\/jornaldasoficinas.com\/pt\/#\/schema\/person\/a38eef5de2c41d9e7c9ac10141afddf3","name":"Reda\u00e7\u00e3o JO","image":{"@type":"ImageObject","inLanguage":"pt-PT","@id":"https:\/\/secure.gravatar.com\/avatar\/71f2fa71737ad68a84fea94bc708ddac8ea5b0c4788dc2ad202f3ccb2887742f?s=96&d=wp_user_avatar&r=g","url":"https:\/\/secure.gravatar.com\/avatar\/71f2fa71737ad68a84fea94bc708ddac8ea5b0c4788dc2ad202f3ccb2887742f?s=96&d=wp_user_avatar&r=g","contentUrl":"https:\/\/secure.gravatar.com\/avatar\/71f2fa71737ad68a84fea94bc708ddac8ea5b0c4788dc2ad202f3ccb2887742f?s=96&d=wp_user_avatar&r=g","caption":"Reda\u00e7\u00e3o JO"},"url":"https:\/\/jornaldasoficinas.com\/pt\/author\/joredacao\/"}]}},"_links":{"self":[{"href":"https:\/\/jornaldasoficinas.com\/pt\/wp-json\/wp\/v2\/posts\/31263","targetHints":{"allow":["GET"]}}],"collection":[{"href":"https:\/\/jornaldasoficinas.com\/pt\/wp-json\/wp\/v2\/posts"}],"about":[{"href":"https:\/\/jornaldasoficinas.com\/pt\/wp-json\/wp\/v2\/types\/post"}],"author":[{"embeddable":true,"href":"https:\/\/jornaldasoficinas.com\/pt\/wp-json\/wp\/v2\/users\/15"}],"replies":[{"embeddable":true,"href":"https:\/\/jornaldasoficinas.com\/pt\/wp-json\/wp\/v2\/comments?post=31263"}],"version-history":[{"count":0,"href":"https:\/\/jornaldasoficinas.com\/pt\/wp-json\/wp\/v2\/posts\/31263\/revisions"}],"wp:featuredmedia":[{"embeddable":true,"href":"https:\/\/jornaldasoficinas.com\/pt\/wp-json\/wp\/v2\/media\/31203"}],"wp:attachment":[{"href":"https:\/\/jornaldasoficinas.com\/pt\/wp-json\/wp\/v2\/media?parent=31263"}],"wp:term":[{"taxonomy":"category","embeddable":true,"href":"https:\/\/jornaldasoficinas.com\/pt\/wp-json\/wp\/v2\/categories?post=31263"},{"taxonomy":"post_tag","embeddable":true,"href":"https:\/\/jornaldasoficinas.com\/pt\/wp-json\/wp\/v2\/tags?post=31263"}],"curies":[{"name":"wp","href":"https:\/\/api.w.org\/{rel}","templated":true}]}}