{"id":31356,"date":"2022-07-14T18:00:19","date_gmt":"2022-07-14T17:00:19","guid":{"rendered":"https:\/\/jornaldasoficinas.com\/pt\/?p=31356"},"modified":"2022-07-14T12:25:21","modified_gmt":"2022-07-14T11:25:21","slug":"portuguesa-miio-entra-no-mercado-espanhol","status":"publish","type":"post","link":"https:\/\/jornaldasoficinas.com\/pt\/portuguesa-miio-entra-no-mercado-espanhol\/","title":{"rendered":"Portuguesa miio entra no mercado espanhol"},"content":{"rendered":"<p><img loading=\"lazy\" decoding=\"async\" class=\"alignnone size-full wp-image-31305\" src=\"https:\/\/jornaldasoficinas.com\/pt\/wp-content\/uploads\/2022\/07\/Portuguesa-miio-entra-no-mercado-espanhol.jpg\" alt=\"07 - Portuguesa miio entra no mercado espanhol\" width=\"1024\" height=\"581\" srcset=\"https:\/\/jornaldasoficinas.com\/pt\/wp-content\/uploads\/2022\/07\/Portuguesa-miio-entra-no-mercado-espanhol.jpg 1024w, https:\/\/jornaldasoficinas.com\/pt\/wp-content\/uploads\/2022\/07\/Portuguesa-miio-entra-no-mercado-espanhol-300x170.jpg 300w, https:\/\/jornaldasoficinas.com\/pt\/wp-content\/uploads\/2022\/07\/Portuguesa-miio-entra-no-mercado-espanhol-150x85.jpg 150w, https:\/\/jornaldasoficinas.com\/pt\/wp-content\/uploads\/2022\/07\/Portuguesa-miio-entra-no-mercado-espanhol-768x436.jpg 768w\" sizes=\"auto, (max-width: 1024px) 100vw, 1024px\" \/><\/p>\n<p><strong>Espanha \u00e9 o primeiro mercado internacional da empresa portuguesa <a href=\"https:\/\/www.miio.pt\/\" target=\"_blank\" rel=\"noopener\">miio<\/a> que, ao longo dos \u00faltimos tr\u00eas anos, tem sido pioneira no mercado da mobilidade el\u00e9trica em Portugal, com servi\u00e7os inovadores para os utilizadores de ve\u00edculos el\u00e9tricos<\/strong><\/p>\n<p>A entrada em Espanha acontece com a possibilidade de carregamento em 120 postos, incluindo a rede Ionity de super-carregadores. At\u00e9 ao final do ano, a miio prev\u00ea aumentar para 3.000 o n\u00famero de postos onde \u00e9 poss\u00edvel carregar com a empresa neste mercado.<\/p>\n<p>A miio continua a crescer e est\u00e1 a contratar novos recursos para acompanhar o processo de expans\u00e3o da empresa para novos mercados.<\/p>\n<p>A partir de agora, portugueses que se desloquem ao pa\u00eds vizinho, residentes espanh\u00f3is utilizadores de ve\u00edculos el\u00e9tricos e outros utilizadores podem aceder aos diversos servi\u00e7os da miio, que visam tornar a utiliza\u00e7\u00e3o e carregamento de ve\u00edculos el\u00e9tricos cada vez mais pr\u00e1tica e conveniente.<\/p>\n<p>Atrav\u00e9s da app miio passa a ser poss\u00edvel aceder \u00e0 localiza\u00e7\u00e3o dos 120 postos de carregamento no mercado espanhol, onde se poder\u00e1 carregar um ve\u00edculo el\u00e9trico com a empresa portuguesa. O objetivo da miio \u00e9 alcan\u00e7ar um total de 3.000 postos de carregamento em Espanha, at\u00e9 ao final deste ano. Atrav\u00e9s da conex\u00e3o \u00e0s plataformas de roaming europeias, ser\u00e1 poss\u00edvel viajar com a miio em Espanha, com as liga\u00e7\u00f5es diretas a outros CPOs a serem planeadas para uma segunda fase do estabelecimento da miio em Espanha.<\/p>\n<p>\u201cO que pretendemos com este novo passo da miio \u00e9 levar para Espanha o que acreditamos j\u00e1 fazer bem em Portugal: simplicidade e confian\u00e7a para viajar num ve\u00edculo el\u00e9trico. O mercado de mobilidade el\u00e9trica europeu \u00e9 altamente fragmentado e bastante diferente do portugu\u00eas, sendo que o nosso objetivo \u00e9 o de proporcionar uma melhor experi\u00eancia para o consumidor, independentemente da sua nacionalidade ou local de origem\u201d, comenta Daniela Sim\u00f5es, CEO e co-fundadora da miio.<\/p>\n<p>A partir de hoje, os servi\u00e7os e produtos diferenciadores que visam simplificar a utiliza\u00e7\u00e3o e carregamento dos ve\u00edculos el\u00e9tricos, e que incluem o carregamento digital ou o pagamento autom\u00e1tico, estar\u00e3o dispon\u00edveis em Espanha. Nesta primeira fase, apenas o comparador de pre\u00e7os n\u00e3o poder\u00e1 ser utilizado no novo pa\u00eds pelo facto de se tratar de um mercado altamente fragmentado.<\/p>\n<p>\u201cA principal dificuldade encontrada nesta expans\u00e3o para Espanha deveu-se ao facto de n\u00e3o existir uma entidade gestora, como existe em Portugal, que agregue todos os postos do pa\u00eds, o que exigiu um esfor\u00e7o t\u00e9cnico bastante grande da nossa parte para podermos apresentar um produto diferenciador\u201d, explica ainda Daniela Sim\u00f5es.<\/p>\n<p>Para utilizar a miio no mercado espanhol, basta instalar e consultar a app miio para encontrar um dos 120 postos de carregamento dispon\u00edveis e dirigir-se a um posto com o seu ve\u00edculo el\u00e9trico. No local, \u00e9 s\u00f3 selecionar o posto e a tomada que quer usar e clicar em \u201ciniciar\u201d.<\/p>\n<p>A miio conta atualmente com uma equipa de 16 elementos e est\u00e1 a contratar novos recursos para apoiar o seu crescimento e internacionaliza\u00e7\u00e3o. O objetivo \u00e9 continuar a desenvolver novos produtos e servi\u00e7os que possam ser utilizados em Portugal e em outros pa\u00edses, tornando a utiliza\u00e7\u00e3o e carregamento de um ve\u00edculo el\u00e9trico cada vez mais c\u00f3moda e conveniente para qualquer pessoa.<\/p>\n<p>A miio \u00e9 uma aplica\u00e7\u00e3o criada por Rafael Ferreira e Daniela Sim\u00f5es, ambos utilizadores de ve\u00edculos el\u00e9tricos desde 2018. Lan\u00e7ada em maio de 2019, conta j\u00e1 com mais de setenta e cinco mil utilizadores em Portugal.<\/p>\n<p>A miio nasceu da vontade em contribuir para um mundo mais sustent\u00e1vel. Os fundadores acreditam que, ao tornar a mobilidade el\u00e9trica mais simples e acess\u00edvel, abrem portas para que qualquer pessoa possa transitar para um ve\u00edculo el\u00e9trico. A simplifica\u00e7\u00e3o de processos e as ferramentas que assistem o utilizador no processo de decis\u00e3o, contribuem para uma comunidade mais instru\u00edda, permitindo que os utilizadores tenham melhores experi\u00eancias quando conduzem um ve\u00edculo el\u00e9trico.<\/p>\n<p>A miio colabora tamb\u00e9m com o ecossistema na mobilidade el\u00e9trica, com o objetivo de criar uma rede mais confi\u00e1vel, resiliente e eficiente, quer na via p\u00fablica, quer em ambiente dom\u00e9stico, com vista a beneficiar os atuais condutores de ve\u00edculos el\u00e9tricos e os futuros.<\/p>\n<p>A aplica\u00e7\u00e3o pode ser gratuitamente descarregada na Play Store, Apple Store ou vers\u00e3o Web.<\/p>\n","protected":false},"excerpt":{"rendered":"<p>Espanha \u00e9 o primeiro mercado internacional&#8230;<\/p>\n","protected":false},"author":15,"featured_media":31305,"comment_status":"closed","ping_status":"closed","sticky":false,"template":"","format":"standard","meta":{"footnotes":""},"categories":[37],"tags":[2582],"class_list":["post-31356","post","type-post","status-publish","format-standard","has-post-thumbnail","hentry","category-mercado","tag-miio"],"yoast_head":"<!-- This site is optimized with the Yoast SEO plugin v27.5 - https:\/\/yoast.com\/product\/yoast-seo-wordpress\/ -->\n<title>Portuguesa miio entra no mercado espanhol - Jornal das Oficinas<\/title>\n<meta name=\"robots\" content=\"index, follow, max-snippet:-1, max-image-preview:large, max-video-preview:-1\" \/>\n<link rel=\"canonical\" href=\"https:\/\/jornaldasoficinas.com\/pt\/portuguesa-miio-entra-no-mercado-espanhol\/\" \/>\n<meta property=\"og:locale\" content=\"pt_PT\" \/>\n<meta property=\"og:type\" content=\"article\" \/>\n<meta property=\"og:title\" content=\"Portuguesa miio entra no mercado espanhol - Jornal das Oficinas\" \/>\n<meta property=\"og:description\" content=\"Espanha \u00e9 o primeiro mercado internacional...\" \/>\n<meta property=\"og:url\" content=\"https:\/\/jornaldasoficinas.com\/pt\/portuguesa-miio-entra-no-mercado-espanhol\/\" \/>\n<meta property=\"og:site_name\" content=\"Jornal das Oficinas\" \/>\n<meta property=\"article:publisher\" content=\"https:\/\/www.facebook.com\/jornaloficinas\" \/>\n<meta property=\"article:published_time\" content=\"2022-07-14T17:00:19+00:00\" \/>\n<meta property=\"og:image\" content=\"https:\/\/jornaldasoficinas.com\/pt\/wp-content\/uploads\/2022\/07\/Portuguesa-miio-entra-no-mercado-espanhol.jpg\" \/>\n\t<meta property=\"og:image:width\" content=\"1024\" \/>\n\t<meta property=\"og:image:height\" content=\"581\" \/>\n\t<meta property=\"og:image:type\" content=\"image\/jpeg\" \/>\n<meta name=\"author\" content=\"Reda\u00e7\u00e3o JO\" \/>\n<meta name=\"twitter:card\" content=\"summary_large_image\" \/>\n<meta name=\"twitter:creator\" content=\"@jornaloficinas\" \/>\n<meta name=\"twitter:site\" content=\"@jornaloficinas\" \/>\n<meta name=\"twitter:label1\" content=\"Escrito por\" \/>\n\t<meta name=\"twitter:data1\" content=\"Reda\u00e7\u00e3o JO\" \/>\n\t<meta name=\"twitter:label2\" content=\"Tempo estimado de leitura\" \/>\n\t<meta name=\"twitter:data2\" content=\"4 minutos\" \/>\n<script type=\"application\/ld+json\" class=\"yoast-schema-graph\">{\"@context\":\"https:\\\/\\\/schema.org\",\"@graph\":[{\"@type\":\"Article\",\"@id\":\"https:\\\/\\\/jornaldasoficinas.com\\\/pt\\\/portuguesa-miio-entra-no-mercado-espanhol\\\/#article\",\"isPartOf\":{\"@id\":\"https:\\\/\\\/jornaldasoficinas.com\\\/pt\\\/portuguesa-miio-entra-no-mercado-espanhol\\\/\"},\"author\":{\"name\":\"Reda\u00e7\u00e3o JO\",\"@id\":\"https:\\\/\\\/jornaldasoficinas.com\\\/pt\\\/#\\\/schema\\\/person\\\/a38eef5de2c41d9e7c9ac10141afddf3\"},\"headline\":\"Portuguesa miio entra no mercado espanhol\",\"datePublished\":\"2022-07-14T17:00:19+00:00\",\"mainEntityOfPage\":{\"@id\":\"https:\\\/\\\/jornaldasoficinas.com\\\/pt\\\/portuguesa-miio-entra-no-mercado-espanhol\\\/\"},\"wordCount\":758,\"publisher\":{\"@id\":\"https:\\\/\\\/jornaldasoficinas.com\\\/pt\\\/#organization\"},\"image\":{\"@id\":\"https:\\\/\\\/jornaldasoficinas.com\\\/pt\\\/portuguesa-miio-entra-no-mercado-espanhol\\\/#primaryimage\"},\"thumbnailUrl\":\"https:\\\/\\\/jornaldasoficinas.com\\\/pt\\\/wp-content\\\/uploads\\\/2022\\\/07\\\/Portuguesa-miio-entra-no-mercado-espanhol.jpg\",\"keywords\":[\"miio\"],\"articleSection\":[\"Mercado\"],\"inLanguage\":\"pt-PT\"},{\"@type\":\"WebPage\",\"@id\":\"https:\\\/\\\/jornaldasoficinas.com\\\/pt\\\/portuguesa-miio-entra-no-mercado-espanhol\\\/\",\"url\":\"https:\\\/\\\/jornaldasoficinas.com\\\/pt\\\/portuguesa-miio-entra-no-mercado-espanhol\\\/\",\"name\":\"Portuguesa miio entra no mercado espanhol - Jornal das Oficinas\",\"isPartOf\":{\"@id\":\"https:\\\/\\\/jornaldasoficinas.com\\\/pt\\\/#website\"},\"primaryImageOfPage\":{\"@id\":\"https:\\\/\\\/jornaldasoficinas.com\\\/pt\\\/portuguesa-miio-entra-no-mercado-espanhol\\\/#primaryimage\"},\"image\":{\"@id\":\"https:\\\/\\\/jornaldasoficinas.com\\\/pt\\\/portuguesa-miio-entra-no-mercado-espanhol\\\/#primaryimage\"},\"thumbnailUrl\":\"https:\\\/\\\/jornaldasoficinas.com\\\/pt\\\/wp-content\\\/uploads\\\/2022\\\/07\\\/Portuguesa-miio-entra-no-mercado-espanhol.jpg\",\"datePublished\":\"2022-07-14T17:00:19+00:00\",\"breadcrumb\":{\"@id\":\"https:\\\/\\\/jornaldasoficinas.com\\\/pt\\\/portuguesa-miio-entra-no-mercado-espanhol\\\/#breadcrumb\"},\"inLanguage\":\"pt-PT\",\"potentialAction\":[{\"@type\":\"ReadAction\",\"target\":[\"https:\\\/\\\/jornaldasoficinas.com\\\/pt\\\/portuguesa-miio-entra-no-mercado-espanhol\\\/\"]}]},{\"@type\":\"ImageObject\",\"inLanguage\":\"pt-PT\",\"@id\":\"https:\\\/\\\/jornaldasoficinas.com\\\/pt\\\/portuguesa-miio-entra-no-mercado-espanhol\\\/#primaryimage\",\"url\":\"https:\\\/\\\/jornaldasoficinas.com\\\/pt\\\/wp-content\\\/uploads\\\/2022\\\/07\\\/Portuguesa-miio-entra-no-mercado-espanhol.jpg\",\"contentUrl\":\"https:\\\/\\\/jornaldasoficinas.com\\\/pt\\\/wp-content\\\/uploads\\\/2022\\\/07\\\/Portuguesa-miio-entra-no-mercado-espanhol.jpg\",\"width\":1024,\"height\":581,\"caption\":\"07 - Portuguesa miio entra no mercado espanhol\"},{\"@type\":\"BreadcrumbList\",\"@id\":\"https:\\\/\\\/jornaldasoficinas.com\\\/pt\\\/portuguesa-miio-entra-no-mercado-espanhol\\\/#breadcrumb\",\"itemListElement\":[{\"@type\":\"ListItem\",\"position\":1,\"name\":\"In\u00edcio\",\"item\":\"https:\\\/\\\/jornaldasoficinas.com\\\/pt\\\/\"},{\"@type\":\"ListItem\",\"position\":2,\"name\":\"Portuguesa miio entra no mercado espanhol\"}]},{\"@type\":\"WebSite\",\"@id\":\"https:\\\/\\\/jornaldasoficinas.com\\\/pt\\\/#website\",\"url\":\"https:\\\/\\\/jornaldasoficinas.com\\\/pt\\\/\",\"name\":\"Jornal das Oficinas\",\"description\":\"Jornal independente do Aftermarket Autom\u00f3vel em Portugal\",\"publisher\":{\"@id\":\"https:\\\/\\\/jornaldasoficinas.com\\\/pt\\\/#organization\"},\"potentialAction\":[{\"@type\":\"SearchAction\",\"target\":{\"@type\":\"EntryPoint\",\"urlTemplate\":\"https:\\\/\\\/jornaldasoficinas.com\\\/pt\\\/?s={search_term_string}\"},\"query-input\":{\"@type\":\"PropertyValueSpecification\",\"valueRequired\":true,\"valueName\":\"search_term_string\"}}],\"inLanguage\":\"pt-PT\"},{\"@type\":\"Organization\",\"@id\":\"https:\\\/\\\/jornaldasoficinas.com\\\/pt\\\/#organization\",\"name\":\"Jornal das Oficinas\",\"url\":\"https:\\\/\\\/jornaldasoficinas.com\\\/pt\\\/\",\"logo\":{\"@type\":\"ImageObject\",\"inLanguage\":\"pt-PT\",\"@id\":\"https:\\\/\\\/jornaldasoficinas.com\\\/pt\\\/#\\\/schema\\\/logo\\\/image\\\/\",\"url\":\"https:\\\/\\\/jornaldasoficinas.com\\\/pt\\\/wp-content\\\/uploads\\\/logoJO-SEO.png\",\"contentUrl\":\"https:\\\/\\\/jornaldasoficinas.com\\\/pt\\\/wp-content\\\/uploads\\\/logoJO-SEO.png\",\"width\":285,\"height\":450,\"caption\":\"Jornal das Oficinas\"},\"image\":{\"@id\":\"https:\\\/\\\/jornaldasoficinas.com\\\/pt\\\/#\\\/schema\\\/logo\\\/image\\\/\"},\"sameAs\":[\"https:\\\/\\\/www.facebook.com\\\/jornaloficinas\",\"https:\\\/\\\/x.com\\\/jornaloficinas\",\"https:\\\/\\\/www.instagram.com\\\/jornal_oficinas\\\/\",\"https:\\\/\\\/www.linkedin.com\\\/company\\\/jornal-das-oficinas\\\/\",\"https:\\\/\\\/www.youtube.com\\\/channel\\\/UCbQZBqtcvV-oSQrr7RzINGg\"]},{\"@type\":\"Person\",\"@id\":\"https:\\\/\\\/jornaldasoficinas.com\\\/pt\\\/#\\\/schema\\\/person\\\/a38eef5de2c41d9e7c9ac10141afddf3\",\"name\":\"Reda\u00e7\u00e3o JO\",\"image\":{\"@type\":\"ImageObject\",\"inLanguage\":\"pt-PT\",\"@id\":\"https:\\\/\\\/secure.gravatar.com\\\/avatar\\\/71f2fa71737ad68a84fea94bc708ddac8ea5b0c4788dc2ad202f3ccb2887742f?s=96&d=wp_user_avatar&r=g\",\"url\":\"https:\\\/\\\/secure.gravatar.com\\\/avatar\\\/71f2fa71737ad68a84fea94bc708ddac8ea5b0c4788dc2ad202f3ccb2887742f?s=96&d=wp_user_avatar&r=g\",\"contentUrl\":\"https:\\\/\\\/secure.gravatar.com\\\/avatar\\\/71f2fa71737ad68a84fea94bc708ddac8ea5b0c4788dc2ad202f3ccb2887742f?s=96&d=wp_user_avatar&r=g\",\"caption\":\"Reda\u00e7\u00e3o JO\"},\"url\":\"https:\\\/\\\/jornaldasoficinas.com\\\/pt\\\/author\\\/joredacao\\\/\"}]}<\/script>\n<!-- \/ Yoast SEO plugin. -->","yoast_head_json":{"title":"Portuguesa miio entra no mercado espanhol - Jornal das Oficinas","robots":{"index":"index","follow":"follow","max-snippet":"max-snippet:-1","max-image-preview":"max-image-preview:large","max-video-preview":"max-video-preview:-1"},"canonical":"https:\/\/jornaldasoficinas.com\/pt\/portuguesa-miio-entra-no-mercado-espanhol\/","og_locale":"pt_PT","og_type":"article","og_title":"Portuguesa miio entra no mercado espanhol - Jornal das Oficinas","og_description":"Espanha \u00e9 o primeiro mercado internacional...","og_url":"https:\/\/jornaldasoficinas.com\/pt\/portuguesa-miio-entra-no-mercado-espanhol\/","og_site_name":"Jornal das Oficinas","article_publisher":"https:\/\/www.facebook.com\/jornaloficinas","article_published_time":"2022-07-14T17:00:19+00:00","og_image":[{"width":1024,"height":581,"url":"https:\/\/jornaldasoficinas.com\/pt\/wp-content\/uploads\/2022\/07\/Portuguesa-miio-entra-no-mercado-espanhol.jpg","type":"image\/jpeg"}],"author":"Reda\u00e7\u00e3o JO","twitter_card":"summary_large_image","twitter_creator":"@jornaloficinas","twitter_site":"@jornaloficinas","twitter_misc":{"Escrito por":"Reda\u00e7\u00e3o JO","Tempo estimado de leitura":"4 minutos"},"schema":{"@context":"https:\/\/schema.org","@graph":[{"@type":"Article","@id":"https:\/\/jornaldasoficinas.com\/pt\/portuguesa-miio-entra-no-mercado-espanhol\/#article","isPartOf":{"@id":"https:\/\/jornaldasoficinas.com\/pt\/portuguesa-miio-entra-no-mercado-espanhol\/"},"author":{"name":"Reda\u00e7\u00e3o JO","@id":"https:\/\/jornaldasoficinas.com\/pt\/#\/schema\/person\/a38eef5de2c41d9e7c9ac10141afddf3"},"headline":"Portuguesa miio entra no mercado espanhol","datePublished":"2022-07-14T17:00:19+00:00","mainEntityOfPage":{"@id":"https:\/\/jornaldasoficinas.com\/pt\/portuguesa-miio-entra-no-mercado-espanhol\/"},"wordCount":758,"publisher":{"@id":"https:\/\/jornaldasoficinas.com\/pt\/#organization"},"image":{"@id":"https:\/\/jornaldasoficinas.com\/pt\/portuguesa-miio-entra-no-mercado-espanhol\/#primaryimage"},"thumbnailUrl":"https:\/\/jornaldasoficinas.com\/pt\/wp-content\/uploads\/2022\/07\/Portuguesa-miio-entra-no-mercado-espanhol.jpg","keywords":["miio"],"articleSection":["Mercado"],"inLanguage":"pt-PT"},{"@type":"WebPage","@id":"https:\/\/jornaldasoficinas.com\/pt\/portuguesa-miio-entra-no-mercado-espanhol\/","url":"https:\/\/jornaldasoficinas.com\/pt\/portuguesa-miio-entra-no-mercado-espanhol\/","name":"Portuguesa miio entra no mercado espanhol - Jornal das Oficinas","isPartOf":{"@id":"https:\/\/jornaldasoficinas.com\/pt\/#website"},"primaryImageOfPage":{"@id":"https:\/\/jornaldasoficinas.com\/pt\/portuguesa-miio-entra-no-mercado-espanhol\/#primaryimage"},"image":{"@id":"https:\/\/jornaldasoficinas.com\/pt\/portuguesa-miio-entra-no-mercado-espanhol\/#primaryimage"},"thumbnailUrl":"https:\/\/jornaldasoficinas.com\/pt\/wp-content\/uploads\/2022\/07\/Portuguesa-miio-entra-no-mercado-espanhol.jpg","datePublished":"2022-07-14T17:00:19+00:00","breadcrumb":{"@id":"https:\/\/jornaldasoficinas.com\/pt\/portuguesa-miio-entra-no-mercado-espanhol\/#breadcrumb"},"inLanguage":"pt-PT","potentialAction":[{"@type":"ReadAction","target":["https:\/\/jornaldasoficinas.com\/pt\/portuguesa-miio-entra-no-mercado-espanhol\/"]}]},{"@type":"ImageObject","inLanguage":"pt-PT","@id":"https:\/\/jornaldasoficinas.com\/pt\/portuguesa-miio-entra-no-mercado-espanhol\/#primaryimage","url":"https:\/\/jornaldasoficinas.com\/pt\/wp-content\/uploads\/2022\/07\/Portuguesa-miio-entra-no-mercado-espanhol.jpg","contentUrl":"https:\/\/jornaldasoficinas.com\/pt\/wp-content\/uploads\/2022\/07\/Portuguesa-miio-entra-no-mercado-espanhol.jpg","width":1024,"height":581,"caption":"07 - Portuguesa miio entra no mercado espanhol"},{"@type":"BreadcrumbList","@id":"https:\/\/jornaldasoficinas.com\/pt\/portuguesa-miio-entra-no-mercado-espanhol\/#breadcrumb","itemListElement":[{"@type":"ListItem","position":1,"name":"In\u00edcio","item":"https:\/\/jornaldasoficinas.com\/pt\/"},{"@type":"ListItem","position":2,"name":"Portuguesa miio entra no mercado espanhol"}]},{"@type":"WebSite","@id":"https:\/\/jornaldasoficinas.com\/pt\/#website","url":"https:\/\/jornaldasoficinas.com\/pt\/","name":"Jornal das Oficinas","description":"Jornal independente do Aftermarket Autom\u00f3vel em Portugal","publisher":{"@id":"https:\/\/jornaldasoficinas.com\/pt\/#organization"},"potentialAction":[{"@type":"SearchAction","target":{"@type":"EntryPoint","urlTemplate":"https:\/\/jornaldasoficinas.com\/pt\/?s={search_term_string}"},"query-input":{"@type":"PropertyValueSpecification","valueRequired":true,"valueName":"search_term_string"}}],"inLanguage":"pt-PT"},{"@type":"Organization","@id":"https:\/\/jornaldasoficinas.com\/pt\/#organization","name":"Jornal das Oficinas","url":"https:\/\/jornaldasoficinas.com\/pt\/","logo":{"@type":"ImageObject","inLanguage":"pt-PT","@id":"https:\/\/jornaldasoficinas.com\/pt\/#\/schema\/logo\/image\/","url":"https:\/\/jornaldasoficinas.com\/pt\/wp-content\/uploads\/logoJO-SEO.png","contentUrl":"https:\/\/jornaldasoficinas.com\/pt\/wp-content\/uploads\/logoJO-SEO.png","width":285,"height":450,"caption":"Jornal das Oficinas"},"image":{"@id":"https:\/\/jornaldasoficinas.com\/pt\/#\/schema\/logo\/image\/"},"sameAs":["https:\/\/www.facebook.com\/jornaloficinas","https:\/\/x.com\/jornaloficinas","https:\/\/www.instagram.com\/jornal_oficinas\/","https:\/\/www.linkedin.com\/company\/jornal-das-oficinas\/","https:\/\/www.youtube.com\/channel\/UCbQZBqtcvV-oSQrr7RzINGg"]},{"@type":"Person","@id":"https:\/\/jornaldasoficinas.com\/pt\/#\/schema\/person\/a38eef5de2c41d9e7c9ac10141afddf3","name":"Reda\u00e7\u00e3o JO","image":{"@type":"ImageObject","inLanguage":"pt-PT","@id":"https:\/\/secure.gravatar.com\/avatar\/71f2fa71737ad68a84fea94bc708ddac8ea5b0c4788dc2ad202f3ccb2887742f?s=96&d=wp_user_avatar&r=g","url":"https:\/\/secure.gravatar.com\/avatar\/71f2fa71737ad68a84fea94bc708ddac8ea5b0c4788dc2ad202f3ccb2887742f?s=96&d=wp_user_avatar&r=g","contentUrl":"https:\/\/secure.gravatar.com\/avatar\/71f2fa71737ad68a84fea94bc708ddac8ea5b0c4788dc2ad202f3ccb2887742f?s=96&d=wp_user_avatar&r=g","caption":"Reda\u00e7\u00e3o JO"},"url":"https:\/\/jornaldasoficinas.com\/pt\/author\/joredacao\/"}]}},"_links":{"self":[{"href":"https:\/\/jornaldasoficinas.com\/pt\/wp-json\/wp\/v2\/posts\/31356","targetHints":{"allow":["GET"]}}],"collection":[{"href":"https:\/\/jornaldasoficinas.com\/pt\/wp-json\/wp\/v2\/posts"}],"about":[{"href":"https:\/\/jornaldasoficinas.com\/pt\/wp-json\/wp\/v2\/types\/post"}],"author":[{"embeddable":true,"href":"https:\/\/jornaldasoficinas.com\/pt\/wp-json\/wp\/v2\/users\/15"}],"replies":[{"embeddable":true,"href":"https:\/\/jornaldasoficinas.com\/pt\/wp-json\/wp\/v2\/comments?post=31356"}],"version-history":[{"count":0,"href":"https:\/\/jornaldasoficinas.com\/pt\/wp-json\/wp\/v2\/posts\/31356\/revisions"}],"wp:featuredmedia":[{"embeddable":true,"href":"https:\/\/jornaldasoficinas.com\/pt\/wp-json\/wp\/v2\/media\/31305"}],"wp:attachment":[{"href":"https:\/\/jornaldasoficinas.com\/pt\/wp-json\/wp\/v2\/media?parent=31356"}],"wp:term":[{"taxonomy":"category","embeddable":true,"href":"https:\/\/jornaldasoficinas.com\/pt\/wp-json\/wp\/v2\/categories?post=31356"},{"taxonomy":"post_tag","embeddable":true,"href":"https:\/\/jornaldasoficinas.com\/pt\/wp-json\/wp\/v2\/tags?post=31356"}],"curies":[{"name":"wp","href":"https:\/\/api.w.org\/{rel}","templated":true}]}}