{"id":31397,"date":"2022-07-15T08:00:57","date_gmt":"2022-07-15T07:00:57","guid":{"rendered":"https:\/\/jornaldasoficinas.com\/pt\/?p=31397"},"modified":"2022-07-14T19:48:07","modified_gmt":"2022-07-14T18:48:07","slug":"podcast-dar-voz-ao-aftermarket-junho-segredos-para-manter-equipas-focadas-no-negocio","status":"publish","type":"post","link":"https:\/\/jornaldasoficinas.com\/pt\/podcast-dar-voz-ao-aftermarket-junho-segredos-para-manter-equipas-focadas-no-negocio\/","title":{"rendered":"Podcast \u201cDar Voz ao Aftermarket\u201d junho: \u201cSegredos para manter equipas focadas no neg\u00f3cio\u201d"},"content":{"rendered":"<p><img loading=\"lazy\" decoding=\"async\" class=\"alignnone size-full wp-image-31398\" src=\"https:\/\/jornaldasoficinas.com\/pt\/wp-content\/uploads\/2022\/07\/Podcast-SITE.png\" alt=\"07 - Podcast SITE\" width=\"1024\" height=\"581\" srcset=\"https:\/\/jornaldasoficinas.com\/pt\/wp-content\/uploads\/2022\/07\/Podcast-SITE.png 1024w, https:\/\/jornaldasoficinas.com\/pt\/wp-content\/uploads\/2022\/07\/Podcast-SITE-300x170.png 300w, https:\/\/jornaldasoficinas.com\/pt\/wp-content\/uploads\/2022\/07\/Podcast-SITE-150x85.png 150w, https:\/\/jornaldasoficinas.com\/pt\/wp-content\/uploads\/2022\/07\/Podcast-SITE-768x436.png 768w\" sizes=\"auto, (max-width: 1024px) 100vw, 1024px\" \/><\/p>\n<p><strong>O mercado est\u00e1 cada vez mais exigente, mais din\u00e2mico e com novas prioridades. Foi a pensar nesta nova din\u00e2mica e altera\u00e7\u00e3o de paradigma das preocupa\u00e7\u00e3o das empresas com o bem-estar f\u00edsico, emocional, financeiro e social dos seus colaboradores que o Jornal das Oficinas, lan\u00e7ou o Podcast de junho sob o tema \u201cSegredos para manter equipas focadas no neg\u00f3cio\u201d. Estivemos \u00e0 conversa com quem sabe disto, Jorge Cancella de Abreu, diretor da Team Up, Rog\u00e9rio Canhoto, diretor da PHC Software, D\u00e1rio Afonso, Managing Director da ACM Business Perfomance e Alexandre Van de Vel de Sousa, Consultor Empresarial, foram os convidados escolhidos para lhe contar todos os \u2018segredos\u2019 para que consiga manter a sua equipa focada no neg\u00f3cio.<\/strong><\/p>\n<p>N\u00e3o \u00e9 \u2018segredo\u2019 para ningu\u00e9m, que hoje em dia, j\u00e1 n\u00e3o chega oferecer um bom sal\u00e1rio e um bom pacote de benef\u00edcios. Sempre foi importante ter colaboradores felizes, at\u00e9 porque as empresas s\u00e3o feitas de pessoas e s\u00e3o estas que permitem que as mesmas atinjam o sucesso. Mas hoje, tendo em considera\u00e7\u00e3o o contexto que temos vivido, este \u00e9 um desafio digno dos melhores e n\u00e3o \u00e9 t\u00e3o f\u00e1cil quanto parece. \u00c9 agora, mais importante do que nunca, que as empresas tenham a capacidade de manter os seus quadros felizes e focados no neg\u00f3cio, pois s\u00f3 assim ser\u00e3o produtivos.<\/p>\n<p>Mas afinal que novas compet\u00eancias devem ter os recursos humanos no atual contexto s\u00f3cio-econ\u00f3mico em que vivemos? Para D\u00e1rio Afonso, Managing Director da ACM Business Perfomance, \u201cOs Recursos humanos v\u00e1lidos continuam a ser o maior ativo das empresas desde sempre, por isso, estes devem possuir flexibilidade, capacidade de adapta\u00e7\u00e3o r\u00e1pida, atitude e talento. Estas duas \u00faltimas, hoje em dia, s\u00e3o muito mais importantes do que a experi\u00eancia e a compet\u00eancia t\u00e9cnica\u201d, referiu.<\/p>\n<p>J\u00e1 Alexandre Van de Vel de Sousa, residente na B\u00e9lgica, demonstrou ao JO que nem sempre \u00e9 f\u00e1cil encontrar os melhores colaboradores \u201cAqui temos uma inatividade de 20%, existe uma maior press\u00e3o por parte das empresas em encontrar a pessoa ideal e \u00e9 muito dif\u00edcil. Conhe\u00e7o muitos casos espec\u00edficos, de v\u00e1rias empresas, que se est\u00e3o a mudar para Portugal, porque ai existe um mercado com mais compet\u00eancias, existem pessoas com mais forma\u00e7\u00e3o e maior adapta\u00e7\u00e3o, que podem ser uma mais valia para a empresa e faz\u00ea-la crescer\u201d, desvendou o Consultor Empresarial.<\/p>\n<p>Com o paradigma a mudar, em que hoje a atitude, o talento e a capacidade de adapta\u00e7\u00e3o s\u00e3o mais valorizadas do que a experi\u00eancia, v\u00e3o as empresas do setor do aftermarket conseguir adaptar-se a uma t\u00e3o grande mudan\u00e7a, num t\u00e3o curto espa\u00e7o de tempo?\u201d Na realidade n\u00e3o s\u00e3o novas compet\u00eancias, s\u00e3o sim um mix das compet\u00eancias que sempre existiram e continuam a existir. Temos que conseguir atrair pessoas com talento, fazer com que estas mesmas pessoas se sintam bem dentro das nossas empresas, \u00e9 fundamental para que sejam produtivos. Hoje em dia, quando contratamos um jovem, j\u00e1 n\u00e3o \u00e9 s\u00f3 o sal\u00e1rio que lhe desperta interesse, pretendem saber se h\u00e1 espa\u00e7o para crescer e desenvolver a sua carreira profissional dentro daquela empresa\u201d, explicou Rog\u00e9rio Canhoto, diretor da PHC Software.<\/p>\n<p>O atual diretor da PHC Software desvendou ainda um segredo que n\u00e3o vai querer perder \u201cEu costumo dizer que h\u00e1 uma rela\u00e7\u00e3o direta entre felicidade e produtividade, a verdade \u00e9 que empresas mais felizes s\u00e3o mais produtivas e t\u00eam maiores resultados. No entanto, conv\u00e9m que as empresas percebam que a felicidade de um colaborador vem de dentro de cada um, mas cabe \u00e0 empresa dar as condi\u00e7\u00f5es necess\u00e1rias para que esta felicidade possa acontecer e isto come\u00e7a com a cultura da empresa\u201d.<\/p>\n<p>J\u00e1 Jorge Cancella de Abreu, apresentou-se mais s\u00e9tico e chega mesmo a afirmar: \u201cH\u00e1 empresas que n\u00e3o v\u00e3o conseguir adaptar-se \u00e0s mudan\u00e7as que est\u00e3o a acontecer e n\u00e3o v\u00e3o sobreviver. Neste momento, h\u00e1 tr\u00eas grandes for\u00e7as de mudan\u00e7a: a for\u00e7a tecnol\u00f3gica, as novas gera\u00e7\u00f5es e as novas formas de pensar. Quem estiver baseado no conhecimento do seu of\u00edcio vai morrer, o of\u00edcio vai mudar, eu posso estar muito bem preparado e conhecer muito bem o meu neg\u00f3cio, mas se eu n\u00e3o tiver a capacidade para desenvolver a minha equipa e adaptar o meu neg\u00f3cio, n\u00e3o vai chegar\u201d.<\/p>\n<p>\u201cDepois da tempestade vem a bonan\u00e7a\u201d, o mundo n\u00e3o vai voltar a ser mesmo e o aftermarket tamb\u00e9m n\u00e3o. Como tal, question\u00e1mos os nossos entrevistados sobre que modelos de neg\u00f3cio poder\u00e3o surgir neste novo aftermarket? \u201cEu costumo dizer sempre que n\u00f3s temos sempre que olhar para o nosso neg\u00f3cio daqui para a frente com uma perspetiva de mobilidade, as oficinas v\u00e3o ter que olhar cada vez mais para os clientes, para a forma de comunicar com estes mesmos clientes em plataformas digitais. O digital vai trazer seguramente novos modelos neg\u00f3cio dentro do aftermarket\u201d, afirmou D\u00e1rio Afonso. J\u00e1 Rog\u00e9rio Canhoto, acredita que os novos modelos de neg\u00f3cio poder\u00e3o surgir atrav\u00e9s dos \u201cutilizadores anteriores, estes poder\u00e3o dar sugest\u00f5es aos utilizadores futuros, como por exemplo criar um TripAdvisor das Oficinas, ou at\u00e9 atrav\u00e9s do e- commerce e do self servisse, em que as pessoas pedem simula\u00e7\u00f5es dos or\u00e7amentos para as repara\u00e7\u00f5es que precisam, agendam online a repara\u00e7\u00e3o do seu ve\u00edculo\u201d, acrescentou o diretor da PHC Software.<\/p>\n<p>N\u00f3s avis\u00e1mos que o Podcast de junho iam ser s\u00f3 segredos e estes s\u00e3o daqueles que n\u00e3o quisemos guardar s\u00f3 para n\u00f3s, por isso, partilhamos consigo, a conversa com os nossos entrevistados. Para isso, aceda \u00e0 sec\u00e7\u00e3o de Podcasts em <a href=\"https:\/\/jornaldasoficinas.com\/pt\/category\/podcasts\/\" target=\"_blank\" rel=\"noopener\">www.jornaldasoficinas.com<\/a> e esteja sempre atualizado! Poder\u00e1 tamb\u00e9m consultar o tema de julho \u201cRenting no P\u00f3s-Venda Autom\u00f3vel\u201d que j\u00e1 est\u00e1 dispon\u00edvel no site do Jornal das Oficinas, no Spotify e nas nossas redes sociais.<\/p>\n","protected":false},"excerpt":{"rendered":"<p>O mercado est\u00e1 cada vez mais&#8230;<\/p>\n","protected":false},"author":15,"featured_media":31398,"comment_status":"closed","ping_status":"closed","sticky":false,"template":"","format":"standard","meta":{"footnotes":""},"categories":[38],"tags":[],"class_list":["post-31397","post","type-post","status-publish","format-standard","has-post-thumbnail","hentry","category-entrevistas"],"yoast_head":"<!-- This site is optimized with the Yoast SEO plugin v27.5 - https:\/\/yoast.com\/product\/yoast-seo-wordpress\/ -->\n<title>Podcast \u201cDar Voz ao Aftermarket\u201d junho: \u201cSegredos para manter equipas focadas no neg\u00f3cio\u201d - Jornal das Oficinas<\/title>\n<meta name=\"robots\" content=\"index, follow, max-snippet:-1, max-image-preview:large, max-video-preview:-1\" \/>\n<link rel=\"canonical\" href=\"https:\/\/jornaldasoficinas.com\/pt\/podcast-dar-voz-ao-aftermarket-junho-segredos-para-manter-equipas-focadas-no-negocio\/\" \/>\n<meta property=\"og:locale\" content=\"pt_PT\" \/>\n<meta property=\"og:type\" content=\"article\" \/>\n<meta property=\"og:title\" content=\"Podcast \u201cDar Voz ao Aftermarket\u201d junho: \u201cSegredos para manter equipas focadas no neg\u00f3cio\u201d - Jornal das Oficinas\" \/>\n<meta property=\"og:description\" content=\"O mercado est\u00e1 cada vez mais...\" \/>\n<meta property=\"og:url\" content=\"https:\/\/jornaldasoficinas.com\/pt\/podcast-dar-voz-ao-aftermarket-junho-segredos-para-manter-equipas-focadas-no-negocio\/\" \/>\n<meta property=\"og:site_name\" content=\"Jornal das Oficinas\" \/>\n<meta property=\"article:publisher\" content=\"https:\/\/www.facebook.com\/jornaloficinas\" \/>\n<meta property=\"article:published_time\" content=\"2022-07-15T07:00:57+00:00\" \/>\n<meta property=\"og:image\" content=\"https:\/\/jornaldasoficinas.com\/pt\/wp-content\/uploads\/2022\/07\/Podcast-SITE.png\" \/>\n\t<meta property=\"og:image:width\" content=\"1024\" \/>\n\t<meta property=\"og:image:height\" content=\"581\" \/>\n\t<meta property=\"og:image:type\" content=\"image\/png\" \/>\n<meta name=\"author\" content=\"Reda\u00e7\u00e3o JO\" \/>\n<meta name=\"twitter:card\" content=\"summary_large_image\" \/>\n<meta name=\"twitter:creator\" content=\"@jornaloficinas\" \/>\n<meta name=\"twitter:site\" content=\"@jornaloficinas\" \/>\n<meta name=\"twitter:label1\" content=\"Escrito por\" \/>\n\t<meta name=\"twitter:data1\" content=\"Reda\u00e7\u00e3o JO\" \/>\n\t<meta name=\"twitter:label2\" content=\"Tempo estimado de leitura\" \/>\n\t<meta name=\"twitter:data2\" content=\"5 minutos\" \/>\n<script type=\"application\/ld+json\" class=\"yoast-schema-graph\">{\"@context\":\"https:\\\/\\\/schema.org\",\"@graph\":[{\"@type\":\"Article\",\"@id\":\"https:\\\/\\\/jornaldasoficinas.com\\\/pt\\\/podcast-dar-voz-ao-aftermarket-junho-segredos-para-manter-equipas-focadas-no-negocio\\\/#article\",\"isPartOf\":{\"@id\":\"https:\\\/\\\/jornaldasoficinas.com\\\/pt\\\/podcast-dar-voz-ao-aftermarket-junho-segredos-para-manter-equipas-focadas-no-negocio\\\/\"},\"author\":{\"name\":\"Reda\u00e7\u00e3o JO\",\"@id\":\"https:\\\/\\\/jornaldasoficinas.com\\\/pt\\\/#\\\/schema\\\/person\\\/a38eef5de2c41d9e7c9ac10141afddf3\"},\"headline\":\"Podcast \u201cDar Voz ao Aftermarket\u201d junho: \u201cSegredos para manter equipas focadas no neg\u00f3cio\u201d\",\"datePublished\":\"2022-07-15T07:00:57+00:00\",\"mainEntityOfPage\":{\"@id\":\"https:\\\/\\\/jornaldasoficinas.com\\\/pt\\\/podcast-dar-voz-ao-aftermarket-junho-segredos-para-manter-equipas-focadas-no-negocio\\\/\"},\"wordCount\":1049,\"publisher\":{\"@id\":\"https:\\\/\\\/jornaldasoficinas.com\\\/pt\\\/#organization\"},\"image\":{\"@id\":\"https:\\\/\\\/jornaldasoficinas.com\\\/pt\\\/podcast-dar-voz-ao-aftermarket-junho-segredos-para-manter-equipas-focadas-no-negocio\\\/#primaryimage\"},\"thumbnailUrl\":\"https:\\\/\\\/jornaldasoficinas.com\\\/pt\\\/wp-content\\\/uploads\\\/2022\\\/07\\\/Podcast-SITE.png\",\"articleSection\":[\"Entrevistas\"],\"inLanguage\":\"pt-PT\"},{\"@type\":\"WebPage\",\"@id\":\"https:\\\/\\\/jornaldasoficinas.com\\\/pt\\\/podcast-dar-voz-ao-aftermarket-junho-segredos-para-manter-equipas-focadas-no-negocio\\\/\",\"url\":\"https:\\\/\\\/jornaldasoficinas.com\\\/pt\\\/podcast-dar-voz-ao-aftermarket-junho-segredos-para-manter-equipas-focadas-no-negocio\\\/\",\"name\":\"Podcast \u201cDar Voz ao Aftermarket\u201d junho: \u201cSegredos para manter equipas focadas no neg\u00f3cio\u201d - Jornal das Oficinas\",\"isPartOf\":{\"@id\":\"https:\\\/\\\/jornaldasoficinas.com\\\/pt\\\/#website\"},\"primaryImageOfPage\":{\"@id\":\"https:\\\/\\\/jornaldasoficinas.com\\\/pt\\\/podcast-dar-voz-ao-aftermarket-junho-segredos-para-manter-equipas-focadas-no-negocio\\\/#primaryimage\"},\"image\":{\"@id\":\"https:\\\/\\\/jornaldasoficinas.com\\\/pt\\\/podcast-dar-voz-ao-aftermarket-junho-segredos-para-manter-equipas-focadas-no-negocio\\\/#primaryimage\"},\"thumbnailUrl\":\"https:\\\/\\\/jornaldasoficinas.com\\\/pt\\\/wp-content\\\/uploads\\\/2022\\\/07\\\/Podcast-SITE.png\",\"datePublished\":\"2022-07-15T07:00:57+00:00\",\"breadcrumb\":{\"@id\":\"https:\\\/\\\/jornaldasoficinas.com\\\/pt\\\/podcast-dar-voz-ao-aftermarket-junho-segredos-para-manter-equipas-focadas-no-negocio\\\/#breadcrumb\"},\"inLanguage\":\"pt-PT\",\"potentialAction\":[{\"@type\":\"ReadAction\",\"target\":[\"https:\\\/\\\/jornaldasoficinas.com\\\/pt\\\/podcast-dar-voz-ao-aftermarket-junho-segredos-para-manter-equipas-focadas-no-negocio\\\/\"]}]},{\"@type\":\"ImageObject\",\"inLanguage\":\"pt-PT\",\"@id\":\"https:\\\/\\\/jornaldasoficinas.com\\\/pt\\\/podcast-dar-voz-ao-aftermarket-junho-segredos-para-manter-equipas-focadas-no-negocio\\\/#primaryimage\",\"url\":\"https:\\\/\\\/jornaldasoficinas.com\\\/pt\\\/wp-content\\\/uploads\\\/2022\\\/07\\\/Podcast-SITE.png\",\"contentUrl\":\"https:\\\/\\\/jornaldasoficinas.com\\\/pt\\\/wp-content\\\/uploads\\\/2022\\\/07\\\/Podcast-SITE.png\",\"width\":1024,\"height\":581,\"caption\":\"07 - Podcast SITE\"},{\"@type\":\"BreadcrumbList\",\"@id\":\"https:\\\/\\\/jornaldasoficinas.com\\\/pt\\\/podcast-dar-voz-ao-aftermarket-junho-segredos-para-manter-equipas-focadas-no-negocio\\\/#breadcrumb\",\"itemListElement\":[{\"@type\":\"ListItem\",\"position\":1,\"name\":\"In\u00edcio\",\"item\":\"https:\\\/\\\/jornaldasoficinas.com\\\/pt\\\/\"},{\"@type\":\"ListItem\",\"position\":2,\"name\":\"Podcast \u201cDar Voz ao Aftermarket\u201d junho: \u201cSegredos para manter equipas focadas no neg\u00f3cio\u201d\"}]},{\"@type\":\"WebSite\",\"@id\":\"https:\\\/\\\/jornaldasoficinas.com\\\/pt\\\/#website\",\"url\":\"https:\\\/\\\/jornaldasoficinas.com\\\/pt\\\/\",\"name\":\"Jornal das Oficinas\",\"description\":\"Jornal independente do Aftermarket Autom\u00f3vel em Portugal\",\"publisher\":{\"@id\":\"https:\\\/\\\/jornaldasoficinas.com\\\/pt\\\/#organization\"},\"potentialAction\":[{\"@type\":\"SearchAction\",\"target\":{\"@type\":\"EntryPoint\",\"urlTemplate\":\"https:\\\/\\\/jornaldasoficinas.com\\\/pt\\\/?s={search_term_string}\"},\"query-input\":{\"@type\":\"PropertyValueSpecification\",\"valueRequired\":true,\"valueName\":\"search_term_string\"}}],\"inLanguage\":\"pt-PT\"},{\"@type\":\"Organization\",\"@id\":\"https:\\\/\\\/jornaldasoficinas.com\\\/pt\\\/#organization\",\"name\":\"Jornal das Oficinas\",\"url\":\"https:\\\/\\\/jornaldasoficinas.com\\\/pt\\\/\",\"logo\":{\"@type\":\"ImageObject\",\"inLanguage\":\"pt-PT\",\"@id\":\"https:\\\/\\\/jornaldasoficinas.com\\\/pt\\\/#\\\/schema\\\/logo\\\/image\\\/\",\"url\":\"https:\\\/\\\/jornaldasoficinas.com\\\/pt\\\/wp-content\\\/uploads\\\/logoJO-SEO.png\",\"contentUrl\":\"https:\\\/\\\/jornaldasoficinas.com\\\/pt\\\/wp-content\\\/uploads\\\/logoJO-SEO.png\",\"width\":285,\"height\":450,\"caption\":\"Jornal das Oficinas\"},\"image\":{\"@id\":\"https:\\\/\\\/jornaldasoficinas.com\\\/pt\\\/#\\\/schema\\\/logo\\\/image\\\/\"},\"sameAs\":[\"https:\\\/\\\/www.facebook.com\\\/jornaloficinas\",\"https:\\\/\\\/x.com\\\/jornaloficinas\",\"https:\\\/\\\/www.instagram.com\\\/jornal_oficinas\\\/\",\"https:\\\/\\\/www.linkedin.com\\\/company\\\/jornal-das-oficinas\\\/\",\"https:\\\/\\\/www.youtube.com\\\/channel\\\/UCbQZBqtcvV-oSQrr7RzINGg\"]},{\"@type\":\"Person\",\"@id\":\"https:\\\/\\\/jornaldasoficinas.com\\\/pt\\\/#\\\/schema\\\/person\\\/a38eef5de2c41d9e7c9ac10141afddf3\",\"name\":\"Reda\u00e7\u00e3o JO\",\"image\":{\"@type\":\"ImageObject\",\"inLanguage\":\"pt-PT\",\"@id\":\"https:\\\/\\\/secure.gravatar.com\\\/avatar\\\/71f2fa71737ad68a84fea94bc708ddac8ea5b0c4788dc2ad202f3ccb2887742f?s=96&d=wp_user_avatar&r=g\",\"url\":\"https:\\\/\\\/secure.gravatar.com\\\/avatar\\\/71f2fa71737ad68a84fea94bc708ddac8ea5b0c4788dc2ad202f3ccb2887742f?s=96&d=wp_user_avatar&r=g\",\"contentUrl\":\"https:\\\/\\\/secure.gravatar.com\\\/avatar\\\/71f2fa71737ad68a84fea94bc708ddac8ea5b0c4788dc2ad202f3ccb2887742f?s=96&d=wp_user_avatar&r=g\",\"caption\":\"Reda\u00e7\u00e3o JO\"},\"url\":\"https:\\\/\\\/jornaldasoficinas.com\\\/pt\\\/author\\\/joredacao\\\/\"}]}<\/script>\n<!-- \/ Yoast SEO plugin. -->","yoast_head_json":{"title":"Podcast \u201cDar Voz ao Aftermarket\u201d junho: \u201cSegredos para manter equipas focadas no neg\u00f3cio\u201d - Jornal das Oficinas","robots":{"index":"index","follow":"follow","max-snippet":"max-snippet:-1","max-image-preview":"max-image-preview:large","max-video-preview":"max-video-preview:-1"},"canonical":"https:\/\/jornaldasoficinas.com\/pt\/podcast-dar-voz-ao-aftermarket-junho-segredos-para-manter-equipas-focadas-no-negocio\/","og_locale":"pt_PT","og_type":"article","og_title":"Podcast \u201cDar Voz ao Aftermarket\u201d junho: \u201cSegredos para manter equipas focadas no neg\u00f3cio\u201d - Jornal das Oficinas","og_description":"O mercado est\u00e1 cada vez mais...","og_url":"https:\/\/jornaldasoficinas.com\/pt\/podcast-dar-voz-ao-aftermarket-junho-segredos-para-manter-equipas-focadas-no-negocio\/","og_site_name":"Jornal das Oficinas","article_publisher":"https:\/\/www.facebook.com\/jornaloficinas","article_published_time":"2022-07-15T07:00:57+00:00","og_image":[{"width":1024,"height":581,"url":"https:\/\/jornaldasoficinas.com\/pt\/wp-content\/uploads\/2022\/07\/Podcast-SITE.png","type":"image\/png"}],"author":"Reda\u00e7\u00e3o JO","twitter_card":"summary_large_image","twitter_creator":"@jornaloficinas","twitter_site":"@jornaloficinas","twitter_misc":{"Escrito por":"Reda\u00e7\u00e3o JO","Tempo estimado de leitura":"5 minutos"},"schema":{"@context":"https:\/\/schema.org","@graph":[{"@type":"Article","@id":"https:\/\/jornaldasoficinas.com\/pt\/podcast-dar-voz-ao-aftermarket-junho-segredos-para-manter-equipas-focadas-no-negocio\/#article","isPartOf":{"@id":"https:\/\/jornaldasoficinas.com\/pt\/podcast-dar-voz-ao-aftermarket-junho-segredos-para-manter-equipas-focadas-no-negocio\/"},"author":{"name":"Reda\u00e7\u00e3o JO","@id":"https:\/\/jornaldasoficinas.com\/pt\/#\/schema\/person\/a38eef5de2c41d9e7c9ac10141afddf3"},"headline":"Podcast \u201cDar Voz ao Aftermarket\u201d junho: \u201cSegredos para manter equipas focadas no neg\u00f3cio\u201d","datePublished":"2022-07-15T07:00:57+00:00","mainEntityOfPage":{"@id":"https:\/\/jornaldasoficinas.com\/pt\/podcast-dar-voz-ao-aftermarket-junho-segredos-para-manter-equipas-focadas-no-negocio\/"},"wordCount":1049,"publisher":{"@id":"https:\/\/jornaldasoficinas.com\/pt\/#organization"},"image":{"@id":"https:\/\/jornaldasoficinas.com\/pt\/podcast-dar-voz-ao-aftermarket-junho-segredos-para-manter-equipas-focadas-no-negocio\/#primaryimage"},"thumbnailUrl":"https:\/\/jornaldasoficinas.com\/pt\/wp-content\/uploads\/2022\/07\/Podcast-SITE.png","articleSection":["Entrevistas"],"inLanguage":"pt-PT"},{"@type":"WebPage","@id":"https:\/\/jornaldasoficinas.com\/pt\/podcast-dar-voz-ao-aftermarket-junho-segredos-para-manter-equipas-focadas-no-negocio\/","url":"https:\/\/jornaldasoficinas.com\/pt\/podcast-dar-voz-ao-aftermarket-junho-segredos-para-manter-equipas-focadas-no-negocio\/","name":"Podcast \u201cDar Voz ao Aftermarket\u201d junho: \u201cSegredos para manter equipas focadas no neg\u00f3cio\u201d - Jornal das Oficinas","isPartOf":{"@id":"https:\/\/jornaldasoficinas.com\/pt\/#website"},"primaryImageOfPage":{"@id":"https:\/\/jornaldasoficinas.com\/pt\/podcast-dar-voz-ao-aftermarket-junho-segredos-para-manter-equipas-focadas-no-negocio\/#primaryimage"},"image":{"@id":"https:\/\/jornaldasoficinas.com\/pt\/podcast-dar-voz-ao-aftermarket-junho-segredos-para-manter-equipas-focadas-no-negocio\/#primaryimage"},"thumbnailUrl":"https:\/\/jornaldasoficinas.com\/pt\/wp-content\/uploads\/2022\/07\/Podcast-SITE.png","datePublished":"2022-07-15T07:00:57+00:00","breadcrumb":{"@id":"https:\/\/jornaldasoficinas.com\/pt\/podcast-dar-voz-ao-aftermarket-junho-segredos-para-manter-equipas-focadas-no-negocio\/#breadcrumb"},"inLanguage":"pt-PT","potentialAction":[{"@type":"ReadAction","target":["https:\/\/jornaldasoficinas.com\/pt\/podcast-dar-voz-ao-aftermarket-junho-segredos-para-manter-equipas-focadas-no-negocio\/"]}]},{"@type":"ImageObject","inLanguage":"pt-PT","@id":"https:\/\/jornaldasoficinas.com\/pt\/podcast-dar-voz-ao-aftermarket-junho-segredos-para-manter-equipas-focadas-no-negocio\/#primaryimage","url":"https:\/\/jornaldasoficinas.com\/pt\/wp-content\/uploads\/2022\/07\/Podcast-SITE.png","contentUrl":"https:\/\/jornaldasoficinas.com\/pt\/wp-content\/uploads\/2022\/07\/Podcast-SITE.png","width":1024,"height":581,"caption":"07 - Podcast SITE"},{"@type":"BreadcrumbList","@id":"https:\/\/jornaldasoficinas.com\/pt\/podcast-dar-voz-ao-aftermarket-junho-segredos-para-manter-equipas-focadas-no-negocio\/#breadcrumb","itemListElement":[{"@type":"ListItem","position":1,"name":"In\u00edcio","item":"https:\/\/jornaldasoficinas.com\/pt\/"},{"@type":"ListItem","position":2,"name":"Podcast \u201cDar Voz ao Aftermarket\u201d junho: \u201cSegredos para manter equipas focadas no neg\u00f3cio\u201d"}]},{"@type":"WebSite","@id":"https:\/\/jornaldasoficinas.com\/pt\/#website","url":"https:\/\/jornaldasoficinas.com\/pt\/","name":"Jornal das Oficinas","description":"Jornal independente do Aftermarket Autom\u00f3vel em Portugal","publisher":{"@id":"https:\/\/jornaldasoficinas.com\/pt\/#organization"},"potentialAction":[{"@type":"SearchAction","target":{"@type":"EntryPoint","urlTemplate":"https:\/\/jornaldasoficinas.com\/pt\/?s={search_term_string}"},"query-input":{"@type":"PropertyValueSpecification","valueRequired":true,"valueName":"search_term_string"}}],"inLanguage":"pt-PT"},{"@type":"Organization","@id":"https:\/\/jornaldasoficinas.com\/pt\/#organization","name":"Jornal das Oficinas","url":"https:\/\/jornaldasoficinas.com\/pt\/","logo":{"@type":"ImageObject","inLanguage":"pt-PT","@id":"https:\/\/jornaldasoficinas.com\/pt\/#\/schema\/logo\/image\/","url":"https:\/\/jornaldasoficinas.com\/pt\/wp-content\/uploads\/logoJO-SEO.png","contentUrl":"https:\/\/jornaldasoficinas.com\/pt\/wp-content\/uploads\/logoJO-SEO.png","width":285,"height":450,"caption":"Jornal das Oficinas"},"image":{"@id":"https:\/\/jornaldasoficinas.com\/pt\/#\/schema\/logo\/image\/"},"sameAs":["https:\/\/www.facebook.com\/jornaloficinas","https:\/\/x.com\/jornaloficinas","https:\/\/www.instagram.com\/jornal_oficinas\/","https:\/\/www.linkedin.com\/company\/jornal-das-oficinas\/","https:\/\/www.youtube.com\/channel\/UCbQZBqtcvV-oSQrr7RzINGg"]},{"@type":"Person","@id":"https:\/\/jornaldasoficinas.com\/pt\/#\/schema\/person\/a38eef5de2c41d9e7c9ac10141afddf3","name":"Reda\u00e7\u00e3o JO","image":{"@type":"ImageObject","inLanguage":"pt-PT","@id":"https:\/\/secure.gravatar.com\/avatar\/71f2fa71737ad68a84fea94bc708ddac8ea5b0c4788dc2ad202f3ccb2887742f?s=96&d=wp_user_avatar&r=g","url":"https:\/\/secure.gravatar.com\/avatar\/71f2fa71737ad68a84fea94bc708ddac8ea5b0c4788dc2ad202f3ccb2887742f?s=96&d=wp_user_avatar&r=g","contentUrl":"https:\/\/secure.gravatar.com\/avatar\/71f2fa71737ad68a84fea94bc708ddac8ea5b0c4788dc2ad202f3ccb2887742f?s=96&d=wp_user_avatar&r=g","caption":"Reda\u00e7\u00e3o JO"},"url":"https:\/\/jornaldasoficinas.com\/pt\/author\/joredacao\/"}]}},"_links":{"self":[{"href":"https:\/\/jornaldasoficinas.com\/pt\/wp-json\/wp\/v2\/posts\/31397","targetHints":{"allow":["GET"]}}],"collection":[{"href":"https:\/\/jornaldasoficinas.com\/pt\/wp-json\/wp\/v2\/posts"}],"about":[{"href":"https:\/\/jornaldasoficinas.com\/pt\/wp-json\/wp\/v2\/types\/post"}],"author":[{"embeddable":true,"href":"https:\/\/jornaldasoficinas.com\/pt\/wp-json\/wp\/v2\/users\/15"}],"replies":[{"embeddable":true,"href":"https:\/\/jornaldasoficinas.com\/pt\/wp-json\/wp\/v2\/comments?post=31397"}],"version-history":[{"count":0,"href":"https:\/\/jornaldasoficinas.com\/pt\/wp-json\/wp\/v2\/posts\/31397\/revisions"}],"wp:featuredmedia":[{"embeddable":true,"href":"https:\/\/jornaldasoficinas.com\/pt\/wp-json\/wp\/v2\/media\/31398"}],"wp:attachment":[{"href":"https:\/\/jornaldasoficinas.com\/pt\/wp-json\/wp\/v2\/media?parent=31397"}],"wp:term":[{"taxonomy":"category","embeddable":true,"href":"https:\/\/jornaldasoficinas.com\/pt\/wp-json\/wp\/v2\/categories?post=31397"},{"taxonomy":"post_tag","embeddable":true,"href":"https:\/\/jornaldasoficinas.com\/pt\/wp-json\/wp\/v2\/tags?post=31397"}],"curies":[{"name":"wp","href":"https:\/\/api.w.org\/{rel}","templated":true}]}}