{"id":31509,"date":"2022-07-20T20:00:11","date_gmt":"2022-07-20T19:00:11","guid":{"rendered":"https:\/\/jornaldasoficinas.com\/pt\/?p=31509"},"modified":"2022-07-20T11:52:40","modified_gmt":"2022-07-20T10:52:40","slug":"o-nosso-objetivo-e-fazer-crescer-os-nossos-clientes-de-forma-rentavel-e-sustentavel-joan-miro-magneti-marelli","status":"publish","type":"post","link":"https:\/\/jornaldasoficinas.com\/pt\/o-nosso-objetivo-e-fazer-crescer-os-nossos-clientes-de-forma-rentavel-e-sustentavel-joan-miro-magneti-marelli\/","title":{"rendered":"&#8220;O nosso objetivo  \u00e9 fazer crescer  os nossos clientes&#8221;, Joan Mir\u00f3, Magneti Marelli"},"content":{"rendered":"<p><strong><img loading=\"lazy\" decoding=\"async\" class=\"alignnone size-full wp-image-31504\" src=\"https:\/\/jornaldasoficinas.com\/pt\/wp-content\/uploads\/2022\/07\/Magneti_Marelli-NL.jpeg\" alt=\"07 - Magneti_Marelli NL\" width=\"1024\" height=\"581\" srcset=\"https:\/\/jornaldasoficinas.com\/pt\/wp-content\/uploads\/2022\/07\/Magneti_Marelli-NL.jpeg 1024w, https:\/\/jornaldasoficinas.com\/pt\/wp-content\/uploads\/2022\/07\/Magneti_Marelli-NL-300x170.jpeg 300w, https:\/\/jornaldasoficinas.com\/pt\/wp-content\/uploads\/2022\/07\/Magneti_Marelli-NL-150x85.jpeg 150w, https:\/\/jornaldasoficinas.com\/pt\/wp-content\/uploads\/2022\/07\/Magneti_Marelli-NL-768x436.jpeg 768w\" sizes=\"auto, (max-width: 1024px) 100vw, 1024px\" \/><\/strong><\/p>\n<p><strong>Com cem anos cumpridos em 2019, hoje a Magneti Marelli orgulha\u00ad\u2011se de fundir tradi\u00e7\u00e3o com inova\u00e7\u00e3o. Em Portugal \u00e9 representada pelo grupo Bomb\u00f3leo, respons\u00e1vel tamb\u00e9m por desenvolver a rede de oficinas Checkstar. O Jornal das Oficinas conversou com Joan Mir\u00f3, diretor da Magneti Marelli Espanha e Portugal, que nos revelou a estrat\u00e9gia deste fornecedor de pe\u00e7as para primeiro equipamento e aftermarket<\/strong><\/p>\n<p>H\u00e1 muito que Magneti Marelli \u00e9 um nome incontorn\u00e1vel no setor de pe\u00e7as auto. A primeira f\u00e1brica, situada na localidade italiana de Sesto San Giovanni, remonta a 1919 e um ano mais tarde era registada a primeira rede de oficinas da marca. Em 1929, a empresa come\u00e7ou a produzir baterias para autom\u00f3veis que, em 1931, passaram a ser montadas como equipamento original nas viaturas do grupo Fiat. A gama de produtos alargou\u00ad\u2011se substancialmente em 1949, quando a empresa iniciou a produ\u00e7\u00e3o de equipamentos el\u00e9tricos, velas e limpa parabrisas, n\u00e3o parando de crescer desde ent\u00e3o. O ano de 1978 marca a chegada da Magneti Marelli ao Brasil, que \u00e9 hoje um dos principais polos de atividade da empresa e, j\u00e1 no in\u00edcio do s\u00e9culo XXI, a companhia italiana assumiu o controlo total da Automotive Lighting, uma joint venture lan\u00e7ada com a Bosch em 1999 para a \u00e1rea da ilumina\u00e7\u00e3o, atualmente uma das gamas mais fortes da marca, que est\u00e1 presente como primeiro equipamento em quase todas as marcas de autom\u00f3veis no mundo.<\/p>\n<p>Para Joan Mir\u00f3, diretor da Magneti Marelli para Portugal e Espanha, a hist\u00f3ria da marca identifica a Magneti Marelli essencialmente com produtos de gest\u00e3o de motor e equipamento el\u00e9trico, de fabrico e desenvolvimento pr\u00f3prio para a competi\u00e7\u00e3o, que depois se vieram a aplicar no parque autom\u00f3vel convencional: \u201cO nosso <em>know\u00ad\u2011how<\/em> e a hist\u00f3ria da marca no que respeita aos componentes el\u00e9tricos e eletr\u00f3nicos foi sempre um ponto forte da nossa oferta atual\u201d, refere.<\/p>\n<p>Para ler toda a entrevista clique <a href=\"https:\/\/www.yumpu.com\/xx\/document\/read\/67026822\/jornal-das-oficinas-199\/36\" target=\"_blank\" rel=\"noopener\">aqui<\/a>.<\/p>\n","protected":false},"excerpt":{"rendered":"<p>Com cem anos cumpridos em 2019,&#8230;<\/p>\n","protected":false},"author":15,"featured_media":31504,"comment_status":"closed","ping_status":"closed","sticky":false,"template":"","format":"standard","meta":{"footnotes":""},"categories":[38],"tags":[193],"class_list":["post-31509","post","type-post","status-publish","format-standard","has-post-thumbnail","hentry","category-entrevistas","tag-magneti-marelli"],"yoast_head":"<!-- This site is optimized with the Yoast SEO plugin v27.5 - https:\/\/yoast.com\/product\/yoast-seo-wordpress\/ -->\n<title>&quot;O nosso objetivo \u00e9 fazer crescer os nossos clientes&quot;, Joan Mir\u00f3, Magneti Marelli - Jornal das Oficinas<\/title>\n<meta name=\"robots\" content=\"index, follow, max-snippet:-1, max-image-preview:large, max-video-preview:-1\" \/>\n<link rel=\"canonical\" href=\"https:\/\/jornaldasoficinas.com\/pt\/o-nosso-objetivo-e-fazer-crescer-os-nossos-clientes-de-forma-rentavel-e-sustentavel-joan-miro-magneti-marelli\/\" \/>\n<meta property=\"og:locale\" content=\"pt_PT\" \/>\n<meta property=\"og:type\" content=\"article\" \/>\n<meta property=\"og:title\" content=\"&quot;O nosso objetivo \u00e9 fazer crescer os nossos clientes&quot;, Joan Mir\u00f3, Magneti Marelli - Jornal das Oficinas\" \/>\n<meta property=\"og:description\" content=\"Com cem anos cumpridos em 2019,...\" \/>\n<meta property=\"og:url\" content=\"https:\/\/jornaldasoficinas.com\/pt\/o-nosso-objetivo-e-fazer-crescer-os-nossos-clientes-de-forma-rentavel-e-sustentavel-joan-miro-magneti-marelli\/\" \/>\n<meta property=\"og:site_name\" content=\"Jornal das Oficinas\" \/>\n<meta property=\"article:publisher\" content=\"https:\/\/www.facebook.com\/jornaloficinas\" \/>\n<meta property=\"article:published_time\" content=\"2022-07-20T19:00:11+00:00\" \/>\n<meta property=\"og:image\" content=\"https:\/\/jornaldasoficinas.com\/pt\/wp-content\/uploads\/2022\/07\/Magneti_Marelli-NL.jpeg\" \/>\n\t<meta property=\"og:image:width\" content=\"1024\" \/>\n\t<meta property=\"og:image:height\" content=\"581\" \/>\n\t<meta property=\"og:image:type\" content=\"image\/jpeg\" \/>\n<meta name=\"author\" content=\"Reda\u00e7\u00e3o JO\" \/>\n<meta name=\"twitter:card\" content=\"summary_large_image\" \/>\n<meta name=\"twitter:creator\" content=\"@jornaloficinas\" \/>\n<meta name=\"twitter:site\" content=\"@jornaloficinas\" \/>\n<meta name=\"twitter:label1\" content=\"Escrito por\" \/>\n\t<meta name=\"twitter:data1\" content=\"Reda\u00e7\u00e3o JO\" \/>\n\t<meta name=\"twitter:label2\" content=\"Tempo estimado de leitura\" \/>\n\t<meta name=\"twitter:data2\" content=\"2 minutos\" \/>\n<script type=\"application\/ld+json\" class=\"yoast-schema-graph\">{\"@context\":\"https:\\\/\\\/schema.org\",\"@graph\":[{\"@type\":\"Article\",\"@id\":\"https:\\\/\\\/jornaldasoficinas.com\\\/pt\\\/o-nosso-objetivo-e-fazer-crescer-os-nossos-clientes-de-forma-rentavel-e-sustentavel-joan-miro-magneti-marelli\\\/#article\",\"isPartOf\":{\"@id\":\"https:\\\/\\\/jornaldasoficinas.com\\\/pt\\\/o-nosso-objetivo-e-fazer-crescer-os-nossos-clientes-de-forma-rentavel-e-sustentavel-joan-miro-magneti-marelli\\\/\"},\"author\":{\"name\":\"Reda\u00e7\u00e3o JO\",\"@id\":\"https:\\\/\\\/jornaldasoficinas.com\\\/pt\\\/#\\\/schema\\\/person\\\/a38eef5de2c41d9e7c9ac10141afddf3\"},\"headline\":\"&#8220;O nosso objetivo \u00e9 fazer crescer os nossos clientes&#8221;, Joan Mir\u00f3, Magneti Marelli\",\"datePublished\":\"2022-07-20T19:00:11+00:00\",\"mainEntityOfPage\":{\"@id\":\"https:\\\/\\\/jornaldasoficinas.com\\\/pt\\\/o-nosso-objetivo-e-fazer-crescer-os-nossos-clientes-de-forma-rentavel-e-sustentavel-joan-miro-magneti-marelli\\\/\"},\"wordCount\":347,\"publisher\":{\"@id\":\"https:\\\/\\\/jornaldasoficinas.com\\\/pt\\\/#organization\"},\"image\":{\"@id\":\"https:\\\/\\\/jornaldasoficinas.com\\\/pt\\\/o-nosso-objetivo-e-fazer-crescer-os-nossos-clientes-de-forma-rentavel-e-sustentavel-joan-miro-magneti-marelli\\\/#primaryimage\"},\"thumbnailUrl\":\"https:\\\/\\\/jornaldasoficinas.com\\\/pt\\\/wp-content\\\/uploads\\\/2022\\\/07\\\/Magneti_Marelli-NL.jpeg\",\"keywords\":[\"Magneti Marelli\"],\"articleSection\":[\"Entrevistas\"],\"inLanguage\":\"pt-PT\"},{\"@type\":\"WebPage\",\"@id\":\"https:\\\/\\\/jornaldasoficinas.com\\\/pt\\\/o-nosso-objetivo-e-fazer-crescer-os-nossos-clientes-de-forma-rentavel-e-sustentavel-joan-miro-magneti-marelli\\\/\",\"url\":\"https:\\\/\\\/jornaldasoficinas.com\\\/pt\\\/o-nosso-objetivo-e-fazer-crescer-os-nossos-clientes-de-forma-rentavel-e-sustentavel-joan-miro-magneti-marelli\\\/\",\"name\":\"\\\"O nosso objetivo \u00e9 fazer crescer os nossos clientes\\\", Joan Mir\u00f3, Magneti Marelli - Jornal das Oficinas\",\"isPartOf\":{\"@id\":\"https:\\\/\\\/jornaldasoficinas.com\\\/pt\\\/#website\"},\"primaryImageOfPage\":{\"@id\":\"https:\\\/\\\/jornaldasoficinas.com\\\/pt\\\/o-nosso-objetivo-e-fazer-crescer-os-nossos-clientes-de-forma-rentavel-e-sustentavel-joan-miro-magneti-marelli\\\/#primaryimage\"},\"image\":{\"@id\":\"https:\\\/\\\/jornaldasoficinas.com\\\/pt\\\/o-nosso-objetivo-e-fazer-crescer-os-nossos-clientes-de-forma-rentavel-e-sustentavel-joan-miro-magneti-marelli\\\/#primaryimage\"},\"thumbnailUrl\":\"https:\\\/\\\/jornaldasoficinas.com\\\/pt\\\/wp-content\\\/uploads\\\/2022\\\/07\\\/Magneti_Marelli-NL.jpeg\",\"datePublished\":\"2022-07-20T19:00:11+00:00\",\"breadcrumb\":{\"@id\":\"https:\\\/\\\/jornaldasoficinas.com\\\/pt\\\/o-nosso-objetivo-e-fazer-crescer-os-nossos-clientes-de-forma-rentavel-e-sustentavel-joan-miro-magneti-marelli\\\/#breadcrumb\"},\"inLanguage\":\"pt-PT\",\"potentialAction\":[{\"@type\":\"ReadAction\",\"target\":[\"https:\\\/\\\/jornaldasoficinas.com\\\/pt\\\/o-nosso-objetivo-e-fazer-crescer-os-nossos-clientes-de-forma-rentavel-e-sustentavel-joan-miro-magneti-marelli\\\/\"]}]},{\"@type\":\"ImageObject\",\"inLanguage\":\"pt-PT\",\"@id\":\"https:\\\/\\\/jornaldasoficinas.com\\\/pt\\\/o-nosso-objetivo-e-fazer-crescer-os-nossos-clientes-de-forma-rentavel-e-sustentavel-joan-miro-magneti-marelli\\\/#primaryimage\",\"url\":\"https:\\\/\\\/jornaldasoficinas.com\\\/pt\\\/wp-content\\\/uploads\\\/2022\\\/07\\\/Magneti_Marelli-NL.jpeg\",\"contentUrl\":\"https:\\\/\\\/jornaldasoficinas.com\\\/pt\\\/wp-content\\\/uploads\\\/2022\\\/07\\\/Magneti_Marelli-NL.jpeg\",\"width\":1024,\"height\":581,\"caption\":\"07 - Magneti_Marelli NL\"},{\"@type\":\"BreadcrumbList\",\"@id\":\"https:\\\/\\\/jornaldasoficinas.com\\\/pt\\\/o-nosso-objetivo-e-fazer-crescer-os-nossos-clientes-de-forma-rentavel-e-sustentavel-joan-miro-magneti-marelli\\\/#breadcrumb\",\"itemListElement\":[{\"@type\":\"ListItem\",\"position\":1,\"name\":\"In\u00edcio\",\"item\":\"https:\\\/\\\/jornaldasoficinas.com\\\/pt\\\/\"},{\"@type\":\"ListItem\",\"position\":2,\"name\":\"&#8220;O nosso objetivo \u00e9 fazer crescer os nossos clientes&#8221;, Joan Mir\u00f3, Magneti Marelli\"}]},{\"@type\":\"WebSite\",\"@id\":\"https:\\\/\\\/jornaldasoficinas.com\\\/pt\\\/#website\",\"url\":\"https:\\\/\\\/jornaldasoficinas.com\\\/pt\\\/\",\"name\":\"Jornal das Oficinas\",\"description\":\"Jornal independente do Aftermarket Autom\u00f3vel em Portugal\",\"publisher\":{\"@id\":\"https:\\\/\\\/jornaldasoficinas.com\\\/pt\\\/#organization\"},\"potentialAction\":[{\"@type\":\"SearchAction\",\"target\":{\"@type\":\"EntryPoint\",\"urlTemplate\":\"https:\\\/\\\/jornaldasoficinas.com\\\/pt\\\/?s={search_term_string}\"},\"query-input\":{\"@type\":\"PropertyValueSpecification\",\"valueRequired\":true,\"valueName\":\"search_term_string\"}}],\"inLanguage\":\"pt-PT\"},{\"@type\":\"Organization\",\"@id\":\"https:\\\/\\\/jornaldasoficinas.com\\\/pt\\\/#organization\",\"name\":\"Jornal das Oficinas\",\"url\":\"https:\\\/\\\/jornaldasoficinas.com\\\/pt\\\/\",\"logo\":{\"@type\":\"ImageObject\",\"inLanguage\":\"pt-PT\",\"@id\":\"https:\\\/\\\/jornaldasoficinas.com\\\/pt\\\/#\\\/schema\\\/logo\\\/image\\\/\",\"url\":\"https:\\\/\\\/jornaldasoficinas.com\\\/pt\\\/wp-content\\\/uploads\\\/logoJO-SEO.png\",\"contentUrl\":\"https:\\\/\\\/jornaldasoficinas.com\\\/pt\\\/wp-content\\\/uploads\\\/logoJO-SEO.png\",\"width\":285,\"height\":450,\"caption\":\"Jornal das Oficinas\"},\"image\":{\"@id\":\"https:\\\/\\\/jornaldasoficinas.com\\\/pt\\\/#\\\/schema\\\/logo\\\/image\\\/\"},\"sameAs\":[\"https:\\\/\\\/www.facebook.com\\\/jornaloficinas\",\"https:\\\/\\\/x.com\\\/jornaloficinas\",\"https:\\\/\\\/www.instagram.com\\\/jornal_oficinas\\\/\",\"https:\\\/\\\/www.linkedin.com\\\/company\\\/jornal-das-oficinas\\\/\",\"https:\\\/\\\/www.youtube.com\\\/channel\\\/UCbQZBqtcvV-oSQrr7RzINGg\"]},{\"@type\":\"Person\",\"@id\":\"https:\\\/\\\/jornaldasoficinas.com\\\/pt\\\/#\\\/schema\\\/person\\\/a38eef5de2c41d9e7c9ac10141afddf3\",\"name\":\"Reda\u00e7\u00e3o JO\",\"image\":{\"@type\":\"ImageObject\",\"inLanguage\":\"pt-PT\",\"@id\":\"https:\\\/\\\/secure.gravatar.com\\\/avatar\\\/71f2fa71737ad68a84fea94bc708ddac8ea5b0c4788dc2ad202f3ccb2887742f?s=96&d=wp_user_avatar&r=g\",\"url\":\"https:\\\/\\\/secure.gravatar.com\\\/avatar\\\/71f2fa71737ad68a84fea94bc708ddac8ea5b0c4788dc2ad202f3ccb2887742f?s=96&d=wp_user_avatar&r=g\",\"contentUrl\":\"https:\\\/\\\/secure.gravatar.com\\\/avatar\\\/71f2fa71737ad68a84fea94bc708ddac8ea5b0c4788dc2ad202f3ccb2887742f?s=96&d=wp_user_avatar&r=g\",\"caption\":\"Reda\u00e7\u00e3o JO\"},\"url\":\"https:\\\/\\\/jornaldasoficinas.com\\\/pt\\\/author\\\/joredacao\\\/\"}]}<\/script>\n<!-- \/ Yoast SEO plugin. -->","yoast_head_json":{"title":"\"O nosso objetivo \u00e9 fazer crescer os nossos clientes\", Joan Mir\u00f3, Magneti Marelli - Jornal das Oficinas","robots":{"index":"index","follow":"follow","max-snippet":"max-snippet:-1","max-image-preview":"max-image-preview:large","max-video-preview":"max-video-preview:-1"},"canonical":"https:\/\/jornaldasoficinas.com\/pt\/o-nosso-objetivo-e-fazer-crescer-os-nossos-clientes-de-forma-rentavel-e-sustentavel-joan-miro-magneti-marelli\/","og_locale":"pt_PT","og_type":"article","og_title":"\"O nosso objetivo \u00e9 fazer crescer os nossos clientes\", Joan Mir\u00f3, Magneti Marelli - Jornal das Oficinas","og_description":"Com cem anos cumpridos em 2019,...","og_url":"https:\/\/jornaldasoficinas.com\/pt\/o-nosso-objetivo-e-fazer-crescer-os-nossos-clientes-de-forma-rentavel-e-sustentavel-joan-miro-magneti-marelli\/","og_site_name":"Jornal das Oficinas","article_publisher":"https:\/\/www.facebook.com\/jornaloficinas","article_published_time":"2022-07-20T19:00:11+00:00","og_image":[{"width":1024,"height":581,"url":"https:\/\/jornaldasoficinas.com\/pt\/wp-content\/uploads\/2022\/07\/Magneti_Marelli-NL.jpeg","type":"image\/jpeg"}],"author":"Reda\u00e7\u00e3o JO","twitter_card":"summary_large_image","twitter_creator":"@jornaloficinas","twitter_site":"@jornaloficinas","twitter_misc":{"Escrito por":"Reda\u00e7\u00e3o JO","Tempo estimado de leitura":"2 minutos"},"schema":{"@context":"https:\/\/schema.org","@graph":[{"@type":"Article","@id":"https:\/\/jornaldasoficinas.com\/pt\/o-nosso-objetivo-e-fazer-crescer-os-nossos-clientes-de-forma-rentavel-e-sustentavel-joan-miro-magneti-marelli\/#article","isPartOf":{"@id":"https:\/\/jornaldasoficinas.com\/pt\/o-nosso-objetivo-e-fazer-crescer-os-nossos-clientes-de-forma-rentavel-e-sustentavel-joan-miro-magneti-marelli\/"},"author":{"name":"Reda\u00e7\u00e3o JO","@id":"https:\/\/jornaldasoficinas.com\/pt\/#\/schema\/person\/a38eef5de2c41d9e7c9ac10141afddf3"},"headline":"&#8220;O nosso objetivo \u00e9 fazer crescer os nossos clientes&#8221;, Joan Mir\u00f3, Magneti Marelli","datePublished":"2022-07-20T19:00:11+00:00","mainEntityOfPage":{"@id":"https:\/\/jornaldasoficinas.com\/pt\/o-nosso-objetivo-e-fazer-crescer-os-nossos-clientes-de-forma-rentavel-e-sustentavel-joan-miro-magneti-marelli\/"},"wordCount":347,"publisher":{"@id":"https:\/\/jornaldasoficinas.com\/pt\/#organization"},"image":{"@id":"https:\/\/jornaldasoficinas.com\/pt\/o-nosso-objetivo-e-fazer-crescer-os-nossos-clientes-de-forma-rentavel-e-sustentavel-joan-miro-magneti-marelli\/#primaryimage"},"thumbnailUrl":"https:\/\/jornaldasoficinas.com\/pt\/wp-content\/uploads\/2022\/07\/Magneti_Marelli-NL.jpeg","keywords":["Magneti Marelli"],"articleSection":["Entrevistas"],"inLanguage":"pt-PT"},{"@type":"WebPage","@id":"https:\/\/jornaldasoficinas.com\/pt\/o-nosso-objetivo-e-fazer-crescer-os-nossos-clientes-de-forma-rentavel-e-sustentavel-joan-miro-magneti-marelli\/","url":"https:\/\/jornaldasoficinas.com\/pt\/o-nosso-objetivo-e-fazer-crescer-os-nossos-clientes-de-forma-rentavel-e-sustentavel-joan-miro-magneti-marelli\/","name":"\"O nosso objetivo \u00e9 fazer crescer os nossos clientes\", Joan Mir\u00f3, Magneti Marelli - Jornal das Oficinas","isPartOf":{"@id":"https:\/\/jornaldasoficinas.com\/pt\/#website"},"primaryImageOfPage":{"@id":"https:\/\/jornaldasoficinas.com\/pt\/o-nosso-objetivo-e-fazer-crescer-os-nossos-clientes-de-forma-rentavel-e-sustentavel-joan-miro-magneti-marelli\/#primaryimage"},"image":{"@id":"https:\/\/jornaldasoficinas.com\/pt\/o-nosso-objetivo-e-fazer-crescer-os-nossos-clientes-de-forma-rentavel-e-sustentavel-joan-miro-magneti-marelli\/#primaryimage"},"thumbnailUrl":"https:\/\/jornaldasoficinas.com\/pt\/wp-content\/uploads\/2022\/07\/Magneti_Marelli-NL.jpeg","datePublished":"2022-07-20T19:00:11+00:00","breadcrumb":{"@id":"https:\/\/jornaldasoficinas.com\/pt\/o-nosso-objetivo-e-fazer-crescer-os-nossos-clientes-de-forma-rentavel-e-sustentavel-joan-miro-magneti-marelli\/#breadcrumb"},"inLanguage":"pt-PT","potentialAction":[{"@type":"ReadAction","target":["https:\/\/jornaldasoficinas.com\/pt\/o-nosso-objetivo-e-fazer-crescer-os-nossos-clientes-de-forma-rentavel-e-sustentavel-joan-miro-magneti-marelli\/"]}]},{"@type":"ImageObject","inLanguage":"pt-PT","@id":"https:\/\/jornaldasoficinas.com\/pt\/o-nosso-objetivo-e-fazer-crescer-os-nossos-clientes-de-forma-rentavel-e-sustentavel-joan-miro-magneti-marelli\/#primaryimage","url":"https:\/\/jornaldasoficinas.com\/pt\/wp-content\/uploads\/2022\/07\/Magneti_Marelli-NL.jpeg","contentUrl":"https:\/\/jornaldasoficinas.com\/pt\/wp-content\/uploads\/2022\/07\/Magneti_Marelli-NL.jpeg","width":1024,"height":581,"caption":"07 - Magneti_Marelli NL"},{"@type":"BreadcrumbList","@id":"https:\/\/jornaldasoficinas.com\/pt\/o-nosso-objetivo-e-fazer-crescer-os-nossos-clientes-de-forma-rentavel-e-sustentavel-joan-miro-magneti-marelli\/#breadcrumb","itemListElement":[{"@type":"ListItem","position":1,"name":"In\u00edcio","item":"https:\/\/jornaldasoficinas.com\/pt\/"},{"@type":"ListItem","position":2,"name":"&#8220;O nosso objetivo \u00e9 fazer crescer os nossos clientes&#8221;, Joan Mir\u00f3, Magneti Marelli"}]},{"@type":"WebSite","@id":"https:\/\/jornaldasoficinas.com\/pt\/#website","url":"https:\/\/jornaldasoficinas.com\/pt\/","name":"Jornal das Oficinas","description":"Jornal independente do Aftermarket Autom\u00f3vel em Portugal","publisher":{"@id":"https:\/\/jornaldasoficinas.com\/pt\/#organization"},"potentialAction":[{"@type":"SearchAction","target":{"@type":"EntryPoint","urlTemplate":"https:\/\/jornaldasoficinas.com\/pt\/?s={search_term_string}"},"query-input":{"@type":"PropertyValueSpecification","valueRequired":true,"valueName":"search_term_string"}}],"inLanguage":"pt-PT"},{"@type":"Organization","@id":"https:\/\/jornaldasoficinas.com\/pt\/#organization","name":"Jornal das Oficinas","url":"https:\/\/jornaldasoficinas.com\/pt\/","logo":{"@type":"ImageObject","inLanguage":"pt-PT","@id":"https:\/\/jornaldasoficinas.com\/pt\/#\/schema\/logo\/image\/","url":"https:\/\/jornaldasoficinas.com\/pt\/wp-content\/uploads\/logoJO-SEO.png","contentUrl":"https:\/\/jornaldasoficinas.com\/pt\/wp-content\/uploads\/logoJO-SEO.png","width":285,"height":450,"caption":"Jornal das Oficinas"},"image":{"@id":"https:\/\/jornaldasoficinas.com\/pt\/#\/schema\/logo\/image\/"},"sameAs":["https:\/\/www.facebook.com\/jornaloficinas","https:\/\/x.com\/jornaloficinas","https:\/\/www.instagram.com\/jornal_oficinas\/","https:\/\/www.linkedin.com\/company\/jornal-das-oficinas\/","https:\/\/www.youtube.com\/channel\/UCbQZBqtcvV-oSQrr7RzINGg"]},{"@type":"Person","@id":"https:\/\/jornaldasoficinas.com\/pt\/#\/schema\/person\/a38eef5de2c41d9e7c9ac10141afddf3","name":"Reda\u00e7\u00e3o JO","image":{"@type":"ImageObject","inLanguage":"pt-PT","@id":"https:\/\/secure.gravatar.com\/avatar\/71f2fa71737ad68a84fea94bc708ddac8ea5b0c4788dc2ad202f3ccb2887742f?s=96&d=wp_user_avatar&r=g","url":"https:\/\/secure.gravatar.com\/avatar\/71f2fa71737ad68a84fea94bc708ddac8ea5b0c4788dc2ad202f3ccb2887742f?s=96&d=wp_user_avatar&r=g","contentUrl":"https:\/\/secure.gravatar.com\/avatar\/71f2fa71737ad68a84fea94bc708ddac8ea5b0c4788dc2ad202f3ccb2887742f?s=96&d=wp_user_avatar&r=g","caption":"Reda\u00e7\u00e3o JO"},"url":"https:\/\/jornaldasoficinas.com\/pt\/author\/joredacao\/"}]}},"_links":{"self":[{"href":"https:\/\/jornaldasoficinas.com\/pt\/wp-json\/wp\/v2\/posts\/31509","targetHints":{"allow":["GET"]}}],"collection":[{"href":"https:\/\/jornaldasoficinas.com\/pt\/wp-json\/wp\/v2\/posts"}],"about":[{"href":"https:\/\/jornaldasoficinas.com\/pt\/wp-json\/wp\/v2\/types\/post"}],"author":[{"embeddable":true,"href":"https:\/\/jornaldasoficinas.com\/pt\/wp-json\/wp\/v2\/users\/15"}],"replies":[{"embeddable":true,"href":"https:\/\/jornaldasoficinas.com\/pt\/wp-json\/wp\/v2\/comments?post=31509"}],"version-history":[{"count":0,"href":"https:\/\/jornaldasoficinas.com\/pt\/wp-json\/wp\/v2\/posts\/31509\/revisions"}],"wp:featuredmedia":[{"embeddable":true,"href":"https:\/\/jornaldasoficinas.com\/pt\/wp-json\/wp\/v2\/media\/31504"}],"wp:attachment":[{"href":"https:\/\/jornaldasoficinas.com\/pt\/wp-json\/wp\/v2\/media?parent=31509"}],"wp:term":[{"taxonomy":"category","embeddable":true,"href":"https:\/\/jornaldasoficinas.com\/pt\/wp-json\/wp\/v2\/categories?post=31509"},{"taxonomy":"post_tag","embeddable":true,"href":"https:\/\/jornaldasoficinas.com\/pt\/wp-json\/wp\/v2\/tags?post=31509"}],"curies":[{"name":"wp","href":"https:\/\/api.w.org\/{rel}","templated":true}]}}