{"id":31562,"date":"2022-07-22T08:00:53","date_gmt":"2022-07-22T07:00:53","guid":{"rendered":"https:\/\/jornaldasoficinas.com\/pt\/?p=31562"},"modified":"2022-07-21T15:07:10","modified_gmt":"2022-07-21T14:07:10","slug":"osram-batterycharge-pro-para-utilizacao-intensiva","status":"publish","type":"post","link":"https:\/\/jornaldasoficinas.com\/pt\/osram-batterycharge-pro-para-utilizacao-intensiva\/","title":{"rendered":"OSRAM BATTERYcharge PRO para utiliza\u00e7\u00e3o intensiva"},"content":{"rendered":"<p><strong><img loading=\"lazy\" decoding=\"async\" class=\"alignnone size-full wp-image-31538\" src=\"https:\/\/jornaldasoficinas.com\/pt\/wp-content\/uploads\/2022\/07\/OSRAM-BATTERYcharge-PRO-para-utilizac\u0327a\u0303o-intensiva.jpg\" alt=\"07 - OSRAM BATTERYcharge PRO para utilizac\u0327a\u0303o intensiva\" width=\"1024\" height=\"581\" srcset=\"https:\/\/jornaldasoficinas.com\/pt\/wp-content\/uploads\/2022\/07\/OSRAM-BATTERYcharge-PRO-para-utilizac\u0327a\u0303o-intensiva.jpg 1024w, https:\/\/jornaldasoficinas.com\/pt\/wp-content\/uploads\/2022\/07\/OSRAM-BATTERYcharge-PRO-para-utilizac\u0327a\u0303o-intensiva-300x170.jpg 300w, https:\/\/jornaldasoficinas.com\/pt\/wp-content\/uploads\/2022\/07\/OSRAM-BATTERYcharge-PRO-para-utilizac\u0327a\u0303o-intensiva-150x85.jpg 150w, https:\/\/jornaldasoficinas.com\/pt\/wp-content\/uploads\/2022\/07\/OSRAM-BATTERYcharge-PRO-para-utilizac\u0327a\u0303o-intensiva-768x436.jpg 768w\" sizes=\"auto, (max-width: 1024px) 100vw, 1024px\" \/><\/strong><\/p>\n<p><strong>A <a href=\"https:\/\/www.osram.pt\/am\/index.jsp\" target=\"_blank\" rel=\"noopener\">OSRAM<\/a> desenvolveu uma ampla gama de produtos profissionais que podem fornecer bateria de longa dura\u00e7\u00e3o para aplica\u00e7\u00f5es de 12V, 24V e fazer frente \u00e0s necessidades dos ve\u00edculos que est\u00e3o equipados com dispositivos eletr\u00f3nicos, com tecnologia em constante evolu\u00e7\u00e3o e muito exigentes na bateria do ve\u00edculo<\/strong><\/p>\n<p>Para as exigentes necessidades dos profissionais, a OSRAM desenvolveu uma gama de equipamentos de carregamento e teste de baterias para oficinas, que resistem ao trabalho \u00e1rduo di\u00e1rio. A nova gama BATTERYcharge PRO foi concebida para uma utiliza\u00e7\u00e3o intensiva e prolongada em oficinas e outros ambientes profissionais.<\/p>\n<p>Utilizando a mais recente tecnologia, a gama OSRAM PRO pode n\u00e3o s\u00f3 carregar baterias, mas tamb\u00e9m, dependendo do estado da bateria, at\u00e9 permitir o teste de diagn\u00f3stico do alternador.<\/p>\n<p>Os OSRAM BATTERYcharge PRO s\u00e3o carregadores de bateria profissionais e inteligentes adequados para uma ampla gama de tipos de bateria para ve\u00edculos de 12V e 24V.<\/p>\n<p>Ideais para usar quando ve\u00edculos diferentes e at\u00e9 frotas inteiras necessitam de manuten\u00e7\u00e3o, especialmente em oficinas profissionais ou showrooms. Ao selecionar diferentes tipos de bateria e n\u00edveis de carga, o utilizador pode definir a carga espec\u00edfica necess\u00e1ria para os diferentes tipos de bateria.<\/p>\n<p>Eles podem fornecer correntes de carga vari\u00e1veis, dependendo do modelo, at\u00e9 um m\u00e1ximo de 100A. Isso \u00e9 poss\u00edvel para baterias de chumbo-\u00e1cido, baterias de l\u00edtio e baterias start\/stop. As taxas de carregamento vari\u00e1veis individuais selecion\u00e1veis tamb\u00e9m podem fornecer carregamento flex\u00edvel, lento ou r\u00e1pido, para responder aos requisitos de cada utilizador. Al\u00e9m disso, uma fun\u00e7\u00e3o de teste integrada permite o diagn\u00f3stico da bateria e do alternador.<\/p>\n<p>O carregador de bateria profissional da OSRAM com visor retroiluminado passa por diferentes ciclos de carregamento para restaurar e otimizar o desempenho da bateria e melhorar a reten\u00e7\u00e3o de carga. Alguns produtos est\u00e3o equipados com uma conveniente pega para transporte na parte traseira ou na parte superior da unidade ou at\u00e9 mesmo com rodas, portanto, os carregadores de bateria profissionais da OSRAM s\u00e3o f\u00e1ceis de transportar pela oficina.<\/p>\n<p>Al\u00e9m disso, a OSRAM oferece dois anos de garantia para estes produtos.<\/p>\n","protected":false},"excerpt":{"rendered":"<p>A OSRAM desenvolveu uma ampla gama&#8230;<\/p>\n","protected":false},"author":15,"featured_media":31538,"comment_status":"closed","ping_status":"closed","sticky":false,"template":"","format":"standard","meta":{"footnotes":""},"categories":[29],"tags":[60],"class_list":["post-31562","post","type-post","status-publish","format-standard","has-post-thumbnail","hentry","category-empresas","tag-osram"],"yoast_head":"<!-- This site is optimized with the Yoast SEO plugin v27.4 - https:\/\/yoast.com\/product\/yoast-seo-wordpress\/ -->\n<title>OSRAM BATTERYcharge PRO para utiliza\u00e7\u00e3o intensiva - Jornal das Oficinas<\/title>\n<meta name=\"robots\" content=\"index, follow, max-snippet:-1, max-image-preview:large, max-video-preview:-1\" \/>\n<link rel=\"canonical\" href=\"https:\/\/jornaldasoficinas.com\/pt\/osram-batterycharge-pro-para-utilizacao-intensiva\/\" \/>\n<meta property=\"og:locale\" content=\"pt_PT\" \/>\n<meta property=\"og:type\" content=\"article\" \/>\n<meta property=\"og:title\" content=\"OSRAM BATTERYcharge PRO para utiliza\u00e7\u00e3o intensiva - Jornal das Oficinas\" \/>\n<meta property=\"og:description\" content=\"A OSRAM desenvolveu uma ampla gama...\" \/>\n<meta property=\"og:url\" content=\"https:\/\/jornaldasoficinas.com\/pt\/osram-batterycharge-pro-para-utilizacao-intensiva\/\" \/>\n<meta property=\"og:site_name\" content=\"Jornal das Oficinas\" \/>\n<meta property=\"article:publisher\" content=\"https:\/\/www.facebook.com\/jornaloficinas\" \/>\n<meta property=\"article:published_time\" content=\"2022-07-22T07:00:53+00:00\" \/>\n<meta property=\"og:image\" content=\"https:\/\/jornaldasoficinas.com\/pt\/wp-content\/uploads\/2022\/07\/OSRAM-BATTERYcharge-PRO-para-utilizac\u0327a\u0303o-intensiva.jpg\" \/>\n\t<meta property=\"og:image:width\" content=\"1024\" \/>\n\t<meta property=\"og:image:height\" content=\"581\" \/>\n\t<meta property=\"og:image:type\" content=\"image\/jpeg\" \/>\n<meta name=\"author\" content=\"Reda\u00e7\u00e3o JO\" \/>\n<meta name=\"twitter:card\" content=\"summary_large_image\" \/>\n<meta name=\"twitter:creator\" content=\"@jornaloficinas\" \/>\n<meta name=\"twitter:site\" content=\"@jornaloficinas\" \/>\n<meta name=\"twitter:label1\" content=\"Escrito por\" \/>\n\t<meta name=\"twitter:data1\" content=\"Reda\u00e7\u00e3o JO\" \/>\n\t<meta name=\"twitter:label2\" content=\"Tempo estimado de leitura\" \/>\n\t<meta name=\"twitter:data2\" content=\"2 minutos\" \/>\n<script type=\"application\/ld+json\" class=\"yoast-schema-graph\">{\"@context\":\"https:\\\/\\\/schema.org\",\"@graph\":[{\"@type\":\"Article\",\"@id\":\"https:\\\/\\\/jornaldasoficinas.com\\\/pt\\\/osram-batterycharge-pro-para-utilizacao-intensiva\\\/#article\",\"isPartOf\":{\"@id\":\"https:\\\/\\\/jornaldasoficinas.com\\\/pt\\\/osram-batterycharge-pro-para-utilizacao-intensiva\\\/\"},\"author\":{\"name\":\"Reda\u00e7\u00e3o JO\",\"@id\":\"https:\\\/\\\/jornaldasoficinas.com\\\/pt\\\/#\\\/schema\\\/person\\\/a38eef5de2c41d9e7c9ac10141afddf3\"},\"headline\":\"OSRAM BATTERYcharge PRO para utiliza\u00e7\u00e3o intensiva\",\"datePublished\":\"2022-07-22T07:00:53+00:00\",\"mainEntityOfPage\":{\"@id\":\"https:\\\/\\\/jornaldasoficinas.com\\\/pt\\\/osram-batterycharge-pro-para-utilizacao-intensiva\\\/\"},\"wordCount\":379,\"publisher\":{\"@id\":\"https:\\\/\\\/jornaldasoficinas.com\\\/pt\\\/#organization\"},\"image\":{\"@id\":\"https:\\\/\\\/jornaldasoficinas.com\\\/pt\\\/osram-batterycharge-pro-para-utilizacao-intensiva\\\/#primaryimage\"},\"thumbnailUrl\":\"https:\\\/\\\/jornaldasoficinas.com\\\/pt\\\/wp-content\\\/uploads\\\/2022\\\/07\\\/OSRAM-BATTERYcharge-PRO-para-utilizac\u0327a\u0303o-intensiva.jpg\",\"keywords\":[\"OSRAM\"],\"articleSection\":[\"Empresas\"],\"inLanguage\":\"pt-PT\"},{\"@type\":\"WebPage\",\"@id\":\"https:\\\/\\\/jornaldasoficinas.com\\\/pt\\\/osram-batterycharge-pro-para-utilizacao-intensiva\\\/\",\"url\":\"https:\\\/\\\/jornaldasoficinas.com\\\/pt\\\/osram-batterycharge-pro-para-utilizacao-intensiva\\\/\",\"name\":\"OSRAM BATTERYcharge PRO para utiliza\u00e7\u00e3o intensiva - Jornal das Oficinas\",\"isPartOf\":{\"@id\":\"https:\\\/\\\/jornaldasoficinas.com\\\/pt\\\/#website\"},\"primaryImageOfPage\":{\"@id\":\"https:\\\/\\\/jornaldasoficinas.com\\\/pt\\\/osram-batterycharge-pro-para-utilizacao-intensiva\\\/#primaryimage\"},\"image\":{\"@id\":\"https:\\\/\\\/jornaldasoficinas.com\\\/pt\\\/osram-batterycharge-pro-para-utilizacao-intensiva\\\/#primaryimage\"},\"thumbnailUrl\":\"https:\\\/\\\/jornaldasoficinas.com\\\/pt\\\/wp-content\\\/uploads\\\/2022\\\/07\\\/OSRAM-BATTERYcharge-PRO-para-utilizac\u0327a\u0303o-intensiva.jpg\",\"datePublished\":\"2022-07-22T07:00:53+00:00\",\"breadcrumb\":{\"@id\":\"https:\\\/\\\/jornaldasoficinas.com\\\/pt\\\/osram-batterycharge-pro-para-utilizacao-intensiva\\\/#breadcrumb\"},\"inLanguage\":\"pt-PT\",\"potentialAction\":[{\"@type\":\"ReadAction\",\"target\":[\"https:\\\/\\\/jornaldasoficinas.com\\\/pt\\\/osram-batterycharge-pro-para-utilizacao-intensiva\\\/\"]}]},{\"@type\":\"ImageObject\",\"inLanguage\":\"pt-PT\",\"@id\":\"https:\\\/\\\/jornaldasoficinas.com\\\/pt\\\/osram-batterycharge-pro-para-utilizacao-intensiva\\\/#primaryimage\",\"url\":\"https:\\\/\\\/jornaldasoficinas.com\\\/pt\\\/wp-content\\\/uploads\\\/2022\\\/07\\\/OSRAM-BATTERYcharge-PRO-para-utilizac\u0327a\u0303o-intensiva.jpg\",\"contentUrl\":\"https:\\\/\\\/jornaldasoficinas.com\\\/pt\\\/wp-content\\\/uploads\\\/2022\\\/07\\\/OSRAM-BATTERYcharge-PRO-para-utilizac\u0327a\u0303o-intensiva.jpg\",\"width\":1024,\"height\":581,\"caption\":\"07 - OSRAM BATTERYcharge PRO para utilizac\u0327a\u0303o intensiva\"},{\"@type\":\"BreadcrumbList\",\"@id\":\"https:\\\/\\\/jornaldasoficinas.com\\\/pt\\\/osram-batterycharge-pro-para-utilizacao-intensiva\\\/#breadcrumb\",\"itemListElement\":[{\"@type\":\"ListItem\",\"position\":1,\"name\":\"In\u00edcio\",\"item\":\"https:\\\/\\\/jornaldasoficinas.com\\\/pt\\\/\"},{\"@type\":\"ListItem\",\"position\":2,\"name\":\"OSRAM BATTERYcharge PRO para utiliza\u00e7\u00e3o intensiva\"}]},{\"@type\":\"WebSite\",\"@id\":\"https:\\\/\\\/jornaldasoficinas.com\\\/pt\\\/#website\",\"url\":\"https:\\\/\\\/jornaldasoficinas.com\\\/pt\\\/\",\"name\":\"Jornal das Oficinas\",\"description\":\"Jornal independente do Aftermarket Autom\u00f3vel em Portugal\",\"publisher\":{\"@id\":\"https:\\\/\\\/jornaldasoficinas.com\\\/pt\\\/#organization\"},\"potentialAction\":[{\"@type\":\"SearchAction\",\"target\":{\"@type\":\"EntryPoint\",\"urlTemplate\":\"https:\\\/\\\/jornaldasoficinas.com\\\/pt\\\/?s={search_term_string}\"},\"query-input\":{\"@type\":\"PropertyValueSpecification\",\"valueRequired\":true,\"valueName\":\"search_term_string\"}}],\"inLanguage\":\"pt-PT\"},{\"@type\":\"Organization\",\"@id\":\"https:\\\/\\\/jornaldasoficinas.com\\\/pt\\\/#organization\",\"name\":\"Jornal das Oficinas\",\"url\":\"https:\\\/\\\/jornaldasoficinas.com\\\/pt\\\/\",\"logo\":{\"@type\":\"ImageObject\",\"inLanguage\":\"pt-PT\",\"@id\":\"https:\\\/\\\/jornaldasoficinas.com\\\/pt\\\/#\\\/schema\\\/logo\\\/image\\\/\",\"url\":\"https:\\\/\\\/jornaldasoficinas.com\\\/pt\\\/wp-content\\\/uploads\\\/logoJO-SEO.png\",\"contentUrl\":\"https:\\\/\\\/jornaldasoficinas.com\\\/pt\\\/wp-content\\\/uploads\\\/logoJO-SEO.png\",\"width\":285,\"height\":450,\"caption\":\"Jornal das Oficinas\"},\"image\":{\"@id\":\"https:\\\/\\\/jornaldasoficinas.com\\\/pt\\\/#\\\/schema\\\/logo\\\/image\\\/\"},\"sameAs\":[\"https:\\\/\\\/www.facebook.com\\\/jornaloficinas\",\"https:\\\/\\\/x.com\\\/jornaloficinas\",\"https:\\\/\\\/www.instagram.com\\\/jornal_oficinas\\\/\",\"https:\\\/\\\/www.linkedin.com\\\/company\\\/jornal-das-oficinas\\\/\",\"https:\\\/\\\/www.youtube.com\\\/channel\\\/UCbQZBqtcvV-oSQrr7RzINGg\"]},{\"@type\":\"Person\",\"@id\":\"https:\\\/\\\/jornaldasoficinas.com\\\/pt\\\/#\\\/schema\\\/person\\\/a38eef5de2c41d9e7c9ac10141afddf3\",\"name\":\"Reda\u00e7\u00e3o JO\",\"image\":{\"@type\":\"ImageObject\",\"inLanguage\":\"pt-PT\",\"@id\":\"https:\\\/\\\/secure.gravatar.com\\\/avatar\\\/71f2fa71737ad68a84fea94bc708ddac8ea5b0c4788dc2ad202f3ccb2887742f?s=96&d=wp_user_avatar&r=g\",\"url\":\"https:\\\/\\\/secure.gravatar.com\\\/avatar\\\/71f2fa71737ad68a84fea94bc708ddac8ea5b0c4788dc2ad202f3ccb2887742f?s=96&d=wp_user_avatar&r=g\",\"contentUrl\":\"https:\\\/\\\/secure.gravatar.com\\\/avatar\\\/71f2fa71737ad68a84fea94bc708ddac8ea5b0c4788dc2ad202f3ccb2887742f?s=96&d=wp_user_avatar&r=g\",\"caption\":\"Reda\u00e7\u00e3o JO\"},\"url\":\"https:\\\/\\\/jornaldasoficinas.com\\\/pt\\\/author\\\/joredacao\\\/\"}]}<\/script>\n<!-- \/ Yoast SEO plugin. -->","yoast_head_json":{"title":"OSRAM BATTERYcharge PRO para utiliza\u00e7\u00e3o intensiva - Jornal das Oficinas","robots":{"index":"index","follow":"follow","max-snippet":"max-snippet:-1","max-image-preview":"max-image-preview:large","max-video-preview":"max-video-preview:-1"},"canonical":"https:\/\/jornaldasoficinas.com\/pt\/osram-batterycharge-pro-para-utilizacao-intensiva\/","og_locale":"pt_PT","og_type":"article","og_title":"OSRAM BATTERYcharge PRO para utiliza\u00e7\u00e3o intensiva - Jornal das Oficinas","og_description":"A OSRAM desenvolveu uma ampla gama...","og_url":"https:\/\/jornaldasoficinas.com\/pt\/osram-batterycharge-pro-para-utilizacao-intensiva\/","og_site_name":"Jornal das Oficinas","article_publisher":"https:\/\/www.facebook.com\/jornaloficinas","article_published_time":"2022-07-22T07:00:53+00:00","og_image":[{"width":1024,"height":581,"url":"https:\/\/jornaldasoficinas.com\/pt\/wp-content\/uploads\/2022\/07\/OSRAM-BATTERYcharge-PRO-para-utilizac\u0327a\u0303o-intensiva.jpg","type":"image\/jpeg"}],"author":"Reda\u00e7\u00e3o JO","twitter_card":"summary_large_image","twitter_creator":"@jornaloficinas","twitter_site":"@jornaloficinas","twitter_misc":{"Escrito por":"Reda\u00e7\u00e3o JO","Tempo estimado de leitura":"2 minutos"},"schema":{"@context":"https:\/\/schema.org","@graph":[{"@type":"Article","@id":"https:\/\/jornaldasoficinas.com\/pt\/osram-batterycharge-pro-para-utilizacao-intensiva\/#article","isPartOf":{"@id":"https:\/\/jornaldasoficinas.com\/pt\/osram-batterycharge-pro-para-utilizacao-intensiva\/"},"author":{"name":"Reda\u00e7\u00e3o JO","@id":"https:\/\/jornaldasoficinas.com\/pt\/#\/schema\/person\/a38eef5de2c41d9e7c9ac10141afddf3"},"headline":"OSRAM BATTERYcharge PRO para utiliza\u00e7\u00e3o intensiva","datePublished":"2022-07-22T07:00:53+00:00","mainEntityOfPage":{"@id":"https:\/\/jornaldasoficinas.com\/pt\/osram-batterycharge-pro-para-utilizacao-intensiva\/"},"wordCount":379,"publisher":{"@id":"https:\/\/jornaldasoficinas.com\/pt\/#organization"},"image":{"@id":"https:\/\/jornaldasoficinas.com\/pt\/osram-batterycharge-pro-para-utilizacao-intensiva\/#primaryimage"},"thumbnailUrl":"https:\/\/jornaldasoficinas.com\/pt\/wp-content\/uploads\/2022\/07\/OSRAM-BATTERYcharge-PRO-para-utilizac\u0327a\u0303o-intensiva.jpg","keywords":["OSRAM"],"articleSection":["Empresas"],"inLanguage":"pt-PT"},{"@type":"WebPage","@id":"https:\/\/jornaldasoficinas.com\/pt\/osram-batterycharge-pro-para-utilizacao-intensiva\/","url":"https:\/\/jornaldasoficinas.com\/pt\/osram-batterycharge-pro-para-utilizacao-intensiva\/","name":"OSRAM BATTERYcharge PRO para utiliza\u00e7\u00e3o intensiva - Jornal das Oficinas","isPartOf":{"@id":"https:\/\/jornaldasoficinas.com\/pt\/#website"},"primaryImageOfPage":{"@id":"https:\/\/jornaldasoficinas.com\/pt\/osram-batterycharge-pro-para-utilizacao-intensiva\/#primaryimage"},"image":{"@id":"https:\/\/jornaldasoficinas.com\/pt\/osram-batterycharge-pro-para-utilizacao-intensiva\/#primaryimage"},"thumbnailUrl":"https:\/\/jornaldasoficinas.com\/pt\/wp-content\/uploads\/2022\/07\/OSRAM-BATTERYcharge-PRO-para-utilizac\u0327a\u0303o-intensiva.jpg","datePublished":"2022-07-22T07:00:53+00:00","breadcrumb":{"@id":"https:\/\/jornaldasoficinas.com\/pt\/osram-batterycharge-pro-para-utilizacao-intensiva\/#breadcrumb"},"inLanguage":"pt-PT","potentialAction":[{"@type":"ReadAction","target":["https:\/\/jornaldasoficinas.com\/pt\/osram-batterycharge-pro-para-utilizacao-intensiva\/"]}]},{"@type":"ImageObject","inLanguage":"pt-PT","@id":"https:\/\/jornaldasoficinas.com\/pt\/osram-batterycharge-pro-para-utilizacao-intensiva\/#primaryimage","url":"https:\/\/jornaldasoficinas.com\/pt\/wp-content\/uploads\/2022\/07\/OSRAM-BATTERYcharge-PRO-para-utilizac\u0327a\u0303o-intensiva.jpg","contentUrl":"https:\/\/jornaldasoficinas.com\/pt\/wp-content\/uploads\/2022\/07\/OSRAM-BATTERYcharge-PRO-para-utilizac\u0327a\u0303o-intensiva.jpg","width":1024,"height":581,"caption":"07 - OSRAM BATTERYcharge PRO para utilizac\u0327a\u0303o intensiva"},{"@type":"BreadcrumbList","@id":"https:\/\/jornaldasoficinas.com\/pt\/osram-batterycharge-pro-para-utilizacao-intensiva\/#breadcrumb","itemListElement":[{"@type":"ListItem","position":1,"name":"In\u00edcio","item":"https:\/\/jornaldasoficinas.com\/pt\/"},{"@type":"ListItem","position":2,"name":"OSRAM BATTERYcharge PRO para utiliza\u00e7\u00e3o intensiva"}]},{"@type":"WebSite","@id":"https:\/\/jornaldasoficinas.com\/pt\/#website","url":"https:\/\/jornaldasoficinas.com\/pt\/","name":"Jornal das Oficinas","description":"Jornal independente do Aftermarket Autom\u00f3vel em Portugal","publisher":{"@id":"https:\/\/jornaldasoficinas.com\/pt\/#organization"},"potentialAction":[{"@type":"SearchAction","target":{"@type":"EntryPoint","urlTemplate":"https:\/\/jornaldasoficinas.com\/pt\/?s={search_term_string}"},"query-input":{"@type":"PropertyValueSpecification","valueRequired":true,"valueName":"search_term_string"}}],"inLanguage":"pt-PT"},{"@type":"Organization","@id":"https:\/\/jornaldasoficinas.com\/pt\/#organization","name":"Jornal das Oficinas","url":"https:\/\/jornaldasoficinas.com\/pt\/","logo":{"@type":"ImageObject","inLanguage":"pt-PT","@id":"https:\/\/jornaldasoficinas.com\/pt\/#\/schema\/logo\/image\/","url":"https:\/\/jornaldasoficinas.com\/pt\/wp-content\/uploads\/logoJO-SEO.png","contentUrl":"https:\/\/jornaldasoficinas.com\/pt\/wp-content\/uploads\/logoJO-SEO.png","width":285,"height":450,"caption":"Jornal das Oficinas"},"image":{"@id":"https:\/\/jornaldasoficinas.com\/pt\/#\/schema\/logo\/image\/"},"sameAs":["https:\/\/www.facebook.com\/jornaloficinas","https:\/\/x.com\/jornaloficinas","https:\/\/www.instagram.com\/jornal_oficinas\/","https:\/\/www.linkedin.com\/company\/jornal-das-oficinas\/","https:\/\/www.youtube.com\/channel\/UCbQZBqtcvV-oSQrr7RzINGg"]},{"@type":"Person","@id":"https:\/\/jornaldasoficinas.com\/pt\/#\/schema\/person\/a38eef5de2c41d9e7c9ac10141afddf3","name":"Reda\u00e7\u00e3o JO","image":{"@type":"ImageObject","inLanguage":"pt-PT","@id":"https:\/\/secure.gravatar.com\/avatar\/71f2fa71737ad68a84fea94bc708ddac8ea5b0c4788dc2ad202f3ccb2887742f?s=96&d=wp_user_avatar&r=g","url":"https:\/\/secure.gravatar.com\/avatar\/71f2fa71737ad68a84fea94bc708ddac8ea5b0c4788dc2ad202f3ccb2887742f?s=96&d=wp_user_avatar&r=g","contentUrl":"https:\/\/secure.gravatar.com\/avatar\/71f2fa71737ad68a84fea94bc708ddac8ea5b0c4788dc2ad202f3ccb2887742f?s=96&d=wp_user_avatar&r=g","caption":"Reda\u00e7\u00e3o JO"},"url":"https:\/\/jornaldasoficinas.com\/pt\/author\/joredacao\/"}]}},"_links":{"self":[{"href":"https:\/\/jornaldasoficinas.com\/pt\/wp-json\/wp\/v2\/posts\/31562","targetHints":{"allow":["GET"]}}],"collection":[{"href":"https:\/\/jornaldasoficinas.com\/pt\/wp-json\/wp\/v2\/posts"}],"about":[{"href":"https:\/\/jornaldasoficinas.com\/pt\/wp-json\/wp\/v2\/types\/post"}],"author":[{"embeddable":true,"href":"https:\/\/jornaldasoficinas.com\/pt\/wp-json\/wp\/v2\/users\/15"}],"replies":[{"embeddable":true,"href":"https:\/\/jornaldasoficinas.com\/pt\/wp-json\/wp\/v2\/comments?post=31562"}],"version-history":[{"count":0,"href":"https:\/\/jornaldasoficinas.com\/pt\/wp-json\/wp\/v2\/posts\/31562\/revisions"}],"wp:featuredmedia":[{"embeddable":true,"href":"https:\/\/jornaldasoficinas.com\/pt\/wp-json\/wp\/v2\/media\/31538"}],"wp:attachment":[{"href":"https:\/\/jornaldasoficinas.com\/pt\/wp-json\/wp\/v2\/media?parent=31562"}],"wp:term":[{"taxonomy":"category","embeddable":true,"href":"https:\/\/jornaldasoficinas.com\/pt\/wp-json\/wp\/v2\/categories?post=31562"},{"taxonomy":"post_tag","embeddable":true,"href":"https:\/\/jornaldasoficinas.com\/pt\/wp-json\/wp\/v2\/tags?post=31562"}],"curies":[{"name":"wp","href":"https:\/\/api.w.org\/{rel}","templated":true}]}}