{"id":31646,"date":"2022-07-19T16:00:42","date_gmt":"2022-07-19T15:00:42","guid":{"rendered":"https:\/\/jornaldasoficinas.com\/pt\/?p=31646"},"modified":"2023-07-19T15:47:20","modified_gmt":"2023-07-19T14:47:20","slug":"premios-compromisso-com-sustentabilidade-no-pos-venda-esta-de-regresso","status":"publish","type":"post","link":"https:\/\/jornaldasoficinas.com\/pt\/premios-compromisso-com-sustentabilidade-no-pos-venda-esta-de-regresso\/","title":{"rendered":"Pr\u00e9mios &#8220;Compromisso com Sustentabilidade no P\u00f3s-Venda\u201d est\u00e1 de regresso"},"content":{"rendered":"<p><img loading=\"lazy\" decoding=\"async\" class=\"alignnone size-full wp-image-31627\" src=\"https:\/\/jornaldasoficinas.com\/pt\/wp-content\/uploads\/2022\/07\/Pre\u0301mios-22Compromisso-com-Sustentabilidade-no-Po\u0301s-Venda-esta\u0301-de-regresso.png\" alt=\"07 - Pre\u0301mios 22Compromisso com Sustentabilidade no Po\u0301s Venda esta\u0301 de regresso\" width=\"1024\" height=\"581\" srcset=\"https:\/\/jornaldasoficinas.com\/pt\/wp-content\/uploads\/2022\/07\/Pre\u0301mios-22Compromisso-com-Sustentabilidade-no-Po\u0301s-Venda-esta\u0301-de-regresso.png 1024w, https:\/\/jornaldasoficinas.com\/pt\/wp-content\/uploads\/2022\/07\/Pre\u0301mios-22Compromisso-com-Sustentabilidade-no-Po\u0301s-Venda-esta\u0301-de-regresso-300x170.png 300w, https:\/\/jornaldasoficinas.com\/pt\/wp-content\/uploads\/2022\/07\/Pre\u0301mios-22Compromisso-com-Sustentabilidade-no-Po\u0301s-Venda-esta\u0301-de-regresso-150x85.png 150w, https:\/\/jornaldasoficinas.com\/pt\/wp-content\/uploads\/2022\/07\/Pre\u0301mios-22Compromisso-com-Sustentabilidade-no-Po\u0301s-Venda-esta\u0301-de-regresso-768x436.png 768w\" sizes=\"auto, (max-width: 1024px) 100vw, 1024px\" \/><\/p>\n<p><strong>A <a href=\"https:\/\/www.sernauto.es\/\" target=\"_blank\" rel=\"noopener\">SERNAUTO<\/a> e a <a href=\"https:\/\/ancera.org\/\" target=\"_blank\" rel=\"noopener\">ANCERA<\/a>, juntamente com as associa\u00e7\u00f5es de oficinas <a href=\"https:\/\/www.cetraa.com\/\" target=\"_blank\" rel=\"noopener\">CETRAA<\/a> e <a href=\"http:\/\/www.conepa.org\/\" target=\"_blank\" rel=\"noopener\">CONEPA<\/a>, em colabora\u00e7\u00e3o com Motortec Madrid, lan\u00e7am a II edi\u00e7\u00e3o dos Pr\u00e9mios &#8220;Compromisso com a Sustentabilidade no P\u00f3s-Venda\u201d.\u00a0 As inscri\u00e7\u00f5es abrem a 1 de setembro e terminam no dia 15 de outubro<\/strong><\/p>\n<p>Nesta nova edi\u00e7\u00e3o, os pr\u00e9mios visam tornar vis\u00edvel como as empresas do p\u00f3s-venda s\u00e3o uma parte ativa do ecossistema de mobilidade sustent\u00e1vel, um ecossistema que est\u00e1 em plena transforma\u00e7\u00e3o para um economia mais verde, digital e inclusiva. As empresas est\u00e3o imersas h\u00e1 anos na transforma\u00e7\u00e3o digital e sustent\u00e1vel de produtos, da cadeia de valor e as pessoas que fazem parte dela. Por meio de projetos e iniciativas, n\u00e3o s\u00f3 h\u00e1 uma resposta \u00e0 crescente regulamenta\u00e7\u00e3o, como esta transforma\u00e7\u00e3o \u00e9 baseada na abordagem de inova\u00e7\u00e3o sustent\u00e1vel, que \u00e9 um claro reflexo dos valores e marcas das empresas no mercado de reposi\u00e7\u00e3o.<\/p>\n<p><strong>Principais novidades<br \/>\n<\/strong>Ao contr\u00e1rio da Primeira Edi\u00e7\u00e3o dos Pr\u00e9mios de Compromisso Social, nesta nova edi\u00e7\u00e3o poder\u00e3o participar todas as empresas que fazem parte do setor do p\u00f3s-venda: fabricantes, distribuidores e oficinas.<\/p>\n<p>Al\u00e9m disso, ser\u00e3o valorizados n\u00e3o apenas projetos com foco em impacto social, mas tamb\u00e9m a amplia\u00e7\u00e3o e cria\u00e7\u00e3o de tr\u00eas novas categorias:<\/p>\n<ol>\n<li><strong> Impacto nas pessoas<\/strong><\/li>\n<\/ol>\n<p>&#8211; Impacto no Emprego: Exemplo: Conhecimento profissional para oficinas; processo de adapta\u00e7\u00e3o dos profissionais \u00e0 digitaliza\u00e7\u00e3o.<\/p>\n<p>&#8211; Impacto na Comunidade: Exemplo: Desenvolvimento de produtos para proteger a sa\u00fade dos cidad\u00e3os.<\/p>\n<p>&#8211; Impacto no Consumidor: Exemplo: Preven\u00e7\u00e3o e dete\u00e7\u00e3o de pe\u00e7as falsas.<\/p>\n<ol start=\"2\">\n<li><strong> Impacto no meio ambiente <\/strong><\/li>\n<\/ol>\n<p>&#8211; Uso dos recursos naturais: Exemplo: inova\u00e7\u00e3o para garantir uma melhoria na qualidade dos produtos e redu\u00e7\u00e3o dos impactos ambientais; fabrica\u00e7\u00e3o de novas baterias a partir de materiais recuperados.<\/p>\n<p>&#8211; Redu\u00e7\u00e3o de emiss\u00f5es: Exemplo: adquirir um compromisso neutro em carbono em processos operacionais e cadeias de valor.<\/p>\n<p>&#8211; Promo\u00e7\u00e3o da economia circular: Exemplo: processo de remanufatura que envolve a recupera\u00e7\u00e3o e reutiliza\u00e7\u00e3o completa dos res\u00edduos.<\/p>\n<ol start=\"3\">\n<li><strong> Inova\u00e7\u00e3o sustent\u00e1vel <\/strong><\/li>\n<\/ol>\n<p>&#8211; Digitaliza\u00e7\u00e3o sustent\u00e1vel: Exemplo: desenvolvimento de uma tecnologia inovadora com baixas emiss\u00f5es de CO 2 para a produ\u00e7\u00e3o de componentes automotivos.<\/p>\n<p><strong>Sobre a edi\u00e7\u00e3o anterior dos Pr\u00e9mios<br \/>\n<\/strong>Os Pr\u00e9mios \u201cCompromisso Social no P\u00f3s-venda\u201d, convocados pela ANCERA e pela SERNAUTO, nasceu em 2021 com o prop\u00f3sito de promover e contribuir para o setor continuar a colocar o compromisso social como motor, rumo a uma nova economia verde, digital e inclusiva.<\/p>\n<p>A primeira edi\u00e7\u00e3o destes pr\u00e9mios, que contou com o apoio da Motortec, com foco no Compromisso Social, valorizando projetos que causam um impacto positivo nas pessoas do setor e nos cidad\u00e3os em geral.<\/p>\n<p>A cerim\u00f3nia de premia\u00e7\u00e3o da Primeira Edi\u00e7\u00e3o ocorreu a 16 de dezembro de 2021, onde a Mann+Hummel, fabricante de componentes, e a Norauto, distribuidora de sobressalentes, foram premiados com os Pr\u00e9mios de Compromisso Social no P\u00f3s-venda para os seus projetos \u201cFabrica\u00e7\u00e3o de m\u00e1scaras para pessoal\u201d.<\/p>\n","protected":false},"excerpt":{"rendered":"<p>A SERNAUTO e a ANCERA, juntamente&#8230;<\/p>\n","protected":false},"author":15,"featured_media":31627,"comment_status":"closed","ping_status":"closed","sticky":false,"template":"","format":"standard","meta":{"footnotes":""},"categories":[29],"tags":[998,1313,1654,1321],"class_list":["post-31646","post","type-post","status-publish","format-standard","has-post-thumbnail","hentry","category-empresas","tag-ancera","tag-cetraa","tag-conepa","tag-sernauto"],"yoast_head":"<!-- This site is optimized with the Yoast SEO plugin v27.4 - https:\/\/yoast.com\/product\/yoast-seo-wordpress\/ -->\n<title>Pr\u00e9mios &quot;Compromisso com Sustentabilidade no P\u00f3s-Venda\u201d est\u00e1 de regresso - Jornal das Oficinas<\/title>\n<meta name=\"robots\" content=\"index, follow, max-snippet:-1, max-image-preview:large, max-video-preview:-1\" \/>\n<link rel=\"canonical\" href=\"https:\/\/jornaldasoficinas.com\/pt\/premios-compromisso-com-sustentabilidade-no-pos-venda-esta-de-regresso\/\" \/>\n<meta property=\"og:locale\" content=\"pt_PT\" \/>\n<meta property=\"og:type\" content=\"article\" \/>\n<meta property=\"og:title\" content=\"Pr\u00e9mios &quot;Compromisso com Sustentabilidade no P\u00f3s-Venda\u201d est\u00e1 de regresso - Jornal das Oficinas\" \/>\n<meta property=\"og:description\" content=\"A SERNAUTO e a ANCERA, juntamente...\" \/>\n<meta property=\"og:url\" content=\"https:\/\/jornaldasoficinas.com\/pt\/premios-compromisso-com-sustentabilidade-no-pos-venda-esta-de-regresso\/\" \/>\n<meta property=\"og:site_name\" content=\"Jornal das Oficinas\" \/>\n<meta property=\"article:publisher\" content=\"https:\/\/www.facebook.com\/jornaloficinas\" \/>\n<meta property=\"article:published_time\" content=\"2022-07-19T15:00:42+00:00\" \/>\n<meta property=\"article:modified_time\" content=\"2023-07-19T14:47:20+00:00\" \/>\n<meta property=\"og:image\" content=\"https:\/\/jornaldasoficinas.com\/pt\/wp-content\/uploads\/2022\/07\/Pre\u0301mios-22Compromisso-com-Sustentabilidade-no-Po\u0301s-Venda-esta\u0301-de-regresso.png\" \/>\n\t<meta property=\"og:image:width\" content=\"1024\" \/>\n\t<meta property=\"og:image:height\" content=\"581\" \/>\n\t<meta property=\"og:image:type\" content=\"image\/png\" \/>\n<meta name=\"author\" content=\"Reda\u00e7\u00e3o JO\" \/>\n<meta name=\"twitter:card\" content=\"summary_large_image\" \/>\n<meta name=\"twitter:creator\" content=\"@jornaloficinas\" \/>\n<meta name=\"twitter:site\" content=\"@jornaloficinas\" \/>\n<meta name=\"twitter:label1\" content=\"Escrito por\" \/>\n\t<meta name=\"twitter:data1\" content=\"Reda\u00e7\u00e3o JO\" \/>\n\t<meta name=\"twitter:label2\" content=\"Tempo estimado de leitura\" \/>\n\t<meta name=\"twitter:data2\" content=\"3 minutos\" \/>\n<script type=\"application\/ld+json\" class=\"yoast-schema-graph\">{\"@context\":\"https:\\\/\\\/schema.org\",\"@graph\":[{\"@type\":\"Article\",\"@id\":\"https:\\\/\\\/jornaldasoficinas.com\\\/pt\\\/premios-compromisso-com-sustentabilidade-no-pos-venda-esta-de-regresso\\\/#article\",\"isPartOf\":{\"@id\":\"https:\\\/\\\/jornaldasoficinas.com\\\/pt\\\/premios-compromisso-com-sustentabilidade-no-pos-venda-esta-de-regresso\\\/\"},\"author\":{\"name\":\"Reda\u00e7\u00e3o JO\",\"@id\":\"https:\\\/\\\/jornaldasoficinas.com\\\/pt\\\/#\\\/schema\\\/person\\\/a38eef5de2c41d9e7c9ac10141afddf3\"},\"headline\":\"Pr\u00e9mios &#8220;Compromisso com Sustentabilidade no P\u00f3s-Venda\u201d est\u00e1 de regresso\",\"datePublished\":\"2022-07-19T15:00:42+00:00\",\"dateModified\":\"2023-07-19T14:47:20+00:00\",\"mainEntityOfPage\":{\"@id\":\"https:\\\/\\\/jornaldasoficinas.com\\\/pt\\\/premios-compromisso-com-sustentabilidade-no-pos-venda-esta-de-regresso\\\/\"},\"wordCount\":535,\"publisher\":{\"@id\":\"https:\\\/\\\/jornaldasoficinas.com\\\/pt\\\/#organization\"},\"image\":{\"@id\":\"https:\\\/\\\/jornaldasoficinas.com\\\/pt\\\/premios-compromisso-com-sustentabilidade-no-pos-venda-esta-de-regresso\\\/#primaryimage\"},\"thumbnailUrl\":\"https:\\\/\\\/jornaldasoficinas.com\\\/pt\\\/wp-content\\\/uploads\\\/2022\\\/07\\\/Pre\u0301mios-22Compromisso-com-Sustentabilidade-no-Po\u0301s-Venda-esta\u0301-de-regresso.png\",\"keywords\":[\"Ancera\",\"CETRAA\",\"CONEPA\",\"Sernauto\"],\"articleSection\":[\"Empresas\"],\"inLanguage\":\"pt-PT\"},{\"@type\":\"WebPage\",\"@id\":\"https:\\\/\\\/jornaldasoficinas.com\\\/pt\\\/premios-compromisso-com-sustentabilidade-no-pos-venda-esta-de-regresso\\\/\",\"url\":\"https:\\\/\\\/jornaldasoficinas.com\\\/pt\\\/premios-compromisso-com-sustentabilidade-no-pos-venda-esta-de-regresso\\\/\",\"name\":\"Pr\u00e9mios \\\"Compromisso com Sustentabilidade no P\u00f3s-Venda\u201d est\u00e1 de regresso - Jornal das Oficinas\",\"isPartOf\":{\"@id\":\"https:\\\/\\\/jornaldasoficinas.com\\\/pt\\\/#website\"},\"primaryImageOfPage\":{\"@id\":\"https:\\\/\\\/jornaldasoficinas.com\\\/pt\\\/premios-compromisso-com-sustentabilidade-no-pos-venda-esta-de-regresso\\\/#primaryimage\"},\"image\":{\"@id\":\"https:\\\/\\\/jornaldasoficinas.com\\\/pt\\\/premios-compromisso-com-sustentabilidade-no-pos-venda-esta-de-regresso\\\/#primaryimage\"},\"thumbnailUrl\":\"https:\\\/\\\/jornaldasoficinas.com\\\/pt\\\/wp-content\\\/uploads\\\/2022\\\/07\\\/Pre\u0301mios-22Compromisso-com-Sustentabilidade-no-Po\u0301s-Venda-esta\u0301-de-regresso.png\",\"datePublished\":\"2022-07-19T15:00:42+00:00\",\"dateModified\":\"2023-07-19T14:47:20+00:00\",\"breadcrumb\":{\"@id\":\"https:\\\/\\\/jornaldasoficinas.com\\\/pt\\\/premios-compromisso-com-sustentabilidade-no-pos-venda-esta-de-regresso\\\/#breadcrumb\"},\"inLanguage\":\"pt-PT\",\"potentialAction\":[{\"@type\":\"ReadAction\",\"target\":[\"https:\\\/\\\/jornaldasoficinas.com\\\/pt\\\/premios-compromisso-com-sustentabilidade-no-pos-venda-esta-de-regresso\\\/\"]}]},{\"@type\":\"ImageObject\",\"inLanguage\":\"pt-PT\",\"@id\":\"https:\\\/\\\/jornaldasoficinas.com\\\/pt\\\/premios-compromisso-com-sustentabilidade-no-pos-venda-esta-de-regresso\\\/#primaryimage\",\"url\":\"https:\\\/\\\/jornaldasoficinas.com\\\/pt\\\/wp-content\\\/uploads\\\/2022\\\/07\\\/Pre\u0301mios-22Compromisso-com-Sustentabilidade-no-Po\u0301s-Venda-esta\u0301-de-regresso.png\",\"contentUrl\":\"https:\\\/\\\/jornaldasoficinas.com\\\/pt\\\/wp-content\\\/uploads\\\/2022\\\/07\\\/Pre\u0301mios-22Compromisso-com-Sustentabilidade-no-Po\u0301s-Venda-esta\u0301-de-regresso.png\",\"width\":1024,\"height\":581,\"caption\":\"07 - Pre\u0301mios 22Compromisso com Sustentabilidade no Po\u0301s Venda esta\u0301 de regresso\"},{\"@type\":\"BreadcrumbList\",\"@id\":\"https:\\\/\\\/jornaldasoficinas.com\\\/pt\\\/premios-compromisso-com-sustentabilidade-no-pos-venda-esta-de-regresso\\\/#breadcrumb\",\"itemListElement\":[{\"@type\":\"ListItem\",\"position\":1,\"name\":\"In\u00edcio\",\"item\":\"https:\\\/\\\/jornaldasoficinas.com\\\/pt\\\/\"},{\"@type\":\"ListItem\",\"position\":2,\"name\":\"Pr\u00e9mios &#8220;Compromisso com Sustentabilidade no P\u00f3s-Venda\u201d est\u00e1 de regresso\"}]},{\"@type\":\"WebSite\",\"@id\":\"https:\\\/\\\/jornaldasoficinas.com\\\/pt\\\/#website\",\"url\":\"https:\\\/\\\/jornaldasoficinas.com\\\/pt\\\/\",\"name\":\"Jornal das Oficinas\",\"description\":\"Jornal independente do Aftermarket Autom\u00f3vel em Portugal\",\"publisher\":{\"@id\":\"https:\\\/\\\/jornaldasoficinas.com\\\/pt\\\/#organization\"},\"potentialAction\":[{\"@type\":\"SearchAction\",\"target\":{\"@type\":\"EntryPoint\",\"urlTemplate\":\"https:\\\/\\\/jornaldasoficinas.com\\\/pt\\\/?s={search_term_string}\"},\"query-input\":{\"@type\":\"PropertyValueSpecification\",\"valueRequired\":true,\"valueName\":\"search_term_string\"}}],\"inLanguage\":\"pt-PT\"},{\"@type\":\"Organization\",\"@id\":\"https:\\\/\\\/jornaldasoficinas.com\\\/pt\\\/#organization\",\"name\":\"Jornal das Oficinas\",\"url\":\"https:\\\/\\\/jornaldasoficinas.com\\\/pt\\\/\",\"logo\":{\"@type\":\"ImageObject\",\"inLanguage\":\"pt-PT\",\"@id\":\"https:\\\/\\\/jornaldasoficinas.com\\\/pt\\\/#\\\/schema\\\/logo\\\/image\\\/\",\"url\":\"https:\\\/\\\/jornaldasoficinas.com\\\/pt\\\/wp-content\\\/uploads\\\/logoJO-SEO.png\",\"contentUrl\":\"https:\\\/\\\/jornaldasoficinas.com\\\/pt\\\/wp-content\\\/uploads\\\/logoJO-SEO.png\",\"width\":285,\"height\":450,\"caption\":\"Jornal das Oficinas\"},\"image\":{\"@id\":\"https:\\\/\\\/jornaldasoficinas.com\\\/pt\\\/#\\\/schema\\\/logo\\\/image\\\/\"},\"sameAs\":[\"https:\\\/\\\/www.facebook.com\\\/jornaloficinas\",\"https:\\\/\\\/x.com\\\/jornaloficinas\",\"https:\\\/\\\/www.instagram.com\\\/jornal_oficinas\\\/\",\"https:\\\/\\\/www.linkedin.com\\\/company\\\/jornal-das-oficinas\\\/\",\"https:\\\/\\\/www.youtube.com\\\/channel\\\/UCbQZBqtcvV-oSQrr7RzINGg\"]},{\"@type\":\"Person\",\"@id\":\"https:\\\/\\\/jornaldasoficinas.com\\\/pt\\\/#\\\/schema\\\/person\\\/a38eef5de2c41d9e7c9ac10141afddf3\",\"name\":\"Reda\u00e7\u00e3o JO\",\"image\":{\"@type\":\"ImageObject\",\"inLanguage\":\"pt-PT\",\"@id\":\"https:\\\/\\\/secure.gravatar.com\\\/avatar\\\/71f2fa71737ad68a84fea94bc708ddac8ea5b0c4788dc2ad202f3ccb2887742f?s=96&d=wp_user_avatar&r=g\",\"url\":\"https:\\\/\\\/secure.gravatar.com\\\/avatar\\\/71f2fa71737ad68a84fea94bc708ddac8ea5b0c4788dc2ad202f3ccb2887742f?s=96&d=wp_user_avatar&r=g\",\"contentUrl\":\"https:\\\/\\\/secure.gravatar.com\\\/avatar\\\/71f2fa71737ad68a84fea94bc708ddac8ea5b0c4788dc2ad202f3ccb2887742f?s=96&d=wp_user_avatar&r=g\",\"caption\":\"Reda\u00e7\u00e3o JO\"},\"url\":\"https:\\\/\\\/jornaldasoficinas.com\\\/pt\\\/author\\\/joredacao\\\/\"}]}<\/script>\n<!-- \/ Yoast SEO plugin. -->","yoast_head_json":{"title":"Pr\u00e9mios \"Compromisso com Sustentabilidade no P\u00f3s-Venda\u201d est\u00e1 de regresso - Jornal das Oficinas","robots":{"index":"index","follow":"follow","max-snippet":"max-snippet:-1","max-image-preview":"max-image-preview:large","max-video-preview":"max-video-preview:-1"},"canonical":"https:\/\/jornaldasoficinas.com\/pt\/premios-compromisso-com-sustentabilidade-no-pos-venda-esta-de-regresso\/","og_locale":"pt_PT","og_type":"article","og_title":"Pr\u00e9mios \"Compromisso com Sustentabilidade no P\u00f3s-Venda\u201d est\u00e1 de regresso - Jornal das Oficinas","og_description":"A SERNAUTO e a ANCERA, juntamente...","og_url":"https:\/\/jornaldasoficinas.com\/pt\/premios-compromisso-com-sustentabilidade-no-pos-venda-esta-de-regresso\/","og_site_name":"Jornal das Oficinas","article_publisher":"https:\/\/www.facebook.com\/jornaloficinas","article_published_time":"2022-07-19T15:00:42+00:00","article_modified_time":"2023-07-19T14:47:20+00:00","og_image":[{"width":1024,"height":581,"url":"https:\/\/jornaldasoficinas.com\/pt\/wp-content\/uploads\/2022\/07\/Pre\u0301mios-22Compromisso-com-Sustentabilidade-no-Po\u0301s-Venda-esta\u0301-de-regresso.png","type":"image\/png"}],"author":"Reda\u00e7\u00e3o JO","twitter_card":"summary_large_image","twitter_creator":"@jornaloficinas","twitter_site":"@jornaloficinas","twitter_misc":{"Escrito por":"Reda\u00e7\u00e3o JO","Tempo estimado de leitura":"3 minutos"},"schema":{"@context":"https:\/\/schema.org","@graph":[{"@type":"Article","@id":"https:\/\/jornaldasoficinas.com\/pt\/premios-compromisso-com-sustentabilidade-no-pos-venda-esta-de-regresso\/#article","isPartOf":{"@id":"https:\/\/jornaldasoficinas.com\/pt\/premios-compromisso-com-sustentabilidade-no-pos-venda-esta-de-regresso\/"},"author":{"name":"Reda\u00e7\u00e3o JO","@id":"https:\/\/jornaldasoficinas.com\/pt\/#\/schema\/person\/a38eef5de2c41d9e7c9ac10141afddf3"},"headline":"Pr\u00e9mios &#8220;Compromisso com Sustentabilidade no P\u00f3s-Venda\u201d est\u00e1 de regresso","datePublished":"2022-07-19T15:00:42+00:00","dateModified":"2023-07-19T14:47:20+00:00","mainEntityOfPage":{"@id":"https:\/\/jornaldasoficinas.com\/pt\/premios-compromisso-com-sustentabilidade-no-pos-venda-esta-de-regresso\/"},"wordCount":535,"publisher":{"@id":"https:\/\/jornaldasoficinas.com\/pt\/#organization"},"image":{"@id":"https:\/\/jornaldasoficinas.com\/pt\/premios-compromisso-com-sustentabilidade-no-pos-venda-esta-de-regresso\/#primaryimage"},"thumbnailUrl":"https:\/\/jornaldasoficinas.com\/pt\/wp-content\/uploads\/2022\/07\/Pre\u0301mios-22Compromisso-com-Sustentabilidade-no-Po\u0301s-Venda-esta\u0301-de-regresso.png","keywords":["Ancera","CETRAA","CONEPA","Sernauto"],"articleSection":["Empresas"],"inLanguage":"pt-PT"},{"@type":"WebPage","@id":"https:\/\/jornaldasoficinas.com\/pt\/premios-compromisso-com-sustentabilidade-no-pos-venda-esta-de-regresso\/","url":"https:\/\/jornaldasoficinas.com\/pt\/premios-compromisso-com-sustentabilidade-no-pos-venda-esta-de-regresso\/","name":"Pr\u00e9mios \"Compromisso com Sustentabilidade no P\u00f3s-Venda\u201d est\u00e1 de regresso - Jornal das Oficinas","isPartOf":{"@id":"https:\/\/jornaldasoficinas.com\/pt\/#website"},"primaryImageOfPage":{"@id":"https:\/\/jornaldasoficinas.com\/pt\/premios-compromisso-com-sustentabilidade-no-pos-venda-esta-de-regresso\/#primaryimage"},"image":{"@id":"https:\/\/jornaldasoficinas.com\/pt\/premios-compromisso-com-sustentabilidade-no-pos-venda-esta-de-regresso\/#primaryimage"},"thumbnailUrl":"https:\/\/jornaldasoficinas.com\/pt\/wp-content\/uploads\/2022\/07\/Pre\u0301mios-22Compromisso-com-Sustentabilidade-no-Po\u0301s-Venda-esta\u0301-de-regresso.png","datePublished":"2022-07-19T15:00:42+00:00","dateModified":"2023-07-19T14:47:20+00:00","breadcrumb":{"@id":"https:\/\/jornaldasoficinas.com\/pt\/premios-compromisso-com-sustentabilidade-no-pos-venda-esta-de-regresso\/#breadcrumb"},"inLanguage":"pt-PT","potentialAction":[{"@type":"ReadAction","target":["https:\/\/jornaldasoficinas.com\/pt\/premios-compromisso-com-sustentabilidade-no-pos-venda-esta-de-regresso\/"]}]},{"@type":"ImageObject","inLanguage":"pt-PT","@id":"https:\/\/jornaldasoficinas.com\/pt\/premios-compromisso-com-sustentabilidade-no-pos-venda-esta-de-regresso\/#primaryimage","url":"https:\/\/jornaldasoficinas.com\/pt\/wp-content\/uploads\/2022\/07\/Pre\u0301mios-22Compromisso-com-Sustentabilidade-no-Po\u0301s-Venda-esta\u0301-de-regresso.png","contentUrl":"https:\/\/jornaldasoficinas.com\/pt\/wp-content\/uploads\/2022\/07\/Pre\u0301mios-22Compromisso-com-Sustentabilidade-no-Po\u0301s-Venda-esta\u0301-de-regresso.png","width":1024,"height":581,"caption":"07 - Pre\u0301mios 22Compromisso com Sustentabilidade no Po\u0301s Venda esta\u0301 de regresso"},{"@type":"BreadcrumbList","@id":"https:\/\/jornaldasoficinas.com\/pt\/premios-compromisso-com-sustentabilidade-no-pos-venda-esta-de-regresso\/#breadcrumb","itemListElement":[{"@type":"ListItem","position":1,"name":"In\u00edcio","item":"https:\/\/jornaldasoficinas.com\/pt\/"},{"@type":"ListItem","position":2,"name":"Pr\u00e9mios &#8220;Compromisso com Sustentabilidade no P\u00f3s-Venda\u201d est\u00e1 de regresso"}]},{"@type":"WebSite","@id":"https:\/\/jornaldasoficinas.com\/pt\/#website","url":"https:\/\/jornaldasoficinas.com\/pt\/","name":"Jornal das Oficinas","description":"Jornal independente do Aftermarket Autom\u00f3vel em Portugal","publisher":{"@id":"https:\/\/jornaldasoficinas.com\/pt\/#organization"},"potentialAction":[{"@type":"SearchAction","target":{"@type":"EntryPoint","urlTemplate":"https:\/\/jornaldasoficinas.com\/pt\/?s={search_term_string}"},"query-input":{"@type":"PropertyValueSpecification","valueRequired":true,"valueName":"search_term_string"}}],"inLanguage":"pt-PT"},{"@type":"Organization","@id":"https:\/\/jornaldasoficinas.com\/pt\/#organization","name":"Jornal das Oficinas","url":"https:\/\/jornaldasoficinas.com\/pt\/","logo":{"@type":"ImageObject","inLanguage":"pt-PT","@id":"https:\/\/jornaldasoficinas.com\/pt\/#\/schema\/logo\/image\/","url":"https:\/\/jornaldasoficinas.com\/pt\/wp-content\/uploads\/logoJO-SEO.png","contentUrl":"https:\/\/jornaldasoficinas.com\/pt\/wp-content\/uploads\/logoJO-SEO.png","width":285,"height":450,"caption":"Jornal das Oficinas"},"image":{"@id":"https:\/\/jornaldasoficinas.com\/pt\/#\/schema\/logo\/image\/"},"sameAs":["https:\/\/www.facebook.com\/jornaloficinas","https:\/\/x.com\/jornaloficinas","https:\/\/www.instagram.com\/jornal_oficinas\/","https:\/\/www.linkedin.com\/company\/jornal-das-oficinas\/","https:\/\/www.youtube.com\/channel\/UCbQZBqtcvV-oSQrr7RzINGg"]},{"@type":"Person","@id":"https:\/\/jornaldasoficinas.com\/pt\/#\/schema\/person\/a38eef5de2c41d9e7c9ac10141afddf3","name":"Reda\u00e7\u00e3o JO","image":{"@type":"ImageObject","inLanguage":"pt-PT","@id":"https:\/\/secure.gravatar.com\/avatar\/71f2fa71737ad68a84fea94bc708ddac8ea5b0c4788dc2ad202f3ccb2887742f?s=96&d=wp_user_avatar&r=g","url":"https:\/\/secure.gravatar.com\/avatar\/71f2fa71737ad68a84fea94bc708ddac8ea5b0c4788dc2ad202f3ccb2887742f?s=96&d=wp_user_avatar&r=g","contentUrl":"https:\/\/secure.gravatar.com\/avatar\/71f2fa71737ad68a84fea94bc708ddac8ea5b0c4788dc2ad202f3ccb2887742f?s=96&d=wp_user_avatar&r=g","caption":"Reda\u00e7\u00e3o JO"},"url":"https:\/\/jornaldasoficinas.com\/pt\/author\/joredacao\/"}]}},"_links":{"self":[{"href":"https:\/\/jornaldasoficinas.com\/pt\/wp-json\/wp\/v2\/posts\/31646","targetHints":{"allow":["GET"]}}],"collection":[{"href":"https:\/\/jornaldasoficinas.com\/pt\/wp-json\/wp\/v2\/posts"}],"about":[{"href":"https:\/\/jornaldasoficinas.com\/pt\/wp-json\/wp\/v2\/types\/post"}],"author":[{"embeddable":true,"href":"https:\/\/jornaldasoficinas.com\/pt\/wp-json\/wp\/v2\/users\/15"}],"replies":[{"embeddable":true,"href":"https:\/\/jornaldasoficinas.com\/pt\/wp-json\/wp\/v2\/comments?post=31646"}],"version-history":[{"count":0,"href":"https:\/\/jornaldasoficinas.com\/pt\/wp-json\/wp\/v2\/posts\/31646\/revisions"}],"wp:featuredmedia":[{"embeddable":true,"href":"https:\/\/jornaldasoficinas.com\/pt\/wp-json\/wp\/v2\/media\/31627"}],"wp:attachment":[{"href":"https:\/\/jornaldasoficinas.com\/pt\/wp-json\/wp\/v2\/media?parent=31646"}],"wp:term":[{"taxonomy":"category","embeddable":true,"href":"https:\/\/jornaldasoficinas.com\/pt\/wp-json\/wp\/v2\/categories?post=31646"},{"taxonomy":"post_tag","embeddable":true,"href":"https:\/\/jornaldasoficinas.com\/pt\/wp-json\/wp\/v2\/tags?post=31646"}],"curies":[{"name":"wp","href":"https:\/\/api.w.org\/{rel}","templated":true}]}}