{"id":31663,"date":"2022-07-27T16:00:32","date_gmt":"2022-07-27T15:00:32","guid":{"rendered":"https:\/\/jornaldasoficinas.com\/pt\/?p=31663"},"modified":"2022-07-27T16:07:24","modified_gmt":"2022-07-27T15:07:24","slug":"vendas-de-veiculos-eletricos-usados-crescem","status":"publish","type":"post","link":"https:\/\/jornaldasoficinas.com\/pt\/vendas-de-veiculos-eletricos-usados-crescem\/","title":{"rendered":"Vendas de Ve\u00edculos El\u00e9tricos usados crescem"},"content":{"rendered":"<p><strong><img loading=\"lazy\" decoding=\"async\" class=\"alignnone size-full wp-image-31625\" src=\"https:\/\/jornaldasoficinas.com\/pt\/wp-content\/uploads\/2022\/07\/Venda-de-Vei\u0301culos-Ele\u0301tricos-usados-crescem.jpg\" alt=\"07 - Venda de Vei\u0301culos Ele\u0301tricos usados crescem\" width=\"1024\" height=\"581\" srcset=\"https:\/\/jornaldasoficinas.com\/pt\/wp-content\/uploads\/2022\/07\/Venda-de-Vei\u0301culos-Ele\u0301tricos-usados-crescem.jpg 1024w, https:\/\/jornaldasoficinas.com\/pt\/wp-content\/uploads\/2022\/07\/Venda-de-Vei\u0301culos-Ele\u0301tricos-usados-crescem-300x170.jpg 300w, https:\/\/jornaldasoficinas.com\/pt\/wp-content\/uploads\/2022\/07\/Venda-de-Vei\u0301culos-Ele\u0301tricos-usados-crescem-150x85.jpg 150w, https:\/\/jornaldasoficinas.com\/pt\/wp-content\/uploads\/2022\/07\/Venda-de-Vei\u0301culos-Ele\u0301tricos-usados-crescem-768x436.jpg 768w\" sizes=\"auto, (max-width: 1024px) 100vw, 1024px\" \/><\/strong><\/p>\n<p><strong>Os Ve\u00edculos El\u00e9tricos usados apresentam um desempenho assinal\u00e1vel. A n\u00edvel europeu, em junho de 2022 as vendas online de autom\u00f3veis usados B2C diminu\u00edram 15,7%, em termos hom\u00f3logos. Em Portugal, tamb\u00e9m de acordo com o Observat\u00f3rio <a href=\"https:\/\/www.indicata.pt\/\" target=\"_blank\" rel=\"noopener\">INDICATA<\/a>, as vendas de autom\u00f3veis usados em junho de 2022 foram 17,4% inferiores em compara\u00e7\u00e3o com o mesmo m\u00eas, o ano passado<\/strong><\/p>\n<p>Em junho 2022 as vendas de autom\u00f3veis usados online B2C para a regi\u00e3o aumentaram 1,6% em termos mensais e foram 1,2% mais elevadas se excluirmos a Turquia. Apesar deste desempenho em junho, as vendas foram 15,7% mais baixas em termos hom\u00f3logos em toda a regi\u00e3o, mas 7,5% mais altas do que em junho de 2019. As vendas acumuladas em junho 2022 foram 10,1% inferiores \u00e0s da primeira metade de 2021, mas 9,7% superiores \u00e0s do mesmo per\u00edodo em 2020 e apenas 1,0% inferiores \u00e0s de 2019.<\/p>\n<p>As vendas de BEVs usados em junho aumentaram 27% em termos hom\u00f3logos, com as vendas de H\u00edbridos usados a aumentar apenas 5% durante o mesmo per\u00edodo. Ambas as vendas de usados a Gas\u00f3leo e a Gasolina sofreram quedas em termos hom\u00f3logos, de 22% e 18% respetivamente.<\/p>\n<p>Os n\u00edveis de stocks no in\u00edcio de julho ca\u00edram 2,8% em compara\u00e7\u00e3o com o m\u00eas anterior e est\u00e3o agora 6,5% abaixo em termos hom\u00f3logos.<\/p>\n<p>Todas as motoriza\u00e7\u00f5es tiveram um crescimento da rota\u00e7\u00e3o de stock em termos mensais, mas em termos hom\u00f3logos os usados a Gasolina viram a sua rota\u00e7\u00e3o de stock baixar 10% para 7,1x e os usados a Gas\u00f3leo viram a sua rota\u00e7\u00e3o de stock baixar 14% para 7,5x A rota\u00e7\u00e3o de stock dos BEV aumentou 87% em termos hom\u00f3logos para 8,3x, tornando-o no grupo motopropulsor de venda mais r\u00e1pida, enquanto a rota\u00e7\u00e3o de stock dos H\u00edbridos aumentou 7% para 6,3x durante o mesmo per\u00edodo.<\/p>\n<p>O \u00edndice de pre\u00e7os da INDICATA, baseia-se num conjunto consistente de autom\u00f3veis indexados a janeiro de 2021, mas foi reposto no in\u00edcio do novo ano, o que produziu um aumento t\u00edpico de cerca de 2%-4%, seguido normalmente por uma curva descendente dos pre\u00e7os m\u00e9dios devido ao impacto do ciclo de vida do produto. \u201cCom os prazos de entrega de autom\u00f3veis novos a apontarem para in\u00edcio de 2024 e o fornecimento de usados fortemente limitado, os pre\u00e7os continuam a aumentar em todos os mercados exceto no Reino Unido, que viu uma queda de 0,8 pontos percentuais em termos mensais no in\u00edcio de julho\u201d, afirma o Diretor Global do INDICATA, Andy Shields.<\/p>\n<p>Os pre\u00e7os voltaram a subir drasticamente na Turquia (+40,6pp) num m\u00eas, tendo o resto da regi\u00e3o registado um aumento m\u00e9dio de 1,0pp durante o mesmo per\u00edodo.<\/p>\n<p>Desde o final do ano passado os pre\u00e7os no Reino Unido est\u00e3o agora 2,6pp mais baixos, 112,7pp mais altos na Turquia durante o mesmo per\u00edodo e no resto da regi\u00e3o os pre\u00e7os m\u00e9dios de retalho online est\u00e3o agora 8,9pp acima do final de 2021.<\/p>\n<p><strong>Mercados europeus &#8211; Vendas de autom\u00f3veis usados online B2C prejudicadas por restri\u00e7\u00f5es de fornecimento<br \/>\n<\/strong>A car\u00eancia de semicondutores continua a prejudicar o mercado de autom\u00f3veis novos e usados. Os compradores de autom\u00f3veis novos est\u00e3o alegadamente a receber estimativas de entrega para 2024, enquanto o sector de Rent-a-Car est\u00e1 a lutar para obter a qualidade e quantidade certas de autom\u00f3veis novos para satisfazer a ind\u00fastria tur\u00edstica ressurgente. Isto deixa os retalhistas a lutar para encontrar uma oferta de autom\u00f3veis usados mais jovens para satisfazer a crescente procura de autom\u00f3veis usados proveniente tanto dos compradores de autom\u00f3veis usados tradicionais como dos compradores de autom\u00f3veis novos, for\u00e7ados a encontrar uma solu\u00e7\u00e3o de mobilidade at\u00e9 \u00e0 chegada do seu autom\u00f3vel novo.<\/p>\n<p>Enquanto as vendas online de autom\u00f3veis usados B2C para a regi\u00e3o em junho eram 1,6% mais altas do que em maio, eram 15,7% mais baixas do que em junho de 2021. Isto coloca as vendas totais para o primeiro semestre deste ano 10,1% mais baixas do que para o mesmo per\u00edodo do ano passado.<\/p>\n<p>Os \u00fanicos pa\u00edses que n\u00e3o veem uma queda anual nas vendas online B2C s\u00e3o a Dinamarca e a Fran\u00e7a, que s\u00e3o tamb\u00e9m os \u00fanicos dois pa\u00edses onde os n\u00edveis de stocks de autom\u00f3veis usados online B2C aumentaram em termos mensais. Entre os outros pa\u00edses, alguns viram pequenas quedas em termos hom\u00f3logos como \u00e9 o caso do Reino Unido, da Holanda e da Turquia que s\u00e3o tamb\u00e9m os pa\u00edses que t\u00eam alguns dos melhores n\u00edveis de stocks no in\u00edcio de julho de 2022, em compara\u00e7\u00e3o com o in\u00edcio de julho de 2021.<\/p>\n<p>A combina\u00e7\u00e3o dos dois pontos prova que as vendas est\u00e3o a ser prejudicadas por restri\u00e7\u00f5es de abastecimento.<\/p>\n<p>Com os prazos de entrega de autom\u00f3veis novos que v\u00e3o at\u00e9 2024 e com as vendas de autom\u00f3veis novos a verem agora tr\u00eas anos consecutivos de abastecimento deprimido, \u00e9 pouco prov\u00e1vel que as restri\u00e7\u00f5es de oferta abrandem durante pelo menos mais 12-18 meses.<\/p>\n","protected":false},"excerpt":{"rendered":"<p>Os Ve\u00edculos El\u00e9tricos usados apresentam um&#8230;<\/p>\n","protected":false},"author":15,"featured_media":31625,"comment_status":"closed","ping_status":"closed","sticky":false,"template":"","format":"standard","meta":{"footnotes":""},"categories":[37],"tags":[1895],"class_list":["post-31663","post","type-post","status-publish","format-standard","has-post-thumbnail","hentry","category-mercado","tag-indicata"],"yoast_head":"<!-- This site is optimized with the Yoast SEO plugin v27.4 - https:\/\/yoast.com\/product\/yoast-seo-wordpress\/ -->\n<title>Vendas de Ve\u00edculos El\u00e9tricos usados crescem - Jornal das Oficinas<\/title>\n<meta name=\"robots\" content=\"index, follow, max-snippet:-1, max-image-preview:large, max-video-preview:-1\" \/>\n<link rel=\"canonical\" href=\"https:\/\/jornaldasoficinas.com\/pt\/vendas-de-veiculos-eletricos-usados-crescem\/\" \/>\n<meta property=\"og:locale\" content=\"pt_PT\" \/>\n<meta property=\"og:type\" content=\"article\" \/>\n<meta property=\"og:title\" content=\"Vendas de Ve\u00edculos El\u00e9tricos usados crescem - Jornal das Oficinas\" \/>\n<meta property=\"og:description\" content=\"Os Ve\u00edculos El\u00e9tricos usados apresentam um...\" \/>\n<meta property=\"og:url\" content=\"https:\/\/jornaldasoficinas.com\/pt\/vendas-de-veiculos-eletricos-usados-crescem\/\" \/>\n<meta property=\"og:site_name\" content=\"Jornal das Oficinas\" \/>\n<meta property=\"article:publisher\" content=\"https:\/\/www.facebook.com\/jornaloficinas\" \/>\n<meta property=\"article:published_time\" content=\"2022-07-27T15:00:32+00:00\" \/>\n<meta property=\"article:modified_time\" content=\"2022-07-27T15:07:24+00:00\" \/>\n<meta property=\"og:image\" content=\"https:\/\/jornaldasoficinas.com\/pt\/wp-content\/uploads\/2022\/07\/Venda-de-Vei\u0301culos-Ele\u0301tricos-usados-crescem.jpg\" \/>\n\t<meta property=\"og:image:width\" content=\"1024\" \/>\n\t<meta property=\"og:image:height\" content=\"581\" \/>\n\t<meta property=\"og:image:type\" content=\"image\/jpeg\" \/>\n<meta name=\"author\" content=\"Reda\u00e7\u00e3o JO\" \/>\n<meta name=\"twitter:card\" content=\"summary_large_image\" \/>\n<meta name=\"twitter:creator\" content=\"@jornaloficinas\" \/>\n<meta name=\"twitter:site\" content=\"@jornaloficinas\" \/>\n<meta name=\"twitter:label1\" content=\"Escrito por\" \/>\n\t<meta name=\"twitter:data1\" content=\"Reda\u00e7\u00e3o JO\" \/>\n\t<meta name=\"twitter:label2\" content=\"Tempo estimado de leitura\" \/>\n\t<meta name=\"twitter:data2\" content=\"4 minutos\" \/>\n<script type=\"application\/ld+json\" class=\"yoast-schema-graph\">{\"@context\":\"https:\\\/\\\/schema.org\",\"@graph\":[{\"@type\":\"Article\",\"@id\":\"https:\\\/\\\/jornaldasoficinas.com\\\/pt\\\/vendas-de-veiculos-eletricos-usados-crescem\\\/#article\",\"isPartOf\":{\"@id\":\"https:\\\/\\\/jornaldasoficinas.com\\\/pt\\\/vendas-de-veiculos-eletricos-usados-crescem\\\/\"},\"author\":{\"name\":\"Reda\u00e7\u00e3o JO\",\"@id\":\"https:\\\/\\\/jornaldasoficinas.com\\\/pt\\\/#\\\/schema\\\/person\\\/a38eef5de2c41d9e7c9ac10141afddf3\"},\"headline\":\"Vendas de Ve\u00edculos El\u00e9tricos usados crescem\",\"datePublished\":\"2022-07-27T15:00:32+00:00\",\"dateModified\":\"2022-07-27T15:07:24+00:00\",\"mainEntityOfPage\":{\"@id\":\"https:\\\/\\\/jornaldasoficinas.com\\\/pt\\\/vendas-de-veiculos-eletricos-usados-crescem\\\/\"},\"wordCount\":879,\"publisher\":{\"@id\":\"https:\\\/\\\/jornaldasoficinas.com\\\/pt\\\/#organization\"},\"image\":{\"@id\":\"https:\\\/\\\/jornaldasoficinas.com\\\/pt\\\/vendas-de-veiculos-eletricos-usados-crescem\\\/#primaryimage\"},\"thumbnailUrl\":\"https:\\\/\\\/jornaldasoficinas.com\\\/pt\\\/wp-content\\\/uploads\\\/2022\\\/07\\\/Venda-de-Vei\u0301culos-Ele\u0301tricos-usados-crescem.jpg\",\"keywords\":[\"INDICATA\"],\"articleSection\":[\"Mercado\"],\"inLanguage\":\"pt-PT\"},{\"@type\":\"WebPage\",\"@id\":\"https:\\\/\\\/jornaldasoficinas.com\\\/pt\\\/vendas-de-veiculos-eletricos-usados-crescem\\\/\",\"url\":\"https:\\\/\\\/jornaldasoficinas.com\\\/pt\\\/vendas-de-veiculos-eletricos-usados-crescem\\\/\",\"name\":\"Vendas de Ve\u00edculos El\u00e9tricos usados crescem - Jornal das Oficinas\",\"isPartOf\":{\"@id\":\"https:\\\/\\\/jornaldasoficinas.com\\\/pt\\\/#website\"},\"primaryImageOfPage\":{\"@id\":\"https:\\\/\\\/jornaldasoficinas.com\\\/pt\\\/vendas-de-veiculos-eletricos-usados-crescem\\\/#primaryimage\"},\"image\":{\"@id\":\"https:\\\/\\\/jornaldasoficinas.com\\\/pt\\\/vendas-de-veiculos-eletricos-usados-crescem\\\/#primaryimage\"},\"thumbnailUrl\":\"https:\\\/\\\/jornaldasoficinas.com\\\/pt\\\/wp-content\\\/uploads\\\/2022\\\/07\\\/Venda-de-Vei\u0301culos-Ele\u0301tricos-usados-crescem.jpg\",\"datePublished\":\"2022-07-27T15:00:32+00:00\",\"dateModified\":\"2022-07-27T15:07:24+00:00\",\"breadcrumb\":{\"@id\":\"https:\\\/\\\/jornaldasoficinas.com\\\/pt\\\/vendas-de-veiculos-eletricos-usados-crescem\\\/#breadcrumb\"},\"inLanguage\":\"pt-PT\",\"potentialAction\":[{\"@type\":\"ReadAction\",\"target\":[\"https:\\\/\\\/jornaldasoficinas.com\\\/pt\\\/vendas-de-veiculos-eletricos-usados-crescem\\\/\"]}]},{\"@type\":\"ImageObject\",\"inLanguage\":\"pt-PT\",\"@id\":\"https:\\\/\\\/jornaldasoficinas.com\\\/pt\\\/vendas-de-veiculos-eletricos-usados-crescem\\\/#primaryimage\",\"url\":\"https:\\\/\\\/jornaldasoficinas.com\\\/pt\\\/wp-content\\\/uploads\\\/2022\\\/07\\\/Venda-de-Vei\u0301culos-Ele\u0301tricos-usados-crescem.jpg\",\"contentUrl\":\"https:\\\/\\\/jornaldasoficinas.com\\\/pt\\\/wp-content\\\/uploads\\\/2022\\\/07\\\/Venda-de-Vei\u0301culos-Ele\u0301tricos-usados-crescem.jpg\",\"width\":1024,\"height\":581,\"caption\":\"07 - Venda de Vei\u0301culos Ele\u0301tricos usados crescem\"},{\"@type\":\"BreadcrumbList\",\"@id\":\"https:\\\/\\\/jornaldasoficinas.com\\\/pt\\\/vendas-de-veiculos-eletricos-usados-crescem\\\/#breadcrumb\",\"itemListElement\":[{\"@type\":\"ListItem\",\"position\":1,\"name\":\"In\u00edcio\",\"item\":\"https:\\\/\\\/jornaldasoficinas.com\\\/pt\\\/\"},{\"@type\":\"ListItem\",\"position\":2,\"name\":\"Vendas de Ve\u00edculos El\u00e9tricos usados crescem\"}]},{\"@type\":\"WebSite\",\"@id\":\"https:\\\/\\\/jornaldasoficinas.com\\\/pt\\\/#website\",\"url\":\"https:\\\/\\\/jornaldasoficinas.com\\\/pt\\\/\",\"name\":\"Jornal das Oficinas\",\"description\":\"Jornal independente do Aftermarket Autom\u00f3vel em Portugal\",\"publisher\":{\"@id\":\"https:\\\/\\\/jornaldasoficinas.com\\\/pt\\\/#organization\"},\"potentialAction\":[{\"@type\":\"SearchAction\",\"target\":{\"@type\":\"EntryPoint\",\"urlTemplate\":\"https:\\\/\\\/jornaldasoficinas.com\\\/pt\\\/?s={search_term_string}\"},\"query-input\":{\"@type\":\"PropertyValueSpecification\",\"valueRequired\":true,\"valueName\":\"search_term_string\"}}],\"inLanguage\":\"pt-PT\"},{\"@type\":\"Organization\",\"@id\":\"https:\\\/\\\/jornaldasoficinas.com\\\/pt\\\/#organization\",\"name\":\"Jornal das Oficinas\",\"url\":\"https:\\\/\\\/jornaldasoficinas.com\\\/pt\\\/\",\"logo\":{\"@type\":\"ImageObject\",\"inLanguage\":\"pt-PT\",\"@id\":\"https:\\\/\\\/jornaldasoficinas.com\\\/pt\\\/#\\\/schema\\\/logo\\\/image\\\/\",\"url\":\"https:\\\/\\\/jornaldasoficinas.com\\\/pt\\\/wp-content\\\/uploads\\\/logoJO-SEO.png\",\"contentUrl\":\"https:\\\/\\\/jornaldasoficinas.com\\\/pt\\\/wp-content\\\/uploads\\\/logoJO-SEO.png\",\"width\":285,\"height\":450,\"caption\":\"Jornal das Oficinas\"},\"image\":{\"@id\":\"https:\\\/\\\/jornaldasoficinas.com\\\/pt\\\/#\\\/schema\\\/logo\\\/image\\\/\"},\"sameAs\":[\"https:\\\/\\\/www.facebook.com\\\/jornaloficinas\",\"https:\\\/\\\/x.com\\\/jornaloficinas\",\"https:\\\/\\\/www.instagram.com\\\/jornal_oficinas\\\/\",\"https:\\\/\\\/www.linkedin.com\\\/company\\\/jornal-das-oficinas\\\/\",\"https:\\\/\\\/www.youtube.com\\\/channel\\\/UCbQZBqtcvV-oSQrr7RzINGg\"]},{\"@type\":\"Person\",\"@id\":\"https:\\\/\\\/jornaldasoficinas.com\\\/pt\\\/#\\\/schema\\\/person\\\/a38eef5de2c41d9e7c9ac10141afddf3\",\"name\":\"Reda\u00e7\u00e3o JO\",\"image\":{\"@type\":\"ImageObject\",\"inLanguage\":\"pt-PT\",\"@id\":\"https:\\\/\\\/secure.gravatar.com\\\/avatar\\\/71f2fa71737ad68a84fea94bc708ddac8ea5b0c4788dc2ad202f3ccb2887742f?s=96&d=wp_user_avatar&r=g\",\"url\":\"https:\\\/\\\/secure.gravatar.com\\\/avatar\\\/71f2fa71737ad68a84fea94bc708ddac8ea5b0c4788dc2ad202f3ccb2887742f?s=96&d=wp_user_avatar&r=g\",\"contentUrl\":\"https:\\\/\\\/secure.gravatar.com\\\/avatar\\\/71f2fa71737ad68a84fea94bc708ddac8ea5b0c4788dc2ad202f3ccb2887742f?s=96&d=wp_user_avatar&r=g\",\"caption\":\"Reda\u00e7\u00e3o JO\"},\"url\":\"https:\\\/\\\/jornaldasoficinas.com\\\/pt\\\/author\\\/joredacao\\\/\"}]}<\/script>\n<!-- \/ Yoast SEO plugin. -->","yoast_head_json":{"title":"Vendas de Ve\u00edculos El\u00e9tricos usados crescem - Jornal das Oficinas","robots":{"index":"index","follow":"follow","max-snippet":"max-snippet:-1","max-image-preview":"max-image-preview:large","max-video-preview":"max-video-preview:-1"},"canonical":"https:\/\/jornaldasoficinas.com\/pt\/vendas-de-veiculos-eletricos-usados-crescem\/","og_locale":"pt_PT","og_type":"article","og_title":"Vendas de Ve\u00edculos El\u00e9tricos usados crescem - Jornal das Oficinas","og_description":"Os Ve\u00edculos El\u00e9tricos usados apresentam um...","og_url":"https:\/\/jornaldasoficinas.com\/pt\/vendas-de-veiculos-eletricos-usados-crescem\/","og_site_name":"Jornal das Oficinas","article_publisher":"https:\/\/www.facebook.com\/jornaloficinas","article_published_time":"2022-07-27T15:00:32+00:00","article_modified_time":"2022-07-27T15:07:24+00:00","og_image":[{"width":1024,"height":581,"url":"https:\/\/jornaldasoficinas.com\/pt\/wp-content\/uploads\/2022\/07\/Venda-de-Vei\u0301culos-Ele\u0301tricos-usados-crescem.jpg","type":"image\/jpeg"}],"author":"Reda\u00e7\u00e3o JO","twitter_card":"summary_large_image","twitter_creator":"@jornaloficinas","twitter_site":"@jornaloficinas","twitter_misc":{"Escrito por":"Reda\u00e7\u00e3o JO","Tempo estimado de leitura":"4 minutos"},"schema":{"@context":"https:\/\/schema.org","@graph":[{"@type":"Article","@id":"https:\/\/jornaldasoficinas.com\/pt\/vendas-de-veiculos-eletricos-usados-crescem\/#article","isPartOf":{"@id":"https:\/\/jornaldasoficinas.com\/pt\/vendas-de-veiculos-eletricos-usados-crescem\/"},"author":{"name":"Reda\u00e7\u00e3o JO","@id":"https:\/\/jornaldasoficinas.com\/pt\/#\/schema\/person\/a38eef5de2c41d9e7c9ac10141afddf3"},"headline":"Vendas de Ve\u00edculos El\u00e9tricos usados crescem","datePublished":"2022-07-27T15:00:32+00:00","dateModified":"2022-07-27T15:07:24+00:00","mainEntityOfPage":{"@id":"https:\/\/jornaldasoficinas.com\/pt\/vendas-de-veiculos-eletricos-usados-crescem\/"},"wordCount":879,"publisher":{"@id":"https:\/\/jornaldasoficinas.com\/pt\/#organization"},"image":{"@id":"https:\/\/jornaldasoficinas.com\/pt\/vendas-de-veiculos-eletricos-usados-crescem\/#primaryimage"},"thumbnailUrl":"https:\/\/jornaldasoficinas.com\/pt\/wp-content\/uploads\/2022\/07\/Venda-de-Vei\u0301culos-Ele\u0301tricos-usados-crescem.jpg","keywords":["INDICATA"],"articleSection":["Mercado"],"inLanguage":"pt-PT"},{"@type":"WebPage","@id":"https:\/\/jornaldasoficinas.com\/pt\/vendas-de-veiculos-eletricos-usados-crescem\/","url":"https:\/\/jornaldasoficinas.com\/pt\/vendas-de-veiculos-eletricos-usados-crescem\/","name":"Vendas de Ve\u00edculos El\u00e9tricos usados crescem - Jornal das Oficinas","isPartOf":{"@id":"https:\/\/jornaldasoficinas.com\/pt\/#website"},"primaryImageOfPage":{"@id":"https:\/\/jornaldasoficinas.com\/pt\/vendas-de-veiculos-eletricos-usados-crescem\/#primaryimage"},"image":{"@id":"https:\/\/jornaldasoficinas.com\/pt\/vendas-de-veiculos-eletricos-usados-crescem\/#primaryimage"},"thumbnailUrl":"https:\/\/jornaldasoficinas.com\/pt\/wp-content\/uploads\/2022\/07\/Venda-de-Vei\u0301culos-Ele\u0301tricos-usados-crescem.jpg","datePublished":"2022-07-27T15:00:32+00:00","dateModified":"2022-07-27T15:07:24+00:00","breadcrumb":{"@id":"https:\/\/jornaldasoficinas.com\/pt\/vendas-de-veiculos-eletricos-usados-crescem\/#breadcrumb"},"inLanguage":"pt-PT","potentialAction":[{"@type":"ReadAction","target":["https:\/\/jornaldasoficinas.com\/pt\/vendas-de-veiculos-eletricos-usados-crescem\/"]}]},{"@type":"ImageObject","inLanguage":"pt-PT","@id":"https:\/\/jornaldasoficinas.com\/pt\/vendas-de-veiculos-eletricos-usados-crescem\/#primaryimage","url":"https:\/\/jornaldasoficinas.com\/pt\/wp-content\/uploads\/2022\/07\/Venda-de-Vei\u0301culos-Ele\u0301tricos-usados-crescem.jpg","contentUrl":"https:\/\/jornaldasoficinas.com\/pt\/wp-content\/uploads\/2022\/07\/Venda-de-Vei\u0301culos-Ele\u0301tricos-usados-crescem.jpg","width":1024,"height":581,"caption":"07 - Venda de Vei\u0301culos Ele\u0301tricos usados crescem"},{"@type":"BreadcrumbList","@id":"https:\/\/jornaldasoficinas.com\/pt\/vendas-de-veiculos-eletricos-usados-crescem\/#breadcrumb","itemListElement":[{"@type":"ListItem","position":1,"name":"In\u00edcio","item":"https:\/\/jornaldasoficinas.com\/pt\/"},{"@type":"ListItem","position":2,"name":"Vendas de Ve\u00edculos El\u00e9tricos usados crescem"}]},{"@type":"WebSite","@id":"https:\/\/jornaldasoficinas.com\/pt\/#website","url":"https:\/\/jornaldasoficinas.com\/pt\/","name":"Jornal das Oficinas","description":"Jornal independente do Aftermarket Autom\u00f3vel em Portugal","publisher":{"@id":"https:\/\/jornaldasoficinas.com\/pt\/#organization"},"potentialAction":[{"@type":"SearchAction","target":{"@type":"EntryPoint","urlTemplate":"https:\/\/jornaldasoficinas.com\/pt\/?s={search_term_string}"},"query-input":{"@type":"PropertyValueSpecification","valueRequired":true,"valueName":"search_term_string"}}],"inLanguage":"pt-PT"},{"@type":"Organization","@id":"https:\/\/jornaldasoficinas.com\/pt\/#organization","name":"Jornal das Oficinas","url":"https:\/\/jornaldasoficinas.com\/pt\/","logo":{"@type":"ImageObject","inLanguage":"pt-PT","@id":"https:\/\/jornaldasoficinas.com\/pt\/#\/schema\/logo\/image\/","url":"https:\/\/jornaldasoficinas.com\/pt\/wp-content\/uploads\/logoJO-SEO.png","contentUrl":"https:\/\/jornaldasoficinas.com\/pt\/wp-content\/uploads\/logoJO-SEO.png","width":285,"height":450,"caption":"Jornal das Oficinas"},"image":{"@id":"https:\/\/jornaldasoficinas.com\/pt\/#\/schema\/logo\/image\/"},"sameAs":["https:\/\/www.facebook.com\/jornaloficinas","https:\/\/x.com\/jornaloficinas","https:\/\/www.instagram.com\/jornal_oficinas\/","https:\/\/www.linkedin.com\/company\/jornal-das-oficinas\/","https:\/\/www.youtube.com\/channel\/UCbQZBqtcvV-oSQrr7RzINGg"]},{"@type":"Person","@id":"https:\/\/jornaldasoficinas.com\/pt\/#\/schema\/person\/a38eef5de2c41d9e7c9ac10141afddf3","name":"Reda\u00e7\u00e3o JO","image":{"@type":"ImageObject","inLanguage":"pt-PT","@id":"https:\/\/secure.gravatar.com\/avatar\/71f2fa71737ad68a84fea94bc708ddac8ea5b0c4788dc2ad202f3ccb2887742f?s=96&d=wp_user_avatar&r=g","url":"https:\/\/secure.gravatar.com\/avatar\/71f2fa71737ad68a84fea94bc708ddac8ea5b0c4788dc2ad202f3ccb2887742f?s=96&d=wp_user_avatar&r=g","contentUrl":"https:\/\/secure.gravatar.com\/avatar\/71f2fa71737ad68a84fea94bc708ddac8ea5b0c4788dc2ad202f3ccb2887742f?s=96&d=wp_user_avatar&r=g","caption":"Reda\u00e7\u00e3o JO"},"url":"https:\/\/jornaldasoficinas.com\/pt\/author\/joredacao\/"}]}},"_links":{"self":[{"href":"https:\/\/jornaldasoficinas.com\/pt\/wp-json\/wp\/v2\/posts\/31663","targetHints":{"allow":["GET"]}}],"collection":[{"href":"https:\/\/jornaldasoficinas.com\/pt\/wp-json\/wp\/v2\/posts"}],"about":[{"href":"https:\/\/jornaldasoficinas.com\/pt\/wp-json\/wp\/v2\/types\/post"}],"author":[{"embeddable":true,"href":"https:\/\/jornaldasoficinas.com\/pt\/wp-json\/wp\/v2\/users\/15"}],"replies":[{"embeddable":true,"href":"https:\/\/jornaldasoficinas.com\/pt\/wp-json\/wp\/v2\/comments?post=31663"}],"version-history":[{"count":0,"href":"https:\/\/jornaldasoficinas.com\/pt\/wp-json\/wp\/v2\/posts\/31663\/revisions"}],"wp:featuredmedia":[{"embeddable":true,"href":"https:\/\/jornaldasoficinas.com\/pt\/wp-json\/wp\/v2\/media\/31625"}],"wp:attachment":[{"href":"https:\/\/jornaldasoficinas.com\/pt\/wp-json\/wp\/v2\/media?parent=31663"}],"wp:term":[{"taxonomy":"category","embeddable":true,"href":"https:\/\/jornaldasoficinas.com\/pt\/wp-json\/wp\/v2\/categories?post=31663"},{"taxonomy":"post_tag","embeddable":true,"href":"https:\/\/jornaldasoficinas.com\/pt\/wp-json\/wp\/v2\/tags?post=31663"}],"curies":[{"name":"wp","href":"https:\/\/api.w.org\/{rel}","templated":true}]}}