{"id":31739,"date":"2022-07-29T08:00:41","date_gmt":"2022-07-29T07:00:41","guid":{"rendered":"https:\/\/jornaldasoficinas.com\/pt\/?p=31739"},"modified":"2022-07-28T10:26:45","modified_gmt":"2022-07-28T09:26:45","slug":"afia-faz-parte-da-agenda-hi_rev","status":"publish","type":"post","link":"https:\/\/jornaldasoficinas.com\/pt\/afia-faz-parte-da-agenda-hi_rev\/","title":{"rendered":"AFIA faz parte da Agenda Hi_rEV"},"content":{"rendered":"<p><strong><img loading=\"lazy\" decoding=\"async\" class=\"alignnone size-full wp-image-31690\" src=\"https:\/\/jornaldasoficinas.com\/pt\/wp-content\/uploads\/2022\/07\/AFIA-faz-parte-da-Agenda-Hi_rEV.jpeg\" alt=\"07 - AFIA faz parte da Agenda Hi_rEV\" width=\"1024\" height=\"581\" srcset=\"https:\/\/jornaldasoficinas.com\/pt\/wp-content\/uploads\/2022\/07\/AFIA-faz-parte-da-Agenda-Hi_rEV.jpeg 1024w, https:\/\/jornaldasoficinas.com\/pt\/wp-content\/uploads\/2022\/07\/AFIA-faz-parte-da-Agenda-Hi_rEV-300x170.jpeg 300w, https:\/\/jornaldasoficinas.com\/pt\/wp-content\/uploads\/2022\/07\/AFIA-faz-parte-da-Agenda-Hi_rEV-150x85.jpeg 150w, https:\/\/jornaldasoficinas.com\/pt\/wp-content\/uploads\/2022\/07\/AFIA-faz-parte-da-Agenda-Hi_rEV-768x436.jpeg 768w\" sizes=\"auto, (max-width: 1024px) 100vw, 1024px\" \/><\/strong><\/p>\n<p><strong><a href=\"https:\/\/afia.pt\/\" target=\"_blank\" rel=\"noopener\">AFIA<\/a> integra cons\u00f3rcio de uma Agenda Mobilizadora para a Inova\u00e7\u00e3o Empresarial no \u00e2mbito do PRR: a Agenda Hi_rEV<\/strong><\/p>\n<p>A Agenda Hi_rEV foi um dos 13 primeiros contratos das Agendas Mobilizadoras para a Inova\u00e7\u00e3o Empresarial, no \u00e2mbito do Plano de Recupera\u00e7\u00e3o e Resili\u00eancia (PRR), que foram assinados a 23 de julho, em Lisboa, numa cerim\u00f3nia presidida pelo Primeiro-Ministro Ant\u00f3nio Costa.<\/p>\n<p>A ind\u00fastria autom\u00f3vel tem assistido a v\u00e1rios desenvolvimentos nos \u00faltimos anos que remodelaram o futuro do sector da mobilidade. Os diversos players da cadeia de valor autom\u00f3vel ter\u00e3o de dar resposta: \u00e0 recupera\u00e7\u00e3o econ\u00f3mica da pandemia, \u00e0 transi\u00e7\u00e3o energ\u00e9tica, \u00e0 transforma\u00e7\u00e3o digital e \u00e0 reestrutura\u00e7\u00e3o do tecido transformador nacional e europeu.<\/p>\n<p>O objetivo \u00e9 mobilizar as empresas transformadoras nacionais do setor autom\u00f3vel para se posicionarem como exemplos de crescimento inteligente e sustentado, inova\u00e7\u00e3o e fornecedores de produtos tecnologicamente avan\u00e7ados. Estas empresas e organiza\u00e7\u00f5es participar\u00e3o numa s\u00e9rie de projetos, com o objetivo de reposicionar as suas capacidades de fabrico em resposta \u00e0s exig\u00eancias da ind\u00fastria\/consumidor.<\/p>\n<p>A estrat\u00e9gia de coopera\u00e7\u00e3o industrial no cons\u00f3rcio conjuntamente com as institui\u00e7\u00f5es n\u00e3o empresariais ser\u00e1 fundamental no percurso de especializa\u00e7\u00e3o necess\u00e1rio e potenciar\u00e1 a alavancagem e a transforma\u00e7\u00e3o de toda a ind\u00fastria transformadora nacional.<\/p>\n<p>A Agenda Mobilizadora Hi-rEV tem como fim promover uma transforma\u00e7\u00e3o estrutural no perfil de especializa\u00e7\u00e3o da economia portuguesa, em particular do setor autom\u00f3vel portugu\u00eas, por via da cria\u00e7\u00e3o de novos produtos e servi\u00e7os inovadores, de maior complexidade tecnol\u00f3gica e de maior valor acrescentado e tem como objetivos:<\/p>\n<ul>\n<li>Promover a transi\u00e7\u00e3o digital do setor autom\u00f3vel;<\/li>\n<li>Promover a transi\u00e7\u00e3o ecol\u00f3gica;<\/li>\n<li>Capacitar a ind\u00fastria para novos produtos, processos e servi\u00e7os para a mobilidade do futuro;<\/li>\n<li>Alterar o perfil de especializa\u00e7\u00e3o da ind\u00fastria nacional e europeia.<\/li>\n<\/ul>\n<p>Este projeto \u00e9 implementado por um cons\u00f3rcio de entidades do setor autom\u00f3vel portugu\u00eas, liderado pela empresa PALBIT, e mobiliza 22 entidades, nomeadamente: 15 empresas, 4 Entidades do Sistema Cient\u00edfico e Tecnol\u00f3gico Nacional e 3 Associa\u00e7\u00f5es Empresariais.<\/p>\n<ul>\n<li>Empresas: PALBIT; DREAM FOR IT; DRT RAPID; GLAREVISION; MCG &#8211; MANUEL DA CONCEI\u00c7\u00c3O GRA\u00c7A; MD GROUP; MD PLASTICS; MICROPL\u00c1STICOS; MICROPROCESSADOR; PECOL AUTOMOTIVE; RETSACOAT; SLM &#8211; SCHMIDT LIGHT METAL; SARKKIS \u2013 ROBOTICS; SENTINELCONCEPT; STREAK.<\/li>\n<li>Entidades do Sistema Cient\u00edfico e Tecnol\u00f3gico Nacional: INEGI; INESC TEC; FEUP; UNIVERSIDADE DE AVEIRO.<\/li>\n<li>Associa\u00e7\u00f5es empresariais: MOBINOV; AIMMAP; AFIA.<\/li>\n<\/ul>\n<p>O evento da assinatura dos contratos das Agendas Mobilizadoras contou tamb\u00e9m com a presen\u00e7a do Ministro da Economia e do Mar, Ant\u00f3nio Costa Silva, das Ministras da Ci\u00eancia, Tecnologia e Ensino Superior, Elvira Fortunato, da Sa\u00fade, Marta Temido, e da Coes\u00e3o Territorial, Ana Abrunhosa.<\/p>\n","protected":false},"excerpt":{"rendered":"<p>AFIA integra cons\u00f3rcio de uma Agenda&#8230;<\/p>\n","protected":false},"author":15,"featured_media":31690,"comment_status":"closed","ping_status":"closed","sticky":false,"template":"","format":"standard","meta":{"footnotes":""},"categories":[37],"tags":[100],"class_list":["post-31739","post","type-post","status-publish","format-standard","has-post-thumbnail","hentry","category-mercado","tag-afia"],"yoast_head":"<!-- This site is optimized with the Yoast SEO plugin v27.4 - https:\/\/yoast.com\/product\/yoast-seo-wordpress\/ -->\n<title>AFIA faz parte da Agenda Hi_rEV - Jornal das Oficinas<\/title>\n<meta name=\"robots\" content=\"index, follow, max-snippet:-1, max-image-preview:large, max-video-preview:-1\" \/>\n<link rel=\"canonical\" href=\"https:\/\/jornaldasoficinas.com\/pt\/afia-faz-parte-da-agenda-hi_rev\/\" \/>\n<meta property=\"og:locale\" content=\"pt_PT\" \/>\n<meta property=\"og:type\" content=\"article\" \/>\n<meta property=\"og:title\" content=\"AFIA faz parte da Agenda Hi_rEV - Jornal das Oficinas\" \/>\n<meta property=\"og:description\" content=\"AFIA integra cons\u00f3rcio de uma Agenda...\" \/>\n<meta property=\"og:url\" content=\"https:\/\/jornaldasoficinas.com\/pt\/afia-faz-parte-da-agenda-hi_rev\/\" \/>\n<meta property=\"og:site_name\" content=\"Jornal das Oficinas\" \/>\n<meta property=\"article:publisher\" content=\"https:\/\/www.facebook.com\/jornaloficinas\" \/>\n<meta property=\"article:published_time\" content=\"2022-07-29T07:00:41+00:00\" \/>\n<meta property=\"og:image\" content=\"https:\/\/jornaldasoficinas.com\/pt\/wp-content\/uploads\/2022\/07\/AFIA-faz-parte-da-Agenda-Hi_rEV.jpeg\" \/>\n\t<meta property=\"og:image:width\" content=\"1024\" \/>\n\t<meta property=\"og:image:height\" content=\"581\" \/>\n\t<meta property=\"og:image:type\" content=\"image\/jpeg\" \/>\n<meta name=\"author\" content=\"Reda\u00e7\u00e3o JO\" \/>\n<meta name=\"twitter:card\" content=\"summary_large_image\" \/>\n<meta name=\"twitter:creator\" content=\"@jornaloficinas\" \/>\n<meta name=\"twitter:site\" content=\"@jornaloficinas\" \/>\n<meta name=\"twitter:label1\" content=\"Escrito por\" \/>\n\t<meta name=\"twitter:data1\" content=\"Reda\u00e7\u00e3o JO\" \/>\n\t<meta name=\"twitter:label2\" content=\"Tempo estimado de leitura\" \/>\n\t<meta name=\"twitter:data2\" content=\"2 minutos\" \/>\n<script type=\"application\/ld+json\" class=\"yoast-schema-graph\">{\"@context\":\"https:\\\/\\\/schema.org\",\"@graph\":[{\"@type\":\"Article\",\"@id\":\"https:\\\/\\\/jornaldasoficinas.com\\\/pt\\\/afia-faz-parte-da-agenda-hi_rev\\\/#article\",\"isPartOf\":{\"@id\":\"https:\\\/\\\/jornaldasoficinas.com\\\/pt\\\/afia-faz-parte-da-agenda-hi_rev\\\/\"},\"author\":{\"name\":\"Reda\u00e7\u00e3o JO\",\"@id\":\"https:\\\/\\\/jornaldasoficinas.com\\\/pt\\\/#\\\/schema\\\/person\\\/a38eef5de2c41d9e7c9ac10141afddf3\"},\"headline\":\"AFIA faz parte da Agenda Hi_rEV\",\"datePublished\":\"2022-07-29T07:00:41+00:00\",\"mainEntityOfPage\":{\"@id\":\"https:\\\/\\\/jornaldasoficinas.com\\\/pt\\\/afia-faz-parte-da-agenda-hi_rev\\\/\"},\"wordCount\":475,\"publisher\":{\"@id\":\"https:\\\/\\\/jornaldasoficinas.com\\\/pt\\\/#organization\"},\"image\":{\"@id\":\"https:\\\/\\\/jornaldasoficinas.com\\\/pt\\\/afia-faz-parte-da-agenda-hi_rev\\\/#primaryimage\"},\"thumbnailUrl\":\"https:\\\/\\\/jornaldasoficinas.com\\\/pt\\\/wp-content\\\/uploads\\\/2022\\\/07\\\/AFIA-faz-parte-da-Agenda-Hi_rEV.jpeg\",\"keywords\":[\"AFIA\"],\"articleSection\":[\"Mercado\"],\"inLanguage\":\"pt-PT\"},{\"@type\":\"WebPage\",\"@id\":\"https:\\\/\\\/jornaldasoficinas.com\\\/pt\\\/afia-faz-parte-da-agenda-hi_rev\\\/\",\"url\":\"https:\\\/\\\/jornaldasoficinas.com\\\/pt\\\/afia-faz-parte-da-agenda-hi_rev\\\/\",\"name\":\"AFIA faz parte da Agenda Hi_rEV - Jornal das Oficinas\",\"isPartOf\":{\"@id\":\"https:\\\/\\\/jornaldasoficinas.com\\\/pt\\\/#website\"},\"primaryImageOfPage\":{\"@id\":\"https:\\\/\\\/jornaldasoficinas.com\\\/pt\\\/afia-faz-parte-da-agenda-hi_rev\\\/#primaryimage\"},\"image\":{\"@id\":\"https:\\\/\\\/jornaldasoficinas.com\\\/pt\\\/afia-faz-parte-da-agenda-hi_rev\\\/#primaryimage\"},\"thumbnailUrl\":\"https:\\\/\\\/jornaldasoficinas.com\\\/pt\\\/wp-content\\\/uploads\\\/2022\\\/07\\\/AFIA-faz-parte-da-Agenda-Hi_rEV.jpeg\",\"datePublished\":\"2022-07-29T07:00:41+00:00\",\"breadcrumb\":{\"@id\":\"https:\\\/\\\/jornaldasoficinas.com\\\/pt\\\/afia-faz-parte-da-agenda-hi_rev\\\/#breadcrumb\"},\"inLanguage\":\"pt-PT\",\"potentialAction\":[{\"@type\":\"ReadAction\",\"target\":[\"https:\\\/\\\/jornaldasoficinas.com\\\/pt\\\/afia-faz-parte-da-agenda-hi_rev\\\/\"]}]},{\"@type\":\"ImageObject\",\"inLanguage\":\"pt-PT\",\"@id\":\"https:\\\/\\\/jornaldasoficinas.com\\\/pt\\\/afia-faz-parte-da-agenda-hi_rev\\\/#primaryimage\",\"url\":\"https:\\\/\\\/jornaldasoficinas.com\\\/pt\\\/wp-content\\\/uploads\\\/2022\\\/07\\\/AFIA-faz-parte-da-Agenda-Hi_rEV.jpeg\",\"contentUrl\":\"https:\\\/\\\/jornaldasoficinas.com\\\/pt\\\/wp-content\\\/uploads\\\/2022\\\/07\\\/AFIA-faz-parte-da-Agenda-Hi_rEV.jpeg\",\"width\":1024,\"height\":581,\"caption\":\"07 - AFIA faz parte da Agenda Hi_rEV\"},{\"@type\":\"BreadcrumbList\",\"@id\":\"https:\\\/\\\/jornaldasoficinas.com\\\/pt\\\/afia-faz-parte-da-agenda-hi_rev\\\/#breadcrumb\",\"itemListElement\":[{\"@type\":\"ListItem\",\"position\":1,\"name\":\"In\u00edcio\",\"item\":\"https:\\\/\\\/jornaldasoficinas.com\\\/pt\\\/\"},{\"@type\":\"ListItem\",\"position\":2,\"name\":\"AFIA faz parte da Agenda Hi_rEV\"}]},{\"@type\":\"WebSite\",\"@id\":\"https:\\\/\\\/jornaldasoficinas.com\\\/pt\\\/#website\",\"url\":\"https:\\\/\\\/jornaldasoficinas.com\\\/pt\\\/\",\"name\":\"Jornal das Oficinas\",\"description\":\"Jornal independente do Aftermarket Autom\u00f3vel em Portugal\",\"publisher\":{\"@id\":\"https:\\\/\\\/jornaldasoficinas.com\\\/pt\\\/#organization\"},\"potentialAction\":[{\"@type\":\"SearchAction\",\"target\":{\"@type\":\"EntryPoint\",\"urlTemplate\":\"https:\\\/\\\/jornaldasoficinas.com\\\/pt\\\/?s={search_term_string}\"},\"query-input\":{\"@type\":\"PropertyValueSpecification\",\"valueRequired\":true,\"valueName\":\"search_term_string\"}}],\"inLanguage\":\"pt-PT\"},{\"@type\":\"Organization\",\"@id\":\"https:\\\/\\\/jornaldasoficinas.com\\\/pt\\\/#organization\",\"name\":\"Jornal das Oficinas\",\"url\":\"https:\\\/\\\/jornaldasoficinas.com\\\/pt\\\/\",\"logo\":{\"@type\":\"ImageObject\",\"inLanguage\":\"pt-PT\",\"@id\":\"https:\\\/\\\/jornaldasoficinas.com\\\/pt\\\/#\\\/schema\\\/logo\\\/image\\\/\",\"url\":\"https:\\\/\\\/jornaldasoficinas.com\\\/pt\\\/wp-content\\\/uploads\\\/logoJO-SEO.png\",\"contentUrl\":\"https:\\\/\\\/jornaldasoficinas.com\\\/pt\\\/wp-content\\\/uploads\\\/logoJO-SEO.png\",\"width\":285,\"height\":450,\"caption\":\"Jornal das Oficinas\"},\"image\":{\"@id\":\"https:\\\/\\\/jornaldasoficinas.com\\\/pt\\\/#\\\/schema\\\/logo\\\/image\\\/\"},\"sameAs\":[\"https:\\\/\\\/www.facebook.com\\\/jornaloficinas\",\"https:\\\/\\\/x.com\\\/jornaloficinas\",\"https:\\\/\\\/www.instagram.com\\\/jornal_oficinas\\\/\",\"https:\\\/\\\/www.linkedin.com\\\/company\\\/jornal-das-oficinas\\\/\",\"https:\\\/\\\/www.youtube.com\\\/channel\\\/UCbQZBqtcvV-oSQrr7RzINGg\"]},{\"@type\":\"Person\",\"@id\":\"https:\\\/\\\/jornaldasoficinas.com\\\/pt\\\/#\\\/schema\\\/person\\\/a38eef5de2c41d9e7c9ac10141afddf3\",\"name\":\"Reda\u00e7\u00e3o JO\",\"image\":{\"@type\":\"ImageObject\",\"inLanguage\":\"pt-PT\",\"@id\":\"https:\\\/\\\/secure.gravatar.com\\\/avatar\\\/71f2fa71737ad68a84fea94bc708ddac8ea5b0c4788dc2ad202f3ccb2887742f?s=96&d=wp_user_avatar&r=g\",\"url\":\"https:\\\/\\\/secure.gravatar.com\\\/avatar\\\/71f2fa71737ad68a84fea94bc708ddac8ea5b0c4788dc2ad202f3ccb2887742f?s=96&d=wp_user_avatar&r=g\",\"contentUrl\":\"https:\\\/\\\/secure.gravatar.com\\\/avatar\\\/71f2fa71737ad68a84fea94bc708ddac8ea5b0c4788dc2ad202f3ccb2887742f?s=96&d=wp_user_avatar&r=g\",\"caption\":\"Reda\u00e7\u00e3o JO\"},\"url\":\"https:\\\/\\\/jornaldasoficinas.com\\\/pt\\\/author\\\/joredacao\\\/\"}]}<\/script>\n<!-- \/ Yoast SEO plugin. -->","yoast_head_json":{"title":"AFIA faz parte da Agenda Hi_rEV - Jornal das Oficinas","robots":{"index":"index","follow":"follow","max-snippet":"max-snippet:-1","max-image-preview":"max-image-preview:large","max-video-preview":"max-video-preview:-1"},"canonical":"https:\/\/jornaldasoficinas.com\/pt\/afia-faz-parte-da-agenda-hi_rev\/","og_locale":"pt_PT","og_type":"article","og_title":"AFIA faz parte da Agenda Hi_rEV - Jornal das Oficinas","og_description":"AFIA integra cons\u00f3rcio de uma Agenda...","og_url":"https:\/\/jornaldasoficinas.com\/pt\/afia-faz-parte-da-agenda-hi_rev\/","og_site_name":"Jornal das Oficinas","article_publisher":"https:\/\/www.facebook.com\/jornaloficinas","article_published_time":"2022-07-29T07:00:41+00:00","og_image":[{"width":1024,"height":581,"url":"https:\/\/jornaldasoficinas.com\/pt\/wp-content\/uploads\/2022\/07\/AFIA-faz-parte-da-Agenda-Hi_rEV.jpeg","type":"image\/jpeg"}],"author":"Reda\u00e7\u00e3o JO","twitter_card":"summary_large_image","twitter_creator":"@jornaloficinas","twitter_site":"@jornaloficinas","twitter_misc":{"Escrito por":"Reda\u00e7\u00e3o JO","Tempo estimado de leitura":"2 minutos"},"schema":{"@context":"https:\/\/schema.org","@graph":[{"@type":"Article","@id":"https:\/\/jornaldasoficinas.com\/pt\/afia-faz-parte-da-agenda-hi_rev\/#article","isPartOf":{"@id":"https:\/\/jornaldasoficinas.com\/pt\/afia-faz-parte-da-agenda-hi_rev\/"},"author":{"name":"Reda\u00e7\u00e3o JO","@id":"https:\/\/jornaldasoficinas.com\/pt\/#\/schema\/person\/a38eef5de2c41d9e7c9ac10141afddf3"},"headline":"AFIA faz parte da Agenda Hi_rEV","datePublished":"2022-07-29T07:00:41+00:00","mainEntityOfPage":{"@id":"https:\/\/jornaldasoficinas.com\/pt\/afia-faz-parte-da-agenda-hi_rev\/"},"wordCount":475,"publisher":{"@id":"https:\/\/jornaldasoficinas.com\/pt\/#organization"},"image":{"@id":"https:\/\/jornaldasoficinas.com\/pt\/afia-faz-parte-da-agenda-hi_rev\/#primaryimage"},"thumbnailUrl":"https:\/\/jornaldasoficinas.com\/pt\/wp-content\/uploads\/2022\/07\/AFIA-faz-parte-da-Agenda-Hi_rEV.jpeg","keywords":["AFIA"],"articleSection":["Mercado"],"inLanguage":"pt-PT"},{"@type":"WebPage","@id":"https:\/\/jornaldasoficinas.com\/pt\/afia-faz-parte-da-agenda-hi_rev\/","url":"https:\/\/jornaldasoficinas.com\/pt\/afia-faz-parte-da-agenda-hi_rev\/","name":"AFIA faz parte da Agenda Hi_rEV - Jornal das Oficinas","isPartOf":{"@id":"https:\/\/jornaldasoficinas.com\/pt\/#website"},"primaryImageOfPage":{"@id":"https:\/\/jornaldasoficinas.com\/pt\/afia-faz-parte-da-agenda-hi_rev\/#primaryimage"},"image":{"@id":"https:\/\/jornaldasoficinas.com\/pt\/afia-faz-parte-da-agenda-hi_rev\/#primaryimage"},"thumbnailUrl":"https:\/\/jornaldasoficinas.com\/pt\/wp-content\/uploads\/2022\/07\/AFIA-faz-parte-da-Agenda-Hi_rEV.jpeg","datePublished":"2022-07-29T07:00:41+00:00","breadcrumb":{"@id":"https:\/\/jornaldasoficinas.com\/pt\/afia-faz-parte-da-agenda-hi_rev\/#breadcrumb"},"inLanguage":"pt-PT","potentialAction":[{"@type":"ReadAction","target":["https:\/\/jornaldasoficinas.com\/pt\/afia-faz-parte-da-agenda-hi_rev\/"]}]},{"@type":"ImageObject","inLanguage":"pt-PT","@id":"https:\/\/jornaldasoficinas.com\/pt\/afia-faz-parte-da-agenda-hi_rev\/#primaryimage","url":"https:\/\/jornaldasoficinas.com\/pt\/wp-content\/uploads\/2022\/07\/AFIA-faz-parte-da-Agenda-Hi_rEV.jpeg","contentUrl":"https:\/\/jornaldasoficinas.com\/pt\/wp-content\/uploads\/2022\/07\/AFIA-faz-parte-da-Agenda-Hi_rEV.jpeg","width":1024,"height":581,"caption":"07 - AFIA faz parte da Agenda Hi_rEV"},{"@type":"BreadcrumbList","@id":"https:\/\/jornaldasoficinas.com\/pt\/afia-faz-parte-da-agenda-hi_rev\/#breadcrumb","itemListElement":[{"@type":"ListItem","position":1,"name":"In\u00edcio","item":"https:\/\/jornaldasoficinas.com\/pt\/"},{"@type":"ListItem","position":2,"name":"AFIA faz parte da Agenda Hi_rEV"}]},{"@type":"WebSite","@id":"https:\/\/jornaldasoficinas.com\/pt\/#website","url":"https:\/\/jornaldasoficinas.com\/pt\/","name":"Jornal das Oficinas","description":"Jornal independente do Aftermarket Autom\u00f3vel em Portugal","publisher":{"@id":"https:\/\/jornaldasoficinas.com\/pt\/#organization"},"potentialAction":[{"@type":"SearchAction","target":{"@type":"EntryPoint","urlTemplate":"https:\/\/jornaldasoficinas.com\/pt\/?s={search_term_string}"},"query-input":{"@type":"PropertyValueSpecification","valueRequired":true,"valueName":"search_term_string"}}],"inLanguage":"pt-PT"},{"@type":"Organization","@id":"https:\/\/jornaldasoficinas.com\/pt\/#organization","name":"Jornal das Oficinas","url":"https:\/\/jornaldasoficinas.com\/pt\/","logo":{"@type":"ImageObject","inLanguage":"pt-PT","@id":"https:\/\/jornaldasoficinas.com\/pt\/#\/schema\/logo\/image\/","url":"https:\/\/jornaldasoficinas.com\/pt\/wp-content\/uploads\/logoJO-SEO.png","contentUrl":"https:\/\/jornaldasoficinas.com\/pt\/wp-content\/uploads\/logoJO-SEO.png","width":285,"height":450,"caption":"Jornal das Oficinas"},"image":{"@id":"https:\/\/jornaldasoficinas.com\/pt\/#\/schema\/logo\/image\/"},"sameAs":["https:\/\/www.facebook.com\/jornaloficinas","https:\/\/x.com\/jornaloficinas","https:\/\/www.instagram.com\/jornal_oficinas\/","https:\/\/www.linkedin.com\/company\/jornal-das-oficinas\/","https:\/\/www.youtube.com\/channel\/UCbQZBqtcvV-oSQrr7RzINGg"]},{"@type":"Person","@id":"https:\/\/jornaldasoficinas.com\/pt\/#\/schema\/person\/a38eef5de2c41d9e7c9ac10141afddf3","name":"Reda\u00e7\u00e3o JO","image":{"@type":"ImageObject","inLanguage":"pt-PT","@id":"https:\/\/secure.gravatar.com\/avatar\/71f2fa71737ad68a84fea94bc708ddac8ea5b0c4788dc2ad202f3ccb2887742f?s=96&d=wp_user_avatar&r=g","url":"https:\/\/secure.gravatar.com\/avatar\/71f2fa71737ad68a84fea94bc708ddac8ea5b0c4788dc2ad202f3ccb2887742f?s=96&d=wp_user_avatar&r=g","contentUrl":"https:\/\/secure.gravatar.com\/avatar\/71f2fa71737ad68a84fea94bc708ddac8ea5b0c4788dc2ad202f3ccb2887742f?s=96&d=wp_user_avatar&r=g","caption":"Reda\u00e7\u00e3o JO"},"url":"https:\/\/jornaldasoficinas.com\/pt\/author\/joredacao\/"}]}},"_links":{"self":[{"href":"https:\/\/jornaldasoficinas.com\/pt\/wp-json\/wp\/v2\/posts\/31739","targetHints":{"allow":["GET"]}}],"collection":[{"href":"https:\/\/jornaldasoficinas.com\/pt\/wp-json\/wp\/v2\/posts"}],"about":[{"href":"https:\/\/jornaldasoficinas.com\/pt\/wp-json\/wp\/v2\/types\/post"}],"author":[{"embeddable":true,"href":"https:\/\/jornaldasoficinas.com\/pt\/wp-json\/wp\/v2\/users\/15"}],"replies":[{"embeddable":true,"href":"https:\/\/jornaldasoficinas.com\/pt\/wp-json\/wp\/v2\/comments?post=31739"}],"version-history":[{"count":0,"href":"https:\/\/jornaldasoficinas.com\/pt\/wp-json\/wp\/v2\/posts\/31739\/revisions"}],"wp:featuredmedia":[{"embeddable":true,"href":"https:\/\/jornaldasoficinas.com\/pt\/wp-json\/wp\/v2\/media\/31690"}],"wp:attachment":[{"href":"https:\/\/jornaldasoficinas.com\/pt\/wp-json\/wp\/v2\/media?parent=31739"}],"wp:term":[{"taxonomy":"category","embeddable":true,"href":"https:\/\/jornaldasoficinas.com\/pt\/wp-json\/wp\/v2\/categories?post=31739"},{"taxonomy":"post_tag","embeddable":true,"href":"https:\/\/jornaldasoficinas.com\/pt\/wp-json\/wp\/v2\/tags?post=31739"}],"curies":[{"name":"wp","href":"https:\/\/api.w.org\/{rel}","templated":true}]}}