{"id":31839,"date":"2022-08-03T18:00:44","date_gmt":"2022-08-03T17:00:44","guid":{"rendered":"https:\/\/jornaldasoficinas.com\/pt\/?p=31839"},"modified":"2022-08-03T15:44:42","modified_gmt":"2022-08-03T14:44:42","slug":"miio-chega-a-franca-com-55-000-postos-carregamento","status":"publish","type":"post","link":"https:\/\/jornaldasoficinas.com\/pt\/miio-chega-a-franca-com-55-000-postos-carregamento\/","title":{"rendered":"miio chega a fran\u00e7a com 55.000 postos carregamento"},"content":{"rendered":"<p><strong><img loading=\"lazy\" decoding=\"async\" class=\"alignnone size-full wp-image-31826\" src=\"https:\/\/jornaldasoficinas.com\/pt\/wp-content\/uploads\/2022\/08\/miio-chega-a-franc\u0327a-com-55.000-postos-carregamento.jpg\" alt=\"08 - miio chega a franc\u0327a com 55.000 postos carregamento\" width=\"1024\" height=\"581\" srcset=\"https:\/\/jornaldasoficinas.com\/pt\/wp-content\/uploads\/2022\/08\/miio-chega-a-franc\u0327a-com-55.000-postos-carregamento.jpg 1024w, https:\/\/jornaldasoficinas.com\/pt\/wp-content\/uploads\/2022\/08\/miio-chega-a-franc\u0327a-com-55.000-postos-carregamento-300x170.jpg 300w, https:\/\/jornaldasoficinas.com\/pt\/wp-content\/uploads\/2022\/08\/miio-chega-a-franc\u0327a-com-55.000-postos-carregamento-150x85.jpg 150w, https:\/\/jornaldasoficinas.com\/pt\/wp-content\/uploads\/2022\/08\/miio-chega-a-franc\u0327a-com-55.000-postos-carregamento-768x436.jpg 768w\" sizes=\"auto, (max-width: 1024px) 100vw, 1024px\" \/><\/strong><\/p>\n<p><strong>A <a href=\"https:\/\/www.miio.pt\/\" target=\"_blank\" rel=\"noopener\">miio<\/a>,\u00a0empresa portuguesa que est\u00e1 a inovar na \u00e1rea da mobilidade el\u00e9trica, anuncia hoje a\u00a0entrada no mercado franc\u00eas, com a possibilidade de carregamento em 55.000 postos de carregamento<\/strong><\/p>\n<p>A partir de agora, de Portugal a Fran\u00e7a, passando por Espanha, qualquer utilizador pode viajar de ve\u00edculo el\u00e9trico com\u00a0apenas\u00a0uma solu\u00e7\u00e3o de carregamento: a miio. A empresa tem o objetivo de tornar a utiliza\u00e7\u00e3o e carregamento de ve\u00edculos el\u00e9tricos cada vez mais pr\u00e1tica e conveniente, agora tamb\u00e9m na Europa.<\/p>\n<p>Atrav\u00e9s da app miio \u00e9 poss\u00edvel aceder \u00e0 localiza\u00e7\u00e3o dos 55.000 postos de carregamento no mercado franc\u00eas, onde se poder\u00e1 carregar um ve\u00edculo el\u00e9trico com a empresa portuguesa. Atrav\u00e9s da conex\u00e3o \u00e0s plataformas de roaming europeias, ser\u00e1 poss\u00edvel viajar com a miio em Portugal, Espanha e agora Fran\u00e7a. At\u00e9 ao momento a miio j\u00e1 conta com 88 mil utilizadores.<\/p>\n<p>\u201cCom esta expans\u00e3o, o nosso grande objetivo \u00e9 o de simplificar a mobilidade el\u00e9trica para cada vez mais utilizadores. Conseguimos cobrir a maior parte do territ\u00f3rio franc\u00eas, eliminando assim mais um entrave \u00e0 transi\u00e7\u00e3o energ\u00e9tica na mobilidade. Queremos que a mobilidade el\u00e9trica seja t\u00e3o ou mais pr\u00e1tica e conveniente como a tradicional.<\/p>\n<p>Para isso, precisamos de simplificar todos os processos relacionados \u00e0 condu\u00e7\u00e3o de ve\u00edculos el\u00e9tricos, para todos os condutores.\u201d,\u00a0comenta Daniela Sim\u00f5es, CEO e co-fundadora da miio.<\/p>\n<p>A partir desta semana, os\u00a0servi\u00e7os e produtos diferenciadores que visam simplificar a utiliza\u00e7\u00e3o e carregamento dos ve\u00edculos el\u00e9tricos, e que incluem o carregamento digital ou o pagamento autom\u00e1tico, estar\u00e3o dispon\u00edveis em Fran\u00e7a.<\/p>\n<p>Para utilizar a miio no mercado franc\u00eas, basta instalar e consultar a app miio para encontrar um dos 55.000 postos de carregamento dispon\u00edveis e dirigir-se a um posto com o seu ve\u00edculo el\u00e9trico. No local, \u00e9 s\u00f3 selecionar o posto e a tomada que quer usar e clicar em \u201ccarregar\u201d.<\/p>\n<p>A miio conta atualmente com uma equipa de 19\u00a0elementos e est\u00e1 a contratar novos recursos para apoiar o seu crescimento e internacionaliza\u00e7\u00e3o. O objetivo \u00e9 continuar a desenvolver novos produtos e servi\u00e7os que possam ser utilizados em Portugal como em outros pa\u00edses, tornando a utiliza\u00e7\u00e3o e carregamento de um ve\u00edculo el\u00e9trico cada vez mais c\u00f3moda e conveniente para qualquer pessoa.<\/p>\n","protected":false},"excerpt":{"rendered":"<p>A miio,\u00a0empresa portuguesa que est\u00e1 a&#8230;<\/p>\n","protected":false},"author":15,"featured_media":31826,"comment_status":"closed","ping_status":"closed","sticky":false,"template":"","format":"standard","meta":{"footnotes":""},"categories":[37],"tags":[2582],"class_list":["post-31839","post","type-post","status-publish","format-standard","has-post-thumbnail","hentry","category-mercado","tag-miio"],"yoast_head":"<!-- This site is optimized with the Yoast SEO plugin v27.4 - https:\/\/yoast.com\/product\/yoast-seo-wordpress\/ -->\n<title>miio chega a fran\u00e7a com 55.000 postos carregamento - Jornal das Oficinas<\/title>\n<meta name=\"robots\" content=\"index, follow, max-snippet:-1, max-image-preview:large, max-video-preview:-1\" \/>\n<link rel=\"canonical\" href=\"https:\/\/jornaldasoficinas.com\/pt\/miio-chega-a-franca-com-55-000-postos-carregamento\/\" \/>\n<meta property=\"og:locale\" content=\"pt_PT\" \/>\n<meta property=\"og:type\" content=\"article\" \/>\n<meta property=\"og:title\" content=\"miio chega a fran\u00e7a com 55.000 postos carregamento - Jornal das Oficinas\" \/>\n<meta property=\"og:description\" content=\"A miio,\u00a0empresa portuguesa que est\u00e1 a...\" \/>\n<meta property=\"og:url\" content=\"https:\/\/jornaldasoficinas.com\/pt\/miio-chega-a-franca-com-55-000-postos-carregamento\/\" \/>\n<meta property=\"og:site_name\" content=\"Jornal das Oficinas\" \/>\n<meta property=\"article:publisher\" content=\"https:\/\/www.facebook.com\/jornaloficinas\" \/>\n<meta property=\"article:published_time\" content=\"2022-08-03T17:00:44+00:00\" \/>\n<meta property=\"og:image\" content=\"https:\/\/jornaldasoficinas.com\/pt\/wp-content\/uploads\/2022\/08\/miio-chega-a-franc\u0327a-com-55.000-postos-carregamento.jpg\" \/>\n\t<meta property=\"og:image:width\" content=\"1024\" \/>\n\t<meta property=\"og:image:height\" content=\"581\" \/>\n\t<meta property=\"og:image:type\" content=\"image\/jpeg\" \/>\n<meta name=\"author\" content=\"Reda\u00e7\u00e3o JO\" \/>\n<meta name=\"twitter:card\" content=\"summary_large_image\" \/>\n<meta name=\"twitter:creator\" content=\"@jornaloficinas\" \/>\n<meta name=\"twitter:site\" content=\"@jornaloficinas\" \/>\n<meta name=\"twitter:label1\" content=\"Escrito por\" \/>\n\t<meta name=\"twitter:data1\" content=\"Reda\u00e7\u00e3o JO\" \/>\n\t<meta name=\"twitter:label2\" content=\"Tempo estimado de leitura\" \/>\n\t<meta name=\"twitter:data2\" content=\"2 minutos\" \/>\n<script type=\"application\/ld+json\" class=\"yoast-schema-graph\">{\"@context\":\"https:\\\/\\\/schema.org\",\"@graph\":[{\"@type\":\"Article\",\"@id\":\"https:\\\/\\\/jornaldasoficinas.com\\\/pt\\\/miio-chega-a-franca-com-55-000-postos-carregamento\\\/#article\",\"isPartOf\":{\"@id\":\"https:\\\/\\\/jornaldasoficinas.com\\\/pt\\\/miio-chega-a-franca-com-55-000-postos-carregamento\\\/\"},\"author\":{\"name\":\"Reda\u00e7\u00e3o JO\",\"@id\":\"https:\\\/\\\/jornaldasoficinas.com\\\/pt\\\/#\\\/schema\\\/person\\\/a38eef5de2c41d9e7c9ac10141afddf3\"},\"headline\":\"miio chega a fran\u00e7a com 55.000 postos carregamento\",\"datePublished\":\"2022-08-03T17:00:44+00:00\",\"mainEntityOfPage\":{\"@id\":\"https:\\\/\\\/jornaldasoficinas.com\\\/pt\\\/miio-chega-a-franca-com-55-000-postos-carregamento\\\/\"},\"wordCount\":410,\"publisher\":{\"@id\":\"https:\\\/\\\/jornaldasoficinas.com\\\/pt\\\/#organization\"},\"image\":{\"@id\":\"https:\\\/\\\/jornaldasoficinas.com\\\/pt\\\/miio-chega-a-franca-com-55-000-postos-carregamento\\\/#primaryimage\"},\"thumbnailUrl\":\"https:\\\/\\\/jornaldasoficinas.com\\\/pt\\\/wp-content\\\/uploads\\\/2022\\\/08\\\/miio-chega-a-franc\u0327a-com-55.000-postos-carregamento.jpg\",\"keywords\":[\"miio\"],\"articleSection\":[\"Mercado\"],\"inLanguage\":\"pt-PT\"},{\"@type\":\"WebPage\",\"@id\":\"https:\\\/\\\/jornaldasoficinas.com\\\/pt\\\/miio-chega-a-franca-com-55-000-postos-carregamento\\\/\",\"url\":\"https:\\\/\\\/jornaldasoficinas.com\\\/pt\\\/miio-chega-a-franca-com-55-000-postos-carregamento\\\/\",\"name\":\"miio chega a fran\u00e7a com 55.000 postos carregamento - Jornal das Oficinas\",\"isPartOf\":{\"@id\":\"https:\\\/\\\/jornaldasoficinas.com\\\/pt\\\/#website\"},\"primaryImageOfPage\":{\"@id\":\"https:\\\/\\\/jornaldasoficinas.com\\\/pt\\\/miio-chega-a-franca-com-55-000-postos-carregamento\\\/#primaryimage\"},\"image\":{\"@id\":\"https:\\\/\\\/jornaldasoficinas.com\\\/pt\\\/miio-chega-a-franca-com-55-000-postos-carregamento\\\/#primaryimage\"},\"thumbnailUrl\":\"https:\\\/\\\/jornaldasoficinas.com\\\/pt\\\/wp-content\\\/uploads\\\/2022\\\/08\\\/miio-chega-a-franc\u0327a-com-55.000-postos-carregamento.jpg\",\"datePublished\":\"2022-08-03T17:00:44+00:00\",\"breadcrumb\":{\"@id\":\"https:\\\/\\\/jornaldasoficinas.com\\\/pt\\\/miio-chega-a-franca-com-55-000-postos-carregamento\\\/#breadcrumb\"},\"inLanguage\":\"pt-PT\",\"potentialAction\":[{\"@type\":\"ReadAction\",\"target\":[\"https:\\\/\\\/jornaldasoficinas.com\\\/pt\\\/miio-chega-a-franca-com-55-000-postos-carregamento\\\/\"]}]},{\"@type\":\"ImageObject\",\"inLanguage\":\"pt-PT\",\"@id\":\"https:\\\/\\\/jornaldasoficinas.com\\\/pt\\\/miio-chega-a-franca-com-55-000-postos-carregamento\\\/#primaryimage\",\"url\":\"https:\\\/\\\/jornaldasoficinas.com\\\/pt\\\/wp-content\\\/uploads\\\/2022\\\/08\\\/miio-chega-a-franc\u0327a-com-55.000-postos-carregamento.jpg\",\"contentUrl\":\"https:\\\/\\\/jornaldasoficinas.com\\\/pt\\\/wp-content\\\/uploads\\\/2022\\\/08\\\/miio-chega-a-franc\u0327a-com-55.000-postos-carregamento.jpg\",\"width\":1024,\"height\":581,\"caption\":\"08 - miio chega a franc\u0327a com 55.000 postos carregamento\"},{\"@type\":\"BreadcrumbList\",\"@id\":\"https:\\\/\\\/jornaldasoficinas.com\\\/pt\\\/miio-chega-a-franca-com-55-000-postos-carregamento\\\/#breadcrumb\",\"itemListElement\":[{\"@type\":\"ListItem\",\"position\":1,\"name\":\"In\u00edcio\",\"item\":\"https:\\\/\\\/jornaldasoficinas.com\\\/pt\\\/\"},{\"@type\":\"ListItem\",\"position\":2,\"name\":\"miio chega a fran\u00e7a com 55.000 postos carregamento\"}]},{\"@type\":\"WebSite\",\"@id\":\"https:\\\/\\\/jornaldasoficinas.com\\\/pt\\\/#website\",\"url\":\"https:\\\/\\\/jornaldasoficinas.com\\\/pt\\\/\",\"name\":\"Jornal das Oficinas\",\"description\":\"Jornal independente do Aftermarket Autom\u00f3vel em Portugal\",\"publisher\":{\"@id\":\"https:\\\/\\\/jornaldasoficinas.com\\\/pt\\\/#organization\"},\"potentialAction\":[{\"@type\":\"SearchAction\",\"target\":{\"@type\":\"EntryPoint\",\"urlTemplate\":\"https:\\\/\\\/jornaldasoficinas.com\\\/pt\\\/?s={search_term_string}\"},\"query-input\":{\"@type\":\"PropertyValueSpecification\",\"valueRequired\":true,\"valueName\":\"search_term_string\"}}],\"inLanguage\":\"pt-PT\"},{\"@type\":\"Organization\",\"@id\":\"https:\\\/\\\/jornaldasoficinas.com\\\/pt\\\/#organization\",\"name\":\"Jornal das Oficinas\",\"url\":\"https:\\\/\\\/jornaldasoficinas.com\\\/pt\\\/\",\"logo\":{\"@type\":\"ImageObject\",\"inLanguage\":\"pt-PT\",\"@id\":\"https:\\\/\\\/jornaldasoficinas.com\\\/pt\\\/#\\\/schema\\\/logo\\\/image\\\/\",\"url\":\"https:\\\/\\\/jornaldasoficinas.com\\\/pt\\\/wp-content\\\/uploads\\\/logoJO-SEO.png\",\"contentUrl\":\"https:\\\/\\\/jornaldasoficinas.com\\\/pt\\\/wp-content\\\/uploads\\\/logoJO-SEO.png\",\"width\":285,\"height\":450,\"caption\":\"Jornal das Oficinas\"},\"image\":{\"@id\":\"https:\\\/\\\/jornaldasoficinas.com\\\/pt\\\/#\\\/schema\\\/logo\\\/image\\\/\"},\"sameAs\":[\"https:\\\/\\\/www.facebook.com\\\/jornaloficinas\",\"https:\\\/\\\/x.com\\\/jornaloficinas\",\"https:\\\/\\\/www.instagram.com\\\/jornal_oficinas\\\/\",\"https:\\\/\\\/www.linkedin.com\\\/company\\\/jornal-das-oficinas\\\/\",\"https:\\\/\\\/www.youtube.com\\\/channel\\\/UCbQZBqtcvV-oSQrr7RzINGg\"]},{\"@type\":\"Person\",\"@id\":\"https:\\\/\\\/jornaldasoficinas.com\\\/pt\\\/#\\\/schema\\\/person\\\/a38eef5de2c41d9e7c9ac10141afddf3\",\"name\":\"Reda\u00e7\u00e3o JO\",\"image\":{\"@type\":\"ImageObject\",\"inLanguage\":\"pt-PT\",\"@id\":\"https:\\\/\\\/secure.gravatar.com\\\/avatar\\\/71f2fa71737ad68a84fea94bc708ddac8ea5b0c4788dc2ad202f3ccb2887742f?s=96&d=wp_user_avatar&r=g\",\"url\":\"https:\\\/\\\/secure.gravatar.com\\\/avatar\\\/71f2fa71737ad68a84fea94bc708ddac8ea5b0c4788dc2ad202f3ccb2887742f?s=96&d=wp_user_avatar&r=g\",\"contentUrl\":\"https:\\\/\\\/secure.gravatar.com\\\/avatar\\\/71f2fa71737ad68a84fea94bc708ddac8ea5b0c4788dc2ad202f3ccb2887742f?s=96&d=wp_user_avatar&r=g\",\"caption\":\"Reda\u00e7\u00e3o JO\"},\"url\":\"https:\\\/\\\/jornaldasoficinas.com\\\/pt\\\/author\\\/joredacao\\\/\"}]}<\/script>\n<!-- \/ Yoast SEO plugin. -->","yoast_head_json":{"title":"miio chega a fran\u00e7a com 55.000 postos carregamento - Jornal das Oficinas","robots":{"index":"index","follow":"follow","max-snippet":"max-snippet:-1","max-image-preview":"max-image-preview:large","max-video-preview":"max-video-preview:-1"},"canonical":"https:\/\/jornaldasoficinas.com\/pt\/miio-chega-a-franca-com-55-000-postos-carregamento\/","og_locale":"pt_PT","og_type":"article","og_title":"miio chega a fran\u00e7a com 55.000 postos carregamento - Jornal das Oficinas","og_description":"A miio,\u00a0empresa portuguesa que est\u00e1 a...","og_url":"https:\/\/jornaldasoficinas.com\/pt\/miio-chega-a-franca-com-55-000-postos-carregamento\/","og_site_name":"Jornal das Oficinas","article_publisher":"https:\/\/www.facebook.com\/jornaloficinas","article_published_time":"2022-08-03T17:00:44+00:00","og_image":[{"width":1024,"height":581,"url":"https:\/\/jornaldasoficinas.com\/pt\/wp-content\/uploads\/2022\/08\/miio-chega-a-franc\u0327a-com-55.000-postos-carregamento.jpg","type":"image\/jpeg"}],"author":"Reda\u00e7\u00e3o JO","twitter_card":"summary_large_image","twitter_creator":"@jornaloficinas","twitter_site":"@jornaloficinas","twitter_misc":{"Escrito por":"Reda\u00e7\u00e3o JO","Tempo estimado de leitura":"2 minutos"},"schema":{"@context":"https:\/\/schema.org","@graph":[{"@type":"Article","@id":"https:\/\/jornaldasoficinas.com\/pt\/miio-chega-a-franca-com-55-000-postos-carregamento\/#article","isPartOf":{"@id":"https:\/\/jornaldasoficinas.com\/pt\/miio-chega-a-franca-com-55-000-postos-carregamento\/"},"author":{"name":"Reda\u00e7\u00e3o JO","@id":"https:\/\/jornaldasoficinas.com\/pt\/#\/schema\/person\/a38eef5de2c41d9e7c9ac10141afddf3"},"headline":"miio chega a fran\u00e7a com 55.000 postos carregamento","datePublished":"2022-08-03T17:00:44+00:00","mainEntityOfPage":{"@id":"https:\/\/jornaldasoficinas.com\/pt\/miio-chega-a-franca-com-55-000-postos-carregamento\/"},"wordCount":410,"publisher":{"@id":"https:\/\/jornaldasoficinas.com\/pt\/#organization"},"image":{"@id":"https:\/\/jornaldasoficinas.com\/pt\/miio-chega-a-franca-com-55-000-postos-carregamento\/#primaryimage"},"thumbnailUrl":"https:\/\/jornaldasoficinas.com\/pt\/wp-content\/uploads\/2022\/08\/miio-chega-a-franc\u0327a-com-55.000-postos-carregamento.jpg","keywords":["miio"],"articleSection":["Mercado"],"inLanguage":"pt-PT"},{"@type":"WebPage","@id":"https:\/\/jornaldasoficinas.com\/pt\/miio-chega-a-franca-com-55-000-postos-carregamento\/","url":"https:\/\/jornaldasoficinas.com\/pt\/miio-chega-a-franca-com-55-000-postos-carregamento\/","name":"miio chega a fran\u00e7a com 55.000 postos carregamento - Jornal das Oficinas","isPartOf":{"@id":"https:\/\/jornaldasoficinas.com\/pt\/#website"},"primaryImageOfPage":{"@id":"https:\/\/jornaldasoficinas.com\/pt\/miio-chega-a-franca-com-55-000-postos-carregamento\/#primaryimage"},"image":{"@id":"https:\/\/jornaldasoficinas.com\/pt\/miio-chega-a-franca-com-55-000-postos-carregamento\/#primaryimage"},"thumbnailUrl":"https:\/\/jornaldasoficinas.com\/pt\/wp-content\/uploads\/2022\/08\/miio-chega-a-franc\u0327a-com-55.000-postos-carregamento.jpg","datePublished":"2022-08-03T17:00:44+00:00","breadcrumb":{"@id":"https:\/\/jornaldasoficinas.com\/pt\/miio-chega-a-franca-com-55-000-postos-carregamento\/#breadcrumb"},"inLanguage":"pt-PT","potentialAction":[{"@type":"ReadAction","target":["https:\/\/jornaldasoficinas.com\/pt\/miio-chega-a-franca-com-55-000-postos-carregamento\/"]}]},{"@type":"ImageObject","inLanguage":"pt-PT","@id":"https:\/\/jornaldasoficinas.com\/pt\/miio-chega-a-franca-com-55-000-postos-carregamento\/#primaryimage","url":"https:\/\/jornaldasoficinas.com\/pt\/wp-content\/uploads\/2022\/08\/miio-chega-a-franc\u0327a-com-55.000-postos-carregamento.jpg","contentUrl":"https:\/\/jornaldasoficinas.com\/pt\/wp-content\/uploads\/2022\/08\/miio-chega-a-franc\u0327a-com-55.000-postos-carregamento.jpg","width":1024,"height":581,"caption":"08 - miio chega a franc\u0327a com 55.000 postos carregamento"},{"@type":"BreadcrumbList","@id":"https:\/\/jornaldasoficinas.com\/pt\/miio-chega-a-franca-com-55-000-postos-carregamento\/#breadcrumb","itemListElement":[{"@type":"ListItem","position":1,"name":"In\u00edcio","item":"https:\/\/jornaldasoficinas.com\/pt\/"},{"@type":"ListItem","position":2,"name":"miio chega a fran\u00e7a com 55.000 postos carregamento"}]},{"@type":"WebSite","@id":"https:\/\/jornaldasoficinas.com\/pt\/#website","url":"https:\/\/jornaldasoficinas.com\/pt\/","name":"Jornal das Oficinas","description":"Jornal independente do Aftermarket Autom\u00f3vel em Portugal","publisher":{"@id":"https:\/\/jornaldasoficinas.com\/pt\/#organization"},"potentialAction":[{"@type":"SearchAction","target":{"@type":"EntryPoint","urlTemplate":"https:\/\/jornaldasoficinas.com\/pt\/?s={search_term_string}"},"query-input":{"@type":"PropertyValueSpecification","valueRequired":true,"valueName":"search_term_string"}}],"inLanguage":"pt-PT"},{"@type":"Organization","@id":"https:\/\/jornaldasoficinas.com\/pt\/#organization","name":"Jornal das Oficinas","url":"https:\/\/jornaldasoficinas.com\/pt\/","logo":{"@type":"ImageObject","inLanguage":"pt-PT","@id":"https:\/\/jornaldasoficinas.com\/pt\/#\/schema\/logo\/image\/","url":"https:\/\/jornaldasoficinas.com\/pt\/wp-content\/uploads\/logoJO-SEO.png","contentUrl":"https:\/\/jornaldasoficinas.com\/pt\/wp-content\/uploads\/logoJO-SEO.png","width":285,"height":450,"caption":"Jornal das Oficinas"},"image":{"@id":"https:\/\/jornaldasoficinas.com\/pt\/#\/schema\/logo\/image\/"},"sameAs":["https:\/\/www.facebook.com\/jornaloficinas","https:\/\/x.com\/jornaloficinas","https:\/\/www.instagram.com\/jornal_oficinas\/","https:\/\/www.linkedin.com\/company\/jornal-das-oficinas\/","https:\/\/www.youtube.com\/channel\/UCbQZBqtcvV-oSQrr7RzINGg"]},{"@type":"Person","@id":"https:\/\/jornaldasoficinas.com\/pt\/#\/schema\/person\/a38eef5de2c41d9e7c9ac10141afddf3","name":"Reda\u00e7\u00e3o JO","image":{"@type":"ImageObject","inLanguage":"pt-PT","@id":"https:\/\/secure.gravatar.com\/avatar\/71f2fa71737ad68a84fea94bc708ddac8ea5b0c4788dc2ad202f3ccb2887742f?s=96&d=wp_user_avatar&r=g","url":"https:\/\/secure.gravatar.com\/avatar\/71f2fa71737ad68a84fea94bc708ddac8ea5b0c4788dc2ad202f3ccb2887742f?s=96&d=wp_user_avatar&r=g","contentUrl":"https:\/\/secure.gravatar.com\/avatar\/71f2fa71737ad68a84fea94bc708ddac8ea5b0c4788dc2ad202f3ccb2887742f?s=96&d=wp_user_avatar&r=g","caption":"Reda\u00e7\u00e3o JO"},"url":"https:\/\/jornaldasoficinas.com\/pt\/author\/joredacao\/"}]}},"_links":{"self":[{"href":"https:\/\/jornaldasoficinas.com\/pt\/wp-json\/wp\/v2\/posts\/31839","targetHints":{"allow":["GET"]}}],"collection":[{"href":"https:\/\/jornaldasoficinas.com\/pt\/wp-json\/wp\/v2\/posts"}],"about":[{"href":"https:\/\/jornaldasoficinas.com\/pt\/wp-json\/wp\/v2\/types\/post"}],"author":[{"embeddable":true,"href":"https:\/\/jornaldasoficinas.com\/pt\/wp-json\/wp\/v2\/users\/15"}],"replies":[{"embeddable":true,"href":"https:\/\/jornaldasoficinas.com\/pt\/wp-json\/wp\/v2\/comments?post=31839"}],"version-history":[{"count":0,"href":"https:\/\/jornaldasoficinas.com\/pt\/wp-json\/wp\/v2\/posts\/31839\/revisions"}],"wp:featuredmedia":[{"embeddable":true,"href":"https:\/\/jornaldasoficinas.com\/pt\/wp-json\/wp\/v2\/media\/31826"}],"wp:attachment":[{"href":"https:\/\/jornaldasoficinas.com\/pt\/wp-json\/wp\/v2\/media?parent=31839"}],"wp:term":[{"taxonomy":"category","embeddable":true,"href":"https:\/\/jornaldasoficinas.com\/pt\/wp-json\/wp\/v2\/categories?post=31839"},{"taxonomy":"post_tag","embeddable":true,"href":"https:\/\/jornaldasoficinas.com\/pt\/wp-json\/wp\/v2\/tags?post=31839"}],"curies":[{"name":"wp","href":"https:\/\/api.w.org\/{rel}","templated":true}]}}