{"id":31874,"date":"2022-08-05T10:00:50","date_gmt":"2022-08-05T09:00:50","guid":{"rendered":"https:\/\/jornaldasoficinas.com\/pt\/?p=31874"},"modified":"2023-07-20T16:11:37","modified_gmt":"2023-07-20T15:11:37","slug":"ford-trucks-lidera-ranking-nacional-de-veiculos-pesados","status":"publish","type":"post","link":"https:\/\/jornaldasoficinas.com\/pt\/ford-trucks-lidera-ranking-nacional-de-veiculos-pesados\/","title":{"rendered":"Ford Trucks lidera ranking nacional de ve\u00edculos pesados"},"content":{"rendered":"<p><strong><img loading=\"lazy\" decoding=\"async\" class=\"alignnone size-full wp-image-31860\" src=\"https:\/\/jornaldasoficinas.com\/pt\/wp-content\/uploads\/2022\/08\/Ford-Trucks-lidera-ranking-nacional-de-vei\u0301culos-pesados-em-julho.jpg\" alt=\"08 - Ford Trucks lidera ranking nacional de vei\u0301culos pesados em julho\" width=\"1024\" height=\"581\" srcset=\"https:\/\/jornaldasoficinas.com\/pt\/wp-content\/uploads\/2022\/08\/Ford-Trucks-lidera-ranking-nacional-de-vei\u0301culos-pesados-em-julho.jpg 1024w, https:\/\/jornaldasoficinas.com\/pt\/wp-content\/uploads\/2022\/08\/Ford-Trucks-lidera-ranking-nacional-de-vei\u0301culos-pesados-em-julho-300x170.jpg 300w, https:\/\/jornaldasoficinas.com\/pt\/wp-content\/uploads\/2022\/08\/Ford-Trucks-lidera-ranking-nacional-de-vei\u0301culos-pesados-em-julho-150x85.jpg 150w, https:\/\/jornaldasoficinas.com\/pt\/wp-content\/uploads\/2022\/08\/Ford-Trucks-lidera-ranking-nacional-de-vei\u0301culos-pesados-em-julho-768x436.jpg 768w\" sizes=\"auto, (max-width: 1024px) 100vw, 1024px\" \/><\/strong><\/p>\n<p><strong>A <a href=\"https:\/\/www.fordtrucks.pt\/\" target=\"_blank\" rel=\"noopener\">Ford Trucks<\/a> alcan\u00e7ou o primeiro lugar do ranking nacional de ve\u00edculos pesados de mercadorias em julho, ao ter matriculado 82 dos 355 ve\u00edculos pesados registados no m\u00eas passado em Portugal<\/strong><\/p>\n<p>Em apenas tr\u00eas anos de presen\u00e7a no mercado nacional, este \u00e9 considerado um \u201cfeito extraordin\u00e1rio, fruto do esfor\u00e7o de toda a equipa, que a todos nos orgulha, mas tamb\u00e9m da confian\u00e7a depositada em n\u00f3s, pelos nossos clientes\u201d, referiu Bruno Oliveira CEO da Ford Trucks em Portugal.<\/p>\n<p>O respons\u00e1vel acrescenta que\u00a0\u201ccontinuamos a contrariar as expectativas do mercado, com um crescimento que queremos sustent\u00e1vel. Acreditamos que temos uma estrat\u00e9gia forte, qualidade na nossa oferta e uma equipa extremamente motivada para estabelecer rela\u00e7\u00f5es fortes com os nossos clientes e que isso nos permitir\u00e1 manter uma opera\u00e7\u00e3o bem sucedida.\u201d<\/p>\n<p>Apesar deste ser considerado um marco importante na hist\u00f3ria da marca, um dos objetivos imediatos \u00e9 atingir as 1000 viaturas vendidas no mercado nacional. \u201cEstamos neste momento nas 707 viaturas, mas cremos que, muito em breve, poderemos celebrar as 1000 e festejar com toda a equipa, clientes e parceiros\u201d, perspetiva Bruno Oliveira.<\/p>\n<p>No \u00e2mbito da sua estrat\u00e9gia nacional, a Ford Trucks continua a apostar na sua rede de assist\u00eancia p\u00f3s-venda com seis oficinais de Norte a Sul do Pa\u00eds e perspetiva-se uma nova abertura em Braga, complementando assim a sua rede.<\/p>\n","protected":false},"excerpt":{"rendered":"<p>A Ford Trucks alcan\u00e7ou o primeiro&#8230;<\/p>\n","protected":false},"author":15,"featured_media":31860,"comment_status":"closed","ping_status":"closed","sticky":false,"template":"","format":"standard","meta":{"footnotes":""},"categories":[29],"tags":[320],"class_list":["post-31874","post","type-post","status-publish","format-standard","has-post-thumbnail","hentry","category-empresas","tag-ford-trucks"],"yoast_head":"<!-- This site is optimized with the Yoast SEO plugin v27.5 - https:\/\/yoast.com\/product\/yoast-seo-wordpress\/ -->\n<title>Ford Trucks lidera ranking nacional de ve\u00edculos pesados - Jornal das Oficinas<\/title>\n<meta name=\"robots\" content=\"index, follow, max-snippet:-1, max-image-preview:large, max-video-preview:-1\" \/>\n<link rel=\"canonical\" href=\"https:\/\/jornaldasoficinas.com\/pt\/ford-trucks-lidera-ranking-nacional-de-veiculos-pesados\/\" \/>\n<meta property=\"og:locale\" content=\"pt_PT\" \/>\n<meta property=\"og:type\" content=\"article\" \/>\n<meta property=\"og:title\" content=\"Ford Trucks lidera ranking nacional de ve\u00edculos pesados - Jornal das Oficinas\" \/>\n<meta property=\"og:description\" content=\"A Ford Trucks alcan\u00e7ou o primeiro...\" \/>\n<meta property=\"og:url\" content=\"https:\/\/jornaldasoficinas.com\/pt\/ford-trucks-lidera-ranking-nacional-de-veiculos-pesados\/\" \/>\n<meta property=\"og:site_name\" content=\"Jornal das Oficinas\" \/>\n<meta property=\"article:publisher\" content=\"https:\/\/www.facebook.com\/jornaloficinas\" \/>\n<meta property=\"article:published_time\" content=\"2022-08-05T09:00:50+00:00\" \/>\n<meta property=\"article:modified_time\" content=\"2023-07-20T15:11:37+00:00\" \/>\n<meta property=\"og:image\" content=\"https:\/\/jornaldasoficinas.com\/pt\/wp-content\/uploads\/2022\/08\/Ford-Trucks-lidera-ranking-nacional-de-vei\u0301culos-pesados-em-julho.jpg\" \/>\n\t<meta property=\"og:image:width\" content=\"1024\" \/>\n\t<meta property=\"og:image:height\" content=\"581\" \/>\n\t<meta property=\"og:image:type\" content=\"image\/jpeg\" \/>\n<meta name=\"author\" content=\"Reda\u00e7\u00e3o JO\" \/>\n<meta name=\"twitter:card\" content=\"summary_large_image\" \/>\n<meta name=\"twitter:creator\" content=\"@jornaloficinas\" \/>\n<meta name=\"twitter:site\" content=\"@jornaloficinas\" \/>\n<meta name=\"twitter:label1\" content=\"Escrito por\" \/>\n\t<meta name=\"twitter:data1\" content=\"Reda\u00e7\u00e3o JO\" \/>\n\t<meta name=\"twitter:label2\" content=\"Tempo estimado de leitura\" \/>\n\t<meta name=\"twitter:data2\" content=\"1 minuto\" \/>\n<script type=\"application\/ld+json\" class=\"yoast-schema-graph\">{\"@context\":\"https:\\\/\\\/schema.org\",\"@graph\":[{\"@type\":\"Article\",\"@id\":\"https:\\\/\\\/jornaldasoficinas.com\\\/pt\\\/ford-trucks-lidera-ranking-nacional-de-veiculos-pesados\\\/#article\",\"isPartOf\":{\"@id\":\"https:\\\/\\\/jornaldasoficinas.com\\\/pt\\\/ford-trucks-lidera-ranking-nacional-de-veiculos-pesados\\\/\"},\"author\":{\"name\":\"Reda\u00e7\u00e3o JO\",\"@id\":\"https:\\\/\\\/jornaldasoficinas.com\\\/pt\\\/#\\\/schema\\\/person\\\/a38eef5de2c41d9e7c9ac10141afddf3\"},\"headline\":\"Ford Trucks lidera ranking nacional de ve\u00edculos pesados\",\"datePublished\":\"2022-08-05T09:00:50+00:00\",\"dateModified\":\"2023-07-20T15:11:37+00:00\",\"mainEntityOfPage\":{\"@id\":\"https:\\\/\\\/jornaldasoficinas.com\\\/pt\\\/ford-trucks-lidera-ranking-nacional-de-veiculos-pesados\\\/\"},\"wordCount\":241,\"publisher\":{\"@id\":\"https:\\\/\\\/jornaldasoficinas.com\\\/pt\\\/#organization\"},\"image\":{\"@id\":\"https:\\\/\\\/jornaldasoficinas.com\\\/pt\\\/ford-trucks-lidera-ranking-nacional-de-veiculos-pesados\\\/#primaryimage\"},\"thumbnailUrl\":\"https:\\\/\\\/jornaldasoficinas.com\\\/pt\\\/wp-content\\\/uploads\\\/2022\\\/08\\\/Ford-Trucks-lidera-ranking-nacional-de-vei\u0301culos-pesados-em-julho.jpg\",\"keywords\":[\"Ford Trucks\"],\"articleSection\":[\"Empresas\"],\"inLanguage\":\"pt-PT\"},{\"@type\":\"WebPage\",\"@id\":\"https:\\\/\\\/jornaldasoficinas.com\\\/pt\\\/ford-trucks-lidera-ranking-nacional-de-veiculos-pesados\\\/\",\"url\":\"https:\\\/\\\/jornaldasoficinas.com\\\/pt\\\/ford-trucks-lidera-ranking-nacional-de-veiculos-pesados\\\/\",\"name\":\"Ford Trucks lidera ranking nacional de ve\u00edculos pesados - Jornal das Oficinas\",\"isPartOf\":{\"@id\":\"https:\\\/\\\/jornaldasoficinas.com\\\/pt\\\/#website\"},\"primaryImageOfPage\":{\"@id\":\"https:\\\/\\\/jornaldasoficinas.com\\\/pt\\\/ford-trucks-lidera-ranking-nacional-de-veiculos-pesados\\\/#primaryimage\"},\"image\":{\"@id\":\"https:\\\/\\\/jornaldasoficinas.com\\\/pt\\\/ford-trucks-lidera-ranking-nacional-de-veiculos-pesados\\\/#primaryimage\"},\"thumbnailUrl\":\"https:\\\/\\\/jornaldasoficinas.com\\\/pt\\\/wp-content\\\/uploads\\\/2022\\\/08\\\/Ford-Trucks-lidera-ranking-nacional-de-vei\u0301culos-pesados-em-julho.jpg\",\"datePublished\":\"2022-08-05T09:00:50+00:00\",\"dateModified\":\"2023-07-20T15:11:37+00:00\",\"breadcrumb\":{\"@id\":\"https:\\\/\\\/jornaldasoficinas.com\\\/pt\\\/ford-trucks-lidera-ranking-nacional-de-veiculos-pesados\\\/#breadcrumb\"},\"inLanguage\":\"pt-PT\",\"potentialAction\":[{\"@type\":\"ReadAction\",\"target\":[\"https:\\\/\\\/jornaldasoficinas.com\\\/pt\\\/ford-trucks-lidera-ranking-nacional-de-veiculos-pesados\\\/\"]}]},{\"@type\":\"ImageObject\",\"inLanguage\":\"pt-PT\",\"@id\":\"https:\\\/\\\/jornaldasoficinas.com\\\/pt\\\/ford-trucks-lidera-ranking-nacional-de-veiculos-pesados\\\/#primaryimage\",\"url\":\"https:\\\/\\\/jornaldasoficinas.com\\\/pt\\\/wp-content\\\/uploads\\\/2022\\\/08\\\/Ford-Trucks-lidera-ranking-nacional-de-vei\u0301culos-pesados-em-julho.jpg\",\"contentUrl\":\"https:\\\/\\\/jornaldasoficinas.com\\\/pt\\\/wp-content\\\/uploads\\\/2022\\\/08\\\/Ford-Trucks-lidera-ranking-nacional-de-vei\u0301culos-pesados-em-julho.jpg\",\"width\":1024,\"height\":581,\"caption\":\"08 - Ford Trucks lidera ranking nacional de vei\u0301culos pesados em julho\"},{\"@type\":\"BreadcrumbList\",\"@id\":\"https:\\\/\\\/jornaldasoficinas.com\\\/pt\\\/ford-trucks-lidera-ranking-nacional-de-veiculos-pesados\\\/#breadcrumb\",\"itemListElement\":[{\"@type\":\"ListItem\",\"position\":1,\"name\":\"In\u00edcio\",\"item\":\"https:\\\/\\\/jornaldasoficinas.com\\\/pt\\\/\"},{\"@type\":\"ListItem\",\"position\":2,\"name\":\"Ford Trucks lidera ranking nacional de ve\u00edculos pesados\"}]},{\"@type\":\"WebSite\",\"@id\":\"https:\\\/\\\/jornaldasoficinas.com\\\/pt\\\/#website\",\"url\":\"https:\\\/\\\/jornaldasoficinas.com\\\/pt\\\/\",\"name\":\"Jornal das Oficinas\",\"description\":\"Jornal independente do Aftermarket Autom\u00f3vel em Portugal\",\"publisher\":{\"@id\":\"https:\\\/\\\/jornaldasoficinas.com\\\/pt\\\/#organization\"},\"potentialAction\":[{\"@type\":\"SearchAction\",\"target\":{\"@type\":\"EntryPoint\",\"urlTemplate\":\"https:\\\/\\\/jornaldasoficinas.com\\\/pt\\\/?s={search_term_string}\"},\"query-input\":{\"@type\":\"PropertyValueSpecification\",\"valueRequired\":true,\"valueName\":\"search_term_string\"}}],\"inLanguage\":\"pt-PT\"},{\"@type\":\"Organization\",\"@id\":\"https:\\\/\\\/jornaldasoficinas.com\\\/pt\\\/#organization\",\"name\":\"Jornal das Oficinas\",\"url\":\"https:\\\/\\\/jornaldasoficinas.com\\\/pt\\\/\",\"logo\":{\"@type\":\"ImageObject\",\"inLanguage\":\"pt-PT\",\"@id\":\"https:\\\/\\\/jornaldasoficinas.com\\\/pt\\\/#\\\/schema\\\/logo\\\/image\\\/\",\"url\":\"https:\\\/\\\/jornaldasoficinas.com\\\/pt\\\/wp-content\\\/uploads\\\/logoJO-SEO.png\",\"contentUrl\":\"https:\\\/\\\/jornaldasoficinas.com\\\/pt\\\/wp-content\\\/uploads\\\/logoJO-SEO.png\",\"width\":285,\"height\":450,\"caption\":\"Jornal das Oficinas\"},\"image\":{\"@id\":\"https:\\\/\\\/jornaldasoficinas.com\\\/pt\\\/#\\\/schema\\\/logo\\\/image\\\/\"},\"sameAs\":[\"https:\\\/\\\/www.facebook.com\\\/jornaloficinas\",\"https:\\\/\\\/x.com\\\/jornaloficinas\",\"https:\\\/\\\/www.instagram.com\\\/jornal_oficinas\\\/\",\"https:\\\/\\\/www.linkedin.com\\\/company\\\/jornal-das-oficinas\\\/\",\"https:\\\/\\\/www.youtube.com\\\/channel\\\/UCbQZBqtcvV-oSQrr7RzINGg\"]},{\"@type\":\"Person\",\"@id\":\"https:\\\/\\\/jornaldasoficinas.com\\\/pt\\\/#\\\/schema\\\/person\\\/a38eef5de2c41d9e7c9ac10141afddf3\",\"name\":\"Reda\u00e7\u00e3o JO\",\"image\":{\"@type\":\"ImageObject\",\"inLanguage\":\"pt-PT\",\"@id\":\"https:\\\/\\\/secure.gravatar.com\\\/avatar\\\/71f2fa71737ad68a84fea94bc708ddac8ea5b0c4788dc2ad202f3ccb2887742f?s=96&d=wp_user_avatar&r=g\",\"url\":\"https:\\\/\\\/secure.gravatar.com\\\/avatar\\\/71f2fa71737ad68a84fea94bc708ddac8ea5b0c4788dc2ad202f3ccb2887742f?s=96&d=wp_user_avatar&r=g\",\"contentUrl\":\"https:\\\/\\\/secure.gravatar.com\\\/avatar\\\/71f2fa71737ad68a84fea94bc708ddac8ea5b0c4788dc2ad202f3ccb2887742f?s=96&d=wp_user_avatar&r=g\",\"caption\":\"Reda\u00e7\u00e3o JO\"},\"url\":\"https:\\\/\\\/jornaldasoficinas.com\\\/pt\\\/author\\\/joredacao\\\/\"}]}<\/script>\n<!-- \/ Yoast SEO plugin. -->","yoast_head_json":{"title":"Ford Trucks lidera ranking nacional de ve\u00edculos pesados - Jornal das Oficinas","robots":{"index":"index","follow":"follow","max-snippet":"max-snippet:-1","max-image-preview":"max-image-preview:large","max-video-preview":"max-video-preview:-1"},"canonical":"https:\/\/jornaldasoficinas.com\/pt\/ford-trucks-lidera-ranking-nacional-de-veiculos-pesados\/","og_locale":"pt_PT","og_type":"article","og_title":"Ford Trucks lidera ranking nacional de ve\u00edculos pesados - Jornal das Oficinas","og_description":"A Ford Trucks alcan\u00e7ou o primeiro...","og_url":"https:\/\/jornaldasoficinas.com\/pt\/ford-trucks-lidera-ranking-nacional-de-veiculos-pesados\/","og_site_name":"Jornal das Oficinas","article_publisher":"https:\/\/www.facebook.com\/jornaloficinas","article_published_time":"2022-08-05T09:00:50+00:00","article_modified_time":"2023-07-20T15:11:37+00:00","og_image":[{"width":1024,"height":581,"url":"https:\/\/jornaldasoficinas.com\/pt\/wp-content\/uploads\/2022\/08\/Ford-Trucks-lidera-ranking-nacional-de-vei\u0301culos-pesados-em-julho.jpg","type":"image\/jpeg"}],"author":"Reda\u00e7\u00e3o JO","twitter_card":"summary_large_image","twitter_creator":"@jornaloficinas","twitter_site":"@jornaloficinas","twitter_misc":{"Escrito por":"Reda\u00e7\u00e3o JO","Tempo estimado de leitura":"1 minuto"},"schema":{"@context":"https:\/\/schema.org","@graph":[{"@type":"Article","@id":"https:\/\/jornaldasoficinas.com\/pt\/ford-trucks-lidera-ranking-nacional-de-veiculos-pesados\/#article","isPartOf":{"@id":"https:\/\/jornaldasoficinas.com\/pt\/ford-trucks-lidera-ranking-nacional-de-veiculos-pesados\/"},"author":{"name":"Reda\u00e7\u00e3o JO","@id":"https:\/\/jornaldasoficinas.com\/pt\/#\/schema\/person\/a38eef5de2c41d9e7c9ac10141afddf3"},"headline":"Ford Trucks lidera ranking nacional de ve\u00edculos pesados","datePublished":"2022-08-05T09:00:50+00:00","dateModified":"2023-07-20T15:11:37+00:00","mainEntityOfPage":{"@id":"https:\/\/jornaldasoficinas.com\/pt\/ford-trucks-lidera-ranking-nacional-de-veiculos-pesados\/"},"wordCount":241,"publisher":{"@id":"https:\/\/jornaldasoficinas.com\/pt\/#organization"},"image":{"@id":"https:\/\/jornaldasoficinas.com\/pt\/ford-trucks-lidera-ranking-nacional-de-veiculos-pesados\/#primaryimage"},"thumbnailUrl":"https:\/\/jornaldasoficinas.com\/pt\/wp-content\/uploads\/2022\/08\/Ford-Trucks-lidera-ranking-nacional-de-vei\u0301culos-pesados-em-julho.jpg","keywords":["Ford Trucks"],"articleSection":["Empresas"],"inLanguage":"pt-PT"},{"@type":"WebPage","@id":"https:\/\/jornaldasoficinas.com\/pt\/ford-trucks-lidera-ranking-nacional-de-veiculos-pesados\/","url":"https:\/\/jornaldasoficinas.com\/pt\/ford-trucks-lidera-ranking-nacional-de-veiculos-pesados\/","name":"Ford Trucks lidera ranking nacional de ve\u00edculos pesados - Jornal das Oficinas","isPartOf":{"@id":"https:\/\/jornaldasoficinas.com\/pt\/#website"},"primaryImageOfPage":{"@id":"https:\/\/jornaldasoficinas.com\/pt\/ford-trucks-lidera-ranking-nacional-de-veiculos-pesados\/#primaryimage"},"image":{"@id":"https:\/\/jornaldasoficinas.com\/pt\/ford-trucks-lidera-ranking-nacional-de-veiculos-pesados\/#primaryimage"},"thumbnailUrl":"https:\/\/jornaldasoficinas.com\/pt\/wp-content\/uploads\/2022\/08\/Ford-Trucks-lidera-ranking-nacional-de-vei\u0301culos-pesados-em-julho.jpg","datePublished":"2022-08-05T09:00:50+00:00","dateModified":"2023-07-20T15:11:37+00:00","breadcrumb":{"@id":"https:\/\/jornaldasoficinas.com\/pt\/ford-trucks-lidera-ranking-nacional-de-veiculos-pesados\/#breadcrumb"},"inLanguage":"pt-PT","potentialAction":[{"@type":"ReadAction","target":["https:\/\/jornaldasoficinas.com\/pt\/ford-trucks-lidera-ranking-nacional-de-veiculos-pesados\/"]}]},{"@type":"ImageObject","inLanguage":"pt-PT","@id":"https:\/\/jornaldasoficinas.com\/pt\/ford-trucks-lidera-ranking-nacional-de-veiculos-pesados\/#primaryimage","url":"https:\/\/jornaldasoficinas.com\/pt\/wp-content\/uploads\/2022\/08\/Ford-Trucks-lidera-ranking-nacional-de-vei\u0301culos-pesados-em-julho.jpg","contentUrl":"https:\/\/jornaldasoficinas.com\/pt\/wp-content\/uploads\/2022\/08\/Ford-Trucks-lidera-ranking-nacional-de-vei\u0301culos-pesados-em-julho.jpg","width":1024,"height":581,"caption":"08 - Ford Trucks lidera ranking nacional de vei\u0301culos pesados em julho"},{"@type":"BreadcrumbList","@id":"https:\/\/jornaldasoficinas.com\/pt\/ford-trucks-lidera-ranking-nacional-de-veiculos-pesados\/#breadcrumb","itemListElement":[{"@type":"ListItem","position":1,"name":"In\u00edcio","item":"https:\/\/jornaldasoficinas.com\/pt\/"},{"@type":"ListItem","position":2,"name":"Ford Trucks lidera ranking nacional de ve\u00edculos pesados"}]},{"@type":"WebSite","@id":"https:\/\/jornaldasoficinas.com\/pt\/#website","url":"https:\/\/jornaldasoficinas.com\/pt\/","name":"Jornal das Oficinas","description":"Jornal independente do Aftermarket Autom\u00f3vel em Portugal","publisher":{"@id":"https:\/\/jornaldasoficinas.com\/pt\/#organization"},"potentialAction":[{"@type":"SearchAction","target":{"@type":"EntryPoint","urlTemplate":"https:\/\/jornaldasoficinas.com\/pt\/?s={search_term_string}"},"query-input":{"@type":"PropertyValueSpecification","valueRequired":true,"valueName":"search_term_string"}}],"inLanguage":"pt-PT"},{"@type":"Organization","@id":"https:\/\/jornaldasoficinas.com\/pt\/#organization","name":"Jornal das Oficinas","url":"https:\/\/jornaldasoficinas.com\/pt\/","logo":{"@type":"ImageObject","inLanguage":"pt-PT","@id":"https:\/\/jornaldasoficinas.com\/pt\/#\/schema\/logo\/image\/","url":"https:\/\/jornaldasoficinas.com\/pt\/wp-content\/uploads\/logoJO-SEO.png","contentUrl":"https:\/\/jornaldasoficinas.com\/pt\/wp-content\/uploads\/logoJO-SEO.png","width":285,"height":450,"caption":"Jornal das Oficinas"},"image":{"@id":"https:\/\/jornaldasoficinas.com\/pt\/#\/schema\/logo\/image\/"},"sameAs":["https:\/\/www.facebook.com\/jornaloficinas","https:\/\/x.com\/jornaloficinas","https:\/\/www.instagram.com\/jornal_oficinas\/","https:\/\/www.linkedin.com\/company\/jornal-das-oficinas\/","https:\/\/www.youtube.com\/channel\/UCbQZBqtcvV-oSQrr7RzINGg"]},{"@type":"Person","@id":"https:\/\/jornaldasoficinas.com\/pt\/#\/schema\/person\/a38eef5de2c41d9e7c9ac10141afddf3","name":"Reda\u00e7\u00e3o JO","image":{"@type":"ImageObject","inLanguage":"pt-PT","@id":"https:\/\/secure.gravatar.com\/avatar\/71f2fa71737ad68a84fea94bc708ddac8ea5b0c4788dc2ad202f3ccb2887742f?s=96&d=wp_user_avatar&r=g","url":"https:\/\/secure.gravatar.com\/avatar\/71f2fa71737ad68a84fea94bc708ddac8ea5b0c4788dc2ad202f3ccb2887742f?s=96&d=wp_user_avatar&r=g","contentUrl":"https:\/\/secure.gravatar.com\/avatar\/71f2fa71737ad68a84fea94bc708ddac8ea5b0c4788dc2ad202f3ccb2887742f?s=96&d=wp_user_avatar&r=g","caption":"Reda\u00e7\u00e3o JO"},"url":"https:\/\/jornaldasoficinas.com\/pt\/author\/joredacao\/"}]}},"_links":{"self":[{"href":"https:\/\/jornaldasoficinas.com\/pt\/wp-json\/wp\/v2\/posts\/31874","targetHints":{"allow":["GET"]}}],"collection":[{"href":"https:\/\/jornaldasoficinas.com\/pt\/wp-json\/wp\/v2\/posts"}],"about":[{"href":"https:\/\/jornaldasoficinas.com\/pt\/wp-json\/wp\/v2\/types\/post"}],"author":[{"embeddable":true,"href":"https:\/\/jornaldasoficinas.com\/pt\/wp-json\/wp\/v2\/users\/15"}],"replies":[{"embeddable":true,"href":"https:\/\/jornaldasoficinas.com\/pt\/wp-json\/wp\/v2\/comments?post=31874"}],"version-history":[{"count":0,"href":"https:\/\/jornaldasoficinas.com\/pt\/wp-json\/wp\/v2\/posts\/31874\/revisions"}],"wp:featuredmedia":[{"embeddable":true,"href":"https:\/\/jornaldasoficinas.com\/pt\/wp-json\/wp\/v2\/media\/31860"}],"wp:attachment":[{"href":"https:\/\/jornaldasoficinas.com\/pt\/wp-json\/wp\/v2\/media?parent=31874"}],"wp:term":[{"taxonomy":"category","embeddable":true,"href":"https:\/\/jornaldasoficinas.com\/pt\/wp-json\/wp\/v2\/categories?post=31874"},{"taxonomy":"post_tag","embeddable":true,"href":"https:\/\/jornaldasoficinas.com\/pt\/wp-json\/wp\/v2\/tags?post=31874"}],"curies":[{"name":"wp","href":"https:\/\/api.w.org\/{rel}","templated":true}]}}