{"id":32155,"date":"2022-08-25T08:00:32","date_gmt":"2022-08-25T07:00:32","guid":{"rendered":"https:\/\/jornaldasoficinas.com\/pt\/?p=32155"},"modified":"2023-07-19T15:45:22","modified_gmt":"2023-07-19T14:45:22","slug":"automechanika-celebra-acordo-com-associacao-especialistas-diesel","status":"publish","type":"post","link":"https:\/\/jornaldasoficinas.com\/pt\/automechanika-celebra-acordo-com-associacao-especialistas-diesel\/","title":{"rendered":"Automechanika celebra acordo com Associa\u00e7\u00e3o Especialistas Diesel"},"content":{"rendered":"<p><img loading=\"lazy\" decoding=\"async\" class=\"alignnone size-full wp-image-32138\" src=\"https:\/\/jornaldasoficinas.com\/pt\/wp-content\/uploads\/2022\/08\/Automechanika-celebra-acordo-com-Associac\u0327a\u0303o-Especialistas-Diesel.jpg\" alt=\"08 - Automechanika celebra acordo com Associac\u0327a\u0303o Especialistas Diesel\" width=\"1024\" height=\"581\" srcset=\"https:\/\/jornaldasoficinas.com\/pt\/wp-content\/uploads\/2022\/08\/Automechanika-celebra-acordo-com-Associac\u0327a\u0303o-Especialistas-Diesel.jpg 1024w, https:\/\/jornaldasoficinas.com\/pt\/wp-content\/uploads\/2022\/08\/Automechanika-celebra-acordo-com-Associac\u0327a\u0303o-Especialistas-Diesel-300x170.jpg 300w, https:\/\/jornaldasoficinas.com\/pt\/wp-content\/uploads\/2022\/08\/Automechanika-celebra-acordo-com-Associac\u0327a\u0303o-Especialistas-Diesel-150x85.jpg 150w, https:\/\/jornaldasoficinas.com\/pt\/wp-content\/uploads\/2022\/08\/Automechanika-celebra-acordo-com-Associac\u0327a\u0303o-Especialistas-Diesel-768x436.jpg 768w\" sizes=\"auto, (max-width: 1024px) 100vw, 1024px\" \/><\/p>\n<p><strong><a href=\"https:\/\/automechanika.messefrankfurt.com\/frankfurt\/en.html\" target=\"_blank\" rel=\"noopener\">Automechanika Frankfurt<\/a> expandiu ainda mais a sua rede internacional de associa\u00e7\u00f5es, entrando numa coopera\u00e7\u00e3o com a Associa\u00e7\u00e3o Americana de Especialistas em Diesel (ADS)<\/strong><\/p>\n<p>&#8220;Estamos encantados por termos ganho um novo parceiro internacional do tradicional mercado de p\u00f3s-venda autom\u00f3vel para o evento deste m\u00eas de Setembro. Isto sublinha ainda mais a import\u00e2ncia da Automechanika Frankfurt como local de encontro internacional da ind\u00fastria, e \u00e9 especialmente importante para n\u00f3s, pois ajuda-nos a alcan\u00e7ar o nosso objetivo de expandir a nossa rede no crescente mercado americano&#8221;, disse Olaf Mu\u00dfhoff, Director da Automechanika Frankfurt.<\/p>\n<p>Com sede nos EUA, a Associa\u00e7\u00e3o Americana de Especialistas em Diesel representa empresas de todo o mundo especializadas na presta\u00e7\u00e3o de servi\u00e7os para sistemas de inje\u00e7\u00e3o na ind\u00fastria diesel. Muitos dos membros da associa\u00e7\u00e3o s\u00e3o expositores na Automechanika Frankfurt, a principal feira internacional para o mercado de p\u00f3s-venda autom\u00f3vel. A associa\u00e7\u00e3o est\u00e1 a tirar partido disto para reunir todos os seus membros no mesmo local ap\u00f3s uma pausa prolongada causada pela pandemia, e para estabelecer novos contactos no mercado europeu.<\/p>\n<p>&#8220;A ADS est\u00e1 entusiasmada com a parceria com a Automechanika&#8221;, declarou Scott D. Parker, CEO da Associa\u00e7\u00e3o de Especialistas em Diesel. &#8220;Ao trabalhar em conjunto com a Automechanika, a ADS ser\u00e1 capaz de proporcionar aos nossos muitos membros internacionais uma oportunidade \u00fanica de networking em Frankfurt. Esta \u00e9 uma situa\u00e7\u00e3o vantajosa para a ADS, para os nossos membros e para a Automechanika&#8221;. No dia 15 de Setembro de 2022, das 17 \u00e0s 19 horas, a associa\u00e7\u00e3o realizar\u00e1 uma rece\u00e7\u00e3o para todos os seus membros sob o lema &#8220;ADS Get Re-Acquainted&#8221;. Com a inscri\u00e7\u00e3o pr\u00e9via, os interessados poder\u00e3o saber mais sobre a associa\u00e7\u00e3o e a sua miss\u00e3o.<\/p>\n<p>A Associa\u00e7\u00e3o de Especialistas em Diesel (ADS) \u00e9 a associa\u00e7\u00e3o comercial l\u00edder mundial na ind\u00fastria do diesel e tem um enfoque particular no servi\u00e7o para sistemas de inje\u00e7\u00e3o de combust\u00edvel. Os membros da associa\u00e7\u00e3o s\u00e3o oficinas independentes especializadas na inje\u00e7\u00e3o de combust\u00edvel diesel e servi\u00e7o de turbos, bem como escolas que oferecem programas de forma\u00e7\u00e3o para mec\u00e2nicos diesel. Os membros incluem tamb\u00e9m fabricantes de equipamento original (OEM), bem como os fabricantes e retalhistas de pe\u00e7as de substitui\u00e7\u00e3o e outro equipamento relacionado.<\/p>\n","protected":false},"excerpt":{"rendered":"<p>Automechanika Frankfurt expandiu ainda mais a&#8230;<\/p>\n","protected":false},"author":15,"featured_media":32138,"comment_status":"closed","ping_status":"closed","sticky":false,"template":"","format":"standard","meta":{"footnotes":""},"categories":[29],"tags":[1758],"class_list":["post-32155","post","type-post","status-publish","format-standard","has-post-thumbnail","hentry","category-empresas","tag-automechanika"],"yoast_head":"<!-- This site is optimized with the Yoast SEO plugin v27.5 - https:\/\/yoast.com\/product\/yoast-seo-wordpress\/ -->\n<title>Automechanika celebra acordo com Associa\u00e7\u00e3o Especialistas Diesel - Jornal das Oficinas<\/title>\n<meta name=\"robots\" content=\"index, follow, max-snippet:-1, max-image-preview:large, max-video-preview:-1\" \/>\n<link rel=\"canonical\" href=\"https:\/\/jornaldasoficinas.com\/pt\/automechanika-celebra-acordo-com-associacao-especialistas-diesel\/\" \/>\n<meta property=\"og:locale\" content=\"pt_PT\" \/>\n<meta property=\"og:type\" content=\"article\" \/>\n<meta property=\"og:title\" content=\"Automechanika celebra acordo com Associa\u00e7\u00e3o Especialistas Diesel - Jornal das Oficinas\" \/>\n<meta property=\"og:description\" content=\"Automechanika Frankfurt expandiu ainda mais a...\" \/>\n<meta property=\"og:url\" content=\"https:\/\/jornaldasoficinas.com\/pt\/automechanika-celebra-acordo-com-associacao-especialistas-diesel\/\" \/>\n<meta property=\"og:site_name\" content=\"Jornal das Oficinas\" \/>\n<meta property=\"article:publisher\" content=\"https:\/\/www.facebook.com\/jornaloficinas\" \/>\n<meta property=\"article:published_time\" content=\"2022-08-25T07:00:32+00:00\" \/>\n<meta property=\"article:modified_time\" content=\"2023-07-19T14:45:22+00:00\" \/>\n<meta property=\"og:image\" content=\"https:\/\/jornaldasoficinas.com\/pt\/wp-content\/uploads\/2022\/08\/Automechanika-celebra-acordo-com-Associac\u0327a\u0303o-Especialistas-Diesel.jpg\" \/>\n\t<meta property=\"og:image:width\" content=\"1024\" \/>\n\t<meta property=\"og:image:height\" content=\"581\" \/>\n\t<meta property=\"og:image:type\" content=\"image\/jpeg\" \/>\n<meta name=\"author\" content=\"Reda\u00e7\u00e3o JO\" \/>\n<meta name=\"twitter:card\" content=\"summary_large_image\" \/>\n<meta name=\"twitter:creator\" content=\"@jornaloficinas\" \/>\n<meta name=\"twitter:site\" content=\"@jornaloficinas\" \/>\n<meta name=\"twitter:label1\" content=\"Escrito por\" \/>\n\t<meta name=\"twitter:data1\" content=\"Reda\u00e7\u00e3o JO\" \/>\n\t<meta name=\"twitter:label2\" content=\"Tempo estimado de leitura\" \/>\n\t<meta name=\"twitter:data2\" content=\"2 minutos\" \/>\n<script type=\"application\/ld+json\" class=\"yoast-schema-graph\">{\"@context\":\"https:\\\/\\\/schema.org\",\"@graph\":[{\"@type\":\"Article\",\"@id\":\"https:\\\/\\\/jornaldasoficinas.com\\\/pt\\\/automechanika-celebra-acordo-com-associacao-especialistas-diesel\\\/#article\",\"isPartOf\":{\"@id\":\"https:\\\/\\\/jornaldasoficinas.com\\\/pt\\\/automechanika-celebra-acordo-com-associacao-especialistas-diesel\\\/\"},\"author\":{\"name\":\"Reda\u00e7\u00e3o JO\",\"@id\":\"https:\\\/\\\/jornaldasoficinas.com\\\/pt\\\/#\\\/schema\\\/person\\\/a38eef5de2c41d9e7c9ac10141afddf3\"},\"headline\":\"Automechanika celebra acordo com Associa\u00e7\u00e3o Especialistas Diesel\",\"datePublished\":\"2022-08-25T07:00:32+00:00\",\"dateModified\":\"2023-07-19T14:45:22+00:00\",\"mainEntityOfPage\":{\"@id\":\"https:\\\/\\\/jornaldasoficinas.com\\\/pt\\\/automechanika-celebra-acordo-com-associacao-especialistas-diesel\\\/\"},\"wordCount\":406,\"publisher\":{\"@id\":\"https:\\\/\\\/jornaldasoficinas.com\\\/pt\\\/#organization\"},\"image\":{\"@id\":\"https:\\\/\\\/jornaldasoficinas.com\\\/pt\\\/automechanika-celebra-acordo-com-associacao-especialistas-diesel\\\/#primaryimage\"},\"thumbnailUrl\":\"https:\\\/\\\/jornaldasoficinas.com\\\/pt\\\/wp-content\\\/uploads\\\/2022\\\/08\\\/Automechanika-celebra-acordo-com-Associac\u0327a\u0303o-Especialistas-Diesel.jpg\",\"keywords\":[\"Automechanika\"],\"articleSection\":[\"Empresas\"],\"inLanguage\":\"pt-PT\"},{\"@type\":\"WebPage\",\"@id\":\"https:\\\/\\\/jornaldasoficinas.com\\\/pt\\\/automechanika-celebra-acordo-com-associacao-especialistas-diesel\\\/\",\"url\":\"https:\\\/\\\/jornaldasoficinas.com\\\/pt\\\/automechanika-celebra-acordo-com-associacao-especialistas-diesel\\\/\",\"name\":\"Automechanika celebra acordo com Associa\u00e7\u00e3o Especialistas Diesel - Jornal das Oficinas\",\"isPartOf\":{\"@id\":\"https:\\\/\\\/jornaldasoficinas.com\\\/pt\\\/#website\"},\"primaryImageOfPage\":{\"@id\":\"https:\\\/\\\/jornaldasoficinas.com\\\/pt\\\/automechanika-celebra-acordo-com-associacao-especialistas-diesel\\\/#primaryimage\"},\"image\":{\"@id\":\"https:\\\/\\\/jornaldasoficinas.com\\\/pt\\\/automechanika-celebra-acordo-com-associacao-especialistas-diesel\\\/#primaryimage\"},\"thumbnailUrl\":\"https:\\\/\\\/jornaldasoficinas.com\\\/pt\\\/wp-content\\\/uploads\\\/2022\\\/08\\\/Automechanika-celebra-acordo-com-Associac\u0327a\u0303o-Especialistas-Diesel.jpg\",\"datePublished\":\"2022-08-25T07:00:32+00:00\",\"dateModified\":\"2023-07-19T14:45:22+00:00\",\"breadcrumb\":{\"@id\":\"https:\\\/\\\/jornaldasoficinas.com\\\/pt\\\/automechanika-celebra-acordo-com-associacao-especialistas-diesel\\\/#breadcrumb\"},\"inLanguage\":\"pt-PT\",\"potentialAction\":[{\"@type\":\"ReadAction\",\"target\":[\"https:\\\/\\\/jornaldasoficinas.com\\\/pt\\\/automechanika-celebra-acordo-com-associacao-especialistas-diesel\\\/\"]}]},{\"@type\":\"ImageObject\",\"inLanguage\":\"pt-PT\",\"@id\":\"https:\\\/\\\/jornaldasoficinas.com\\\/pt\\\/automechanika-celebra-acordo-com-associacao-especialistas-diesel\\\/#primaryimage\",\"url\":\"https:\\\/\\\/jornaldasoficinas.com\\\/pt\\\/wp-content\\\/uploads\\\/2022\\\/08\\\/Automechanika-celebra-acordo-com-Associac\u0327a\u0303o-Especialistas-Diesel.jpg\",\"contentUrl\":\"https:\\\/\\\/jornaldasoficinas.com\\\/pt\\\/wp-content\\\/uploads\\\/2022\\\/08\\\/Automechanika-celebra-acordo-com-Associac\u0327a\u0303o-Especialistas-Diesel.jpg\",\"width\":1024,\"height\":581,\"caption\":\"08 - Automechanika celebra acordo com Associac\u0327a\u0303o Especialistas Diesel\"},{\"@type\":\"BreadcrumbList\",\"@id\":\"https:\\\/\\\/jornaldasoficinas.com\\\/pt\\\/automechanika-celebra-acordo-com-associacao-especialistas-diesel\\\/#breadcrumb\",\"itemListElement\":[{\"@type\":\"ListItem\",\"position\":1,\"name\":\"In\u00edcio\",\"item\":\"https:\\\/\\\/jornaldasoficinas.com\\\/pt\\\/\"},{\"@type\":\"ListItem\",\"position\":2,\"name\":\"Automechanika celebra acordo com Associa\u00e7\u00e3o Especialistas Diesel\"}]},{\"@type\":\"WebSite\",\"@id\":\"https:\\\/\\\/jornaldasoficinas.com\\\/pt\\\/#website\",\"url\":\"https:\\\/\\\/jornaldasoficinas.com\\\/pt\\\/\",\"name\":\"Jornal das Oficinas\",\"description\":\"Jornal independente do Aftermarket Autom\u00f3vel em Portugal\",\"publisher\":{\"@id\":\"https:\\\/\\\/jornaldasoficinas.com\\\/pt\\\/#organization\"},\"potentialAction\":[{\"@type\":\"SearchAction\",\"target\":{\"@type\":\"EntryPoint\",\"urlTemplate\":\"https:\\\/\\\/jornaldasoficinas.com\\\/pt\\\/?s={search_term_string}\"},\"query-input\":{\"@type\":\"PropertyValueSpecification\",\"valueRequired\":true,\"valueName\":\"search_term_string\"}}],\"inLanguage\":\"pt-PT\"},{\"@type\":\"Organization\",\"@id\":\"https:\\\/\\\/jornaldasoficinas.com\\\/pt\\\/#organization\",\"name\":\"Jornal das Oficinas\",\"url\":\"https:\\\/\\\/jornaldasoficinas.com\\\/pt\\\/\",\"logo\":{\"@type\":\"ImageObject\",\"inLanguage\":\"pt-PT\",\"@id\":\"https:\\\/\\\/jornaldasoficinas.com\\\/pt\\\/#\\\/schema\\\/logo\\\/image\\\/\",\"url\":\"https:\\\/\\\/jornaldasoficinas.com\\\/pt\\\/wp-content\\\/uploads\\\/logoJO-SEO.png\",\"contentUrl\":\"https:\\\/\\\/jornaldasoficinas.com\\\/pt\\\/wp-content\\\/uploads\\\/logoJO-SEO.png\",\"width\":285,\"height\":450,\"caption\":\"Jornal das Oficinas\"},\"image\":{\"@id\":\"https:\\\/\\\/jornaldasoficinas.com\\\/pt\\\/#\\\/schema\\\/logo\\\/image\\\/\"},\"sameAs\":[\"https:\\\/\\\/www.facebook.com\\\/jornaloficinas\",\"https:\\\/\\\/x.com\\\/jornaloficinas\",\"https:\\\/\\\/www.instagram.com\\\/jornal_oficinas\\\/\",\"https:\\\/\\\/www.linkedin.com\\\/company\\\/jornal-das-oficinas\\\/\",\"https:\\\/\\\/www.youtube.com\\\/channel\\\/UCbQZBqtcvV-oSQrr7RzINGg\"]},{\"@type\":\"Person\",\"@id\":\"https:\\\/\\\/jornaldasoficinas.com\\\/pt\\\/#\\\/schema\\\/person\\\/a38eef5de2c41d9e7c9ac10141afddf3\",\"name\":\"Reda\u00e7\u00e3o JO\",\"image\":{\"@type\":\"ImageObject\",\"inLanguage\":\"pt-PT\",\"@id\":\"https:\\\/\\\/secure.gravatar.com\\\/avatar\\\/71f2fa71737ad68a84fea94bc708ddac8ea5b0c4788dc2ad202f3ccb2887742f?s=96&d=wp_user_avatar&r=g\",\"url\":\"https:\\\/\\\/secure.gravatar.com\\\/avatar\\\/71f2fa71737ad68a84fea94bc708ddac8ea5b0c4788dc2ad202f3ccb2887742f?s=96&d=wp_user_avatar&r=g\",\"contentUrl\":\"https:\\\/\\\/secure.gravatar.com\\\/avatar\\\/71f2fa71737ad68a84fea94bc708ddac8ea5b0c4788dc2ad202f3ccb2887742f?s=96&d=wp_user_avatar&r=g\",\"caption\":\"Reda\u00e7\u00e3o JO\"},\"url\":\"https:\\\/\\\/jornaldasoficinas.com\\\/pt\\\/author\\\/joredacao\\\/\"}]}<\/script>\n<!-- \/ Yoast SEO plugin. -->","yoast_head_json":{"title":"Automechanika celebra acordo com Associa\u00e7\u00e3o Especialistas Diesel - Jornal das Oficinas","robots":{"index":"index","follow":"follow","max-snippet":"max-snippet:-1","max-image-preview":"max-image-preview:large","max-video-preview":"max-video-preview:-1"},"canonical":"https:\/\/jornaldasoficinas.com\/pt\/automechanika-celebra-acordo-com-associacao-especialistas-diesel\/","og_locale":"pt_PT","og_type":"article","og_title":"Automechanika celebra acordo com Associa\u00e7\u00e3o Especialistas Diesel - Jornal das Oficinas","og_description":"Automechanika Frankfurt expandiu ainda mais a...","og_url":"https:\/\/jornaldasoficinas.com\/pt\/automechanika-celebra-acordo-com-associacao-especialistas-diesel\/","og_site_name":"Jornal das Oficinas","article_publisher":"https:\/\/www.facebook.com\/jornaloficinas","article_published_time":"2022-08-25T07:00:32+00:00","article_modified_time":"2023-07-19T14:45:22+00:00","og_image":[{"width":1024,"height":581,"url":"https:\/\/jornaldasoficinas.com\/pt\/wp-content\/uploads\/2022\/08\/Automechanika-celebra-acordo-com-Associac\u0327a\u0303o-Especialistas-Diesel.jpg","type":"image\/jpeg"}],"author":"Reda\u00e7\u00e3o JO","twitter_card":"summary_large_image","twitter_creator":"@jornaloficinas","twitter_site":"@jornaloficinas","twitter_misc":{"Escrito por":"Reda\u00e7\u00e3o JO","Tempo estimado de leitura":"2 minutos"},"schema":{"@context":"https:\/\/schema.org","@graph":[{"@type":"Article","@id":"https:\/\/jornaldasoficinas.com\/pt\/automechanika-celebra-acordo-com-associacao-especialistas-diesel\/#article","isPartOf":{"@id":"https:\/\/jornaldasoficinas.com\/pt\/automechanika-celebra-acordo-com-associacao-especialistas-diesel\/"},"author":{"name":"Reda\u00e7\u00e3o JO","@id":"https:\/\/jornaldasoficinas.com\/pt\/#\/schema\/person\/a38eef5de2c41d9e7c9ac10141afddf3"},"headline":"Automechanika celebra acordo com Associa\u00e7\u00e3o Especialistas Diesel","datePublished":"2022-08-25T07:00:32+00:00","dateModified":"2023-07-19T14:45:22+00:00","mainEntityOfPage":{"@id":"https:\/\/jornaldasoficinas.com\/pt\/automechanika-celebra-acordo-com-associacao-especialistas-diesel\/"},"wordCount":406,"publisher":{"@id":"https:\/\/jornaldasoficinas.com\/pt\/#organization"},"image":{"@id":"https:\/\/jornaldasoficinas.com\/pt\/automechanika-celebra-acordo-com-associacao-especialistas-diesel\/#primaryimage"},"thumbnailUrl":"https:\/\/jornaldasoficinas.com\/pt\/wp-content\/uploads\/2022\/08\/Automechanika-celebra-acordo-com-Associac\u0327a\u0303o-Especialistas-Diesel.jpg","keywords":["Automechanika"],"articleSection":["Empresas"],"inLanguage":"pt-PT"},{"@type":"WebPage","@id":"https:\/\/jornaldasoficinas.com\/pt\/automechanika-celebra-acordo-com-associacao-especialistas-diesel\/","url":"https:\/\/jornaldasoficinas.com\/pt\/automechanika-celebra-acordo-com-associacao-especialistas-diesel\/","name":"Automechanika celebra acordo com Associa\u00e7\u00e3o Especialistas Diesel - Jornal das Oficinas","isPartOf":{"@id":"https:\/\/jornaldasoficinas.com\/pt\/#website"},"primaryImageOfPage":{"@id":"https:\/\/jornaldasoficinas.com\/pt\/automechanika-celebra-acordo-com-associacao-especialistas-diesel\/#primaryimage"},"image":{"@id":"https:\/\/jornaldasoficinas.com\/pt\/automechanika-celebra-acordo-com-associacao-especialistas-diesel\/#primaryimage"},"thumbnailUrl":"https:\/\/jornaldasoficinas.com\/pt\/wp-content\/uploads\/2022\/08\/Automechanika-celebra-acordo-com-Associac\u0327a\u0303o-Especialistas-Diesel.jpg","datePublished":"2022-08-25T07:00:32+00:00","dateModified":"2023-07-19T14:45:22+00:00","breadcrumb":{"@id":"https:\/\/jornaldasoficinas.com\/pt\/automechanika-celebra-acordo-com-associacao-especialistas-diesel\/#breadcrumb"},"inLanguage":"pt-PT","potentialAction":[{"@type":"ReadAction","target":["https:\/\/jornaldasoficinas.com\/pt\/automechanika-celebra-acordo-com-associacao-especialistas-diesel\/"]}]},{"@type":"ImageObject","inLanguage":"pt-PT","@id":"https:\/\/jornaldasoficinas.com\/pt\/automechanika-celebra-acordo-com-associacao-especialistas-diesel\/#primaryimage","url":"https:\/\/jornaldasoficinas.com\/pt\/wp-content\/uploads\/2022\/08\/Automechanika-celebra-acordo-com-Associac\u0327a\u0303o-Especialistas-Diesel.jpg","contentUrl":"https:\/\/jornaldasoficinas.com\/pt\/wp-content\/uploads\/2022\/08\/Automechanika-celebra-acordo-com-Associac\u0327a\u0303o-Especialistas-Diesel.jpg","width":1024,"height":581,"caption":"08 - Automechanika celebra acordo com Associac\u0327a\u0303o Especialistas Diesel"},{"@type":"BreadcrumbList","@id":"https:\/\/jornaldasoficinas.com\/pt\/automechanika-celebra-acordo-com-associacao-especialistas-diesel\/#breadcrumb","itemListElement":[{"@type":"ListItem","position":1,"name":"In\u00edcio","item":"https:\/\/jornaldasoficinas.com\/pt\/"},{"@type":"ListItem","position":2,"name":"Automechanika celebra acordo com Associa\u00e7\u00e3o Especialistas Diesel"}]},{"@type":"WebSite","@id":"https:\/\/jornaldasoficinas.com\/pt\/#website","url":"https:\/\/jornaldasoficinas.com\/pt\/","name":"Jornal das Oficinas","description":"Jornal independente do Aftermarket Autom\u00f3vel em Portugal","publisher":{"@id":"https:\/\/jornaldasoficinas.com\/pt\/#organization"},"potentialAction":[{"@type":"SearchAction","target":{"@type":"EntryPoint","urlTemplate":"https:\/\/jornaldasoficinas.com\/pt\/?s={search_term_string}"},"query-input":{"@type":"PropertyValueSpecification","valueRequired":true,"valueName":"search_term_string"}}],"inLanguage":"pt-PT"},{"@type":"Organization","@id":"https:\/\/jornaldasoficinas.com\/pt\/#organization","name":"Jornal das Oficinas","url":"https:\/\/jornaldasoficinas.com\/pt\/","logo":{"@type":"ImageObject","inLanguage":"pt-PT","@id":"https:\/\/jornaldasoficinas.com\/pt\/#\/schema\/logo\/image\/","url":"https:\/\/jornaldasoficinas.com\/pt\/wp-content\/uploads\/logoJO-SEO.png","contentUrl":"https:\/\/jornaldasoficinas.com\/pt\/wp-content\/uploads\/logoJO-SEO.png","width":285,"height":450,"caption":"Jornal das Oficinas"},"image":{"@id":"https:\/\/jornaldasoficinas.com\/pt\/#\/schema\/logo\/image\/"},"sameAs":["https:\/\/www.facebook.com\/jornaloficinas","https:\/\/x.com\/jornaloficinas","https:\/\/www.instagram.com\/jornal_oficinas\/","https:\/\/www.linkedin.com\/company\/jornal-das-oficinas\/","https:\/\/www.youtube.com\/channel\/UCbQZBqtcvV-oSQrr7RzINGg"]},{"@type":"Person","@id":"https:\/\/jornaldasoficinas.com\/pt\/#\/schema\/person\/a38eef5de2c41d9e7c9ac10141afddf3","name":"Reda\u00e7\u00e3o JO","image":{"@type":"ImageObject","inLanguage":"pt-PT","@id":"https:\/\/secure.gravatar.com\/avatar\/71f2fa71737ad68a84fea94bc708ddac8ea5b0c4788dc2ad202f3ccb2887742f?s=96&d=wp_user_avatar&r=g","url":"https:\/\/secure.gravatar.com\/avatar\/71f2fa71737ad68a84fea94bc708ddac8ea5b0c4788dc2ad202f3ccb2887742f?s=96&d=wp_user_avatar&r=g","contentUrl":"https:\/\/secure.gravatar.com\/avatar\/71f2fa71737ad68a84fea94bc708ddac8ea5b0c4788dc2ad202f3ccb2887742f?s=96&d=wp_user_avatar&r=g","caption":"Reda\u00e7\u00e3o JO"},"url":"https:\/\/jornaldasoficinas.com\/pt\/author\/joredacao\/"}]}},"_links":{"self":[{"href":"https:\/\/jornaldasoficinas.com\/pt\/wp-json\/wp\/v2\/posts\/32155","targetHints":{"allow":["GET"]}}],"collection":[{"href":"https:\/\/jornaldasoficinas.com\/pt\/wp-json\/wp\/v2\/posts"}],"about":[{"href":"https:\/\/jornaldasoficinas.com\/pt\/wp-json\/wp\/v2\/types\/post"}],"author":[{"embeddable":true,"href":"https:\/\/jornaldasoficinas.com\/pt\/wp-json\/wp\/v2\/users\/15"}],"replies":[{"embeddable":true,"href":"https:\/\/jornaldasoficinas.com\/pt\/wp-json\/wp\/v2\/comments?post=32155"}],"version-history":[{"count":0,"href":"https:\/\/jornaldasoficinas.com\/pt\/wp-json\/wp\/v2\/posts\/32155\/revisions"}],"wp:featuredmedia":[{"embeddable":true,"href":"https:\/\/jornaldasoficinas.com\/pt\/wp-json\/wp\/v2\/media\/32138"}],"wp:attachment":[{"href":"https:\/\/jornaldasoficinas.com\/pt\/wp-json\/wp\/v2\/media?parent=32155"}],"wp:term":[{"taxonomy":"category","embeddable":true,"href":"https:\/\/jornaldasoficinas.com\/pt\/wp-json\/wp\/v2\/categories?post=32155"},{"taxonomy":"post_tag","embeddable":true,"href":"https:\/\/jornaldasoficinas.com\/pt\/wp-json\/wp\/v2\/tags?post=32155"}],"curies":[{"name":"wp","href":"https:\/\/api.w.org\/{rel}","templated":true}]}}