{"id":32273,"date":"2022-08-31T20:00:05","date_gmt":"2022-08-31T19:00:05","guid":{"rendered":"https:\/\/jornaldasoficinas.com\/pt\/?p=32273"},"modified":"2022-08-31T09:29:43","modified_gmt":"2022-08-31T08:29:43","slug":"os-segredos-da-conducao-autonoma","status":"publish","type":"post","link":"https:\/\/jornaldasoficinas.com\/pt\/os-segredos-da-conducao-autonoma\/","title":{"rendered":"Os segredos da condu\u00e7\u00e3o aut\u00f3noma"},"content":{"rendered":"<p><img loading=\"lazy\" decoding=\"async\" class=\"alignnone size-full wp-image-32274\" src=\"https:\/\/jornaldasoficinas.com\/pt\/wp-content\/uploads\/2022\/08\/conducao_autonoma_jornal_das_oficinas.jpg\" alt=\"08 - conducao_autonoma_jornal_das_oficinas\" width=\"1024\" height=\"581\" srcset=\"https:\/\/jornaldasoficinas.com\/pt\/wp-content\/uploads\/2022\/08\/conducao_autonoma_jornal_das_oficinas.jpg 1024w, https:\/\/jornaldasoficinas.com\/pt\/wp-content\/uploads\/2022\/08\/conducao_autonoma_jornal_das_oficinas-300x170.jpg 300w, https:\/\/jornaldasoficinas.com\/pt\/wp-content\/uploads\/2022\/08\/conducao_autonoma_jornal_das_oficinas-150x85.jpg 150w, https:\/\/jornaldasoficinas.com\/pt\/wp-content\/uploads\/2022\/08\/conducao_autonoma_jornal_das_oficinas-768x436.jpg 768w\" sizes=\"auto, (max-width: 1024px) 100vw, 1024px\" \/><\/p>\n<p><strong>A conetividade permite que os ve\u00edculos sejam aut\u00f3nomos em qualquer situa\u00e7\u00e3o. Isso tornar\u00e1 as nossas viagens mais seguras, mais r\u00e1pidas, mais eficientes do ponto de vista energ\u00e9tico e ainda mais agrad\u00e1veis. Mas at\u00e9 que ponto \u00e9 realista esta previs\u00e3o de mobilidade futura? E qual \u00e9 a probabilidade de ser realidade em poucas d\u00e9cadas?<\/strong><\/p>\n<p>Toda a ind\u00fastria, desde os fabricantes de autom\u00f3veis, os seus fornecedores e prestadores de servi\u00e7os, at\u00e9 \u00e0s universidades t\u00e9cnicas e estudiosos do comportamento humano, est\u00e3o a trabalhar arduamente para conseguir um alinhamento perfeito entre as funcionalidades dos Sistemas Avan\u00e7ados de Assist\u00eancia \u00e0 Condu\u00e7\u00e3o (ADAS), os condutores e o entorno (infraestrutura) em que se desenvolvem.<\/p>\n<p>Um alinhamento que permitir\u00e1 que os ve\u00edculos circulem de forma totalmente aut\u00f3noma, ou seja, sem depender do condutor, cujo papel mudar\u00e1 de \u201cconduzir para controlar\u201d. Um alinhamento que requer vis\u00e3o, tempo, paci\u00eancia e bom planeamento de todas as etapas at\u00e9 chegar \u00e0 implementa\u00e7\u00e3o de uma condu\u00e7\u00e3o completamente aut\u00f3noma.<\/p>\n<p><strong>Abordagem triangular<br \/>\n<\/strong>Para aumentar os benef\u00edcios para a seguran\u00e7a rodovi\u00e1ria de ADAS, \u00e9 necess\u00e1ria uma aproxima\u00e7\u00e3o ou abordagem triangular que integre \u201ccondutor &#8211; ve\u00edculo &#8211; infraestrutura\u201d. O projeto de pesquisa, solicitado em 2020 pela Federa\u00e7\u00e3o Internacional do Autom\u00f3vel (FIA) e desenvolvido por um cons\u00f3rcio integrado pela consultoria Royal HaskoningDHV, TNO e a Universidade HAN de Ci\u00eancias Aplicadas, proporcionou dicas muito importantes sobre melhorias necess\u00e1rias em cada um dos lados do tri\u00e2ngulo<\/p>\n<p>\u201cCondutor \u2013 ve\u00edculo \u2013 infraestrutura\u201d. A pesquisa foi realizada com base numa sele\u00e7\u00e3o de seis ADAS e os seus resultados foram traduzidos em recomenda\u00e7\u00f5es a n\u00edvel regulamentar.<\/p>\n<p><strong>Da condu\u00e7\u00e3o convencional \u00e0<\/strong><strong> condu\u00e7\u00e3o aut\u00f3noma<br \/>\n<\/strong>Enquanto a aten\u00e7\u00e3o se concentra no n\u00edvel mais elevado de automatiza\u00e7\u00e3o (ve\u00edculos da categoria SAE 5), uma realidade da mobilidade parcialmente aut\u00f3noma est\u00e1 a tornar-se cada vez mais presente, o que exige que os condutores aprendam a adaptar-se a ela e a utiliz\u00e1-la com seguran\u00e7a. Por\u00e9m, quanta aten\u00e7\u00e3o est\u00e1 a ser dada a esta fase de transi\u00e7\u00e3o desde a condu\u00e7\u00e3o convencional at\u00e9 a condu\u00e7\u00e3o completamente autom\u00e1tica?<\/p>\n<p>Enquanto aguardamos a evolu\u00e7\u00e3o at\u00e9 \u00e0 implanta\u00e7\u00e3o da automatiza\u00e7\u00e3o plena, precisamos de garantir que os diferentes n\u00edveis de automatiza\u00e7\u00e3o parcial (SAE 1 a 3) mantenham a seguran\u00e7a e contribuam para alcan\u00e7ar os objetivos e perspetivas estabelecidos, por exemplo \u201cVis\u00e3o Zero\u201d e \u201cSeguran\u00e7a Sustent\u00e1vel\u201d. Segundo o Regulamento (UE) 2019\/2144, muito em breve todos os novos modelos de autom\u00f3veis ser\u00e3o equipados com uma variedade de ADAS, cujo principal objetivo \u00e9 ajudar os condutores a conduzir com seguran\u00e7a.<\/p>\n<p>At\u00e9 que ponto a seguran\u00e7a ir\u00e1 melhorar em cada n\u00edvel depende de muitas condi\u00e7\u00f5es que devem ser cumpridas para realizar todo o potencial da assist\u00eancia ao condutor. S\u00e3o: a otimiza\u00e7\u00e3o t\u00e9cnica das funcionalidades dos ADAS, maior conhecimento por parte dos condutores, assim como infraestruturas preparadas para proporcionar apoio \u00e0 seguran\u00e7a e conforto que fornecem as funcionalidades destes sistemas.<\/p>\n","protected":false},"excerpt":{"rendered":"<p>A conetividade permite que os ve\u00edculos&#8230;<\/p>\n","protected":false},"author":15,"featured_media":32274,"comment_status":"closed","ping_status":"closed","sticky":false,"template":"","format":"standard","meta":{"footnotes":""},"categories":[37],"tags":[],"class_list":["post-32273","post","type-post","status-publish","format-standard","has-post-thumbnail","hentry","category-mercado"],"yoast_head":"<!-- This site is optimized with the Yoast SEO plugin v27.4 - https:\/\/yoast.com\/product\/yoast-seo-wordpress\/ -->\n<title>Os segredos da condu\u00e7\u00e3o aut\u00f3noma - Jornal das Oficinas<\/title>\n<meta name=\"robots\" content=\"index, follow, max-snippet:-1, max-image-preview:large, max-video-preview:-1\" \/>\n<link rel=\"canonical\" href=\"https:\/\/jornaldasoficinas.com\/pt\/os-segredos-da-conducao-autonoma\/\" \/>\n<meta property=\"og:locale\" content=\"pt_PT\" \/>\n<meta property=\"og:type\" content=\"article\" \/>\n<meta property=\"og:title\" content=\"Os segredos da condu\u00e7\u00e3o aut\u00f3noma - Jornal das Oficinas\" \/>\n<meta property=\"og:description\" content=\"A conetividade permite que os ve\u00edculos...\" \/>\n<meta property=\"og:url\" content=\"https:\/\/jornaldasoficinas.com\/pt\/os-segredos-da-conducao-autonoma\/\" \/>\n<meta property=\"og:site_name\" content=\"Jornal das Oficinas\" \/>\n<meta property=\"article:publisher\" content=\"https:\/\/www.facebook.com\/jornaloficinas\" \/>\n<meta property=\"article:published_time\" content=\"2022-08-31T19:00:05+00:00\" \/>\n<meta property=\"og:image\" content=\"https:\/\/jornaldasoficinas.com\/pt\/wp-content\/uploads\/2022\/08\/conducao_autonoma_jornal_das_oficinas.jpg\" \/>\n\t<meta property=\"og:image:width\" content=\"1024\" \/>\n\t<meta property=\"og:image:height\" content=\"581\" \/>\n\t<meta property=\"og:image:type\" content=\"image\/jpeg\" \/>\n<meta name=\"author\" content=\"Reda\u00e7\u00e3o JO\" \/>\n<meta name=\"twitter:card\" content=\"summary_large_image\" \/>\n<meta name=\"twitter:creator\" content=\"@jornaloficinas\" \/>\n<meta name=\"twitter:site\" content=\"@jornaloficinas\" \/>\n<meta name=\"twitter:label1\" content=\"Escrito por\" \/>\n\t<meta name=\"twitter:data1\" content=\"Reda\u00e7\u00e3o JO\" \/>\n\t<meta name=\"twitter:label2\" content=\"Tempo estimado de leitura\" \/>\n\t<meta name=\"twitter:data2\" content=\"3 minutos\" \/>\n<script type=\"application\/ld+json\" class=\"yoast-schema-graph\">{\"@context\":\"https:\\\/\\\/schema.org\",\"@graph\":[{\"@type\":\"Article\",\"@id\":\"https:\\\/\\\/jornaldasoficinas.com\\\/pt\\\/os-segredos-da-conducao-autonoma\\\/#article\",\"isPartOf\":{\"@id\":\"https:\\\/\\\/jornaldasoficinas.com\\\/pt\\\/os-segredos-da-conducao-autonoma\\\/\"},\"author\":{\"name\":\"Reda\u00e7\u00e3o JO\",\"@id\":\"https:\\\/\\\/jornaldasoficinas.com\\\/pt\\\/#\\\/schema\\\/person\\\/a38eef5de2c41d9e7c9ac10141afddf3\"},\"headline\":\"Os segredos da condu\u00e7\u00e3o aut\u00f3noma\",\"datePublished\":\"2022-08-31T19:00:05+00:00\",\"mainEntityOfPage\":{\"@id\":\"https:\\\/\\\/jornaldasoficinas.com\\\/pt\\\/os-segredos-da-conducao-autonoma\\\/\"},\"wordCount\":525,\"publisher\":{\"@id\":\"https:\\\/\\\/jornaldasoficinas.com\\\/pt\\\/#organization\"},\"image\":{\"@id\":\"https:\\\/\\\/jornaldasoficinas.com\\\/pt\\\/os-segredos-da-conducao-autonoma\\\/#primaryimage\"},\"thumbnailUrl\":\"https:\\\/\\\/jornaldasoficinas.com\\\/pt\\\/wp-content\\\/uploads\\\/2022\\\/08\\\/conducao_autonoma_jornal_das_oficinas.jpg\",\"articleSection\":[\"Mercado\"],\"inLanguage\":\"pt-PT\"},{\"@type\":\"WebPage\",\"@id\":\"https:\\\/\\\/jornaldasoficinas.com\\\/pt\\\/os-segredos-da-conducao-autonoma\\\/\",\"url\":\"https:\\\/\\\/jornaldasoficinas.com\\\/pt\\\/os-segredos-da-conducao-autonoma\\\/\",\"name\":\"Os segredos da condu\u00e7\u00e3o aut\u00f3noma - Jornal das Oficinas\",\"isPartOf\":{\"@id\":\"https:\\\/\\\/jornaldasoficinas.com\\\/pt\\\/#website\"},\"primaryImageOfPage\":{\"@id\":\"https:\\\/\\\/jornaldasoficinas.com\\\/pt\\\/os-segredos-da-conducao-autonoma\\\/#primaryimage\"},\"image\":{\"@id\":\"https:\\\/\\\/jornaldasoficinas.com\\\/pt\\\/os-segredos-da-conducao-autonoma\\\/#primaryimage\"},\"thumbnailUrl\":\"https:\\\/\\\/jornaldasoficinas.com\\\/pt\\\/wp-content\\\/uploads\\\/2022\\\/08\\\/conducao_autonoma_jornal_das_oficinas.jpg\",\"datePublished\":\"2022-08-31T19:00:05+00:00\",\"breadcrumb\":{\"@id\":\"https:\\\/\\\/jornaldasoficinas.com\\\/pt\\\/os-segredos-da-conducao-autonoma\\\/#breadcrumb\"},\"inLanguage\":\"pt-PT\",\"potentialAction\":[{\"@type\":\"ReadAction\",\"target\":[\"https:\\\/\\\/jornaldasoficinas.com\\\/pt\\\/os-segredos-da-conducao-autonoma\\\/\"]}]},{\"@type\":\"ImageObject\",\"inLanguage\":\"pt-PT\",\"@id\":\"https:\\\/\\\/jornaldasoficinas.com\\\/pt\\\/os-segredos-da-conducao-autonoma\\\/#primaryimage\",\"url\":\"https:\\\/\\\/jornaldasoficinas.com\\\/pt\\\/wp-content\\\/uploads\\\/2022\\\/08\\\/conducao_autonoma_jornal_das_oficinas.jpg\",\"contentUrl\":\"https:\\\/\\\/jornaldasoficinas.com\\\/pt\\\/wp-content\\\/uploads\\\/2022\\\/08\\\/conducao_autonoma_jornal_das_oficinas.jpg\",\"width\":1024,\"height\":581,\"caption\":\"08 - conducao_autonoma_jornal_das_oficinas\"},{\"@type\":\"BreadcrumbList\",\"@id\":\"https:\\\/\\\/jornaldasoficinas.com\\\/pt\\\/os-segredos-da-conducao-autonoma\\\/#breadcrumb\",\"itemListElement\":[{\"@type\":\"ListItem\",\"position\":1,\"name\":\"In\u00edcio\",\"item\":\"https:\\\/\\\/jornaldasoficinas.com\\\/pt\\\/\"},{\"@type\":\"ListItem\",\"position\":2,\"name\":\"Os segredos da condu\u00e7\u00e3o aut\u00f3noma\"}]},{\"@type\":\"WebSite\",\"@id\":\"https:\\\/\\\/jornaldasoficinas.com\\\/pt\\\/#website\",\"url\":\"https:\\\/\\\/jornaldasoficinas.com\\\/pt\\\/\",\"name\":\"Jornal das Oficinas\",\"description\":\"Jornal independente do Aftermarket Autom\u00f3vel em Portugal\",\"publisher\":{\"@id\":\"https:\\\/\\\/jornaldasoficinas.com\\\/pt\\\/#organization\"},\"potentialAction\":[{\"@type\":\"SearchAction\",\"target\":{\"@type\":\"EntryPoint\",\"urlTemplate\":\"https:\\\/\\\/jornaldasoficinas.com\\\/pt\\\/?s={search_term_string}\"},\"query-input\":{\"@type\":\"PropertyValueSpecification\",\"valueRequired\":true,\"valueName\":\"search_term_string\"}}],\"inLanguage\":\"pt-PT\"},{\"@type\":\"Organization\",\"@id\":\"https:\\\/\\\/jornaldasoficinas.com\\\/pt\\\/#organization\",\"name\":\"Jornal das Oficinas\",\"url\":\"https:\\\/\\\/jornaldasoficinas.com\\\/pt\\\/\",\"logo\":{\"@type\":\"ImageObject\",\"inLanguage\":\"pt-PT\",\"@id\":\"https:\\\/\\\/jornaldasoficinas.com\\\/pt\\\/#\\\/schema\\\/logo\\\/image\\\/\",\"url\":\"https:\\\/\\\/jornaldasoficinas.com\\\/pt\\\/wp-content\\\/uploads\\\/logoJO-SEO.png\",\"contentUrl\":\"https:\\\/\\\/jornaldasoficinas.com\\\/pt\\\/wp-content\\\/uploads\\\/logoJO-SEO.png\",\"width\":285,\"height\":450,\"caption\":\"Jornal das Oficinas\"},\"image\":{\"@id\":\"https:\\\/\\\/jornaldasoficinas.com\\\/pt\\\/#\\\/schema\\\/logo\\\/image\\\/\"},\"sameAs\":[\"https:\\\/\\\/www.facebook.com\\\/jornaloficinas\",\"https:\\\/\\\/x.com\\\/jornaloficinas\",\"https:\\\/\\\/www.instagram.com\\\/jornal_oficinas\\\/\",\"https:\\\/\\\/www.linkedin.com\\\/company\\\/jornal-das-oficinas\\\/\",\"https:\\\/\\\/www.youtube.com\\\/channel\\\/UCbQZBqtcvV-oSQrr7RzINGg\"]},{\"@type\":\"Person\",\"@id\":\"https:\\\/\\\/jornaldasoficinas.com\\\/pt\\\/#\\\/schema\\\/person\\\/a38eef5de2c41d9e7c9ac10141afddf3\",\"name\":\"Reda\u00e7\u00e3o JO\",\"image\":{\"@type\":\"ImageObject\",\"inLanguage\":\"pt-PT\",\"@id\":\"https:\\\/\\\/secure.gravatar.com\\\/avatar\\\/71f2fa71737ad68a84fea94bc708ddac8ea5b0c4788dc2ad202f3ccb2887742f?s=96&d=wp_user_avatar&r=g\",\"url\":\"https:\\\/\\\/secure.gravatar.com\\\/avatar\\\/71f2fa71737ad68a84fea94bc708ddac8ea5b0c4788dc2ad202f3ccb2887742f?s=96&d=wp_user_avatar&r=g\",\"contentUrl\":\"https:\\\/\\\/secure.gravatar.com\\\/avatar\\\/71f2fa71737ad68a84fea94bc708ddac8ea5b0c4788dc2ad202f3ccb2887742f?s=96&d=wp_user_avatar&r=g\",\"caption\":\"Reda\u00e7\u00e3o JO\"},\"url\":\"https:\\\/\\\/jornaldasoficinas.com\\\/pt\\\/author\\\/joredacao\\\/\"}]}<\/script>\n<!-- \/ Yoast SEO plugin. -->","yoast_head_json":{"title":"Os segredos da condu\u00e7\u00e3o aut\u00f3noma - Jornal das Oficinas","robots":{"index":"index","follow":"follow","max-snippet":"max-snippet:-1","max-image-preview":"max-image-preview:large","max-video-preview":"max-video-preview:-1"},"canonical":"https:\/\/jornaldasoficinas.com\/pt\/os-segredos-da-conducao-autonoma\/","og_locale":"pt_PT","og_type":"article","og_title":"Os segredos da condu\u00e7\u00e3o aut\u00f3noma - Jornal das Oficinas","og_description":"A conetividade permite que os ve\u00edculos...","og_url":"https:\/\/jornaldasoficinas.com\/pt\/os-segredos-da-conducao-autonoma\/","og_site_name":"Jornal das Oficinas","article_publisher":"https:\/\/www.facebook.com\/jornaloficinas","article_published_time":"2022-08-31T19:00:05+00:00","og_image":[{"width":1024,"height":581,"url":"https:\/\/jornaldasoficinas.com\/pt\/wp-content\/uploads\/2022\/08\/conducao_autonoma_jornal_das_oficinas.jpg","type":"image\/jpeg"}],"author":"Reda\u00e7\u00e3o JO","twitter_card":"summary_large_image","twitter_creator":"@jornaloficinas","twitter_site":"@jornaloficinas","twitter_misc":{"Escrito por":"Reda\u00e7\u00e3o JO","Tempo estimado de leitura":"3 minutos"},"schema":{"@context":"https:\/\/schema.org","@graph":[{"@type":"Article","@id":"https:\/\/jornaldasoficinas.com\/pt\/os-segredos-da-conducao-autonoma\/#article","isPartOf":{"@id":"https:\/\/jornaldasoficinas.com\/pt\/os-segredos-da-conducao-autonoma\/"},"author":{"name":"Reda\u00e7\u00e3o JO","@id":"https:\/\/jornaldasoficinas.com\/pt\/#\/schema\/person\/a38eef5de2c41d9e7c9ac10141afddf3"},"headline":"Os segredos da condu\u00e7\u00e3o aut\u00f3noma","datePublished":"2022-08-31T19:00:05+00:00","mainEntityOfPage":{"@id":"https:\/\/jornaldasoficinas.com\/pt\/os-segredos-da-conducao-autonoma\/"},"wordCount":525,"publisher":{"@id":"https:\/\/jornaldasoficinas.com\/pt\/#organization"},"image":{"@id":"https:\/\/jornaldasoficinas.com\/pt\/os-segredos-da-conducao-autonoma\/#primaryimage"},"thumbnailUrl":"https:\/\/jornaldasoficinas.com\/pt\/wp-content\/uploads\/2022\/08\/conducao_autonoma_jornal_das_oficinas.jpg","articleSection":["Mercado"],"inLanguage":"pt-PT"},{"@type":"WebPage","@id":"https:\/\/jornaldasoficinas.com\/pt\/os-segredos-da-conducao-autonoma\/","url":"https:\/\/jornaldasoficinas.com\/pt\/os-segredos-da-conducao-autonoma\/","name":"Os segredos da condu\u00e7\u00e3o aut\u00f3noma - Jornal das Oficinas","isPartOf":{"@id":"https:\/\/jornaldasoficinas.com\/pt\/#website"},"primaryImageOfPage":{"@id":"https:\/\/jornaldasoficinas.com\/pt\/os-segredos-da-conducao-autonoma\/#primaryimage"},"image":{"@id":"https:\/\/jornaldasoficinas.com\/pt\/os-segredos-da-conducao-autonoma\/#primaryimage"},"thumbnailUrl":"https:\/\/jornaldasoficinas.com\/pt\/wp-content\/uploads\/2022\/08\/conducao_autonoma_jornal_das_oficinas.jpg","datePublished":"2022-08-31T19:00:05+00:00","breadcrumb":{"@id":"https:\/\/jornaldasoficinas.com\/pt\/os-segredos-da-conducao-autonoma\/#breadcrumb"},"inLanguage":"pt-PT","potentialAction":[{"@type":"ReadAction","target":["https:\/\/jornaldasoficinas.com\/pt\/os-segredos-da-conducao-autonoma\/"]}]},{"@type":"ImageObject","inLanguage":"pt-PT","@id":"https:\/\/jornaldasoficinas.com\/pt\/os-segredos-da-conducao-autonoma\/#primaryimage","url":"https:\/\/jornaldasoficinas.com\/pt\/wp-content\/uploads\/2022\/08\/conducao_autonoma_jornal_das_oficinas.jpg","contentUrl":"https:\/\/jornaldasoficinas.com\/pt\/wp-content\/uploads\/2022\/08\/conducao_autonoma_jornal_das_oficinas.jpg","width":1024,"height":581,"caption":"08 - conducao_autonoma_jornal_das_oficinas"},{"@type":"BreadcrumbList","@id":"https:\/\/jornaldasoficinas.com\/pt\/os-segredos-da-conducao-autonoma\/#breadcrumb","itemListElement":[{"@type":"ListItem","position":1,"name":"In\u00edcio","item":"https:\/\/jornaldasoficinas.com\/pt\/"},{"@type":"ListItem","position":2,"name":"Os segredos da condu\u00e7\u00e3o aut\u00f3noma"}]},{"@type":"WebSite","@id":"https:\/\/jornaldasoficinas.com\/pt\/#website","url":"https:\/\/jornaldasoficinas.com\/pt\/","name":"Jornal das Oficinas","description":"Jornal independente do Aftermarket Autom\u00f3vel em Portugal","publisher":{"@id":"https:\/\/jornaldasoficinas.com\/pt\/#organization"},"potentialAction":[{"@type":"SearchAction","target":{"@type":"EntryPoint","urlTemplate":"https:\/\/jornaldasoficinas.com\/pt\/?s={search_term_string}"},"query-input":{"@type":"PropertyValueSpecification","valueRequired":true,"valueName":"search_term_string"}}],"inLanguage":"pt-PT"},{"@type":"Organization","@id":"https:\/\/jornaldasoficinas.com\/pt\/#organization","name":"Jornal das Oficinas","url":"https:\/\/jornaldasoficinas.com\/pt\/","logo":{"@type":"ImageObject","inLanguage":"pt-PT","@id":"https:\/\/jornaldasoficinas.com\/pt\/#\/schema\/logo\/image\/","url":"https:\/\/jornaldasoficinas.com\/pt\/wp-content\/uploads\/logoJO-SEO.png","contentUrl":"https:\/\/jornaldasoficinas.com\/pt\/wp-content\/uploads\/logoJO-SEO.png","width":285,"height":450,"caption":"Jornal das Oficinas"},"image":{"@id":"https:\/\/jornaldasoficinas.com\/pt\/#\/schema\/logo\/image\/"},"sameAs":["https:\/\/www.facebook.com\/jornaloficinas","https:\/\/x.com\/jornaloficinas","https:\/\/www.instagram.com\/jornal_oficinas\/","https:\/\/www.linkedin.com\/company\/jornal-das-oficinas\/","https:\/\/www.youtube.com\/channel\/UCbQZBqtcvV-oSQrr7RzINGg"]},{"@type":"Person","@id":"https:\/\/jornaldasoficinas.com\/pt\/#\/schema\/person\/a38eef5de2c41d9e7c9ac10141afddf3","name":"Reda\u00e7\u00e3o JO","image":{"@type":"ImageObject","inLanguage":"pt-PT","@id":"https:\/\/secure.gravatar.com\/avatar\/71f2fa71737ad68a84fea94bc708ddac8ea5b0c4788dc2ad202f3ccb2887742f?s=96&d=wp_user_avatar&r=g","url":"https:\/\/secure.gravatar.com\/avatar\/71f2fa71737ad68a84fea94bc708ddac8ea5b0c4788dc2ad202f3ccb2887742f?s=96&d=wp_user_avatar&r=g","contentUrl":"https:\/\/secure.gravatar.com\/avatar\/71f2fa71737ad68a84fea94bc708ddac8ea5b0c4788dc2ad202f3ccb2887742f?s=96&d=wp_user_avatar&r=g","caption":"Reda\u00e7\u00e3o JO"},"url":"https:\/\/jornaldasoficinas.com\/pt\/author\/joredacao\/"}]}},"_links":{"self":[{"href":"https:\/\/jornaldasoficinas.com\/pt\/wp-json\/wp\/v2\/posts\/32273","targetHints":{"allow":["GET"]}}],"collection":[{"href":"https:\/\/jornaldasoficinas.com\/pt\/wp-json\/wp\/v2\/posts"}],"about":[{"href":"https:\/\/jornaldasoficinas.com\/pt\/wp-json\/wp\/v2\/types\/post"}],"author":[{"embeddable":true,"href":"https:\/\/jornaldasoficinas.com\/pt\/wp-json\/wp\/v2\/users\/15"}],"replies":[{"embeddable":true,"href":"https:\/\/jornaldasoficinas.com\/pt\/wp-json\/wp\/v2\/comments?post=32273"}],"version-history":[{"count":0,"href":"https:\/\/jornaldasoficinas.com\/pt\/wp-json\/wp\/v2\/posts\/32273\/revisions"}],"wp:featuredmedia":[{"embeddable":true,"href":"https:\/\/jornaldasoficinas.com\/pt\/wp-json\/wp\/v2\/media\/32274"}],"wp:attachment":[{"href":"https:\/\/jornaldasoficinas.com\/pt\/wp-json\/wp\/v2\/media?parent=32273"}],"wp:term":[{"taxonomy":"category","embeddable":true,"href":"https:\/\/jornaldasoficinas.com\/pt\/wp-json\/wp\/v2\/categories?post=32273"},{"taxonomy":"post_tag","embeddable":true,"href":"https:\/\/jornaldasoficinas.com\/pt\/wp-json\/wp\/v2\/tags?post=32273"}],"curies":[{"name":"wp","href":"https:\/\/api.w.org\/{rel}","templated":true}]}}