{"id":32287,"date":"2022-09-01T10:00:12","date_gmt":"2022-09-01T09:00:12","guid":{"rendered":"https:\/\/jornaldasoficinas.com\/pt\/?p=32287"},"modified":"2022-09-03T13:19:49","modified_gmt":"2022-09-03T12:19:49","slug":"kroftools-adiciona-novos-produtos-ao-catalogo","status":"publish","type":"post","link":"https:\/\/jornaldasoficinas.com\/pt\/kroftools-adiciona-novos-produtos-ao-catalogo\/","title":{"rendered":"Kroftools adiciona novos produtos ao cat\u00e1logo"},"content":{"rendered":"<p><img loading=\"lazy\" decoding=\"async\" class=\"alignnone size-full wp-image-32288\" src=\"https:\/\/jornaldasoficinas.com\/pt\/wp-content\/uploads\/2022\/08\/Kroftools-adiciona-novos-produtos-ao-cata\u0301logo.jpg\" alt=\"08 - Kroftools adiciona novos produtos ao cata\u0301logo\" width=\"1024\" height=\"581\" srcset=\"https:\/\/jornaldasoficinas.com\/pt\/wp-content\/uploads\/2022\/08\/Kroftools-adiciona-novos-produtos-ao-cata\u0301logo.jpg 1024w, https:\/\/jornaldasoficinas.com\/pt\/wp-content\/uploads\/2022\/08\/Kroftools-adiciona-novos-produtos-ao-cata\u0301logo-300x170.jpg 300w, https:\/\/jornaldasoficinas.com\/pt\/wp-content\/uploads\/2022\/08\/Kroftools-adiciona-novos-produtos-ao-cata\u0301logo-150x85.jpg 150w, https:\/\/jornaldasoficinas.com\/pt\/wp-content\/uploads\/2022\/08\/Kroftools-adiciona-novos-produtos-ao-cata\u0301logo-768x436.jpg 768w\" sizes=\"auto, (max-width: 1024px) 100vw, 1024px\" \/><\/p>\n<p><strong>Adicionamos ao nosso cat\u00e1logo novos produtos. Confira abaixo as caracter\u00edsticas e visite o site da <a href=\"http:\/\/www.kroftools.com\">Kroftools<\/a> com para visualizar com mais detalhe.<\/strong><\/p>\n<p><strong>1684\u00a0&#8211; KIT SINCRONIZA\u00c7\u00c3O 1.4 MULTIAIR GASOLINA ALFA ROMEO\/FIAT<br \/>\n<\/strong>Descri\u00e7\u00e3o:\u2028\u2022 O motor MultiAir substitui a \u00e1rvore de cames de admiss\u00e3o por um sistema electro\/hidr\u00e1ulico a operar as v\u00e1lvulas de admiss\u00e3o\u2028\u2022 Este kit \u00e9 necess\u00e1rio para definir a sincronismo do motor ao efetuar a substitui\u00e7\u00e3o da correia\u2028\u2028C\u00f3digos OEM:\u2028\u2022\u00a0Ferramenta de sincronismo da cambota 2000034400\u2028\u2022\u00a0Ferramenta de bloqueio da cambota 2000004500\u2028\u2022\u00a0Ferramenta de ajuste de polia tensora 1860987000<\/p>\n<p><strong>1697 &#8211; KIT SINCRONIZA\u00c7\u00c3O VAG 1.2\/1.4\/1.6 FSI TSI TFSI<br \/>\n<\/strong>Descri\u00e7\u00e3o:\u2028\u2022 Concebido para oferecer um kit de sincronismo do motor para gasolina 1.2, 1.4 e 1.6, em motores encontrados em toda a gama do grupo VAG 2003 a 2015\u2028\u2022 O kit de ferramentas inclui o man\u00f3metro e o adaptador necess\u00e1rio para encontrar com precis\u00e3o o TDC nos motores listados\u2028\u2028Aplica\u00e7\u00f5es: 1.2 FSI\/TFSI, 1.4, 1.6 FSI, 1.4 TSI<\/p>\n<p><strong>1698 &#8211; KIT SINCRONIZA\u00c7\u00c3O 1.5T 3 CILINDROS FORD<br \/>\n<\/strong>Descri\u00e7\u00e3o: Serve para alinhar e bloquear a \u00e1rvore de cames numa posi\u00e7\u00e3o correta\u2028\u2028Aplica\u00e7\u00e3o: Compat\u00edvel com motor Ford 1.5L Duratec, Ecosport, Fiesta, Focus\u2028\u2028N\u00famero de pe\u00e7a:\u00a0EM 303-1639, 303-1643, 303-1647, 303-1648<\/p>\n<p><strong>2517 &#8211; KIT TESTE SISTEMA REFRIGERA\u00c7\u00c3O UNIVERSAL<br \/>\n<\/strong>Descri\u00e7\u00e3o:\u2028\u2022 Kit de teste de sistema refrigera\u00e7\u00e3o universal, ajusta-se \u00e0 maioria das tampas de press\u00e3o do radiador\u2028\u2022 A tampa de teste do radiador com c\u00f3digo de cores facilita a identifica\u00e7\u00e3o da tampa para testar fugas no sistema de radiadores como para mudar rapidamente o l\u00edquido refrigerante em situa\u00e7\u00e3o de v\u00e1cuo\u2028\u2022 Desenho especial de liga\u00e7\u00e3o das ferramentas de purga e recarga a v\u00e1cuo encaixa em quase todos os tipos de abertura do radiador\u2028\u2022 Abertura ajust\u00e1vel do adaptador de teste radiador: 40-75 mm\u2028\u2028Aplica\u00e7\u00e3o: MB, GM, Jeep, Peugeot, Subaru, Chrysler, Acura, Mitsubishi, Nissan, Mazda, Toyota Infiniti, Geo, Suzuki, Isuzu, Honda, Acura, Lexus, Volvo, Saab, Citroen, Renault, Fiat, Alfa, Mini Cooper, VW, BMW, Ford, Opel, Porsche, Audi, etc<\/p>\n<p><strong>3121 &#8211; KIT RESET EMBRAIAGEM DUPLA FORD POWERSHIFT<br \/>\n<\/strong>Descri\u00e7\u00e3o: Concebido para reiniciar o conjunto de embraiagem dupla equipado em transmiss\u00f5es DPS6\/6DCT250 Ford 6 velocidades Aplica\u00e7\u00e3o: Ford Transit Connect (a partir de 2014), Fiesta (a partir de 2008), Focus (a partir de 2010), B-Max (a partir de 2012)\u2028\u2028C\u00f3digo OEM: 307-676<\/p>\n<p><strong>4876 &#8211; ESTRADO PARA MECANICO PLASTICO 40&#8243;<br \/>\n<\/strong>Caracter\u00edsticas:\u2028Capacidade m\u00e1xima 200KG\u2028Baixo perfil\u20286 rodas girat\u00f3rias\u2028F\u00e1cil de limpar\u2028Resistente a \u00f3leo e solventes\u2028Pega de transporte pr\u00e1tica\u2028Encosto de cabe\u00e7a almofadado em espuma\u2028Armazenamento de ferramenta incorporado<\/p>\n<p><strong>5430 &#8211; CHAVE FILTRO MAGN\u00c9TICA 3 GARRAS 3\/8&#8243; 58-90 MM<br \/>\n<\/strong>Descri\u00e7\u00e3o:\u2028\u2022 Chave de filtro de tr\u00eas garras com adaptador para quadra de 3\/8&#8243; ou 1\/2&#8243;\u2028\u2022 Funciona com filtros de \u00f3leo com di\u00e2metro que varia de 58-98mm\u2028\u2022 \u00cdmanes fortes para segurar a chave no lugar<\/p>\n<p><strong>6425 &#8211; CHAVE BIHEX. 43MM REMO\u00c7\u00c3O PORCA EIXO MERCEDES<br \/>\n<\/strong>Descri\u00e7\u00e3o: Para um aperto e desaperto r\u00e1pido e f\u00e1cil da porca plana do suporte e eixo\u2028\u2028Caracter\u00edsticas:\u2028Quadra 1: tamanho 30\u2028Quadra 1: 1\/2&#8243;\u2028Tamanho: 43mm (ponta a ponta)\u2028\u2028Aplica\u00e7\u00e3o:\u2028W 167: GLE e GLS Eixo dianteiro e traseiro\u2028W 205: Modelos C-Class 4Matic e AMG (sedan, modelo T, coup\u00e9 e descapot\u00e1vel) Eixo dianteiro\u2028W 213: Modelos E-Class 4Matic e AMG (sedan, modelo T) Eixo dianteiro\u2028W 238: Modelos E-Class 4Matic e AMG (coup\u00e9, cabriolet) Eixo dianteiro\u2028W 253: GLC AMG e GLC Coup\u00e9 Eixo dianteiro\u2028W 257: CLS 50 AMG Coup\u00e9 Eixo dianteiro<\/p>\n<p>Para visualizar com mais detalhe clique <a href=\"http:\/\/www.kroftools.com\" target=\"_blank\" rel=\"noopener\">aqui<\/a>.<\/p>\n<p><img loading=\"lazy\" decoding=\"async\" class=\"alignnone size-full wp-image-32293\" src=\"https:\/\/jornaldasoficinas.com\/pt\/wp-content\/uploads\/2022\/08\/Kroftools-adiciona-novos-produtos-ao-cata\u0301logo1.jpg\" alt=\"08 - Kroftools adiciona novos produtos ao cata\u0301logo1\" width=\"1024\" height=\"581\" srcset=\"https:\/\/jornaldasoficinas.com\/pt\/wp-content\/uploads\/2022\/08\/Kroftools-adiciona-novos-produtos-ao-cata\u0301logo1.jpg 1024w, https:\/\/jornaldasoficinas.com\/pt\/wp-content\/uploads\/2022\/08\/Kroftools-adiciona-novos-produtos-ao-cata\u0301logo1-300x170.jpg 300w, https:\/\/jornaldasoficinas.com\/pt\/wp-content\/uploads\/2022\/08\/Kroftools-adiciona-novos-produtos-ao-cata\u0301logo1-150x85.jpg 150w, https:\/\/jornaldasoficinas.com\/pt\/wp-content\/uploads\/2022\/08\/Kroftools-adiciona-novos-produtos-ao-cata\u0301logo1-768x436.jpg 768w\" sizes=\"auto, (max-width: 1024px) 100vw, 1024px\" \/><\/p>\n","protected":false},"excerpt":{"rendered":"<p>Adicionamos ao nosso cat\u00e1logo novos produtos&#8230;.<\/p>\n","protected":false},"author":15,"featured_media":32288,"comment_status":"closed","ping_status":"closed","sticky":false,"template":"","format":"standard","meta":{"footnotes":""},"categories":[6],"tags":[42],"class_list":["post-32287","post","type-post","status-publish","format-standard","has-post-thumbnail","hentry","category-equipamentos","tag-kroftools"],"yoast_head":"<!-- This site is optimized with the Yoast SEO plugin v27.4 - https:\/\/yoast.com\/product\/yoast-seo-wordpress\/ -->\n<title>Kroftools adiciona novos produtos ao cat\u00e1logo - Jornal das Oficinas<\/title>\n<meta name=\"robots\" content=\"index, follow, max-snippet:-1, max-image-preview:large, max-video-preview:-1\" \/>\n<link rel=\"canonical\" href=\"https:\/\/jornaldasoficinas.com\/pt\/kroftools-adiciona-novos-produtos-ao-catalogo\/\" \/>\n<meta property=\"og:locale\" content=\"pt_PT\" \/>\n<meta property=\"og:type\" content=\"article\" \/>\n<meta property=\"og:title\" content=\"Kroftools adiciona novos produtos ao cat\u00e1logo - Jornal das Oficinas\" \/>\n<meta property=\"og:description\" content=\"Adicionamos ao nosso cat\u00e1logo novos produtos....\" \/>\n<meta property=\"og:url\" content=\"https:\/\/jornaldasoficinas.com\/pt\/kroftools-adiciona-novos-produtos-ao-catalogo\/\" \/>\n<meta property=\"og:site_name\" content=\"Jornal das Oficinas\" \/>\n<meta property=\"article:publisher\" content=\"https:\/\/www.facebook.com\/jornaloficinas\" \/>\n<meta property=\"article:published_time\" content=\"2022-09-01T09:00:12+00:00\" \/>\n<meta property=\"article:modified_time\" content=\"2022-09-03T12:19:49+00:00\" \/>\n<meta property=\"og:image\" content=\"https:\/\/jornaldasoficinas.com\/pt\/wp-content\/uploads\/2022\/08\/Kroftools-adiciona-novos-produtos-ao-cata\u0301logo.jpg\" \/>\n\t<meta property=\"og:image:width\" content=\"1024\" \/>\n\t<meta property=\"og:image:height\" content=\"581\" \/>\n\t<meta property=\"og:image:type\" content=\"image\/jpeg\" \/>\n<meta name=\"author\" content=\"Reda\u00e7\u00e3o JO\" \/>\n<meta name=\"twitter:card\" content=\"summary_large_image\" \/>\n<meta name=\"twitter:creator\" content=\"@jornaloficinas\" \/>\n<meta name=\"twitter:site\" content=\"@jornaloficinas\" \/>\n<meta name=\"twitter:label1\" content=\"Escrito por\" \/>\n\t<meta name=\"twitter:data1\" content=\"Reda\u00e7\u00e3o JO\" \/>\n\t<meta name=\"twitter:label2\" content=\"Tempo estimado de leitura\" \/>\n\t<meta name=\"twitter:data2\" content=\"3 minutos\" \/>\n<script type=\"application\/ld+json\" class=\"yoast-schema-graph\">{\"@context\":\"https:\\\/\\\/schema.org\",\"@graph\":[{\"@type\":\"Article\",\"@id\":\"https:\\\/\\\/jornaldasoficinas.com\\\/pt\\\/kroftools-adiciona-novos-produtos-ao-catalogo\\\/#article\",\"isPartOf\":{\"@id\":\"https:\\\/\\\/jornaldasoficinas.com\\\/pt\\\/kroftools-adiciona-novos-produtos-ao-catalogo\\\/\"},\"author\":{\"name\":\"Reda\u00e7\u00e3o JO\",\"@id\":\"https:\\\/\\\/jornaldasoficinas.com\\\/pt\\\/#\\\/schema\\\/person\\\/a38eef5de2c41d9e7c9ac10141afddf3\"},\"headline\":\"Kroftools adiciona novos produtos ao cat\u00e1logo\",\"datePublished\":\"2022-09-01T09:00:12+00:00\",\"dateModified\":\"2022-09-03T12:19:49+00:00\",\"mainEntityOfPage\":{\"@id\":\"https:\\\/\\\/jornaldasoficinas.com\\\/pt\\\/kroftools-adiciona-novos-produtos-ao-catalogo\\\/\"},\"wordCount\":581,\"publisher\":{\"@id\":\"https:\\\/\\\/jornaldasoficinas.com\\\/pt\\\/#organization\"},\"image\":{\"@id\":\"https:\\\/\\\/jornaldasoficinas.com\\\/pt\\\/kroftools-adiciona-novos-produtos-ao-catalogo\\\/#primaryimage\"},\"thumbnailUrl\":\"https:\\\/\\\/jornaldasoficinas.com\\\/pt\\\/wp-content\\\/uploads\\\/2022\\\/08\\\/Kroftools-adiciona-novos-produtos-ao-cata\u0301logo.jpg\",\"keywords\":[\"KROFtools\"],\"articleSection\":[\"Equipamentos\"],\"inLanguage\":\"pt-PT\"},{\"@type\":\"WebPage\",\"@id\":\"https:\\\/\\\/jornaldasoficinas.com\\\/pt\\\/kroftools-adiciona-novos-produtos-ao-catalogo\\\/\",\"url\":\"https:\\\/\\\/jornaldasoficinas.com\\\/pt\\\/kroftools-adiciona-novos-produtos-ao-catalogo\\\/\",\"name\":\"Kroftools adiciona novos produtos ao cat\u00e1logo - Jornal das Oficinas\",\"isPartOf\":{\"@id\":\"https:\\\/\\\/jornaldasoficinas.com\\\/pt\\\/#website\"},\"primaryImageOfPage\":{\"@id\":\"https:\\\/\\\/jornaldasoficinas.com\\\/pt\\\/kroftools-adiciona-novos-produtos-ao-catalogo\\\/#primaryimage\"},\"image\":{\"@id\":\"https:\\\/\\\/jornaldasoficinas.com\\\/pt\\\/kroftools-adiciona-novos-produtos-ao-catalogo\\\/#primaryimage\"},\"thumbnailUrl\":\"https:\\\/\\\/jornaldasoficinas.com\\\/pt\\\/wp-content\\\/uploads\\\/2022\\\/08\\\/Kroftools-adiciona-novos-produtos-ao-cata\u0301logo.jpg\",\"datePublished\":\"2022-09-01T09:00:12+00:00\",\"dateModified\":\"2022-09-03T12:19:49+00:00\",\"breadcrumb\":{\"@id\":\"https:\\\/\\\/jornaldasoficinas.com\\\/pt\\\/kroftools-adiciona-novos-produtos-ao-catalogo\\\/#breadcrumb\"},\"inLanguage\":\"pt-PT\",\"potentialAction\":[{\"@type\":\"ReadAction\",\"target\":[\"https:\\\/\\\/jornaldasoficinas.com\\\/pt\\\/kroftools-adiciona-novos-produtos-ao-catalogo\\\/\"]}]},{\"@type\":\"ImageObject\",\"inLanguage\":\"pt-PT\",\"@id\":\"https:\\\/\\\/jornaldasoficinas.com\\\/pt\\\/kroftools-adiciona-novos-produtos-ao-catalogo\\\/#primaryimage\",\"url\":\"https:\\\/\\\/jornaldasoficinas.com\\\/pt\\\/wp-content\\\/uploads\\\/2022\\\/08\\\/Kroftools-adiciona-novos-produtos-ao-cata\u0301logo.jpg\",\"contentUrl\":\"https:\\\/\\\/jornaldasoficinas.com\\\/pt\\\/wp-content\\\/uploads\\\/2022\\\/08\\\/Kroftools-adiciona-novos-produtos-ao-cata\u0301logo.jpg\",\"width\":1024,\"height\":581,\"caption\":\"08 - Kroftools adiciona novos produtos ao cata\u0301logo\"},{\"@type\":\"BreadcrumbList\",\"@id\":\"https:\\\/\\\/jornaldasoficinas.com\\\/pt\\\/kroftools-adiciona-novos-produtos-ao-catalogo\\\/#breadcrumb\",\"itemListElement\":[{\"@type\":\"ListItem\",\"position\":1,\"name\":\"In\u00edcio\",\"item\":\"https:\\\/\\\/jornaldasoficinas.com\\\/pt\\\/\"},{\"@type\":\"ListItem\",\"position\":2,\"name\":\"Kroftools adiciona novos produtos ao cat\u00e1logo\"}]},{\"@type\":\"WebSite\",\"@id\":\"https:\\\/\\\/jornaldasoficinas.com\\\/pt\\\/#website\",\"url\":\"https:\\\/\\\/jornaldasoficinas.com\\\/pt\\\/\",\"name\":\"Jornal das Oficinas\",\"description\":\"Jornal independente do Aftermarket Autom\u00f3vel em Portugal\",\"publisher\":{\"@id\":\"https:\\\/\\\/jornaldasoficinas.com\\\/pt\\\/#organization\"},\"potentialAction\":[{\"@type\":\"SearchAction\",\"target\":{\"@type\":\"EntryPoint\",\"urlTemplate\":\"https:\\\/\\\/jornaldasoficinas.com\\\/pt\\\/?s={search_term_string}\"},\"query-input\":{\"@type\":\"PropertyValueSpecification\",\"valueRequired\":true,\"valueName\":\"search_term_string\"}}],\"inLanguage\":\"pt-PT\"},{\"@type\":\"Organization\",\"@id\":\"https:\\\/\\\/jornaldasoficinas.com\\\/pt\\\/#organization\",\"name\":\"Jornal das Oficinas\",\"url\":\"https:\\\/\\\/jornaldasoficinas.com\\\/pt\\\/\",\"logo\":{\"@type\":\"ImageObject\",\"inLanguage\":\"pt-PT\",\"@id\":\"https:\\\/\\\/jornaldasoficinas.com\\\/pt\\\/#\\\/schema\\\/logo\\\/image\\\/\",\"url\":\"https:\\\/\\\/jornaldasoficinas.com\\\/pt\\\/wp-content\\\/uploads\\\/logoJO-SEO.png\",\"contentUrl\":\"https:\\\/\\\/jornaldasoficinas.com\\\/pt\\\/wp-content\\\/uploads\\\/logoJO-SEO.png\",\"width\":285,\"height\":450,\"caption\":\"Jornal das Oficinas\"},\"image\":{\"@id\":\"https:\\\/\\\/jornaldasoficinas.com\\\/pt\\\/#\\\/schema\\\/logo\\\/image\\\/\"},\"sameAs\":[\"https:\\\/\\\/www.facebook.com\\\/jornaloficinas\",\"https:\\\/\\\/x.com\\\/jornaloficinas\",\"https:\\\/\\\/www.instagram.com\\\/jornal_oficinas\\\/\",\"https:\\\/\\\/www.linkedin.com\\\/company\\\/jornal-das-oficinas\\\/\",\"https:\\\/\\\/www.youtube.com\\\/channel\\\/UCbQZBqtcvV-oSQrr7RzINGg\"]},{\"@type\":\"Person\",\"@id\":\"https:\\\/\\\/jornaldasoficinas.com\\\/pt\\\/#\\\/schema\\\/person\\\/a38eef5de2c41d9e7c9ac10141afddf3\",\"name\":\"Reda\u00e7\u00e3o JO\",\"image\":{\"@type\":\"ImageObject\",\"inLanguage\":\"pt-PT\",\"@id\":\"https:\\\/\\\/secure.gravatar.com\\\/avatar\\\/71f2fa71737ad68a84fea94bc708ddac8ea5b0c4788dc2ad202f3ccb2887742f?s=96&d=wp_user_avatar&r=g\",\"url\":\"https:\\\/\\\/secure.gravatar.com\\\/avatar\\\/71f2fa71737ad68a84fea94bc708ddac8ea5b0c4788dc2ad202f3ccb2887742f?s=96&d=wp_user_avatar&r=g\",\"contentUrl\":\"https:\\\/\\\/secure.gravatar.com\\\/avatar\\\/71f2fa71737ad68a84fea94bc708ddac8ea5b0c4788dc2ad202f3ccb2887742f?s=96&d=wp_user_avatar&r=g\",\"caption\":\"Reda\u00e7\u00e3o JO\"},\"url\":\"https:\\\/\\\/jornaldasoficinas.com\\\/pt\\\/author\\\/joredacao\\\/\"}]}<\/script>\n<!-- \/ Yoast SEO plugin. -->","yoast_head_json":{"title":"Kroftools adiciona novos produtos ao cat\u00e1logo - Jornal das Oficinas","robots":{"index":"index","follow":"follow","max-snippet":"max-snippet:-1","max-image-preview":"max-image-preview:large","max-video-preview":"max-video-preview:-1"},"canonical":"https:\/\/jornaldasoficinas.com\/pt\/kroftools-adiciona-novos-produtos-ao-catalogo\/","og_locale":"pt_PT","og_type":"article","og_title":"Kroftools adiciona novos produtos ao cat\u00e1logo - Jornal das Oficinas","og_description":"Adicionamos ao nosso cat\u00e1logo novos produtos....","og_url":"https:\/\/jornaldasoficinas.com\/pt\/kroftools-adiciona-novos-produtos-ao-catalogo\/","og_site_name":"Jornal das Oficinas","article_publisher":"https:\/\/www.facebook.com\/jornaloficinas","article_published_time":"2022-09-01T09:00:12+00:00","article_modified_time":"2022-09-03T12:19:49+00:00","og_image":[{"width":1024,"height":581,"url":"https:\/\/jornaldasoficinas.com\/pt\/wp-content\/uploads\/2022\/08\/Kroftools-adiciona-novos-produtos-ao-cata\u0301logo.jpg","type":"image\/jpeg"}],"author":"Reda\u00e7\u00e3o JO","twitter_card":"summary_large_image","twitter_creator":"@jornaloficinas","twitter_site":"@jornaloficinas","twitter_misc":{"Escrito por":"Reda\u00e7\u00e3o JO","Tempo estimado de leitura":"3 minutos"},"schema":{"@context":"https:\/\/schema.org","@graph":[{"@type":"Article","@id":"https:\/\/jornaldasoficinas.com\/pt\/kroftools-adiciona-novos-produtos-ao-catalogo\/#article","isPartOf":{"@id":"https:\/\/jornaldasoficinas.com\/pt\/kroftools-adiciona-novos-produtos-ao-catalogo\/"},"author":{"name":"Reda\u00e7\u00e3o JO","@id":"https:\/\/jornaldasoficinas.com\/pt\/#\/schema\/person\/a38eef5de2c41d9e7c9ac10141afddf3"},"headline":"Kroftools adiciona novos produtos ao cat\u00e1logo","datePublished":"2022-09-01T09:00:12+00:00","dateModified":"2022-09-03T12:19:49+00:00","mainEntityOfPage":{"@id":"https:\/\/jornaldasoficinas.com\/pt\/kroftools-adiciona-novos-produtos-ao-catalogo\/"},"wordCount":581,"publisher":{"@id":"https:\/\/jornaldasoficinas.com\/pt\/#organization"},"image":{"@id":"https:\/\/jornaldasoficinas.com\/pt\/kroftools-adiciona-novos-produtos-ao-catalogo\/#primaryimage"},"thumbnailUrl":"https:\/\/jornaldasoficinas.com\/pt\/wp-content\/uploads\/2022\/08\/Kroftools-adiciona-novos-produtos-ao-cata\u0301logo.jpg","keywords":["KROFtools"],"articleSection":["Equipamentos"],"inLanguage":"pt-PT"},{"@type":"WebPage","@id":"https:\/\/jornaldasoficinas.com\/pt\/kroftools-adiciona-novos-produtos-ao-catalogo\/","url":"https:\/\/jornaldasoficinas.com\/pt\/kroftools-adiciona-novos-produtos-ao-catalogo\/","name":"Kroftools adiciona novos produtos ao cat\u00e1logo - Jornal das Oficinas","isPartOf":{"@id":"https:\/\/jornaldasoficinas.com\/pt\/#website"},"primaryImageOfPage":{"@id":"https:\/\/jornaldasoficinas.com\/pt\/kroftools-adiciona-novos-produtos-ao-catalogo\/#primaryimage"},"image":{"@id":"https:\/\/jornaldasoficinas.com\/pt\/kroftools-adiciona-novos-produtos-ao-catalogo\/#primaryimage"},"thumbnailUrl":"https:\/\/jornaldasoficinas.com\/pt\/wp-content\/uploads\/2022\/08\/Kroftools-adiciona-novos-produtos-ao-cata\u0301logo.jpg","datePublished":"2022-09-01T09:00:12+00:00","dateModified":"2022-09-03T12:19:49+00:00","breadcrumb":{"@id":"https:\/\/jornaldasoficinas.com\/pt\/kroftools-adiciona-novos-produtos-ao-catalogo\/#breadcrumb"},"inLanguage":"pt-PT","potentialAction":[{"@type":"ReadAction","target":["https:\/\/jornaldasoficinas.com\/pt\/kroftools-adiciona-novos-produtos-ao-catalogo\/"]}]},{"@type":"ImageObject","inLanguage":"pt-PT","@id":"https:\/\/jornaldasoficinas.com\/pt\/kroftools-adiciona-novos-produtos-ao-catalogo\/#primaryimage","url":"https:\/\/jornaldasoficinas.com\/pt\/wp-content\/uploads\/2022\/08\/Kroftools-adiciona-novos-produtos-ao-cata\u0301logo.jpg","contentUrl":"https:\/\/jornaldasoficinas.com\/pt\/wp-content\/uploads\/2022\/08\/Kroftools-adiciona-novos-produtos-ao-cata\u0301logo.jpg","width":1024,"height":581,"caption":"08 - Kroftools adiciona novos produtos ao cata\u0301logo"},{"@type":"BreadcrumbList","@id":"https:\/\/jornaldasoficinas.com\/pt\/kroftools-adiciona-novos-produtos-ao-catalogo\/#breadcrumb","itemListElement":[{"@type":"ListItem","position":1,"name":"In\u00edcio","item":"https:\/\/jornaldasoficinas.com\/pt\/"},{"@type":"ListItem","position":2,"name":"Kroftools adiciona novos produtos ao cat\u00e1logo"}]},{"@type":"WebSite","@id":"https:\/\/jornaldasoficinas.com\/pt\/#website","url":"https:\/\/jornaldasoficinas.com\/pt\/","name":"Jornal das Oficinas","description":"Jornal independente do Aftermarket Autom\u00f3vel em Portugal","publisher":{"@id":"https:\/\/jornaldasoficinas.com\/pt\/#organization"},"potentialAction":[{"@type":"SearchAction","target":{"@type":"EntryPoint","urlTemplate":"https:\/\/jornaldasoficinas.com\/pt\/?s={search_term_string}"},"query-input":{"@type":"PropertyValueSpecification","valueRequired":true,"valueName":"search_term_string"}}],"inLanguage":"pt-PT"},{"@type":"Organization","@id":"https:\/\/jornaldasoficinas.com\/pt\/#organization","name":"Jornal das Oficinas","url":"https:\/\/jornaldasoficinas.com\/pt\/","logo":{"@type":"ImageObject","inLanguage":"pt-PT","@id":"https:\/\/jornaldasoficinas.com\/pt\/#\/schema\/logo\/image\/","url":"https:\/\/jornaldasoficinas.com\/pt\/wp-content\/uploads\/logoJO-SEO.png","contentUrl":"https:\/\/jornaldasoficinas.com\/pt\/wp-content\/uploads\/logoJO-SEO.png","width":285,"height":450,"caption":"Jornal das Oficinas"},"image":{"@id":"https:\/\/jornaldasoficinas.com\/pt\/#\/schema\/logo\/image\/"},"sameAs":["https:\/\/www.facebook.com\/jornaloficinas","https:\/\/x.com\/jornaloficinas","https:\/\/www.instagram.com\/jornal_oficinas\/","https:\/\/www.linkedin.com\/company\/jornal-das-oficinas\/","https:\/\/www.youtube.com\/channel\/UCbQZBqtcvV-oSQrr7RzINGg"]},{"@type":"Person","@id":"https:\/\/jornaldasoficinas.com\/pt\/#\/schema\/person\/a38eef5de2c41d9e7c9ac10141afddf3","name":"Reda\u00e7\u00e3o JO","image":{"@type":"ImageObject","inLanguage":"pt-PT","@id":"https:\/\/secure.gravatar.com\/avatar\/71f2fa71737ad68a84fea94bc708ddac8ea5b0c4788dc2ad202f3ccb2887742f?s=96&d=wp_user_avatar&r=g","url":"https:\/\/secure.gravatar.com\/avatar\/71f2fa71737ad68a84fea94bc708ddac8ea5b0c4788dc2ad202f3ccb2887742f?s=96&d=wp_user_avatar&r=g","contentUrl":"https:\/\/secure.gravatar.com\/avatar\/71f2fa71737ad68a84fea94bc708ddac8ea5b0c4788dc2ad202f3ccb2887742f?s=96&d=wp_user_avatar&r=g","caption":"Reda\u00e7\u00e3o JO"},"url":"https:\/\/jornaldasoficinas.com\/pt\/author\/joredacao\/"}]}},"_links":{"self":[{"href":"https:\/\/jornaldasoficinas.com\/pt\/wp-json\/wp\/v2\/posts\/32287","targetHints":{"allow":["GET"]}}],"collection":[{"href":"https:\/\/jornaldasoficinas.com\/pt\/wp-json\/wp\/v2\/posts"}],"about":[{"href":"https:\/\/jornaldasoficinas.com\/pt\/wp-json\/wp\/v2\/types\/post"}],"author":[{"embeddable":true,"href":"https:\/\/jornaldasoficinas.com\/pt\/wp-json\/wp\/v2\/users\/15"}],"replies":[{"embeddable":true,"href":"https:\/\/jornaldasoficinas.com\/pt\/wp-json\/wp\/v2\/comments?post=32287"}],"version-history":[{"count":0,"href":"https:\/\/jornaldasoficinas.com\/pt\/wp-json\/wp\/v2\/posts\/32287\/revisions"}],"wp:featuredmedia":[{"embeddable":true,"href":"https:\/\/jornaldasoficinas.com\/pt\/wp-json\/wp\/v2\/media\/32288"}],"wp:attachment":[{"href":"https:\/\/jornaldasoficinas.com\/pt\/wp-json\/wp\/v2\/media?parent=32287"}],"wp:term":[{"taxonomy":"category","embeddable":true,"href":"https:\/\/jornaldasoficinas.com\/pt\/wp-json\/wp\/v2\/categories?post=32287"},{"taxonomy":"post_tag","embeddable":true,"href":"https:\/\/jornaldasoficinas.com\/pt\/wp-json\/wp\/v2\/tags?post=32287"}],"curies":[{"name":"wp","href":"https:\/\/api.w.org\/{rel}","templated":true}]}}