{"id":32373,"date":"2022-09-06T08:00:25","date_gmt":"2022-09-06T07:00:25","guid":{"rendered":"https:\/\/jornaldasoficinas.com\/pt\/?p=32373"},"modified":"2023-07-20T16:11:28","modified_gmt":"2023-07-20T15:11:28","slug":"transportes-paulo-duarte-investem-em-sistema-de-gestao-driviantasks","status":"publish","type":"post","link":"https:\/\/jornaldasoficinas.com\/pt\/transportes-paulo-duarte-investem-em-sistema-de-gestao-driviantasks\/","title":{"rendered":"Transportes Paulo Duarte investem em sistema de gest\u00e3o DrivianTasks"},"content":{"rendered":"<p><img loading=\"lazy\" decoding=\"async\" class=\"alignnone size-full wp-image-32363\" src=\"https:\/\/jornaldasoficinas.com\/pt\/wp-content\/uploads\/2022\/09\/Transportes-Paulo-Duarte-investem-em-sistema-de-gesta\u0303o-DrivianTasks.jpg\" alt=\"09 - Transportes Paulo Duarte investem em sistema de gesta\u0303o DrivianTasks\" width=\"1024\" height=\"581\" srcset=\"https:\/\/jornaldasoficinas.com\/pt\/wp-content\/uploads\/2022\/09\/Transportes-Paulo-Duarte-investem-em-sistema-de-gesta\u0303o-DrivianTasks.jpg 1024w, https:\/\/jornaldasoficinas.com\/pt\/wp-content\/uploads\/2022\/09\/Transportes-Paulo-Duarte-investem-em-sistema-de-gesta\u0303o-DrivianTasks-300x170.jpg 300w, https:\/\/jornaldasoficinas.com\/pt\/wp-content\/uploads\/2022\/09\/Transportes-Paulo-Duarte-investem-em-sistema-de-gesta\u0303o-DrivianTasks-150x85.jpg 150w, https:\/\/jornaldasoficinas.com\/pt\/wp-content\/uploads\/2022\/09\/Transportes-Paulo-Duarte-investem-em-sistema-de-gesta\u0303o-DrivianTasks-768x436.jpg 768w\" sizes=\"auto, (max-width: 1024px) 100vw, 1024px\" \/><\/p>\n<p><strong><a href=\"https:\/\/transportespauloduarte.pt\/\" target=\"_blank\" rel=\"noopener\">Transportes Paulo Duarte<\/a> investem em novo sistema de gest\u00e3o operacional, localiza\u00e7\u00e3o e gest\u00e3o de produtividade, o DrivianTasks. Esta nova aposta, ir\u00e1 permitir \u00e0 empresa centralizar todos os processos e fluxos de informa\u00e7\u00e3o numa \u00fanica plataforma<\/strong><\/p>\n<p>A Transportes Paulo Duarte acaba de investir num novo sistema de gest\u00e3o operacional, localiza\u00e7\u00e3o e gest\u00e3o de produtividade. A solu\u00e7\u00e3o escolhida foi o DrivianTasks \u2013\u00a0desenvolvido pela Sentilant, uma empresa\u00a0spin-off\u00a0da Universidade de Coimbra\u00a0\u2013, um sistema inovador e inteligente que combina a tecnologia de ponta em sistemas\u00a0web\u00a0com solu\u00e7\u00f5es de mobilidade acess\u00edveis para planear e controlar opera\u00e7\u00f5es, operacionais e recursos em tempo real. O sistema \u00e9 composto por uma\u00a0app\u00a0para telem\u00f3veis ou\u00a0tablets, incluindo ainda um ambiente de gest\u00e3o\u00a0web\u00a0orientado para a gestores operacionais ou de neg\u00f3cio.<\/p>\n<p>\u201cCom a implementa\u00e7\u00e3o do DrivianTasks, a Transportes Paulo Duarte d\u00e1 continuidade \u00e0 sua aposta na inova\u00e7\u00e3o, com a digitaliza\u00e7\u00e3o e automatiza\u00e7\u00e3o de processos, do planeamento ao controlo, indo ao encontro da estrat\u00e9gia de efici\u00eancia e sustentabilidade da empresa\u201d, refere Gustavo Paulo Duarte, diretor-geral da Transportes Paulo Duarte.<\/p>\n<p>E sublinha tamb\u00e9m: \u201cEste sistema \u00e9 um exemplo real de como se podem criar formas inovadoras de colocar a tecnologia atual ao servi\u00e7o das empresas e da sua gest\u00e3o, a custos reduzidos. Al\u00e9m disso, o facto de ter sido desenvolvido em Portugal foi outro dos fatores que motivou a nossa escolha\u201d. \u201cCom este investimento, queremos continuar a\u00a0ser uma refer\u00eancia no segmento dos transportes rodovi\u00e1rios em todos os setores transversais \u00e0 economia internacional, oferecendo uma proposta de valor de excel\u00eancia e adaptada \u00e0s necessidades e expetativas dos mais diversos clientes\u201d, conclui.<\/p>\n<p>Uma das principais funcionalidades do DrivianTasks \u00e9 a gest\u00e3o de opera\u00e7\u00f5es em tempo real. Atrav\u00e9s do sistema, os operacionais da Transportes Paulo Duarte ir\u00e3o obter informa\u00e7\u00e3o permanentemente atualizada sobre tarefas como servi\u00e7os de transporte ou opera\u00e7\u00f5es de campo e o seu progresso, permitindo o planeamento e acompanhamento, segundo a segundo, da produtividade da empresa e outros indicadores de neg\u00f3cio.<\/p>\n<p>Com recurso a geolocaliza\u00e7\u00e3o e GPS, o sistema \u00e9 tamb\u00e9m capaz de otimizar rotas e processos de transporte, promovendo ainda a condu\u00e7\u00e3o inteligente numa l\u00f3gica proativa de poupan\u00e7a de combust\u00edvel, redu\u00e7\u00e3o dos custos de manuten\u00e7\u00e3o de ve\u00edculos, e gest\u00e3o eficiente dos recursos humanos e t\u00e9cnicos.<\/p>\n<p>Para al\u00e9m de um sistema de gest\u00e3o operacional e localiza\u00e7\u00e3o, o DrivianTasks \u00e9 tamb\u00e9m uma plataforma de an\u00e1lise da evolu\u00e7\u00e3o de indicadores de neg\u00f3cio, que se destaca pela simplicidade e flexibilidade. Gra\u00e7as \u00e0 visibilidade e unifica\u00e7\u00e3o do controlo sobre a tarifa\u00e7\u00e3o e fatura\u00e7\u00e3o, rentabilidade das opera\u00e7\u00f5es e an\u00e1lises do hist\u00f3rico de KPIs num \u00fanico sistema, \u00e9 facilitada a tomada de decis\u00f5es empresariais informadas, fundamentais no ecossistema empresarial atual.<\/p>\n<p>As m\u00e9tricas recolhidas pelo DrivianTasks permitem ainda acompanhar o estado do neg\u00f3cio de uma forma mais profunda, com acesso a an\u00e1lises e relat\u00f3rios configur\u00e1veis que auxiliam na previs\u00e3o de tend\u00eancias.<\/p>\n","protected":false},"excerpt":{"rendered":"<p>Transportes Paulo Duarte investem em novo&#8230;<\/p>\n","protected":false},"author":15,"featured_media":32363,"comment_status":"closed","ping_status":"closed","sticky":false,"template":"","format":"standard","meta":{"footnotes":""},"categories":[29],"tags":[1981],"class_list":["post-32373","post","type-post","status-publish","format-standard","has-post-thumbnail","hentry","category-empresas","tag-transportes-paulo-duarte"],"yoast_head":"<!-- This site is optimized with the Yoast SEO plugin v27.4 - https:\/\/yoast.com\/product\/yoast-seo-wordpress\/ -->\n<title>Transportes Paulo Duarte investem em sistema de gest\u00e3o DrivianTasks - Jornal das Oficinas<\/title>\n<meta name=\"robots\" content=\"index, follow, max-snippet:-1, max-image-preview:large, max-video-preview:-1\" \/>\n<link rel=\"canonical\" href=\"https:\/\/jornaldasoficinas.com\/pt\/transportes-paulo-duarte-investem-em-sistema-de-gestao-driviantasks\/\" \/>\n<meta property=\"og:locale\" content=\"pt_PT\" \/>\n<meta property=\"og:type\" content=\"article\" \/>\n<meta property=\"og:title\" content=\"Transportes Paulo Duarte investem em sistema de gest\u00e3o DrivianTasks - Jornal das Oficinas\" \/>\n<meta property=\"og:description\" content=\"Transportes Paulo Duarte investem em novo...\" \/>\n<meta property=\"og:url\" content=\"https:\/\/jornaldasoficinas.com\/pt\/transportes-paulo-duarte-investem-em-sistema-de-gestao-driviantasks\/\" \/>\n<meta property=\"og:site_name\" content=\"Jornal das Oficinas\" \/>\n<meta property=\"article:publisher\" content=\"https:\/\/www.facebook.com\/jornaloficinas\" \/>\n<meta property=\"article:published_time\" content=\"2022-09-06T07:00:25+00:00\" \/>\n<meta property=\"article:modified_time\" content=\"2023-07-20T15:11:28+00:00\" \/>\n<meta property=\"og:image\" content=\"https:\/\/jornaldasoficinas.com\/pt\/wp-content\/uploads\/2022\/09\/Transportes-Paulo-Duarte-investem-em-sistema-de-gesta\u0303o-DrivianTasks.jpg\" \/>\n\t<meta property=\"og:image:width\" content=\"1024\" \/>\n\t<meta property=\"og:image:height\" content=\"581\" \/>\n\t<meta property=\"og:image:type\" content=\"image\/jpeg\" \/>\n<meta name=\"author\" content=\"Reda\u00e7\u00e3o JO\" \/>\n<meta name=\"twitter:card\" content=\"summary_large_image\" \/>\n<meta name=\"twitter:creator\" content=\"@jornaloficinas\" \/>\n<meta name=\"twitter:site\" content=\"@jornaloficinas\" \/>\n<meta name=\"twitter:label1\" content=\"Escrito por\" \/>\n\t<meta name=\"twitter:data1\" content=\"Reda\u00e7\u00e3o JO\" \/>\n\t<meta name=\"twitter:label2\" content=\"Tempo estimado de leitura\" \/>\n\t<meta name=\"twitter:data2\" content=\"3 minutos\" \/>\n<script type=\"application\/ld+json\" class=\"yoast-schema-graph\">{\"@context\":\"https:\\\/\\\/schema.org\",\"@graph\":[{\"@type\":\"Article\",\"@id\":\"https:\\\/\\\/jornaldasoficinas.com\\\/pt\\\/transportes-paulo-duarte-investem-em-sistema-de-gestao-driviantasks\\\/#article\",\"isPartOf\":{\"@id\":\"https:\\\/\\\/jornaldasoficinas.com\\\/pt\\\/transportes-paulo-duarte-investem-em-sistema-de-gestao-driviantasks\\\/\"},\"author\":{\"name\":\"Reda\u00e7\u00e3o JO\",\"@id\":\"https:\\\/\\\/jornaldasoficinas.com\\\/pt\\\/#\\\/schema\\\/person\\\/a38eef5de2c41d9e7c9ac10141afddf3\"},\"headline\":\"Transportes Paulo Duarte investem em sistema de gest\u00e3o DrivianTasks\",\"datePublished\":\"2022-09-06T07:00:25+00:00\",\"dateModified\":\"2023-07-20T15:11:28+00:00\",\"mainEntityOfPage\":{\"@id\":\"https:\\\/\\\/jornaldasoficinas.com\\\/pt\\\/transportes-paulo-duarte-investem-em-sistema-de-gestao-driviantasks\\\/\"},\"wordCount\":533,\"publisher\":{\"@id\":\"https:\\\/\\\/jornaldasoficinas.com\\\/pt\\\/#organization\"},\"image\":{\"@id\":\"https:\\\/\\\/jornaldasoficinas.com\\\/pt\\\/transportes-paulo-duarte-investem-em-sistema-de-gestao-driviantasks\\\/#primaryimage\"},\"thumbnailUrl\":\"https:\\\/\\\/jornaldasoficinas.com\\\/pt\\\/wp-content\\\/uploads\\\/2022\\\/09\\\/Transportes-Paulo-Duarte-investem-em-sistema-de-gesta\u0303o-DrivianTasks.jpg\",\"keywords\":[\"Transportes Paulo Duarte\"],\"articleSection\":[\"Empresas\"],\"inLanguage\":\"pt-PT\"},{\"@type\":\"WebPage\",\"@id\":\"https:\\\/\\\/jornaldasoficinas.com\\\/pt\\\/transportes-paulo-duarte-investem-em-sistema-de-gestao-driviantasks\\\/\",\"url\":\"https:\\\/\\\/jornaldasoficinas.com\\\/pt\\\/transportes-paulo-duarte-investem-em-sistema-de-gestao-driviantasks\\\/\",\"name\":\"Transportes Paulo Duarte investem em sistema de gest\u00e3o DrivianTasks - Jornal das Oficinas\",\"isPartOf\":{\"@id\":\"https:\\\/\\\/jornaldasoficinas.com\\\/pt\\\/#website\"},\"primaryImageOfPage\":{\"@id\":\"https:\\\/\\\/jornaldasoficinas.com\\\/pt\\\/transportes-paulo-duarte-investem-em-sistema-de-gestao-driviantasks\\\/#primaryimage\"},\"image\":{\"@id\":\"https:\\\/\\\/jornaldasoficinas.com\\\/pt\\\/transportes-paulo-duarte-investem-em-sistema-de-gestao-driviantasks\\\/#primaryimage\"},\"thumbnailUrl\":\"https:\\\/\\\/jornaldasoficinas.com\\\/pt\\\/wp-content\\\/uploads\\\/2022\\\/09\\\/Transportes-Paulo-Duarte-investem-em-sistema-de-gesta\u0303o-DrivianTasks.jpg\",\"datePublished\":\"2022-09-06T07:00:25+00:00\",\"dateModified\":\"2023-07-20T15:11:28+00:00\",\"breadcrumb\":{\"@id\":\"https:\\\/\\\/jornaldasoficinas.com\\\/pt\\\/transportes-paulo-duarte-investem-em-sistema-de-gestao-driviantasks\\\/#breadcrumb\"},\"inLanguage\":\"pt-PT\",\"potentialAction\":[{\"@type\":\"ReadAction\",\"target\":[\"https:\\\/\\\/jornaldasoficinas.com\\\/pt\\\/transportes-paulo-duarte-investem-em-sistema-de-gestao-driviantasks\\\/\"]}]},{\"@type\":\"ImageObject\",\"inLanguage\":\"pt-PT\",\"@id\":\"https:\\\/\\\/jornaldasoficinas.com\\\/pt\\\/transportes-paulo-duarte-investem-em-sistema-de-gestao-driviantasks\\\/#primaryimage\",\"url\":\"https:\\\/\\\/jornaldasoficinas.com\\\/pt\\\/wp-content\\\/uploads\\\/2022\\\/09\\\/Transportes-Paulo-Duarte-investem-em-sistema-de-gesta\u0303o-DrivianTasks.jpg\",\"contentUrl\":\"https:\\\/\\\/jornaldasoficinas.com\\\/pt\\\/wp-content\\\/uploads\\\/2022\\\/09\\\/Transportes-Paulo-Duarte-investem-em-sistema-de-gesta\u0303o-DrivianTasks.jpg\",\"width\":1024,\"height\":581,\"caption\":\"09 - Transportes Paulo Duarte investem em sistema de gesta\u0303o DrivianTasks\"},{\"@type\":\"BreadcrumbList\",\"@id\":\"https:\\\/\\\/jornaldasoficinas.com\\\/pt\\\/transportes-paulo-duarte-investem-em-sistema-de-gestao-driviantasks\\\/#breadcrumb\",\"itemListElement\":[{\"@type\":\"ListItem\",\"position\":1,\"name\":\"In\u00edcio\",\"item\":\"https:\\\/\\\/jornaldasoficinas.com\\\/pt\\\/\"},{\"@type\":\"ListItem\",\"position\":2,\"name\":\"Transportes Paulo Duarte investem em sistema de gest\u00e3o DrivianTasks\"}]},{\"@type\":\"WebSite\",\"@id\":\"https:\\\/\\\/jornaldasoficinas.com\\\/pt\\\/#website\",\"url\":\"https:\\\/\\\/jornaldasoficinas.com\\\/pt\\\/\",\"name\":\"Jornal das Oficinas\",\"description\":\"Jornal independente do Aftermarket Autom\u00f3vel em Portugal\",\"publisher\":{\"@id\":\"https:\\\/\\\/jornaldasoficinas.com\\\/pt\\\/#organization\"},\"potentialAction\":[{\"@type\":\"SearchAction\",\"target\":{\"@type\":\"EntryPoint\",\"urlTemplate\":\"https:\\\/\\\/jornaldasoficinas.com\\\/pt\\\/?s={search_term_string}\"},\"query-input\":{\"@type\":\"PropertyValueSpecification\",\"valueRequired\":true,\"valueName\":\"search_term_string\"}}],\"inLanguage\":\"pt-PT\"},{\"@type\":\"Organization\",\"@id\":\"https:\\\/\\\/jornaldasoficinas.com\\\/pt\\\/#organization\",\"name\":\"Jornal das Oficinas\",\"url\":\"https:\\\/\\\/jornaldasoficinas.com\\\/pt\\\/\",\"logo\":{\"@type\":\"ImageObject\",\"inLanguage\":\"pt-PT\",\"@id\":\"https:\\\/\\\/jornaldasoficinas.com\\\/pt\\\/#\\\/schema\\\/logo\\\/image\\\/\",\"url\":\"https:\\\/\\\/jornaldasoficinas.com\\\/pt\\\/wp-content\\\/uploads\\\/logoJO-SEO.png\",\"contentUrl\":\"https:\\\/\\\/jornaldasoficinas.com\\\/pt\\\/wp-content\\\/uploads\\\/logoJO-SEO.png\",\"width\":285,\"height\":450,\"caption\":\"Jornal das Oficinas\"},\"image\":{\"@id\":\"https:\\\/\\\/jornaldasoficinas.com\\\/pt\\\/#\\\/schema\\\/logo\\\/image\\\/\"},\"sameAs\":[\"https:\\\/\\\/www.facebook.com\\\/jornaloficinas\",\"https:\\\/\\\/x.com\\\/jornaloficinas\",\"https:\\\/\\\/www.instagram.com\\\/jornal_oficinas\\\/\",\"https:\\\/\\\/www.linkedin.com\\\/company\\\/jornal-das-oficinas\\\/\",\"https:\\\/\\\/www.youtube.com\\\/channel\\\/UCbQZBqtcvV-oSQrr7RzINGg\"]},{\"@type\":\"Person\",\"@id\":\"https:\\\/\\\/jornaldasoficinas.com\\\/pt\\\/#\\\/schema\\\/person\\\/a38eef5de2c41d9e7c9ac10141afddf3\",\"name\":\"Reda\u00e7\u00e3o JO\",\"image\":{\"@type\":\"ImageObject\",\"inLanguage\":\"pt-PT\",\"@id\":\"https:\\\/\\\/secure.gravatar.com\\\/avatar\\\/71f2fa71737ad68a84fea94bc708ddac8ea5b0c4788dc2ad202f3ccb2887742f?s=96&d=wp_user_avatar&r=g\",\"url\":\"https:\\\/\\\/secure.gravatar.com\\\/avatar\\\/71f2fa71737ad68a84fea94bc708ddac8ea5b0c4788dc2ad202f3ccb2887742f?s=96&d=wp_user_avatar&r=g\",\"contentUrl\":\"https:\\\/\\\/secure.gravatar.com\\\/avatar\\\/71f2fa71737ad68a84fea94bc708ddac8ea5b0c4788dc2ad202f3ccb2887742f?s=96&d=wp_user_avatar&r=g\",\"caption\":\"Reda\u00e7\u00e3o JO\"},\"url\":\"https:\\\/\\\/jornaldasoficinas.com\\\/pt\\\/author\\\/joredacao\\\/\"}]}<\/script>\n<!-- \/ Yoast SEO plugin. -->","yoast_head_json":{"title":"Transportes Paulo Duarte investem em sistema de gest\u00e3o DrivianTasks - Jornal das Oficinas","robots":{"index":"index","follow":"follow","max-snippet":"max-snippet:-1","max-image-preview":"max-image-preview:large","max-video-preview":"max-video-preview:-1"},"canonical":"https:\/\/jornaldasoficinas.com\/pt\/transportes-paulo-duarte-investem-em-sistema-de-gestao-driviantasks\/","og_locale":"pt_PT","og_type":"article","og_title":"Transportes Paulo Duarte investem em sistema de gest\u00e3o DrivianTasks - Jornal das Oficinas","og_description":"Transportes Paulo Duarte investem em novo...","og_url":"https:\/\/jornaldasoficinas.com\/pt\/transportes-paulo-duarte-investem-em-sistema-de-gestao-driviantasks\/","og_site_name":"Jornal das Oficinas","article_publisher":"https:\/\/www.facebook.com\/jornaloficinas","article_published_time":"2022-09-06T07:00:25+00:00","article_modified_time":"2023-07-20T15:11:28+00:00","og_image":[{"width":1024,"height":581,"url":"https:\/\/jornaldasoficinas.com\/pt\/wp-content\/uploads\/2022\/09\/Transportes-Paulo-Duarte-investem-em-sistema-de-gesta\u0303o-DrivianTasks.jpg","type":"image\/jpeg"}],"author":"Reda\u00e7\u00e3o JO","twitter_card":"summary_large_image","twitter_creator":"@jornaloficinas","twitter_site":"@jornaloficinas","twitter_misc":{"Escrito por":"Reda\u00e7\u00e3o JO","Tempo estimado de leitura":"3 minutos"},"schema":{"@context":"https:\/\/schema.org","@graph":[{"@type":"Article","@id":"https:\/\/jornaldasoficinas.com\/pt\/transportes-paulo-duarte-investem-em-sistema-de-gestao-driviantasks\/#article","isPartOf":{"@id":"https:\/\/jornaldasoficinas.com\/pt\/transportes-paulo-duarte-investem-em-sistema-de-gestao-driviantasks\/"},"author":{"name":"Reda\u00e7\u00e3o JO","@id":"https:\/\/jornaldasoficinas.com\/pt\/#\/schema\/person\/a38eef5de2c41d9e7c9ac10141afddf3"},"headline":"Transportes Paulo Duarte investem em sistema de gest\u00e3o DrivianTasks","datePublished":"2022-09-06T07:00:25+00:00","dateModified":"2023-07-20T15:11:28+00:00","mainEntityOfPage":{"@id":"https:\/\/jornaldasoficinas.com\/pt\/transportes-paulo-duarte-investem-em-sistema-de-gestao-driviantasks\/"},"wordCount":533,"publisher":{"@id":"https:\/\/jornaldasoficinas.com\/pt\/#organization"},"image":{"@id":"https:\/\/jornaldasoficinas.com\/pt\/transportes-paulo-duarte-investem-em-sistema-de-gestao-driviantasks\/#primaryimage"},"thumbnailUrl":"https:\/\/jornaldasoficinas.com\/pt\/wp-content\/uploads\/2022\/09\/Transportes-Paulo-Duarte-investem-em-sistema-de-gesta\u0303o-DrivianTasks.jpg","keywords":["Transportes Paulo Duarte"],"articleSection":["Empresas"],"inLanguage":"pt-PT"},{"@type":"WebPage","@id":"https:\/\/jornaldasoficinas.com\/pt\/transportes-paulo-duarte-investem-em-sistema-de-gestao-driviantasks\/","url":"https:\/\/jornaldasoficinas.com\/pt\/transportes-paulo-duarte-investem-em-sistema-de-gestao-driviantasks\/","name":"Transportes Paulo Duarte investem em sistema de gest\u00e3o DrivianTasks - Jornal das Oficinas","isPartOf":{"@id":"https:\/\/jornaldasoficinas.com\/pt\/#website"},"primaryImageOfPage":{"@id":"https:\/\/jornaldasoficinas.com\/pt\/transportes-paulo-duarte-investem-em-sistema-de-gestao-driviantasks\/#primaryimage"},"image":{"@id":"https:\/\/jornaldasoficinas.com\/pt\/transportes-paulo-duarte-investem-em-sistema-de-gestao-driviantasks\/#primaryimage"},"thumbnailUrl":"https:\/\/jornaldasoficinas.com\/pt\/wp-content\/uploads\/2022\/09\/Transportes-Paulo-Duarte-investem-em-sistema-de-gesta\u0303o-DrivianTasks.jpg","datePublished":"2022-09-06T07:00:25+00:00","dateModified":"2023-07-20T15:11:28+00:00","breadcrumb":{"@id":"https:\/\/jornaldasoficinas.com\/pt\/transportes-paulo-duarte-investem-em-sistema-de-gestao-driviantasks\/#breadcrumb"},"inLanguage":"pt-PT","potentialAction":[{"@type":"ReadAction","target":["https:\/\/jornaldasoficinas.com\/pt\/transportes-paulo-duarte-investem-em-sistema-de-gestao-driviantasks\/"]}]},{"@type":"ImageObject","inLanguage":"pt-PT","@id":"https:\/\/jornaldasoficinas.com\/pt\/transportes-paulo-duarte-investem-em-sistema-de-gestao-driviantasks\/#primaryimage","url":"https:\/\/jornaldasoficinas.com\/pt\/wp-content\/uploads\/2022\/09\/Transportes-Paulo-Duarte-investem-em-sistema-de-gesta\u0303o-DrivianTasks.jpg","contentUrl":"https:\/\/jornaldasoficinas.com\/pt\/wp-content\/uploads\/2022\/09\/Transportes-Paulo-Duarte-investem-em-sistema-de-gesta\u0303o-DrivianTasks.jpg","width":1024,"height":581,"caption":"09 - Transportes Paulo Duarte investem em sistema de gesta\u0303o DrivianTasks"},{"@type":"BreadcrumbList","@id":"https:\/\/jornaldasoficinas.com\/pt\/transportes-paulo-duarte-investem-em-sistema-de-gestao-driviantasks\/#breadcrumb","itemListElement":[{"@type":"ListItem","position":1,"name":"In\u00edcio","item":"https:\/\/jornaldasoficinas.com\/pt\/"},{"@type":"ListItem","position":2,"name":"Transportes Paulo Duarte investem em sistema de gest\u00e3o DrivianTasks"}]},{"@type":"WebSite","@id":"https:\/\/jornaldasoficinas.com\/pt\/#website","url":"https:\/\/jornaldasoficinas.com\/pt\/","name":"Jornal das Oficinas","description":"Jornal independente do Aftermarket Autom\u00f3vel em Portugal","publisher":{"@id":"https:\/\/jornaldasoficinas.com\/pt\/#organization"},"potentialAction":[{"@type":"SearchAction","target":{"@type":"EntryPoint","urlTemplate":"https:\/\/jornaldasoficinas.com\/pt\/?s={search_term_string}"},"query-input":{"@type":"PropertyValueSpecification","valueRequired":true,"valueName":"search_term_string"}}],"inLanguage":"pt-PT"},{"@type":"Organization","@id":"https:\/\/jornaldasoficinas.com\/pt\/#organization","name":"Jornal das Oficinas","url":"https:\/\/jornaldasoficinas.com\/pt\/","logo":{"@type":"ImageObject","inLanguage":"pt-PT","@id":"https:\/\/jornaldasoficinas.com\/pt\/#\/schema\/logo\/image\/","url":"https:\/\/jornaldasoficinas.com\/pt\/wp-content\/uploads\/logoJO-SEO.png","contentUrl":"https:\/\/jornaldasoficinas.com\/pt\/wp-content\/uploads\/logoJO-SEO.png","width":285,"height":450,"caption":"Jornal das Oficinas"},"image":{"@id":"https:\/\/jornaldasoficinas.com\/pt\/#\/schema\/logo\/image\/"},"sameAs":["https:\/\/www.facebook.com\/jornaloficinas","https:\/\/x.com\/jornaloficinas","https:\/\/www.instagram.com\/jornal_oficinas\/","https:\/\/www.linkedin.com\/company\/jornal-das-oficinas\/","https:\/\/www.youtube.com\/channel\/UCbQZBqtcvV-oSQrr7RzINGg"]},{"@type":"Person","@id":"https:\/\/jornaldasoficinas.com\/pt\/#\/schema\/person\/a38eef5de2c41d9e7c9ac10141afddf3","name":"Reda\u00e7\u00e3o JO","image":{"@type":"ImageObject","inLanguage":"pt-PT","@id":"https:\/\/secure.gravatar.com\/avatar\/71f2fa71737ad68a84fea94bc708ddac8ea5b0c4788dc2ad202f3ccb2887742f?s=96&d=wp_user_avatar&r=g","url":"https:\/\/secure.gravatar.com\/avatar\/71f2fa71737ad68a84fea94bc708ddac8ea5b0c4788dc2ad202f3ccb2887742f?s=96&d=wp_user_avatar&r=g","contentUrl":"https:\/\/secure.gravatar.com\/avatar\/71f2fa71737ad68a84fea94bc708ddac8ea5b0c4788dc2ad202f3ccb2887742f?s=96&d=wp_user_avatar&r=g","caption":"Reda\u00e7\u00e3o JO"},"url":"https:\/\/jornaldasoficinas.com\/pt\/author\/joredacao\/"}]}},"_links":{"self":[{"href":"https:\/\/jornaldasoficinas.com\/pt\/wp-json\/wp\/v2\/posts\/32373","targetHints":{"allow":["GET"]}}],"collection":[{"href":"https:\/\/jornaldasoficinas.com\/pt\/wp-json\/wp\/v2\/posts"}],"about":[{"href":"https:\/\/jornaldasoficinas.com\/pt\/wp-json\/wp\/v2\/types\/post"}],"author":[{"embeddable":true,"href":"https:\/\/jornaldasoficinas.com\/pt\/wp-json\/wp\/v2\/users\/15"}],"replies":[{"embeddable":true,"href":"https:\/\/jornaldasoficinas.com\/pt\/wp-json\/wp\/v2\/comments?post=32373"}],"version-history":[{"count":0,"href":"https:\/\/jornaldasoficinas.com\/pt\/wp-json\/wp\/v2\/posts\/32373\/revisions"}],"wp:featuredmedia":[{"embeddable":true,"href":"https:\/\/jornaldasoficinas.com\/pt\/wp-json\/wp\/v2\/media\/32363"}],"wp:attachment":[{"href":"https:\/\/jornaldasoficinas.com\/pt\/wp-json\/wp\/v2\/media?parent=32373"}],"wp:term":[{"taxonomy":"category","embeddable":true,"href":"https:\/\/jornaldasoficinas.com\/pt\/wp-json\/wp\/v2\/categories?post=32373"},{"taxonomy":"post_tag","embeddable":true,"href":"https:\/\/jornaldasoficinas.com\/pt\/wp-json\/wp\/v2\/tags?post=32373"}],"curies":[{"name":"wp","href":"https:\/\/api.w.org\/{rel}","templated":true}]}}