{"id":32545,"date":"2022-09-12T18:00:17","date_gmt":"2022-09-12T17:00:17","guid":{"rendered":"https:\/\/jornaldasoficinas.com\/pt\/?p=32545"},"modified":"2022-09-12T13:33:36","modified_gmt":"2022-09-12T12:33:36","slug":"meyle-hd-pretende-ser-climaticamente-neutra-ate-2030","status":"publish","type":"post","link":"https:\/\/jornaldasoficinas.com\/pt\/meyle-hd-pretende-ser-climaticamente-neutra-ate-2030\/","title":{"rendered":"MEYLE HD pretende ser climaticamente neutra at\u00e9 2030"},"content":{"rendered":"<p><img loading=\"lazy\" decoding=\"async\" class=\"alignnone size-full wp-image-32533\" src=\"https:\/\/jornaldasoficinas.com\/pt\/wp-content\/uploads\/2022\/09\/MEYLE-HD-pretende-ser-climaticamente-neutra-ate\u0301-2030.jpg\" alt=\"09 - MEYLE HD pretende ser climaticamente neutra ate\u0301 2030\" width=\"1024\" height=\"581\" srcset=\"https:\/\/jornaldasoficinas.com\/pt\/wp-content\/uploads\/2022\/09\/MEYLE-HD-pretende-ser-climaticamente-neutra-ate\u0301-2030.jpg 1024w, https:\/\/jornaldasoficinas.com\/pt\/wp-content\/uploads\/2022\/09\/MEYLE-HD-pretende-ser-climaticamente-neutra-ate\u0301-2030-300x170.jpg 300w, https:\/\/jornaldasoficinas.com\/pt\/wp-content\/uploads\/2022\/09\/MEYLE-HD-pretende-ser-climaticamente-neutra-ate\u0301-2030-150x85.jpg 150w, https:\/\/jornaldasoficinas.com\/pt\/wp-content\/uploads\/2022\/09\/MEYLE-HD-pretende-ser-climaticamente-neutra-ate\u0301-2030-768x436.jpg 768w\" sizes=\"auto, (max-width: 1024px) 100vw, 1024px\" \/><\/p>\n<p><strong>Tendo lan\u00e7ado a primeira pe\u00e7a <a href=\"https:\/\/www.meyle.com\/pt\/\" target=\"_blank\" rel=\"noopener\">MEYLE<\/a> HD h\u00e1 20 anos, o fabricante com sede em Hamburgo, est\u00e1 agora a transformar as suas pe\u00e7as de dire\u00e7\u00e3o e suspens\u00e3o MELYE HD na primeira linha de produtos neutros para o clima no mercado de reposi\u00e7\u00e3o independente. A empresa pretende ser neutra em rela\u00e7\u00e3o ao clima at\u00e9 2030<\/strong><\/p>\n<p>A empresa trabalha para melhorar a pegada de carbono das pe\u00e7as de dire\u00e7\u00e3o e suspens\u00e3o MEYLE HD desde 2019 e conseguiu reduzir significativamente as emiss\u00f5es de produ\u00e7\u00e3o com medidas de efici\u00eancia energ\u00e9tica com o uso de energia e\u00f3lica. A MEYLE est\u00e1 agora a dar o pr\u00f3ximo passo decisivo e a trabalhar com ClimatePartner para compensar as emiss\u00f5es de CO2 associadas \u00e0s pe\u00e7as MEYLE HD na categoria de dire\u00e7\u00e3o e suspens\u00e3o. Estas pe\u00e7as s\u00e3o fabricadas em grande parte na pr\u00f3pria f\u00e1brica da empresa na Turquia, que, como a sede da MEYLE em Hamburgo, \u00e9 certificada como neutra em carbono desde 2021.<\/p>\n<p>O conceito por tr\u00e1s das pe\u00e7as MEYLE HD sempre foi sustent\u00e1vel: reparar em vez de substituir toda a unidade \u2013 com pe\u00e7as de reposi\u00e7\u00e3o mais dur\u00e1veis que as originais. &#8220;Isso \u00e9 bom. Mas para n\u00f3s, n\u00e3o \u00e9 suficiente. Queremos ser uma for\u00e7a motriz num setor muito heterog\u00e9neo e internacional\u201d, afirmou Florian Gaertner, Gerente de Responsabilidade Corporativa da MEYLE. \u201c\u00c9 por isso que nos comprometemos com o Pacto Global da ONU em 2021, estamos a acelerar sistematicamente as nossas atividades de sustentabilidade e expandindo-as passo a passo.\u201d<\/p>\n<p>\u201cA gest\u00e3o da sustentabilidade agora compreende uma s\u00e9rie de projetos em todos os departamentos da empresa. O nosso objetivo mais importante \u00e9 oferecer uma linha de produtos totalmente neutra em rela\u00e7\u00e3o ao clima at\u00e9 2030, com foco principal em evitar as emiss\u00f5es de CO2. \u201cEstamos a fazer tudo o que est\u00e1 ao nosso alcance para que isso aconte\u00e7a e s\u00f3 compensaremos as emiss\u00f5es remanescentes com investimentos em projetos sustent\u00e1veis\u201d, acrescentou Gaertner.<\/p>\n<p>A sede da empresa e a unidade de produ\u00e7\u00e3o SIO para pe\u00e7as de dire\u00e7\u00e3o e suspens\u00e3o j\u00e1 s\u00e3o certificadas como neutras em carbono. O pr\u00f3ximo passo, segundo a empresa, \u00e9 tornar todos os outros locais neutros em carbono. A MEYLE tamb\u00e9m a fazer um esfor\u00e7o para reduzir o CO2 dos seus fornecedores.<\/p>\n<p>Ao usar materiais com redu\u00e7\u00e3o de CO2, como \u201calum\u00ednio verde e a\u00e7o\u201d, a empresa planeia reduzir ainda mais o CO2 no futuro. Gra\u00e7as a uma mudan\u00e7a nas embalagens e materiais de transporte na log\u00edstica, a empresa j\u00e1 reduziu o uso de pl\u00e1stico em cerca de quatro toneladas por ano, com novas redu\u00e7\u00f5es ainda por vir.<\/p>\n<p>A sustentabilidade e a cont\u00ednua transforma\u00e7\u00e3o da mobilidade s\u00e3o muito importantes para a MEYLE, raz\u00e3o pela qual, em 2016, a empresa investiu na infraestrutura necess\u00e1ria para permitir aos colaboradores e convidados carregarem os seus ve\u00edculos el\u00e9tricos.<\/p>\n<p>O automobilismo tamb\u00e9m gera informa\u00e7\u00f5es importantes sobre o desempenho das pe\u00e7as, permitindo que a MEYLE as desenvolva ainda mais e as torne ainda mais dur\u00e1veis. A MEYLE aposta firmemente nas novas tecnologias de condu\u00e7\u00e3o e, desde a temporada passada, patrocinou o primeiro ADAC Opel e-Rally.<\/p>\n","protected":false},"excerpt":{"rendered":"<p>Tendo lan\u00e7ado a primeira pe\u00e7a MEYLE&#8230;<\/p>\n","protected":false},"author":15,"featured_media":32533,"comment_status":"closed","ping_status":"closed","sticky":false,"template":"","format":"standard","meta":{"footnotes":""},"categories":[29],"tags":[69],"class_list":["post-32545","post","type-post","status-publish","format-standard","has-post-thumbnail","hentry","category-empresas","tag-meyle"],"yoast_head":"<!-- This site is optimized with the Yoast SEO plugin v27.4 - https:\/\/yoast.com\/product\/yoast-seo-wordpress\/ -->\n<title>MEYLE HD pretende ser climaticamente neutra at\u00e9 2030 - Jornal das Oficinas<\/title>\n<meta name=\"robots\" content=\"index, follow, max-snippet:-1, max-image-preview:large, max-video-preview:-1\" \/>\n<link rel=\"canonical\" href=\"https:\/\/jornaldasoficinas.com\/pt\/meyle-hd-pretende-ser-climaticamente-neutra-ate-2030\/\" \/>\n<meta property=\"og:locale\" content=\"pt_PT\" \/>\n<meta property=\"og:type\" content=\"article\" \/>\n<meta property=\"og:title\" content=\"MEYLE HD pretende ser climaticamente neutra at\u00e9 2030 - Jornal das Oficinas\" \/>\n<meta property=\"og:description\" content=\"Tendo lan\u00e7ado a primeira pe\u00e7a MEYLE...\" \/>\n<meta property=\"og:url\" content=\"https:\/\/jornaldasoficinas.com\/pt\/meyle-hd-pretende-ser-climaticamente-neutra-ate-2030\/\" \/>\n<meta property=\"og:site_name\" content=\"Jornal das Oficinas\" \/>\n<meta property=\"article:publisher\" content=\"https:\/\/www.facebook.com\/jornaloficinas\" \/>\n<meta property=\"article:published_time\" content=\"2022-09-12T17:00:17+00:00\" \/>\n<meta property=\"og:image\" content=\"https:\/\/jornaldasoficinas.com\/pt\/wp-content\/uploads\/2022\/09\/MEYLE-HD-pretende-ser-climaticamente-neutra-ate\u0301-2030.jpg\" \/>\n\t<meta property=\"og:image:width\" content=\"1024\" \/>\n\t<meta property=\"og:image:height\" content=\"581\" \/>\n\t<meta property=\"og:image:type\" content=\"image\/jpeg\" \/>\n<meta name=\"author\" content=\"Reda\u00e7\u00e3o JO\" \/>\n<meta name=\"twitter:card\" content=\"summary_large_image\" \/>\n<meta name=\"twitter:creator\" content=\"@jornaloficinas\" \/>\n<meta name=\"twitter:site\" content=\"@jornaloficinas\" \/>\n<meta name=\"twitter:label1\" content=\"Escrito por\" \/>\n\t<meta name=\"twitter:data1\" content=\"Reda\u00e7\u00e3o JO\" \/>\n\t<meta name=\"twitter:label2\" content=\"Tempo estimado de leitura\" \/>\n\t<meta name=\"twitter:data2\" content=\"3 minutos\" \/>\n<script type=\"application\/ld+json\" class=\"yoast-schema-graph\">{\"@context\":\"https:\\\/\\\/schema.org\",\"@graph\":[{\"@type\":\"Article\",\"@id\":\"https:\\\/\\\/jornaldasoficinas.com\\\/pt\\\/meyle-hd-pretende-ser-climaticamente-neutra-ate-2030\\\/#article\",\"isPartOf\":{\"@id\":\"https:\\\/\\\/jornaldasoficinas.com\\\/pt\\\/meyle-hd-pretende-ser-climaticamente-neutra-ate-2030\\\/\"},\"author\":{\"name\":\"Reda\u00e7\u00e3o JO\",\"@id\":\"https:\\\/\\\/jornaldasoficinas.com\\\/pt\\\/#\\\/schema\\\/person\\\/a38eef5de2c41d9e7c9ac10141afddf3\"},\"headline\":\"MEYLE HD pretende ser climaticamente neutra at\u00e9 2030\",\"datePublished\":\"2022-09-12T17:00:17+00:00\",\"mainEntityOfPage\":{\"@id\":\"https:\\\/\\\/jornaldasoficinas.com\\\/pt\\\/meyle-hd-pretende-ser-climaticamente-neutra-ate-2030\\\/\"},\"wordCount\":561,\"publisher\":{\"@id\":\"https:\\\/\\\/jornaldasoficinas.com\\\/pt\\\/#organization\"},\"image\":{\"@id\":\"https:\\\/\\\/jornaldasoficinas.com\\\/pt\\\/meyle-hd-pretende-ser-climaticamente-neutra-ate-2030\\\/#primaryimage\"},\"thumbnailUrl\":\"https:\\\/\\\/jornaldasoficinas.com\\\/pt\\\/wp-content\\\/uploads\\\/2022\\\/09\\\/MEYLE-HD-pretende-ser-climaticamente-neutra-ate\u0301-2030.jpg\",\"keywords\":[\"MEYLE\"],\"articleSection\":[\"Empresas\"],\"inLanguage\":\"pt-PT\"},{\"@type\":\"WebPage\",\"@id\":\"https:\\\/\\\/jornaldasoficinas.com\\\/pt\\\/meyle-hd-pretende-ser-climaticamente-neutra-ate-2030\\\/\",\"url\":\"https:\\\/\\\/jornaldasoficinas.com\\\/pt\\\/meyle-hd-pretende-ser-climaticamente-neutra-ate-2030\\\/\",\"name\":\"MEYLE HD pretende ser climaticamente neutra at\u00e9 2030 - Jornal das Oficinas\",\"isPartOf\":{\"@id\":\"https:\\\/\\\/jornaldasoficinas.com\\\/pt\\\/#website\"},\"primaryImageOfPage\":{\"@id\":\"https:\\\/\\\/jornaldasoficinas.com\\\/pt\\\/meyle-hd-pretende-ser-climaticamente-neutra-ate-2030\\\/#primaryimage\"},\"image\":{\"@id\":\"https:\\\/\\\/jornaldasoficinas.com\\\/pt\\\/meyle-hd-pretende-ser-climaticamente-neutra-ate-2030\\\/#primaryimage\"},\"thumbnailUrl\":\"https:\\\/\\\/jornaldasoficinas.com\\\/pt\\\/wp-content\\\/uploads\\\/2022\\\/09\\\/MEYLE-HD-pretende-ser-climaticamente-neutra-ate\u0301-2030.jpg\",\"datePublished\":\"2022-09-12T17:00:17+00:00\",\"breadcrumb\":{\"@id\":\"https:\\\/\\\/jornaldasoficinas.com\\\/pt\\\/meyle-hd-pretende-ser-climaticamente-neutra-ate-2030\\\/#breadcrumb\"},\"inLanguage\":\"pt-PT\",\"potentialAction\":[{\"@type\":\"ReadAction\",\"target\":[\"https:\\\/\\\/jornaldasoficinas.com\\\/pt\\\/meyle-hd-pretende-ser-climaticamente-neutra-ate-2030\\\/\"]}]},{\"@type\":\"ImageObject\",\"inLanguage\":\"pt-PT\",\"@id\":\"https:\\\/\\\/jornaldasoficinas.com\\\/pt\\\/meyle-hd-pretende-ser-climaticamente-neutra-ate-2030\\\/#primaryimage\",\"url\":\"https:\\\/\\\/jornaldasoficinas.com\\\/pt\\\/wp-content\\\/uploads\\\/2022\\\/09\\\/MEYLE-HD-pretende-ser-climaticamente-neutra-ate\u0301-2030.jpg\",\"contentUrl\":\"https:\\\/\\\/jornaldasoficinas.com\\\/pt\\\/wp-content\\\/uploads\\\/2022\\\/09\\\/MEYLE-HD-pretende-ser-climaticamente-neutra-ate\u0301-2030.jpg\",\"width\":1024,\"height\":581,\"caption\":\"09 - MEYLE HD pretende ser climaticamente neutra ate\u0301 2030\"},{\"@type\":\"BreadcrumbList\",\"@id\":\"https:\\\/\\\/jornaldasoficinas.com\\\/pt\\\/meyle-hd-pretende-ser-climaticamente-neutra-ate-2030\\\/#breadcrumb\",\"itemListElement\":[{\"@type\":\"ListItem\",\"position\":1,\"name\":\"In\u00edcio\",\"item\":\"https:\\\/\\\/jornaldasoficinas.com\\\/pt\\\/\"},{\"@type\":\"ListItem\",\"position\":2,\"name\":\"MEYLE HD pretende ser climaticamente neutra at\u00e9 2030\"}]},{\"@type\":\"WebSite\",\"@id\":\"https:\\\/\\\/jornaldasoficinas.com\\\/pt\\\/#website\",\"url\":\"https:\\\/\\\/jornaldasoficinas.com\\\/pt\\\/\",\"name\":\"Jornal das Oficinas\",\"description\":\"Jornal independente do Aftermarket Autom\u00f3vel em Portugal\",\"publisher\":{\"@id\":\"https:\\\/\\\/jornaldasoficinas.com\\\/pt\\\/#organization\"},\"potentialAction\":[{\"@type\":\"SearchAction\",\"target\":{\"@type\":\"EntryPoint\",\"urlTemplate\":\"https:\\\/\\\/jornaldasoficinas.com\\\/pt\\\/?s={search_term_string}\"},\"query-input\":{\"@type\":\"PropertyValueSpecification\",\"valueRequired\":true,\"valueName\":\"search_term_string\"}}],\"inLanguage\":\"pt-PT\"},{\"@type\":\"Organization\",\"@id\":\"https:\\\/\\\/jornaldasoficinas.com\\\/pt\\\/#organization\",\"name\":\"Jornal das Oficinas\",\"url\":\"https:\\\/\\\/jornaldasoficinas.com\\\/pt\\\/\",\"logo\":{\"@type\":\"ImageObject\",\"inLanguage\":\"pt-PT\",\"@id\":\"https:\\\/\\\/jornaldasoficinas.com\\\/pt\\\/#\\\/schema\\\/logo\\\/image\\\/\",\"url\":\"https:\\\/\\\/jornaldasoficinas.com\\\/pt\\\/wp-content\\\/uploads\\\/logoJO-SEO.png\",\"contentUrl\":\"https:\\\/\\\/jornaldasoficinas.com\\\/pt\\\/wp-content\\\/uploads\\\/logoJO-SEO.png\",\"width\":285,\"height\":450,\"caption\":\"Jornal das Oficinas\"},\"image\":{\"@id\":\"https:\\\/\\\/jornaldasoficinas.com\\\/pt\\\/#\\\/schema\\\/logo\\\/image\\\/\"},\"sameAs\":[\"https:\\\/\\\/www.facebook.com\\\/jornaloficinas\",\"https:\\\/\\\/x.com\\\/jornaloficinas\",\"https:\\\/\\\/www.instagram.com\\\/jornal_oficinas\\\/\",\"https:\\\/\\\/www.linkedin.com\\\/company\\\/jornal-das-oficinas\\\/\",\"https:\\\/\\\/www.youtube.com\\\/channel\\\/UCbQZBqtcvV-oSQrr7RzINGg\"]},{\"@type\":\"Person\",\"@id\":\"https:\\\/\\\/jornaldasoficinas.com\\\/pt\\\/#\\\/schema\\\/person\\\/a38eef5de2c41d9e7c9ac10141afddf3\",\"name\":\"Reda\u00e7\u00e3o JO\",\"image\":{\"@type\":\"ImageObject\",\"inLanguage\":\"pt-PT\",\"@id\":\"https:\\\/\\\/secure.gravatar.com\\\/avatar\\\/71f2fa71737ad68a84fea94bc708ddac8ea5b0c4788dc2ad202f3ccb2887742f?s=96&d=wp_user_avatar&r=g\",\"url\":\"https:\\\/\\\/secure.gravatar.com\\\/avatar\\\/71f2fa71737ad68a84fea94bc708ddac8ea5b0c4788dc2ad202f3ccb2887742f?s=96&d=wp_user_avatar&r=g\",\"contentUrl\":\"https:\\\/\\\/secure.gravatar.com\\\/avatar\\\/71f2fa71737ad68a84fea94bc708ddac8ea5b0c4788dc2ad202f3ccb2887742f?s=96&d=wp_user_avatar&r=g\",\"caption\":\"Reda\u00e7\u00e3o JO\"},\"url\":\"https:\\\/\\\/jornaldasoficinas.com\\\/pt\\\/author\\\/joredacao\\\/\"}]}<\/script>\n<!-- \/ Yoast SEO plugin. -->","yoast_head_json":{"title":"MEYLE HD pretende ser climaticamente neutra at\u00e9 2030 - Jornal das Oficinas","robots":{"index":"index","follow":"follow","max-snippet":"max-snippet:-1","max-image-preview":"max-image-preview:large","max-video-preview":"max-video-preview:-1"},"canonical":"https:\/\/jornaldasoficinas.com\/pt\/meyle-hd-pretende-ser-climaticamente-neutra-ate-2030\/","og_locale":"pt_PT","og_type":"article","og_title":"MEYLE HD pretende ser climaticamente neutra at\u00e9 2030 - Jornal das Oficinas","og_description":"Tendo lan\u00e7ado a primeira pe\u00e7a MEYLE...","og_url":"https:\/\/jornaldasoficinas.com\/pt\/meyle-hd-pretende-ser-climaticamente-neutra-ate-2030\/","og_site_name":"Jornal das Oficinas","article_publisher":"https:\/\/www.facebook.com\/jornaloficinas","article_published_time":"2022-09-12T17:00:17+00:00","og_image":[{"width":1024,"height":581,"url":"https:\/\/jornaldasoficinas.com\/pt\/wp-content\/uploads\/2022\/09\/MEYLE-HD-pretende-ser-climaticamente-neutra-ate\u0301-2030.jpg","type":"image\/jpeg"}],"author":"Reda\u00e7\u00e3o JO","twitter_card":"summary_large_image","twitter_creator":"@jornaloficinas","twitter_site":"@jornaloficinas","twitter_misc":{"Escrito por":"Reda\u00e7\u00e3o JO","Tempo estimado de leitura":"3 minutos"},"schema":{"@context":"https:\/\/schema.org","@graph":[{"@type":"Article","@id":"https:\/\/jornaldasoficinas.com\/pt\/meyle-hd-pretende-ser-climaticamente-neutra-ate-2030\/#article","isPartOf":{"@id":"https:\/\/jornaldasoficinas.com\/pt\/meyle-hd-pretende-ser-climaticamente-neutra-ate-2030\/"},"author":{"name":"Reda\u00e7\u00e3o JO","@id":"https:\/\/jornaldasoficinas.com\/pt\/#\/schema\/person\/a38eef5de2c41d9e7c9ac10141afddf3"},"headline":"MEYLE HD pretende ser climaticamente neutra at\u00e9 2030","datePublished":"2022-09-12T17:00:17+00:00","mainEntityOfPage":{"@id":"https:\/\/jornaldasoficinas.com\/pt\/meyle-hd-pretende-ser-climaticamente-neutra-ate-2030\/"},"wordCount":561,"publisher":{"@id":"https:\/\/jornaldasoficinas.com\/pt\/#organization"},"image":{"@id":"https:\/\/jornaldasoficinas.com\/pt\/meyle-hd-pretende-ser-climaticamente-neutra-ate-2030\/#primaryimage"},"thumbnailUrl":"https:\/\/jornaldasoficinas.com\/pt\/wp-content\/uploads\/2022\/09\/MEYLE-HD-pretende-ser-climaticamente-neutra-ate\u0301-2030.jpg","keywords":["MEYLE"],"articleSection":["Empresas"],"inLanguage":"pt-PT"},{"@type":"WebPage","@id":"https:\/\/jornaldasoficinas.com\/pt\/meyle-hd-pretende-ser-climaticamente-neutra-ate-2030\/","url":"https:\/\/jornaldasoficinas.com\/pt\/meyle-hd-pretende-ser-climaticamente-neutra-ate-2030\/","name":"MEYLE HD pretende ser climaticamente neutra at\u00e9 2030 - Jornal das Oficinas","isPartOf":{"@id":"https:\/\/jornaldasoficinas.com\/pt\/#website"},"primaryImageOfPage":{"@id":"https:\/\/jornaldasoficinas.com\/pt\/meyle-hd-pretende-ser-climaticamente-neutra-ate-2030\/#primaryimage"},"image":{"@id":"https:\/\/jornaldasoficinas.com\/pt\/meyle-hd-pretende-ser-climaticamente-neutra-ate-2030\/#primaryimage"},"thumbnailUrl":"https:\/\/jornaldasoficinas.com\/pt\/wp-content\/uploads\/2022\/09\/MEYLE-HD-pretende-ser-climaticamente-neutra-ate\u0301-2030.jpg","datePublished":"2022-09-12T17:00:17+00:00","breadcrumb":{"@id":"https:\/\/jornaldasoficinas.com\/pt\/meyle-hd-pretende-ser-climaticamente-neutra-ate-2030\/#breadcrumb"},"inLanguage":"pt-PT","potentialAction":[{"@type":"ReadAction","target":["https:\/\/jornaldasoficinas.com\/pt\/meyle-hd-pretende-ser-climaticamente-neutra-ate-2030\/"]}]},{"@type":"ImageObject","inLanguage":"pt-PT","@id":"https:\/\/jornaldasoficinas.com\/pt\/meyle-hd-pretende-ser-climaticamente-neutra-ate-2030\/#primaryimage","url":"https:\/\/jornaldasoficinas.com\/pt\/wp-content\/uploads\/2022\/09\/MEYLE-HD-pretende-ser-climaticamente-neutra-ate\u0301-2030.jpg","contentUrl":"https:\/\/jornaldasoficinas.com\/pt\/wp-content\/uploads\/2022\/09\/MEYLE-HD-pretende-ser-climaticamente-neutra-ate\u0301-2030.jpg","width":1024,"height":581,"caption":"09 - MEYLE HD pretende ser climaticamente neutra ate\u0301 2030"},{"@type":"BreadcrumbList","@id":"https:\/\/jornaldasoficinas.com\/pt\/meyle-hd-pretende-ser-climaticamente-neutra-ate-2030\/#breadcrumb","itemListElement":[{"@type":"ListItem","position":1,"name":"In\u00edcio","item":"https:\/\/jornaldasoficinas.com\/pt\/"},{"@type":"ListItem","position":2,"name":"MEYLE HD pretende ser climaticamente neutra at\u00e9 2030"}]},{"@type":"WebSite","@id":"https:\/\/jornaldasoficinas.com\/pt\/#website","url":"https:\/\/jornaldasoficinas.com\/pt\/","name":"Jornal das Oficinas","description":"Jornal independente do Aftermarket Autom\u00f3vel em Portugal","publisher":{"@id":"https:\/\/jornaldasoficinas.com\/pt\/#organization"},"potentialAction":[{"@type":"SearchAction","target":{"@type":"EntryPoint","urlTemplate":"https:\/\/jornaldasoficinas.com\/pt\/?s={search_term_string}"},"query-input":{"@type":"PropertyValueSpecification","valueRequired":true,"valueName":"search_term_string"}}],"inLanguage":"pt-PT"},{"@type":"Organization","@id":"https:\/\/jornaldasoficinas.com\/pt\/#organization","name":"Jornal das Oficinas","url":"https:\/\/jornaldasoficinas.com\/pt\/","logo":{"@type":"ImageObject","inLanguage":"pt-PT","@id":"https:\/\/jornaldasoficinas.com\/pt\/#\/schema\/logo\/image\/","url":"https:\/\/jornaldasoficinas.com\/pt\/wp-content\/uploads\/logoJO-SEO.png","contentUrl":"https:\/\/jornaldasoficinas.com\/pt\/wp-content\/uploads\/logoJO-SEO.png","width":285,"height":450,"caption":"Jornal das Oficinas"},"image":{"@id":"https:\/\/jornaldasoficinas.com\/pt\/#\/schema\/logo\/image\/"},"sameAs":["https:\/\/www.facebook.com\/jornaloficinas","https:\/\/x.com\/jornaloficinas","https:\/\/www.instagram.com\/jornal_oficinas\/","https:\/\/www.linkedin.com\/company\/jornal-das-oficinas\/","https:\/\/www.youtube.com\/channel\/UCbQZBqtcvV-oSQrr7RzINGg"]},{"@type":"Person","@id":"https:\/\/jornaldasoficinas.com\/pt\/#\/schema\/person\/a38eef5de2c41d9e7c9ac10141afddf3","name":"Reda\u00e7\u00e3o JO","image":{"@type":"ImageObject","inLanguage":"pt-PT","@id":"https:\/\/secure.gravatar.com\/avatar\/71f2fa71737ad68a84fea94bc708ddac8ea5b0c4788dc2ad202f3ccb2887742f?s=96&d=wp_user_avatar&r=g","url":"https:\/\/secure.gravatar.com\/avatar\/71f2fa71737ad68a84fea94bc708ddac8ea5b0c4788dc2ad202f3ccb2887742f?s=96&d=wp_user_avatar&r=g","contentUrl":"https:\/\/secure.gravatar.com\/avatar\/71f2fa71737ad68a84fea94bc708ddac8ea5b0c4788dc2ad202f3ccb2887742f?s=96&d=wp_user_avatar&r=g","caption":"Reda\u00e7\u00e3o JO"},"url":"https:\/\/jornaldasoficinas.com\/pt\/author\/joredacao\/"}]}},"_links":{"self":[{"href":"https:\/\/jornaldasoficinas.com\/pt\/wp-json\/wp\/v2\/posts\/32545","targetHints":{"allow":["GET"]}}],"collection":[{"href":"https:\/\/jornaldasoficinas.com\/pt\/wp-json\/wp\/v2\/posts"}],"about":[{"href":"https:\/\/jornaldasoficinas.com\/pt\/wp-json\/wp\/v2\/types\/post"}],"author":[{"embeddable":true,"href":"https:\/\/jornaldasoficinas.com\/pt\/wp-json\/wp\/v2\/users\/15"}],"replies":[{"embeddable":true,"href":"https:\/\/jornaldasoficinas.com\/pt\/wp-json\/wp\/v2\/comments?post=32545"}],"version-history":[{"count":0,"href":"https:\/\/jornaldasoficinas.com\/pt\/wp-json\/wp\/v2\/posts\/32545\/revisions"}],"wp:featuredmedia":[{"embeddable":true,"href":"https:\/\/jornaldasoficinas.com\/pt\/wp-json\/wp\/v2\/media\/32533"}],"wp:attachment":[{"href":"https:\/\/jornaldasoficinas.com\/pt\/wp-json\/wp\/v2\/media?parent=32545"}],"wp:term":[{"taxonomy":"category","embeddable":true,"href":"https:\/\/jornaldasoficinas.com\/pt\/wp-json\/wp\/v2\/categories?post=32545"},{"taxonomy":"post_tag","embeddable":true,"href":"https:\/\/jornaldasoficinas.com\/pt\/wp-json\/wp\/v2\/tags?post=32545"}],"curies":[{"name":"wp","href":"https:\/\/api.w.org\/{rel}","templated":true}]}}