{"id":32664,"date":"2022-09-12T21:00:12","date_gmt":"2022-09-12T20:00:12","guid":{"rendered":"https:\/\/jornaldasoficinas.com\/pt\/?p=32664"},"modified":"2022-09-13T21:10:12","modified_gmt":"2022-09-13T20:10:12","slug":"conceito-de-mobilidade-em-mudanca","status":"publish","type":"post","link":"https:\/\/jornaldasoficinas.com\/pt\/conceito-de-mobilidade-em-mudanca\/","title":{"rendered":"Conceito de mobilidade em mudan\u00e7a"},"content":{"rendered":"<p><img loading=\"lazy\" decoding=\"async\" class=\"alignnone size-full wp-image-32663\" src=\"https:\/\/jornaldasoficinas.com\/pt\/wp-content\/uploads\/2022\/09\/N1_conceitos_mobilidade.jpg\" alt=\"09 - N1_conceitos_mobilidade\" width=\"1024\" height=\"581\" srcset=\"https:\/\/jornaldasoficinas.com\/pt\/wp-content\/uploads\/2022\/09\/N1_conceitos_mobilidade.jpg 1024w, https:\/\/jornaldasoficinas.com\/pt\/wp-content\/uploads\/2022\/09\/N1_conceitos_mobilidade-300x170.jpg 300w, https:\/\/jornaldasoficinas.com\/pt\/wp-content\/uploads\/2022\/09\/N1_conceitos_mobilidade-150x85.jpg 150w, https:\/\/jornaldasoficinas.com\/pt\/wp-content\/uploads\/2022\/09\/N1_conceitos_mobilidade-768x436.jpg 768w\" sizes=\"auto, (max-width: 1024px) 100vw, 1024px\" \/><\/p>\n<p><strong>Apesar de persistirem os desafios \u00e0 eletrifica\u00e7\u00e3o do parque autom\u00f3vel, temos tamb\u00e9m pela frente oportunidades que merecem ser aproveitadas. Isto \u00e9 particularmente evidente nas cidades, onde as emiss\u00f5es, o tr\u00e1fego e a seguran\u00e7a representam os grandes problemas da atualidade<\/strong><\/p>\n<p>Se este status quo continuar, os problemas de mobilidade ir\u00e3o apenas intensificar-se \u00e0 medida que o crescimento da popula\u00e7\u00e3o e do PIB impulsionam n\u00e3o s\u00f3 a propriedade de autom\u00f3veis como tamb\u00e9m os quil\u00f3metros percorridos. Em resposta, a ind\u00fastria da mobilidade est\u00e1 a lan\u00e7ar uma enorme variedade de inova\u00e7\u00f5es concebidas para as estradas urbanas, como a mobilidade como servi\u00e7o, a gest\u00e3o de tr\u00e1fego e sistemas de estacionamento avan\u00e7ados, solu\u00e7\u00f5es de partilha de frete e novos conceitos de transporte em duas ou tr\u00eas rodas.\u00a0 A atual oportunidade de que dispomos para transformar a forma na qual nos movemos resulta fundamentalmente de mudan\u00e7as em tr\u00eas \u00e1reas: regulamenta\u00e7\u00e3o, comportamento do consumidor e tecnologia.<\/p>\n<p><strong>Regulamenta\u00e7\u00e3o<br \/>\n<\/strong>Os governos e as cidades introduziram regulamenta\u00e7\u00f5es e incentivos que aceleram a mudan\u00e7a para uma mobilidade sustentada. Os reguladores de todo o mundo est\u00e3o a definir alvos mais restritivos quanto \u00e0s emiss\u00f5es. A Uni\u00e3o Europeia apresentou o seu programa &#8220;Fit for 55&#8221;, que procura alinhar as pol\u00edticas clim\u00e1ticas, energ\u00e9ticas, de uso da terra, transportes e fiscais com vista \u00e0 redu\u00e7\u00e3o das emiss\u00f5es de gases de estufa em pelo menos 55% at\u00e9 2030 e a administra\u00e7\u00e3o Biden introduziu um alvo de 50% de ve\u00edculos el\u00e9tricos (VE) at\u00e9 2030. Al\u00e9m destes regulamentos, a maioria dos governos oferece tamb\u00e9m subs\u00eddios para VEs.<\/p>\n<p>As cidades trabalham atualmente com o objetivo de reduzirem o uso e o tr\u00e1fego de ve\u00edculos privados oferecendo cada vez mais apoio a modos de mobilidade alternativa como as bicicletas. Paris anunciou o investimento de mais de 300 milh\u00f5es de d\u00f3lares US para a atualiza\u00e7\u00e3o da sua rede de bicicletas e para a convers\u00e3o de 50 km de faixas de estrada em ciclovias. Muitas \u00e1reas urbanas est\u00e3o tamb\u00e9m a implementar regulamenta\u00e7\u00f5es de acesso para autom\u00f3veis. De facto, mais de 150 cidades europeias criaram j\u00e1 regulamenta\u00e7\u00f5es de acesso devido a baixas emiss\u00f5es e emerg\u00eancias de polui\u00e7\u00e3o (QUADRO I).<\/p>\n<p><strong>Comportamento do consumidor<br \/>\n<\/strong>A consci\u00eancia e o comportamento do consumidor est\u00e3o a mudar \u00e0 medida que cada vez mais pessoas aceitam modos de mobilidade alternativos e sustent\u00e1veis. As viagens em meio urbano com bicicletas e scooters el\u00e9tricas partilhadas aumentaram em 60% de ano para ano e o mais recente inqu\u00e9rito ao consumidor McKinsey sugere que o uso m\u00e9dio da bicicleta (partilhada e privada) poder\u00e1 aumentar mais de 10% no mundo p\u00f3s-pand\u00e9mico em compara\u00e7\u00e3o com n\u00edveis pr\u00e9-pand\u00e9micos. Al\u00e9m disso, os consumidores est\u00e3o a tornar-se cada vez mais recetivos \u00e0s op\u00e7\u00f5es de mobilidade partilhada. Mais de 20% dos alem\u00e3es inquiridos afirmaram ser utilizadores de servi\u00e7os de partilha de transportes (6% fazem-no pelo menos uma vez por semana), que s\u00e3o capazes de ajudar \u00e0 redu\u00e7\u00e3o dos quil\u00f3metros percorridos assim como das emiss\u00f5es.<\/p>\n<p><strong>Tecnologia<br \/>\n<\/strong>Os protagonistas da ind\u00fastria est\u00e3o a acelerar a velocidade da inova\u00e7\u00e3o em tecnologias autom\u00f3veis \u00e0 medida que desenvolvem novos conceitos de mobilidade el\u00e9trica, conectada, aut\u00f3noma e partilhada. A ind\u00fastria captou mais de 400 mil milh\u00f5es de d\u00f3lares US em investimentos ao longo desta \u00faltima d\u00e9cada, com cerca de 100 mil milh\u00f5es desde o in\u00edcio de 2020. Todo este dinheiro tem como alvo as empresas e start-ups que trabalhem na eletrifica\u00e7\u00e3o da mobilidade, na conectividade dos ve\u00edculos e em tecnologias de condu\u00e7\u00e3o aut\u00f3noma. Tais inova\u00e7\u00f5es tecnol\u00f3gicas ajudar\u00e3o a reduzir os custos dos VE e a tornar a mobilidade el\u00e9trica partilhada como uma alternativa real a possuir um autom\u00f3vel.<\/p>\n<p>A eletrifica\u00e7\u00e3o desempenhar\u00e1 um papel importante na transforma\u00e7\u00e3o da ind\u00fastria da mobilidade e apresenta grandes oportunidades em todos os segmentos de ve\u00edculos, apesar do ritmo e extens\u00e3o da mudan\u00e7a poderem variar. Para assegurar a ado\u00e7\u00e3o r\u00e1pida e alargada da mobilidade el\u00e9trica, o lan\u00e7amento de novos VE no mercado \u00e9 um primeiro passo importante. Al\u00e9m disso, todo o ecossistema de mobilidade dever\u00e1 trabalhar para fazer da transforma\u00e7\u00e3o um sucesso, desde os fabricantes de VE aos fornecedores e investidores, concession\u00e1rios, fornecedores energ\u00e9ticos e operadores de postos de carregamento, a t\u00edtulo de exemplo.<\/p>\n","protected":false},"excerpt":{"rendered":"<p>Apesar de persistirem os desafios \u00e0&#8230;<\/p>\n","protected":false},"author":15,"featured_media":32663,"comment_status":"closed","ping_status":"closed","sticky":false,"template":"","format":"standard","meta":{"footnotes":""},"categories":[37],"tags":[],"class_list":["post-32664","post","type-post","status-publish","format-standard","has-post-thumbnail","hentry","category-mercado"],"yoast_head":"<!-- This site is optimized with the Yoast SEO plugin v27.4 - https:\/\/yoast.com\/product\/yoast-seo-wordpress\/ -->\n<title>Conceito de mobilidade em mudan\u00e7a - Jornal das Oficinas<\/title>\n<meta name=\"robots\" content=\"index, follow, max-snippet:-1, max-image-preview:large, max-video-preview:-1\" \/>\n<link rel=\"canonical\" href=\"https:\/\/jornaldasoficinas.com\/pt\/conceito-de-mobilidade-em-mudanca\/\" \/>\n<meta property=\"og:locale\" content=\"pt_PT\" \/>\n<meta property=\"og:type\" content=\"article\" \/>\n<meta property=\"og:title\" content=\"Conceito de mobilidade em mudan\u00e7a - Jornal das Oficinas\" \/>\n<meta property=\"og:description\" content=\"Apesar de persistirem os desafios \u00e0...\" \/>\n<meta property=\"og:url\" content=\"https:\/\/jornaldasoficinas.com\/pt\/conceito-de-mobilidade-em-mudanca\/\" \/>\n<meta property=\"og:site_name\" content=\"Jornal das Oficinas\" \/>\n<meta property=\"article:publisher\" content=\"https:\/\/www.facebook.com\/jornaloficinas\" \/>\n<meta property=\"article:published_time\" content=\"2022-09-12T20:00:12+00:00\" \/>\n<meta property=\"article:modified_time\" content=\"2022-09-13T20:10:12+00:00\" \/>\n<meta property=\"og:image\" content=\"https:\/\/jornaldasoficinas.com\/pt\/wp-content\/uploads\/2022\/09\/N1_conceitos_mobilidade.jpg\" \/>\n\t<meta property=\"og:image:width\" content=\"1024\" \/>\n\t<meta property=\"og:image:height\" content=\"581\" \/>\n\t<meta property=\"og:image:type\" content=\"image\/jpeg\" \/>\n<meta name=\"author\" content=\"Reda\u00e7\u00e3o JO\" \/>\n<meta name=\"twitter:card\" content=\"summary_large_image\" \/>\n<meta name=\"twitter:creator\" content=\"@jornaloficinas\" \/>\n<meta name=\"twitter:site\" content=\"@jornaloficinas\" \/>\n<meta name=\"twitter:label1\" content=\"Escrito por\" \/>\n\t<meta name=\"twitter:data1\" content=\"Reda\u00e7\u00e3o JO\" \/>\n\t<meta name=\"twitter:label2\" content=\"Tempo estimado de leitura\" \/>\n\t<meta name=\"twitter:data2\" content=\"4 minutos\" \/>\n<script type=\"application\/ld+json\" class=\"yoast-schema-graph\">{\"@context\":\"https:\\\/\\\/schema.org\",\"@graph\":[{\"@type\":\"Article\",\"@id\":\"https:\\\/\\\/jornaldasoficinas.com\\\/pt\\\/conceito-de-mobilidade-em-mudanca\\\/#article\",\"isPartOf\":{\"@id\":\"https:\\\/\\\/jornaldasoficinas.com\\\/pt\\\/conceito-de-mobilidade-em-mudanca\\\/\"},\"author\":{\"name\":\"Reda\u00e7\u00e3o JO\",\"@id\":\"https:\\\/\\\/jornaldasoficinas.com\\\/pt\\\/#\\\/schema\\\/person\\\/a38eef5de2c41d9e7c9ac10141afddf3\"},\"headline\":\"Conceito de mobilidade em mudan\u00e7a\",\"datePublished\":\"2022-09-12T20:00:12+00:00\",\"dateModified\":\"2022-09-13T20:10:12+00:00\",\"mainEntityOfPage\":{\"@id\":\"https:\\\/\\\/jornaldasoficinas.com\\\/pt\\\/conceito-de-mobilidade-em-mudanca\\\/\"},\"wordCount\":767,\"publisher\":{\"@id\":\"https:\\\/\\\/jornaldasoficinas.com\\\/pt\\\/#organization\"},\"image\":{\"@id\":\"https:\\\/\\\/jornaldasoficinas.com\\\/pt\\\/conceito-de-mobilidade-em-mudanca\\\/#primaryimage\"},\"thumbnailUrl\":\"https:\\\/\\\/jornaldasoficinas.com\\\/pt\\\/wp-content\\\/uploads\\\/2022\\\/09\\\/N1_conceitos_mobilidade.jpg\",\"articleSection\":[\"Mercado\"],\"inLanguage\":\"pt-PT\"},{\"@type\":\"WebPage\",\"@id\":\"https:\\\/\\\/jornaldasoficinas.com\\\/pt\\\/conceito-de-mobilidade-em-mudanca\\\/\",\"url\":\"https:\\\/\\\/jornaldasoficinas.com\\\/pt\\\/conceito-de-mobilidade-em-mudanca\\\/\",\"name\":\"Conceito de mobilidade em mudan\u00e7a - Jornal das Oficinas\",\"isPartOf\":{\"@id\":\"https:\\\/\\\/jornaldasoficinas.com\\\/pt\\\/#website\"},\"primaryImageOfPage\":{\"@id\":\"https:\\\/\\\/jornaldasoficinas.com\\\/pt\\\/conceito-de-mobilidade-em-mudanca\\\/#primaryimage\"},\"image\":{\"@id\":\"https:\\\/\\\/jornaldasoficinas.com\\\/pt\\\/conceito-de-mobilidade-em-mudanca\\\/#primaryimage\"},\"thumbnailUrl\":\"https:\\\/\\\/jornaldasoficinas.com\\\/pt\\\/wp-content\\\/uploads\\\/2022\\\/09\\\/N1_conceitos_mobilidade.jpg\",\"datePublished\":\"2022-09-12T20:00:12+00:00\",\"dateModified\":\"2022-09-13T20:10:12+00:00\",\"breadcrumb\":{\"@id\":\"https:\\\/\\\/jornaldasoficinas.com\\\/pt\\\/conceito-de-mobilidade-em-mudanca\\\/#breadcrumb\"},\"inLanguage\":\"pt-PT\",\"potentialAction\":[{\"@type\":\"ReadAction\",\"target\":[\"https:\\\/\\\/jornaldasoficinas.com\\\/pt\\\/conceito-de-mobilidade-em-mudanca\\\/\"]}]},{\"@type\":\"ImageObject\",\"inLanguage\":\"pt-PT\",\"@id\":\"https:\\\/\\\/jornaldasoficinas.com\\\/pt\\\/conceito-de-mobilidade-em-mudanca\\\/#primaryimage\",\"url\":\"https:\\\/\\\/jornaldasoficinas.com\\\/pt\\\/wp-content\\\/uploads\\\/2022\\\/09\\\/N1_conceitos_mobilidade.jpg\",\"contentUrl\":\"https:\\\/\\\/jornaldasoficinas.com\\\/pt\\\/wp-content\\\/uploads\\\/2022\\\/09\\\/N1_conceitos_mobilidade.jpg\",\"width\":1024,\"height\":581,\"caption\":\"09 - N1_conceitos_mobilidade\"},{\"@type\":\"BreadcrumbList\",\"@id\":\"https:\\\/\\\/jornaldasoficinas.com\\\/pt\\\/conceito-de-mobilidade-em-mudanca\\\/#breadcrumb\",\"itemListElement\":[{\"@type\":\"ListItem\",\"position\":1,\"name\":\"In\u00edcio\",\"item\":\"https:\\\/\\\/jornaldasoficinas.com\\\/pt\\\/\"},{\"@type\":\"ListItem\",\"position\":2,\"name\":\"Conceito de mobilidade em mudan\u00e7a\"}]},{\"@type\":\"WebSite\",\"@id\":\"https:\\\/\\\/jornaldasoficinas.com\\\/pt\\\/#website\",\"url\":\"https:\\\/\\\/jornaldasoficinas.com\\\/pt\\\/\",\"name\":\"Jornal das Oficinas\",\"description\":\"Jornal independente do Aftermarket Autom\u00f3vel em Portugal\",\"publisher\":{\"@id\":\"https:\\\/\\\/jornaldasoficinas.com\\\/pt\\\/#organization\"},\"potentialAction\":[{\"@type\":\"SearchAction\",\"target\":{\"@type\":\"EntryPoint\",\"urlTemplate\":\"https:\\\/\\\/jornaldasoficinas.com\\\/pt\\\/?s={search_term_string}\"},\"query-input\":{\"@type\":\"PropertyValueSpecification\",\"valueRequired\":true,\"valueName\":\"search_term_string\"}}],\"inLanguage\":\"pt-PT\"},{\"@type\":\"Organization\",\"@id\":\"https:\\\/\\\/jornaldasoficinas.com\\\/pt\\\/#organization\",\"name\":\"Jornal das Oficinas\",\"url\":\"https:\\\/\\\/jornaldasoficinas.com\\\/pt\\\/\",\"logo\":{\"@type\":\"ImageObject\",\"inLanguage\":\"pt-PT\",\"@id\":\"https:\\\/\\\/jornaldasoficinas.com\\\/pt\\\/#\\\/schema\\\/logo\\\/image\\\/\",\"url\":\"https:\\\/\\\/jornaldasoficinas.com\\\/pt\\\/wp-content\\\/uploads\\\/logoJO-SEO.png\",\"contentUrl\":\"https:\\\/\\\/jornaldasoficinas.com\\\/pt\\\/wp-content\\\/uploads\\\/logoJO-SEO.png\",\"width\":285,\"height\":450,\"caption\":\"Jornal das Oficinas\"},\"image\":{\"@id\":\"https:\\\/\\\/jornaldasoficinas.com\\\/pt\\\/#\\\/schema\\\/logo\\\/image\\\/\"},\"sameAs\":[\"https:\\\/\\\/www.facebook.com\\\/jornaloficinas\",\"https:\\\/\\\/x.com\\\/jornaloficinas\",\"https:\\\/\\\/www.instagram.com\\\/jornal_oficinas\\\/\",\"https:\\\/\\\/www.linkedin.com\\\/company\\\/jornal-das-oficinas\\\/\",\"https:\\\/\\\/www.youtube.com\\\/channel\\\/UCbQZBqtcvV-oSQrr7RzINGg\"]},{\"@type\":\"Person\",\"@id\":\"https:\\\/\\\/jornaldasoficinas.com\\\/pt\\\/#\\\/schema\\\/person\\\/a38eef5de2c41d9e7c9ac10141afddf3\",\"name\":\"Reda\u00e7\u00e3o JO\",\"image\":{\"@type\":\"ImageObject\",\"inLanguage\":\"pt-PT\",\"@id\":\"https:\\\/\\\/secure.gravatar.com\\\/avatar\\\/71f2fa71737ad68a84fea94bc708ddac8ea5b0c4788dc2ad202f3ccb2887742f?s=96&d=wp_user_avatar&r=g\",\"url\":\"https:\\\/\\\/secure.gravatar.com\\\/avatar\\\/71f2fa71737ad68a84fea94bc708ddac8ea5b0c4788dc2ad202f3ccb2887742f?s=96&d=wp_user_avatar&r=g\",\"contentUrl\":\"https:\\\/\\\/secure.gravatar.com\\\/avatar\\\/71f2fa71737ad68a84fea94bc708ddac8ea5b0c4788dc2ad202f3ccb2887742f?s=96&d=wp_user_avatar&r=g\",\"caption\":\"Reda\u00e7\u00e3o JO\"},\"url\":\"https:\\\/\\\/jornaldasoficinas.com\\\/pt\\\/author\\\/joredacao\\\/\"}]}<\/script>\n<!-- \/ Yoast SEO plugin. -->","yoast_head_json":{"title":"Conceito de mobilidade em mudan\u00e7a - Jornal das Oficinas","robots":{"index":"index","follow":"follow","max-snippet":"max-snippet:-1","max-image-preview":"max-image-preview:large","max-video-preview":"max-video-preview:-1"},"canonical":"https:\/\/jornaldasoficinas.com\/pt\/conceito-de-mobilidade-em-mudanca\/","og_locale":"pt_PT","og_type":"article","og_title":"Conceito de mobilidade em mudan\u00e7a - Jornal das Oficinas","og_description":"Apesar de persistirem os desafios \u00e0...","og_url":"https:\/\/jornaldasoficinas.com\/pt\/conceito-de-mobilidade-em-mudanca\/","og_site_name":"Jornal das Oficinas","article_publisher":"https:\/\/www.facebook.com\/jornaloficinas","article_published_time":"2022-09-12T20:00:12+00:00","article_modified_time":"2022-09-13T20:10:12+00:00","og_image":[{"width":1024,"height":581,"url":"https:\/\/jornaldasoficinas.com\/pt\/wp-content\/uploads\/2022\/09\/N1_conceitos_mobilidade.jpg","type":"image\/jpeg"}],"author":"Reda\u00e7\u00e3o JO","twitter_card":"summary_large_image","twitter_creator":"@jornaloficinas","twitter_site":"@jornaloficinas","twitter_misc":{"Escrito por":"Reda\u00e7\u00e3o JO","Tempo estimado de leitura":"4 minutos"},"schema":{"@context":"https:\/\/schema.org","@graph":[{"@type":"Article","@id":"https:\/\/jornaldasoficinas.com\/pt\/conceito-de-mobilidade-em-mudanca\/#article","isPartOf":{"@id":"https:\/\/jornaldasoficinas.com\/pt\/conceito-de-mobilidade-em-mudanca\/"},"author":{"name":"Reda\u00e7\u00e3o JO","@id":"https:\/\/jornaldasoficinas.com\/pt\/#\/schema\/person\/a38eef5de2c41d9e7c9ac10141afddf3"},"headline":"Conceito de mobilidade em mudan\u00e7a","datePublished":"2022-09-12T20:00:12+00:00","dateModified":"2022-09-13T20:10:12+00:00","mainEntityOfPage":{"@id":"https:\/\/jornaldasoficinas.com\/pt\/conceito-de-mobilidade-em-mudanca\/"},"wordCount":767,"publisher":{"@id":"https:\/\/jornaldasoficinas.com\/pt\/#organization"},"image":{"@id":"https:\/\/jornaldasoficinas.com\/pt\/conceito-de-mobilidade-em-mudanca\/#primaryimage"},"thumbnailUrl":"https:\/\/jornaldasoficinas.com\/pt\/wp-content\/uploads\/2022\/09\/N1_conceitos_mobilidade.jpg","articleSection":["Mercado"],"inLanguage":"pt-PT"},{"@type":"WebPage","@id":"https:\/\/jornaldasoficinas.com\/pt\/conceito-de-mobilidade-em-mudanca\/","url":"https:\/\/jornaldasoficinas.com\/pt\/conceito-de-mobilidade-em-mudanca\/","name":"Conceito de mobilidade em mudan\u00e7a - Jornal das Oficinas","isPartOf":{"@id":"https:\/\/jornaldasoficinas.com\/pt\/#website"},"primaryImageOfPage":{"@id":"https:\/\/jornaldasoficinas.com\/pt\/conceito-de-mobilidade-em-mudanca\/#primaryimage"},"image":{"@id":"https:\/\/jornaldasoficinas.com\/pt\/conceito-de-mobilidade-em-mudanca\/#primaryimage"},"thumbnailUrl":"https:\/\/jornaldasoficinas.com\/pt\/wp-content\/uploads\/2022\/09\/N1_conceitos_mobilidade.jpg","datePublished":"2022-09-12T20:00:12+00:00","dateModified":"2022-09-13T20:10:12+00:00","breadcrumb":{"@id":"https:\/\/jornaldasoficinas.com\/pt\/conceito-de-mobilidade-em-mudanca\/#breadcrumb"},"inLanguage":"pt-PT","potentialAction":[{"@type":"ReadAction","target":["https:\/\/jornaldasoficinas.com\/pt\/conceito-de-mobilidade-em-mudanca\/"]}]},{"@type":"ImageObject","inLanguage":"pt-PT","@id":"https:\/\/jornaldasoficinas.com\/pt\/conceito-de-mobilidade-em-mudanca\/#primaryimage","url":"https:\/\/jornaldasoficinas.com\/pt\/wp-content\/uploads\/2022\/09\/N1_conceitos_mobilidade.jpg","contentUrl":"https:\/\/jornaldasoficinas.com\/pt\/wp-content\/uploads\/2022\/09\/N1_conceitos_mobilidade.jpg","width":1024,"height":581,"caption":"09 - N1_conceitos_mobilidade"},{"@type":"BreadcrumbList","@id":"https:\/\/jornaldasoficinas.com\/pt\/conceito-de-mobilidade-em-mudanca\/#breadcrumb","itemListElement":[{"@type":"ListItem","position":1,"name":"In\u00edcio","item":"https:\/\/jornaldasoficinas.com\/pt\/"},{"@type":"ListItem","position":2,"name":"Conceito de mobilidade em mudan\u00e7a"}]},{"@type":"WebSite","@id":"https:\/\/jornaldasoficinas.com\/pt\/#website","url":"https:\/\/jornaldasoficinas.com\/pt\/","name":"Jornal das Oficinas","description":"Jornal independente do Aftermarket Autom\u00f3vel em Portugal","publisher":{"@id":"https:\/\/jornaldasoficinas.com\/pt\/#organization"},"potentialAction":[{"@type":"SearchAction","target":{"@type":"EntryPoint","urlTemplate":"https:\/\/jornaldasoficinas.com\/pt\/?s={search_term_string}"},"query-input":{"@type":"PropertyValueSpecification","valueRequired":true,"valueName":"search_term_string"}}],"inLanguage":"pt-PT"},{"@type":"Organization","@id":"https:\/\/jornaldasoficinas.com\/pt\/#organization","name":"Jornal das Oficinas","url":"https:\/\/jornaldasoficinas.com\/pt\/","logo":{"@type":"ImageObject","inLanguage":"pt-PT","@id":"https:\/\/jornaldasoficinas.com\/pt\/#\/schema\/logo\/image\/","url":"https:\/\/jornaldasoficinas.com\/pt\/wp-content\/uploads\/logoJO-SEO.png","contentUrl":"https:\/\/jornaldasoficinas.com\/pt\/wp-content\/uploads\/logoJO-SEO.png","width":285,"height":450,"caption":"Jornal das Oficinas"},"image":{"@id":"https:\/\/jornaldasoficinas.com\/pt\/#\/schema\/logo\/image\/"},"sameAs":["https:\/\/www.facebook.com\/jornaloficinas","https:\/\/x.com\/jornaloficinas","https:\/\/www.instagram.com\/jornal_oficinas\/","https:\/\/www.linkedin.com\/company\/jornal-das-oficinas\/","https:\/\/www.youtube.com\/channel\/UCbQZBqtcvV-oSQrr7RzINGg"]},{"@type":"Person","@id":"https:\/\/jornaldasoficinas.com\/pt\/#\/schema\/person\/a38eef5de2c41d9e7c9ac10141afddf3","name":"Reda\u00e7\u00e3o JO","image":{"@type":"ImageObject","inLanguage":"pt-PT","@id":"https:\/\/secure.gravatar.com\/avatar\/71f2fa71737ad68a84fea94bc708ddac8ea5b0c4788dc2ad202f3ccb2887742f?s=96&d=wp_user_avatar&r=g","url":"https:\/\/secure.gravatar.com\/avatar\/71f2fa71737ad68a84fea94bc708ddac8ea5b0c4788dc2ad202f3ccb2887742f?s=96&d=wp_user_avatar&r=g","contentUrl":"https:\/\/secure.gravatar.com\/avatar\/71f2fa71737ad68a84fea94bc708ddac8ea5b0c4788dc2ad202f3ccb2887742f?s=96&d=wp_user_avatar&r=g","caption":"Reda\u00e7\u00e3o JO"},"url":"https:\/\/jornaldasoficinas.com\/pt\/author\/joredacao\/"}]}},"_links":{"self":[{"href":"https:\/\/jornaldasoficinas.com\/pt\/wp-json\/wp\/v2\/posts\/32664","targetHints":{"allow":["GET"]}}],"collection":[{"href":"https:\/\/jornaldasoficinas.com\/pt\/wp-json\/wp\/v2\/posts"}],"about":[{"href":"https:\/\/jornaldasoficinas.com\/pt\/wp-json\/wp\/v2\/types\/post"}],"author":[{"embeddable":true,"href":"https:\/\/jornaldasoficinas.com\/pt\/wp-json\/wp\/v2\/users\/15"}],"replies":[{"embeddable":true,"href":"https:\/\/jornaldasoficinas.com\/pt\/wp-json\/wp\/v2\/comments?post=32664"}],"version-history":[{"count":0,"href":"https:\/\/jornaldasoficinas.com\/pt\/wp-json\/wp\/v2\/posts\/32664\/revisions"}],"wp:featuredmedia":[{"embeddable":true,"href":"https:\/\/jornaldasoficinas.com\/pt\/wp-json\/wp\/v2\/media\/32663"}],"wp:attachment":[{"href":"https:\/\/jornaldasoficinas.com\/pt\/wp-json\/wp\/v2\/media?parent=32664"}],"wp:term":[{"taxonomy":"category","embeddable":true,"href":"https:\/\/jornaldasoficinas.com\/pt\/wp-json\/wp\/v2\/categories?post=32664"},{"taxonomy":"post_tag","embeddable":true,"href":"https:\/\/jornaldasoficinas.com\/pt\/wp-json\/wp\/v2\/tags?post=32664"}],"curies":[{"name":"wp","href":"https:\/\/api.w.org\/{rel}","templated":true}]}}