{"id":32885,"date":"2022-09-18T08:00:23","date_gmt":"2022-09-18T07:00:23","guid":{"rendered":"https:\/\/jornaldasoficinas.com\/pt\/?p=32885"},"modified":"2022-09-17T10:07:13","modified_gmt":"2022-09-17T09:07:13","slug":"bosch-apresenta-novas-ferramentas-de-teste-e-diagnostico","status":"publish","type":"post","link":"https:\/\/jornaldasoficinas.com\/pt\/bosch-apresenta-novas-ferramentas-de-teste-e-diagnostico\/","title":{"rendered":"Bosch apresenta novas ferramentas de teste e diagn\u00f3stico"},"content":{"rendered":"<p><img loading=\"lazy\" decoding=\"async\" class=\"alignnone size-full wp-image-32852\" src=\"https:\/\/jornaldasoficinas.com\/pt\/wp-content\/uploads\/2022\/09\/Bosch-apresenta-novas-ferramentas-de-teste-e-diagno\u0301stico.jpg\" alt=\"09 - Bosch apresenta novas ferramentas de teste e diagno\u0301stico\" width=\"1024\" height=\"581\" srcset=\"https:\/\/jornaldasoficinas.com\/pt\/wp-content\/uploads\/2022\/09\/Bosch-apresenta-novas-ferramentas-de-teste-e-diagno\u0301stico.jpg 1024w, https:\/\/jornaldasoficinas.com\/pt\/wp-content\/uploads\/2022\/09\/Bosch-apresenta-novas-ferramentas-de-teste-e-diagno\u0301stico-300x170.jpg 300w, https:\/\/jornaldasoficinas.com\/pt\/wp-content\/uploads\/2022\/09\/Bosch-apresenta-novas-ferramentas-de-teste-e-diagno\u0301stico-150x85.jpg 150w, https:\/\/jornaldasoficinas.com\/pt\/wp-content\/uploads\/2022\/09\/Bosch-apresenta-novas-ferramentas-de-teste-e-diagno\u0301stico-768x436.jpg 768w\" sizes=\"auto, (max-width: 1024px) 100vw, 1024px\" \/><\/p>\n<p><strong>A divis\u00e3o Automotive Aftermarket da <a href=\"https:\/\/www.boschaftermarket.com\/pt\/pt\/\" target=\"_blank\" rel=\"noopener\">Bosch<\/a> apresentou na Automechanika, as novas ferramentas de teste e diagn\u00f3stico da Bosch, equipadas com m\u00e9todos de medi\u00e7\u00e3o de \u00faltima gera\u00e7\u00e3o, permitem que os testes sejam realizados de acordo com os requisitos legais atuais<\/strong><\/p>\n<p>\u201cNunca na hist\u00f3ria do autom\u00f3vel as oficinas tiveram que aprender tantas tecnologias ao mesmo tempo. At\u00e9 agora, as oficinas tiveram de estar bem preparadas no que diz respeito a motores de combust\u00e3o. Estes motores s\u00e3o agora acompanhados por uma variedade de motores h\u00edbridos e el\u00e9tricos. Al\u00e9m disso, as c\u00e9lulas de combust\u00edvel est\u00e3o prestes a aparecer. A Bosch \u00e9 um parceiro confi\u00e1vel para oficinas que enfrentam todos esses enormes desafios t\u00e9cnicos\u201d, afirmou Rupert Hoellbacher, presidente da divis\u00e3o Automotive Aftermarket da Bosch, no decorrer da feira Automechanika em Frankfurt.<\/p>\n<p><strong>Manuten\u00e7\u00e3o precisa e eficiente, agora ainda mais r\u00e1pida, dos ve\u00edculos automatizados de hoje e de amanh\u00e3<br \/>\n<\/strong>A Bosch desenvolveu o DAS 3000 para ajuste e calibra\u00e7\u00e3o exatos dos sensores e sistemas de c\u00e2maras que equipam os modernos sistemas de assist\u00eancia ao condutor (ADAS) em ve\u00edculos de diferentes marcas. A ferramenta permite a calibra\u00e7\u00e3o precisa do ADAS ap\u00f3s trabalhos de manuten\u00e7\u00e3o ou repara\u00e7\u00e3o.<\/p>\n<p>O processo mais demorado \u00e9 a coloca\u00e7\u00e3o do painel de refer\u00eancia, no qual o dispositivo de calibra\u00e7\u00e3o \u00e9 alinhado de forma precisa e correta com o ve\u00edculo de acordo com as especifica\u00e7\u00f5es do fabricante. O ADAS One Solution \u00e9 o novo software que reduz para menos de metade o tempo necess\u00e1rio para isso em compara\u00e7\u00e3o com os m\u00e9todos convencionais.<\/p>\n<p>Integrado no software de diagn\u00f3stico ESI[tronic] da Bosch, este novo software guia o utilizador atrav\u00e9s do processo de configura\u00e7\u00e3o da placa de calibra\u00e7\u00e3o com anima\u00e7\u00f5es gr\u00e1ficas, mostrando exatamente o painel de refer\u00eancia e as posi\u00e7\u00f5es reais dos pain\u00e9is de calibra\u00e7\u00e3o ao redor do ve\u00edculo.<\/p>\n<p><strong>Bosch integra o acesso a dados protegidos de ve\u00edculos das marcas Ford, Porsche e Tesla no software de diagn\u00f3stico ESI[tronic]<br \/>\n<\/strong>Especialmente para oficinas independentes e multimarcas, as atualiza\u00e7\u00f5es regulares do software de diagn\u00f3stico Bosch ESI[tronic] 2.0 Online significam poder realizar manuten\u00e7\u00e3o e repara\u00e7\u00f5es de modo eficiente e confi\u00e1vel, mesmo nos modelos de ve\u00edculos mais recentes.<\/p>\n<p>Com o Secure Diagnostic Access (SDA), a Bosch desenvolveu uma solu\u00e7\u00e3o padronizada que permite o acesso direto do ESI[tronic] 2.0 Online a dados de diagn\u00f3stico protegidos de v\u00e1rios fabricantes autom\u00f3veis. Isso significa que as oficinas podem agora usar o seu software de diagn\u00f3stico e a sua licen\u00e7a de diagn\u00f3stico de unidade de controlo para aceder a dados protegidos de ve\u00edculos Ford e Porsche, independentemente de as solu\u00e7\u00f5es do fabricante estarem dispon\u00edveis localmente.<\/p>\n<p>Desta forma, as oficinas podem trabalhar em elementos como sistemas de assist\u00eancia ao condutor. Antes deste desenvolvimento, j\u00e1 era poss\u00edvel usar o Bosch SDA para aceder a ve\u00edculos das marcas Fiat, Alfa Romeo, Lancia, Abarth, Chrysler, Jeep, Dodge\/RAM, Mercedes-Benz e Volkswagen Group.<\/p>\n<p>Al\u00e9m disso, desde agosto, os utilizadores do ESI[tronic] podem obter ajuda quando trabalhar em ve\u00edculos da marca Tesla. Ap\u00f3s a \u00faltima atualiza\u00e7\u00e3o do ESI[tronic], os modelos Tesla S e X podem ser ligados ao equipamento de diagn\u00f3stico Bosch atrav\u00e9s da sua interface OBD, desde que a oficina tenha uma licen\u00e7a de diagn\u00f3stico de unidade de controlo v\u00e1lida. Outros modelos da Tesla seguir-se-\u00e3o.<\/p>\n","protected":false},"excerpt":{"rendered":"<p>A divis\u00e3o Automotive Aftermarket da Bosch&#8230;<\/p>\n","protected":false},"author":15,"featured_media":32852,"comment_status":"closed","ping_status":"closed","sticky":false,"template":"","format":"standard","meta":{"footnotes":""},"categories":[29],"tags":[123],"class_list":["post-32885","post","type-post","status-publish","format-standard","has-post-thumbnail","hentry","category-empresas","tag-bosch"],"yoast_head":"<!-- This site is optimized with the Yoast SEO plugin v27.5 - https:\/\/yoast.com\/product\/yoast-seo-wordpress\/ -->\n<title>Bosch apresenta novas ferramentas de teste e diagn\u00f3stico - Jornal das Oficinas<\/title>\n<meta name=\"robots\" content=\"index, follow, max-snippet:-1, max-image-preview:large, max-video-preview:-1\" \/>\n<link rel=\"canonical\" href=\"https:\/\/jornaldasoficinas.com\/pt\/bosch-apresenta-novas-ferramentas-de-teste-e-diagnostico\/\" \/>\n<meta property=\"og:locale\" content=\"pt_PT\" \/>\n<meta property=\"og:type\" content=\"article\" \/>\n<meta property=\"og:title\" content=\"Bosch apresenta novas ferramentas de teste e diagn\u00f3stico - Jornal das Oficinas\" \/>\n<meta property=\"og:description\" content=\"A divis\u00e3o Automotive Aftermarket da Bosch...\" \/>\n<meta property=\"og:url\" content=\"https:\/\/jornaldasoficinas.com\/pt\/bosch-apresenta-novas-ferramentas-de-teste-e-diagnostico\/\" \/>\n<meta property=\"og:site_name\" content=\"Jornal das Oficinas\" \/>\n<meta property=\"article:publisher\" content=\"https:\/\/www.facebook.com\/jornaloficinas\" \/>\n<meta property=\"article:published_time\" content=\"2022-09-18T07:00:23+00:00\" \/>\n<meta property=\"og:image\" content=\"https:\/\/jornaldasoficinas.com\/pt\/wp-content\/uploads\/2022\/09\/Bosch-apresenta-novas-ferramentas-de-teste-e-diagno\u0301stico.jpg\" \/>\n\t<meta property=\"og:image:width\" content=\"1024\" \/>\n\t<meta property=\"og:image:height\" content=\"581\" \/>\n\t<meta property=\"og:image:type\" content=\"image\/jpeg\" \/>\n<meta name=\"author\" content=\"Reda\u00e7\u00e3o JO\" \/>\n<meta name=\"twitter:card\" content=\"summary_large_image\" \/>\n<meta name=\"twitter:creator\" content=\"@jornaloficinas\" \/>\n<meta name=\"twitter:site\" content=\"@jornaloficinas\" \/>\n<meta name=\"twitter:label1\" content=\"Escrito por\" \/>\n\t<meta name=\"twitter:data1\" content=\"Reda\u00e7\u00e3o JO\" \/>\n\t<meta name=\"twitter:label2\" content=\"Tempo estimado de leitura\" \/>\n\t<meta name=\"twitter:data2\" content=\"3 minutos\" \/>\n<script type=\"application\/ld+json\" class=\"yoast-schema-graph\">{\"@context\":\"https:\\\/\\\/schema.org\",\"@graph\":[{\"@type\":\"Article\",\"@id\":\"https:\\\/\\\/jornaldasoficinas.com\\\/pt\\\/bosch-apresenta-novas-ferramentas-de-teste-e-diagnostico\\\/#article\",\"isPartOf\":{\"@id\":\"https:\\\/\\\/jornaldasoficinas.com\\\/pt\\\/bosch-apresenta-novas-ferramentas-de-teste-e-diagnostico\\\/\"},\"author\":{\"name\":\"Reda\u00e7\u00e3o JO\",\"@id\":\"https:\\\/\\\/jornaldasoficinas.com\\\/pt\\\/#\\\/schema\\\/person\\\/a38eef5de2c41d9e7c9ac10141afddf3\"},\"headline\":\"Bosch apresenta novas ferramentas de teste e diagn\u00f3stico\",\"datePublished\":\"2022-09-18T07:00:23+00:00\",\"mainEntityOfPage\":{\"@id\":\"https:\\\/\\\/jornaldasoficinas.com\\\/pt\\\/bosch-apresenta-novas-ferramentas-de-teste-e-diagnostico\\\/\"},\"wordCount\":610,\"publisher\":{\"@id\":\"https:\\\/\\\/jornaldasoficinas.com\\\/pt\\\/#organization\"},\"image\":{\"@id\":\"https:\\\/\\\/jornaldasoficinas.com\\\/pt\\\/bosch-apresenta-novas-ferramentas-de-teste-e-diagnostico\\\/#primaryimage\"},\"thumbnailUrl\":\"https:\\\/\\\/jornaldasoficinas.com\\\/pt\\\/wp-content\\\/uploads\\\/2022\\\/09\\\/Bosch-apresenta-novas-ferramentas-de-teste-e-diagno\u0301stico.jpg\",\"keywords\":[\"Bosch\"],\"articleSection\":[\"Empresas\"],\"inLanguage\":\"pt-PT\"},{\"@type\":\"WebPage\",\"@id\":\"https:\\\/\\\/jornaldasoficinas.com\\\/pt\\\/bosch-apresenta-novas-ferramentas-de-teste-e-diagnostico\\\/\",\"url\":\"https:\\\/\\\/jornaldasoficinas.com\\\/pt\\\/bosch-apresenta-novas-ferramentas-de-teste-e-diagnostico\\\/\",\"name\":\"Bosch apresenta novas ferramentas de teste e diagn\u00f3stico - Jornal das Oficinas\",\"isPartOf\":{\"@id\":\"https:\\\/\\\/jornaldasoficinas.com\\\/pt\\\/#website\"},\"primaryImageOfPage\":{\"@id\":\"https:\\\/\\\/jornaldasoficinas.com\\\/pt\\\/bosch-apresenta-novas-ferramentas-de-teste-e-diagnostico\\\/#primaryimage\"},\"image\":{\"@id\":\"https:\\\/\\\/jornaldasoficinas.com\\\/pt\\\/bosch-apresenta-novas-ferramentas-de-teste-e-diagnostico\\\/#primaryimage\"},\"thumbnailUrl\":\"https:\\\/\\\/jornaldasoficinas.com\\\/pt\\\/wp-content\\\/uploads\\\/2022\\\/09\\\/Bosch-apresenta-novas-ferramentas-de-teste-e-diagno\u0301stico.jpg\",\"datePublished\":\"2022-09-18T07:00:23+00:00\",\"breadcrumb\":{\"@id\":\"https:\\\/\\\/jornaldasoficinas.com\\\/pt\\\/bosch-apresenta-novas-ferramentas-de-teste-e-diagnostico\\\/#breadcrumb\"},\"inLanguage\":\"pt-PT\",\"potentialAction\":[{\"@type\":\"ReadAction\",\"target\":[\"https:\\\/\\\/jornaldasoficinas.com\\\/pt\\\/bosch-apresenta-novas-ferramentas-de-teste-e-diagnostico\\\/\"]}]},{\"@type\":\"ImageObject\",\"inLanguage\":\"pt-PT\",\"@id\":\"https:\\\/\\\/jornaldasoficinas.com\\\/pt\\\/bosch-apresenta-novas-ferramentas-de-teste-e-diagnostico\\\/#primaryimage\",\"url\":\"https:\\\/\\\/jornaldasoficinas.com\\\/pt\\\/wp-content\\\/uploads\\\/2022\\\/09\\\/Bosch-apresenta-novas-ferramentas-de-teste-e-diagno\u0301stico.jpg\",\"contentUrl\":\"https:\\\/\\\/jornaldasoficinas.com\\\/pt\\\/wp-content\\\/uploads\\\/2022\\\/09\\\/Bosch-apresenta-novas-ferramentas-de-teste-e-diagno\u0301stico.jpg\",\"width\":1024,\"height\":581,\"caption\":\"09 - Bosch apresenta novas ferramentas de teste e diagno\u0301stico\"},{\"@type\":\"BreadcrumbList\",\"@id\":\"https:\\\/\\\/jornaldasoficinas.com\\\/pt\\\/bosch-apresenta-novas-ferramentas-de-teste-e-diagnostico\\\/#breadcrumb\",\"itemListElement\":[{\"@type\":\"ListItem\",\"position\":1,\"name\":\"In\u00edcio\",\"item\":\"https:\\\/\\\/jornaldasoficinas.com\\\/pt\\\/\"},{\"@type\":\"ListItem\",\"position\":2,\"name\":\"Bosch apresenta novas ferramentas de teste e diagn\u00f3stico\"}]},{\"@type\":\"WebSite\",\"@id\":\"https:\\\/\\\/jornaldasoficinas.com\\\/pt\\\/#website\",\"url\":\"https:\\\/\\\/jornaldasoficinas.com\\\/pt\\\/\",\"name\":\"Jornal das Oficinas\",\"description\":\"Jornal independente do Aftermarket Autom\u00f3vel em Portugal\",\"publisher\":{\"@id\":\"https:\\\/\\\/jornaldasoficinas.com\\\/pt\\\/#organization\"},\"potentialAction\":[{\"@type\":\"SearchAction\",\"target\":{\"@type\":\"EntryPoint\",\"urlTemplate\":\"https:\\\/\\\/jornaldasoficinas.com\\\/pt\\\/?s={search_term_string}\"},\"query-input\":{\"@type\":\"PropertyValueSpecification\",\"valueRequired\":true,\"valueName\":\"search_term_string\"}}],\"inLanguage\":\"pt-PT\"},{\"@type\":\"Organization\",\"@id\":\"https:\\\/\\\/jornaldasoficinas.com\\\/pt\\\/#organization\",\"name\":\"Jornal das Oficinas\",\"url\":\"https:\\\/\\\/jornaldasoficinas.com\\\/pt\\\/\",\"logo\":{\"@type\":\"ImageObject\",\"inLanguage\":\"pt-PT\",\"@id\":\"https:\\\/\\\/jornaldasoficinas.com\\\/pt\\\/#\\\/schema\\\/logo\\\/image\\\/\",\"url\":\"https:\\\/\\\/jornaldasoficinas.com\\\/pt\\\/wp-content\\\/uploads\\\/logoJO-SEO.png\",\"contentUrl\":\"https:\\\/\\\/jornaldasoficinas.com\\\/pt\\\/wp-content\\\/uploads\\\/logoJO-SEO.png\",\"width\":285,\"height\":450,\"caption\":\"Jornal das Oficinas\"},\"image\":{\"@id\":\"https:\\\/\\\/jornaldasoficinas.com\\\/pt\\\/#\\\/schema\\\/logo\\\/image\\\/\"},\"sameAs\":[\"https:\\\/\\\/www.facebook.com\\\/jornaloficinas\",\"https:\\\/\\\/x.com\\\/jornaloficinas\",\"https:\\\/\\\/www.instagram.com\\\/jornal_oficinas\\\/\",\"https:\\\/\\\/www.linkedin.com\\\/company\\\/jornal-das-oficinas\\\/\",\"https:\\\/\\\/www.youtube.com\\\/channel\\\/UCbQZBqtcvV-oSQrr7RzINGg\"]},{\"@type\":\"Person\",\"@id\":\"https:\\\/\\\/jornaldasoficinas.com\\\/pt\\\/#\\\/schema\\\/person\\\/a38eef5de2c41d9e7c9ac10141afddf3\",\"name\":\"Reda\u00e7\u00e3o JO\",\"image\":{\"@type\":\"ImageObject\",\"inLanguage\":\"pt-PT\",\"@id\":\"https:\\\/\\\/secure.gravatar.com\\\/avatar\\\/71f2fa71737ad68a84fea94bc708ddac8ea5b0c4788dc2ad202f3ccb2887742f?s=96&d=wp_user_avatar&r=g\",\"url\":\"https:\\\/\\\/secure.gravatar.com\\\/avatar\\\/71f2fa71737ad68a84fea94bc708ddac8ea5b0c4788dc2ad202f3ccb2887742f?s=96&d=wp_user_avatar&r=g\",\"contentUrl\":\"https:\\\/\\\/secure.gravatar.com\\\/avatar\\\/71f2fa71737ad68a84fea94bc708ddac8ea5b0c4788dc2ad202f3ccb2887742f?s=96&d=wp_user_avatar&r=g\",\"caption\":\"Reda\u00e7\u00e3o JO\"},\"url\":\"https:\\\/\\\/jornaldasoficinas.com\\\/pt\\\/author\\\/joredacao\\\/\"}]}<\/script>\n<!-- \/ Yoast SEO plugin. -->","yoast_head_json":{"title":"Bosch apresenta novas ferramentas de teste e diagn\u00f3stico - Jornal das Oficinas","robots":{"index":"index","follow":"follow","max-snippet":"max-snippet:-1","max-image-preview":"max-image-preview:large","max-video-preview":"max-video-preview:-1"},"canonical":"https:\/\/jornaldasoficinas.com\/pt\/bosch-apresenta-novas-ferramentas-de-teste-e-diagnostico\/","og_locale":"pt_PT","og_type":"article","og_title":"Bosch apresenta novas ferramentas de teste e diagn\u00f3stico - Jornal das Oficinas","og_description":"A divis\u00e3o Automotive Aftermarket da Bosch...","og_url":"https:\/\/jornaldasoficinas.com\/pt\/bosch-apresenta-novas-ferramentas-de-teste-e-diagnostico\/","og_site_name":"Jornal das Oficinas","article_publisher":"https:\/\/www.facebook.com\/jornaloficinas","article_published_time":"2022-09-18T07:00:23+00:00","og_image":[{"width":1024,"height":581,"url":"https:\/\/jornaldasoficinas.com\/pt\/wp-content\/uploads\/2022\/09\/Bosch-apresenta-novas-ferramentas-de-teste-e-diagno\u0301stico.jpg","type":"image\/jpeg"}],"author":"Reda\u00e7\u00e3o JO","twitter_card":"summary_large_image","twitter_creator":"@jornaloficinas","twitter_site":"@jornaloficinas","twitter_misc":{"Escrito por":"Reda\u00e7\u00e3o JO","Tempo estimado de leitura":"3 minutos"},"schema":{"@context":"https:\/\/schema.org","@graph":[{"@type":"Article","@id":"https:\/\/jornaldasoficinas.com\/pt\/bosch-apresenta-novas-ferramentas-de-teste-e-diagnostico\/#article","isPartOf":{"@id":"https:\/\/jornaldasoficinas.com\/pt\/bosch-apresenta-novas-ferramentas-de-teste-e-diagnostico\/"},"author":{"name":"Reda\u00e7\u00e3o JO","@id":"https:\/\/jornaldasoficinas.com\/pt\/#\/schema\/person\/a38eef5de2c41d9e7c9ac10141afddf3"},"headline":"Bosch apresenta novas ferramentas de teste e diagn\u00f3stico","datePublished":"2022-09-18T07:00:23+00:00","mainEntityOfPage":{"@id":"https:\/\/jornaldasoficinas.com\/pt\/bosch-apresenta-novas-ferramentas-de-teste-e-diagnostico\/"},"wordCount":610,"publisher":{"@id":"https:\/\/jornaldasoficinas.com\/pt\/#organization"},"image":{"@id":"https:\/\/jornaldasoficinas.com\/pt\/bosch-apresenta-novas-ferramentas-de-teste-e-diagnostico\/#primaryimage"},"thumbnailUrl":"https:\/\/jornaldasoficinas.com\/pt\/wp-content\/uploads\/2022\/09\/Bosch-apresenta-novas-ferramentas-de-teste-e-diagno\u0301stico.jpg","keywords":["Bosch"],"articleSection":["Empresas"],"inLanguage":"pt-PT"},{"@type":"WebPage","@id":"https:\/\/jornaldasoficinas.com\/pt\/bosch-apresenta-novas-ferramentas-de-teste-e-diagnostico\/","url":"https:\/\/jornaldasoficinas.com\/pt\/bosch-apresenta-novas-ferramentas-de-teste-e-diagnostico\/","name":"Bosch apresenta novas ferramentas de teste e diagn\u00f3stico - Jornal das Oficinas","isPartOf":{"@id":"https:\/\/jornaldasoficinas.com\/pt\/#website"},"primaryImageOfPage":{"@id":"https:\/\/jornaldasoficinas.com\/pt\/bosch-apresenta-novas-ferramentas-de-teste-e-diagnostico\/#primaryimage"},"image":{"@id":"https:\/\/jornaldasoficinas.com\/pt\/bosch-apresenta-novas-ferramentas-de-teste-e-diagnostico\/#primaryimage"},"thumbnailUrl":"https:\/\/jornaldasoficinas.com\/pt\/wp-content\/uploads\/2022\/09\/Bosch-apresenta-novas-ferramentas-de-teste-e-diagno\u0301stico.jpg","datePublished":"2022-09-18T07:00:23+00:00","breadcrumb":{"@id":"https:\/\/jornaldasoficinas.com\/pt\/bosch-apresenta-novas-ferramentas-de-teste-e-diagnostico\/#breadcrumb"},"inLanguage":"pt-PT","potentialAction":[{"@type":"ReadAction","target":["https:\/\/jornaldasoficinas.com\/pt\/bosch-apresenta-novas-ferramentas-de-teste-e-diagnostico\/"]}]},{"@type":"ImageObject","inLanguage":"pt-PT","@id":"https:\/\/jornaldasoficinas.com\/pt\/bosch-apresenta-novas-ferramentas-de-teste-e-diagnostico\/#primaryimage","url":"https:\/\/jornaldasoficinas.com\/pt\/wp-content\/uploads\/2022\/09\/Bosch-apresenta-novas-ferramentas-de-teste-e-diagno\u0301stico.jpg","contentUrl":"https:\/\/jornaldasoficinas.com\/pt\/wp-content\/uploads\/2022\/09\/Bosch-apresenta-novas-ferramentas-de-teste-e-diagno\u0301stico.jpg","width":1024,"height":581,"caption":"09 - Bosch apresenta novas ferramentas de teste e diagno\u0301stico"},{"@type":"BreadcrumbList","@id":"https:\/\/jornaldasoficinas.com\/pt\/bosch-apresenta-novas-ferramentas-de-teste-e-diagnostico\/#breadcrumb","itemListElement":[{"@type":"ListItem","position":1,"name":"In\u00edcio","item":"https:\/\/jornaldasoficinas.com\/pt\/"},{"@type":"ListItem","position":2,"name":"Bosch apresenta novas ferramentas de teste e diagn\u00f3stico"}]},{"@type":"WebSite","@id":"https:\/\/jornaldasoficinas.com\/pt\/#website","url":"https:\/\/jornaldasoficinas.com\/pt\/","name":"Jornal das Oficinas","description":"Jornal independente do Aftermarket Autom\u00f3vel em Portugal","publisher":{"@id":"https:\/\/jornaldasoficinas.com\/pt\/#organization"},"potentialAction":[{"@type":"SearchAction","target":{"@type":"EntryPoint","urlTemplate":"https:\/\/jornaldasoficinas.com\/pt\/?s={search_term_string}"},"query-input":{"@type":"PropertyValueSpecification","valueRequired":true,"valueName":"search_term_string"}}],"inLanguage":"pt-PT"},{"@type":"Organization","@id":"https:\/\/jornaldasoficinas.com\/pt\/#organization","name":"Jornal das Oficinas","url":"https:\/\/jornaldasoficinas.com\/pt\/","logo":{"@type":"ImageObject","inLanguage":"pt-PT","@id":"https:\/\/jornaldasoficinas.com\/pt\/#\/schema\/logo\/image\/","url":"https:\/\/jornaldasoficinas.com\/pt\/wp-content\/uploads\/logoJO-SEO.png","contentUrl":"https:\/\/jornaldasoficinas.com\/pt\/wp-content\/uploads\/logoJO-SEO.png","width":285,"height":450,"caption":"Jornal das Oficinas"},"image":{"@id":"https:\/\/jornaldasoficinas.com\/pt\/#\/schema\/logo\/image\/"},"sameAs":["https:\/\/www.facebook.com\/jornaloficinas","https:\/\/x.com\/jornaloficinas","https:\/\/www.instagram.com\/jornal_oficinas\/","https:\/\/www.linkedin.com\/company\/jornal-das-oficinas\/","https:\/\/www.youtube.com\/channel\/UCbQZBqtcvV-oSQrr7RzINGg"]},{"@type":"Person","@id":"https:\/\/jornaldasoficinas.com\/pt\/#\/schema\/person\/a38eef5de2c41d9e7c9ac10141afddf3","name":"Reda\u00e7\u00e3o JO","image":{"@type":"ImageObject","inLanguage":"pt-PT","@id":"https:\/\/secure.gravatar.com\/avatar\/71f2fa71737ad68a84fea94bc708ddac8ea5b0c4788dc2ad202f3ccb2887742f?s=96&d=wp_user_avatar&r=g","url":"https:\/\/secure.gravatar.com\/avatar\/71f2fa71737ad68a84fea94bc708ddac8ea5b0c4788dc2ad202f3ccb2887742f?s=96&d=wp_user_avatar&r=g","contentUrl":"https:\/\/secure.gravatar.com\/avatar\/71f2fa71737ad68a84fea94bc708ddac8ea5b0c4788dc2ad202f3ccb2887742f?s=96&d=wp_user_avatar&r=g","caption":"Reda\u00e7\u00e3o JO"},"url":"https:\/\/jornaldasoficinas.com\/pt\/author\/joredacao\/"}]}},"_links":{"self":[{"href":"https:\/\/jornaldasoficinas.com\/pt\/wp-json\/wp\/v2\/posts\/32885","targetHints":{"allow":["GET"]}}],"collection":[{"href":"https:\/\/jornaldasoficinas.com\/pt\/wp-json\/wp\/v2\/posts"}],"about":[{"href":"https:\/\/jornaldasoficinas.com\/pt\/wp-json\/wp\/v2\/types\/post"}],"author":[{"embeddable":true,"href":"https:\/\/jornaldasoficinas.com\/pt\/wp-json\/wp\/v2\/users\/15"}],"replies":[{"embeddable":true,"href":"https:\/\/jornaldasoficinas.com\/pt\/wp-json\/wp\/v2\/comments?post=32885"}],"version-history":[{"count":0,"href":"https:\/\/jornaldasoficinas.com\/pt\/wp-json\/wp\/v2\/posts\/32885\/revisions"}],"wp:featuredmedia":[{"embeddable":true,"href":"https:\/\/jornaldasoficinas.com\/pt\/wp-json\/wp\/v2\/media\/32852"}],"wp:attachment":[{"href":"https:\/\/jornaldasoficinas.com\/pt\/wp-json\/wp\/v2\/media?parent=32885"}],"wp:term":[{"taxonomy":"category","embeddable":true,"href":"https:\/\/jornaldasoficinas.com\/pt\/wp-json\/wp\/v2\/categories?post=32885"},{"taxonomy":"post_tag","embeddable":true,"href":"https:\/\/jornaldasoficinas.com\/pt\/wp-json\/wp\/v2\/tags?post=32885"}],"curies":[{"name":"wp","href":"https:\/\/api.w.org\/{rel}","templated":true}]}}