{"id":32889,"date":"2022-09-18T10:00:28","date_gmt":"2022-09-18T09:00:28","guid":{"rendered":"https:\/\/jornaldasoficinas.com\/pt\/?p=32889"},"modified":"2022-09-17T11:41:39","modified_gmt":"2022-09-17T10:41:39","slug":"mewa-amplia-leque-de-panos","status":"publish","type":"post","link":"https:\/\/jornaldasoficinas.com\/pt\/mewa-amplia-leque-de-panos\/","title":{"rendered":"Mewa amplia leque de panos"},"content":{"rendered":"<p><strong><img loading=\"lazy\" decoding=\"async\" class=\"alignnone size-full wp-image-32858\" src=\"https:\/\/jornaldasoficinas.com\/pt\/wp-content\/uploads\/2022\/09\/Mewa-amplia-leque-de-panos.jpg\" alt=\"09 - Mewa amplia leque de panos\" width=\"1024\" height=\"581\" srcset=\"https:\/\/jornaldasoficinas.com\/pt\/wp-content\/uploads\/2022\/09\/Mewa-amplia-leque-de-panos.jpg 1024w, https:\/\/jornaldasoficinas.com\/pt\/wp-content\/uploads\/2022\/09\/Mewa-amplia-leque-de-panos-300x170.jpg 300w, https:\/\/jornaldasoficinas.com\/pt\/wp-content\/uploads\/2022\/09\/Mewa-amplia-leque-de-panos-150x85.jpg 150w, https:\/\/jornaldasoficinas.com\/pt\/wp-content\/uploads\/2022\/09\/Mewa-amplia-leque-de-panos-768x436.jpg 768w\" sizes=\"auto, (max-width: 1024px) 100vw, 1024px\" \/><\/strong><\/p>\n<p><strong>A <a href=\"https:\/\/www.mewa.pt\/\" target=\"_blank\" rel=\"noopener\">Mewa<\/a>, tem no seu portf\u00f3lio os panos Mewatex, Mewatex Ultra, Mewatex Plus, Mewa Protex com as seguintes combina\u00e7\u00f5es de cores: branco e vermelho, branco e azul, branco e verde, rosa e cinzento e um todo azul<\/strong><\/p>\n<p>A Mewa acompanhou a evolu\u00e7\u00e3o do tempo da ind\u00fastria 2.0 \u00e0 ind\u00fastria 4.0 e ampliou o leque dos panos. H\u00e1 mais de cem anos, a empresa alem\u00e3 arrancou com uma \u00fanica qualidade de panos: No in\u00edcio, havia o Mewatex, um pano de algod\u00e3o, produzido e tecido pela Mewa, robusto, ultra-absorvente, que mant\u00e9m a forma e, o melhor de tudo: \u00e9 reutiliz\u00e1vel.<\/p>\n<p>Nessa altura, podia ser lavado at\u00e9 dez vezes e devolvido aos clientes, hoje suporta at\u00e9 50 lavagens sem perder qualidade. Ao longo das d\u00e9cadas, n\u00e3o s\u00f3 o Mewatex tem sido permanentemente otimizado, como tamb\u00e9m foram desenvolvidos e produzidos novos panos de limpeza que fizeram crescer a oferta da Mewa.<\/p>\n<p>O ano de 1997 foi declarado como o \u201cAno do Pano de Limpeza\u201d e a empresa lan\u00e7ou logo dois novos panos no mercado: o Mewatex Plus para superf\u00edcies sens\u00edveis e o Mewa Protex feito de microfibra e que praticamente n\u00e3o larga cot\u00e3o. A ideia base: disponibilizar a cada produ\u00e7\u00e3o e a cada oficina o pano ideal para a limpeza perfeita de m\u00e1quinas e ferramentas com um sistema circular amigo do ambiente. Ali\u00e1s, j\u00e1 h\u00e1 mais de 40 anos que a lavagem sustent\u00e1vel tem sido o objetivo oficial da empresa, alcan\u00e7ado mediante elevados padr\u00f5es ambientais nas f\u00e1bricas.<\/p>\n<p><strong>Todas as qualidades de panos est\u00e3o dispon\u00edveis em Textilsharing<br \/>\n<\/strong>Hoje chamamos ao sistema de panos de limpeza da Mewa \u201cTextilsharing\u201d \u2013 partilha de t\u00eaxteis. Mais de 190.000 empresas de 21 pa\u00edses europeus utilizam os panos de limpeza da Mewa sem os possuir. A Mewa recolhe os panos, lava-os, avalia se est\u00e3o em condi\u00e7\u00f5es impec\u00e1veis de reutiliza\u00e7\u00e3o e devolve-os.<\/p>\n<p><strong>Os pontos fortes das diferentes qualidades de panos<br \/>\n<\/strong>Mewatex: O robusto pano limpa-tudo, feito de algod\u00e3o de alta qualidade, bate aos pontos de qualquer pano de papel. Gra\u00e7as \u00e0 singular estrutura da superf\u00edcie \u00e9 extremamente absorvente e limpa m\u00e1quinas e componentes com muita facilidade, rapidez e rigor. Remove de forma fi\u00e1vel a sujidade com \u00f3leo, tinta, emuls\u00f5es de perfura\u00e7\u00e3o, solventes e gorduras. \u00c9 tamb\u00e9m ideal para a limpeza h\u00famida de superf\u00edcies lisas.<\/p>\n<p>Mewatex Plus: Quem precisar de uma textura extra-suave em combina\u00e7\u00e3o com os pontos fortes do pano limpa-tudo, est\u00e1 bem servido(a) com este pano. Remove, de forma suave, a sujidade de superf\u00edcies sens\u00edveis. Gra\u00e7as \u00e0 sua tecelagem apertada, o pano feito de algod\u00e3o de alta qualidade praticamente n\u00e3o larga cot\u00e3o.<\/p>\n<p>Mewatex Ultra: Este pano de limpeza \u00e9 a escolha ideal para aplica\u00e7\u00f5es que requerem n\u00e3o s\u00f3 excel\u00eancia quanto \u00e0 capacidade de absor\u00e7\u00e3o e suavidade, mas tamb\u00e9m rapidez. Junta-se \u00e0 absor\u00e7\u00e3o turbo a vantagem de praticamente n\u00e3o largar cot\u00e3o. Feito de um tecido de algod\u00e3o especialmente tratado, o pano absorve, num instante, uma quantidade de l\u00edquido muitas vezes maior do que o seu pr\u00f3prio volume e \u00e9 tamb\u00e9m adequado para o polimento.<\/p>\n<p>Mewa Protex: Este pano em microfibra \u00e9 recomendado para a limpeza e o polimento de superf\u00edcies altamente sens\u00edveis. Praticamente n\u00e3o larga cot\u00e3o e \u00e9 feito de material altamente absorvente. Pode absorver at\u00e9 2,5 vezes o seu pr\u00f3prio peso em l\u00edquidos.<\/p>\n","protected":false},"excerpt":{"rendered":"<p>A Mewa, tem no seu portf\u00f3lio&#8230;<\/p>\n","protected":false},"author":15,"featured_media":32858,"comment_status":"closed","ping_status":"closed","sticky":false,"template":"","format":"standard","meta":{"footnotes":""},"categories":[29],"tags":[669],"class_list":["post-32889","post","type-post","status-publish","format-standard","has-post-thumbnail","hentry","category-empresas","tag-mewa"],"yoast_head":"<!-- This site is optimized with the Yoast SEO plugin v27.4 - https:\/\/yoast.com\/product\/yoast-seo-wordpress\/ -->\n<title>Mewa amplia leque de panos - Jornal das Oficinas<\/title>\n<meta name=\"robots\" content=\"index, follow, max-snippet:-1, max-image-preview:large, max-video-preview:-1\" \/>\n<link rel=\"canonical\" href=\"https:\/\/jornaldasoficinas.com\/pt\/mewa-amplia-leque-de-panos\/\" \/>\n<meta property=\"og:locale\" content=\"pt_PT\" \/>\n<meta property=\"og:type\" content=\"article\" \/>\n<meta property=\"og:title\" content=\"Mewa amplia leque de panos - Jornal das Oficinas\" \/>\n<meta property=\"og:description\" content=\"A Mewa, tem no seu portf\u00f3lio...\" \/>\n<meta property=\"og:url\" content=\"https:\/\/jornaldasoficinas.com\/pt\/mewa-amplia-leque-de-panos\/\" \/>\n<meta property=\"og:site_name\" content=\"Jornal das Oficinas\" \/>\n<meta property=\"article:publisher\" content=\"https:\/\/www.facebook.com\/jornaloficinas\" \/>\n<meta property=\"article:published_time\" content=\"2022-09-18T09:00:28+00:00\" \/>\n<meta property=\"og:image\" content=\"https:\/\/jornaldasoficinas.com\/pt\/wp-content\/uploads\/2022\/09\/Mewa-amplia-leque-de-panos.jpg\" \/>\n\t<meta property=\"og:image:width\" content=\"1024\" \/>\n\t<meta property=\"og:image:height\" content=\"581\" \/>\n\t<meta property=\"og:image:type\" content=\"image\/jpeg\" \/>\n<meta name=\"author\" content=\"Reda\u00e7\u00e3o JO\" \/>\n<meta name=\"twitter:card\" content=\"summary_large_image\" \/>\n<meta name=\"twitter:creator\" content=\"@jornaloficinas\" \/>\n<meta name=\"twitter:site\" content=\"@jornaloficinas\" \/>\n<meta name=\"twitter:label1\" content=\"Escrito por\" \/>\n\t<meta name=\"twitter:data1\" content=\"Reda\u00e7\u00e3o JO\" \/>\n\t<meta name=\"twitter:label2\" content=\"Tempo estimado de leitura\" \/>\n\t<meta name=\"twitter:data2\" content=\"3 minutos\" \/>\n<script type=\"application\/ld+json\" class=\"yoast-schema-graph\">{\"@context\":\"https:\\\/\\\/schema.org\",\"@graph\":[{\"@type\":\"Article\",\"@id\":\"https:\\\/\\\/jornaldasoficinas.com\\\/pt\\\/mewa-amplia-leque-de-panos\\\/#article\",\"isPartOf\":{\"@id\":\"https:\\\/\\\/jornaldasoficinas.com\\\/pt\\\/mewa-amplia-leque-de-panos\\\/\"},\"author\":{\"name\":\"Reda\u00e7\u00e3o JO\",\"@id\":\"https:\\\/\\\/jornaldasoficinas.com\\\/pt\\\/#\\\/schema\\\/person\\\/a38eef5de2c41d9e7c9ac10141afddf3\"},\"headline\":\"Mewa amplia leque de panos\",\"datePublished\":\"2022-09-18T09:00:28+00:00\",\"mainEntityOfPage\":{\"@id\":\"https:\\\/\\\/jornaldasoficinas.com\\\/pt\\\/mewa-amplia-leque-de-panos\\\/\"},\"wordCount\":585,\"publisher\":{\"@id\":\"https:\\\/\\\/jornaldasoficinas.com\\\/pt\\\/#organization\"},\"image\":{\"@id\":\"https:\\\/\\\/jornaldasoficinas.com\\\/pt\\\/mewa-amplia-leque-de-panos\\\/#primaryimage\"},\"thumbnailUrl\":\"https:\\\/\\\/jornaldasoficinas.com\\\/pt\\\/wp-content\\\/uploads\\\/2022\\\/09\\\/Mewa-amplia-leque-de-panos.jpg\",\"keywords\":[\"MEWA\"],\"articleSection\":[\"Empresas\"],\"inLanguage\":\"pt-PT\"},{\"@type\":\"WebPage\",\"@id\":\"https:\\\/\\\/jornaldasoficinas.com\\\/pt\\\/mewa-amplia-leque-de-panos\\\/\",\"url\":\"https:\\\/\\\/jornaldasoficinas.com\\\/pt\\\/mewa-amplia-leque-de-panos\\\/\",\"name\":\"Mewa amplia leque de panos - Jornal das Oficinas\",\"isPartOf\":{\"@id\":\"https:\\\/\\\/jornaldasoficinas.com\\\/pt\\\/#website\"},\"primaryImageOfPage\":{\"@id\":\"https:\\\/\\\/jornaldasoficinas.com\\\/pt\\\/mewa-amplia-leque-de-panos\\\/#primaryimage\"},\"image\":{\"@id\":\"https:\\\/\\\/jornaldasoficinas.com\\\/pt\\\/mewa-amplia-leque-de-panos\\\/#primaryimage\"},\"thumbnailUrl\":\"https:\\\/\\\/jornaldasoficinas.com\\\/pt\\\/wp-content\\\/uploads\\\/2022\\\/09\\\/Mewa-amplia-leque-de-panos.jpg\",\"datePublished\":\"2022-09-18T09:00:28+00:00\",\"breadcrumb\":{\"@id\":\"https:\\\/\\\/jornaldasoficinas.com\\\/pt\\\/mewa-amplia-leque-de-panos\\\/#breadcrumb\"},\"inLanguage\":\"pt-PT\",\"potentialAction\":[{\"@type\":\"ReadAction\",\"target\":[\"https:\\\/\\\/jornaldasoficinas.com\\\/pt\\\/mewa-amplia-leque-de-panos\\\/\"]}]},{\"@type\":\"ImageObject\",\"inLanguage\":\"pt-PT\",\"@id\":\"https:\\\/\\\/jornaldasoficinas.com\\\/pt\\\/mewa-amplia-leque-de-panos\\\/#primaryimage\",\"url\":\"https:\\\/\\\/jornaldasoficinas.com\\\/pt\\\/wp-content\\\/uploads\\\/2022\\\/09\\\/Mewa-amplia-leque-de-panos.jpg\",\"contentUrl\":\"https:\\\/\\\/jornaldasoficinas.com\\\/pt\\\/wp-content\\\/uploads\\\/2022\\\/09\\\/Mewa-amplia-leque-de-panos.jpg\",\"width\":1024,\"height\":581,\"caption\":\"09 - Mewa amplia leque de panos\"},{\"@type\":\"BreadcrumbList\",\"@id\":\"https:\\\/\\\/jornaldasoficinas.com\\\/pt\\\/mewa-amplia-leque-de-panos\\\/#breadcrumb\",\"itemListElement\":[{\"@type\":\"ListItem\",\"position\":1,\"name\":\"In\u00edcio\",\"item\":\"https:\\\/\\\/jornaldasoficinas.com\\\/pt\\\/\"},{\"@type\":\"ListItem\",\"position\":2,\"name\":\"Mewa amplia leque de panos\"}]},{\"@type\":\"WebSite\",\"@id\":\"https:\\\/\\\/jornaldasoficinas.com\\\/pt\\\/#website\",\"url\":\"https:\\\/\\\/jornaldasoficinas.com\\\/pt\\\/\",\"name\":\"Jornal das Oficinas\",\"description\":\"Jornal independente do Aftermarket Autom\u00f3vel em Portugal\",\"publisher\":{\"@id\":\"https:\\\/\\\/jornaldasoficinas.com\\\/pt\\\/#organization\"},\"potentialAction\":[{\"@type\":\"SearchAction\",\"target\":{\"@type\":\"EntryPoint\",\"urlTemplate\":\"https:\\\/\\\/jornaldasoficinas.com\\\/pt\\\/?s={search_term_string}\"},\"query-input\":{\"@type\":\"PropertyValueSpecification\",\"valueRequired\":true,\"valueName\":\"search_term_string\"}}],\"inLanguage\":\"pt-PT\"},{\"@type\":\"Organization\",\"@id\":\"https:\\\/\\\/jornaldasoficinas.com\\\/pt\\\/#organization\",\"name\":\"Jornal das Oficinas\",\"url\":\"https:\\\/\\\/jornaldasoficinas.com\\\/pt\\\/\",\"logo\":{\"@type\":\"ImageObject\",\"inLanguage\":\"pt-PT\",\"@id\":\"https:\\\/\\\/jornaldasoficinas.com\\\/pt\\\/#\\\/schema\\\/logo\\\/image\\\/\",\"url\":\"https:\\\/\\\/jornaldasoficinas.com\\\/pt\\\/wp-content\\\/uploads\\\/logoJO-SEO.png\",\"contentUrl\":\"https:\\\/\\\/jornaldasoficinas.com\\\/pt\\\/wp-content\\\/uploads\\\/logoJO-SEO.png\",\"width\":285,\"height\":450,\"caption\":\"Jornal das Oficinas\"},\"image\":{\"@id\":\"https:\\\/\\\/jornaldasoficinas.com\\\/pt\\\/#\\\/schema\\\/logo\\\/image\\\/\"},\"sameAs\":[\"https:\\\/\\\/www.facebook.com\\\/jornaloficinas\",\"https:\\\/\\\/x.com\\\/jornaloficinas\",\"https:\\\/\\\/www.instagram.com\\\/jornal_oficinas\\\/\",\"https:\\\/\\\/www.linkedin.com\\\/company\\\/jornal-das-oficinas\\\/\",\"https:\\\/\\\/www.youtube.com\\\/channel\\\/UCbQZBqtcvV-oSQrr7RzINGg\"]},{\"@type\":\"Person\",\"@id\":\"https:\\\/\\\/jornaldasoficinas.com\\\/pt\\\/#\\\/schema\\\/person\\\/a38eef5de2c41d9e7c9ac10141afddf3\",\"name\":\"Reda\u00e7\u00e3o JO\",\"image\":{\"@type\":\"ImageObject\",\"inLanguage\":\"pt-PT\",\"@id\":\"https:\\\/\\\/secure.gravatar.com\\\/avatar\\\/71f2fa71737ad68a84fea94bc708ddac8ea5b0c4788dc2ad202f3ccb2887742f?s=96&d=wp_user_avatar&r=g\",\"url\":\"https:\\\/\\\/secure.gravatar.com\\\/avatar\\\/71f2fa71737ad68a84fea94bc708ddac8ea5b0c4788dc2ad202f3ccb2887742f?s=96&d=wp_user_avatar&r=g\",\"contentUrl\":\"https:\\\/\\\/secure.gravatar.com\\\/avatar\\\/71f2fa71737ad68a84fea94bc708ddac8ea5b0c4788dc2ad202f3ccb2887742f?s=96&d=wp_user_avatar&r=g\",\"caption\":\"Reda\u00e7\u00e3o JO\"},\"url\":\"https:\\\/\\\/jornaldasoficinas.com\\\/pt\\\/author\\\/joredacao\\\/\"}]}<\/script>\n<!-- \/ Yoast SEO plugin. -->","yoast_head_json":{"title":"Mewa amplia leque de panos - Jornal das Oficinas","robots":{"index":"index","follow":"follow","max-snippet":"max-snippet:-1","max-image-preview":"max-image-preview:large","max-video-preview":"max-video-preview:-1"},"canonical":"https:\/\/jornaldasoficinas.com\/pt\/mewa-amplia-leque-de-panos\/","og_locale":"pt_PT","og_type":"article","og_title":"Mewa amplia leque de panos - Jornal das Oficinas","og_description":"A Mewa, tem no seu portf\u00f3lio...","og_url":"https:\/\/jornaldasoficinas.com\/pt\/mewa-amplia-leque-de-panos\/","og_site_name":"Jornal das Oficinas","article_publisher":"https:\/\/www.facebook.com\/jornaloficinas","article_published_time":"2022-09-18T09:00:28+00:00","og_image":[{"width":1024,"height":581,"url":"https:\/\/jornaldasoficinas.com\/pt\/wp-content\/uploads\/2022\/09\/Mewa-amplia-leque-de-panos.jpg","type":"image\/jpeg"}],"author":"Reda\u00e7\u00e3o JO","twitter_card":"summary_large_image","twitter_creator":"@jornaloficinas","twitter_site":"@jornaloficinas","twitter_misc":{"Escrito por":"Reda\u00e7\u00e3o JO","Tempo estimado de leitura":"3 minutos"},"schema":{"@context":"https:\/\/schema.org","@graph":[{"@type":"Article","@id":"https:\/\/jornaldasoficinas.com\/pt\/mewa-amplia-leque-de-panos\/#article","isPartOf":{"@id":"https:\/\/jornaldasoficinas.com\/pt\/mewa-amplia-leque-de-panos\/"},"author":{"name":"Reda\u00e7\u00e3o JO","@id":"https:\/\/jornaldasoficinas.com\/pt\/#\/schema\/person\/a38eef5de2c41d9e7c9ac10141afddf3"},"headline":"Mewa amplia leque de panos","datePublished":"2022-09-18T09:00:28+00:00","mainEntityOfPage":{"@id":"https:\/\/jornaldasoficinas.com\/pt\/mewa-amplia-leque-de-panos\/"},"wordCount":585,"publisher":{"@id":"https:\/\/jornaldasoficinas.com\/pt\/#organization"},"image":{"@id":"https:\/\/jornaldasoficinas.com\/pt\/mewa-amplia-leque-de-panos\/#primaryimage"},"thumbnailUrl":"https:\/\/jornaldasoficinas.com\/pt\/wp-content\/uploads\/2022\/09\/Mewa-amplia-leque-de-panos.jpg","keywords":["MEWA"],"articleSection":["Empresas"],"inLanguage":"pt-PT"},{"@type":"WebPage","@id":"https:\/\/jornaldasoficinas.com\/pt\/mewa-amplia-leque-de-panos\/","url":"https:\/\/jornaldasoficinas.com\/pt\/mewa-amplia-leque-de-panos\/","name":"Mewa amplia leque de panos - Jornal das Oficinas","isPartOf":{"@id":"https:\/\/jornaldasoficinas.com\/pt\/#website"},"primaryImageOfPage":{"@id":"https:\/\/jornaldasoficinas.com\/pt\/mewa-amplia-leque-de-panos\/#primaryimage"},"image":{"@id":"https:\/\/jornaldasoficinas.com\/pt\/mewa-amplia-leque-de-panos\/#primaryimage"},"thumbnailUrl":"https:\/\/jornaldasoficinas.com\/pt\/wp-content\/uploads\/2022\/09\/Mewa-amplia-leque-de-panos.jpg","datePublished":"2022-09-18T09:00:28+00:00","breadcrumb":{"@id":"https:\/\/jornaldasoficinas.com\/pt\/mewa-amplia-leque-de-panos\/#breadcrumb"},"inLanguage":"pt-PT","potentialAction":[{"@type":"ReadAction","target":["https:\/\/jornaldasoficinas.com\/pt\/mewa-amplia-leque-de-panos\/"]}]},{"@type":"ImageObject","inLanguage":"pt-PT","@id":"https:\/\/jornaldasoficinas.com\/pt\/mewa-amplia-leque-de-panos\/#primaryimage","url":"https:\/\/jornaldasoficinas.com\/pt\/wp-content\/uploads\/2022\/09\/Mewa-amplia-leque-de-panos.jpg","contentUrl":"https:\/\/jornaldasoficinas.com\/pt\/wp-content\/uploads\/2022\/09\/Mewa-amplia-leque-de-panos.jpg","width":1024,"height":581,"caption":"09 - Mewa amplia leque de panos"},{"@type":"BreadcrumbList","@id":"https:\/\/jornaldasoficinas.com\/pt\/mewa-amplia-leque-de-panos\/#breadcrumb","itemListElement":[{"@type":"ListItem","position":1,"name":"In\u00edcio","item":"https:\/\/jornaldasoficinas.com\/pt\/"},{"@type":"ListItem","position":2,"name":"Mewa amplia leque de panos"}]},{"@type":"WebSite","@id":"https:\/\/jornaldasoficinas.com\/pt\/#website","url":"https:\/\/jornaldasoficinas.com\/pt\/","name":"Jornal das Oficinas","description":"Jornal independente do Aftermarket Autom\u00f3vel em Portugal","publisher":{"@id":"https:\/\/jornaldasoficinas.com\/pt\/#organization"},"potentialAction":[{"@type":"SearchAction","target":{"@type":"EntryPoint","urlTemplate":"https:\/\/jornaldasoficinas.com\/pt\/?s={search_term_string}"},"query-input":{"@type":"PropertyValueSpecification","valueRequired":true,"valueName":"search_term_string"}}],"inLanguage":"pt-PT"},{"@type":"Organization","@id":"https:\/\/jornaldasoficinas.com\/pt\/#organization","name":"Jornal das Oficinas","url":"https:\/\/jornaldasoficinas.com\/pt\/","logo":{"@type":"ImageObject","inLanguage":"pt-PT","@id":"https:\/\/jornaldasoficinas.com\/pt\/#\/schema\/logo\/image\/","url":"https:\/\/jornaldasoficinas.com\/pt\/wp-content\/uploads\/logoJO-SEO.png","contentUrl":"https:\/\/jornaldasoficinas.com\/pt\/wp-content\/uploads\/logoJO-SEO.png","width":285,"height":450,"caption":"Jornal das Oficinas"},"image":{"@id":"https:\/\/jornaldasoficinas.com\/pt\/#\/schema\/logo\/image\/"},"sameAs":["https:\/\/www.facebook.com\/jornaloficinas","https:\/\/x.com\/jornaloficinas","https:\/\/www.instagram.com\/jornal_oficinas\/","https:\/\/www.linkedin.com\/company\/jornal-das-oficinas\/","https:\/\/www.youtube.com\/channel\/UCbQZBqtcvV-oSQrr7RzINGg"]},{"@type":"Person","@id":"https:\/\/jornaldasoficinas.com\/pt\/#\/schema\/person\/a38eef5de2c41d9e7c9ac10141afddf3","name":"Reda\u00e7\u00e3o JO","image":{"@type":"ImageObject","inLanguage":"pt-PT","@id":"https:\/\/secure.gravatar.com\/avatar\/71f2fa71737ad68a84fea94bc708ddac8ea5b0c4788dc2ad202f3ccb2887742f?s=96&d=wp_user_avatar&r=g","url":"https:\/\/secure.gravatar.com\/avatar\/71f2fa71737ad68a84fea94bc708ddac8ea5b0c4788dc2ad202f3ccb2887742f?s=96&d=wp_user_avatar&r=g","contentUrl":"https:\/\/secure.gravatar.com\/avatar\/71f2fa71737ad68a84fea94bc708ddac8ea5b0c4788dc2ad202f3ccb2887742f?s=96&d=wp_user_avatar&r=g","caption":"Reda\u00e7\u00e3o JO"},"url":"https:\/\/jornaldasoficinas.com\/pt\/author\/joredacao\/"}]}},"_links":{"self":[{"href":"https:\/\/jornaldasoficinas.com\/pt\/wp-json\/wp\/v2\/posts\/32889","targetHints":{"allow":["GET"]}}],"collection":[{"href":"https:\/\/jornaldasoficinas.com\/pt\/wp-json\/wp\/v2\/posts"}],"about":[{"href":"https:\/\/jornaldasoficinas.com\/pt\/wp-json\/wp\/v2\/types\/post"}],"author":[{"embeddable":true,"href":"https:\/\/jornaldasoficinas.com\/pt\/wp-json\/wp\/v2\/users\/15"}],"replies":[{"embeddable":true,"href":"https:\/\/jornaldasoficinas.com\/pt\/wp-json\/wp\/v2\/comments?post=32889"}],"version-history":[{"count":0,"href":"https:\/\/jornaldasoficinas.com\/pt\/wp-json\/wp\/v2\/posts\/32889\/revisions"}],"wp:featuredmedia":[{"embeddable":true,"href":"https:\/\/jornaldasoficinas.com\/pt\/wp-json\/wp\/v2\/media\/32858"}],"wp:attachment":[{"href":"https:\/\/jornaldasoficinas.com\/pt\/wp-json\/wp\/v2\/media?parent=32889"}],"wp:term":[{"taxonomy":"category","embeddable":true,"href":"https:\/\/jornaldasoficinas.com\/pt\/wp-json\/wp\/v2\/categories?post=32889"},{"taxonomy":"post_tag","embeddable":true,"href":"https:\/\/jornaldasoficinas.com\/pt\/wp-json\/wp\/v2\/tags?post=32889"}],"curies":[{"name":"wp","href":"https:\/\/api.w.org\/{rel}","templated":true}]}}