{"id":32901,"date":"2022-09-18T18:00:39","date_gmt":"2022-09-18T17:00:39","guid":{"rendered":"https:\/\/jornaldasoficinas.com\/pt\/?p=32901"},"modified":"2022-09-18T08:12:48","modified_gmt":"2022-09-18T07:12:48","slug":"olipes-aposta-na-expansao-da-marca-em-portugal","status":"publish","type":"post","link":"https:\/\/jornaldasoficinas.com\/pt\/olipes-aposta-na-expansao-da-marca-em-portugal\/","title":{"rendered":"Olipes aposta na expans\u00e3o da marca em Portugal"},"content":{"rendered":"<p><img loading=\"lazy\" decoding=\"async\" class=\"alignnone size-full wp-image-32860\" src=\"https:\/\/jornaldasoficinas.com\/pt\/wp-content\/uploads\/2022\/09\/Olipes-aposta-na-expansa\u0303o-da-sua-marca-em-Portugal.jpeg\" alt=\"09 - Olipes aposta na expansa\u0303o da sua marca em Portugal\" width=\"1024\" height=\"581\" srcset=\"https:\/\/jornaldasoficinas.com\/pt\/wp-content\/uploads\/2022\/09\/Olipes-aposta-na-expansa\u0303o-da-sua-marca-em-Portugal.jpeg 1024w, https:\/\/jornaldasoficinas.com\/pt\/wp-content\/uploads\/2022\/09\/Olipes-aposta-na-expansa\u0303o-da-sua-marca-em-Portugal-300x170.jpeg 300w, https:\/\/jornaldasoficinas.com\/pt\/wp-content\/uploads\/2022\/09\/Olipes-aposta-na-expansa\u0303o-da-sua-marca-em-Portugal-150x85.jpeg 150w, https:\/\/jornaldasoficinas.com\/pt\/wp-content\/uploads\/2022\/09\/Olipes-aposta-na-expansa\u0303o-da-sua-marca-em-Portugal-768x436.jpeg 768w\" sizes=\"auto, (max-width: 1024px) 100vw, 1024px\" \/><\/p>\n<p><strong>A <a href=\"https:\/\/www.olipes.com\/eu\/pt\/\" target=\"_blank\" rel=\"noopener\">Olipes<\/a>, est\u00e1 a pensar em ampliar a sua estrat\u00e9gia de embandeiramento de servi\u00e7os de mec\u00e2nica em Portugal. As vantagens de se contar com o embandeiramento da Olipes para as oficinas traduz-se, em primeiro lugar, no impulso da sua imagem profissional, fazendo-os destacar face aos servi\u00e7os de mec\u00e2nica que s\u00e3o concorr\u00eancia<\/strong><\/p>\n<p>Desta forma, as oficinas aumentam a sua notoriedade e valorizam a qualidade dos seus servi\u00e7os, a esmerada aten\u00e7\u00e3o que dispensam ao cliente e, claro est\u00e1, a garantia de trabalharem sempre com produtos de qualidade e fiabilidade como os da Olipes. Todos estes fatores acabam por se traduzir, tanto num melhoramento da sua imagem como, tamb\u00e9m, no aumento da rentabilidade do neg\u00f3cio.<\/p>\n<p>\u201cSer uma oficina embandeirada proporciona a vantagem de uma imagem de marca s\u00f3lida e de reconhecido prest\u00edgio como a da Olipes. Oferecemos sempre uma assessoria t\u00e9cnica de primeira qualidade, um destacado atendimento comercial e, o que \u00e9 muito importante, uma forma\u00e7\u00e3o completa sobretudo no que respeita \u00e0 lubrifica\u00e7\u00e3o dos novos modelos de autom\u00f3veis comercializados no mercado, \u00e0 evolu\u00e7\u00e3o das regula\u00e7\u00f5es e \u00e0s tend\u00eancias de neg\u00f3cio para que os nossos s\u00f3cios aumentem a rentabilidade dos seus neg\u00f3cios\u201d, explicou Fernando D\u00edaz, codiretor geral executivo da Olipes.<\/p>\n<p>Por interm\u00e9dio da RM Oil, distribuidora da Olipes no norte de Portugal, uma das \u00faltimas oficinas a renovar o embandeiramento da Olipes \u00e9 a Garagem Porto D&#8217;Ouro, situada no centro da cidade do Porto, um servi\u00e7o de mec\u00e2nica que est\u00e1 em funcionamento h\u00e1 mais de quinze anos e que, h\u00e1 muitos anos, trabalha com os produtos Olipes.<\/p>\n<p>\u201cA marca de lubrificantes Olipes garante a qualidade do produto. Al\u00e9m disso, a assist\u00eancia p\u00f3s-venda \u00e9 muito profissional, algo de que, desde que come\u00e7\u00e1mos a trabalhar com eles, nunca tivemos duvida. Estamos muito satisfeitos, e assim continuar\u00e1 a ser durante muitos anos\u201d, afirmou Alberto Pereira, respons\u00e1vel m\u00e1ximo da Garagem Porto D&#8217;Ouro.<\/p>\n","protected":false},"excerpt":{"rendered":"<p>A Olipes, est\u00e1 a pensar em&#8230;<\/p>\n","protected":false},"author":15,"featured_media":32860,"comment_status":"closed","ping_status":"closed","sticky":false,"template":"","format":"standard","meta":{"footnotes":""},"categories":[29],"tags":[1028],"class_list":["post-32901","post","type-post","status-publish","format-standard","has-post-thumbnail","hentry","category-empresas","tag-olipes"],"yoast_head":"<!-- This site is optimized with the Yoast SEO plugin v27.4 - https:\/\/yoast.com\/product\/yoast-seo-wordpress\/ -->\n<title>Olipes aposta na expans\u00e3o da marca em Portugal - Jornal das Oficinas<\/title>\n<meta name=\"robots\" content=\"index, follow, max-snippet:-1, max-image-preview:large, max-video-preview:-1\" \/>\n<link rel=\"canonical\" href=\"https:\/\/jornaldasoficinas.com\/pt\/olipes-aposta-na-expansao-da-marca-em-portugal\/\" \/>\n<meta property=\"og:locale\" content=\"pt_PT\" \/>\n<meta property=\"og:type\" content=\"article\" \/>\n<meta property=\"og:title\" content=\"Olipes aposta na expans\u00e3o da marca em Portugal - Jornal das Oficinas\" \/>\n<meta property=\"og:description\" content=\"A Olipes, est\u00e1 a pensar em...\" \/>\n<meta property=\"og:url\" content=\"https:\/\/jornaldasoficinas.com\/pt\/olipes-aposta-na-expansao-da-marca-em-portugal\/\" \/>\n<meta property=\"og:site_name\" content=\"Jornal das Oficinas\" \/>\n<meta property=\"article:publisher\" content=\"https:\/\/www.facebook.com\/jornaloficinas\" \/>\n<meta property=\"article:published_time\" content=\"2022-09-18T17:00:39+00:00\" \/>\n<meta property=\"og:image\" content=\"https:\/\/jornaldasoficinas.com\/pt\/wp-content\/uploads\/2022\/09\/Olipes-aposta-na-expansa\u0303o-da-sua-marca-em-Portugal.jpeg\" \/>\n\t<meta property=\"og:image:width\" content=\"1024\" \/>\n\t<meta property=\"og:image:height\" content=\"581\" \/>\n\t<meta property=\"og:image:type\" content=\"image\/jpeg\" \/>\n<meta name=\"author\" content=\"Reda\u00e7\u00e3o JO\" \/>\n<meta name=\"twitter:card\" content=\"summary_large_image\" \/>\n<meta name=\"twitter:creator\" content=\"@jornaloficinas\" \/>\n<meta name=\"twitter:site\" content=\"@jornaloficinas\" \/>\n<meta name=\"twitter:label1\" content=\"Escrito por\" \/>\n\t<meta name=\"twitter:data1\" content=\"Reda\u00e7\u00e3o JO\" \/>\n\t<meta name=\"twitter:label2\" content=\"Tempo estimado de leitura\" \/>\n\t<meta name=\"twitter:data2\" content=\"2 minutos\" \/>\n<script type=\"application\/ld+json\" class=\"yoast-schema-graph\">{\"@context\":\"https:\\\/\\\/schema.org\",\"@graph\":[{\"@type\":\"Article\",\"@id\":\"https:\\\/\\\/jornaldasoficinas.com\\\/pt\\\/olipes-aposta-na-expansao-da-marca-em-portugal\\\/#article\",\"isPartOf\":{\"@id\":\"https:\\\/\\\/jornaldasoficinas.com\\\/pt\\\/olipes-aposta-na-expansao-da-marca-em-portugal\\\/\"},\"author\":{\"name\":\"Reda\u00e7\u00e3o JO\",\"@id\":\"https:\\\/\\\/jornaldasoficinas.com\\\/pt\\\/#\\\/schema\\\/person\\\/a38eef5de2c41d9e7c9ac10141afddf3\"},\"headline\":\"Olipes aposta na expans\u00e3o da marca em Portugal\",\"datePublished\":\"2022-09-18T17:00:39+00:00\",\"mainEntityOfPage\":{\"@id\":\"https:\\\/\\\/jornaldasoficinas.com\\\/pt\\\/olipes-aposta-na-expansao-da-marca-em-portugal\\\/\"},\"wordCount\":343,\"publisher\":{\"@id\":\"https:\\\/\\\/jornaldasoficinas.com\\\/pt\\\/#organization\"},\"image\":{\"@id\":\"https:\\\/\\\/jornaldasoficinas.com\\\/pt\\\/olipes-aposta-na-expansao-da-marca-em-portugal\\\/#primaryimage\"},\"thumbnailUrl\":\"https:\\\/\\\/jornaldasoficinas.com\\\/pt\\\/wp-content\\\/uploads\\\/2022\\\/09\\\/Olipes-aposta-na-expansa\u0303o-da-sua-marca-em-Portugal.jpeg\",\"keywords\":[\"Olipes\"],\"articleSection\":[\"Empresas\"],\"inLanguage\":\"pt-PT\"},{\"@type\":\"WebPage\",\"@id\":\"https:\\\/\\\/jornaldasoficinas.com\\\/pt\\\/olipes-aposta-na-expansao-da-marca-em-portugal\\\/\",\"url\":\"https:\\\/\\\/jornaldasoficinas.com\\\/pt\\\/olipes-aposta-na-expansao-da-marca-em-portugal\\\/\",\"name\":\"Olipes aposta na expans\u00e3o da marca em Portugal - Jornal das Oficinas\",\"isPartOf\":{\"@id\":\"https:\\\/\\\/jornaldasoficinas.com\\\/pt\\\/#website\"},\"primaryImageOfPage\":{\"@id\":\"https:\\\/\\\/jornaldasoficinas.com\\\/pt\\\/olipes-aposta-na-expansao-da-marca-em-portugal\\\/#primaryimage\"},\"image\":{\"@id\":\"https:\\\/\\\/jornaldasoficinas.com\\\/pt\\\/olipes-aposta-na-expansao-da-marca-em-portugal\\\/#primaryimage\"},\"thumbnailUrl\":\"https:\\\/\\\/jornaldasoficinas.com\\\/pt\\\/wp-content\\\/uploads\\\/2022\\\/09\\\/Olipes-aposta-na-expansa\u0303o-da-sua-marca-em-Portugal.jpeg\",\"datePublished\":\"2022-09-18T17:00:39+00:00\",\"breadcrumb\":{\"@id\":\"https:\\\/\\\/jornaldasoficinas.com\\\/pt\\\/olipes-aposta-na-expansao-da-marca-em-portugal\\\/#breadcrumb\"},\"inLanguage\":\"pt-PT\",\"potentialAction\":[{\"@type\":\"ReadAction\",\"target\":[\"https:\\\/\\\/jornaldasoficinas.com\\\/pt\\\/olipes-aposta-na-expansao-da-marca-em-portugal\\\/\"]}]},{\"@type\":\"ImageObject\",\"inLanguage\":\"pt-PT\",\"@id\":\"https:\\\/\\\/jornaldasoficinas.com\\\/pt\\\/olipes-aposta-na-expansao-da-marca-em-portugal\\\/#primaryimage\",\"url\":\"https:\\\/\\\/jornaldasoficinas.com\\\/pt\\\/wp-content\\\/uploads\\\/2022\\\/09\\\/Olipes-aposta-na-expansa\u0303o-da-sua-marca-em-Portugal.jpeg\",\"contentUrl\":\"https:\\\/\\\/jornaldasoficinas.com\\\/pt\\\/wp-content\\\/uploads\\\/2022\\\/09\\\/Olipes-aposta-na-expansa\u0303o-da-sua-marca-em-Portugal.jpeg\",\"width\":1024,\"height\":581,\"caption\":\"09 - Olipes aposta na expansa\u0303o da sua marca em Portugal\"},{\"@type\":\"BreadcrumbList\",\"@id\":\"https:\\\/\\\/jornaldasoficinas.com\\\/pt\\\/olipes-aposta-na-expansao-da-marca-em-portugal\\\/#breadcrumb\",\"itemListElement\":[{\"@type\":\"ListItem\",\"position\":1,\"name\":\"In\u00edcio\",\"item\":\"https:\\\/\\\/jornaldasoficinas.com\\\/pt\\\/\"},{\"@type\":\"ListItem\",\"position\":2,\"name\":\"Olipes aposta na expans\u00e3o da marca em Portugal\"}]},{\"@type\":\"WebSite\",\"@id\":\"https:\\\/\\\/jornaldasoficinas.com\\\/pt\\\/#website\",\"url\":\"https:\\\/\\\/jornaldasoficinas.com\\\/pt\\\/\",\"name\":\"Jornal das Oficinas\",\"description\":\"Jornal independente do Aftermarket Autom\u00f3vel em Portugal\",\"publisher\":{\"@id\":\"https:\\\/\\\/jornaldasoficinas.com\\\/pt\\\/#organization\"},\"potentialAction\":[{\"@type\":\"SearchAction\",\"target\":{\"@type\":\"EntryPoint\",\"urlTemplate\":\"https:\\\/\\\/jornaldasoficinas.com\\\/pt\\\/?s={search_term_string}\"},\"query-input\":{\"@type\":\"PropertyValueSpecification\",\"valueRequired\":true,\"valueName\":\"search_term_string\"}}],\"inLanguage\":\"pt-PT\"},{\"@type\":\"Organization\",\"@id\":\"https:\\\/\\\/jornaldasoficinas.com\\\/pt\\\/#organization\",\"name\":\"Jornal das Oficinas\",\"url\":\"https:\\\/\\\/jornaldasoficinas.com\\\/pt\\\/\",\"logo\":{\"@type\":\"ImageObject\",\"inLanguage\":\"pt-PT\",\"@id\":\"https:\\\/\\\/jornaldasoficinas.com\\\/pt\\\/#\\\/schema\\\/logo\\\/image\\\/\",\"url\":\"https:\\\/\\\/jornaldasoficinas.com\\\/pt\\\/wp-content\\\/uploads\\\/logoJO-SEO.png\",\"contentUrl\":\"https:\\\/\\\/jornaldasoficinas.com\\\/pt\\\/wp-content\\\/uploads\\\/logoJO-SEO.png\",\"width\":285,\"height\":450,\"caption\":\"Jornal das Oficinas\"},\"image\":{\"@id\":\"https:\\\/\\\/jornaldasoficinas.com\\\/pt\\\/#\\\/schema\\\/logo\\\/image\\\/\"},\"sameAs\":[\"https:\\\/\\\/www.facebook.com\\\/jornaloficinas\",\"https:\\\/\\\/x.com\\\/jornaloficinas\",\"https:\\\/\\\/www.instagram.com\\\/jornal_oficinas\\\/\",\"https:\\\/\\\/www.linkedin.com\\\/company\\\/jornal-das-oficinas\\\/\",\"https:\\\/\\\/www.youtube.com\\\/channel\\\/UCbQZBqtcvV-oSQrr7RzINGg\"]},{\"@type\":\"Person\",\"@id\":\"https:\\\/\\\/jornaldasoficinas.com\\\/pt\\\/#\\\/schema\\\/person\\\/a38eef5de2c41d9e7c9ac10141afddf3\",\"name\":\"Reda\u00e7\u00e3o JO\",\"image\":{\"@type\":\"ImageObject\",\"inLanguage\":\"pt-PT\",\"@id\":\"https:\\\/\\\/secure.gravatar.com\\\/avatar\\\/71f2fa71737ad68a84fea94bc708ddac8ea5b0c4788dc2ad202f3ccb2887742f?s=96&d=wp_user_avatar&r=g\",\"url\":\"https:\\\/\\\/secure.gravatar.com\\\/avatar\\\/71f2fa71737ad68a84fea94bc708ddac8ea5b0c4788dc2ad202f3ccb2887742f?s=96&d=wp_user_avatar&r=g\",\"contentUrl\":\"https:\\\/\\\/secure.gravatar.com\\\/avatar\\\/71f2fa71737ad68a84fea94bc708ddac8ea5b0c4788dc2ad202f3ccb2887742f?s=96&d=wp_user_avatar&r=g\",\"caption\":\"Reda\u00e7\u00e3o JO\"},\"url\":\"https:\\\/\\\/jornaldasoficinas.com\\\/pt\\\/author\\\/joredacao\\\/\"}]}<\/script>\n<!-- \/ Yoast SEO plugin. -->","yoast_head_json":{"title":"Olipes aposta na expans\u00e3o da marca em Portugal - Jornal das Oficinas","robots":{"index":"index","follow":"follow","max-snippet":"max-snippet:-1","max-image-preview":"max-image-preview:large","max-video-preview":"max-video-preview:-1"},"canonical":"https:\/\/jornaldasoficinas.com\/pt\/olipes-aposta-na-expansao-da-marca-em-portugal\/","og_locale":"pt_PT","og_type":"article","og_title":"Olipes aposta na expans\u00e3o da marca em Portugal - Jornal das Oficinas","og_description":"A Olipes, est\u00e1 a pensar em...","og_url":"https:\/\/jornaldasoficinas.com\/pt\/olipes-aposta-na-expansao-da-marca-em-portugal\/","og_site_name":"Jornal das Oficinas","article_publisher":"https:\/\/www.facebook.com\/jornaloficinas","article_published_time":"2022-09-18T17:00:39+00:00","og_image":[{"width":1024,"height":581,"url":"https:\/\/jornaldasoficinas.com\/pt\/wp-content\/uploads\/2022\/09\/Olipes-aposta-na-expansa\u0303o-da-sua-marca-em-Portugal.jpeg","type":"image\/jpeg"}],"author":"Reda\u00e7\u00e3o JO","twitter_card":"summary_large_image","twitter_creator":"@jornaloficinas","twitter_site":"@jornaloficinas","twitter_misc":{"Escrito por":"Reda\u00e7\u00e3o JO","Tempo estimado de leitura":"2 minutos"},"schema":{"@context":"https:\/\/schema.org","@graph":[{"@type":"Article","@id":"https:\/\/jornaldasoficinas.com\/pt\/olipes-aposta-na-expansao-da-marca-em-portugal\/#article","isPartOf":{"@id":"https:\/\/jornaldasoficinas.com\/pt\/olipes-aposta-na-expansao-da-marca-em-portugal\/"},"author":{"name":"Reda\u00e7\u00e3o JO","@id":"https:\/\/jornaldasoficinas.com\/pt\/#\/schema\/person\/a38eef5de2c41d9e7c9ac10141afddf3"},"headline":"Olipes aposta na expans\u00e3o da marca em Portugal","datePublished":"2022-09-18T17:00:39+00:00","mainEntityOfPage":{"@id":"https:\/\/jornaldasoficinas.com\/pt\/olipes-aposta-na-expansao-da-marca-em-portugal\/"},"wordCount":343,"publisher":{"@id":"https:\/\/jornaldasoficinas.com\/pt\/#organization"},"image":{"@id":"https:\/\/jornaldasoficinas.com\/pt\/olipes-aposta-na-expansao-da-marca-em-portugal\/#primaryimage"},"thumbnailUrl":"https:\/\/jornaldasoficinas.com\/pt\/wp-content\/uploads\/2022\/09\/Olipes-aposta-na-expansa\u0303o-da-sua-marca-em-Portugal.jpeg","keywords":["Olipes"],"articleSection":["Empresas"],"inLanguage":"pt-PT"},{"@type":"WebPage","@id":"https:\/\/jornaldasoficinas.com\/pt\/olipes-aposta-na-expansao-da-marca-em-portugal\/","url":"https:\/\/jornaldasoficinas.com\/pt\/olipes-aposta-na-expansao-da-marca-em-portugal\/","name":"Olipes aposta na expans\u00e3o da marca em Portugal - Jornal das Oficinas","isPartOf":{"@id":"https:\/\/jornaldasoficinas.com\/pt\/#website"},"primaryImageOfPage":{"@id":"https:\/\/jornaldasoficinas.com\/pt\/olipes-aposta-na-expansao-da-marca-em-portugal\/#primaryimage"},"image":{"@id":"https:\/\/jornaldasoficinas.com\/pt\/olipes-aposta-na-expansao-da-marca-em-portugal\/#primaryimage"},"thumbnailUrl":"https:\/\/jornaldasoficinas.com\/pt\/wp-content\/uploads\/2022\/09\/Olipes-aposta-na-expansa\u0303o-da-sua-marca-em-Portugal.jpeg","datePublished":"2022-09-18T17:00:39+00:00","breadcrumb":{"@id":"https:\/\/jornaldasoficinas.com\/pt\/olipes-aposta-na-expansao-da-marca-em-portugal\/#breadcrumb"},"inLanguage":"pt-PT","potentialAction":[{"@type":"ReadAction","target":["https:\/\/jornaldasoficinas.com\/pt\/olipes-aposta-na-expansao-da-marca-em-portugal\/"]}]},{"@type":"ImageObject","inLanguage":"pt-PT","@id":"https:\/\/jornaldasoficinas.com\/pt\/olipes-aposta-na-expansao-da-marca-em-portugal\/#primaryimage","url":"https:\/\/jornaldasoficinas.com\/pt\/wp-content\/uploads\/2022\/09\/Olipes-aposta-na-expansa\u0303o-da-sua-marca-em-Portugal.jpeg","contentUrl":"https:\/\/jornaldasoficinas.com\/pt\/wp-content\/uploads\/2022\/09\/Olipes-aposta-na-expansa\u0303o-da-sua-marca-em-Portugal.jpeg","width":1024,"height":581,"caption":"09 - Olipes aposta na expansa\u0303o da sua marca em Portugal"},{"@type":"BreadcrumbList","@id":"https:\/\/jornaldasoficinas.com\/pt\/olipes-aposta-na-expansao-da-marca-em-portugal\/#breadcrumb","itemListElement":[{"@type":"ListItem","position":1,"name":"In\u00edcio","item":"https:\/\/jornaldasoficinas.com\/pt\/"},{"@type":"ListItem","position":2,"name":"Olipes aposta na expans\u00e3o da marca em Portugal"}]},{"@type":"WebSite","@id":"https:\/\/jornaldasoficinas.com\/pt\/#website","url":"https:\/\/jornaldasoficinas.com\/pt\/","name":"Jornal das Oficinas","description":"Jornal independente do Aftermarket Autom\u00f3vel em Portugal","publisher":{"@id":"https:\/\/jornaldasoficinas.com\/pt\/#organization"},"potentialAction":[{"@type":"SearchAction","target":{"@type":"EntryPoint","urlTemplate":"https:\/\/jornaldasoficinas.com\/pt\/?s={search_term_string}"},"query-input":{"@type":"PropertyValueSpecification","valueRequired":true,"valueName":"search_term_string"}}],"inLanguage":"pt-PT"},{"@type":"Organization","@id":"https:\/\/jornaldasoficinas.com\/pt\/#organization","name":"Jornal das Oficinas","url":"https:\/\/jornaldasoficinas.com\/pt\/","logo":{"@type":"ImageObject","inLanguage":"pt-PT","@id":"https:\/\/jornaldasoficinas.com\/pt\/#\/schema\/logo\/image\/","url":"https:\/\/jornaldasoficinas.com\/pt\/wp-content\/uploads\/logoJO-SEO.png","contentUrl":"https:\/\/jornaldasoficinas.com\/pt\/wp-content\/uploads\/logoJO-SEO.png","width":285,"height":450,"caption":"Jornal das Oficinas"},"image":{"@id":"https:\/\/jornaldasoficinas.com\/pt\/#\/schema\/logo\/image\/"},"sameAs":["https:\/\/www.facebook.com\/jornaloficinas","https:\/\/x.com\/jornaloficinas","https:\/\/www.instagram.com\/jornal_oficinas\/","https:\/\/www.linkedin.com\/company\/jornal-das-oficinas\/","https:\/\/www.youtube.com\/channel\/UCbQZBqtcvV-oSQrr7RzINGg"]},{"@type":"Person","@id":"https:\/\/jornaldasoficinas.com\/pt\/#\/schema\/person\/a38eef5de2c41d9e7c9ac10141afddf3","name":"Reda\u00e7\u00e3o JO","image":{"@type":"ImageObject","inLanguage":"pt-PT","@id":"https:\/\/secure.gravatar.com\/avatar\/71f2fa71737ad68a84fea94bc708ddac8ea5b0c4788dc2ad202f3ccb2887742f?s=96&d=wp_user_avatar&r=g","url":"https:\/\/secure.gravatar.com\/avatar\/71f2fa71737ad68a84fea94bc708ddac8ea5b0c4788dc2ad202f3ccb2887742f?s=96&d=wp_user_avatar&r=g","contentUrl":"https:\/\/secure.gravatar.com\/avatar\/71f2fa71737ad68a84fea94bc708ddac8ea5b0c4788dc2ad202f3ccb2887742f?s=96&d=wp_user_avatar&r=g","caption":"Reda\u00e7\u00e3o JO"},"url":"https:\/\/jornaldasoficinas.com\/pt\/author\/joredacao\/"}]}},"_links":{"self":[{"href":"https:\/\/jornaldasoficinas.com\/pt\/wp-json\/wp\/v2\/posts\/32901","targetHints":{"allow":["GET"]}}],"collection":[{"href":"https:\/\/jornaldasoficinas.com\/pt\/wp-json\/wp\/v2\/posts"}],"about":[{"href":"https:\/\/jornaldasoficinas.com\/pt\/wp-json\/wp\/v2\/types\/post"}],"author":[{"embeddable":true,"href":"https:\/\/jornaldasoficinas.com\/pt\/wp-json\/wp\/v2\/users\/15"}],"replies":[{"embeddable":true,"href":"https:\/\/jornaldasoficinas.com\/pt\/wp-json\/wp\/v2\/comments?post=32901"}],"version-history":[{"count":0,"href":"https:\/\/jornaldasoficinas.com\/pt\/wp-json\/wp\/v2\/posts\/32901\/revisions"}],"wp:featuredmedia":[{"embeddable":true,"href":"https:\/\/jornaldasoficinas.com\/pt\/wp-json\/wp\/v2\/media\/32860"}],"wp:attachment":[{"href":"https:\/\/jornaldasoficinas.com\/pt\/wp-json\/wp\/v2\/media?parent=32901"}],"wp:term":[{"taxonomy":"category","embeddable":true,"href":"https:\/\/jornaldasoficinas.com\/pt\/wp-json\/wp\/v2\/categories?post=32901"},{"taxonomy":"post_tag","embeddable":true,"href":"https:\/\/jornaldasoficinas.com\/pt\/wp-json\/wp\/v2\/tags?post=32901"}],"curies":[{"name":"wp","href":"https:\/\/api.w.org\/{rel}","templated":true}]}}