{"id":32949,"date":"2022-09-20T12:00:39","date_gmt":"2022-09-20T11:00:39","guid":{"rendered":"https:\/\/jornaldasoficinas.com\/pt\/?p=32949"},"modified":"2022-09-20T11:43:35","modified_gmt":"2022-09-20T10:43:35","slug":"producao-de-viaturas-em-portugal-cresce-97","status":"publish","type":"post","link":"https:\/\/jornaldasoficinas.com\/pt\/producao-de-viaturas-em-portugal-cresce-97\/","title":{"rendered":"Produ\u00e7\u00e3o de viaturas em Portugal cresce 9,7%"},"content":{"rendered":"<p><img loading=\"lazy\" decoding=\"async\" class=\"alignnone size-full wp-image-32940\" src=\"https:\/\/jornaldasoficinas.com\/pt\/wp-content\/uploads\/2022\/09\/Produc\u0327a\u0303o-de-viaturas-em-Portugal-cresce-97.jpg\" alt=\"09 - Produc\u0327a\u0303o de viaturas em Portugal cresce 97\" width=\"1024\" height=\"581\" srcset=\"https:\/\/jornaldasoficinas.com\/pt\/wp-content\/uploads\/2022\/09\/Produc\u0327a\u0303o-de-viaturas-em-Portugal-cresce-97.jpg 1024w, https:\/\/jornaldasoficinas.com\/pt\/wp-content\/uploads\/2022\/09\/Produc\u0327a\u0303o-de-viaturas-em-Portugal-cresce-97-300x170.jpg 300w, https:\/\/jornaldasoficinas.com\/pt\/wp-content\/uploads\/2022\/09\/Produc\u0327a\u0303o-de-viaturas-em-Portugal-cresce-97-150x85.jpg 150w, https:\/\/jornaldasoficinas.com\/pt\/wp-content\/uploads\/2022\/09\/Produc\u0327a\u0303o-de-viaturas-em-Portugal-cresce-97-768x436.jpg 768w\" sizes=\"auto, (max-width: 1024px) 100vw, 1024px\" \/><\/p>\n<p><strong>Crescimento de 9,7 por cento na produ\u00e7\u00e3o de viaturas autom\u00f3veis at\u00e9 Agosto de 2022 face ao mesmo per\u00edodo de 2021. Em Agosto de 2022 foram produzidos em Portugal 11.480 ve\u00edculos autom\u00f3veis o que representou um aumento de 257,7 por cento face ao m\u00eas hom\u00f3logo de 2021<\/strong><\/p>\n<p>Em termos acumulados, nos oito meses de 2022, sa\u00edram das f\u00e1bricas instaladas em Portugal 197.137 ve\u00edculos, ou seja, mais 9,7 por cento do que em igual per\u00edodo do ano anterior.<\/p>\n<p>A informa\u00e7\u00e3o estat\u00edstica relativa ao ano de 2022 confirma a import\u00e2ncia que as exporta\u00e7\u00f5es representam para o sector autom\u00f3vel j\u00e1 que 97,7 por cento dos ve\u00edculos fabricados em Portugal t\u00eam como destino o mercado externo, o que, contribui de forma significativa para a balan\u00e7a comercial portuguesa.<\/p>\n<p>A Europa continua a ser o mercado l\u00edder nas exporta\u00e7\u00f5es dos ve\u00edculos fabricados em territ\u00f3rio nacional \u2013 com 97,4 por cento \u2013 com a Alemanha (22,6%), Fran\u00e7a (14,9%), It\u00e1lia (11,6%) e Espanha (9,4%) no topo do ranking.<\/p>\n<p><strong>Montagem de ve\u00edculos autom\u00f3veis pesados<br \/>\n<\/strong>Relativamente \u00e0 montagem de ve\u00edculos autom\u00f3veis em Portugal, em Agosto de 2022 foram montados 21 ve\u00edculos pesados, tendo representado um crescimento de 600,0 por cento face a igual m\u00eas do ano de 2021.<\/p>\n<p>Em termos acumulados, nos oito meses de 2022, a montagem de ve\u00edculos pesados apresentou uma queda de 5,8 por cento face igual per\u00edodo do ano anterior, representando 130 ve\u00edculos montados em 2022.<\/p>\n<p>Pelo oitavo m\u00eas consecutivo, no ano de 2022, apenas foram montados ve\u00edculos pesados de passageiros.<\/p>\n<p>De Janeiro a Agosto de 2022 foram exportados 30,8 por cento dos ve\u00edculos montados em Portugal, representando 40 unidades. A Europa \u00e9 o \u00fanico destino destes ve\u00edculos sendo a Alemanha (50,0%) e o Reino Unido (50,0%) os destinos finais destas exporta\u00e7\u00f5es.<\/p>\n","protected":false},"excerpt":{"rendered":"<p>Crescimento de 9,7 por cento na&#8230;<\/p>\n","protected":false},"author":15,"featured_media":32940,"comment_status":"closed","ping_status":"closed","sticky":false,"template":"","format":"standard","meta":{"footnotes":""},"categories":[37],"tags":[],"class_list":["post-32949","post","type-post","status-publish","format-standard","has-post-thumbnail","hentry","category-mercado"],"yoast_head":"<!-- This site is optimized with the Yoast SEO plugin v27.4 - https:\/\/yoast.com\/product\/yoast-seo-wordpress\/ -->\n<title>Produ\u00e7\u00e3o de viaturas em Portugal cresce 9,7% - Jornal das Oficinas<\/title>\n<meta name=\"robots\" content=\"index, follow, max-snippet:-1, max-image-preview:large, max-video-preview:-1\" \/>\n<link rel=\"canonical\" href=\"https:\/\/jornaldasoficinas.com\/pt\/producao-de-viaturas-em-portugal-cresce-97\/\" \/>\n<meta property=\"og:locale\" content=\"pt_PT\" \/>\n<meta property=\"og:type\" content=\"article\" \/>\n<meta property=\"og:title\" content=\"Produ\u00e7\u00e3o de viaturas em Portugal cresce 9,7% - Jornal das Oficinas\" \/>\n<meta property=\"og:description\" content=\"Crescimento de 9,7 por cento na...\" \/>\n<meta property=\"og:url\" content=\"https:\/\/jornaldasoficinas.com\/pt\/producao-de-viaturas-em-portugal-cresce-97\/\" \/>\n<meta property=\"og:site_name\" content=\"Jornal das Oficinas\" \/>\n<meta property=\"article:publisher\" content=\"https:\/\/www.facebook.com\/jornaloficinas\" \/>\n<meta property=\"article:published_time\" content=\"2022-09-20T11:00:39+00:00\" \/>\n<meta property=\"og:image\" content=\"https:\/\/jornaldasoficinas.com\/pt\/wp-content\/uploads\/2022\/09\/Produc\u0327a\u0303o-de-viaturas-em-Portugal-cresce-97.jpg\" \/>\n\t<meta property=\"og:image:width\" content=\"1024\" \/>\n\t<meta property=\"og:image:height\" content=\"581\" \/>\n\t<meta property=\"og:image:type\" content=\"image\/jpeg\" \/>\n<meta name=\"author\" content=\"Reda\u00e7\u00e3o JO\" \/>\n<meta name=\"twitter:card\" content=\"summary_large_image\" \/>\n<meta name=\"twitter:creator\" content=\"@jornaloficinas\" \/>\n<meta name=\"twitter:site\" content=\"@jornaloficinas\" \/>\n<meta name=\"twitter:label1\" content=\"Escrito por\" \/>\n\t<meta name=\"twitter:data1\" content=\"Reda\u00e7\u00e3o JO\" \/>\n\t<meta name=\"twitter:label2\" content=\"Tempo estimado de leitura\" \/>\n\t<meta name=\"twitter:data2\" content=\"1 minuto\" \/>\n<script type=\"application\/ld+json\" class=\"yoast-schema-graph\">{\"@context\":\"https:\\\/\\\/schema.org\",\"@graph\":[{\"@type\":\"Article\",\"@id\":\"https:\\\/\\\/jornaldasoficinas.com\\\/pt\\\/producao-de-viaturas-em-portugal-cresce-97\\\/#article\",\"isPartOf\":{\"@id\":\"https:\\\/\\\/jornaldasoficinas.com\\\/pt\\\/producao-de-viaturas-em-portugal-cresce-97\\\/\"},\"author\":{\"name\":\"Reda\u00e7\u00e3o JO\",\"@id\":\"https:\\\/\\\/jornaldasoficinas.com\\\/pt\\\/#\\\/schema\\\/person\\\/a38eef5de2c41d9e7c9ac10141afddf3\"},\"headline\":\"Produ\u00e7\u00e3o de viaturas em Portugal cresce 9,7%\",\"datePublished\":\"2022-09-20T11:00:39+00:00\",\"mainEntityOfPage\":{\"@id\":\"https:\\\/\\\/jornaldasoficinas.com\\\/pt\\\/producao-de-viaturas-em-portugal-cresce-97\\\/\"},\"wordCount\":296,\"publisher\":{\"@id\":\"https:\\\/\\\/jornaldasoficinas.com\\\/pt\\\/#organization\"},\"image\":{\"@id\":\"https:\\\/\\\/jornaldasoficinas.com\\\/pt\\\/producao-de-viaturas-em-portugal-cresce-97\\\/#primaryimage\"},\"thumbnailUrl\":\"https:\\\/\\\/jornaldasoficinas.com\\\/pt\\\/wp-content\\\/uploads\\\/2022\\\/09\\\/Produc\u0327a\u0303o-de-viaturas-em-Portugal-cresce-97.jpg\",\"articleSection\":[\"Mercado\"],\"inLanguage\":\"pt-PT\"},{\"@type\":\"WebPage\",\"@id\":\"https:\\\/\\\/jornaldasoficinas.com\\\/pt\\\/producao-de-viaturas-em-portugal-cresce-97\\\/\",\"url\":\"https:\\\/\\\/jornaldasoficinas.com\\\/pt\\\/producao-de-viaturas-em-portugal-cresce-97\\\/\",\"name\":\"Produ\u00e7\u00e3o de viaturas em Portugal cresce 9,7% - Jornal das Oficinas\",\"isPartOf\":{\"@id\":\"https:\\\/\\\/jornaldasoficinas.com\\\/pt\\\/#website\"},\"primaryImageOfPage\":{\"@id\":\"https:\\\/\\\/jornaldasoficinas.com\\\/pt\\\/producao-de-viaturas-em-portugal-cresce-97\\\/#primaryimage\"},\"image\":{\"@id\":\"https:\\\/\\\/jornaldasoficinas.com\\\/pt\\\/producao-de-viaturas-em-portugal-cresce-97\\\/#primaryimage\"},\"thumbnailUrl\":\"https:\\\/\\\/jornaldasoficinas.com\\\/pt\\\/wp-content\\\/uploads\\\/2022\\\/09\\\/Produc\u0327a\u0303o-de-viaturas-em-Portugal-cresce-97.jpg\",\"datePublished\":\"2022-09-20T11:00:39+00:00\",\"breadcrumb\":{\"@id\":\"https:\\\/\\\/jornaldasoficinas.com\\\/pt\\\/producao-de-viaturas-em-portugal-cresce-97\\\/#breadcrumb\"},\"inLanguage\":\"pt-PT\",\"potentialAction\":[{\"@type\":\"ReadAction\",\"target\":[\"https:\\\/\\\/jornaldasoficinas.com\\\/pt\\\/producao-de-viaturas-em-portugal-cresce-97\\\/\"]}]},{\"@type\":\"ImageObject\",\"inLanguage\":\"pt-PT\",\"@id\":\"https:\\\/\\\/jornaldasoficinas.com\\\/pt\\\/producao-de-viaturas-em-portugal-cresce-97\\\/#primaryimage\",\"url\":\"https:\\\/\\\/jornaldasoficinas.com\\\/pt\\\/wp-content\\\/uploads\\\/2022\\\/09\\\/Produc\u0327a\u0303o-de-viaturas-em-Portugal-cresce-97.jpg\",\"contentUrl\":\"https:\\\/\\\/jornaldasoficinas.com\\\/pt\\\/wp-content\\\/uploads\\\/2022\\\/09\\\/Produc\u0327a\u0303o-de-viaturas-em-Portugal-cresce-97.jpg\",\"width\":1024,\"height\":581,\"caption\":\"09 - Produc\u0327a\u0303o de viaturas em Portugal cresce 97\"},{\"@type\":\"BreadcrumbList\",\"@id\":\"https:\\\/\\\/jornaldasoficinas.com\\\/pt\\\/producao-de-viaturas-em-portugal-cresce-97\\\/#breadcrumb\",\"itemListElement\":[{\"@type\":\"ListItem\",\"position\":1,\"name\":\"In\u00edcio\",\"item\":\"https:\\\/\\\/jornaldasoficinas.com\\\/pt\\\/\"},{\"@type\":\"ListItem\",\"position\":2,\"name\":\"Produ\u00e7\u00e3o de viaturas em Portugal cresce 9,7%\"}]},{\"@type\":\"WebSite\",\"@id\":\"https:\\\/\\\/jornaldasoficinas.com\\\/pt\\\/#website\",\"url\":\"https:\\\/\\\/jornaldasoficinas.com\\\/pt\\\/\",\"name\":\"Jornal das Oficinas\",\"description\":\"Jornal independente do Aftermarket Autom\u00f3vel em Portugal\",\"publisher\":{\"@id\":\"https:\\\/\\\/jornaldasoficinas.com\\\/pt\\\/#organization\"},\"potentialAction\":[{\"@type\":\"SearchAction\",\"target\":{\"@type\":\"EntryPoint\",\"urlTemplate\":\"https:\\\/\\\/jornaldasoficinas.com\\\/pt\\\/?s={search_term_string}\"},\"query-input\":{\"@type\":\"PropertyValueSpecification\",\"valueRequired\":true,\"valueName\":\"search_term_string\"}}],\"inLanguage\":\"pt-PT\"},{\"@type\":\"Organization\",\"@id\":\"https:\\\/\\\/jornaldasoficinas.com\\\/pt\\\/#organization\",\"name\":\"Jornal das Oficinas\",\"url\":\"https:\\\/\\\/jornaldasoficinas.com\\\/pt\\\/\",\"logo\":{\"@type\":\"ImageObject\",\"inLanguage\":\"pt-PT\",\"@id\":\"https:\\\/\\\/jornaldasoficinas.com\\\/pt\\\/#\\\/schema\\\/logo\\\/image\\\/\",\"url\":\"https:\\\/\\\/jornaldasoficinas.com\\\/pt\\\/wp-content\\\/uploads\\\/logoJO-SEO.png\",\"contentUrl\":\"https:\\\/\\\/jornaldasoficinas.com\\\/pt\\\/wp-content\\\/uploads\\\/logoJO-SEO.png\",\"width\":285,\"height\":450,\"caption\":\"Jornal das Oficinas\"},\"image\":{\"@id\":\"https:\\\/\\\/jornaldasoficinas.com\\\/pt\\\/#\\\/schema\\\/logo\\\/image\\\/\"},\"sameAs\":[\"https:\\\/\\\/www.facebook.com\\\/jornaloficinas\",\"https:\\\/\\\/x.com\\\/jornaloficinas\",\"https:\\\/\\\/www.instagram.com\\\/jornal_oficinas\\\/\",\"https:\\\/\\\/www.linkedin.com\\\/company\\\/jornal-das-oficinas\\\/\",\"https:\\\/\\\/www.youtube.com\\\/channel\\\/UCbQZBqtcvV-oSQrr7RzINGg\"]},{\"@type\":\"Person\",\"@id\":\"https:\\\/\\\/jornaldasoficinas.com\\\/pt\\\/#\\\/schema\\\/person\\\/a38eef5de2c41d9e7c9ac10141afddf3\",\"name\":\"Reda\u00e7\u00e3o JO\",\"image\":{\"@type\":\"ImageObject\",\"inLanguage\":\"pt-PT\",\"@id\":\"https:\\\/\\\/secure.gravatar.com\\\/avatar\\\/71f2fa71737ad68a84fea94bc708ddac8ea5b0c4788dc2ad202f3ccb2887742f?s=96&d=wp_user_avatar&r=g\",\"url\":\"https:\\\/\\\/secure.gravatar.com\\\/avatar\\\/71f2fa71737ad68a84fea94bc708ddac8ea5b0c4788dc2ad202f3ccb2887742f?s=96&d=wp_user_avatar&r=g\",\"contentUrl\":\"https:\\\/\\\/secure.gravatar.com\\\/avatar\\\/71f2fa71737ad68a84fea94bc708ddac8ea5b0c4788dc2ad202f3ccb2887742f?s=96&d=wp_user_avatar&r=g\",\"caption\":\"Reda\u00e7\u00e3o JO\"},\"url\":\"https:\\\/\\\/jornaldasoficinas.com\\\/pt\\\/author\\\/joredacao\\\/\"}]}<\/script>\n<!-- \/ Yoast SEO plugin. -->","yoast_head_json":{"title":"Produ\u00e7\u00e3o de viaturas em Portugal cresce 9,7% - Jornal das Oficinas","robots":{"index":"index","follow":"follow","max-snippet":"max-snippet:-1","max-image-preview":"max-image-preview:large","max-video-preview":"max-video-preview:-1"},"canonical":"https:\/\/jornaldasoficinas.com\/pt\/producao-de-viaturas-em-portugal-cresce-97\/","og_locale":"pt_PT","og_type":"article","og_title":"Produ\u00e7\u00e3o de viaturas em Portugal cresce 9,7% - Jornal das Oficinas","og_description":"Crescimento de 9,7 por cento na...","og_url":"https:\/\/jornaldasoficinas.com\/pt\/producao-de-viaturas-em-portugal-cresce-97\/","og_site_name":"Jornal das Oficinas","article_publisher":"https:\/\/www.facebook.com\/jornaloficinas","article_published_time":"2022-09-20T11:00:39+00:00","og_image":[{"width":1024,"height":581,"url":"https:\/\/jornaldasoficinas.com\/pt\/wp-content\/uploads\/2022\/09\/Produc\u0327a\u0303o-de-viaturas-em-Portugal-cresce-97.jpg","type":"image\/jpeg"}],"author":"Reda\u00e7\u00e3o JO","twitter_card":"summary_large_image","twitter_creator":"@jornaloficinas","twitter_site":"@jornaloficinas","twitter_misc":{"Escrito por":"Reda\u00e7\u00e3o JO","Tempo estimado de leitura":"1 minuto"},"schema":{"@context":"https:\/\/schema.org","@graph":[{"@type":"Article","@id":"https:\/\/jornaldasoficinas.com\/pt\/producao-de-viaturas-em-portugal-cresce-97\/#article","isPartOf":{"@id":"https:\/\/jornaldasoficinas.com\/pt\/producao-de-viaturas-em-portugal-cresce-97\/"},"author":{"name":"Reda\u00e7\u00e3o JO","@id":"https:\/\/jornaldasoficinas.com\/pt\/#\/schema\/person\/a38eef5de2c41d9e7c9ac10141afddf3"},"headline":"Produ\u00e7\u00e3o de viaturas em Portugal cresce 9,7%","datePublished":"2022-09-20T11:00:39+00:00","mainEntityOfPage":{"@id":"https:\/\/jornaldasoficinas.com\/pt\/producao-de-viaturas-em-portugal-cresce-97\/"},"wordCount":296,"publisher":{"@id":"https:\/\/jornaldasoficinas.com\/pt\/#organization"},"image":{"@id":"https:\/\/jornaldasoficinas.com\/pt\/producao-de-viaturas-em-portugal-cresce-97\/#primaryimage"},"thumbnailUrl":"https:\/\/jornaldasoficinas.com\/pt\/wp-content\/uploads\/2022\/09\/Produc\u0327a\u0303o-de-viaturas-em-Portugal-cresce-97.jpg","articleSection":["Mercado"],"inLanguage":"pt-PT"},{"@type":"WebPage","@id":"https:\/\/jornaldasoficinas.com\/pt\/producao-de-viaturas-em-portugal-cresce-97\/","url":"https:\/\/jornaldasoficinas.com\/pt\/producao-de-viaturas-em-portugal-cresce-97\/","name":"Produ\u00e7\u00e3o de viaturas em Portugal cresce 9,7% - Jornal das Oficinas","isPartOf":{"@id":"https:\/\/jornaldasoficinas.com\/pt\/#website"},"primaryImageOfPage":{"@id":"https:\/\/jornaldasoficinas.com\/pt\/producao-de-viaturas-em-portugal-cresce-97\/#primaryimage"},"image":{"@id":"https:\/\/jornaldasoficinas.com\/pt\/producao-de-viaturas-em-portugal-cresce-97\/#primaryimage"},"thumbnailUrl":"https:\/\/jornaldasoficinas.com\/pt\/wp-content\/uploads\/2022\/09\/Produc\u0327a\u0303o-de-viaturas-em-Portugal-cresce-97.jpg","datePublished":"2022-09-20T11:00:39+00:00","breadcrumb":{"@id":"https:\/\/jornaldasoficinas.com\/pt\/producao-de-viaturas-em-portugal-cresce-97\/#breadcrumb"},"inLanguage":"pt-PT","potentialAction":[{"@type":"ReadAction","target":["https:\/\/jornaldasoficinas.com\/pt\/producao-de-viaturas-em-portugal-cresce-97\/"]}]},{"@type":"ImageObject","inLanguage":"pt-PT","@id":"https:\/\/jornaldasoficinas.com\/pt\/producao-de-viaturas-em-portugal-cresce-97\/#primaryimage","url":"https:\/\/jornaldasoficinas.com\/pt\/wp-content\/uploads\/2022\/09\/Produc\u0327a\u0303o-de-viaturas-em-Portugal-cresce-97.jpg","contentUrl":"https:\/\/jornaldasoficinas.com\/pt\/wp-content\/uploads\/2022\/09\/Produc\u0327a\u0303o-de-viaturas-em-Portugal-cresce-97.jpg","width":1024,"height":581,"caption":"09 - Produc\u0327a\u0303o de viaturas em Portugal cresce 97"},{"@type":"BreadcrumbList","@id":"https:\/\/jornaldasoficinas.com\/pt\/producao-de-viaturas-em-portugal-cresce-97\/#breadcrumb","itemListElement":[{"@type":"ListItem","position":1,"name":"In\u00edcio","item":"https:\/\/jornaldasoficinas.com\/pt\/"},{"@type":"ListItem","position":2,"name":"Produ\u00e7\u00e3o de viaturas em Portugal cresce 9,7%"}]},{"@type":"WebSite","@id":"https:\/\/jornaldasoficinas.com\/pt\/#website","url":"https:\/\/jornaldasoficinas.com\/pt\/","name":"Jornal das Oficinas","description":"Jornal independente do Aftermarket Autom\u00f3vel em Portugal","publisher":{"@id":"https:\/\/jornaldasoficinas.com\/pt\/#organization"},"potentialAction":[{"@type":"SearchAction","target":{"@type":"EntryPoint","urlTemplate":"https:\/\/jornaldasoficinas.com\/pt\/?s={search_term_string}"},"query-input":{"@type":"PropertyValueSpecification","valueRequired":true,"valueName":"search_term_string"}}],"inLanguage":"pt-PT"},{"@type":"Organization","@id":"https:\/\/jornaldasoficinas.com\/pt\/#organization","name":"Jornal das Oficinas","url":"https:\/\/jornaldasoficinas.com\/pt\/","logo":{"@type":"ImageObject","inLanguage":"pt-PT","@id":"https:\/\/jornaldasoficinas.com\/pt\/#\/schema\/logo\/image\/","url":"https:\/\/jornaldasoficinas.com\/pt\/wp-content\/uploads\/logoJO-SEO.png","contentUrl":"https:\/\/jornaldasoficinas.com\/pt\/wp-content\/uploads\/logoJO-SEO.png","width":285,"height":450,"caption":"Jornal das Oficinas"},"image":{"@id":"https:\/\/jornaldasoficinas.com\/pt\/#\/schema\/logo\/image\/"},"sameAs":["https:\/\/www.facebook.com\/jornaloficinas","https:\/\/x.com\/jornaloficinas","https:\/\/www.instagram.com\/jornal_oficinas\/","https:\/\/www.linkedin.com\/company\/jornal-das-oficinas\/","https:\/\/www.youtube.com\/channel\/UCbQZBqtcvV-oSQrr7RzINGg"]},{"@type":"Person","@id":"https:\/\/jornaldasoficinas.com\/pt\/#\/schema\/person\/a38eef5de2c41d9e7c9ac10141afddf3","name":"Reda\u00e7\u00e3o JO","image":{"@type":"ImageObject","inLanguage":"pt-PT","@id":"https:\/\/secure.gravatar.com\/avatar\/71f2fa71737ad68a84fea94bc708ddac8ea5b0c4788dc2ad202f3ccb2887742f?s=96&d=wp_user_avatar&r=g","url":"https:\/\/secure.gravatar.com\/avatar\/71f2fa71737ad68a84fea94bc708ddac8ea5b0c4788dc2ad202f3ccb2887742f?s=96&d=wp_user_avatar&r=g","contentUrl":"https:\/\/secure.gravatar.com\/avatar\/71f2fa71737ad68a84fea94bc708ddac8ea5b0c4788dc2ad202f3ccb2887742f?s=96&d=wp_user_avatar&r=g","caption":"Reda\u00e7\u00e3o JO"},"url":"https:\/\/jornaldasoficinas.com\/pt\/author\/joredacao\/"}]}},"_links":{"self":[{"href":"https:\/\/jornaldasoficinas.com\/pt\/wp-json\/wp\/v2\/posts\/32949","targetHints":{"allow":["GET"]}}],"collection":[{"href":"https:\/\/jornaldasoficinas.com\/pt\/wp-json\/wp\/v2\/posts"}],"about":[{"href":"https:\/\/jornaldasoficinas.com\/pt\/wp-json\/wp\/v2\/types\/post"}],"author":[{"embeddable":true,"href":"https:\/\/jornaldasoficinas.com\/pt\/wp-json\/wp\/v2\/users\/15"}],"replies":[{"embeddable":true,"href":"https:\/\/jornaldasoficinas.com\/pt\/wp-json\/wp\/v2\/comments?post=32949"}],"version-history":[{"count":0,"href":"https:\/\/jornaldasoficinas.com\/pt\/wp-json\/wp\/v2\/posts\/32949\/revisions"}],"wp:featuredmedia":[{"embeddable":true,"href":"https:\/\/jornaldasoficinas.com\/pt\/wp-json\/wp\/v2\/media\/32940"}],"wp:attachment":[{"href":"https:\/\/jornaldasoficinas.com\/pt\/wp-json\/wp\/v2\/media?parent=32949"}],"wp:term":[{"taxonomy":"category","embeddable":true,"href":"https:\/\/jornaldasoficinas.com\/pt\/wp-json\/wp\/v2\/categories?post=32949"},{"taxonomy":"post_tag","embeddable":true,"href":"https:\/\/jornaldasoficinas.com\/pt\/wp-json\/wp\/v2\/tags?post=32949"}],"curies":[{"name":"wp","href":"https:\/\/api.w.org\/{rel}","templated":true}]}}