{"id":32971,"date":"2022-09-21T08:00:44","date_gmt":"2022-09-21T07:00:44","guid":{"rendered":"https:\/\/jornaldasoficinas.com\/pt\/?p=32971"},"modified":"2023-07-20T16:11:22","modified_gmt":"2023-07-20T15:11:22","slug":"bosch-pretende-crescer-com-powertrains-neutros-para-o-clima","status":"publish","type":"post","link":"https:\/\/jornaldasoficinas.com\/pt\/bosch-pretende-crescer-com-powertrains-neutros-para-o-clima\/","title":{"rendered":"Bosch pretende crescer com powertrains neutros para o clima"},"content":{"rendered":"<p><strong><img loading=\"lazy\" decoding=\"async\" class=\"alignnone size-full wp-image-32935\" src=\"https:\/\/jornaldasoficinas.com\/pt\/wp-content\/uploads\/2022\/09\/Bosch-pretende-crescer-com-powertrains-neutros-para-o-clima.jpg\" alt=\"09 - Bosch pretende crescer com powertrains neutros para o clima\" width=\"1024\" height=\"581\" srcset=\"https:\/\/jornaldasoficinas.com\/pt\/wp-content\/uploads\/2022\/09\/Bosch-pretende-crescer-com-powertrains-neutros-para-o-clima.jpg 1024w, https:\/\/jornaldasoficinas.com\/pt\/wp-content\/uploads\/2022\/09\/Bosch-pretende-crescer-com-powertrains-neutros-para-o-clima-300x170.jpg 300w, https:\/\/jornaldasoficinas.com\/pt\/wp-content\/uploads\/2022\/09\/Bosch-pretende-crescer-com-powertrains-neutros-para-o-clima-150x85.jpg 150w, https:\/\/jornaldasoficinas.com\/pt\/wp-content\/uploads\/2022\/09\/Bosch-pretende-crescer-com-powertrains-neutros-para-o-clima-768x436.jpg 768w\" sizes=\"auto, (max-width: 1024px) 100vw, 1024px\" \/><\/strong><\/p>\n<p><strong>Da a\u00e7\u00e3o clim\u00e1tica e press\u00e3o de custos \u00e0 escassez de motoristas, a ind\u00fastria global de transporte e log\u00edstica enfrenta enormes desafios. A <a href=\"https:\/\/www.bosch.pt\/\" target=\"_blank\" rel=\"noopener\">Bosch<\/a> oferece solu\u00e7\u00f5es adequadas para enfrentar esses desafios<\/strong><\/p>\n<p>\u00c0 medida que avan\u00e7a em dire\u00e7\u00e3o ao objetivo do transporte de carga neutro para o clima, a empresa de tecnologia est\u00e1 a expandir constantemente o seu portf\u00f3lio de powertrains. Al\u00e9m das motoriza\u00e7\u00f5es a diesel, que continuar\u00e3o a desempenhar um papel vital em ve\u00edculos comerciais por algum tempo, a Bosch disponibiliza tamb\u00e9m motoriza\u00e7\u00f5es el\u00e9tricas a bateria e a c\u00e9lulas de combust\u00edvel.<\/p>\n<p>A empresa incorporou agora uma outra op\u00e7\u00e3o, o motor a hidrog\u00e9nio, para preencher a lacuna no que a motores de for\u00e7a alternativos diz respeito, principalmente para ve\u00edculos pesados de constru\u00e7\u00e3o e m\u00e1quinas agr\u00edcolas. \u201cA a\u00e7\u00e3o clim\u00e1tica est\u00e1 a mover o transporte de carga nas mais diversas dire\u00e7\u00f5es. Esperamos que os powertrains alternativos impulsionem um grande crescimento nos nossos neg\u00f3cios ao longo da d\u00e9cada\u201d, refere Dr. Markus Heyn, membro do conselho de administra\u00e7\u00e3o da Bosch e presidente do setor de neg\u00f3cios de Solu\u00e7\u00f5es de Mobilidade, durante a IAA Transportation deste ano em Hannover.<\/p>\n<p>Num mundo cheio de incertezas, as vendas no setor de neg\u00f3cios de Solu\u00e7\u00f5es de Mobilidade da Bosch cresceram 6% at\u00e9 agora este ano, ap\u00f3s o ajuste dos efeitos da taxa de c\u00e2mbio. A Bosch gera um quarto da sua receita de vendas com tecnologia de ve\u00edculos comerciais, variando entre carrinhas e cami\u00f5es de 40 toneladas. Al\u00e9m dos powertrains, os outros pilares do neg\u00f3cio de ve\u00edculos comerciais da Bosch s\u00e3o os sistemas de assist\u00eancia ao condutor e conectividade.<\/p>\n<p><strong>Bosch est\u00e1 a trazer nova energia para powertrains de ve\u00edculos comerciais<br \/>\n<\/strong>De acordo com as previs\u00f5es da Bosch, mais de 80% de todos os cami\u00f5es com peso de seis toneladas ou mais ainda ser\u00e3o movidos a diesel em 2025. A diversidade do motor de for\u00e7a aumentar\u00e1 posteriormente e, at\u00e9 2035, metade de todos os novos ve\u00edculos comerciais ser\u00e3o el\u00e9tricos, movidos a bateria ou hidrog\u00e9nio.<\/p>\n<p>\u201cUma abordagem tecnologicamente neutra \u00e9 particularmente \u00fatil em ve\u00edculos comerciais. Dependendo da aplica\u00e7\u00e3o, haver\u00e1 mais de uma op\u00e7\u00e3o neutra para o clima para o motor de for\u00e7a do cami\u00e3o\u201d, disse Heyn.<\/p>\n<p>Na Bosch, 3.400 engenheiros est\u00e3o a trabalhar no powertrains para o cami\u00e3o do futuro. Nenhuma outra empresa oferece tantas op\u00e7\u00f5es de eletromobilidade como a Bosch: desde bicicletas el\u00e9tricas a maquinaria de constru\u00e7\u00e3o, de chips de carboneto de sil\u00edcio a m\u00f3dulos de acionamento completos. Esta \u00e9 estrat\u00e9gia que est\u00e1 a valer pena: a Bosch j\u00e1 tem 30 grandes pedidos de fabricantes de powertrains el\u00e9tricos a bateria.<\/p>\n<p>Al\u00e9m disso, a Bosch tem tamb\u00e9m grandes planos para a c\u00e9lula de combust\u00edvel. At\u00e9 2025, a empresa pretende ter mais de 40.000 sistemas de c\u00e9lulas de combust\u00edvel Bosch na estrada. Para apoiar esse objetivo, a Bosch tamb\u00e9m fabrica as pr\u00f3prias pilhas e est\u00e1 a estabelecer capacidades de produ\u00e7\u00e3o global junto dos seus clientes, especificamente nas suas f\u00e1bricas em Anderson (EUA), Wuxi (China) e Bamberg (Alemanha). As c\u00e9lulas de combust\u00edvel n\u00e3o s\u00e3o a \u00fanica maneira de alimentar cami\u00f5es usando hidrog\u00e9nio; existem tamb\u00e9m os motores a H2. A Bosch desenvolve as unidades de controlo e a tecnologia de inje\u00e7\u00e3o necess\u00e1rias para esses motores e j\u00e1 adquiriu um grande projeto na \u00cdndia.<\/p>\n<p><strong>Bosch est\u00e1 a ensinar os camis\u00f5es a conduzir<br \/>\n<\/strong>A Bosch est\u00e1 no seu elemento n\u00e3o apenas em hardware, mas tamb\u00e9m em software. Metade dos colaboradores de R&amp;D no setor de neg\u00f3cios de Solu\u00e7\u00f5es de Mobilidade s\u00e3o engenheiros de software. Entre outras coisas, isso promove o desenvolvimento da condu\u00e7\u00e3o aut\u00f3noma. A Bosch tem 1.100 engenheiros a trabalhar neste t\u00f3pico e fornece software, sensores, computadores veiculares e acionadores a partir de uma \u00fanica fonte.<\/p>\n<p>\u201cA condu\u00e7\u00e3o aut\u00f3noma est\u00e1 a chegar, em parte devido \u00e0 escassez aguda de motoristas. E em nenhum lugar a condu\u00e7\u00e3o aut\u00f3noma faz mais sentido econ\u00f3mico do que em ve\u00edculos comerciais\u201d, refere Heyn.<\/p>\n<p>Em toda a Europa, existe j\u00e1 uma escassez de 400.000 motoristas. A Bosch pretende implementar a opera\u00e7\u00e3o sem motorista em rodovias at\u00e9 o final da d\u00e9cada. Em 2025, um computador veicular que permite o processamento de dados de sensores em tempo real entrar\u00e1 em produ\u00e7\u00e3o em larga escala num fabricante europeu de cami\u00f5es.<\/p>\n<p>A tecnologia Bosch tornar\u00e1 a arquitetura eletr\u00f3nica em futuros ve\u00edculos comerciais significativamente mais poderosa, fornecendo assim a base para o cami\u00e3o definido por software. No caminho para a condu\u00e7\u00e3o aut\u00f3noma, a empresa est\u00e1 a fazer bons neg\u00f3cios com sistemas de assist\u00eancia ao condutor. O mercado crescer\u00e1 40% nos pr\u00f3ximos anos, a Bosch em quase 60%. Os esfor\u00e7os da empresa aqui s\u00e3o impulsionados por v\u00e1rios fatores, incluindo os requisitos legais para a preven\u00e7\u00e3o de acidentes rodovi\u00e1rios com ve\u00edculos comerciais. Por exemplo, a fun\u00e7\u00e3o de assistente de curva ser\u00e1 um recurso obrigat\u00f3rio na Europa a partir de 2024.<\/p>\n<p><strong>Bosch prepara-se para lan\u00e7ar plataforma de log\u00edstica<br \/>\n<\/strong>No trabalho que tem vindo a desenvolver sobre o futuro do transporte de mercadorias, a Bosch est\u00e1 a olhar para al\u00e9m da capota. A empresa uniu for\u00e7as com o fornecedor de cloud Amazon Web Services (AWS) com sede nos EUA para operar uma plataforma de software que agrupa n\u00e3o apenas os seus pr\u00f3prios servi\u00e7os de log\u00edstica, mas tamb\u00e9m servi\u00e7os de terceiros.<\/p>\n<p>A integra\u00e7\u00e3o dessas solu\u00e7\u00f5es aumenta a efici\u00eancia. Em vez de usar a multiplicidade de solu\u00e7\u00f5es independentes atualmente disponibilizadas, as empresas de log\u00edstica e transit\u00e1rios em todo o mundo passam a ter acesso r\u00e1pido e f\u00e1cil a servi\u00e7os digitais de uma \u00fanica fonte. \u201cVamos lan\u00e7ar a nossa plataforma de log\u00edstica na \u00cdndia nas pr\u00f3ximas semanas e depois na Europa e nos EUA no in\u00edcio do pr\u00f3ximo ano\u201d, afirma Heyn.<\/p>\n<p>Um exemplo dos servi\u00e7os da Bosch para o setor de transporte e log\u00edstica \u00e9 a monitoriza\u00e7\u00e3o log\u00edstica. Os centros de servi\u00e7o da Bosch monitorizam a condi\u00e7\u00e3o de bens cr\u00edticos ou mesmo medicamente vitais \u2013 entre 30.000 e 40.000 cami\u00f5es por ano. Durante a pandemia de coronav\u00edrus, a Bosch assumiu tamb\u00e9m a monitoriza\u00e7\u00e3o dos carregamentos de vacinas. Existe tamb\u00e9m uma grande procura por estacionamento seguro de cami\u00f5es, um servi\u00e7o que pode ser usado para reservar espa\u00e7o de estacionamento para estes ve\u00edculos. A Bosch j\u00e1 oferece 100 \u00e1reas adequadas ao longo das rodovias em onze pa\u00edses europeus.<\/p>\n<p>Em 2021 as reservas triplicaram. A Bosch est\u00e1 ainda a expandir o seu portf\u00f3lio de servi\u00e7os para incluir uma solu\u00e7\u00e3o mais moderna para o sistema de acesso sem chave para ve\u00edculos comerciais, que ser\u00e1 lan\u00e7ado em 2023.<\/p>\n","protected":false},"excerpt":{"rendered":"<p>Da a\u00e7\u00e3o clim\u00e1tica e press\u00e3o de&#8230;<\/p>\n","protected":false},"author":15,"featured_media":32935,"comment_status":"closed","ping_status":"closed","sticky":false,"template":"","format":"standard","meta":{"footnotes":""},"categories":[29],"tags":[123],"class_list":["post-32971","post","type-post","status-publish","format-standard","has-post-thumbnail","hentry","category-empresas","tag-bosch"],"yoast_head":"<!-- This site is optimized with the Yoast SEO plugin v27.4 - https:\/\/yoast.com\/product\/yoast-seo-wordpress\/ -->\n<title>Bosch pretende crescer com powertrains neutros para o clima - Jornal das Oficinas<\/title>\n<meta name=\"robots\" content=\"index, follow, max-snippet:-1, max-image-preview:large, max-video-preview:-1\" \/>\n<link rel=\"canonical\" href=\"https:\/\/jornaldasoficinas.com\/pt\/bosch-pretende-crescer-com-powertrains-neutros-para-o-clima\/\" \/>\n<meta property=\"og:locale\" content=\"pt_PT\" \/>\n<meta property=\"og:type\" content=\"article\" \/>\n<meta property=\"og:title\" content=\"Bosch pretende crescer com powertrains neutros para o clima - Jornal das Oficinas\" \/>\n<meta property=\"og:description\" content=\"Da a\u00e7\u00e3o clim\u00e1tica e press\u00e3o de...\" \/>\n<meta property=\"og:url\" content=\"https:\/\/jornaldasoficinas.com\/pt\/bosch-pretende-crescer-com-powertrains-neutros-para-o-clima\/\" \/>\n<meta property=\"og:site_name\" content=\"Jornal das Oficinas\" \/>\n<meta property=\"article:publisher\" content=\"https:\/\/www.facebook.com\/jornaloficinas\" \/>\n<meta property=\"article:published_time\" content=\"2022-09-21T07:00:44+00:00\" \/>\n<meta property=\"article:modified_time\" content=\"2023-07-20T15:11:22+00:00\" \/>\n<meta property=\"og:image\" content=\"https:\/\/jornaldasoficinas.com\/pt\/wp-content\/uploads\/2022\/09\/Bosch-pretende-crescer-com-powertrains-neutros-para-o-clima.jpg\" \/>\n\t<meta property=\"og:image:width\" content=\"1024\" \/>\n\t<meta property=\"og:image:height\" content=\"581\" \/>\n\t<meta property=\"og:image:type\" content=\"image\/jpeg\" \/>\n<meta name=\"author\" content=\"Reda\u00e7\u00e3o JO\" \/>\n<meta name=\"twitter:card\" content=\"summary_large_image\" \/>\n<meta name=\"twitter:creator\" content=\"@jornaloficinas\" \/>\n<meta name=\"twitter:site\" content=\"@jornaloficinas\" \/>\n<meta name=\"twitter:label1\" content=\"Escrito por\" \/>\n\t<meta name=\"twitter:data1\" content=\"Reda\u00e7\u00e3o JO\" \/>\n\t<meta name=\"twitter:label2\" content=\"Tempo estimado de leitura\" \/>\n\t<meta name=\"twitter:data2\" content=\"6 minutos\" \/>\n<script type=\"application\/ld+json\" class=\"yoast-schema-graph\">{\"@context\":\"https:\\\/\\\/schema.org\",\"@graph\":[{\"@type\":\"Article\",\"@id\":\"https:\\\/\\\/jornaldasoficinas.com\\\/pt\\\/bosch-pretende-crescer-com-powertrains-neutros-para-o-clima\\\/#article\",\"isPartOf\":{\"@id\":\"https:\\\/\\\/jornaldasoficinas.com\\\/pt\\\/bosch-pretende-crescer-com-powertrains-neutros-para-o-clima\\\/\"},\"author\":{\"name\":\"Reda\u00e7\u00e3o JO\",\"@id\":\"https:\\\/\\\/jornaldasoficinas.com\\\/pt\\\/#\\\/schema\\\/person\\\/a38eef5de2c41d9e7c9ac10141afddf3\"},\"headline\":\"Bosch pretende crescer com powertrains neutros para o clima\",\"datePublished\":\"2022-09-21T07:00:44+00:00\",\"dateModified\":\"2023-07-20T15:11:22+00:00\",\"mainEntityOfPage\":{\"@id\":\"https:\\\/\\\/jornaldasoficinas.com\\\/pt\\\/bosch-pretende-crescer-com-powertrains-neutros-para-o-clima\\\/\"},\"wordCount\":1200,\"publisher\":{\"@id\":\"https:\\\/\\\/jornaldasoficinas.com\\\/pt\\\/#organization\"},\"image\":{\"@id\":\"https:\\\/\\\/jornaldasoficinas.com\\\/pt\\\/bosch-pretende-crescer-com-powertrains-neutros-para-o-clima\\\/#primaryimage\"},\"thumbnailUrl\":\"https:\\\/\\\/jornaldasoficinas.com\\\/pt\\\/wp-content\\\/uploads\\\/2022\\\/09\\\/Bosch-pretende-crescer-com-powertrains-neutros-para-o-clima.jpg\",\"keywords\":[\"Bosch\"],\"articleSection\":[\"Empresas\"],\"inLanguage\":\"pt-PT\"},{\"@type\":\"WebPage\",\"@id\":\"https:\\\/\\\/jornaldasoficinas.com\\\/pt\\\/bosch-pretende-crescer-com-powertrains-neutros-para-o-clima\\\/\",\"url\":\"https:\\\/\\\/jornaldasoficinas.com\\\/pt\\\/bosch-pretende-crescer-com-powertrains-neutros-para-o-clima\\\/\",\"name\":\"Bosch pretende crescer com powertrains neutros para o clima - Jornal das Oficinas\",\"isPartOf\":{\"@id\":\"https:\\\/\\\/jornaldasoficinas.com\\\/pt\\\/#website\"},\"primaryImageOfPage\":{\"@id\":\"https:\\\/\\\/jornaldasoficinas.com\\\/pt\\\/bosch-pretende-crescer-com-powertrains-neutros-para-o-clima\\\/#primaryimage\"},\"image\":{\"@id\":\"https:\\\/\\\/jornaldasoficinas.com\\\/pt\\\/bosch-pretende-crescer-com-powertrains-neutros-para-o-clima\\\/#primaryimage\"},\"thumbnailUrl\":\"https:\\\/\\\/jornaldasoficinas.com\\\/pt\\\/wp-content\\\/uploads\\\/2022\\\/09\\\/Bosch-pretende-crescer-com-powertrains-neutros-para-o-clima.jpg\",\"datePublished\":\"2022-09-21T07:00:44+00:00\",\"dateModified\":\"2023-07-20T15:11:22+00:00\",\"breadcrumb\":{\"@id\":\"https:\\\/\\\/jornaldasoficinas.com\\\/pt\\\/bosch-pretende-crescer-com-powertrains-neutros-para-o-clima\\\/#breadcrumb\"},\"inLanguage\":\"pt-PT\",\"potentialAction\":[{\"@type\":\"ReadAction\",\"target\":[\"https:\\\/\\\/jornaldasoficinas.com\\\/pt\\\/bosch-pretende-crescer-com-powertrains-neutros-para-o-clima\\\/\"]}]},{\"@type\":\"ImageObject\",\"inLanguage\":\"pt-PT\",\"@id\":\"https:\\\/\\\/jornaldasoficinas.com\\\/pt\\\/bosch-pretende-crescer-com-powertrains-neutros-para-o-clima\\\/#primaryimage\",\"url\":\"https:\\\/\\\/jornaldasoficinas.com\\\/pt\\\/wp-content\\\/uploads\\\/2022\\\/09\\\/Bosch-pretende-crescer-com-powertrains-neutros-para-o-clima.jpg\",\"contentUrl\":\"https:\\\/\\\/jornaldasoficinas.com\\\/pt\\\/wp-content\\\/uploads\\\/2022\\\/09\\\/Bosch-pretende-crescer-com-powertrains-neutros-para-o-clima.jpg\",\"width\":1024,\"height\":581,\"caption\":\"09 - Bosch pretende crescer com powertrains neutros para o clima\"},{\"@type\":\"BreadcrumbList\",\"@id\":\"https:\\\/\\\/jornaldasoficinas.com\\\/pt\\\/bosch-pretende-crescer-com-powertrains-neutros-para-o-clima\\\/#breadcrumb\",\"itemListElement\":[{\"@type\":\"ListItem\",\"position\":1,\"name\":\"In\u00edcio\",\"item\":\"https:\\\/\\\/jornaldasoficinas.com\\\/pt\\\/\"},{\"@type\":\"ListItem\",\"position\":2,\"name\":\"Bosch pretende crescer com powertrains neutros para o clima\"}]},{\"@type\":\"WebSite\",\"@id\":\"https:\\\/\\\/jornaldasoficinas.com\\\/pt\\\/#website\",\"url\":\"https:\\\/\\\/jornaldasoficinas.com\\\/pt\\\/\",\"name\":\"Jornal das Oficinas\",\"description\":\"Jornal independente do Aftermarket Autom\u00f3vel em Portugal\",\"publisher\":{\"@id\":\"https:\\\/\\\/jornaldasoficinas.com\\\/pt\\\/#organization\"},\"potentialAction\":[{\"@type\":\"SearchAction\",\"target\":{\"@type\":\"EntryPoint\",\"urlTemplate\":\"https:\\\/\\\/jornaldasoficinas.com\\\/pt\\\/?s={search_term_string}\"},\"query-input\":{\"@type\":\"PropertyValueSpecification\",\"valueRequired\":true,\"valueName\":\"search_term_string\"}}],\"inLanguage\":\"pt-PT\"},{\"@type\":\"Organization\",\"@id\":\"https:\\\/\\\/jornaldasoficinas.com\\\/pt\\\/#organization\",\"name\":\"Jornal das Oficinas\",\"url\":\"https:\\\/\\\/jornaldasoficinas.com\\\/pt\\\/\",\"logo\":{\"@type\":\"ImageObject\",\"inLanguage\":\"pt-PT\",\"@id\":\"https:\\\/\\\/jornaldasoficinas.com\\\/pt\\\/#\\\/schema\\\/logo\\\/image\\\/\",\"url\":\"https:\\\/\\\/jornaldasoficinas.com\\\/pt\\\/wp-content\\\/uploads\\\/logoJO-SEO.png\",\"contentUrl\":\"https:\\\/\\\/jornaldasoficinas.com\\\/pt\\\/wp-content\\\/uploads\\\/logoJO-SEO.png\",\"width\":285,\"height\":450,\"caption\":\"Jornal das Oficinas\"},\"image\":{\"@id\":\"https:\\\/\\\/jornaldasoficinas.com\\\/pt\\\/#\\\/schema\\\/logo\\\/image\\\/\"},\"sameAs\":[\"https:\\\/\\\/www.facebook.com\\\/jornaloficinas\",\"https:\\\/\\\/x.com\\\/jornaloficinas\",\"https:\\\/\\\/www.instagram.com\\\/jornal_oficinas\\\/\",\"https:\\\/\\\/www.linkedin.com\\\/company\\\/jornal-das-oficinas\\\/\",\"https:\\\/\\\/www.youtube.com\\\/channel\\\/UCbQZBqtcvV-oSQrr7RzINGg\"]},{\"@type\":\"Person\",\"@id\":\"https:\\\/\\\/jornaldasoficinas.com\\\/pt\\\/#\\\/schema\\\/person\\\/a38eef5de2c41d9e7c9ac10141afddf3\",\"name\":\"Reda\u00e7\u00e3o JO\",\"image\":{\"@type\":\"ImageObject\",\"inLanguage\":\"pt-PT\",\"@id\":\"https:\\\/\\\/secure.gravatar.com\\\/avatar\\\/71f2fa71737ad68a84fea94bc708ddac8ea5b0c4788dc2ad202f3ccb2887742f?s=96&d=wp_user_avatar&r=g\",\"url\":\"https:\\\/\\\/secure.gravatar.com\\\/avatar\\\/71f2fa71737ad68a84fea94bc708ddac8ea5b0c4788dc2ad202f3ccb2887742f?s=96&d=wp_user_avatar&r=g\",\"contentUrl\":\"https:\\\/\\\/secure.gravatar.com\\\/avatar\\\/71f2fa71737ad68a84fea94bc708ddac8ea5b0c4788dc2ad202f3ccb2887742f?s=96&d=wp_user_avatar&r=g\",\"caption\":\"Reda\u00e7\u00e3o JO\"},\"url\":\"https:\\\/\\\/jornaldasoficinas.com\\\/pt\\\/author\\\/joredacao\\\/\"}]}<\/script>\n<!-- \/ Yoast SEO plugin. -->","yoast_head_json":{"title":"Bosch pretende crescer com powertrains neutros para o clima - Jornal das Oficinas","robots":{"index":"index","follow":"follow","max-snippet":"max-snippet:-1","max-image-preview":"max-image-preview:large","max-video-preview":"max-video-preview:-1"},"canonical":"https:\/\/jornaldasoficinas.com\/pt\/bosch-pretende-crescer-com-powertrains-neutros-para-o-clima\/","og_locale":"pt_PT","og_type":"article","og_title":"Bosch pretende crescer com powertrains neutros para o clima - Jornal das Oficinas","og_description":"Da a\u00e7\u00e3o clim\u00e1tica e press\u00e3o de...","og_url":"https:\/\/jornaldasoficinas.com\/pt\/bosch-pretende-crescer-com-powertrains-neutros-para-o-clima\/","og_site_name":"Jornal das Oficinas","article_publisher":"https:\/\/www.facebook.com\/jornaloficinas","article_published_time":"2022-09-21T07:00:44+00:00","article_modified_time":"2023-07-20T15:11:22+00:00","og_image":[{"width":1024,"height":581,"url":"https:\/\/jornaldasoficinas.com\/pt\/wp-content\/uploads\/2022\/09\/Bosch-pretende-crescer-com-powertrains-neutros-para-o-clima.jpg","type":"image\/jpeg"}],"author":"Reda\u00e7\u00e3o JO","twitter_card":"summary_large_image","twitter_creator":"@jornaloficinas","twitter_site":"@jornaloficinas","twitter_misc":{"Escrito por":"Reda\u00e7\u00e3o JO","Tempo estimado de leitura":"6 minutos"},"schema":{"@context":"https:\/\/schema.org","@graph":[{"@type":"Article","@id":"https:\/\/jornaldasoficinas.com\/pt\/bosch-pretende-crescer-com-powertrains-neutros-para-o-clima\/#article","isPartOf":{"@id":"https:\/\/jornaldasoficinas.com\/pt\/bosch-pretende-crescer-com-powertrains-neutros-para-o-clima\/"},"author":{"name":"Reda\u00e7\u00e3o JO","@id":"https:\/\/jornaldasoficinas.com\/pt\/#\/schema\/person\/a38eef5de2c41d9e7c9ac10141afddf3"},"headline":"Bosch pretende crescer com powertrains neutros para o clima","datePublished":"2022-09-21T07:00:44+00:00","dateModified":"2023-07-20T15:11:22+00:00","mainEntityOfPage":{"@id":"https:\/\/jornaldasoficinas.com\/pt\/bosch-pretende-crescer-com-powertrains-neutros-para-o-clima\/"},"wordCount":1200,"publisher":{"@id":"https:\/\/jornaldasoficinas.com\/pt\/#organization"},"image":{"@id":"https:\/\/jornaldasoficinas.com\/pt\/bosch-pretende-crescer-com-powertrains-neutros-para-o-clima\/#primaryimage"},"thumbnailUrl":"https:\/\/jornaldasoficinas.com\/pt\/wp-content\/uploads\/2022\/09\/Bosch-pretende-crescer-com-powertrains-neutros-para-o-clima.jpg","keywords":["Bosch"],"articleSection":["Empresas"],"inLanguage":"pt-PT"},{"@type":"WebPage","@id":"https:\/\/jornaldasoficinas.com\/pt\/bosch-pretende-crescer-com-powertrains-neutros-para-o-clima\/","url":"https:\/\/jornaldasoficinas.com\/pt\/bosch-pretende-crescer-com-powertrains-neutros-para-o-clima\/","name":"Bosch pretende crescer com powertrains neutros para o clima - Jornal das Oficinas","isPartOf":{"@id":"https:\/\/jornaldasoficinas.com\/pt\/#website"},"primaryImageOfPage":{"@id":"https:\/\/jornaldasoficinas.com\/pt\/bosch-pretende-crescer-com-powertrains-neutros-para-o-clima\/#primaryimage"},"image":{"@id":"https:\/\/jornaldasoficinas.com\/pt\/bosch-pretende-crescer-com-powertrains-neutros-para-o-clima\/#primaryimage"},"thumbnailUrl":"https:\/\/jornaldasoficinas.com\/pt\/wp-content\/uploads\/2022\/09\/Bosch-pretende-crescer-com-powertrains-neutros-para-o-clima.jpg","datePublished":"2022-09-21T07:00:44+00:00","dateModified":"2023-07-20T15:11:22+00:00","breadcrumb":{"@id":"https:\/\/jornaldasoficinas.com\/pt\/bosch-pretende-crescer-com-powertrains-neutros-para-o-clima\/#breadcrumb"},"inLanguage":"pt-PT","potentialAction":[{"@type":"ReadAction","target":["https:\/\/jornaldasoficinas.com\/pt\/bosch-pretende-crescer-com-powertrains-neutros-para-o-clima\/"]}]},{"@type":"ImageObject","inLanguage":"pt-PT","@id":"https:\/\/jornaldasoficinas.com\/pt\/bosch-pretende-crescer-com-powertrains-neutros-para-o-clima\/#primaryimage","url":"https:\/\/jornaldasoficinas.com\/pt\/wp-content\/uploads\/2022\/09\/Bosch-pretende-crescer-com-powertrains-neutros-para-o-clima.jpg","contentUrl":"https:\/\/jornaldasoficinas.com\/pt\/wp-content\/uploads\/2022\/09\/Bosch-pretende-crescer-com-powertrains-neutros-para-o-clima.jpg","width":1024,"height":581,"caption":"09 - Bosch pretende crescer com powertrains neutros para o clima"},{"@type":"BreadcrumbList","@id":"https:\/\/jornaldasoficinas.com\/pt\/bosch-pretende-crescer-com-powertrains-neutros-para-o-clima\/#breadcrumb","itemListElement":[{"@type":"ListItem","position":1,"name":"In\u00edcio","item":"https:\/\/jornaldasoficinas.com\/pt\/"},{"@type":"ListItem","position":2,"name":"Bosch pretende crescer com powertrains neutros para o clima"}]},{"@type":"WebSite","@id":"https:\/\/jornaldasoficinas.com\/pt\/#website","url":"https:\/\/jornaldasoficinas.com\/pt\/","name":"Jornal das Oficinas","description":"Jornal independente do Aftermarket Autom\u00f3vel em Portugal","publisher":{"@id":"https:\/\/jornaldasoficinas.com\/pt\/#organization"},"potentialAction":[{"@type":"SearchAction","target":{"@type":"EntryPoint","urlTemplate":"https:\/\/jornaldasoficinas.com\/pt\/?s={search_term_string}"},"query-input":{"@type":"PropertyValueSpecification","valueRequired":true,"valueName":"search_term_string"}}],"inLanguage":"pt-PT"},{"@type":"Organization","@id":"https:\/\/jornaldasoficinas.com\/pt\/#organization","name":"Jornal das Oficinas","url":"https:\/\/jornaldasoficinas.com\/pt\/","logo":{"@type":"ImageObject","inLanguage":"pt-PT","@id":"https:\/\/jornaldasoficinas.com\/pt\/#\/schema\/logo\/image\/","url":"https:\/\/jornaldasoficinas.com\/pt\/wp-content\/uploads\/logoJO-SEO.png","contentUrl":"https:\/\/jornaldasoficinas.com\/pt\/wp-content\/uploads\/logoJO-SEO.png","width":285,"height":450,"caption":"Jornal das Oficinas"},"image":{"@id":"https:\/\/jornaldasoficinas.com\/pt\/#\/schema\/logo\/image\/"},"sameAs":["https:\/\/www.facebook.com\/jornaloficinas","https:\/\/x.com\/jornaloficinas","https:\/\/www.instagram.com\/jornal_oficinas\/","https:\/\/www.linkedin.com\/company\/jornal-das-oficinas\/","https:\/\/www.youtube.com\/channel\/UCbQZBqtcvV-oSQrr7RzINGg"]},{"@type":"Person","@id":"https:\/\/jornaldasoficinas.com\/pt\/#\/schema\/person\/a38eef5de2c41d9e7c9ac10141afddf3","name":"Reda\u00e7\u00e3o JO","image":{"@type":"ImageObject","inLanguage":"pt-PT","@id":"https:\/\/secure.gravatar.com\/avatar\/71f2fa71737ad68a84fea94bc708ddac8ea5b0c4788dc2ad202f3ccb2887742f?s=96&d=wp_user_avatar&r=g","url":"https:\/\/secure.gravatar.com\/avatar\/71f2fa71737ad68a84fea94bc708ddac8ea5b0c4788dc2ad202f3ccb2887742f?s=96&d=wp_user_avatar&r=g","contentUrl":"https:\/\/secure.gravatar.com\/avatar\/71f2fa71737ad68a84fea94bc708ddac8ea5b0c4788dc2ad202f3ccb2887742f?s=96&d=wp_user_avatar&r=g","caption":"Reda\u00e7\u00e3o JO"},"url":"https:\/\/jornaldasoficinas.com\/pt\/author\/joredacao\/"}]}},"_links":{"self":[{"href":"https:\/\/jornaldasoficinas.com\/pt\/wp-json\/wp\/v2\/posts\/32971","targetHints":{"allow":["GET"]}}],"collection":[{"href":"https:\/\/jornaldasoficinas.com\/pt\/wp-json\/wp\/v2\/posts"}],"about":[{"href":"https:\/\/jornaldasoficinas.com\/pt\/wp-json\/wp\/v2\/types\/post"}],"author":[{"embeddable":true,"href":"https:\/\/jornaldasoficinas.com\/pt\/wp-json\/wp\/v2\/users\/15"}],"replies":[{"embeddable":true,"href":"https:\/\/jornaldasoficinas.com\/pt\/wp-json\/wp\/v2\/comments?post=32971"}],"version-history":[{"count":0,"href":"https:\/\/jornaldasoficinas.com\/pt\/wp-json\/wp\/v2\/posts\/32971\/revisions"}],"wp:featuredmedia":[{"embeddable":true,"href":"https:\/\/jornaldasoficinas.com\/pt\/wp-json\/wp\/v2\/media\/32935"}],"wp:attachment":[{"href":"https:\/\/jornaldasoficinas.com\/pt\/wp-json\/wp\/v2\/media?parent=32971"}],"wp:term":[{"taxonomy":"category","embeddable":true,"href":"https:\/\/jornaldasoficinas.com\/pt\/wp-json\/wp\/v2\/categories?post=32971"},{"taxonomy":"post_tag","embeddable":true,"href":"https:\/\/jornaldasoficinas.com\/pt\/wp-json\/wp\/v2\/tags?post=32971"}],"curies":[{"name":"wp","href":"https:\/\/api.w.org\/{rel}","templated":true}]}}