{"id":32989,"date":"2022-09-21T19:00:21","date_gmt":"2022-09-21T18:00:21","guid":{"rendered":"https:\/\/jornaldasoficinas.com\/pt\/?p=32989"},"modified":"2022-09-21T15:24:07","modified_gmt":"2022-09-21T14:24:07","slug":"infraestrutura-preparada-para-os-adas","status":"publish","type":"post","link":"https:\/\/jornaldasoficinas.com\/pt\/infraestrutura-preparada-para-os-adas\/","title":{"rendered":"Infraestrutura preparada para os ADAS"},"content":{"rendered":"<p><strong><img loading=\"lazy\" decoding=\"async\" class=\"alignnone size-full wp-image-32993\" src=\"https:\/\/jornaldasoficinas.com\/pt\/wp-content\/uploads\/2022\/09\/N1_ADAS-1.jpg\" alt=\"09 - N1_ADAS 1\" width=\"1000\" height=\"566\" srcset=\"https:\/\/jornaldasoficinas.com\/pt\/wp-content\/uploads\/2022\/09\/N1_ADAS-1.jpg 1000w, https:\/\/jornaldasoficinas.com\/pt\/wp-content\/uploads\/2022\/09\/N1_ADAS-1-300x170.jpg 300w, https:\/\/jornaldasoficinas.com\/pt\/wp-content\/uploads\/2022\/09\/N1_ADAS-1-150x85.jpg 150w, https:\/\/jornaldasoficinas.com\/pt\/wp-content\/uploads\/2022\/09\/N1_ADAS-1-768x435.jpg 768w\" sizes=\"auto, (max-width: 1000px) 100vw, 1000px\" \/><\/strong><\/p>\n<p><strong>H\u00e1 defici\u00eancias em termos da prepara\u00e7\u00e3o do ambiente em que os ADAS operam. A falta de harmoniza\u00e7\u00e3o das infraestruturas na Europa, desde a sinaliza\u00e7\u00e3o at\u00e9 \u00e0s marca\u00e7\u00f5es rodovi\u00e1ria, afeta a efici\u00eancia operacional dos ADAS, visto que os sistemas podem enfrentar condi\u00e7\u00f5es das vias e situa\u00e7\u00f5es de tr\u00e1fego que est\u00e3o fora de seu ODD.<\/strong><\/p>\n<p>Estar bem preparado e fazer uma utiliza\u00e7\u00e3o segura da condu\u00e7\u00e3o semiaut\u00f3noma \u00e9, portanto, um primeiro passo necess\u00e1rio na estrada para a condu\u00e7\u00e3o totalmente aut\u00f3noma. Para alcan\u00e7ar o destino desejado, \u00e9 necess\u00e1rio fazer muito mais progressos em todos os n\u00edveis.<\/p>\n<p>\u00c9 necess\u00e1rio melhorar a precis\u00e3o da comunica\u00e7\u00e3o sobre o funcionamento dos sistemas e as interrup\u00e7\u00f5es de seguran\u00e7a. H\u00e1 muito a ser melhorado em rela\u00e7\u00e3o \u00e0 precis\u00e3o e fiabilidade dos ADAS. Acreditamos que h\u00e1 uma necessidade urgente de padroniza\u00e7\u00e3o internacional para definir claramente que tipo de informa\u00e7\u00f5es, sinais e mensagens, devem ser comunicadas ao condutor em caso de um sistema ADAS deixar de funcionar. Os manuais do utilizador dos ve\u00edculos devem conter informa\u00e7\u00f5es para os condutores sobre o que pode acontecer no caso de falha do sistema.<\/p>\n<p>\u00c9 essencial fornecer explica\u00e7\u00f5es corretas aos utilizadores finais sobre as limita\u00e7\u00f5es e condi\u00e7\u00f5es de funcionamento dos sistemas para alcan\u00e7ar a contribui\u00e7\u00e3o esperada dos ADAS para a seguran\u00e7a rodovi\u00e1ria. O conhecimento sobre os ADAS e a forma de utiliz\u00e1-los corretamente, deve ser parte integrante da forma\u00e7\u00e3o para obter uma carta de condu\u00e7\u00e3o e um pessoal respons\u00e1vel de vendas e distribui\u00e7\u00e3o de ve\u00edculos, devidamente formado, deve educar melhor qualquer novo utilizador de ADAS para garantir um uso seguro desses sistemas.<\/p>\n<p><strong>Procedimentos de avalia\u00e7\u00e3o mais acess\u00edveis<\/strong><strong> e precisos<br \/>\n<\/strong>\u00c9 importante ter uma avalia\u00e7\u00e3o acess\u00edvel de seguran\u00e7a dos ADAS. Desta maneira, o seu correto funcionamento e a sua perda de desempenho ou degrada\u00e7\u00e3o podem ser identificados e diagnosticados e o condutor pode ser avisado em caso de mau funcionamento. Tamb\u00e9m deve ser estabelecido um padr\u00e3o claro para manter a garantia de vida dos ADAS (idealmente aplicado durante as revis\u00f5es anuais, por exemplo, na ITV). Al\u00e9m disso, as diretivas de homologa\u00e7\u00e3o atuais devem conter requisitos mais rigorosos, que devem ser atualizados com frequ\u00eancia.<\/p>\n<p>Todos os ADAS devem cumprir os mesmos padr\u00f5es que determinam que o sistema \u00e9 capaz e, o que \u00e9 mais importante, aquilo de que o sistema n\u00e3o \u00e9 capaz (funcionalidades uniformes). O desenvolvimento de um diagn\u00f3stico On-Board (OBD), que sirva para a repara\u00e7\u00e3o e manuten\u00e7\u00e3o dos ADAS e que seja harmonizado para todos os OEM, requer denomina\u00e7\u00f5es uniformes para todos os sistemas. Assim, os fabricantes de ve\u00edculos seriam obrigados a referir-se aos seus sistemas, utilizando os mesmos nomes acordados por todos.<\/p>\n<p>Os ADAS t\u00eam o potencial de trazer melhorias significativas em termos de seguran\u00e7a rodovi\u00e1ria, mas tamb\u00e9m \u00e9 ineg\u00e1vel que ainda h\u00e1 muito a fazer para transformar a vis\u00e3o de uma condu\u00e7\u00e3o semiaut\u00f3noma segura em uma realidade. Para ele, governos,<\/p>\n<p>institutos de investiga\u00e7\u00e3o, fabricantes de ve\u00edculos, fornecedores de servi\u00e7os e operadores de infraestruturas, devem alinhar os seus esfor\u00e7os em torno de uma abordagem \u201ccondutor &#8211; ve\u00edculo &#8211; infraestrutura\u201d e estabelecer objetivos claros a curto e a longo prazo.<\/p>\n<p><strong>Manuten\u00e7\u00e3o dos sistemas ADAS<br \/>\n<\/strong>Os ADAS devem ser inclu\u00eddos nas revis\u00f5es anuais em que \u00e9 comprovada a seguran\u00e7a do ve\u00edculo, se \u00e9 apto para a circula\u00e7\u00e3o e as emiss\u00f5es dos gases de escape. Para que isto ocorra, o teste de funcionalidades dos ADAS devem ser fact\u00edveis, mensur\u00e1veis e verific\u00e1veis. Atualmente existem muitas inc\u00f3gnitas e incertezas: Os ADAS diferem significativamente entre os diferentes fabricantes em termos de nomes, funcionalidade, limita\u00e7\u00f5es etc.<\/p>\n<p>A funcionalidade dos ADAS poderia ser quantificada atrav\u00e9s da OBD, permitindo a sua identifica\u00e7\u00e3o, avaliando o seu funcionamento correto e degrada\u00e7\u00e3o. No entanto, atualmente isto n\u00e3o \u00e9 poss\u00edvel devido \u00e0 falta de dados para realizar o diagn\u00f3stico. Por esses motivos, \u00e9 necess\u00e1ria uma abordagem espec\u00edfica, que avalie a sua manuten\u00e7\u00e3o, para o sistema ADAS de cada fabricante.<\/p>\n<p>Al\u00e9m disso, a calibra\u00e7\u00e3o de sistemas est\u00e1 a tornar-se uma parte (extra) muito importante de sua manuten\u00e7\u00e3o. Al\u00e9m disso, considerando que a funcionalidade dos sistemas digitais n\u00e3o se degrada como os sistemas mec\u00e2nicos, \u00e9 necess\u00e1ria uma monitoriza\u00e7\u00e3o cont\u00ednua do seu desempenho. No entanto, isso ainda n\u00e3o \u00e9 obrigat\u00f3rio. A seguran\u00e7a durante toda a vida \u00fatil do ve\u00edculo n\u00e3o pode, portanto, ser garantida. Por fim, o n\u00famero crescente de liga\u00e7\u00f5es externas e a liga\u00e7\u00e3o direta entre os computadores e os sistemas de controlo dos ADAS, implica riscos de seguran\u00e7a cibern\u00e9tica.<\/p>\n","protected":false},"excerpt":{"rendered":"<p>H\u00e1 defici\u00eancias em termos da prepara\u00e7\u00e3o&#8230;<\/p>\n","protected":false},"author":15,"featured_media":32993,"comment_status":"closed","ping_status":"closed","sticky":false,"template":"","format":"standard","meta":{"footnotes":""},"categories":[37],"tags":[],"class_list":["post-32989","post","type-post","status-publish","format-standard","has-post-thumbnail","hentry","category-mercado"],"yoast_head":"<!-- This site is optimized with the Yoast SEO plugin v27.4 - https:\/\/yoast.com\/product\/yoast-seo-wordpress\/ -->\n<title>Infraestrutura preparada para os ADAS - Jornal das Oficinas<\/title>\n<meta name=\"robots\" content=\"index, follow, max-snippet:-1, max-image-preview:large, max-video-preview:-1\" \/>\n<link rel=\"canonical\" href=\"https:\/\/jornaldasoficinas.com\/pt\/infraestrutura-preparada-para-os-adas\/\" \/>\n<meta property=\"og:locale\" content=\"pt_PT\" \/>\n<meta property=\"og:type\" content=\"article\" \/>\n<meta property=\"og:title\" content=\"Infraestrutura preparada para os ADAS - Jornal das Oficinas\" \/>\n<meta property=\"og:description\" content=\"H\u00e1 defici\u00eancias em termos da prepara\u00e7\u00e3o...\" \/>\n<meta property=\"og:url\" content=\"https:\/\/jornaldasoficinas.com\/pt\/infraestrutura-preparada-para-os-adas\/\" \/>\n<meta property=\"og:site_name\" content=\"Jornal das Oficinas\" \/>\n<meta property=\"article:publisher\" content=\"https:\/\/www.facebook.com\/jornaloficinas\" \/>\n<meta property=\"article:published_time\" content=\"2022-09-21T18:00:21+00:00\" \/>\n<meta property=\"og:image\" content=\"https:\/\/jornaldasoficinas.com\/pt\/wp-content\/uploads\/2022\/09\/N1_ADAS-1.jpg\" \/>\n\t<meta property=\"og:image:width\" content=\"1000\" \/>\n\t<meta property=\"og:image:height\" content=\"566\" \/>\n\t<meta property=\"og:image:type\" content=\"image\/jpeg\" \/>\n<meta name=\"author\" content=\"Reda\u00e7\u00e3o JO\" \/>\n<meta name=\"twitter:card\" content=\"summary_large_image\" \/>\n<meta name=\"twitter:creator\" content=\"@jornaloficinas\" \/>\n<meta name=\"twitter:site\" content=\"@jornaloficinas\" \/>\n<meta name=\"twitter:label1\" content=\"Escrito por\" \/>\n\t<meta name=\"twitter:data1\" content=\"Reda\u00e7\u00e3o JO\" \/>\n\t<meta name=\"twitter:label2\" content=\"Tempo estimado de leitura\" \/>\n\t<meta name=\"twitter:data2\" content=\"4 minutos\" \/>\n<script type=\"application\/ld+json\" class=\"yoast-schema-graph\">{\"@context\":\"https:\\\/\\\/schema.org\",\"@graph\":[{\"@type\":\"Article\",\"@id\":\"https:\\\/\\\/jornaldasoficinas.com\\\/pt\\\/infraestrutura-preparada-para-os-adas\\\/#article\",\"isPartOf\":{\"@id\":\"https:\\\/\\\/jornaldasoficinas.com\\\/pt\\\/infraestrutura-preparada-para-os-adas\\\/\"},\"author\":{\"name\":\"Reda\u00e7\u00e3o JO\",\"@id\":\"https:\\\/\\\/jornaldasoficinas.com\\\/pt\\\/#\\\/schema\\\/person\\\/a38eef5de2c41d9e7c9ac10141afddf3\"},\"headline\":\"Infraestrutura preparada para os ADAS\",\"datePublished\":\"2022-09-21T18:00:21+00:00\",\"mainEntityOfPage\":{\"@id\":\"https:\\\/\\\/jornaldasoficinas.com\\\/pt\\\/infraestrutura-preparada-para-os-adas\\\/\"},\"wordCount\":824,\"publisher\":{\"@id\":\"https:\\\/\\\/jornaldasoficinas.com\\\/pt\\\/#organization\"},\"image\":{\"@id\":\"https:\\\/\\\/jornaldasoficinas.com\\\/pt\\\/infraestrutura-preparada-para-os-adas\\\/#primaryimage\"},\"thumbnailUrl\":\"https:\\\/\\\/jornaldasoficinas.com\\\/pt\\\/wp-content\\\/uploads\\\/2022\\\/09\\\/N1_ADAS-1.jpg\",\"articleSection\":[\"Mercado\"],\"inLanguage\":\"pt-PT\"},{\"@type\":\"WebPage\",\"@id\":\"https:\\\/\\\/jornaldasoficinas.com\\\/pt\\\/infraestrutura-preparada-para-os-adas\\\/\",\"url\":\"https:\\\/\\\/jornaldasoficinas.com\\\/pt\\\/infraestrutura-preparada-para-os-adas\\\/\",\"name\":\"Infraestrutura preparada para os ADAS - Jornal das Oficinas\",\"isPartOf\":{\"@id\":\"https:\\\/\\\/jornaldasoficinas.com\\\/pt\\\/#website\"},\"primaryImageOfPage\":{\"@id\":\"https:\\\/\\\/jornaldasoficinas.com\\\/pt\\\/infraestrutura-preparada-para-os-adas\\\/#primaryimage\"},\"image\":{\"@id\":\"https:\\\/\\\/jornaldasoficinas.com\\\/pt\\\/infraestrutura-preparada-para-os-adas\\\/#primaryimage\"},\"thumbnailUrl\":\"https:\\\/\\\/jornaldasoficinas.com\\\/pt\\\/wp-content\\\/uploads\\\/2022\\\/09\\\/N1_ADAS-1.jpg\",\"datePublished\":\"2022-09-21T18:00:21+00:00\",\"breadcrumb\":{\"@id\":\"https:\\\/\\\/jornaldasoficinas.com\\\/pt\\\/infraestrutura-preparada-para-os-adas\\\/#breadcrumb\"},\"inLanguage\":\"pt-PT\",\"potentialAction\":[{\"@type\":\"ReadAction\",\"target\":[\"https:\\\/\\\/jornaldasoficinas.com\\\/pt\\\/infraestrutura-preparada-para-os-adas\\\/\"]}]},{\"@type\":\"ImageObject\",\"inLanguage\":\"pt-PT\",\"@id\":\"https:\\\/\\\/jornaldasoficinas.com\\\/pt\\\/infraestrutura-preparada-para-os-adas\\\/#primaryimage\",\"url\":\"https:\\\/\\\/jornaldasoficinas.com\\\/pt\\\/wp-content\\\/uploads\\\/2022\\\/09\\\/N1_ADAS-1.jpg\",\"contentUrl\":\"https:\\\/\\\/jornaldasoficinas.com\\\/pt\\\/wp-content\\\/uploads\\\/2022\\\/09\\\/N1_ADAS-1.jpg\",\"width\":1000,\"height\":566,\"caption\":\"09 - N1_ADAS 1\"},{\"@type\":\"BreadcrumbList\",\"@id\":\"https:\\\/\\\/jornaldasoficinas.com\\\/pt\\\/infraestrutura-preparada-para-os-adas\\\/#breadcrumb\",\"itemListElement\":[{\"@type\":\"ListItem\",\"position\":1,\"name\":\"In\u00edcio\",\"item\":\"https:\\\/\\\/jornaldasoficinas.com\\\/pt\\\/\"},{\"@type\":\"ListItem\",\"position\":2,\"name\":\"Infraestrutura preparada para os ADAS\"}]},{\"@type\":\"WebSite\",\"@id\":\"https:\\\/\\\/jornaldasoficinas.com\\\/pt\\\/#website\",\"url\":\"https:\\\/\\\/jornaldasoficinas.com\\\/pt\\\/\",\"name\":\"Jornal das Oficinas\",\"description\":\"Jornal independente do Aftermarket Autom\u00f3vel em Portugal\",\"publisher\":{\"@id\":\"https:\\\/\\\/jornaldasoficinas.com\\\/pt\\\/#organization\"},\"potentialAction\":[{\"@type\":\"SearchAction\",\"target\":{\"@type\":\"EntryPoint\",\"urlTemplate\":\"https:\\\/\\\/jornaldasoficinas.com\\\/pt\\\/?s={search_term_string}\"},\"query-input\":{\"@type\":\"PropertyValueSpecification\",\"valueRequired\":true,\"valueName\":\"search_term_string\"}}],\"inLanguage\":\"pt-PT\"},{\"@type\":\"Organization\",\"@id\":\"https:\\\/\\\/jornaldasoficinas.com\\\/pt\\\/#organization\",\"name\":\"Jornal das Oficinas\",\"url\":\"https:\\\/\\\/jornaldasoficinas.com\\\/pt\\\/\",\"logo\":{\"@type\":\"ImageObject\",\"inLanguage\":\"pt-PT\",\"@id\":\"https:\\\/\\\/jornaldasoficinas.com\\\/pt\\\/#\\\/schema\\\/logo\\\/image\\\/\",\"url\":\"https:\\\/\\\/jornaldasoficinas.com\\\/pt\\\/wp-content\\\/uploads\\\/logoJO-SEO.png\",\"contentUrl\":\"https:\\\/\\\/jornaldasoficinas.com\\\/pt\\\/wp-content\\\/uploads\\\/logoJO-SEO.png\",\"width\":285,\"height\":450,\"caption\":\"Jornal das Oficinas\"},\"image\":{\"@id\":\"https:\\\/\\\/jornaldasoficinas.com\\\/pt\\\/#\\\/schema\\\/logo\\\/image\\\/\"},\"sameAs\":[\"https:\\\/\\\/www.facebook.com\\\/jornaloficinas\",\"https:\\\/\\\/x.com\\\/jornaloficinas\",\"https:\\\/\\\/www.instagram.com\\\/jornal_oficinas\\\/\",\"https:\\\/\\\/www.linkedin.com\\\/company\\\/jornal-das-oficinas\\\/\",\"https:\\\/\\\/www.youtube.com\\\/channel\\\/UCbQZBqtcvV-oSQrr7RzINGg\"]},{\"@type\":\"Person\",\"@id\":\"https:\\\/\\\/jornaldasoficinas.com\\\/pt\\\/#\\\/schema\\\/person\\\/a38eef5de2c41d9e7c9ac10141afddf3\",\"name\":\"Reda\u00e7\u00e3o JO\",\"image\":{\"@type\":\"ImageObject\",\"inLanguage\":\"pt-PT\",\"@id\":\"https:\\\/\\\/secure.gravatar.com\\\/avatar\\\/71f2fa71737ad68a84fea94bc708ddac8ea5b0c4788dc2ad202f3ccb2887742f?s=96&d=wp_user_avatar&r=g\",\"url\":\"https:\\\/\\\/secure.gravatar.com\\\/avatar\\\/71f2fa71737ad68a84fea94bc708ddac8ea5b0c4788dc2ad202f3ccb2887742f?s=96&d=wp_user_avatar&r=g\",\"contentUrl\":\"https:\\\/\\\/secure.gravatar.com\\\/avatar\\\/71f2fa71737ad68a84fea94bc708ddac8ea5b0c4788dc2ad202f3ccb2887742f?s=96&d=wp_user_avatar&r=g\",\"caption\":\"Reda\u00e7\u00e3o JO\"},\"url\":\"https:\\\/\\\/jornaldasoficinas.com\\\/pt\\\/author\\\/joredacao\\\/\"}]}<\/script>\n<!-- \/ Yoast SEO plugin. -->","yoast_head_json":{"title":"Infraestrutura preparada para os ADAS - Jornal das Oficinas","robots":{"index":"index","follow":"follow","max-snippet":"max-snippet:-1","max-image-preview":"max-image-preview:large","max-video-preview":"max-video-preview:-1"},"canonical":"https:\/\/jornaldasoficinas.com\/pt\/infraestrutura-preparada-para-os-adas\/","og_locale":"pt_PT","og_type":"article","og_title":"Infraestrutura preparada para os ADAS - Jornal das Oficinas","og_description":"H\u00e1 defici\u00eancias em termos da prepara\u00e7\u00e3o...","og_url":"https:\/\/jornaldasoficinas.com\/pt\/infraestrutura-preparada-para-os-adas\/","og_site_name":"Jornal das Oficinas","article_publisher":"https:\/\/www.facebook.com\/jornaloficinas","article_published_time":"2022-09-21T18:00:21+00:00","og_image":[{"width":1000,"height":566,"url":"https:\/\/jornaldasoficinas.com\/pt\/wp-content\/uploads\/2022\/09\/N1_ADAS-1.jpg","type":"image\/jpeg"}],"author":"Reda\u00e7\u00e3o JO","twitter_card":"summary_large_image","twitter_creator":"@jornaloficinas","twitter_site":"@jornaloficinas","twitter_misc":{"Escrito por":"Reda\u00e7\u00e3o JO","Tempo estimado de leitura":"4 minutos"},"schema":{"@context":"https:\/\/schema.org","@graph":[{"@type":"Article","@id":"https:\/\/jornaldasoficinas.com\/pt\/infraestrutura-preparada-para-os-adas\/#article","isPartOf":{"@id":"https:\/\/jornaldasoficinas.com\/pt\/infraestrutura-preparada-para-os-adas\/"},"author":{"name":"Reda\u00e7\u00e3o JO","@id":"https:\/\/jornaldasoficinas.com\/pt\/#\/schema\/person\/a38eef5de2c41d9e7c9ac10141afddf3"},"headline":"Infraestrutura preparada para os ADAS","datePublished":"2022-09-21T18:00:21+00:00","mainEntityOfPage":{"@id":"https:\/\/jornaldasoficinas.com\/pt\/infraestrutura-preparada-para-os-adas\/"},"wordCount":824,"publisher":{"@id":"https:\/\/jornaldasoficinas.com\/pt\/#organization"},"image":{"@id":"https:\/\/jornaldasoficinas.com\/pt\/infraestrutura-preparada-para-os-adas\/#primaryimage"},"thumbnailUrl":"https:\/\/jornaldasoficinas.com\/pt\/wp-content\/uploads\/2022\/09\/N1_ADAS-1.jpg","articleSection":["Mercado"],"inLanguage":"pt-PT"},{"@type":"WebPage","@id":"https:\/\/jornaldasoficinas.com\/pt\/infraestrutura-preparada-para-os-adas\/","url":"https:\/\/jornaldasoficinas.com\/pt\/infraestrutura-preparada-para-os-adas\/","name":"Infraestrutura preparada para os ADAS - Jornal das Oficinas","isPartOf":{"@id":"https:\/\/jornaldasoficinas.com\/pt\/#website"},"primaryImageOfPage":{"@id":"https:\/\/jornaldasoficinas.com\/pt\/infraestrutura-preparada-para-os-adas\/#primaryimage"},"image":{"@id":"https:\/\/jornaldasoficinas.com\/pt\/infraestrutura-preparada-para-os-adas\/#primaryimage"},"thumbnailUrl":"https:\/\/jornaldasoficinas.com\/pt\/wp-content\/uploads\/2022\/09\/N1_ADAS-1.jpg","datePublished":"2022-09-21T18:00:21+00:00","breadcrumb":{"@id":"https:\/\/jornaldasoficinas.com\/pt\/infraestrutura-preparada-para-os-adas\/#breadcrumb"},"inLanguage":"pt-PT","potentialAction":[{"@type":"ReadAction","target":["https:\/\/jornaldasoficinas.com\/pt\/infraestrutura-preparada-para-os-adas\/"]}]},{"@type":"ImageObject","inLanguage":"pt-PT","@id":"https:\/\/jornaldasoficinas.com\/pt\/infraestrutura-preparada-para-os-adas\/#primaryimage","url":"https:\/\/jornaldasoficinas.com\/pt\/wp-content\/uploads\/2022\/09\/N1_ADAS-1.jpg","contentUrl":"https:\/\/jornaldasoficinas.com\/pt\/wp-content\/uploads\/2022\/09\/N1_ADAS-1.jpg","width":1000,"height":566,"caption":"09 - N1_ADAS 1"},{"@type":"BreadcrumbList","@id":"https:\/\/jornaldasoficinas.com\/pt\/infraestrutura-preparada-para-os-adas\/#breadcrumb","itemListElement":[{"@type":"ListItem","position":1,"name":"In\u00edcio","item":"https:\/\/jornaldasoficinas.com\/pt\/"},{"@type":"ListItem","position":2,"name":"Infraestrutura preparada para os ADAS"}]},{"@type":"WebSite","@id":"https:\/\/jornaldasoficinas.com\/pt\/#website","url":"https:\/\/jornaldasoficinas.com\/pt\/","name":"Jornal das Oficinas","description":"Jornal independente do Aftermarket Autom\u00f3vel em Portugal","publisher":{"@id":"https:\/\/jornaldasoficinas.com\/pt\/#organization"},"potentialAction":[{"@type":"SearchAction","target":{"@type":"EntryPoint","urlTemplate":"https:\/\/jornaldasoficinas.com\/pt\/?s={search_term_string}"},"query-input":{"@type":"PropertyValueSpecification","valueRequired":true,"valueName":"search_term_string"}}],"inLanguage":"pt-PT"},{"@type":"Organization","@id":"https:\/\/jornaldasoficinas.com\/pt\/#organization","name":"Jornal das Oficinas","url":"https:\/\/jornaldasoficinas.com\/pt\/","logo":{"@type":"ImageObject","inLanguage":"pt-PT","@id":"https:\/\/jornaldasoficinas.com\/pt\/#\/schema\/logo\/image\/","url":"https:\/\/jornaldasoficinas.com\/pt\/wp-content\/uploads\/logoJO-SEO.png","contentUrl":"https:\/\/jornaldasoficinas.com\/pt\/wp-content\/uploads\/logoJO-SEO.png","width":285,"height":450,"caption":"Jornal das Oficinas"},"image":{"@id":"https:\/\/jornaldasoficinas.com\/pt\/#\/schema\/logo\/image\/"},"sameAs":["https:\/\/www.facebook.com\/jornaloficinas","https:\/\/x.com\/jornaloficinas","https:\/\/www.instagram.com\/jornal_oficinas\/","https:\/\/www.linkedin.com\/company\/jornal-das-oficinas\/","https:\/\/www.youtube.com\/channel\/UCbQZBqtcvV-oSQrr7RzINGg"]},{"@type":"Person","@id":"https:\/\/jornaldasoficinas.com\/pt\/#\/schema\/person\/a38eef5de2c41d9e7c9ac10141afddf3","name":"Reda\u00e7\u00e3o JO","image":{"@type":"ImageObject","inLanguage":"pt-PT","@id":"https:\/\/secure.gravatar.com\/avatar\/71f2fa71737ad68a84fea94bc708ddac8ea5b0c4788dc2ad202f3ccb2887742f?s=96&d=wp_user_avatar&r=g","url":"https:\/\/secure.gravatar.com\/avatar\/71f2fa71737ad68a84fea94bc708ddac8ea5b0c4788dc2ad202f3ccb2887742f?s=96&d=wp_user_avatar&r=g","contentUrl":"https:\/\/secure.gravatar.com\/avatar\/71f2fa71737ad68a84fea94bc708ddac8ea5b0c4788dc2ad202f3ccb2887742f?s=96&d=wp_user_avatar&r=g","caption":"Reda\u00e7\u00e3o JO"},"url":"https:\/\/jornaldasoficinas.com\/pt\/author\/joredacao\/"}]}},"_links":{"self":[{"href":"https:\/\/jornaldasoficinas.com\/pt\/wp-json\/wp\/v2\/posts\/32989","targetHints":{"allow":["GET"]}}],"collection":[{"href":"https:\/\/jornaldasoficinas.com\/pt\/wp-json\/wp\/v2\/posts"}],"about":[{"href":"https:\/\/jornaldasoficinas.com\/pt\/wp-json\/wp\/v2\/types\/post"}],"author":[{"embeddable":true,"href":"https:\/\/jornaldasoficinas.com\/pt\/wp-json\/wp\/v2\/users\/15"}],"replies":[{"embeddable":true,"href":"https:\/\/jornaldasoficinas.com\/pt\/wp-json\/wp\/v2\/comments?post=32989"}],"version-history":[{"count":0,"href":"https:\/\/jornaldasoficinas.com\/pt\/wp-json\/wp\/v2\/posts\/32989\/revisions"}],"wp:featuredmedia":[{"embeddable":true,"href":"https:\/\/jornaldasoficinas.com\/pt\/wp-json\/wp\/v2\/media\/32993"}],"wp:attachment":[{"href":"https:\/\/jornaldasoficinas.com\/pt\/wp-json\/wp\/v2\/media?parent=32989"}],"wp:term":[{"taxonomy":"category","embeddable":true,"href":"https:\/\/jornaldasoficinas.com\/pt\/wp-json\/wp\/v2\/categories?post=32989"},{"taxonomy":"post_tag","embeddable":true,"href":"https:\/\/jornaldasoficinas.com\/pt\/wp-json\/wp\/v2\/tags?post=32989"}],"curies":[{"name":"wp","href":"https:\/\/api.w.org\/{rel}","templated":true}]}}