{"id":33011,"date":"2022-09-22T16:00:43","date_gmt":"2022-09-22T15:00:43","guid":{"rendered":"https:\/\/jornaldasoficinas.com\/pt\/?p=33011"},"modified":"2023-07-19T15:45:19","modified_gmt":"2023-07-19T14:45:19","slug":"porsche-962c-marca-presenca-no-estoril-classics","status":"publish","type":"post","link":"https:\/\/jornaldasoficinas.com\/pt\/porsche-962c-marca-presenca-no-estoril-classics\/","title":{"rendered":"Porsche 962C marca presen\u00e7a no Estoril Classics"},"content":{"rendered":"<p><strong><img loading=\"lazy\" decoding=\"async\" class=\"alignnone size-full wp-image-32942\" src=\"https:\/\/jornaldasoficinas.com\/pt\/wp-content\/uploads\/2022\/09\/Porsche-962C-marca-presenc\u0327a-no-Estoril-Classics.jpeg\" alt=\"09 - Porsche 962C marca presenc\u0327a no Estoril Classics\" width=\"1024\" height=\"581\" srcset=\"https:\/\/jornaldasoficinas.com\/pt\/wp-content\/uploads\/2022\/09\/Porsche-962C-marca-presenc\u0327a-no-Estoril-Classics.jpeg 1024w, https:\/\/jornaldasoficinas.com\/pt\/wp-content\/uploads\/2022\/09\/Porsche-962C-marca-presenc\u0327a-no-Estoril-Classics-300x170.jpeg 300w, https:\/\/jornaldasoficinas.com\/pt\/wp-content\/uploads\/2022\/09\/Porsche-962C-marca-presenc\u0327a-no-Estoril-Classics-150x85.jpeg 150w, https:\/\/jornaldasoficinas.com\/pt\/wp-content\/uploads\/2022\/09\/Porsche-962C-marca-presenc\u0327a-no-Estoril-Classics-768x436.jpeg 768w\" sizes=\"auto, (max-width: 1024px) 100vw, 1024px\" \/><\/strong><\/p>\n<p><strong>A edi\u00e7\u00e3o deste ano do Estoril Classics, que se realizar\u00e1 de 7 a 9 de outubro, no Aut\u00f3dromo do Estoril, contar\u00e1 com tr\u00eas exemplares de um dos mais ic\u00f3nicos e bem-sucedidos carros de endurance \u2013 o Porsche 962C; uma m\u00e1quina que venceu por tr\u00eas vezes as 24 Horas de Le Mans<\/strong><\/p>\n<p>S\u00e3o muitos os protagonistas que contam a hist\u00f3ria do automobilismo mundial, desde pilotos a personalidades que mudaram o cen\u00e1rio competitivo, mas o carro que a Porsche construiu especificamente para as corridas americanas \u00e9 incontorn\u00e1vel na narrativa das corridas de endurance.<\/p>\n<p>Esta \u00e9 a oportunidade que todos os adeptos do automobilismo t\u00eam, durante o evento que se assume como um dos mais importantes do mundo dedicado a corridas de cl\u00e1ssicos, para ver de perto um \u00edcone do automobilismo evoluir em pista, nos dias 7, 8 e 9 de outubro.<\/p>\n<p>O Porsche 962 nasceu a partir do 956, um modelo que a marca alem\u00e3 concebeu para o novo regulamento da FIA, Grupo C, tendo a cria\u00e7\u00e3o do m\u00edtico Norbert Singer estreado em Silverstone em 1982.<\/p>\n<p>Com um chassis de alum\u00ednio animado por um motor 2,65 de litros \u2018Flat-6\u2019 turbo e um fundo \u2018venturi\u2019 o novo Porsche para as corridas de endurance rapidamente se assumiu como a bitola a partir do qual todos os outros carros eram medidos, monopolizando o degrau mais alto do p\u00f3dio das 24 Horas de Le Mans de 1982 a 1985, inclusive.<\/p>\n<p>No entanto, existia uma contrariedade no 956 e que obrigou a Porsche a construir o 962 para a temporada de 1985 \u2013 os p\u00e9s dos pilotos ficavam \u00e0 frente do eixo dianteiro, o que impedia que o modelo pudesse competir nos Estados Unidos da Am\u00e9rica, no IMSA GTP.<\/p>\n<p>Norbert Singer voltou ao estirador e alongou a dist\u00e2ncia entre eixos, mas n\u00e3o ficou por a\u00ed. Com a concorr\u00eancia a subir de intensidade, o mago alem\u00e3o montou uma evolu\u00e7\u00e3o do motor original, com a sua capacidade aumentada para 3,2 litros, mantendo a sobrealimenta\u00e7\u00e3o.<\/p>\n<p>Claro que o carro foi um sucesso e foi tamb\u00e9m introduzido no Campeonato do Mundo de Carros de Desporto, prosseguindo a hegemonia que a Porsche j\u00e1 apresentava em pista frente \u00e0 Lancia, Sauber Mercedes, Jaguar, Nissan e Toyota.<\/p>\n<p>No campo desportivo, o 962C, como era conhecido a vers\u00e3o que corria no \u2018Mundial\u2019, marcou de forma contundente Le Mans e o campeonato.<\/p>\n<p>Na prova de La Sarthe, o carro alem\u00e3o venceu as edi\u00e7\u00f5es de 1986 e 1987. No Campeonato do Mundo de Marcas desde 1985 a 1987, em vinte e nove corridas, o 962C venceu treze, o que demonstra bem a capacidade competitiva do carro concebido por Norbert Singer.<\/p>\n<p>O ACO reintroduziu em 1993 a possibilidade de carros de GT poderem competir na sua prova e Jochen Dauer tinha apresentado no mesmo ano uma vers\u00e3o de estrada do 962, que com os novos regulamentos n\u00e3o era competitivo na corrida francesa, devido a peso excessivo e a restritores muito pequenos.<\/p>\n<p>A Porsche, percebendo a oportunidade, teve apenas de pegar no carro de Dauer e colocar-lhe uns pneus mais estreitos e um restritor, que ainda seria maior que usado pelo 962C de competi\u00e7\u00e3o, para voltar a La Sarthe.<\/p>\n<p>Com o apoio da Joest Racing, uma equipa pr\u00f3xima da marca alem\u00e3, a Porsche colocou em pista para as 24 Horas de Le Mans de 1994 dois Dauer 962.<\/p>\n<p>O \u2018GT da Porsche\u2019 n\u00e3o era o mais r\u00e1pido em pista, mas, com um dep\u00f3sito maior que os ent\u00e3o LMP1, ganhava muito tempo nas boxes, vencendo a grande cl\u00e1ssica francesa. O modelo criado por Norbert Singer garantia assim o seu derradeiro triunfo na mais importante prova de endurance do mundo, nove anos depois de se ter estreado em pista.<\/p>\n<p>Na sua \u00e9poca, o 962C nunca correu no Aut\u00f3dromo do Estoril, apesar da pista portuguesa ter feito parte do calend\u00e1rio provis\u00f3rio do mundial de resist\u00eancia em 1986, como prova de abertura, algo que na altura n\u00e3o se concretizou.<\/p>\n<p>O Estoril Classics \u00e9 a oportunidade para todos os adeptos vislumbrarem um dos carros mais ic\u00f3nicos da hist\u00f3ria de Le Mans e da Porsche com Nicolas d\u2019Ieteren, Hans-J\u00f6rg H\u00fcbner e Lars Erik Nielsen inscritos com um 962C para cada um na prova do Grupo C Racing.<\/p>\n<p>O sucesso do carro de Zuffenhausen foi para al\u00e9m das pistas, tendo sido um sucesso comercial retumbante, uma vez que se estima que foram constru\u00eddos 91 chassis, tendo 75 sido vendidos a equipas privadas.<\/p>\n<p>Algumas delas fizeram altera\u00e7\u00f5es profundas no 962C, como foi o caso da Kremer, que utilizou um chassis de carbono para substituir o de alum\u00ednio. Dois dos carros que nos visitar\u00e3o entre 7 e 9 de Outubro s\u00e3o modelos alterados pela Kremer, e que defenderam as suas cores em Le Mans em 1990 e 1991, ostentando o mais recente uma monocoque em carbono vestido de preto e vermelho que simbolizam a parceria com a Yokohama. O terceiro exemplar trata-se de carro em configura\u00e7\u00e3o de f\u00e1brica, tendo sido um dos \u00faltimos constru\u00eddos\u00a0pela\u00a0Porsche.<\/p>\n<p>Como tem sido habitual, os bilhetes podem ser adquiridos atrav\u00e9s do website oficial do Estoril Classics, e tamb\u00e9m fisicamente na FNAC, Worten, El Corte Ingl\u00eas e CTT Correios, sendo que, como \u00e9 do conhecimento p\u00fablico, o n\u00famero de ingressos est\u00e1 limitado ao espa\u00e7o f\u00edsico do paddock do Aut\u00f3dromo do Estoril.<\/p>\n","protected":false},"excerpt":{"rendered":"<p>A edi\u00e7\u00e3o deste ano do Estoril&#8230;<\/p>\n","protected":false},"author":15,"featured_media":32942,"comment_status":"closed","ping_status":"closed","sticky":false,"template":"","format":"standard","meta":{"footnotes":""},"categories":[29],"tags":[],"class_list":["post-33011","post","type-post","status-publish","format-standard","has-post-thumbnail","hentry","category-empresas"],"yoast_head":"<!-- This site is optimized with the Yoast SEO plugin v27.4 - https:\/\/yoast.com\/product\/yoast-seo-wordpress\/ -->\n<title>Porsche 962C marca presen\u00e7a no Estoril Classics - Jornal das Oficinas<\/title>\n<meta name=\"robots\" content=\"index, follow, max-snippet:-1, max-image-preview:large, max-video-preview:-1\" \/>\n<link rel=\"canonical\" href=\"https:\/\/jornaldasoficinas.com\/pt\/porsche-962c-marca-presenca-no-estoril-classics\/\" \/>\n<meta property=\"og:locale\" content=\"pt_PT\" \/>\n<meta property=\"og:type\" content=\"article\" \/>\n<meta property=\"og:title\" content=\"Porsche 962C marca presen\u00e7a no Estoril Classics - Jornal das Oficinas\" \/>\n<meta property=\"og:description\" content=\"A edi\u00e7\u00e3o deste ano do Estoril...\" \/>\n<meta property=\"og:url\" content=\"https:\/\/jornaldasoficinas.com\/pt\/porsche-962c-marca-presenca-no-estoril-classics\/\" \/>\n<meta property=\"og:site_name\" content=\"Jornal das Oficinas\" \/>\n<meta property=\"article:publisher\" content=\"https:\/\/www.facebook.com\/jornaloficinas\" \/>\n<meta property=\"article:published_time\" content=\"2022-09-22T15:00:43+00:00\" \/>\n<meta property=\"article:modified_time\" content=\"2023-07-19T14:45:19+00:00\" \/>\n<meta property=\"og:image\" content=\"https:\/\/jornaldasoficinas.com\/pt\/wp-content\/uploads\/2022\/09\/Porsche-962C-marca-presenc\u0327a-no-Estoril-Classics.jpeg\" \/>\n\t<meta property=\"og:image:width\" content=\"1024\" \/>\n\t<meta property=\"og:image:height\" content=\"581\" \/>\n\t<meta property=\"og:image:type\" content=\"image\/jpeg\" \/>\n<meta name=\"author\" content=\"Reda\u00e7\u00e3o JO\" \/>\n<meta name=\"twitter:card\" content=\"summary_large_image\" \/>\n<meta name=\"twitter:creator\" content=\"@jornaloficinas\" \/>\n<meta name=\"twitter:site\" content=\"@jornaloficinas\" \/>\n<meta name=\"twitter:label1\" content=\"Escrito por\" \/>\n\t<meta name=\"twitter:data1\" content=\"Reda\u00e7\u00e3o JO\" \/>\n\t<meta name=\"twitter:label2\" content=\"Tempo estimado de leitura\" \/>\n\t<meta name=\"twitter:data2\" content=\"4 minutos\" \/>\n<script type=\"application\/ld+json\" class=\"yoast-schema-graph\">{\"@context\":\"https:\\\/\\\/schema.org\",\"@graph\":[{\"@type\":\"Article\",\"@id\":\"https:\\\/\\\/jornaldasoficinas.com\\\/pt\\\/porsche-962c-marca-presenca-no-estoril-classics\\\/#article\",\"isPartOf\":{\"@id\":\"https:\\\/\\\/jornaldasoficinas.com\\\/pt\\\/porsche-962c-marca-presenca-no-estoril-classics\\\/\"},\"author\":{\"name\":\"Reda\u00e7\u00e3o JO\",\"@id\":\"https:\\\/\\\/jornaldasoficinas.com\\\/pt\\\/#\\\/schema\\\/person\\\/a38eef5de2c41d9e7c9ac10141afddf3\"},\"headline\":\"Porsche 962C marca presen\u00e7a no Estoril Classics\",\"datePublished\":\"2022-09-22T15:00:43+00:00\",\"dateModified\":\"2023-07-19T14:45:19+00:00\",\"mainEntityOfPage\":{\"@id\":\"https:\\\/\\\/jornaldasoficinas.com\\\/pt\\\/porsche-962c-marca-presenca-no-estoril-classics\\\/\"},\"wordCount\":899,\"publisher\":{\"@id\":\"https:\\\/\\\/jornaldasoficinas.com\\\/pt\\\/#organization\"},\"image\":{\"@id\":\"https:\\\/\\\/jornaldasoficinas.com\\\/pt\\\/porsche-962c-marca-presenca-no-estoril-classics\\\/#primaryimage\"},\"thumbnailUrl\":\"https:\\\/\\\/jornaldasoficinas.com\\\/pt\\\/wp-content\\\/uploads\\\/2022\\\/09\\\/Porsche-962C-marca-presenc\u0327a-no-Estoril-Classics.jpeg\",\"articleSection\":[\"Empresas\"],\"inLanguage\":\"pt-PT\"},{\"@type\":\"WebPage\",\"@id\":\"https:\\\/\\\/jornaldasoficinas.com\\\/pt\\\/porsche-962c-marca-presenca-no-estoril-classics\\\/\",\"url\":\"https:\\\/\\\/jornaldasoficinas.com\\\/pt\\\/porsche-962c-marca-presenca-no-estoril-classics\\\/\",\"name\":\"Porsche 962C marca presen\u00e7a no Estoril Classics - Jornal das Oficinas\",\"isPartOf\":{\"@id\":\"https:\\\/\\\/jornaldasoficinas.com\\\/pt\\\/#website\"},\"primaryImageOfPage\":{\"@id\":\"https:\\\/\\\/jornaldasoficinas.com\\\/pt\\\/porsche-962c-marca-presenca-no-estoril-classics\\\/#primaryimage\"},\"image\":{\"@id\":\"https:\\\/\\\/jornaldasoficinas.com\\\/pt\\\/porsche-962c-marca-presenca-no-estoril-classics\\\/#primaryimage\"},\"thumbnailUrl\":\"https:\\\/\\\/jornaldasoficinas.com\\\/pt\\\/wp-content\\\/uploads\\\/2022\\\/09\\\/Porsche-962C-marca-presenc\u0327a-no-Estoril-Classics.jpeg\",\"datePublished\":\"2022-09-22T15:00:43+00:00\",\"dateModified\":\"2023-07-19T14:45:19+00:00\",\"breadcrumb\":{\"@id\":\"https:\\\/\\\/jornaldasoficinas.com\\\/pt\\\/porsche-962c-marca-presenca-no-estoril-classics\\\/#breadcrumb\"},\"inLanguage\":\"pt-PT\",\"potentialAction\":[{\"@type\":\"ReadAction\",\"target\":[\"https:\\\/\\\/jornaldasoficinas.com\\\/pt\\\/porsche-962c-marca-presenca-no-estoril-classics\\\/\"]}]},{\"@type\":\"ImageObject\",\"inLanguage\":\"pt-PT\",\"@id\":\"https:\\\/\\\/jornaldasoficinas.com\\\/pt\\\/porsche-962c-marca-presenca-no-estoril-classics\\\/#primaryimage\",\"url\":\"https:\\\/\\\/jornaldasoficinas.com\\\/pt\\\/wp-content\\\/uploads\\\/2022\\\/09\\\/Porsche-962C-marca-presenc\u0327a-no-Estoril-Classics.jpeg\",\"contentUrl\":\"https:\\\/\\\/jornaldasoficinas.com\\\/pt\\\/wp-content\\\/uploads\\\/2022\\\/09\\\/Porsche-962C-marca-presenc\u0327a-no-Estoril-Classics.jpeg\",\"width\":1024,\"height\":581,\"caption\":\"09 - Porsche 962C marca presenc\u0327a no Estoril Classics\"},{\"@type\":\"BreadcrumbList\",\"@id\":\"https:\\\/\\\/jornaldasoficinas.com\\\/pt\\\/porsche-962c-marca-presenca-no-estoril-classics\\\/#breadcrumb\",\"itemListElement\":[{\"@type\":\"ListItem\",\"position\":1,\"name\":\"In\u00edcio\",\"item\":\"https:\\\/\\\/jornaldasoficinas.com\\\/pt\\\/\"},{\"@type\":\"ListItem\",\"position\":2,\"name\":\"Porsche 962C marca presen\u00e7a no Estoril Classics\"}]},{\"@type\":\"WebSite\",\"@id\":\"https:\\\/\\\/jornaldasoficinas.com\\\/pt\\\/#website\",\"url\":\"https:\\\/\\\/jornaldasoficinas.com\\\/pt\\\/\",\"name\":\"Jornal das Oficinas\",\"description\":\"Jornal independente do Aftermarket Autom\u00f3vel em Portugal\",\"publisher\":{\"@id\":\"https:\\\/\\\/jornaldasoficinas.com\\\/pt\\\/#organization\"},\"potentialAction\":[{\"@type\":\"SearchAction\",\"target\":{\"@type\":\"EntryPoint\",\"urlTemplate\":\"https:\\\/\\\/jornaldasoficinas.com\\\/pt\\\/?s={search_term_string}\"},\"query-input\":{\"@type\":\"PropertyValueSpecification\",\"valueRequired\":true,\"valueName\":\"search_term_string\"}}],\"inLanguage\":\"pt-PT\"},{\"@type\":\"Organization\",\"@id\":\"https:\\\/\\\/jornaldasoficinas.com\\\/pt\\\/#organization\",\"name\":\"Jornal das Oficinas\",\"url\":\"https:\\\/\\\/jornaldasoficinas.com\\\/pt\\\/\",\"logo\":{\"@type\":\"ImageObject\",\"inLanguage\":\"pt-PT\",\"@id\":\"https:\\\/\\\/jornaldasoficinas.com\\\/pt\\\/#\\\/schema\\\/logo\\\/image\\\/\",\"url\":\"https:\\\/\\\/jornaldasoficinas.com\\\/pt\\\/wp-content\\\/uploads\\\/logoJO-SEO.png\",\"contentUrl\":\"https:\\\/\\\/jornaldasoficinas.com\\\/pt\\\/wp-content\\\/uploads\\\/logoJO-SEO.png\",\"width\":285,\"height\":450,\"caption\":\"Jornal das Oficinas\"},\"image\":{\"@id\":\"https:\\\/\\\/jornaldasoficinas.com\\\/pt\\\/#\\\/schema\\\/logo\\\/image\\\/\"},\"sameAs\":[\"https:\\\/\\\/www.facebook.com\\\/jornaloficinas\",\"https:\\\/\\\/x.com\\\/jornaloficinas\",\"https:\\\/\\\/www.instagram.com\\\/jornal_oficinas\\\/\",\"https:\\\/\\\/www.linkedin.com\\\/company\\\/jornal-das-oficinas\\\/\",\"https:\\\/\\\/www.youtube.com\\\/channel\\\/UCbQZBqtcvV-oSQrr7RzINGg\"]},{\"@type\":\"Person\",\"@id\":\"https:\\\/\\\/jornaldasoficinas.com\\\/pt\\\/#\\\/schema\\\/person\\\/a38eef5de2c41d9e7c9ac10141afddf3\",\"name\":\"Reda\u00e7\u00e3o JO\",\"image\":{\"@type\":\"ImageObject\",\"inLanguage\":\"pt-PT\",\"@id\":\"https:\\\/\\\/secure.gravatar.com\\\/avatar\\\/71f2fa71737ad68a84fea94bc708ddac8ea5b0c4788dc2ad202f3ccb2887742f?s=96&d=wp_user_avatar&r=g\",\"url\":\"https:\\\/\\\/secure.gravatar.com\\\/avatar\\\/71f2fa71737ad68a84fea94bc708ddac8ea5b0c4788dc2ad202f3ccb2887742f?s=96&d=wp_user_avatar&r=g\",\"contentUrl\":\"https:\\\/\\\/secure.gravatar.com\\\/avatar\\\/71f2fa71737ad68a84fea94bc708ddac8ea5b0c4788dc2ad202f3ccb2887742f?s=96&d=wp_user_avatar&r=g\",\"caption\":\"Reda\u00e7\u00e3o JO\"},\"url\":\"https:\\\/\\\/jornaldasoficinas.com\\\/pt\\\/author\\\/joredacao\\\/\"}]}<\/script>\n<!-- \/ Yoast SEO plugin. -->","yoast_head_json":{"title":"Porsche 962C marca presen\u00e7a no Estoril Classics - Jornal das Oficinas","robots":{"index":"index","follow":"follow","max-snippet":"max-snippet:-1","max-image-preview":"max-image-preview:large","max-video-preview":"max-video-preview:-1"},"canonical":"https:\/\/jornaldasoficinas.com\/pt\/porsche-962c-marca-presenca-no-estoril-classics\/","og_locale":"pt_PT","og_type":"article","og_title":"Porsche 962C marca presen\u00e7a no Estoril Classics - Jornal das Oficinas","og_description":"A edi\u00e7\u00e3o deste ano do Estoril...","og_url":"https:\/\/jornaldasoficinas.com\/pt\/porsche-962c-marca-presenca-no-estoril-classics\/","og_site_name":"Jornal das Oficinas","article_publisher":"https:\/\/www.facebook.com\/jornaloficinas","article_published_time":"2022-09-22T15:00:43+00:00","article_modified_time":"2023-07-19T14:45:19+00:00","og_image":[{"width":1024,"height":581,"url":"https:\/\/jornaldasoficinas.com\/pt\/wp-content\/uploads\/2022\/09\/Porsche-962C-marca-presenc\u0327a-no-Estoril-Classics.jpeg","type":"image\/jpeg"}],"author":"Reda\u00e7\u00e3o JO","twitter_card":"summary_large_image","twitter_creator":"@jornaloficinas","twitter_site":"@jornaloficinas","twitter_misc":{"Escrito por":"Reda\u00e7\u00e3o JO","Tempo estimado de leitura":"4 minutos"},"schema":{"@context":"https:\/\/schema.org","@graph":[{"@type":"Article","@id":"https:\/\/jornaldasoficinas.com\/pt\/porsche-962c-marca-presenca-no-estoril-classics\/#article","isPartOf":{"@id":"https:\/\/jornaldasoficinas.com\/pt\/porsche-962c-marca-presenca-no-estoril-classics\/"},"author":{"name":"Reda\u00e7\u00e3o JO","@id":"https:\/\/jornaldasoficinas.com\/pt\/#\/schema\/person\/a38eef5de2c41d9e7c9ac10141afddf3"},"headline":"Porsche 962C marca presen\u00e7a no Estoril Classics","datePublished":"2022-09-22T15:00:43+00:00","dateModified":"2023-07-19T14:45:19+00:00","mainEntityOfPage":{"@id":"https:\/\/jornaldasoficinas.com\/pt\/porsche-962c-marca-presenca-no-estoril-classics\/"},"wordCount":899,"publisher":{"@id":"https:\/\/jornaldasoficinas.com\/pt\/#organization"},"image":{"@id":"https:\/\/jornaldasoficinas.com\/pt\/porsche-962c-marca-presenca-no-estoril-classics\/#primaryimage"},"thumbnailUrl":"https:\/\/jornaldasoficinas.com\/pt\/wp-content\/uploads\/2022\/09\/Porsche-962C-marca-presenc\u0327a-no-Estoril-Classics.jpeg","articleSection":["Empresas"],"inLanguage":"pt-PT"},{"@type":"WebPage","@id":"https:\/\/jornaldasoficinas.com\/pt\/porsche-962c-marca-presenca-no-estoril-classics\/","url":"https:\/\/jornaldasoficinas.com\/pt\/porsche-962c-marca-presenca-no-estoril-classics\/","name":"Porsche 962C marca presen\u00e7a no Estoril Classics - Jornal das Oficinas","isPartOf":{"@id":"https:\/\/jornaldasoficinas.com\/pt\/#website"},"primaryImageOfPage":{"@id":"https:\/\/jornaldasoficinas.com\/pt\/porsche-962c-marca-presenca-no-estoril-classics\/#primaryimage"},"image":{"@id":"https:\/\/jornaldasoficinas.com\/pt\/porsche-962c-marca-presenca-no-estoril-classics\/#primaryimage"},"thumbnailUrl":"https:\/\/jornaldasoficinas.com\/pt\/wp-content\/uploads\/2022\/09\/Porsche-962C-marca-presenc\u0327a-no-Estoril-Classics.jpeg","datePublished":"2022-09-22T15:00:43+00:00","dateModified":"2023-07-19T14:45:19+00:00","breadcrumb":{"@id":"https:\/\/jornaldasoficinas.com\/pt\/porsche-962c-marca-presenca-no-estoril-classics\/#breadcrumb"},"inLanguage":"pt-PT","potentialAction":[{"@type":"ReadAction","target":["https:\/\/jornaldasoficinas.com\/pt\/porsche-962c-marca-presenca-no-estoril-classics\/"]}]},{"@type":"ImageObject","inLanguage":"pt-PT","@id":"https:\/\/jornaldasoficinas.com\/pt\/porsche-962c-marca-presenca-no-estoril-classics\/#primaryimage","url":"https:\/\/jornaldasoficinas.com\/pt\/wp-content\/uploads\/2022\/09\/Porsche-962C-marca-presenc\u0327a-no-Estoril-Classics.jpeg","contentUrl":"https:\/\/jornaldasoficinas.com\/pt\/wp-content\/uploads\/2022\/09\/Porsche-962C-marca-presenc\u0327a-no-Estoril-Classics.jpeg","width":1024,"height":581,"caption":"09 - Porsche 962C marca presenc\u0327a no Estoril Classics"},{"@type":"BreadcrumbList","@id":"https:\/\/jornaldasoficinas.com\/pt\/porsche-962c-marca-presenca-no-estoril-classics\/#breadcrumb","itemListElement":[{"@type":"ListItem","position":1,"name":"In\u00edcio","item":"https:\/\/jornaldasoficinas.com\/pt\/"},{"@type":"ListItem","position":2,"name":"Porsche 962C marca presen\u00e7a no Estoril Classics"}]},{"@type":"WebSite","@id":"https:\/\/jornaldasoficinas.com\/pt\/#website","url":"https:\/\/jornaldasoficinas.com\/pt\/","name":"Jornal das Oficinas","description":"Jornal independente do Aftermarket Autom\u00f3vel em Portugal","publisher":{"@id":"https:\/\/jornaldasoficinas.com\/pt\/#organization"},"potentialAction":[{"@type":"SearchAction","target":{"@type":"EntryPoint","urlTemplate":"https:\/\/jornaldasoficinas.com\/pt\/?s={search_term_string}"},"query-input":{"@type":"PropertyValueSpecification","valueRequired":true,"valueName":"search_term_string"}}],"inLanguage":"pt-PT"},{"@type":"Organization","@id":"https:\/\/jornaldasoficinas.com\/pt\/#organization","name":"Jornal das Oficinas","url":"https:\/\/jornaldasoficinas.com\/pt\/","logo":{"@type":"ImageObject","inLanguage":"pt-PT","@id":"https:\/\/jornaldasoficinas.com\/pt\/#\/schema\/logo\/image\/","url":"https:\/\/jornaldasoficinas.com\/pt\/wp-content\/uploads\/logoJO-SEO.png","contentUrl":"https:\/\/jornaldasoficinas.com\/pt\/wp-content\/uploads\/logoJO-SEO.png","width":285,"height":450,"caption":"Jornal das Oficinas"},"image":{"@id":"https:\/\/jornaldasoficinas.com\/pt\/#\/schema\/logo\/image\/"},"sameAs":["https:\/\/www.facebook.com\/jornaloficinas","https:\/\/x.com\/jornaloficinas","https:\/\/www.instagram.com\/jornal_oficinas\/","https:\/\/www.linkedin.com\/company\/jornal-das-oficinas\/","https:\/\/www.youtube.com\/channel\/UCbQZBqtcvV-oSQrr7RzINGg"]},{"@type":"Person","@id":"https:\/\/jornaldasoficinas.com\/pt\/#\/schema\/person\/a38eef5de2c41d9e7c9ac10141afddf3","name":"Reda\u00e7\u00e3o JO","image":{"@type":"ImageObject","inLanguage":"pt-PT","@id":"https:\/\/secure.gravatar.com\/avatar\/71f2fa71737ad68a84fea94bc708ddac8ea5b0c4788dc2ad202f3ccb2887742f?s=96&d=wp_user_avatar&r=g","url":"https:\/\/secure.gravatar.com\/avatar\/71f2fa71737ad68a84fea94bc708ddac8ea5b0c4788dc2ad202f3ccb2887742f?s=96&d=wp_user_avatar&r=g","contentUrl":"https:\/\/secure.gravatar.com\/avatar\/71f2fa71737ad68a84fea94bc708ddac8ea5b0c4788dc2ad202f3ccb2887742f?s=96&d=wp_user_avatar&r=g","caption":"Reda\u00e7\u00e3o JO"},"url":"https:\/\/jornaldasoficinas.com\/pt\/author\/joredacao\/"}]}},"_links":{"self":[{"href":"https:\/\/jornaldasoficinas.com\/pt\/wp-json\/wp\/v2\/posts\/33011","targetHints":{"allow":["GET"]}}],"collection":[{"href":"https:\/\/jornaldasoficinas.com\/pt\/wp-json\/wp\/v2\/posts"}],"about":[{"href":"https:\/\/jornaldasoficinas.com\/pt\/wp-json\/wp\/v2\/types\/post"}],"author":[{"embeddable":true,"href":"https:\/\/jornaldasoficinas.com\/pt\/wp-json\/wp\/v2\/users\/15"}],"replies":[{"embeddable":true,"href":"https:\/\/jornaldasoficinas.com\/pt\/wp-json\/wp\/v2\/comments?post=33011"}],"version-history":[{"count":0,"href":"https:\/\/jornaldasoficinas.com\/pt\/wp-json\/wp\/v2\/posts\/33011\/revisions"}],"wp:featuredmedia":[{"embeddable":true,"href":"https:\/\/jornaldasoficinas.com\/pt\/wp-json\/wp\/v2\/media\/32942"}],"wp:attachment":[{"href":"https:\/\/jornaldasoficinas.com\/pt\/wp-json\/wp\/v2\/media?parent=33011"}],"wp:term":[{"taxonomy":"category","embeddable":true,"href":"https:\/\/jornaldasoficinas.com\/pt\/wp-json\/wp\/v2\/categories?post=33011"},{"taxonomy":"post_tag","embeddable":true,"href":"https:\/\/jornaldasoficinas.com\/pt\/wp-json\/wp\/v2\/tags?post=33011"}],"curies":[{"name":"wp","href":"https:\/\/api.w.org\/{rel}","templated":true}]}}