{"id":33200,"date":"2022-09-27T12:00:42","date_gmt":"2022-09-27T11:00:42","guid":{"rendered":"https:\/\/jornaldasoficinas.com\/pt\/?p=33200"},"modified":"2022-09-27T09:05:14","modified_gmt":"2022-09-27T08:05:14","slug":"miio-prepara-expansao-postos-carregamento-para-espanha-e-franca","status":"publish","type":"post","link":"https:\/\/jornaldasoficinas.com\/pt\/miio-prepara-expansao-postos-carregamento-para-espanha-e-franca\/","title":{"rendered":"Miio prepara expans\u00e3o postos carregamento para Espanha e Fran\u00e7a"},"content":{"rendered":"<p><img loading=\"lazy\" decoding=\"async\" class=\"alignnone size-full wp-image-33160\" src=\"https:\/\/jornaldasoficinas.com\/pt\/wp-content\/uploads\/2022\/09\/Miio-prepara-expansa\u0303o-postos-carregamento-para-Espanha-e-Franc\u0327a.jpg\" alt=\"09 - Miio prepara expansa\u0303o postos carregamento para Espanha e Franc\u0327a\" width=\"1024\" height=\"581\" srcset=\"https:\/\/jornaldasoficinas.com\/pt\/wp-content\/uploads\/2022\/09\/Miio-prepara-expansa\u0303o-postos-carregamento-para-Espanha-e-Franc\u0327a.jpg 1024w, https:\/\/jornaldasoficinas.com\/pt\/wp-content\/uploads\/2022\/09\/Miio-prepara-expansa\u0303o-postos-carregamento-para-Espanha-e-Franc\u0327a-300x170.jpg 300w, https:\/\/jornaldasoficinas.com\/pt\/wp-content\/uploads\/2022\/09\/Miio-prepara-expansa\u0303o-postos-carregamento-para-Espanha-e-Franc\u0327a-150x85.jpg 150w, https:\/\/jornaldasoficinas.com\/pt\/wp-content\/uploads\/2022\/09\/Miio-prepara-expansa\u0303o-postos-carregamento-para-Espanha-e-Franc\u0327a-768x436.jpg 768w\" sizes=\"auto, (max-width: 1024px) 100vw, 1024px\" \/><\/p>\n<p><strong>Arranca agora a segunda fase do processo de internacionaliza\u00e7\u00e3o da <a href=\"https:\/\/www.miio.pt\/\" target=\"_blank\" rel=\"noopener\">miio<\/a> em Espanha e Fran\u00e7a, ap\u00f3s a etapa inicial que visava apenas a conex\u00e3o \u00e0s plataformas de roaming europeias. Com vista a uma mobilidade el\u00e9trica cada vez mais c\u00f3moda e acess\u00edvel a todos os utilizadores, a miio junta-se \u00e0 <a href=\"https:\/\/powerdot.pt\/\" target=\"_blank\" rel=\"noopener\">PowerDot<\/a> para esta integra\u00e7\u00e3o direta em mercados internacionais<\/strong><\/p>\n<p>A\u00a0miio, empresa portuguesa que est\u00e1 a inovar na \u00e1rea da mobilidade el\u00e9trica, anuncia o arranque da segunda fase do processo de internacionaliza\u00e7\u00e3o em Espanha e Fran\u00e7a, \u00e0 boleia da Power Dot, com a integra\u00e7\u00e3o direta junto de operadores de postos de carregamento.<\/p>\n<p>Depois de em julho deste ano a miio ter anunciado a internacionaliza\u00e7\u00e3o para Espanha e Fran\u00e7a atrav\u00e9s da conex\u00e3o com plataformas de roaming europeias, a empresa portuguesa de mobilidade el\u00e9trica possibilita, a partir de agora, a liga\u00e7\u00e3o direta com operadores de postos de carregamento. O objetivo\u00a0\u00e9\u00a0proporcionar aos utilizadores de carros el\u00e9tricos uma melhor experi\u00eancia, n\u00e3o s\u00f3 atrav\u00e9s de pre\u00e7\u00e1rios mais competitivos, mas tamb\u00e9m com a disponibiliza\u00e7\u00e3o de dados mais fi\u00e1veis sobre a progress\u00e3o da sess\u00e3o de carregamento, estado do posto, entre outras informa\u00e7\u00f5es necess\u00e1rias para uma melhor experi\u00eancia de carregamento de um ve\u00edculo el\u00e9trico nas redes p\u00fablicas.<\/p>\n<p>A miio iniciou as opera\u00e7\u00f5es em Fran\u00e7a com a possibilidade de carregamento em 55 mil postos que cobriam todo o territ\u00f3rio, e em cerca de 120 postos no mercado espanhol, com o objetivo de alcan\u00e7ar o marco de 3 mil postos de carregamento at\u00e9\u00a0ao final deste ano. Agora, com a liga\u00e7\u00e3o direta \u00e0 PowerDot, a empresa portuguesa de mobilidade el\u00e9trica refor\u00e7a a sua presen\u00e7a nestes dois mercados e abre portas a novas oportunidades de expans\u00e3o.<\/p>\n<p>\u201cA miio trabalha em conjunto com a Power Dot h\u00e1 v\u00e1rios anos e, sendo um parceiro no qual temos total confian\u00e7a, fez-nos todo o sentido que fosse a primeira empresa a ter integra\u00e7\u00e3o direta connosco nos dois primeiros mercados internacionais. Isto traz muitas vantagens para o utilizador final, n\u00e3o apenas no que se refere a pre\u00e7os de carregamento, mas tamb\u00e9m a n\u00edvel de seguran\u00e7a e fiabilidade dos dados\u201d,\u00a0explica Daniela Sim\u00f5es, CEO e fundadora da miio.<\/p>\n<p>Para o co-fundador e general manager da Power Dot, Jos\u00e9 Maria Sacadura:\u00a0\u201cEsta aposta \u00e9 uma consequ\u00eancia dos bons resultados da parceria em Portugal, e sendo a Power Dot a maior operadora portuguesa com presen\u00e7a na Europa, trata-se de uma situa\u00e7\u00e3o win-win para todas as partes, incluindo os utilizadores\u201d. E refor\u00e7a: \u201cPara a Power Dot \u00e9 fundamental aliar \u00e0 c\u00f3moda experi\u00eancia de utiliza\u00e7\u00e3o formas de pagamento seguras e pr\u00e1ticas, que fa\u00e7am com que os utilizadores confiem no servi\u00e7o prestado e que optem pela Power Dot no momento de carregar o seu ve\u00edculo.<\/p>\n<p>A miio conta atualmente com uma comunidade de 90 mil utilizadores registados na app, que beneficiam de um conjunto de funcionalidades e servi\u00e7os inovadores que a empresa tem vindo a lan\u00e7ar de forma pioneira no mercado portugu\u00eas. Com uma equipa de 19 pessoas, a miio tem vindo a desenvolver novos produtos e servi\u00e7os ajudem a tornar a utiliza\u00e7\u00e3o e carregamento de um ve\u00edculo el\u00e9trico cada vez mais c\u00f3moda e conveniente para qualquer pessoa.<\/p>\n","protected":false},"excerpt":{"rendered":"<p>Arranca agora a segunda fase do&#8230;<\/p>\n","protected":false},"author":15,"featured_media":33160,"comment_status":"closed","ping_status":"closed","sticky":false,"template":"","format":"standard","meta":{"footnotes":""},"categories":[37],"tags":[2582,2952],"class_list":["post-33200","post","type-post","status-publish","format-standard","has-post-thumbnail","hentry","category-mercado","tag-miio","tag-powerdot"],"yoast_head":"<!-- This site is optimized with the Yoast SEO plugin v27.4 - https:\/\/yoast.com\/product\/yoast-seo-wordpress\/ -->\n<title>Miio prepara expans\u00e3o postos carregamento para Espanha e Fran\u00e7a - Jornal das Oficinas<\/title>\n<meta name=\"robots\" content=\"index, follow, max-snippet:-1, max-image-preview:large, max-video-preview:-1\" \/>\n<link rel=\"canonical\" href=\"https:\/\/jornaldasoficinas.com\/pt\/miio-prepara-expansao-postos-carregamento-para-espanha-e-franca\/\" \/>\n<meta property=\"og:locale\" content=\"pt_PT\" \/>\n<meta property=\"og:type\" content=\"article\" \/>\n<meta property=\"og:title\" content=\"Miio prepara expans\u00e3o postos carregamento para Espanha e Fran\u00e7a - Jornal das Oficinas\" \/>\n<meta property=\"og:description\" content=\"Arranca agora a segunda fase do...\" \/>\n<meta property=\"og:url\" content=\"https:\/\/jornaldasoficinas.com\/pt\/miio-prepara-expansao-postos-carregamento-para-espanha-e-franca\/\" \/>\n<meta property=\"og:site_name\" content=\"Jornal das Oficinas\" \/>\n<meta property=\"article:publisher\" content=\"https:\/\/www.facebook.com\/jornaloficinas\" \/>\n<meta property=\"article:published_time\" content=\"2022-09-27T11:00:42+00:00\" \/>\n<meta property=\"og:image\" content=\"https:\/\/jornaldasoficinas.com\/pt\/wp-content\/uploads\/2022\/09\/Miio-prepara-expansa\u0303o-postos-carregamento-para-Espanha-e-Franc\u0327a.jpg\" \/>\n\t<meta property=\"og:image:width\" content=\"1024\" \/>\n\t<meta property=\"og:image:height\" content=\"581\" \/>\n\t<meta property=\"og:image:type\" content=\"image\/jpeg\" \/>\n<meta name=\"author\" content=\"Reda\u00e7\u00e3o JO\" \/>\n<meta name=\"twitter:card\" content=\"summary_large_image\" \/>\n<meta name=\"twitter:creator\" content=\"@jornaloficinas\" \/>\n<meta name=\"twitter:site\" content=\"@jornaloficinas\" \/>\n<meta name=\"twitter:label1\" content=\"Escrito por\" \/>\n\t<meta name=\"twitter:data1\" content=\"Reda\u00e7\u00e3o JO\" \/>\n\t<meta name=\"twitter:label2\" content=\"Tempo estimado de leitura\" \/>\n\t<meta name=\"twitter:data2\" content=\"3 minutos\" \/>\n<script type=\"application\/ld+json\" class=\"yoast-schema-graph\">{\"@context\":\"https:\\\/\\\/schema.org\",\"@graph\":[{\"@type\":\"Article\",\"@id\":\"https:\\\/\\\/jornaldasoficinas.com\\\/pt\\\/miio-prepara-expansao-postos-carregamento-para-espanha-e-franca\\\/#article\",\"isPartOf\":{\"@id\":\"https:\\\/\\\/jornaldasoficinas.com\\\/pt\\\/miio-prepara-expansao-postos-carregamento-para-espanha-e-franca\\\/\"},\"author\":{\"name\":\"Reda\u00e7\u00e3o JO\",\"@id\":\"https:\\\/\\\/jornaldasoficinas.com\\\/pt\\\/#\\\/schema\\\/person\\\/a38eef5de2c41d9e7c9ac10141afddf3\"},\"headline\":\"Miio prepara expans\u00e3o postos carregamento para Espanha e Fran\u00e7a\",\"datePublished\":\"2022-09-27T11:00:42+00:00\",\"mainEntityOfPage\":{\"@id\":\"https:\\\/\\\/jornaldasoficinas.com\\\/pt\\\/miio-prepara-expansao-postos-carregamento-para-espanha-e-franca\\\/\"},\"wordCount\":586,\"publisher\":{\"@id\":\"https:\\\/\\\/jornaldasoficinas.com\\\/pt\\\/#organization\"},\"image\":{\"@id\":\"https:\\\/\\\/jornaldasoficinas.com\\\/pt\\\/miio-prepara-expansao-postos-carregamento-para-espanha-e-franca\\\/#primaryimage\"},\"thumbnailUrl\":\"https:\\\/\\\/jornaldasoficinas.com\\\/pt\\\/wp-content\\\/uploads\\\/2022\\\/09\\\/Miio-prepara-expansa\u0303o-postos-carregamento-para-Espanha-e-Franc\u0327a.jpg\",\"keywords\":[\"miio\",\"PowerDot\"],\"articleSection\":[\"Mercado\"],\"inLanguage\":\"pt-PT\"},{\"@type\":\"WebPage\",\"@id\":\"https:\\\/\\\/jornaldasoficinas.com\\\/pt\\\/miio-prepara-expansao-postos-carregamento-para-espanha-e-franca\\\/\",\"url\":\"https:\\\/\\\/jornaldasoficinas.com\\\/pt\\\/miio-prepara-expansao-postos-carregamento-para-espanha-e-franca\\\/\",\"name\":\"Miio prepara expans\u00e3o postos carregamento para Espanha e Fran\u00e7a - Jornal das Oficinas\",\"isPartOf\":{\"@id\":\"https:\\\/\\\/jornaldasoficinas.com\\\/pt\\\/#website\"},\"primaryImageOfPage\":{\"@id\":\"https:\\\/\\\/jornaldasoficinas.com\\\/pt\\\/miio-prepara-expansao-postos-carregamento-para-espanha-e-franca\\\/#primaryimage\"},\"image\":{\"@id\":\"https:\\\/\\\/jornaldasoficinas.com\\\/pt\\\/miio-prepara-expansao-postos-carregamento-para-espanha-e-franca\\\/#primaryimage\"},\"thumbnailUrl\":\"https:\\\/\\\/jornaldasoficinas.com\\\/pt\\\/wp-content\\\/uploads\\\/2022\\\/09\\\/Miio-prepara-expansa\u0303o-postos-carregamento-para-Espanha-e-Franc\u0327a.jpg\",\"datePublished\":\"2022-09-27T11:00:42+00:00\",\"breadcrumb\":{\"@id\":\"https:\\\/\\\/jornaldasoficinas.com\\\/pt\\\/miio-prepara-expansao-postos-carregamento-para-espanha-e-franca\\\/#breadcrumb\"},\"inLanguage\":\"pt-PT\",\"potentialAction\":[{\"@type\":\"ReadAction\",\"target\":[\"https:\\\/\\\/jornaldasoficinas.com\\\/pt\\\/miio-prepara-expansao-postos-carregamento-para-espanha-e-franca\\\/\"]}]},{\"@type\":\"ImageObject\",\"inLanguage\":\"pt-PT\",\"@id\":\"https:\\\/\\\/jornaldasoficinas.com\\\/pt\\\/miio-prepara-expansao-postos-carregamento-para-espanha-e-franca\\\/#primaryimage\",\"url\":\"https:\\\/\\\/jornaldasoficinas.com\\\/pt\\\/wp-content\\\/uploads\\\/2022\\\/09\\\/Miio-prepara-expansa\u0303o-postos-carregamento-para-Espanha-e-Franc\u0327a.jpg\",\"contentUrl\":\"https:\\\/\\\/jornaldasoficinas.com\\\/pt\\\/wp-content\\\/uploads\\\/2022\\\/09\\\/Miio-prepara-expansa\u0303o-postos-carregamento-para-Espanha-e-Franc\u0327a.jpg\",\"width\":1024,\"height\":581,\"caption\":\"09 - Miio prepara expansa\u0303o postos carregamento para Espanha e Franc\u0327a\"},{\"@type\":\"BreadcrumbList\",\"@id\":\"https:\\\/\\\/jornaldasoficinas.com\\\/pt\\\/miio-prepara-expansao-postos-carregamento-para-espanha-e-franca\\\/#breadcrumb\",\"itemListElement\":[{\"@type\":\"ListItem\",\"position\":1,\"name\":\"In\u00edcio\",\"item\":\"https:\\\/\\\/jornaldasoficinas.com\\\/pt\\\/\"},{\"@type\":\"ListItem\",\"position\":2,\"name\":\"Miio prepara expans\u00e3o postos carregamento para Espanha e Fran\u00e7a\"}]},{\"@type\":\"WebSite\",\"@id\":\"https:\\\/\\\/jornaldasoficinas.com\\\/pt\\\/#website\",\"url\":\"https:\\\/\\\/jornaldasoficinas.com\\\/pt\\\/\",\"name\":\"Jornal das Oficinas\",\"description\":\"Jornal independente do Aftermarket Autom\u00f3vel em Portugal\",\"publisher\":{\"@id\":\"https:\\\/\\\/jornaldasoficinas.com\\\/pt\\\/#organization\"},\"potentialAction\":[{\"@type\":\"SearchAction\",\"target\":{\"@type\":\"EntryPoint\",\"urlTemplate\":\"https:\\\/\\\/jornaldasoficinas.com\\\/pt\\\/?s={search_term_string}\"},\"query-input\":{\"@type\":\"PropertyValueSpecification\",\"valueRequired\":true,\"valueName\":\"search_term_string\"}}],\"inLanguage\":\"pt-PT\"},{\"@type\":\"Organization\",\"@id\":\"https:\\\/\\\/jornaldasoficinas.com\\\/pt\\\/#organization\",\"name\":\"Jornal das Oficinas\",\"url\":\"https:\\\/\\\/jornaldasoficinas.com\\\/pt\\\/\",\"logo\":{\"@type\":\"ImageObject\",\"inLanguage\":\"pt-PT\",\"@id\":\"https:\\\/\\\/jornaldasoficinas.com\\\/pt\\\/#\\\/schema\\\/logo\\\/image\\\/\",\"url\":\"https:\\\/\\\/jornaldasoficinas.com\\\/pt\\\/wp-content\\\/uploads\\\/logoJO-SEO.png\",\"contentUrl\":\"https:\\\/\\\/jornaldasoficinas.com\\\/pt\\\/wp-content\\\/uploads\\\/logoJO-SEO.png\",\"width\":285,\"height\":450,\"caption\":\"Jornal das Oficinas\"},\"image\":{\"@id\":\"https:\\\/\\\/jornaldasoficinas.com\\\/pt\\\/#\\\/schema\\\/logo\\\/image\\\/\"},\"sameAs\":[\"https:\\\/\\\/www.facebook.com\\\/jornaloficinas\",\"https:\\\/\\\/x.com\\\/jornaloficinas\",\"https:\\\/\\\/www.instagram.com\\\/jornal_oficinas\\\/\",\"https:\\\/\\\/www.linkedin.com\\\/company\\\/jornal-das-oficinas\\\/\",\"https:\\\/\\\/www.youtube.com\\\/channel\\\/UCbQZBqtcvV-oSQrr7RzINGg\"]},{\"@type\":\"Person\",\"@id\":\"https:\\\/\\\/jornaldasoficinas.com\\\/pt\\\/#\\\/schema\\\/person\\\/a38eef5de2c41d9e7c9ac10141afddf3\",\"name\":\"Reda\u00e7\u00e3o JO\",\"image\":{\"@type\":\"ImageObject\",\"inLanguage\":\"pt-PT\",\"@id\":\"https:\\\/\\\/secure.gravatar.com\\\/avatar\\\/71f2fa71737ad68a84fea94bc708ddac8ea5b0c4788dc2ad202f3ccb2887742f?s=96&d=wp_user_avatar&r=g\",\"url\":\"https:\\\/\\\/secure.gravatar.com\\\/avatar\\\/71f2fa71737ad68a84fea94bc708ddac8ea5b0c4788dc2ad202f3ccb2887742f?s=96&d=wp_user_avatar&r=g\",\"contentUrl\":\"https:\\\/\\\/secure.gravatar.com\\\/avatar\\\/71f2fa71737ad68a84fea94bc708ddac8ea5b0c4788dc2ad202f3ccb2887742f?s=96&d=wp_user_avatar&r=g\",\"caption\":\"Reda\u00e7\u00e3o JO\"},\"url\":\"https:\\\/\\\/jornaldasoficinas.com\\\/pt\\\/author\\\/joredacao\\\/\"}]}<\/script>\n<!-- \/ Yoast SEO plugin. -->","yoast_head_json":{"title":"Miio prepara expans\u00e3o postos carregamento para Espanha e Fran\u00e7a - Jornal das Oficinas","robots":{"index":"index","follow":"follow","max-snippet":"max-snippet:-1","max-image-preview":"max-image-preview:large","max-video-preview":"max-video-preview:-1"},"canonical":"https:\/\/jornaldasoficinas.com\/pt\/miio-prepara-expansao-postos-carregamento-para-espanha-e-franca\/","og_locale":"pt_PT","og_type":"article","og_title":"Miio prepara expans\u00e3o postos carregamento para Espanha e Fran\u00e7a - Jornal das Oficinas","og_description":"Arranca agora a segunda fase do...","og_url":"https:\/\/jornaldasoficinas.com\/pt\/miio-prepara-expansao-postos-carregamento-para-espanha-e-franca\/","og_site_name":"Jornal das Oficinas","article_publisher":"https:\/\/www.facebook.com\/jornaloficinas","article_published_time":"2022-09-27T11:00:42+00:00","og_image":[{"width":1024,"height":581,"url":"https:\/\/jornaldasoficinas.com\/pt\/wp-content\/uploads\/2022\/09\/Miio-prepara-expansa\u0303o-postos-carregamento-para-Espanha-e-Franc\u0327a.jpg","type":"image\/jpeg"}],"author":"Reda\u00e7\u00e3o JO","twitter_card":"summary_large_image","twitter_creator":"@jornaloficinas","twitter_site":"@jornaloficinas","twitter_misc":{"Escrito por":"Reda\u00e7\u00e3o JO","Tempo estimado de leitura":"3 minutos"},"schema":{"@context":"https:\/\/schema.org","@graph":[{"@type":"Article","@id":"https:\/\/jornaldasoficinas.com\/pt\/miio-prepara-expansao-postos-carregamento-para-espanha-e-franca\/#article","isPartOf":{"@id":"https:\/\/jornaldasoficinas.com\/pt\/miio-prepara-expansao-postos-carregamento-para-espanha-e-franca\/"},"author":{"name":"Reda\u00e7\u00e3o JO","@id":"https:\/\/jornaldasoficinas.com\/pt\/#\/schema\/person\/a38eef5de2c41d9e7c9ac10141afddf3"},"headline":"Miio prepara expans\u00e3o postos carregamento para Espanha e Fran\u00e7a","datePublished":"2022-09-27T11:00:42+00:00","mainEntityOfPage":{"@id":"https:\/\/jornaldasoficinas.com\/pt\/miio-prepara-expansao-postos-carregamento-para-espanha-e-franca\/"},"wordCount":586,"publisher":{"@id":"https:\/\/jornaldasoficinas.com\/pt\/#organization"},"image":{"@id":"https:\/\/jornaldasoficinas.com\/pt\/miio-prepara-expansao-postos-carregamento-para-espanha-e-franca\/#primaryimage"},"thumbnailUrl":"https:\/\/jornaldasoficinas.com\/pt\/wp-content\/uploads\/2022\/09\/Miio-prepara-expansa\u0303o-postos-carregamento-para-Espanha-e-Franc\u0327a.jpg","keywords":["miio","PowerDot"],"articleSection":["Mercado"],"inLanguage":"pt-PT"},{"@type":"WebPage","@id":"https:\/\/jornaldasoficinas.com\/pt\/miio-prepara-expansao-postos-carregamento-para-espanha-e-franca\/","url":"https:\/\/jornaldasoficinas.com\/pt\/miio-prepara-expansao-postos-carregamento-para-espanha-e-franca\/","name":"Miio prepara expans\u00e3o postos carregamento para Espanha e Fran\u00e7a - Jornal das Oficinas","isPartOf":{"@id":"https:\/\/jornaldasoficinas.com\/pt\/#website"},"primaryImageOfPage":{"@id":"https:\/\/jornaldasoficinas.com\/pt\/miio-prepara-expansao-postos-carregamento-para-espanha-e-franca\/#primaryimage"},"image":{"@id":"https:\/\/jornaldasoficinas.com\/pt\/miio-prepara-expansao-postos-carregamento-para-espanha-e-franca\/#primaryimage"},"thumbnailUrl":"https:\/\/jornaldasoficinas.com\/pt\/wp-content\/uploads\/2022\/09\/Miio-prepara-expansa\u0303o-postos-carregamento-para-Espanha-e-Franc\u0327a.jpg","datePublished":"2022-09-27T11:00:42+00:00","breadcrumb":{"@id":"https:\/\/jornaldasoficinas.com\/pt\/miio-prepara-expansao-postos-carregamento-para-espanha-e-franca\/#breadcrumb"},"inLanguage":"pt-PT","potentialAction":[{"@type":"ReadAction","target":["https:\/\/jornaldasoficinas.com\/pt\/miio-prepara-expansao-postos-carregamento-para-espanha-e-franca\/"]}]},{"@type":"ImageObject","inLanguage":"pt-PT","@id":"https:\/\/jornaldasoficinas.com\/pt\/miio-prepara-expansao-postos-carregamento-para-espanha-e-franca\/#primaryimage","url":"https:\/\/jornaldasoficinas.com\/pt\/wp-content\/uploads\/2022\/09\/Miio-prepara-expansa\u0303o-postos-carregamento-para-Espanha-e-Franc\u0327a.jpg","contentUrl":"https:\/\/jornaldasoficinas.com\/pt\/wp-content\/uploads\/2022\/09\/Miio-prepara-expansa\u0303o-postos-carregamento-para-Espanha-e-Franc\u0327a.jpg","width":1024,"height":581,"caption":"09 - Miio prepara expansa\u0303o postos carregamento para Espanha e Franc\u0327a"},{"@type":"BreadcrumbList","@id":"https:\/\/jornaldasoficinas.com\/pt\/miio-prepara-expansao-postos-carregamento-para-espanha-e-franca\/#breadcrumb","itemListElement":[{"@type":"ListItem","position":1,"name":"In\u00edcio","item":"https:\/\/jornaldasoficinas.com\/pt\/"},{"@type":"ListItem","position":2,"name":"Miio prepara expans\u00e3o postos carregamento para Espanha e Fran\u00e7a"}]},{"@type":"WebSite","@id":"https:\/\/jornaldasoficinas.com\/pt\/#website","url":"https:\/\/jornaldasoficinas.com\/pt\/","name":"Jornal das Oficinas","description":"Jornal independente do Aftermarket Autom\u00f3vel em Portugal","publisher":{"@id":"https:\/\/jornaldasoficinas.com\/pt\/#organization"},"potentialAction":[{"@type":"SearchAction","target":{"@type":"EntryPoint","urlTemplate":"https:\/\/jornaldasoficinas.com\/pt\/?s={search_term_string}"},"query-input":{"@type":"PropertyValueSpecification","valueRequired":true,"valueName":"search_term_string"}}],"inLanguage":"pt-PT"},{"@type":"Organization","@id":"https:\/\/jornaldasoficinas.com\/pt\/#organization","name":"Jornal das Oficinas","url":"https:\/\/jornaldasoficinas.com\/pt\/","logo":{"@type":"ImageObject","inLanguage":"pt-PT","@id":"https:\/\/jornaldasoficinas.com\/pt\/#\/schema\/logo\/image\/","url":"https:\/\/jornaldasoficinas.com\/pt\/wp-content\/uploads\/logoJO-SEO.png","contentUrl":"https:\/\/jornaldasoficinas.com\/pt\/wp-content\/uploads\/logoJO-SEO.png","width":285,"height":450,"caption":"Jornal das Oficinas"},"image":{"@id":"https:\/\/jornaldasoficinas.com\/pt\/#\/schema\/logo\/image\/"},"sameAs":["https:\/\/www.facebook.com\/jornaloficinas","https:\/\/x.com\/jornaloficinas","https:\/\/www.instagram.com\/jornal_oficinas\/","https:\/\/www.linkedin.com\/company\/jornal-das-oficinas\/","https:\/\/www.youtube.com\/channel\/UCbQZBqtcvV-oSQrr7RzINGg"]},{"@type":"Person","@id":"https:\/\/jornaldasoficinas.com\/pt\/#\/schema\/person\/a38eef5de2c41d9e7c9ac10141afddf3","name":"Reda\u00e7\u00e3o JO","image":{"@type":"ImageObject","inLanguage":"pt-PT","@id":"https:\/\/secure.gravatar.com\/avatar\/71f2fa71737ad68a84fea94bc708ddac8ea5b0c4788dc2ad202f3ccb2887742f?s=96&d=wp_user_avatar&r=g","url":"https:\/\/secure.gravatar.com\/avatar\/71f2fa71737ad68a84fea94bc708ddac8ea5b0c4788dc2ad202f3ccb2887742f?s=96&d=wp_user_avatar&r=g","contentUrl":"https:\/\/secure.gravatar.com\/avatar\/71f2fa71737ad68a84fea94bc708ddac8ea5b0c4788dc2ad202f3ccb2887742f?s=96&d=wp_user_avatar&r=g","caption":"Reda\u00e7\u00e3o JO"},"url":"https:\/\/jornaldasoficinas.com\/pt\/author\/joredacao\/"}]}},"_links":{"self":[{"href":"https:\/\/jornaldasoficinas.com\/pt\/wp-json\/wp\/v2\/posts\/33200","targetHints":{"allow":["GET"]}}],"collection":[{"href":"https:\/\/jornaldasoficinas.com\/pt\/wp-json\/wp\/v2\/posts"}],"about":[{"href":"https:\/\/jornaldasoficinas.com\/pt\/wp-json\/wp\/v2\/types\/post"}],"author":[{"embeddable":true,"href":"https:\/\/jornaldasoficinas.com\/pt\/wp-json\/wp\/v2\/users\/15"}],"replies":[{"embeddable":true,"href":"https:\/\/jornaldasoficinas.com\/pt\/wp-json\/wp\/v2\/comments?post=33200"}],"version-history":[{"count":0,"href":"https:\/\/jornaldasoficinas.com\/pt\/wp-json\/wp\/v2\/posts\/33200\/revisions"}],"wp:featuredmedia":[{"embeddable":true,"href":"https:\/\/jornaldasoficinas.com\/pt\/wp-json\/wp\/v2\/media\/33160"}],"wp:attachment":[{"href":"https:\/\/jornaldasoficinas.com\/pt\/wp-json\/wp\/v2\/media?parent=33200"}],"wp:term":[{"taxonomy":"category","embeddable":true,"href":"https:\/\/jornaldasoficinas.com\/pt\/wp-json\/wp\/v2\/categories?post=33200"},{"taxonomy":"post_tag","embeddable":true,"href":"https:\/\/jornaldasoficinas.com\/pt\/wp-json\/wp\/v2\/tags?post=33200"}],"curies":[{"name":"wp","href":"https:\/\/api.w.org\/{rel}","templated":true}]}}