{"id":33202,"date":"2022-09-27T14:00:24","date_gmt":"2022-09-27T13:00:24","guid":{"rendered":"https:\/\/jornaldasoficinas.com\/pt\/?p=33202"},"modified":"2022-09-27T09:16:14","modified_gmt":"2022-09-27T08:16:14","slug":"motorservice-comercializa-bomba-para-filtro-de-carvao-ativado","status":"publish","type":"post","link":"https:\/\/jornaldasoficinas.com\/pt\/motorservice-comercializa-bomba-para-filtro-de-carvao-ativado\/","title":{"rendered":"Motorservice comercializa bomba para filtro de carv\u00e3o ativado"},"content":{"rendered":"<p><strong><img loading=\"lazy\" decoding=\"async\" class=\"alignnone size-full wp-image-33161\" src=\"https:\/\/jornaldasoficinas.com\/pt\/wp-content\/uploads\/2022\/09\/Motorservice-comercializa-bomba-para-filtro-de-carva\u0303o-ativado.jpg\" alt=\"09 - Motorservice comercializa bomba para filtro de carva\u0303o ativado\" width=\"1024\" height=\"581\" srcset=\"https:\/\/jornaldasoficinas.com\/pt\/wp-content\/uploads\/2022\/09\/Motorservice-comercializa-bomba-para-filtro-de-carva\u0303o-ativado.jpg 1024w, https:\/\/jornaldasoficinas.com\/pt\/wp-content\/uploads\/2022\/09\/Motorservice-comercializa-bomba-para-filtro-de-carva\u0303o-ativado-300x170.jpg 300w, https:\/\/jornaldasoficinas.com\/pt\/wp-content\/uploads\/2022\/09\/Motorservice-comercializa-bomba-para-filtro-de-carva\u0303o-ativado-150x85.jpg 150w, https:\/\/jornaldasoficinas.com\/pt\/wp-content\/uploads\/2022\/09\/Motorservice-comercializa-bomba-para-filtro-de-carva\u0303o-ativado-768x436.jpg 768w\" sizes=\"auto, (max-width: 1024px) 100vw, 1024px\" \/><\/strong><\/p>\n<p><strong>A <a href=\"https:\/\/www.ms-motorservice.com\/en\/\" target=\"_blank\" rel=\"noopener\">Motorservice<\/a>, \u00e9 o \u00fanico fornecedor no mercado de p\u00f3s-venda, que disponibiliza uma bomba el\u00e9trica para a purifica\u00e7\u00e3o do filtro de carv\u00e3o ativado 7.11390.00.0 que foi desenvolvida pela Pierburg, na Alemanha<\/strong><\/p>\n<p>A bomba para filtro de carv\u00e3o ativado 7.11390.00.0 foi desenvolvida pela Pierburg, na Alemanha, e lan\u00e7ada mundialmente no mercado em 2018. Desde ent\u00e3o, tem sido cada vez mais utilizada na produ\u00e7\u00e3o em s\u00e9rie por um grande n\u00famero de fabricantes de autom\u00f3veis de renome, conferindo-lhe um potencial consider\u00e1vel no mercado de p\u00f3s-venda. A bomba conduz os vapores de combust\u00edvel presentes no filtro de carv\u00e3o ativado para o processo de combust\u00e3o, reduzindo assim a emiss\u00e3o de poluentes do ve\u00edculo.<\/p>\n<p>Esta \u00e9 composta por uma bomba de g\u00e1s el\u00e9trica centr\u00edfuga acionada por um motor monof\u00e1sico e funciona com um caudal de at\u00e9 50\u00a0litros por minuto a uma press\u00e3o simult\u00e2nea de apenas cerca de 0,1\u00a0bar. A sua resist\u00eancia t\u00e9rmica \u00e9 refor\u00e7ada por uma fun\u00e7\u00e3o de arrefecimento ativo inovadora integrada no sistema eletr\u00f3nico. Tal garante que a bomba \u00e9 capaz de suportar mesmo as condi\u00e7\u00f5es rigorosas do compartimento do motor: as temperaturas ambiente de -10\u00a0\u00b0C a +105\u00a0\u00b0C n\u00e3o constituem, assim, qualquer problema. Al\u00e9m disso, est\u00e1 equipada com um sensor de press\u00e3o integrado que permite comunicar a press\u00e3o do sistema \u00e0 unidade de controlo do ve\u00edculo.<\/p>\n<p><strong>Como funciona a bomba para filtro de carv\u00e3o ativado?<br \/>\n<\/strong>No dep\u00f3sito de combust\u00edvel, s\u00e3o gerados gases nocivos \u00e0 sa\u00fade provenientes de hidrocarbonetos vol\u00e1teis. Para evitar que estes sejam libertados no ambiente, os vapores de combust\u00edvel s\u00e3o retidos num filtro de carv\u00e3o ativado pelo sistema de ventila\u00e7\u00e3o do dep\u00f3sito. O sistema de ventila\u00e7\u00e3o do dep\u00f3sito tamb\u00e9m ventila o dep\u00f3sito de combust\u00edvel para que n\u00e3o seja gerado v\u00e1cuo ou press\u00e3o excessiva no mesmo durante o reabastecimento ou em caso de altera\u00e7\u00e3o das temperaturas exteriores.<\/p>\n<p>Uma vez que a capacidade de armazenamento do filtro de carv\u00e3o ativado \u00e9 limitada, esta deve ser \u201cregenerada\u201d regularmente para evitar a ocorr\u00eancia de satura\u00e7\u00e3o. Em condi\u00e7\u00f5es de funcionamento nas quais a quantidade adicional de combust\u00edvel \u00e9 aceit\u00e1vel para o motor e o processo de combust\u00e3o, os vapores de combust\u00edvel do filtro de carv\u00e3o ativado s\u00e3o novamente misturados no ar de admiss\u00e3o. Para tal, os vapores de combust\u00edvel s\u00e3o aspirados do filtro de carv\u00e3o ativado com o aux\u00edlio da respetiva bomba e conduzidos para o processo de combust\u00e3o de forma controlada atrav\u00e9s de uma v\u00e1lvula de descarga. Para evitar que seja gerado v\u00e1cuo no filtro de carv\u00e3o ativado durante a regenera\u00e7\u00e3o, este \u00e9 ventilado por uma v\u00e1lvula de ventila\u00e7\u00e3o que \u00e9 aberta posteriormente. O filtro de carv\u00e3o ativado \u00e9 ent\u00e3o purificado com o ar fresco fornecido.<\/p>\n<p>No passado, o v\u00e1cuo presente no coletor de admiss\u00e3o era suficiente para aspirar os vapores de combust\u00edvel para o motor e o ar fresco para o filtro de carv\u00e3o ativado em simult\u00e2neo. Nas gera\u00e7\u00f5es de motores modernas, no entanto, quase n\u00e3o existe v\u00e1cuo no coletor de admiss\u00e3o. Os regulamentos relativos ao ambiente tamb\u00e9m limitam o intervalo de tempo dispon\u00edvel para efetuar a regenera\u00e7\u00e3o do filtro. Como tal, neste caso, a bomba para filtro de carv\u00e3o ativado \u00e9 utilizada para a regenera\u00e7\u00e3o ativa do mesmo.<\/p>\n","protected":false},"excerpt":{"rendered":"<p>A Motorservice, \u00e9 o \u00fanico fornecedor&#8230;<\/p>\n","protected":false},"author":15,"featured_media":33161,"comment_status":"closed","ping_status":"closed","sticky":false,"template":"","format":"standard","meta":{"footnotes":""},"categories":[29],"tags":[700],"class_list":["post-33202","post","type-post","status-publish","format-standard","has-post-thumbnail","hentry","category-empresas","tag-motorservice"],"yoast_head":"<!-- This site is optimized with the Yoast SEO plugin v27.4 - https:\/\/yoast.com\/product\/yoast-seo-wordpress\/ -->\n<title>Motorservice comercializa bomba para filtro de carv\u00e3o ativado - Jornal das Oficinas<\/title>\n<meta name=\"robots\" content=\"index, follow, max-snippet:-1, max-image-preview:large, max-video-preview:-1\" \/>\n<link rel=\"canonical\" href=\"https:\/\/jornaldasoficinas.com\/pt\/motorservice-comercializa-bomba-para-filtro-de-carvao-ativado\/\" \/>\n<meta property=\"og:locale\" content=\"pt_PT\" \/>\n<meta property=\"og:type\" content=\"article\" \/>\n<meta property=\"og:title\" content=\"Motorservice comercializa bomba para filtro de carv\u00e3o ativado - Jornal das Oficinas\" \/>\n<meta property=\"og:description\" content=\"A Motorservice, \u00e9 o \u00fanico fornecedor...\" \/>\n<meta property=\"og:url\" content=\"https:\/\/jornaldasoficinas.com\/pt\/motorservice-comercializa-bomba-para-filtro-de-carvao-ativado\/\" \/>\n<meta property=\"og:site_name\" content=\"Jornal das Oficinas\" \/>\n<meta property=\"article:publisher\" content=\"https:\/\/www.facebook.com\/jornaloficinas\" \/>\n<meta property=\"article:published_time\" content=\"2022-09-27T13:00:24+00:00\" \/>\n<meta property=\"og:image\" content=\"https:\/\/jornaldasoficinas.com\/pt\/wp-content\/uploads\/2022\/09\/Motorservice-comercializa-bomba-para-filtro-de-carva\u0303o-ativado.jpg\" \/>\n\t<meta property=\"og:image:width\" content=\"1024\" \/>\n\t<meta property=\"og:image:height\" content=\"581\" \/>\n\t<meta property=\"og:image:type\" content=\"image\/jpeg\" \/>\n<meta name=\"author\" content=\"Reda\u00e7\u00e3o JO\" \/>\n<meta name=\"twitter:card\" content=\"summary_large_image\" \/>\n<meta name=\"twitter:creator\" content=\"@jornaloficinas\" \/>\n<meta name=\"twitter:site\" content=\"@jornaloficinas\" \/>\n<meta name=\"twitter:label1\" content=\"Escrito por\" \/>\n\t<meta name=\"twitter:data1\" content=\"Reda\u00e7\u00e3o JO\" \/>\n\t<meta name=\"twitter:label2\" content=\"Tempo estimado de leitura\" \/>\n\t<meta name=\"twitter:data2\" content=\"3 minutos\" \/>\n<script type=\"application\/ld+json\" class=\"yoast-schema-graph\">{\"@context\":\"https:\\\/\\\/schema.org\",\"@graph\":[{\"@type\":\"Article\",\"@id\":\"https:\\\/\\\/jornaldasoficinas.com\\\/pt\\\/motorservice-comercializa-bomba-para-filtro-de-carvao-ativado\\\/#article\",\"isPartOf\":{\"@id\":\"https:\\\/\\\/jornaldasoficinas.com\\\/pt\\\/motorservice-comercializa-bomba-para-filtro-de-carvao-ativado\\\/\"},\"author\":{\"name\":\"Reda\u00e7\u00e3o JO\",\"@id\":\"https:\\\/\\\/jornaldasoficinas.com\\\/pt\\\/#\\\/schema\\\/person\\\/a38eef5de2c41d9e7c9ac10141afddf3\"},\"headline\":\"Motorservice comercializa bomba para filtro de carv\u00e3o ativado\",\"datePublished\":\"2022-09-27T13:00:24+00:00\",\"mainEntityOfPage\":{\"@id\":\"https:\\\/\\\/jornaldasoficinas.com\\\/pt\\\/motorservice-comercializa-bomba-para-filtro-de-carvao-ativado\\\/\"},\"wordCount\":602,\"publisher\":{\"@id\":\"https:\\\/\\\/jornaldasoficinas.com\\\/pt\\\/#organization\"},\"image\":{\"@id\":\"https:\\\/\\\/jornaldasoficinas.com\\\/pt\\\/motorservice-comercializa-bomba-para-filtro-de-carvao-ativado\\\/#primaryimage\"},\"thumbnailUrl\":\"https:\\\/\\\/jornaldasoficinas.com\\\/pt\\\/wp-content\\\/uploads\\\/2022\\\/09\\\/Motorservice-comercializa-bomba-para-filtro-de-carva\u0303o-ativado.jpg\",\"keywords\":[\"Motorservice\"],\"articleSection\":[\"Empresas\"],\"inLanguage\":\"pt-PT\"},{\"@type\":\"WebPage\",\"@id\":\"https:\\\/\\\/jornaldasoficinas.com\\\/pt\\\/motorservice-comercializa-bomba-para-filtro-de-carvao-ativado\\\/\",\"url\":\"https:\\\/\\\/jornaldasoficinas.com\\\/pt\\\/motorservice-comercializa-bomba-para-filtro-de-carvao-ativado\\\/\",\"name\":\"Motorservice comercializa bomba para filtro de carv\u00e3o ativado - Jornal das Oficinas\",\"isPartOf\":{\"@id\":\"https:\\\/\\\/jornaldasoficinas.com\\\/pt\\\/#website\"},\"primaryImageOfPage\":{\"@id\":\"https:\\\/\\\/jornaldasoficinas.com\\\/pt\\\/motorservice-comercializa-bomba-para-filtro-de-carvao-ativado\\\/#primaryimage\"},\"image\":{\"@id\":\"https:\\\/\\\/jornaldasoficinas.com\\\/pt\\\/motorservice-comercializa-bomba-para-filtro-de-carvao-ativado\\\/#primaryimage\"},\"thumbnailUrl\":\"https:\\\/\\\/jornaldasoficinas.com\\\/pt\\\/wp-content\\\/uploads\\\/2022\\\/09\\\/Motorservice-comercializa-bomba-para-filtro-de-carva\u0303o-ativado.jpg\",\"datePublished\":\"2022-09-27T13:00:24+00:00\",\"breadcrumb\":{\"@id\":\"https:\\\/\\\/jornaldasoficinas.com\\\/pt\\\/motorservice-comercializa-bomba-para-filtro-de-carvao-ativado\\\/#breadcrumb\"},\"inLanguage\":\"pt-PT\",\"potentialAction\":[{\"@type\":\"ReadAction\",\"target\":[\"https:\\\/\\\/jornaldasoficinas.com\\\/pt\\\/motorservice-comercializa-bomba-para-filtro-de-carvao-ativado\\\/\"]}]},{\"@type\":\"ImageObject\",\"inLanguage\":\"pt-PT\",\"@id\":\"https:\\\/\\\/jornaldasoficinas.com\\\/pt\\\/motorservice-comercializa-bomba-para-filtro-de-carvao-ativado\\\/#primaryimage\",\"url\":\"https:\\\/\\\/jornaldasoficinas.com\\\/pt\\\/wp-content\\\/uploads\\\/2022\\\/09\\\/Motorservice-comercializa-bomba-para-filtro-de-carva\u0303o-ativado.jpg\",\"contentUrl\":\"https:\\\/\\\/jornaldasoficinas.com\\\/pt\\\/wp-content\\\/uploads\\\/2022\\\/09\\\/Motorservice-comercializa-bomba-para-filtro-de-carva\u0303o-ativado.jpg\",\"width\":1024,\"height\":581,\"caption\":\"09 - Motorservice comercializa bomba para filtro de carva\u0303o ativado\"},{\"@type\":\"BreadcrumbList\",\"@id\":\"https:\\\/\\\/jornaldasoficinas.com\\\/pt\\\/motorservice-comercializa-bomba-para-filtro-de-carvao-ativado\\\/#breadcrumb\",\"itemListElement\":[{\"@type\":\"ListItem\",\"position\":1,\"name\":\"In\u00edcio\",\"item\":\"https:\\\/\\\/jornaldasoficinas.com\\\/pt\\\/\"},{\"@type\":\"ListItem\",\"position\":2,\"name\":\"Motorservice comercializa bomba para filtro de carv\u00e3o ativado\"}]},{\"@type\":\"WebSite\",\"@id\":\"https:\\\/\\\/jornaldasoficinas.com\\\/pt\\\/#website\",\"url\":\"https:\\\/\\\/jornaldasoficinas.com\\\/pt\\\/\",\"name\":\"Jornal das Oficinas\",\"description\":\"Jornal independente do Aftermarket Autom\u00f3vel em Portugal\",\"publisher\":{\"@id\":\"https:\\\/\\\/jornaldasoficinas.com\\\/pt\\\/#organization\"},\"potentialAction\":[{\"@type\":\"SearchAction\",\"target\":{\"@type\":\"EntryPoint\",\"urlTemplate\":\"https:\\\/\\\/jornaldasoficinas.com\\\/pt\\\/?s={search_term_string}\"},\"query-input\":{\"@type\":\"PropertyValueSpecification\",\"valueRequired\":true,\"valueName\":\"search_term_string\"}}],\"inLanguage\":\"pt-PT\"},{\"@type\":\"Organization\",\"@id\":\"https:\\\/\\\/jornaldasoficinas.com\\\/pt\\\/#organization\",\"name\":\"Jornal das Oficinas\",\"url\":\"https:\\\/\\\/jornaldasoficinas.com\\\/pt\\\/\",\"logo\":{\"@type\":\"ImageObject\",\"inLanguage\":\"pt-PT\",\"@id\":\"https:\\\/\\\/jornaldasoficinas.com\\\/pt\\\/#\\\/schema\\\/logo\\\/image\\\/\",\"url\":\"https:\\\/\\\/jornaldasoficinas.com\\\/pt\\\/wp-content\\\/uploads\\\/logoJO-SEO.png\",\"contentUrl\":\"https:\\\/\\\/jornaldasoficinas.com\\\/pt\\\/wp-content\\\/uploads\\\/logoJO-SEO.png\",\"width\":285,\"height\":450,\"caption\":\"Jornal das Oficinas\"},\"image\":{\"@id\":\"https:\\\/\\\/jornaldasoficinas.com\\\/pt\\\/#\\\/schema\\\/logo\\\/image\\\/\"},\"sameAs\":[\"https:\\\/\\\/www.facebook.com\\\/jornaloficinas\",\"https:\\\/\\\/x.com\\\/jornaloficinas\",\"https:\\\/\\\/www.instagram.com\\\/jornal_oficinas\\\/\",\"https:\\\/\\\/www.linkedin.com\\\/company\\\/jornal-das-oficinas\\\/\",\"https:\\\/\\\/www.youtube.com\\\/channel\\\/UCbQZBqtcvV-oSQrr7RzINGg\"]},{\"@type\":\"Person\",\"@id\":\"https:\\\/\\\/jornaldasoficinas.com\\\/pt\\\/#\\\/schema\\\/person\\\/a38eef5de2c41d9e7c9ac10141afddf3\",\"name\":\"Reda\u00e7\u00e3o JO\",\"image\":{\"@type\":\"ImageObject\",\"inLanguage\":\"pt-PT\",\"@id\":\"https:\\\/\\\/secure.gravatar.com\\\/avatar\\\/71f2fa71737ad68a84fea94bc708ddac8ea5b0c4788dc2ad202f3ccb2887742f?s=96&d=wp_user_avatar&r=g\",\"url\":\"https:\\\/\\\/secure.gravatar.com\\\/avatar\\\/71f2fa71737ad68a84fea94bc708ddac8ea5b0c4788dc2ad202f3ccb2887742f?s=96&d=wp_user_avatar&r=g\",\"contentUrl\":\"https:\\\/\\\/secure.gravatar.com\\\/avatar\\\/71f2fa71737ad68a84fea94bc708ddac8ea5b0c4788dc2ad202f3ccb2887742f?s=96&d=wp_user_avatar&r=g\",\"caption\":\"Reda\u00e7\u00e3o JO\"},\"url\":\"https:\\\/\\\/jornaldasoficinas.com\\\/pt\\\/author\\\/joredacao\\\/\"}]}<\/script>\n<!-- \/ Yoast SEO plugin. -->","yoast_head_json":{"title":"Motorservice comercializa bomba para filtro de carv\u00e3o ativado - Jornal das Oficinas","robots":{"index":"index","follow":"follow","max-snippet":"max-snippet:-1","max-image-preview":"max-image-preview:large","max-video-preview":"max-video-preview:-1"},"canonical":"https:\/\/jornaldasoficinas.com\/pt\/motorservice-comercializa-bomba-para-filtro-de-carvao-ativado\/","og_locale":"pt_PT","og_type":"article","og_title":"Motorservice comercializa bomba para filtro de carv\u00e3o ativado - Jornal das Oficinas","og_description":"A Motorservice, \u00e9 o \u00fanico fornecedor...","og_url":"https:\/\/jornaldasoficinas.com\/pt\/motorservice-comercializa-bomba-para-filtro-de-carvao-ativado\/","og_site_name":"Jornal das Oficinas","article_publisher":"https:\/\/www.facebook.com\/jornaloficinas","article_published_time":"2022-09-27T13:00:24+00:00","og_image":[{"width":1024,"height":581,"url":"https:\/\/jornaldasoficinas.com\/pt\/wp-content\/uploads\/2022\/09\/Motorservice-comercializa-bomba-para-filtro-de-carva\u0303o-ativado.jpg","type":"image\/jpeg"}],"author":"Reda\u00e7\u00e3o JO","twitter_card":"summary_large_image","twitter_creator":"@jornaloficinas","twitter_site":"@jornaloficinas","twitter_misc":{"Escrito por":"Reda\u00e7\u00e3o JO","Tempo estimado de leitura":"3 minutos"},"schema":{"@context":"https:\/\/schema.org","@graph":[{"@type":"Article","@id":"https:\/\/jornaldasoficinas.com\/pt\/motorservice-comercializa-bomba-para-filtro-de-carvao-ativado\/#article","isPartOf":{"@id":"https:\/\/jornaldasoficinas.com\/pt\/motorservice-comercializa-bomba-para-filtro-de-carvao-ativado\/"},"author":{"name":"Reda\u00e7\u00e3o JO","@id":"https:\/\/jornaldasoficinas.com\/pt\/#\/schema\/person\/a38eef5de2c41d9e7c9ac10141afddf3"},"headline":"Motorservice comercializa bomba para filtro de carv\u00e3o ativado","datePublished":"2022-09-27T13:00:24+00:00","mainEntityOfPage":{"@id":"https:\/\/jornaldasoficinas.com\/pt\/motorservice-comercializa-bomba-para-filtro-de-carvao-ativado\/"},"wordCount":602,"publisher":{"@id":"https:\/\/jornaldasoficinas.com\/pt\/#organization"},"image":{"@id":"https:\/\/jornaldasoficinas.com\/pt\/motorservice-comercializa-bomba-para-filtro-de-carvao-ativado\/#primaryimage"},"thumbnailUrl":"https:\/\/jornaldasoficinas.com\/pt\/wp-content\/uploads\/2022\/09\/Motorservice-comercializa-bomba-para-filtro-de-carva\u0303o-ativado.jpg","keywords":["Motorservice"],"articleSection":["Empresas"],"inLanguage":"pt-PT"},{"@type":"WebPage","@id":"https:\/\/jornaldasoficinas.com\/pt\/motorservice-comercializa-bomba-para-filtro-de-carvao-ativado\/","url":"https:\/\/jornaldasoficinas.com\/pt\/motorservice-comercializa-bomba-para-filtro-de-carvao-ativado\/","name":"Motorservice comercializa bomba para filtro de carv\u00e3o ativado - Jornal das Oficinas","isPartOf":{"@id":"https:\/\/jornaldasoficinas.com\/pt\/#website"},"primaryImageOfPage":{"@id":"https:\/\/jornaldasoficinas.com\/pt\/motorservice-comercializa-bomba-para-filtro-de-carvao-ativado\/#primaryimage"},"image":{"@id":"https:\/\/jornaldasoficinas.com\/pt\/motorservice-comercializa-bomba-para-filtro-de-carvao-ativado\/#primaryimage"},"thumbnailUrl":"https:\/\/jornaldasoficinas.com\/pt\/wp-content\/uploads\/2022\/09\/Motorservice-comercializa-bomba-para-filtro-de-carva\u0303o-ativado.jpg","datePublished":"2022-09-27T13:00:24+00:00","breadcrumb":{"@id":"https:\/\/jornaldasoficinas.com\/pt\/motorservice-comercializa-bomba-para-filtro-de-carvao-ativado\/#breadcrumb"},"inLanguage":"pt-PT","potentialAction":[{"@type":"ReadAction","target":["https:\/\/jornaldasoficinas.com\/pt\/motorservice-comercializa-bomba-para-filtro-de-carvao-ativado\/"]}]},{"@type":"ImageObject","inLanguage":"pt-PT","@id":"https:\/\/jornaldasoficinas.com\/pt\/motorservice-comercializa-bomba-para-filtro-de-carvao-ativado\/#primaryimage","url":"https:\/\/jornaldasoficinas.com\/pt\/wp-content\/uploads\/2022\/09\/Motorservice-comercializa-bomba-para-filtro-de-carva\u0303o-ativado.jpg","contentUrl":"https:\/\/jornaldasoficinas.com\/pt\/wp-content\/uploads\/2022\/09\/Motorservice-comercializa-bomba-para-filtro-de-carva\u0303o-ativado.jpg","width":1024,"height":581,"caption":"09 - Motorservice comercializa bomba para filtro de carva\u0303o ativado"},{"@type":"BreadcrumbList","@id":"https:\/\/jornaldasoficinas.com\/pt\/motorservice-comercializa-bomba-para-filtro-de-carvao-ativado\/#breadcrumb","itemListElement":[{"@type":"ListItem","position":1,"name":"In\u00edcio","item":"https:\/\/jornaldasoficinas.com\/pt\/"},{"@type":"ListItem","position":2,"name":"Motorservice comercializa bomba para filtro de carv\u00e3o ativado"}]},{"@type":"WebSite","@id":"https:\/\/jornaldasoficinas.com\/pt\/#website","url":"https:\/\/jornaldasoficinas.com\/pt\/","name":"Jornal das Oficinas","description":"Jornal independente do Aftermarket Autom\u00f3vel em Portugal","publisher":{"@id":"https:\/\/jornaldasoficinas.com\/pt\/#organization"},"potentialAction":[{"@type":"SearchAction","target":{"@type":"EntryPoint","urlTemplate":"https:\/\/jornaldasoficinas.com\/pt\/?s={search_term_string}"},"query-input":{"@type":"PropertyValueSpecification","valueRequired":true,"valueName":"search_term_string"}}],"inLanguage":"pt-PT"},{"@type":"Organization","@id":"https:\/\/jornaldasoficinas.com\/pt\/#organization","name":"Jornal das Oficinas","url":"https:\/\/jornaldasoficinas.com\/pt\/","logo":{"@type":"ImageObject","inLanguage":"pt-PT","@id":"https:\/\/jornaldasoficinas.com\/pt\/#\/schema\/logo\/image\/","url":"https:\/\/jornaldasoficinas.com\/pt\/wp-content\/uploads\/logoJO-SEO.png","contentUrl":"https:\/\/jornaldasoficinas.com\/pt\/wp-content\/uploads\/logoJO-SEO.png","width":285,"height":450,"caption":"Jornal das Oficinas"},"image":{"@id":"https:\/\/jornaldasoficinas.com\/pt\/#\/schema\/logo\/image\/"},"sameAs":["https:\/\/www.facebook.com\/jornaloficinas","https:\/\/x.com\/jornaloficinas","https:\/\/www.instagram.com\/jornal_oficinas\/","https:\/\/www.linkedin.com\/company\/jornal-das-oficinas\/","https:\/\/www.youtube.com\/channel\/UCbQZBqtcvV-oSQrr7RzINGg"]},{"@type":"Person","@id":"https:\/\/jornaldasoficinas.com\/pt\/#\/schema\/person\/a38eef5de2c41d9e7c9ac10141afddf3","name":"Reda\u00e7\u00e3o JO","image":{"@type":"ImageObject","inLanguage":"pt-PT","@id":"https:\/\/secure.gravatar.com\/avatar\/71f2fa71737ad68a84fea94bc708ddac8ea5b0c4788dc2ad202f3ccb2887742f?s=96&d=wp_user_avatar&r=g","url":"https:\/\/secure.gravatar.com\/avatar\/71f2fa71737ad68a84fea94bc708ddac8ea5b0c4788dc2ad202f3ccb2887742f?s=96&d=wp_user_avatar&r=g","contentUrl":"https:\/\/secure.gravatar.com\/avatar\/71f2fa71737ad68a84fea94bc708ddac8ea5b0c4788dc2ad202f3ccb2887742f?s=96&d=wp_user_avatar&r=g","caption":"Reda\u00e7\u00e3o JO"},"url":"https:\/\/jornaldasoficinas.com\/pt\/author\/joredacao\/"}]}},"_links":{"self":[{"href":"https:\/\/jornaldasoficinas.com\/pt\/wp-json\/wp\/v2\/posts\/33202","targetHints":{"allow":["GET"]}}],"collection":[{"href":"https:\/\/jornaldasoficinas.com\/pt\/wp-json\/wp\/v2\/posts"}],"about":[{"href":"https:\/\/jornaldasoficinas.com\/pt\/wp-json\/wp\/v2\/types\/post"}],"author":[{"embeddable":true,"href":"https:\/\/jornaldasoficinas.com\/pt\/wp-json\/wp\/v2\/users\/15"}],"replies":[{"embeddable":true,"href":"https:\/\/jornaldasoficinas.com\/pt\/wp-json\/wp\/v2\/comments?post=33202"}],"version-history":[{"count":0,"href":"https:\/\/jornaldasoficinas.com\/pt\/wp-json\/wp\/v2\/posts\/33202\/revisions"}],"wp:featuredmedia":[{"embeddable":true,"href":"https:\/\/jornaldasoficinas.com\/pt\/wp-json\/wp\/v2\/media\/33161"}],"wp:attachment":[{"href":"https:\/\/jornaldasoficinas.com\/pt\/wp-json\/wp\/v2\/media?parent=33202"}],"wp:term":[{"taxonomy":"category","embeddable":true,"href":"https:\/\/jornaldasoficinas.com\/pt\/wp-json\/wp\/v2\/categories?post=33202"},{"taxonomy":"post_tag","embeddable":true,"href":"https:\/\/jornaldasoficinas.com\/pt\/wp-json\/wp\/v2\/tags?post=33202"}],"curies":[{"name":"wp","href":"https:\/\/api.w.org\/{rel}","templated":true}]}}