{"id":33209,"date":"2022-09-28T22:00:43","date_gmt":"2022-09-28T21:00:43","guid":{"rendered":"https:\/\/jornaldasoficinas.com\/pt\/?p=33209"},"modified":"2022-09-27T12:06:22","modified_gmt":"2022-09-27T11:06:22","slug":"jornal-das-oficinas-de-outubro-ja-disponivel-online-3","status":"publish","type":"post","link":"https:\/\/jornaldasoficinas.com\/pt\/jornal-das-oficinas-de-outubro-ja-disponivel-online-3\/","title":{"rendered":"Jornal das Oficinas de outubro j\u00e1 dispon\u00edvel online"},"content":{"rendered":"<p><img loading=\"lazy\" decoding=\"async\" class=\"alignnone size-full wp-image-33214\" src=\"https:\/\/jornaldasoficinas.com\/pt\/wp-content\/uploads\/jodigital\/jo201.png\" alt=\"jodigital - jo201\" width=\"1024\" height=\"581\" srcset=\"https:\/\/jornaldasoficinas.com\/pt\/wp-content\/uploads\/jodigital\/jo201.png 1024w, https:\/\/jornaldasoficinas.com\/pt\/wp-content\/uploads\/jodigital\/jo201-300x170.png 300w, https:\/\/jornaldasoficinas.com\/pt\/wp-content\/uploads\/jodigital\/jo201-150x85.png 150w, https:\/\/jornaldasoficinas.com\/pt\/wp-content\/uploads\/jodigital\/jo201-768x436.png 768w\" sizes=\"auto, (max-width: 1024px) 100vw, 1024px\" \/><\/p>\n<p><strong>Na edi\u00e7\u00e3o de outubro de 2022, o artigo de destaque \u00e9 sobre o sal\u00e3o <a href=\"https:\/\/automechanika.messefrankfurt.com\/frankfurt\/en.html\" target=\"_blank\" rel=\"noopener\">Automechanika Frankfurt<\/a>, que mais uma vez confirmou a sua faceta de grande sal\u00e3o internacional do aftermarket, com mais de 2.800 expositores de 70 pa\u00edses e 78.000 visitantes vindos de 175 pa\u00edses de todo o mundo. Foram cinco dias intensos e emocionantes, com muitos encontros pessoais entre expositores e visitantes, que s\u00e3o a ess\u00eancia da Automechanika e a raz\u00e3o do seu sucesso<\/strong><\/p>\n<p>Campanha <a href=\"https:\/\/aserautomotive.com\/\" target=\"_blank\" rel=\"noopener\">ASER<\/a> \u201cGive Me Five\u201d &#8211; Muitos clientes da ASER est\u00e3o \u00e0 espera do dia 1 de Outubro para tentar a sua sorte e ganhar um dos mais de dez mil presentes que v\u00e3o ser distribu\u00eddos do decorrer da Campanha \u201cGive Me Five\u201d, a mais aguardada do ano.<\/p>\n<p><a href=\"https:\/\/www.reuseaftermarket.com\/\" target=\"_blank\" rel=\"noopener\">Reuse Aftermarket<\/a> &#8211; Na Era da Sustentabilidade &#8211; Com preocupa\u00e7\u00f5es crescentes devido \u00e0s altera\u00e7\u00f5es clim\u00e1ticas e ambientais, a sustentabilidade tornou-se uma prioridade estrat\u00e9gica para a ind\u00fastria autom\u00f3vel. Governos, consumidores e investidores est\u00e3o agora a pressionar as organiza\u00e7\u00f5es autom\u00f3veis para mudar as suas formas de trabalho, cultura e produtos.<\/p>\n<p>Competi\u00e7\u00e3o <a href=\"https:\/\/www.melhormecatronico.pt\/\" target=\"_blank\" rel=\"noopener\">Melhor Mecatr\u00f3nico<\/a> 2022\/23 &#8211; Este m\u00eas de outubro est\u00e1 online o primeiro question\u00e1rio da fase eliminat\u00f3ria do Concurso Melhor Mecatr\u00f3nico, que ir\u00e1 selecionar os oito finalistas. Responda ao question\u00e1rio, mostre os seus conhecimentos e habilite-se a estar na grande final.<\/p>\n<p><a href=\"https:\/\/proxira.pt\/\" target=\"_blank\" rel=\"noopener\">Proxira<\/a> \u2013 Com uma equipa coesa e organizada, a Proxira \u00e9 uma empresa moderna, com log\u00edstica pr\u00f3pria e produtos de primeira qualidade. Acaba de comemorar o 9\u00ba anivers\u00e1rio e tem como principal objetivo disponibilizar uma oferta completa de produtos e servi\u00e7os aos clientes.<\/p>\n<p><a href=\"https:\/\/www.autopecas-cab.pt\/\" target=\"_blank\" rel=\"noopener\">Autope\u00e7as Cab<\/a> &#8211; Dedica-se \u00e0 comercializa\u00e7\u00e3o de pe\u00e7as auto em 4 lojas e orgulha-se de ter um stock que nunca falha. A abertura da quinta loja est\u00e1 para breve, assim como a <em>webshop<\/em>, e n\u00f3s fomos falar com os dois respons\u00e1veis m\u00e1ximos da casa para perceber qual \u00e9 o segredo por detr\u00e1s de uma empresa que anda pelo neg\u00f3cio do aftermarket desde 2010 com sucesso pleno.<\/p>\n<p>Entrevista com Pedro Rodrigues, Administrador da <a href=\"https:\/\/www.alecarpecas.pt\/pt\/home\" target=\"_blank\" rel=\"noopener\">AleCarPe\u00e7as<\/a> &#8211; No passado m\u00eas de julho a AleCarPe\u00e7as celebrou 40 anos de presen\u00e7a s\u00f3lida em Portugal, com uma fatura\u00e7\u00e3o que em 2021 andou perto dos 11 milh\u00f5es de euros. \u00c0 conversa com o Jornal das Oficinas, Pedro Rodrigues, administrador, recordou o fundador da empresa, Jochen Staedtler, e explicou-nos os valores que, ap\u00f3s quatro d\u00e9cadas, continuam a pautar a estrat\u00e9gia do neg\u00f3cio e o sucesso da empresa.<\/p>\n<p>Entrevista com \u00c1lvaro Magalh\u00e3es, diretor geral da <a href=\"https:\/\/centrocor.pt\/\" target=\"_blank\" rel=\"noopener\">Centrocor<\/a> &#8211; Este ano, a Centrocor celebra o quadrag\u00e9simo anivers\u00e1rio da sua funda\u00e7\u00e3o e afirma-se como um fornecedor global para as oficinas. O vasto leque de solu\u00e7\u00f5es permite-lhe abranger todas as \u00e1reas da repara\u00e7\u00e3o autom\u00f3vel, fornecendo diariamente os seus clientes com ferramentas, equipamentos, consum\u00edveis e produtos de pintura.<\/p>\n<p><a href=\"https:\/\/www.axalta.com\/pt\/pt_PT.html\" target=\"_blank\" rel=\"noopener\">Axalta<\/a> apresenta solu\u00e7\u00f5es de repintura mais eficientes &#8211; A Axalta reuniu a imprensa da especialidade para falar sobre alguns dos seus principais produtos, e das novas solu\u00e7\u00f5es de repintura, que para al\u00e9m de serem mais eficientes proporcionam redu\u00e7\u00f5es significativas no consumo de energia.<\/p>\n<p><a href=\"https:\/\/www.atec.pt\/\" target=\"_blank\" rel=\"noopener\">ATEC<\/a> desenvolve cursos de forma\u00e7\u00e3o VEH &#8211; Com o aumento da procura de cursos de forma\u00e7\u00e3o t\u00e9cnica VEH &#8211; Ve\u00edculos El\u00e9tricos e H\u00edbridos, a ATEC refor\u00e7ou a sua oferta nesta \u00e1rea, dispondo atualmente de quatro cursos espec\u00edficos para este tipo de ve\u00edculos.<\/p>\n<p>Oficina do M\u00eas \u2013 <a href=\"https:\/\/www.parceirauto.pt\/\" target=\"_blank\" rel=\"noopener\">Parceirauto<\/a> &#8211; Fundada h\u00e1 quase 39 anos por Joaquim Domingos, a Parceirauto \u00e9 atualmente uma das tr\u00eas oficinas aprovadas Tesla, a n\u00edvel nacional, para repara\u00e7\u00f5es de carro\u00e7aria, uma certifica\u00e7\u00e3o que a coloca na crista da onda da excel\u00eancia na repara\u00e7\u00e3o autom\u00f3vel.<\/p>\n<p><a href=\"https:\/\/jornaldasoficinas.com\/pt\/category\/podcasts\/\" target=\"_blank\" rel=\"noopener\">Podcast JO<\/a> &#8211; Responsabilidade Social no Aftermarket &#8211; A responsabilidade social ocupa cada vez mais espa\u00e7o na agenda das empresas, e h\u00e1 boas raz\u00f5es para que isso aconte\u00e7a. Afinal, na hora de escolher um produto ou servi\u00e7o, j\u00e1 n\u00e3o se observa apenas a qualidade e o seu pre\u00e7o, mas sim que sejam oferecidos por marcas s\u00e9rias e comprometidas com a sociedade.<\/p>\n<p><a href=\"https:\/\/alfaeparts.com\/\" target=\"_blank\" rel=\"noopener\">Alfa e-Parts<\/a> \u00e9 uma nova marca da BBB Industries, uma empresa americana l\u00edder na ind\u00fastria da reconstru\u00e7\u00e3o, que se concentra no desenvolvimento e comercializa\u00e7\u00e3o de pe\u00e7as sobressalentes el\u00e9tricas e eletr\u00f3nicas para a ind\u00fastria autom\u00f3vel mundial.<\/p>\n<p><a href=\"https:\/\/escapesdeserie.interescape.com\/\" target=\"_blank\" rel=\"noopener\">Interescape<\/a> &#8211; Posicionando-se como um fornecedor completo e o parceiro ideal para os seus neg\u00f3cios, a Interescape est\u00e1 totalmente comprometida com garantir o melhor servi\u00e7o e produtos de alta qualidade. A Interescape tem vindo a evoluir a forma como gere as suas opera\u00e7\u00f5es quotidianas, assim como a tecnologia que desenvolve, com o objetivo de maximizar as vantagens competitivas que oferece.<\/p>\n<p>Gest\u00e3o Padr\u00f5es de qualidade &#8211; Qualquer oficina de ve\u00edculos necessita estabelecer padr\u00f5es de qualidade elevados para prestar um excelente servi\u00e7o aos seus clientes. Ou seja, deve estabelecer uma estrutura global que lhe permita disponibilizar um servi\u00e7o completo e eficiente e obter um bom posicionamento no mercado.<\/p>\n<p>&nbsp;<\/p>\n<p><iframe loading=\"lazy\" src=\"https:\/\/www.yumpu.com\/pt\/embed\/view\/pN1LVAIRslek5dW8\" width=\"620px\" height=\"526px\" frameborder=\"0\" allowfullscreen=\"allowfullscreen\"><\/iframe><\/p>\n","protected":false},"excerpt":{"rendered":"<p>Na edi\u00e7\u00e3o de outubro de 2022,&#8230;<\/p>\n","protected":false},"author":15,"featured_media":33214,"comment_status":"closed","ping_status":"closed","sticky":false,"template":"","format":"standard","meta":{"footnotes":""},"categories":[411],"tags":[582,2819,255,693,1758,969,67,870,1006,726,2953,2954,2729,2743],"class_list":["post-33209","post","type-post","status-publish","format-standard","has-post-thumbnail","hentry","category-edicoes-jo","tag-alecarpecas","tag-alfa-e-parts","tag-aser","tag-atec","tag-automechanika","tag-autopecas-cab","tag-axalta","tag-centrocor","tag-interescape","tag-melhor-mecatronico","tag-parceirauto","tag-podcast-jo","tag-proxira","tag-reuse-aftermarket"],"yoast_head":"<!-- This site is optimized with the Yoast SEO plugin v27.4 - https:\/\/yoast.com\/product\/yoast-seo-wordpress\/ -->\n<title>Jornal das Oficinas de outubro j\u00e1 dispon\u00edvel online - Jornal das Oficinas<\/title>\n<meta name=\"robots\" content=\"index, follow, max-snippet:-1, max-image-preview:large, max-video-preview:-1\" \/>\n<link rel=\"canonical\" href=\"https:\/\/jornaldasoficinas.com\/pt\/jornal-das-oficinas-de-outubro-ja-disponivel-online-3\/\" \/>\n<meta property=\"og:locale\" content=\"pt_PT\" \/>\n<meta property=\"og:type\" content=\"article\" \/>\n<meta property=\"og:title\" content=\"Jornal das Oficinas de outubro j\u00e1 dispon\u00edvel online - Jornal das Oficinas\" \/>\n<meta property=\"og:description\" content=\"Na edi\u00e7\u00e3o de outubro de 2022,...\" \/>\n<meta property=\"og:url\" content=\"https:\/\/jornaldasoficinas.com\/pt\/jornal-das-oficinas-de-outubro-ja-disponivel-online-3\/\" \/>\n<meta property=\"og:site_name\" content=\"Jornal das Oficinas\" \/>\n<meta property=\"article:publisher\" content=\"https:\/\/www.facebook.com\/jornaloficinas\" \/>\n<meta property=\"article:published_time\" content=\"2022-09-28T21:00:43+00:00\" \/>\n<meta property=\"og:image\" content=\"https:\/\/jornaldasoficinas.com\/pt\/wp-content\/uploads\/jodigital\/jo201.png\" \/>\n\t<meta property=\"og:image:width\" content=\"1024\" \/>\n\t<meta property=\"og:image:height\" content=\"581\" \/>\n\t<meta property=\"og:image:type\" content=\"image\/png\" \/>\n<meta name=\"author\" content=\"Reda\u00e7\u00e3o JO\" \/>\n<meta name=\"twitter:card\" content=\"summary_large_image\" \/>\n<meta name=\"twitter:creator\" content=\"@jornaloficinas\" \/>\n<meta name=\"twitter:site\" content=\"@jornaloficinas\" \/>\n<meta name=\"twitter:label1\" content=\"Escrito por\" \/>\n\t<meta name=\"twitter:data1\" content=\"Reda\u00e7\u00e3o JO\" \/>\n\t<meta name=\"twitter:label2\" content=\"Tempo estimado de leitura\" \/>\n\t<meta name=\"twitter:data2\" content=\"4 minutos\" \/>\n<script type=\"application\/ld+json\" class=\"yoast-schema-graph\">{\"@context\":\"https:\\\/\\\/schema.org\",\"@graph\":[{\"@type\":\"Article\",\"@id\":\"https:\\\/\\\/jornaldasoficinas.com\\\/pt\\\/jornal-das-oficinas-de-outubro-ja-disponivel-online-3\\\/#article\",\"isPartOf\":{\"@id\":\"https:\\\/\\\/jornaldasoficinas.com\\\/pt\\\/jornal-das-oficinas-de-outubro-ja-disponivel-online-3\\\/\"},\"author\":{\"name\":\"Reda\u00e7\u00e3o JO\",\"@id\":\"https:\\\/\\\/jornaldasoficinas.com\\\/pt\\\/#\\\/schema\\\/person\\\/a38eef5de2c41d9e7c9ac10141afddf3\"},\"headline\":\"Jornal das Oficinas de outubro j\u00e1 dispon\u00edvel online\",\"datePublished\":\"2022-09-28T21:00:43+00:00\",\"mainEntityOfPage\":{\"@id\":\"https:\\\/\\\/jornaldasoficinas.com\\\/pt\\\/jornal-das-oficinas-de-outubro-ja-disponivel-online-3\\\/\"},\"wordCount\":872,\"publisher\":{\"@id\":\"https:\\\/\\\/jornaldasoficinas.com\\\/pt\\\/#organization\"},\"image\":{\"@id\":\"https:\\\/\\\/jornaldasoficinas.com\\\/pt\\\/jornal-das-oficinas-de-outubro-ja-disponivel-online-3\\\/#primaryimage\"},\"thumbnailUrl\":\"https:\\\/\\\/jornaldasoficinas.com\\\/pt\\\/wp-content\\\/uploads\\\/jodigital\\\/jo201.png\",\"keywords\":[\"AleCarPe\u00e7as\",\"Alfa e-Parts\",\"ASER\",\"ATEC\",\"Automechanika\",\"Autope\u00e7as Cab\",\"Axalta\",\"Centrocor\",\"Interescape\",\"Melhor Mecatr\u00f3nico\",\"Parceirauto\",\"Podcast JO\",\"Proxira\",\"REUSE AFTERMARKET\"],\"articleSection\":[\"Edi\u00e7\u00f5es JO\"],\"inLanguage\":\"pt-PT\"},{\"@type\":\"WebPage\",\"@id\":\"https:\\\/\\\/jornaldasoficinas.com\\\/pt\\\/jornal-das-oficinas-de-outubro-ja-disponivel-online-3\\\/\",\"url\":\"https:\\\/\\\/jornaldasoficinas.com\\\/pt\\\/jornal-das-oficinas-de-outubro-ja-disponivel-online-3\\\/\",\"name\":\"Jornal das Oficinas de outubro j\u00e1 dispon\u00edvel online - Jornal das Oficinas\",\"isPartOf\":{\"@id\":\"https:\\\/\\\/jornaldasoficinas.com\\\/pt\\\/#website\"},\"primaryImageOfPage\":{\"@id\":\"https:\\\/\\\/jornaldasoficinas.com\\\/pt\\\/jornal-das-oficinas-de-outubro-ja-disponivel-online-3\\\/#primaryimage\"},\"image\":{\"@id\":\"https:\\\/\\\/jornaldasoficinas.com\\\/pt\\\/jornal-das-oficinas-de-outubro-ja-disponivel-online-3\\\/#primaryimage\"},\"thumbnailUrl\":\"https:\\\/\\\/jornaldasoficinas.com\\\/pt\\\/wp-content\\\/uploads\\\/jodigital\\\/jo201.png\",\"datePublished\":\"2022-09-28T21:00:43+00:00\",\"breadcrumb\":{\"@id\":\"https:\\\/\\\/jornaldasoficinas.com\\\/pt\\\/jornal-das-oficinas-de-outubro-ja-disponivel-online-3\\\/#breadcrumb\"},\"inLanguage\":\"pt-PT\",\"potentialAction\":[{\"@type\":\"ReadAction\",\"target\":[\"https:\\\/\\\/jornaldasoficinas.com\\\/pt\\\/jornal-das-oficinas-de-outubro-ja-disponivel-online-3\\\/\"]}]},{\"@type\":\"ImageObject\",\"inLanguage\":\"pt-PT\",\"@id\":\"https:\\\/\\\/jornaldasoficinas.com\\\/pt\\\/jornal-das-oficinas-de-outubro-ja-disponivel-online-3\\\/#primaryimage\",\"url\":\"https:\\\/\\\/jornaldasoficinas.com\\\/pt\\\/wp-content\\\/uploads\\\/jodigital\\\/jo201.png\",\"contentUrl\":\"https:\\\/\\\/jornaldasoficinas.com\\\/pt\\\/wp-content\\\/uploads\\\/jodigital\\\/jo201.png\",\"width\":1024,\"height\":581,\"caption\":\"jodigital - jo201\"},{\"@type\":\"BreadcrumbList\",\"@id\":\"https:\\\/\\\/jornaldasoficinas.com\\\/pt\\\/jornal-das-oficinas-de-outubro-ja-disponivel-online-3\\\/#breadcrumb\",\"itemListElement\":[{\"@type\":\"ListItem\",\"position\":1,\"name\":\"In\u00edcio\",\"item\":\"https:\\\/\\\/jornaldasoficinas.com\\\/pt\\\/\"},{\"@type\":\"ListItem\",\"position\":2,\"name\":\"Jornal das Oficinas de outubro j\u00e1 dispon\u00edvel online\"}]},{\"@type\":\"WebSite\",\"@id\":\"https:\\\/\\\/jornaldasoficinas.com\\\/pt\\\/#website\",\"url\":\"https:\\\/\\\/jornaldasoficinas.com\\\/pt\\\/\",\"name\":\"Jornal das Oficinas\",\"description\":\"Jornal independente do Aftermarket Autom\u00f3vel em Portugal\",\"publisher\":{\"@id\":\"https:\\\/\\\/jornaldasoficinas.com\\\/pt\\\/#organization\"},\"potentialAction\":[{\"@type\":\"SearchAction\",\"target\":{\"@type\":\"EntryPoint\",\"urlTemplate\":\"https:\\\/\\\/jornaldasoficinas.com\\\/pt\\\/?s={search_term_string}\"},\"query-input\":{\"@type\":\"PropertyValueSpecification\",\"valueRequired\":true,\"valueName\":\"search_term_string\"}}],\"inLanguage\":\"pt-PT\"},{\"@type\":\"Organization\",\"@id\":\"https:\\\/\\\/jornaldasoficinas.com\\\/pt\\\/#organization\",\"name\":\"Jornal das Oficinas\",\"url\":\"https:\\\/\\\/jornaldasoficinas.com\\\/pt\\\/\",\"logo\":{\"@type\":\"ImageObject\",\"inLanguage\":\"pt-PT\",\"@id\":\"https:\\\/\\\/jornaldasoficinas.com\\\/pt\\\/#\\\/schema\\\/logo\\\/image\\\/\",\"url\":\"https:\\\/\\\/jornaldasoficinas.com\\\/pt\\\/wp-content\\\/uploads\\\/logoJO-SEO.png\",\"contentUrl\":\"https:\\\/\\\/jornaldasoficinas.com\\\/pt\\\/wp-content\\\/uploads\\\/logoJO-SEO.png\",\"width\":285,\"height\":450,\"caption\":\"Jornal das Oficinas\"},\"image\":{\"@id\":\"https:\\\/\\\/jornaldasoficinas.com\\\/pt\\\/#\\\/schema\\\/logo\\\/image\\\/\"},\"sameAs\":[\"https:\\\/\\\/www.facebook.com\\\/jornaloficinas\",\"https:\\\/\\\/x.com\\\/jornaloficinas\",\"https:\\\/\\\/www.instagram.com\\\/jornal_oficinas\\\/\",\"https:\\\/\\\/www.linkedin.com\\\/company\\\/jornal-das-oficinas\\\/\",\"https:\\\/\\\/www.youtube.com\\\/channel\\\/UCbQZBqtcvV-oSQrr7RzINGg\"]},{\"@type\":\"Person\",\"@id\":\"https:\\\/\\\/jornaldasoficinas.com\\\/pt\\\/#\\\/schema\\\/person\\\/a38eef5de2c41d9e7c9ac10141afddf3\",\"name\":\"Reda\u00e7\u00e3o JO\",\"image\":{\"@type\":\"ImageObject\",\"inLanguage\":\"pt-PT\",\"@id\":\"https:\\\/\\\/secure.gravatar.com\\\/avatar\\\/71f2fa71737ad68a84fea94bc708ddac8ea5b0c4788dc2ad202f3ccb2887742f?s=96&d=wp_user_avatar&r=g\",\"url\":\"https:\\\/\\\/secure.gravatar.com\\\/avatar\\\/71f2fa71737ad68a84fea94bc708ddac8ea5b0c4788dc2ad202f3ccb2887742f?s=96&d=wp_user_avatar&r=g\",\"contentUrl\":\"https:\\\/\\\/secure.gravatar.com\\\/avatar\\\/71f2fa71737ad68a84fea94bc708ddac8ea5b0c4788dc2ad202f3ccb2887742f?s=96&d=wp_user_avatar&r=g\",\"caption\":\"Reda\u00e7\u00e3o JO\"},\"url\":\"https:\\\/\\\/jornaldasoficinas.com\\\/pt\\\/author\\\/joredacao\\\/\"}]}<\/script>\n<!-- \/ Yoast SEO plugin. -->","yoast_head_json":{"title":"Jornal das Oficinas de outubro j\u00e1 dispon\u00edvel online - Jornal das Oficinas","robots":{"index":"index","follow":"follow","max-snippet":"max-snippet:-1","max-image-preview":"max-image-preview:large","max-video-preview":"max-video-preview:-1"},"canonical":"https:\/\/jornaldasoficinas.com\/pt\/jornal-das-oficinas-de-outubro-ja-disponivel-online-3\/","og_locale":"pt_PT","og_type":"article","og_title":"Jornal das Oficinas de outubro j\u00e1 dispon\u00edvel online - Jornal das Oficinas","og_description":"Na edi\u00e7\u00e3o de outubro de 2022,...","og_url":"https:\/\/jornaldasoficinas.com\/pt\/jornal-das-oficinas-de-outubro-ja-disponivel-online-3\/","og_site_name":"Jornal das Oficinas","article_publisher":"https:\/\/www.facebook.com\/jornaloficinas","article_published_time":"2022-09-28T21:00:43+00:00","og_image":[{"width":1024,"height":581,"url":"https:\/\/jornaldasoficinas.com\/pt\/wp-content\/uploads\/jodigital\/jo201.png","type":"image\/png"}],"author":"Reda\u00e7\u00e3o JO","twitter_card":"summary_large_image","twitter_creator":"@jornaloficinas","twitter_site":"@jornaloficinas","twitter_misc":{"Escrito por":"Reda\u00e7\u00e3o JO","Tempo estimado de leitura":"4 minutos"},"schema":{"@context":"https:\/\/schema.org","@graph":[{"@type":"Article","@id":"https:\/\/jornaldasoficinas.com\/pt\/jornal-das-oficinas-de-outubro-ja-disponivel-online-3\/#article","isPartOf":{"@id":"https:\/\/jornaldasoficinas.com\/pt\/jornal-das-oficinas-de-outubro-ja-disponivel-online-3\/"},"author":{"name":"Reda\u00e7\u00e3o JO","@id":"https:\/\/jornaldasoficinas.com\/pt\/#\/schema\/person\/a38eef5de2c41d9e7c9ac10141afddf3"},"headline":"Jornal das Oficinas de outubro j\u00e1 dispon\u00edvel online","datePublished":"2022-09-28T21:00:43+00:00","mainEntityOfPage":{"@id":"https:\/\/jornaldasoficinas.com\/pt\/jornal-das-oficinas-de-outubro-ja-disponivel-online-3\/"},"wordCount":872,"publisher":{"@id":"https:\/\/jornaldasoficinas.com\/pt\/#organization"},"image":{"@id":"https:\/\/jornaldasoficinas.com\/pt\/jornal-das-oficinas-de-outubro-ja-disponivel-online-3\/#primaryimage"},"thumbnailUrl":"https:\/\/jornaldasoficinas.com\/pt\/wp-content\/uploads\/jodigital\/jo201.png","keywords":["AleCarPe\u00e7as","Alfa e-Parts","ASER","ATEC","Automechanika","Autope\u00e7as Cab","Axalta","Centrocor","Interescape","Melhor Mecatr\u00f3nico","Parceirauto","Podcast JO","Proxira","REUSE AFTERMARKET"],"articleSection":["Edi\u00e7\u00f5es JO"],"inLanguage":"pt-PT"},{"@type":"WebPage","@id":"https:\/\/jornaldasoficinas.com\/pt\/jornal-das-oficinas-de-outubro-ja-disponivel-online-3\/","url":"https:\/\/jornaldasoficinas.com\/pt\/jornal-das-oficinas-de-outubro-ja-disponivel-online-3\/","name":"Jornal das Oficinas de outubro j\u00e1 dispon\u00edvel online - Jornal das Oficinas","isPartOf":{"@id":"https:\/\/jornaldasoficinas.com\/pt\/#website"},"primaryImageOfPage":{"@id":"https:\/\/jornaldasoficinas.com\/pt\/jornal-das-oficinas-de-outubro-ja-disponivel-online-3\/#primaryimage"},"image":{"@id":"https:\/\/jornaldasoficinas.com\/pt\/jornal-das-oficinas-de-outubro-ja-disponivel-online-3\/#primaryimage"},"thumbnailUrl":"https:\/\/jornaldasoficinas.com\/pt\/wp-content\/uploads\/jodigital\/jo201.png","datePublished":"2022-09-28T21:00:43+00:00","breadcrumb":{"@id":"https:\/\/jornaldasoficinas.com\/pt\/jornal-das-oficinas-de-outubro-ja-disponivel-online-3\/#breadcrumb"},"inLanguage":"pt-PT","potentialAction":[{"@type":"ReadAction","target":["https:\/\/jornaldasoficinas.com\/pt\/jornal-das-oficinas-de-outubro-ja-disponivel-online-3\/"]}]},{"@type":"ImageObject","inLanguage":"pt-PT","@id":"https:\/\/jornaldasoficinas.com\/pt\/jornal-das-oficinas-de-outubro-ja-disponivel-online-3\/#primaryimage","url":"https:\/\/jornaldasoficinas.com\/pt\/wp-content\/uploads\/jodigital\/jo201.png","contentUrl":"https:\/\/jornaldasoficinas.com\/pt\/wp-content\/uploads\/jodigital\/jo201.png","width":1024,"height":581,"caption":"jodigital - jo201"},{"@type":"BreadcrumbList","@id":"https:\/\/jornaldasoficinas.com\/pt\/jornal-das-oficinas-de-outubro-ja-disponivel-online-3\/#breadcrumb","itemListElement":[{"@type":"ListItem","position":1,"name":"In\u00edcio","item":"https:\/\/jornaldasoficinas.com\/pt\/"},{"@type":"ListItem","position":2,"name":"Jornal das Oficinas de outubro j\u00e1 dispon\u00edvel online"}]},{"@type":"WebSite","@id":"https:\/\/jornaldasoficinas.com\/pt\/#website","url":"https:\/\/jornaldasoficinas.com\/pt\/","name":"Jornal das Oficinas","description":"Jornal independente do Aftermarket Autom\u00f3vel em Portugal","publisher":{"@id":"https:\/\/jornaldasoficinas.com\/pt\/#organization"},"potentialAction":[{"@type":"SearchAction","target":{"@type":"EntryPoint","urlTemplate":"https:\/\/jornaldasoficinas.com\/pt\/?s={search_term_string}"},"query-input":{"@type":"PropertyValueSpecification","valueRequired":true,"valueName":"search_term_string"}}],"inLanguage":"pt-PT"},{"@type":"Organization","@id":"https:\/\/jornaldasoficinas.com\/pt\/#organization","name":"Jornal das Oficinas","url":"https:\/\/jornaldasoficinas.com\/pt\/","logo":{"@type":"ImageObject","inLanguage":"pt-PT","@id":"https:\/\/jornaldasoficinas.com\/pt\/#\/schema\/logo\/image\/","url":"https:\/\/jornaldasoficinas.com\/pt\/wp-content\/uploads\/logoJO-SEO.png","contentUrl":"https:\/\/jornaldasoficinas.com\/pt\/wp-content\/uploads\/logoJO-SEO.png","width":285,"height":450,"caption":"Jornal das Oficinas"},"image":{"@id":"https:\/\/jornaldasoficinas.com\/pt\/#\/schema\/logo\/image\/"},"sameAs":["https:\/\/www.facebook.com\/jornaloficinas","https:\/\/x.com\/jornaloficinas","https:\/\/www.instagram.com\/jornal_oficinas\/","https:\/\/www.linkedin.com\/company\/jornal-das-oficinas\/","https:\/\/www.youtube.com\/channel\/UCbQZBqtcvV-oSQrr7RzINGg"]},{"@type":"Person","@id":"https:\/\/jornaldasoficinas.com\/pt\/#\/schema\/person\/a38eef5de2c41d9e7c9ac10141afddf3","name":"Reda\u00e7\u00e3o JO","image":{"@type":"ImageObject","inLanguage":"pt-PT","@id":"https:\/\/secure.gravatar.com\/avatar\/71f2fa71737ad68a84fea94bc708ddac8ea5b0c4788dc2ad202f3ccb2887742f?s=96&d=wp_user_avatar&r=g","url":"https:\/\/secure.gravatar.com\/avatar\/71f2fa71737ad68a84fea94bc708ddac8ea5b0c4788dc2ad202f3ccb2887742f?s=96&d=wp_user_avatar&r=g","contentUrl":"https:\/\/secure.gravatar.com\/avatar\/71f2fa71737ad68a84fea94bc708ddac8ea5b0c4788dc2ad202f3ccb2887742f?s=96&d=wp_user_avatar&r=g","caption":"Reda\u00e7\u00e3o JO"},"url":"https:\/\/jornaldasoficinas.com\/pt\/author\/joredacao\/"}]}},"_links":{"self":[{"href":"https:\/\/jornaldasoficinas.com\/pt\/wp-json\/wp\/v2\/posts\/33209","targetHints":{"allow":["GET"]}}],"collection":[{"href":"https:\/\/jornaldasoficinas.com\/pt\/wp-json\/wp\/v2\/posts"}],"about":[{"href":"https:\/\/jornaldasoficinas.com\/pt\/wp-json\/wp\/v2\/types\/post"}],"author":[{"embeddable":true,"href":"https:\/\/jornaldasoficinas.com\/pt\/wp-json\/wp\/v2\/users\/15"}],"replies":[{"embeddable":true,"href":"https:\/\/jornaldasoficinas.com\/pt\/wp-json\/wp\/v2\/comments?post=33209"}],"version-history":[{"count":0,"href":"https:\/\/jornaldasoficinas.com\/pt\/wp-json\/wp\/v2\/posts\/33209\/revisions"}],"wp:featuredmedia":[{"embeddable":true,"href":"https:\/\/jornaldasoficinas.com\/pt\/wp-json\/wp\/v2\/media\/33214"}],"wp:attachment":[{"href":"https:\/\/jornaldasoficinas.com\/pt\/wp-json\/wp\/v2\/media?parent=33209"}],"wp:term":[{"taxonomy":"category","embeddable":true,"href":"https:\/\/jornaldasoficinas.com\/pt\/wp-json\/wp\/v2\/categories?post=33209"},{"taxonomy":"post_tag","embeddable":true,"href":"https:\/\/jornaldasoficinas.com\/pt\/wp-json\/wp\/v2\/tags?post=33209"}],"curies":[{"name":"wp","href":"https:\/\/api.w.org\/{rel}","templated":true}]}}