{"id":33223,"date":"2022-09-28T12:00:28","date_gmt":"2022-09-28T11:00:28","guid":{"rendered":"https:\/\/jornaldasoficinas.com\/pt\/?p=33223"},"modified":"2023-07-20T16:11:21","modified_gmt":"2023-07-20T15:11:21","slug":"transportes-paulo-duarte-apostam-na-sustentabilidade-ecologica","status":"publish","type":"post","link":"https:\/\/jornaldasoficinas.com\/pt\/transportes-paulo-duarte-apostam-na-sustentabilidade-ecologica\/","title":{"rendered":"Transportes Paulo Duarte apostam na sustentabilidade ecol\u00f3gica"},"content":{"rendered":"<p><img loading=\"lazy\" decoding=\"async\" class=\"alignnone size-full wp-image-33162\" src=\"https:\/\/jornaldasoficinas.com\/pt\/wp-content\/uploads\/2022\/09\/Transportes-Paulo-Duarte-apostam-na-sustentabilidade-ecolo\u0301gica.jpg\" alt=\"09 - Transportes Paulo Duarte apostam na sustentabilidade ecolo\u0301gica\" width=\"1024\" height=\"581\" srcset=\"https:\/\/jornaldasoficinas.com\/pt\/wp-content\/uploads\/2022\/09\/Transportes-Paulo-Duarte-apostam-na-sustentabilidade-ecolo\u0301gica.jpg 1024w, https:\/\/jornaldasoficinas.com\/pt\/wp-content\/uploads\/2022\/09\/Transportes-Paulo-Duarte-apostam-na-sustentabilidade-ecolo\u0301gica-300x170.jpg 300w, https:\/\/jornaldasoficinas.com\/pt\/wp-content\/uploads\/2022\/09\/Transportes-Paulo-Duarte-apostam-na-sustentabilidade-ecolo\u0301gica-150x85.jpg 150w, https:\/\/jornaldasoficinas.com\/pt\/wp-content\/uploads\/2022\/09\/Transportes-Paulo-Duarte-apostam-na-sustentabilidade-ecolo\u0301gica-768x436.jpg 768w\" sizes=\"auto, (max-width: 1024px) 100vw, 1024px\" \/><\/p>\n<p><strong>Os <a href=\"https:\/\/transportespauloduarte.pt\/\" target=\"_blank\" rel=\"noopener\">Transportes Paulo Duarte<\/a> apostaram numa frota modernizada e mais amiga do ambiente e, ainda, em medidas que permitiram minimizar os impactos no ecossistema. Neste sentido, em 2021 conseguiram reduzir as emiss\u00f5es de CO2 em 540 mil toneladas<\/strong><\/p>\n<p>De olhos postos nas altera\u00e7\u00f5es clim\u00e1ticas, a Transportes Paulo Duarte \u2013\u00a0refer\u00eancia ib\u00e9rica no transporte de combust\u00edveis e l\u00edquidos alimentares e parte do Grupo Paulo Duarte \u2013 conseguiu reduzir as emiss\u00f5es de CO2 em 2021. No total, a empresa emitiu menos 540 mil toneladas de CO2, nos mais de dois milh\u00f5es de entregas realizadas durante o ano passado. Trata-se de um resultado hist\u00f3rico e que demonstra a preocupa\u00e7\u00e3o da empresa enquanto entidade comprometida socialmente com a causa ambiental.<\/p>\n<p>Consciente da import\u00e2ncia de continuar a minimizar os impactos da sua atividade no ambiente, a Transportes Paulo Duarte decidiu, em 2021, proceder \u00e0 moderniza\u00e7\u00e3o da frota atrav\u00e9s da aquisi\u00e7\u00e3o de quase duas centenas de viaturas de \u00faltima gera\u00e7\u00e3o, num investimento que ascendeu aos 15 milh\u00f5es de euros. Acrescente-se, ainda, que, nos \u00faltimos dois anos, a Transportes Paulo Duarte conseguiu reduzir em 30 por cento a sua pegada ecol\u00f3gica, esfor\u00e7os que Gustavo Paulo Duarte \u2013 diretor-geral da Transportes Paulo Duarte \u2013 n\u00e3o v\u00ea, ainda, recompensados. \u201cVivemos um momento em que, cada vez mais, a ind\u00fastria dos transportes precisa de medir o impacto da sua atividade no ecossistema e, infelizmente, n\u00e3o existe qualquer tipo de apoio por parte do Governo para que isso aconte\u00e7a\u201d. E acrescenta: \u201c\u00c9 preciso apoiar as empresas na transi\u00e7\u00e3o energ\u00e9tica e criar mecanismos que promovam a realiza\u00e7\u00e3o de investimentos nesta \u00e1rea por parte das mesmas\u201d.<\/p>\n<p>Al\u00e9m da aposta na moderniza\u00e7\u00e3o da frota e da promo\u00e7\u00e3o de uma atividade mais amiga do ambiente, a empresa continua focada no refor\u00e7o do investimento em tecnologia, de forma a otimizar os processos da empresa e contribuindo para a sustentabilidade da mesma. \u201cCom a infla\u00e7\u00e3o crescente, com os pre\u00e7os dos combust\u00edveis no patamar em que se encontram e com a instabilidade econ\u00f3mica, torna-se fulcral para a rentabilidade da empresa procurar novas formas de poupan\u00e7a. Encaramos, por isso, estes esfor\u00e7os como investimentos de futuro\u201d, concluiu Gustavo Paulo Duarte.<\/p>\n","protected":false},"excerpt":{"rendered":"<p>Os Transportes Paulo Duarte apostaram numa&#8230;<\/p>\n","protected":false},"author":15,"featured_media":33162,"comment_status":"closed","ping_status":"closed","sticky":false,"template":"","format":"standard","meta":{"footnotes":""},"categories":[29],"tags":[1981],"class_list":["post-33223","post","type-post","status-publish","format-standard","has-post-thumbnail","hentry","category-empresas","tag-transportes-paulo-duarte"],"yoast_head":"<!-- This site is optimized with the Yoast SEO plugin v27.5 - https:\/\/yoast.com\/product\/yoast-seo-wordpress\/ -->\n<title>Transportes Paulo Duarte apostam na sustentabilidade ecol\u00f3gica - Jornal das Oficinas<\/title>\n<meta name=\"robots\" content=\"index, follow, max-snippet:-1, max-image-preview:large, max-video-preview:-1\" \/>\n<link rel=\"canonical\" href=\"https:\/\/jornaldasoficinas.com\/pt\/transportes-paulo-duarte-apostam-na-sustentabilidade-ecologica\/\" \/>\n<meta property=\"og:locale\" content=\"pt_PT\" \/>\n<meta property=\"og:type\" content=\"article\" \/>\n<meta property=\"og:title\" content=\"Transportes Paulo Duarte apostam na sustentabilidade ecol\u00f3gica - Jornal das Oficinas\" \/>\n<meta property=\"og:description\" content=\"Os Transportes Paulo Duarte apostaram numa...\" \/>\n<meta property=\"og:url\" content=\"https:\/\/jornaldasoficinas.com\/pt\/transportes-paulo-duarte-apostam-na-sustentabilidade-ecologica\/\" \/>\n<meta property=\"og:site_name\" content=\"Jornal das Oficinas\" \/>\n<meta property=\"article:publisher\" content=\"https:\/\/www.facebook.com\/jornaloficinas\" \/>\n<meta property=\"article:published_time\" content=\"2022-09-28T11:00:28+00:00\" \/>\n<meta property=\"article:modified_time\" content=\"2023-07-20T15:11:21+00:00\" \/>\n<meta property=\"og:image\" content=\"https:\/\/jornaldasoficinas.com\/pt\/wp-content\/uploads\/2022\/09\/Transportes-Paulo-Duarte-apostam-na-sustentabilidade-ecolo\u0301gica.jpg\" \/>\n\t<meta property=\"og:image:width\" content=\"1024\" \/>\n\t<meta property=\"og:image:height\" content=\"581\" \/>\n\t<meta property=\"og:image:type\" content=\"image\/jpeg\" \/>\n<meta name=\"author\" content=\"Reda\u00e7\u00e3o JO\" \/>\n<meta name=\"twitter:card\" content=\"summary_large_image\" \/>\n<meta name=\"twitter:creator\" content=\"@jornaloficinas\" \/>\n<meta name=\"twitter:site\" content=\"@jornaloficinas\" \/>\n<meta name=\"twitter:label1\" content=\"Escrito por\" \/>\n\t<meta name=\"twitter:data1\" content=\"Reda\u00e7\u00e3o JO\" \/>\n\t<meta name=\"twitter:label2\" content=\"Tempo estimado de leitura\" \/>\n\t<meta name=\"twitter:data2\" content=\"2 minutos\" \/>\n<script type=\"application\/ld+json\" class=\"yoast-schema-graph\">{\"@context\":\"https:\\\/\\\/schema.org\",\"@graph\":[{\"@type\":\"Article\",\"@id\":\"https:\\\/\\\/jornaldasoficinas.com\\\/pt\\\/transportes-paulo-duarte-apostam-na-sustentabilidade-ecologica\\\/#article\",\"isPartOf\":{\"@id\":\"https:\\\/\\\/jornaldasoficinas.com\\\/pt\\\/transportes-paulo-duarte-apostam-na-sustentabilidade-ecologica\\\/\"},\"author\":{\"name\":\"Reda\u00e7\u00e3o JO\",\"@id\":\"https:\\\/\\\/jornaldasoficinas.com\\\/pt\\\/#\\\/schema\\\/person\\\/a38eef5de2c41d9e7c9ac10141afddf3\"},\"headline\":\"Transportes Paulo Duarte apostam na sustentabilidade ecol\u00f3gica\",\"datePublished\":\"2022-09-28T11:00:28+00:00\",\"dateModified\":\"2023-07-20T15:11:21+00:00\",\"mainEntityOfPage\":{\"@id\":\"https:\\\/\\\/jornaldasoficinas.com\\\/pt\\\/transportes-paulo-duarte-apostam-na-sustentabilidade-ecologica\\\/\"},\"wordCount\":381,\"publisher\":{\"@id\":\"https:\\\/\\\/jornaldasoficinas.com\\\/pt\\\/#organization\"},\"image\":{\"@id\":\"https:\\\/\\\/jornaldasoficinas.com\\\/pt\\\/transportes-paulo-duarte-apostam-na-sustentabilidade-ecologica\\\/#primaryimage\"},\"thumbnailUrl\":\"https:\\\/\\\/jornaldasoficinas.com\\\/pt\\\/wp-content\\\/uploads\\\/2022\\\/09\\\/Transportes-Paulo-Duarte-apostam-na-sustentabilidade-ecolo\u0301gica.jpg\",\"keywords\":[\"Transportes Paulo Duarte\"],\"articleSection\":[\"Empresas\"],\"inLanguage\":\"pt-PT\"},{\"@type\":\"WebPage\",\"@id\":\"https:\\\/\\\/jornaldasoficinas.com\\\/pt\\\/transportes-paulo-duarte-apostam-na-sustentabilidade-ecologica\\\/\",\"url\":\"https:\\\/\\\/jornaldasoficinas.com\\\/pt\\\/transportes-paulo-duarte-apostam-na-sustentabilidade-ecologica\\\/\",\"name\":\"Transportes Paulo Duarte apostam na sustentabilidade ecol\u00f3gica - Jornal das Oficinas\",\"isPartOf\":{\"@id\":\"https:\\\/\\\/jornaldasoficinas.com\\\/pt\\\/#website\"},\"primaryImageOfPage\":{\"@id\":\"https:\\\/\\\/jornaldasoficinas.com\\\/pt\\\/transportes-paulo-duarte-apostam-na-sustentabilidade-ecologica\\\/#primaryimage\"},\"image\":{\"@id\":\"https:\\\/\\\/jornaldasoficinas.com\\\/pt\\\/transportes-paulo-duarte-apostam-na-sustentabilidade-ecologica\\\/#primaryimage\"},\"thumbnailUrl\":\"https:\\\/\\\/jornaldasoficinas.com\\\/pt\\\/wp-content\\\/uploads\\\/2022\\\/09\\\/Transportes-Paulo-Duarte-apostam-na-sustentabilidade-ecolo\u0301gica.jpg\",\"datePublished\":\"2022-09-28T11:00:28+00:00\",\"dateModified\":\"2023-07-20T15:11:21+00:00\",\"breadcrumb\":{\"@id\":\"https:\\\/\\\/jornaldasoficinas.com\\\/pt\\\/transportes-paulo-duarte-apostam-na-sustentabilidade-ecologica\\\/#breadcrumb\"},\"inLanguage\":\"pt-PT\",\"potentialAction\":[{\"@type\":\"ReadAction\",\"target\":[\"https:\\\/\\\/jornaldasoficinas.com\\\/pt\\\/transportes-paulo-duarte-apostam-na-sustentabilidade-ecologica\\\/\"]}]},{\"@type\":\"ImageObject\",\"inLanguage\":\"pt-PT\",\"@id\":\"https:\\\/\\\/jornaldasoficinas.com\\\/pt\\\/transportes-paulo-duarte-apostam-na-sustentabilidade-ecologica\\\/#primaryimage\",\"url\":\"https:\\\/\\\/jornaldasoficinas.com\\\/pt\\\/wp-content\\\/uploads\\\/2022\\\/09\\\/Transportes-Paulo-Duarte-apostam-na-sustentabilidade-ecolo\u0301gica.jpg\",\"contentUrl\":\"https:\\\/\\\/jornaldasoficinas.com\\\/pt\\\/wp-content\\\/uploads\\\/2022\\\/09\\\/Transportes-Paulo-Duarte-apostam-na-sustentabilidade-ecolo\u0301gica.jpg\",\"width\":1024,\"height\":581,\"caption\":\"09 - Transportes Paulo Duarte apostam na sustentabilidade ecolo\u0301gica\"},{\"@type\":\"BreadcrumbList\",\"@id\":\"https:\\\/\\\/jornaldasoficinas.com\\\/pt\\\/transportes-paulo-duarte-apostam-na-sustentabilidade-ecologica\\\/#breadcrumb\",\"itemListElement\":[{\"@type\":\"ListItem\",\"position\":1,\"name\":\"In\u00edcio\",\"item\":\"https:\\\/\\\/jornaldasoficinas.com\\\/pt\\\/\"},{\"@type\":\"ListItem\",\"position\":2,\"name\":\"Transportes Paulo Duarte apostam na sustentabilidade ecol\u00f3gica\"}]},{\"@type\":\"WebSite\",\"@id\":\"https:\\\/\\\/jornaldasoficinas.com\\\/pt\\\/#website\",\"url\":\"https:\\\/\\\/jornaldasoficinas.com\\\/pt\\\/\",\"name\":\"Jornal das Oficinas\",\"description\":\"Jornal independente do Aftermarket Autom\u00f3vel em Portugal\",\"publisher\":{\"@id\":\"https:\\\/\\\/jornaldasoficinas.com\\\/pt\\\/#organization\"},\"potentialAction\":[{\"@type\":\"SearchAction\",\"target\":{\"@type\":\"EntryPoint\",\"urlTemplate\":\"https:\\\/\\\/jornaldasoficinas.com\\\/pt\\\/?s={search_term_string}\"},\"query-input\":{\"@type\":\"PropertyValueSpecification\",\"valueRequired\":true,\"valueName\":\"search_term_string\"}}],\"inLanguage\":\"pt-PT\"},{\"@type\":\"Organization\",\"@id\":\"https:\\\/\\\/jornaldasoficinas.com\\\/pt\\\/#organization\",\"name\":\"Jornal das Oficinas\",\"url\":\"https:\\\/\\\/jornaldasoficinas.com\\\/pt\\\/\",\"logo\":{\"@type\":\"ImageObject\",\"inLanguage\":\"pt-PT\",\"@id\":\"https:\\\/\\\/jornaldasoficinas.com\\\/pt\\\/#\\\/schema\\\/logo\\\/image\\\/\",\"url\":\"https:\\\/\\\/jornaldasoficinas.com\\\/pt\\\/wp-content\\\/uploads\\\/logoJO-SEO.png\",\"contentUrl\":\"https:\\\/\\\/jornaldasoficinas.com\\\/pt\\\/wp-content\\\/uploads\\\/logoJO-SEO.png\",\"width\":285,\"height\":450,\"caption\":\"Jornal das Oficinas\"},\"image\":{\"@id\":\"https:\\\/\\\/jornaldasoficinas.com\\\/pt\\\/#\\\/schema\\\/logo\\\/image\\\/\"},\"sameAs\":[\"https:\\\/\\\/www.facebook.com\\\/jornaloficinas\",\"https:\\\/\\\/x.com\\\/jornaloficinas\",\"https:\\\/\\\/www.instagram.com\\\/jornal_oficinas\\\/\",\"https:\\\/\\\/www.linkedin.com\\\/company\\\/jornal-das-oficinas\\\/\",\"https:\\\/\\\/www.youtube.com\\\/channel\\\/UCbQZBqtcvV-oSQrr7RzINGg\"]},{\"@type\":\"Person\",\"@id\":\"https:\\\/\\\/jornaldasoficinas.com\\\/pt\\\/#\\\/schema\\\/person\\\/a38eef5de2c41d9e7c9ac10141afddf3\",\"name\":\"Reda\u00e7\u00e3o JO\",\"image\":{\"@type\":\"ImageObject\",\"inLanguage\":\"pt-PT\",\"@id\":\"https:\\\/\\\/secure.gravatar.com\\\/avatar\\\/71f2fa71737ad68a84fea94bc708ddac8ea5b0c4788dc2ad202f3ccb2887742f?s=96&d=wp_user_avatar&r=g\",\"url\":\"https:\\\/\\\/secure.gravatar.com\\\/avatar\\\/71f2fa71737ad68a84fea94bc708ddac8ea5b0c4788dc2ad202f3ccb2887742f?s=96&d=wp_user_avatar&r=g\",\"contentUrl\":\"https:\\\/\\\/secure.gravatar.com\\\/avatar\\\/71f2fa71737ad68a84fea94bc708ddac8ea5b0c4788dc2ad202f3ccb2887742f?s=96&d=wp_user_avatar&r=g\",\"caption\":\"Reda\u00e7\u00e3o JO\"},\"url\":\"https:\\\/\\\/jornaldasoficinas.com\\\/pt\\\/author\\\/joredacao\\\/\"}]}<\/script>\n<!-- \/ Yoast SEO plugin. -->","yoast_head_json":{"title":"Transportes Paulo Duarte apostam na sustentabilidade ecol\u00f3gica - Jornal das Oficinas","robots":{"index":"index","follow":"follow","max-snippet":"max-snippet:-1","max-image-preview":"max-image-preview:large","max-video-preview":"max-video-preview:-1"},"canonical":"https:\/\/jornaldasoficinas.com\/pt\/transportes-paulo-duarte-apostam-na-sustentabilidade-ecologica\/","og_locale":"pt_PT","og_type":"article","og_title":"Transportes Paulo Duarte apostam na sustentabilidade ecol\u00f3gica - Jornal das Oficinas","og_description":"Os Transportes Paulo Duarte apostaram numa...","og_url":"https:\/\/jornaldasoficinas.com\/pt\/transportes-paulo-duarte-apostam-na-sustentabilidade-ecologica\/","og_site_name":"Jornal das Oficinas","article_publisher":"https:\/\/www.facebook.com\/jornaloficinas","article_published_time":"2022-09-28T11:00:28+00:00","article_modified_time":"2023-07-20T15:11:21+00:00","og_image":[{"width":1024,"height":581,"url":"https:\/\/jornaldasoficinas.com\/pt\/wp-content\/uploads\/2022\/09\/Transportes-Paulo-Duarte-apostam-na-sustentabilidade-ecolo\u0301gica.jpg","type":"image\/jpeg"}],"author":"Reda\u00e7\u00e3o JO","twitter_card":"summary_large_image","twitter_creator":"@jornaloficinas","twitter_site":"@jornaloficinas","twitter_misc":{"Escrito por":"Reda\u00e7\u00e3o JO","Tempo estimado de leitura":"2 minutos"},"schema":{"@context":"https:\/\/schema.org","@graph":[{"@type":"Article","@id":"https:\/\/jornaldasoficinas.com\/pt\/transportes-paulo-duarte-apostam-na-sustentabilidade-ecologica\/#article","isPartOf":{"@id":"https:\/\/jornaldasoficinas.com\/pt\/transportes-paulo-duarte-apostam-na-sustentabilidade-ecologica\/"},"author":{"name":"Reda\u00e7\u00e3o JO","@id":"https:\/\/jornaldasoficinas.com\/pt\/#\/schema\/person\/a38eef5de2c41d9e7c9ac10141afddf3"},"headline":"Transportes Paulo Duarte apostam na sustentabilidade ecol\u00f3gica","datePublished":"2022-09-28T11:00:28+00:00","dateModified":"2023-07-20T15:11:21+00:00","mainEntityOfPage":{"@id":"https:\/\/jornaldasoficinas.com\/pt\/transportes-paulo-duarte-apostam-na-sustentabilidade-ecologica\/"},"wordCount":381,"publisher":{"@id":"https:\/\/jornaldasoficinas.com\/pt\/#organization"},"image":{"@id":"https:\/\/jornaldasoficinas.com\/pt\/transportes-paulo-duarte-apostam-na-sustentabilidade-ecologica\/#primaryimage"},"thumbnailUrl":"https:\/\/jornaldasoficinas.com\/pt\/wp-content\/uploads\/2022\/09\/Transportes-Paulo-Duarte-apostam-na-sustentabilidade-ecolo\u0301gica.jpg","keywords":["Transportes Paulo Duarte"],"articleSection":["Empresas"],"inLanguage":"pt-PT"},{"@type":"WebPage","@id":"https:\/\/jornaldasoficinas.com\/pt\/transportes-paulo-duarte-apostam-na-sustentabilidade-ecologica\/","url":"https:\/\/jornaldasoficinas.com\/pt\/transportes-paulo-duarte-apostam-na-sustentabilidade-ecologica\/","name":"Transportes Paulo Duarte apostam na sustentabilidade ecol\u00f3gica - Jornal das Oficinas","isPartOf":{"@id":"https:\/\/jornaldasoficinas.com\/pt\/#website"},"primaryImageOfPage":{"@id":"https:\/\/jornaldasoficinas.com\/pt\/transportes-paulo-duarte-apostam-na-sustentabilidade-ecologica\/#primaryimage"},"image":{"@id":"https:\/\/jornaldasoficinas.com\/pt\/transportes-paulo-duarte-apostam-na-sustentabilidade-ecologica\/#primaryimage"},"thumbnailUrl":"https:\/\/jornaldasoficinas.com\/pt\/wp-content\/uploads\/2022\/09\/Transportes-Paulo-Duarte-apostam-na-sustentabilidade-ecolo\u0301gica.jpg","datePublished":"2022-09-28T11:00:28+00:00","dateModified":"2023-07-20T15:11:21+00:00","breadcrumb":{"@id":"https:\/\/jornaldasoficinas.com\/pt\/transportes-paulo-duarte-apostam-na-sustentabilidade-ecologica\/#breadcrumb"},"inLanguage":"pt-PT","potentialAction":[{"@type":"ReadAction","target":["https:\/\/jornaldasoficinas.com\/pt\/transportes-paulo-duarte-apostam-na-sustentabilidade-ecologica\/"]}]},{"@type":"ImageObject","inLanguage":"pt-PT","@id":"https:\/\/jornaldasoficinas.com\/pt\/transportes-paulo-duarte-apostam-na-sustentabilidade-ecologica\/#primaryimage","url":"https:\/\/jornaldasoficinas.com\/pt\/wp-content\/uploads\/2022\/09\/Transportes-Paulo-Duarte-apostam-na-sustentabilidade-ecolo\u0301gica.jpg","contentUrl":"https:\/\/jornaldasoficinas.com\/pt\/wp-content\/uploads\/2022\/09\/Transportes-Paulo-Duarte-apostam-na-sustentabilidade-ecolo\u0301gica.jpg","width":1024,"height":581,"caption":"09 - Transportes Paulo Duarte apostam na sustentabilidade ecolo\u0301gica"},{"@type":"BreadcrumbList","@id":"https:\/\/jornaldasoficinas.com\/pt\/transportes-paulo-duarte-apostam-na-sustentabilidade-ecologica\/#breadcrumb","itemListElement":[{"@type":"ListItem","position":1,"name":"In\u00edcio","item":"https:\/\/jornaldasoficinas.com\/pt\/"},{"@type":"ListItem","position":2,"name":"Transportes Paulo Duarte apostam na sustentabilidade ecol\u00f3gica"}]},{"@type":"WebSite","@id":"https:\/\/jornaldasoficinas.com\/pt\/#website","url":"https:\/\/jornaldasoficinas.com\/pt\/","name":"Jornal das Oficinas","description":"Jornal independente do Aftermarket Autom\u00f3vel em Portugal","publisher":{"@id":"https:\/\/jornaldasoficinas.com\/pt\/#organization"},"potentialAction":[{"@type":"SearchAction","target":{"@type":"EntryPoint","urlTemplate":"https:\/\/jornaldasoficinas.com\/pt\/?s={search_term_string}"},"query-input":{"@type":"PropertyValueSpecification","valueRequired":true,"valueName":"search_term_string"}}],"inLanguage":"pt-PT"},{"@type":"Organization","@id":"https:\/\/jornaldasoficinas.com\/pt\/#organization","name":"Jornal das Oficinas","url":"https:\/\/jornaldasoficinas.com\/pt\/","logo":{"@type":"ImageObject","inLanguage":"pt-PT","@id":"https:\/\/jornaldasoficinas.com\/pt\/#\/schema\/logo\/image\/","url":"https:\/\/jornaldasoficinas.com\/pt\/wp-content\/uploads\/logoJO-SEO.png","contentUrl":"https:\/\/jornaldasoficinas.com\/pt\/wp-content\/uploads\/logoJO-SEO.png","width":285,"height":450,"caption":"Jornal das Oficinas"},"image":{"@id":"https:\/\/jornaldasoficinas.com\/pt\/#\/schema\/logo\/image\/"},"sameAs":["https:\/\/www.facebook.com\/jornaloficinas","https:\/\/x.com\/jornaloficinas","https:\/\/www.instagram.com\/jornal_oficinas\/","https:\/\/www.linkedin.com\/company\/jornal-das-oficinas\/","https:\/\/www.youtube.com\/channel\/UCbQZBqtcvV-oSQrr7RzINGg"]},{"@type":"Person","@id":"https:\/\/jornaldasoficinas.com\/pt\/#\/schema\/person\/a38eef5de2c41d9e7c9ac10141afddf3","name":"Reda\u00e7\u00e3o JO","image":{"@type":"ImageObject","inLanguage":"pt-PT","@id":"https:\/\/secure.gravatar.com\/avatar\/71f2fa71737ad68a84fea94bc708ddac8ea5b0c4788dc2ad202f3ccb2887742f?s=96&d=wp_user_avatar&r=g","url":"https:\/\/secure.gravatar.com\/avatar\/71f2fa71737ad68a84fea94bc708ddac8ea5b0c4788dc2ad202f3ccb2887742f?s=96&d=wp_user_avatar&r=g","contentUrl":"https:\/\/secure.gravatar.com\/avatar\/71f2fa71737ad68a84fea94bc708ddac8ea5b0c4788dc2ad202f3ccb2887742f?s=96&d=wp_user_avatar&r=g","caption":"Reda\u00e7\u00e3o JO"},"url":"https:\/\/jornaldasoficinas.com\/pt\/author\/joredacao\/"}]}},"_links":{"self":[{"href":"https:\/\/jornaldasoficinas.com\/pt\/wp-json\/wp\/v2\/posts\/33223","targetHints":{"allow":["GET"]}}],"collection":[{"href":"https:\/\/jornaldasoficinas.com\/pt\/wp-json\/wp\/v2\/posts"}],"about":[{"href":"https:\/\/jornaldasoficinas.com\/pt\/wp-json\/wp\/v2\/types\/post"}],"author":[{"embeddable":true,"href":"https:\/\/jornaldasoficinas.com\/pt\/wp-json\/wp\/v2\/users\/15"}],"replies":[{"embeddable":true,"href":"https:\/\/jornaldasoficinas.com\/pt\/wp-json\/wp\/v2\/comments?post=33223"}],"version-history":[{"count":0,"href":"https:\/\/jornaldasoficinas.com\/pt\/wp-json\/wp\/v2\/posts\/33223\/revisions"}],"wp:featuredmedia":[{"embeddable":true,"href":"https:\/\/jornaldasoficinas.com\/pt\/wp-json\/wp\/v2\/media\/33162"}],"wp:attachment":[{"href":"https:\/\/jornaldasoficinas.com\/pt\/wp-json\/wp\/v2\/media?parent=33223"}],"wp:term":[{"taxonomy":"category","embeddable":true,"href":"https:\/\/jornaldasoficinas.com\/pt\/wp-json\/wp\/v2\/categories?post=33223"},{"taxonomy":"post_tag","embeddable":true,"href":"https:\/\/jornaldasoficinas.com\/pt\/wp-json\/wp\/v2\/tags?post=33223"}],"curies":[{"name":"wp","href":"https:\/\/api.w.org\/{rel}","templated":true}]}}