{"id":33301,"date":"2022-09-30T13:00:11","date_gmt":"2022-09-30T12:00:11","guid":{"rendered":"https:\/\/jornaldasoficinas.com\/pt\/?p=33301"},"modified":"2023-07-19T15:45:17","modified_gmt":"2023-07-19T14:45:17","slug":"classicos-mercedes-benz-desfilam-pelo-norte-de-portugal","status":"publish","type":"post","link":"https:\/\/jornaldasoficinas.com\/pt\/classicos-mercedes-benz-desfilam-pelo-norte-de-portugal\/","title":{"rendered":"Cl\u00e1ssicos Mercedes-Benz desfilam pelo Norte de Portugal"},"content":{"rendered":"<p><img loading=\"lazy\" decoding=\"async\" class=\"alignnone size-full wp-image-33312\" src=\"https:\/\/jornaldasoficinas.com\/pt\/wp-content\/uploads\/2022\/09\/Cla\u0301ssicos-Mercedes-Benz-desfilam-pelo-Norte-de-Portugal.jpeg\" alt=\"09 - Cla\u0301ssicos Mercedes Benz desfilam pelo Norte de Portugal\" width=\"1024\" height=\"581\" srcset=\"https:\/\/jornaldasoficinas.com\/pt\/wp-content\/uploads\/2022\/09\/Cla\u0301ssicos-Mercedes-Benz-desfilam-pelo-Norte-de-Portugal.jpeg 1024w, https:\/\/jornaldasoficinas.com\/pt\/wp-content\/uploads\/2022\/09\/Cla\u0301ssicos-Mercedes-Benz-desfilam-pelo-Norte-de-Portugal-300x170.jpeg 300w, https:\/\/jornaldasoficinas.com\/pt\/wp-content\/uploads\/2022\/09\/Cla\u0301ssicos-Mercedes-Benz-desfilam-pelo-Norte-de-Portugal-150x85.jpeg 150w, https:\/\/jornaldasoficinas.com\/pt\/wp-content\/uploads\/2022\/09\/Cla\u0301ssicos-Mercedes-Benz-desfilam-pelo-Norte-de-Portugal-768x436.jpeg 768w\" sizes=\"auto, (max-width: 1024px) 100vw, 1024px\" \/><\/p>\n<p><strong>A primeira edi\u00e7\u00e3o do Passeio de Cl\u00e1ssicos <a href=\"https:\/\/www.soccsantos.pt\/\" target=\"_blank\" rel=\"noopener\">Soc. Com. C. Santos<\/a>, em parceria com a Motorbest Tours, realizou-se no passado dia 24 de setembro e contou com mais de 100 participantes a bordo de quase 40 autom\u00f3veis hist\u00f3ricos da Mercedes-Benz<\/strong><\/p>\n<p>O passeio, organizado pela Sociedade Comercial C. Santos em parceria com a Motorbest Tours e com o apoio do Mercedes-Benz Club Portugal, reuniu \u00e0 partida, nas instala\u00e7\u00f5es da Maia-Aeroporto do representante Mercedes-Benz, alguns dos mais emblem\u00e1ticos modelos da hist\u00f3ria da marca.<\/p>\n<p>Um 190 SL (W121) de 1957, um 250 CE (W114 Coupe) de 1971, um 300 SEL 6.3 (W109) de 1970, um 300 GD (Classe G) de 1984 ou um 280 SE (W108) de 1972 s\u00e3o apenas alguns exemplos dos autom\u00f3veis que desfilaram no primeiro Passeio de Cl\u00e1ssicos Soc. Com. C. Santos.<\/p>\n<p>Ap\u00f3s rece\u00e7\u00e3o dos participantes, a caravana arrancou da sede da Sociedade Comercial C. Santos, seguindo por algumas das estradas mais celebradas do Norte de Portugal, entre as quais a EN 108, a caminho do Centro Interpretativo e ru\u00ednas romanas de Tongobriga (no Marco de Canaveses).<\/p>\n<p>A\u00ed chegado, o grupo fez uma visita guiada \u00e0 \u00c1rea Arqueol\u00f3gica do Freixo, centrada na observa\u00e7\u00e3o das ru\u00ednas pr\u00e9-romanas e romanas de Tongobriga, dat\u00e1veis entre o s\u00e9culo I a.C. e o s\u00e9culo VI d.C.. Al\u00e9m da visita aos principais n\u00facleos de ru\u00ednas (\u00e1reas residenciais castrejas e romanas, muralha, f\u00f3rum, balne\u00e1rio pr\u00e9-romano e termas romanas, necr\u00f3pole) tamb\u00e9m o Centro Interpretativo de Tongobriga foi \u201cexplorado\u201d.<\/p>\n<p>Ap\u00f3s esta viagem cultural, o grupo voltou \u00e0 estrada para um curto percurso at\u00e9 \u00e0 Casa de Quint\u00e3. Este solar datado de 1740 tem com um edif\u00edcio central, formado por duas torres, claustros, aqueduto, fontes e uma capela. As salas e a casa de jantar est\u00e3o elegantemente decoradas.<\/p>\n<p>Ap\u00f3s o almo\u00e7o, em que os participantes puderam desfrutar dos sabores da regi\u00e3o, o primeiro Passeio de Cl\u00e1ssicos Soc. Com. C. Santos fechou de forma m\u00e1gica, com M\u00e1rio Daniel, embaixador da Sociedade Comercial C. Santos que \u00e9 o autor dos sucessos televisivos \u201cMinutos M\u00e1gicos\u201d e \u201cFora do Baralho\u201d e uma refer\u00eancia da magia em Portugal.<\/p>\n<p>\u201cA julgar pelo feedback que recebemos, os participantes gostaram do programa do primeiro Passeio de Cl\u00e1ssicos Soc. Com. C. Santos, o que \u00e9 muito positivo para n\u00f3s. Tal como faz h\u00e1 76 anos, a Sociedade Comercial C. Santos procurar\u00e1 no futuro continuar a valorizar a hist\u00f3ria do autom\u00f3vel e da Mercedes-Benz em Portugal\u201d, indica o rela\u00e7\u00f5es p\u00fablicas da Sociedade Comercial C. Santos, Aquiles Pinto.<\/p>\n<p>Ap\u00f3s o evento, muitos dos participantes \u201creclamavam\u201d j\u00e1 a segunda edi\u00e7\u00e3o do Passeio de Cl\u00e1ssicos Soc. Com. C. Santos. Foi o caso de Modesto Ara\u00fajo, que inscreveu um Mercedes-Benz 190 SL (W121) de 1957, a viatura mais antiga deste passeio. \u201cFoi muito agrad\u00e1vel e interessante. Al\u00e9m do passeio e de podermos observar as muitas e interessantes viaturas que participaram, houve o conv\u00edvio entre as pessoas. Tamb\u00e9m a visita \u00e0s ru\u00ednas romanas de Tongobriga foi um apontamento interessante. Seguramente, \u00e9 uma experi\u00eancia a repetir e espero que a Sociedade Comercial C. Santos volte a organizar este evento\u201d, afirmou este apaixonado por autom\u00f3veis.<\/p>\n<div class=\"wonderplugingallery-container\" id=\"wonderplugingallery-container-111\" style=\"max-width:960px;margin:0 auto;\"><div class=\"wonderplugingallery\" id=\"wonderplugingallery-111\" data-galleryid=\"111\" data-width=\"960\" data-height=\"540\" data-skin=\"gallery\" data-playsinline=\"false\" data-mutevideo=\"false\" data-random=\"false\" data-autoslide=\"false\" data-autoplayvideo=\"false\" data-schemamarkup=\"false\" data-stopallplaying=\"false\" data-reloadonvideoend=\"false\" data-donotuseposter=\"false\" data-enabletabindex=\"false\" data-loadnextonvideoend=\"false\" data-hidetitlewhenvideoisplaying=\"false\" data-disablehovereventontouch=\"false\" data-autoslideandplayafterfirstplayed=\"false\" data-html5player=\"true\" data-responsive=\"true\" data-fullwidth=\"false\" data-showtitle=\"true\" data-showdescription=\"true\" data-showplaybutton=\"true\" data-showfullscreenbutton=\"true\" data-showtimer=\"true\" data-showcarousel=\"true\" data-galleryshadow=\"false\" data-slideshadow=\"true\" data-thumbshowtitle=\"false\" data-thumbshowimage=\"true\" data-thumbshadow=\"true\" data-lightboxshowtitle=\"true\" data-lightboxshowdescription=\"true\" data-specifyid=\"true\" data-donotinit=\"false\" data-addinitscript=\"false\" data-triggerresize=\"false\" data-thumbcolumnsresponsive=\"false\" data-thumbverticalmiddle=\"true\" data-removeinlinecss=\"true\" data-switchonmouseover=\"false\" data-showcategory=\"true\" data-carouselpagination=\"false\" data-showimgtitle=\"false\" data-titlesmallscreen=\"false\" data-initsocial=\"true\" data-showsocial=\"false\" data-showemail=\"false\" data-showfacebook=\"true\" data-showtwitter=\"true\" data-showpinterest=\"true\" data-socialrotateeffect=\"true\" data-doshortcodeontext=\"false\" data-loop=\"0\" data-duration=\"1500\" data-slideduration=\"1000\" data-slideshowinterval=\"6000\" data-googleanalyticsaccount=\"\" data-ga4account=\"\" data-resizemode=\"fill\" data-imagetoolboxmode=\"mouseover\" data-effect=\"fade\" data-padding=\"12\" data-bgcolor=\"\" data-bgimage=\"\" data-thumbwidth=\"120\" data-thumbheight=\"60\" data-thumbgap=\"8\" data-thumbrowgap=\"16\" data-lightboxtextheight=\"72\" data-lightboxtitlecss=\"{color:#333333; font:bold 12px Arial,Helvetica,sans-serif; overflow:hidden; white-space:normal; line-height:18px;}\" data-lightboxdescriptioncss=\"{color:#333333; font:normal 12px Arial,Helvetica,sans-serif; overflow:hidden; white-space:normal; line-height:14px;}\" data-titlecss=\"{color:#ffffff; font-size:14px; font-family:Armata, sans-serif, Arial; overflow:hidden; text-align:left; padding:10px 0px 10px 10px; background:rgb(102, 102, 102) transparent; background:rgba(102, 102, 102, 0.6);}\" data-descriptioncss=\"{color:#ffffff; font-size:13px; font-family:Armata, sans-serif, Arial; overflow:hidden; text-align:left; padding:0px 0px 10px 10px; background:rgb(102, 102, 102) transparent; background:rgba(102, 102, 102, 0.6);}\" data-titleheight=\"72\" data-titlesmallscreenwidth=\"640\" data-titleheightsmallscreen=\"148\" data-socialmode=\"mouseover\" data-socialposition=\"position:absolute;top:8px;right:8px;\" data-socialpositionlightbox=\"position:absolute;top:8px;right:8px;\" data-socialdirection=\"horizontal\" data-socialbuttonsize=\"32\" data-socialbuttonfontsize=\"18\" data-defaultvideovolume=\"1\" data-thumbtitleheight=\"24\" data-thumbmediumtitleheight=\"48\" data-thumbsmalltitleheight=\"72\" data-categoryheight=\"48\" data-categorydefault=\"all\" data-triggerresizedelay=\"100\" data-thumbmediumsize=\"800\" data-thumbsmallsize=\"480\" data-thumbmediumwidth=\"64\" data-thumbmediumheight=\"64\" data-thumbsmallwidth=\"48\" data-thumbsmallheight=\"48\" data-imgtitle=\"title\" data-carouselpaginationrow=\"3\" data-categorystyle=\"dropdown\" data-categorylist=\"[{&quot;slug&quot;:&quot;all&quot;,&quot;caption&quot;:&quot;Show All&quot;}]\" data-jsfolder=\"https:\/\/jornaldasoficinas.com\/pt\/wp-content\/plugins\/wonderplugin-gallery\/engine\/\" style=\"display:none;\" ><a class=\"html5galleryimglink\" href=\"https:\/\/jornaldasoficinas.com\/pt\/wp-content\/uploads\/2022\/09\/Cla\u0301ssicos-Mercedes-Benz-desfilam-Norte-Portugal\/I_Passeio_Classicos_Soc_Com_C_Santos_01.jpg\" data-mediatype=1><img decoding=\"async\" class=\"html5galleryimg html5gallery-tn-image\" src=\"https:\/\/jornaldasoficinas.com\/pt\/wp-content\/uploads\/2022\/09\/Cla\u0301ssicos-Mercedes-Benz-desfilam-Norte-Portugal\/I_Passeio_Classicos_Soc_Com_C_Santos_01.jpg\" alt=\"\"><\/a><div class=\"html5gallery-info\"><\/div><a class=\"html5galleryimglink\" href=\"https:\/\/jornaldasoficinas.com\/pt\/wp-content\/uploads\/2022\/09\/Cla\u0301ssicos-Mercedes-Benz-desfilam-Norte-Portugal\/I_Passeio_Classicos_Soc_Com_C_Santos_02.jpg\" data-mediatype=1><img decoding=\"async\" class=\"html5galleryimg html5gallery-tn-image\" src=\"https:\/\/jornaldasoficinas.com\/pt\/wp-content\/uploads\/2022\/09\/Cla\u0301ssicos-Mercedes-Benz-desfilam-Norte-Portugal\/I_Passeio_Classicos_Soc_Com_C_Santos_02.jpg\" alt=\"\"><\/a><div class=\"html5gallery-info\"><\/div><a class=\"html5galleryimglink\" href=\"https:\/\/jornaldasoficinas.com\/pt\/wp-content\/uploads\/2022\/09\/Cla\u0301ssicos-Mercedes-Benz-desfilam-Norte-Portugal\/I_Passeio_Classicos_Soc_Com_C_Santos_03.jpg\" data-mediatype=1><img decoding=\"async\" class=\"html5galleryimg html5gallery-tn-image\" src=\"https:\/\/jornaldasoficinas.com\/pt\/wp-content\/uploads\/2022\/09\/Cla\u0301ssicos-Mercedes-Benz-desfilam-Norte-Portugal\/I_Passeio_Classicos_Soc_Com_C_Santos_03.jpg\" alt=\"\"><\/a><div class=\"html5gallery-info\"><\/div><a class=\"html5galleryimglink\" href=\"https:\/\/jornaldasoficinas.com\/pt\/wp-content\/uploads\/2022\/09\/Cla\u0301ssicos-Mercedes-Benz-desfilam-Norte-Portugal\/I_Passeio_Classicos_Soc_Com_C_Santos_04.jpg\" data-mediatype=1><img decoding=\"async\" class=\"html5galleryimg html5gallery-tn-image\" src=\"https:\/\/jornaldasoficinas.com\/pt\/wp-content\/uploads\/2022\/09\/Cla\u0301ssicos-Mercedes-Benz-desfilam-Norte-Portugal\/I_Passeio_Classicos_Soc_Com_C_Santos_04.jpg\" alt=\"\"><\/a><div class=\"html5gallery-info\"><\/div><a class=\"html5galleryimglink\" href=\"https:\/\/jornaldasoficinas.com\/pt\/wp-content\/uploads\/2022\/09\/Cla\u0301ssicos-Mercedes-Benz-desfilam-Norte-Portugal\/I_Passeio_Classicos_Soc_Com_C_Santos_06.jpeg\" data-mediatype=1><img decoding=\"async\" class=\"html5galleryimg html5gallery-tn-image\" src=\"https:\/\/jornaldasoficinas.com\/pt\/wp-content\/uploads\/2022\/09\/Cla\u0301ssicos-Mercedes-Benz-desfilam-Norte-Portugal\/I_Passeio_Classicos_Soc_Com_C_Santos_06.jpeg\" alt=\"\"><\/a><div class=\"html5gallery-info\"><\/div><a class=\"html5galleryimglink\" href=\"https:\/\/jornaldasoficinas.com\/pt\/wp-content\/uploads\/2022\/09\/Cla\u0301ssicos-Mercedes-Benz-desfilam-Norte-Portugal\/I_Passeio_Classicos_Soc_Com_C_Santos_07.jpg\" data-mediatype=1><img decoding=\"async\" class=\"html5galleryimg html5gallery-tn-image\" src=\"https:\/\/jornaldasoficinas.com\/pt\/wp-content\/uploads\/2022\/09\/Cla\u0301ssicos-Mercedes-Benz-desfilam-Norte-Portugal\/I_Passeio_Classicos_Soc_Com_C_Santos_07.jpg\" alt=\"\"><\/a><div class=\"html5gallery-info\"><\/div><\/div><\/div><script>function wondergallery_111_appendcss(csscode) {var head=document.head || document.getElementsByTagName(\"head\")[0];var style=document.createElement(\"style\");head.appendChild(style);style.type=\"text\/css\";if (style.styleSheet){style.styleSheet.cssText=csscode;} else {style.appendChild(document.createTextNode(csscode));}};wondergallery_111_appendcss(\"#wonderplugingallery-111 .html5gallery-cat-selection-111 { \tbox-sizing: border-box; \ttext-align: center; }  #wonderplugingallery-111 .html5gallery-cat-selection-111 select { \tbox-sizing: border-box; \tmargin: 4px auto; }\");<\/script>\n<p>&nbsp;<\/p>\n","protected":false},"excerpt":{"rendered":"<p>A primeira edi\u00e7\u00e3o do Passeio de&#8230;<\/p>\n","protected":false},"author":15,"featured_media":33312,"comment_status":"closed","ping_status":"closed","sticky":false,"template":"","format":"standard","meta":{"footnotes":""},"categories":[29],"tags":[2915],"class_list":["post-33301","post","type-post","status-publish","format-standard","has-post-thumbnail","hentry","category-empresas","tag-sociedade-comercial-c-santos"],"yoast_head":"<!-- This site is optimized with the Yoast SEO plugin v27.4 - https:\/\/yoast.com\/product\/yoast-seo-wordpress\/ -->\n<title>Cl\u00e1ssicos Mercedes-Benz desfilam pelo Norte de Portugal - Jornal das Oficinas<\/title>\n<meta name=\"robots\" content=\"index, follow, max-snippet:-1, max-image-preview:large, max-video-preview:-1\" \/>\n<link rel=\"canonical\" href=\"https:\/\/jornaldasoficinas.com\/pt\/classicos-mercedes-benz-desfilam-pelo-norte-de-portugal\/\" \/>\n<meta property=\"og:locale\" content=\"pt_PT\" \/>\n<meta property=\"og:type\" content=\"article\" \/>\n<meta property=\"og:title\" content=\"Cl\u00e1ssicos Mercedes-Benz desfilam pelo Norte de Portugal - Jornal das Oficinas\" \/>\n<meta property=\"og:description\" content=\"A primeira edi\u00e7\u00e3o do Passeio de...\" \/>\n<meta property=\"og:url\" content=\"https:\/\/jornaldasoficinas.com\/pt\/classicos-mercedes-benz-desfilam-pelo-norte-de-portugal\/\" \/>\n<meta property=\"og:site_name\" content=\"Jornal das Oficinas\" \/>\n<meta property=\"article:publisher\" content=\"https:\/\/www.facebook.com\/jornaloficinas\" \/>\n<meta property=\"article:published_time\" content=\"2022-09-30T12:00:11+00:00\" \/>\n<meta property=\"article:modified_time\" content=\"2023-07-19T14:45:17+00:00\" \/>\n<meta property=\"og:image\" content=\"https:\/\/jornaldasoficinas.com\/pt\/wp-content\/uploads\/2022\/09\/Cla\u0301ssicos-Mercedes-Benz-desfilam-pelo-Norte-de-Portugal.jpeg\" \/>\n\t<meta property=\"og:image:width\" content=\"1024\" \/>\n\t<meta property=\"og:image:height\" content=\"581\" \/>\n\t<meta property=\"og:image:type\" content=\"image\/jpeg\" \/>\n<meta name=\"author\" content=\"Reda\u00e7\u00e3o JO\" \/>\n<meta name=\"twitter:card\" content=\"summary_large_image\" \/>\n<meta name=\"twitter:creator\" content=\"@jornaloficinas\" \/>\n<meta name=\"twitter:site\" content=\"@jornaloficinas\" \/>\n<meta name=\"twitter:label1\" content=\"Escrito por\" \/>\n\t<meta name=\"twitter:data1\" content=\"Reda\u00e7\u00e3o JO\" \/>\n\t<meta name=\"twitter:label2\" content=\"Tempo estimado de leitura\" \/>\n\t<meta name=\"twitter:data2\" content=\"3 minutos\" \/>\n<script type=\"application\/ld+json\" class=\"yoast-schema-graph\">{\"@context\":\"https:\\\/\\\/schema.org\",\"@graph\":[{\"@type\":\"Article\",\"@id\":\"https:\\\/\\\/jornaldasoficinas.com\\\/pt\\\/classicos-mercedes-benz-desfilam-pelo-norte-de-portugal\\\/#article\",\"isPartOf\":{\"@id\":\"https:\\\/\\\/jornaldasoficinas.com\\\/pt\\\/classicos-mercedes-benz-desfilam-pelo-norte-de-portugal\\\/\"},\"author\":{\"name\":\"Reda\u00e7\u00e3o JO\",\"@id\":\"https:\\\/\\\/jornaldasoficinas.com\\\/pt\\\/#\\\/schema\\\/person\\\/a38eef5de2c41d9e7c9ac10141afddf3\"},\"headline\":\"Cl\u00e1ssicos Mercedes-Benz desfilam pelo Norte de Portugal\",\"datePublished\":\"2022-09-30T12:00:11+00:00\",\"dateModified\":\"2023-07-19T14:45:17+00:00\",\"mainEntityOfPage\":{\"@id\":\"https:\\\/\\\/jornaldasoficinas.com\\\/pt\\\/classicos-mercedes-benz-desfilam-pelo-norte-de-portugal\\\/\"},\"wordCount\":552,\"publisher\":{\"@id\":\"https:\\\/\\\/jornaldasoficinas.com\\\/pt\\\/#organization\"},\"image\":{\"@id\":\"https:\\\/\\\/jornaldasoficinas.com\\\/pt\\\/classicos-mercedes-benz-desfilam-pelo-norte-de-portugal\\\/#primaryimage\"},\"thumbnailUrl\":\"https:\\\/\\\/jornaldasoficinas.com\\\/pt\\\/wp-content\\\/uploads\\\/2022\\\/09\\\/Cla\u0301ssicos-Mercedes-Benz-desfilam-pelo-Norte-de-Portugal.jpeg\",\"keywords\":[\"Sociedade Comercial C. Santos\"],\"articleSection\":[\"Empresas\"],\"inLanguage\":\"pt-PT\"},{\"@type\":\"WebPage\",\"@id\":\"https:\\\/\\\/jornaldasoficinas.com\\\/pt\\\/classicos-mercedes-benz-desfilam-pelo-norte-de-portugal\\\/\",\"url\":\"https:\\\/\\\/jornaldasoficinas.com\\\/pt\\\/classicos-mercedes-benz-desfilam-pelo-norte-de-portugal\\\/\",\"name\":\"Cl\u00e1ssicos Mercedes-Benz desfilam pelo Norte de Portugal - Jornal das Oficinas\",\"isPartOf\":{\"@id\":\"https:\\\/\\\/jornaldasoficinas.com\\\/pt\\\/#website\"},\"primaryImageOfPage\":{\"@id\":\"https:\\\/\\\/jornaldasoficinas.com\\\/pt\\\/classicos-mercedes-benz-desfilam-pelo-norte-de-portugal\\\/#primaryimage\"},\"image\":{\"@id\":\"https:\\\/\\\/jornaldasoficinas.com\\\/pt\\\/classicos-mercedes-benz-desfilam-pelo-norte-de-portugal\\\/#primaryimage\"},\"thumbnailUrl\":\"https:\\\/\\\/jornaldasoficinas.com\\\/pt\\\/wp-content\\\/uploads\\\/2022\\\/09\\\/Cla\u0301ssicos-Mercedes-Benz-desfilam-pelo-Norte-de-Portugal.jpeg\",\"datePublished\":\"2022-09-30T12:00:11+00:00\",\"dateModified\":\"2023-07-19T14:45:17+00:00\",\"breadcrumb\":{\"@id\":\"https:\\\/\\\/jornaldasoficinas.com\\\/pt\\\/classicos-mercedes-benz-desfilam-pelo-norte-de-portugal\\\/#breadcrumb\"},\"inLanguage\":\"pt-PT\",\"potentialAction\":[{\"@type\":\"ReadAction\",\"target\":[\"https:\\\/\\\/jornaldasoficinas.com\\\/pt\\\/classicos-mercedes-benz-desfilam-pelo-norte-de-portugal\\\/\"]}]},{\"@type\":\"ImageObject\",\"inLanguage\":\"pt-PT\",\"@id\":\"https:\\\/\\\/jornaldasoficinas.com\\\/pt\\\/classicos-mercedes-benz-desfilam-pelo-norte-de-portugal\\\/#primaryimage\",\"url\":\"https:\\\/\\\/jornaldasoficinas.com\\\/pt\\\/wp-content\\\/uploads\\\/2022\\\/09\\\/Cla\u0301ssicos-Mercedes-Benz-desfilam-pelo-Norte-de-Portugal.jpeg\",\"contentUrl\":\"https:\\\/\\\/jornaldasoficinas.com\\\/pt\\\/wp-content\\\/uploads\\\/2022\\\/09\\\/Cla\u0301ssicos-Mercedes-Benz-desfilam-pelo-Norte-de-Portugal.jpeg\",\"width\":1024,\"height\":581,\"caption\":\"09 - Cla\u0301ssicos Mercedes Benz desfilam pelo Norte de Portugal\"},{\"@type\":\"BreadcrumbList\",\"@id\":\"https:\\\/\\\/jornaldasoficinas.com\\\/pt\\\/classicos-mercedes-benz-desfilam-pelo-norte-de-portugal\\\/#breadcrumb\",\"itemListElement\":[{\"@type\":\"ListItem\",\"position\":1,\"name\":\"In\u00edcio\",\"item\":\"https:\\\/\\\/jornaldasoficinas.com\\\/pt\\\/\"},{\"@type\":\"ListItem\",\"position\":2,\"name\":\"Cl\u00e1ssicos Mercedes-Benz desfilam pelo Norte de Portugal\"}]},{\"@type\":\"WebSite\",\"@id\":\"https:\\\/\\\/jornaldasoficinas.com\\\/pt\\\/#website\",\"url\":\"https:\\\/\\\/jornaldasoficinas.com\\\/pt\\\/\",\"name\":\"Jornal das Oficinas\",\"description\":\"Jornal independente do Aftermarket Autom\u00f3vel em Portugal\",\"publisher\":{\"@id\":\"https:\\\/\\\/jornaldasoficinas.com\\\/pt\\\/#organization\"},\"potentialAction\":[{\"@type\":\"SearchAction\",\"target\":{\"@type\":\"EntryPoint\",\"urlTemplate\":\"https:\\\/\\\/jornaldasoficinas.com\\\/pt\\\/?s={search_term_string}\"},\"query-input\":{\"@type\":\"PropertyValueSpecification\",\"valueRequired\":true,\"valueName\":\"search_term_string\"}}],\"inLanguage\":\"pt-PT\"},{\"@type\":\"Organization\",\"@id\":\"https:\\\/\\\/jornaldasoficinas.com\\\/pt\\\/#organization\",\"name\":\"Jornal das Oficinas\",\"url\":\"https:\\\/\\\/jornaldasoficinas.com\\\/pt\\\/\",\"logo\":{\"@type\":\"ImageObject\",\"inLanguage\":\"pt-PT\",\"@id\":\"https:\\\/\\\/jornaldasoficinas.com\\\/pt\\\/#\\\/schema\\\/logo\\\/image\\\/\",\"url\":\"https:\\\/\\\/jornaldasoficinas.com\\\/pt\\\/wp-content\\\/uploads\\\/logoJO-SEO.png\",\"contentUrl\":\"https:\\\/\\\/jornaldasoficinas.com\\\/pt\\\/wp-content\\\/uploads\\\/logoJO-SEO.png\",\"width\":285,\"height\":450,\"caption\":\"Jornal das Oficinas\"},\"image\":{\"@id\":\"https:\\\/\\\/jornaldasoficinas.com\\\/pt\\\/#\\\/schema\\\/logo\\\/image\\\/\"},\"sameAs\":[\"https:\\\/\\\/www.facebook.com\\\/jornaloficinas\",\"https:\\\/\\\/x.com\\\/jornaloficinas\",\"https:\\\/\\\/www.instagram.com\\\/jornal_oficinas\\\/\",\"https:\\\/\\\/www.linkedin.com\\\/company\\\/jornal-das-oficinas\\\/\",\"https:\\\/\\\/www.youtube.com\\\/channel\\\/UCbQZBqtcvV-oSQrr7RzINGg\"]},{\"@type\":\"Person\",\"@id\":\"https:\\\/\\\/jornaldasoficinas.com\\\/pt\\\/#\\\/schema\\\/person\\\/a38eef5de2c41d9e7c9ac10141afddf3\",\"name\":\"Reda\u00e7\u00e3o JO\",\"image\":{\"@type\":\"ImageObject\",\"inLanguage\":\"pt-PT\",\"@id\":\"https:\\\/\\\/secure.gravatar.com\\\/avatar\\\/71f2fa71737ad68a84fea94bc708ddac8ea5b0c4788dc2ad202f3ccb2887742f?s=96&d=wp_user_avatar&r=g\",\"url\":\"https:\\\/\\\/secure.gravatar.com\\\/avatar\\\/71f2fa71737ad68a84fea94bc708ddac8ea5b0c4788dc2ad202f3ccb2887742f?s=96&d=wp_user_avatar&r=g\",\"contentUrl\":\"https:\\\/\\\/secure.gravatar.com\\\/avatar\\\/71f2fa71737ad68a84fea94bc708ddac8ea5b0c4788dc2ad202f3ccb2887742f?s=96&d=wp_user_avatar&r=g\",\"caption\":\"Reda\u00e7\u00e3o JO\"},\"url\":\"https:\\\/\\\/jornaldasoficinas.com\\\/pt\\\/author\\\/joredacao\\\/\"}]}<\/script>\n<!-- \/ Yoast SEO plugin. -->","yoast_head_json":{"title":"Cl\u00e1ssicos Mercedes-Benz desfilam pelo Norte de Portugal - Jornal das Oficinas","robots":{"index":"index","follow":"follow","max-snippet":"max-snippet:-1","max-image-preview":"max-image-preview:large","max-video-preview":"max-video-preview:-1"},"canonical":"https:\/\/jornaldasoficinas.com\/pt\/classicos-mercedes-benz-desfilam-pelo-norte-de-portugal\/","og_locale":"pt_PT","og_type":"article","og_title":"Cl\u00e1ssicos Mercedes-Benz desfilam pelo Norte de Portugal - Jornal das Oficinas","og_description":"A primeira edi\u00e7\u00e3o do Passeio de...","og_url":"https:\/\/jornaldasoficinas.com\/pt\/classicos-mercedes-benz-desfilam-pelo-norte-de-portugal\/","og_site_name":"Jornal das Oficinas","article_publisher":"https:\/\/www.facebook.com\/jornaloficinas","article_published_time":"2022-09-30T12:00:11+00:00","article_modified_time":"2023-07-19T14:45:17+00:00","og_image":[{"width":1024,"height":581,"url":"https:\/\/jornaldasoficinas.com\/pt\/wp-content\/uploads\/2022\/09\/Cla\u0301ssicos-Mercedes-Benz-desfilam-pelo-Norte-de-Portugal.jpeg","type":"image\/jpeg"}],"author":"Reda\u00e7\u00e3o JO","twitter_card":"summary_large_image","twitter_creator":"@jornaloficinas","twitter_site":"@jornaloficinas","twitter_misc":{"Escrito por":"Reda\u00e7\u00e3o JO","Tempo estimado de leitura":"3 minutos"},"schema":{"@context":"https:\/\/schema.org","@graph":[{"@type":"Article","@id":"https:\/\/jornaldasoficinas.com\/pt\/classicos-mercedes-benz-desfilam-pelo-norte-de-portugal\/#article","isPartOf":{"@id":"https:\/\/jornaldasoficinas.com\/pt\/classicos-mercedes-benz-desfilam-pelo-norte-de-portugal\/"},"author":{"name":"Reda\u00e7\u00e3o JO","@id":"https:\/\/jornaldasoficinas.com\/pt\/#\/schema\/person\/a38eef5de2c41d9e7c9ac10141afddf3"},"headline":"Cl\u00e1ssicos Mercedes-Benz desfilam pelo Norte de Portugal","datePublished":"2022-09-30T12:00:11+00:00","dateModified":"2023-07-19T14:45:17+00:00","mainEntityOfPage":{"@id":"https:\/\/jornaldasoficinas.com\/pt\/classicos-mercedes-benz-desfilam-pelo-norte-de-portugal\/"},"wordCount":552,"publisher":{"@id":"https:\/\/jornaldasoficinas.com\/pt\/#organization"},"image":{"@id":"https:\/\/jornaldasoficinas.com\/pt\/classicos-mercedes-benz-desfilam-pelo-norte-de-portugal\/#primaryimage"},"thumbnailUrl":"https:\/\/jornaldasoficinas.com\/pt\/wp-content\/uploads\/2022\/09\/Cla\u0301ssicos-Mercedes-Benz-desfilam-pelo-Norte-de-Portugal.jpeg","keywords":["Sociedade Comercial C. Santos"],"articleSection":["Empresas"],"inLanguage":"pt-PT"},{"@type":"WebPage","@id":"https:\/\/jornaldasoficinas.com\/pt\/classicos-mercedes-benz-desfilam-pelo-norte-de-portugal\/","url":"https:\/\/jornaldasoficinas.com\/pt\/classicos-mercedes-benz-desfilam-pelo-norte-de-portugal\/","name":"Cl\u00e1ssicos Mercedes-Benz desfilam pelo Norte de Portugal - Jornal das Oficinas","isPartOf":{"@id":"https:\/\/jornaldasoficinas.com\/pt\/#website"},"primaryImageOfPage":{"@id":"https:\/\/jornaldasoficinas.com\/pt\/classicos-mercedes-benz-desfilam-pelo-norte-de-portugal\/#primaryimage"},"image":{"@id":"https:\/\/jornaldasoficinas.com\/pt\/classicos-mercedes-benz-desfilam-pelo-norte-de-portugal\/#primaryimage"},"thumbnailUrl":"https:\/\/jornaldasoficinas.com\/pt\/wp-content\/uploads\/2022\/09\/Cla\u0301ssicos-Mercedes-Benz-desfilam-pelo-Norte-de-Portugal.jpeg","datePublished":"2022-09-30T12:00:11+00:00","dateModified":"2023-07-19T14:45:17+00:00","breadcrumb":{"@id":"https:\/\/jornaldasoficinas.com\/pt\/classicos-mercedes-benz-desfilam-pelo-norte-de-portugal\/#breadcrumb"},"inLanguage":"pt-PT","potentialAction":[{"@type":"ReadAction","target":["https:\/\/jornaldasoficinas.com\/pt\/classicos-mercedes-benz-desfilam-pelo-norte-de-portugal\/"]}]},{"@type":"ImageObject","inLanguage":"pt-PT","@id":"https:\/\/jornaldasoficinas.com\/pt\/classicos-mercedes-benz-desfilam-pelo-norte-de-portugal\/#primaryimage","url":"https:\/\/jornaldasoficinas.com\/pt\/wp-content\/uploads\/2022\/09\/Cla\u0301ssicos-Mercedes-Benz-desfilam-pelo-Norte-de-Portugal.jpeg","contentUrl":"https:\/\/jornaldasoficinas.com\/pt\/wp-content\/uploads\/2022\/09\/Cla\u0301ssicos-Mercedes-Benz-desfilam-pelo-Norte-de-Portugal.jpeg","width":1024,"height":581,"caption":"09 - Cla\u0301ssicos Mercedes Benz desfilam pelo Norte de Portugal"},{"@type":"BreadcrumbList","@id":"https:\/\/jornaldasoficinas.com\/pt\/classicos-mercedes-benz-desfilam-pelo-norte-de-portugal\/#breadcrumb","itemListElement":[{"@type":"ListItem","position":1,"name":"In\u00edcio","item":"https:\/\/jornaldasoficinas.com\/pt\/"},{"@type":"ListItem","position":2,"name":"Cl\u00e1ssicos Mercedes-Benz desfilam pelo Norte de Portugal"}]},{"@type":"WebSite","@id":"https:\/\/jornaldasoficinas.com\/pt\/#website","url":"https:\/\/jornaldasoficinas.com\/pt\/","name":"Jornal das Oficinas","description":"Jornal independente do Aftermarket Autom\u00f3vel em Portugal","publisher":{"@id":"https:\/\/jornaldasoficinas.com\/pt\/#organization"},"potentialAction":[{"@type":"SearchAction","target":{"@type":"EntryPoint","urlTemplate":"https:\/\/jornaldasoficinas.com\/pt\/?s={search_term_string}"},"query-input":{"@type":"PropertyValueSpecification","valueRequired":true,"valueName":"search_term_string"}}],"inLanguage":"pt-PT"},{"@type":"Organization","@id":"https:\/\/jornaldasoficinas.com\/pt\/#organization","name":"Jornal das Oficinas","url":"https:\/\/jornaldasoficinas.com\/pt\/","logo":{"@type":"ImageObject","inLanguage":"pt-PT","@id":"https:\/\/jornaldasoficinas.com\/pt\/#\/schema\/logo\/image\/","url":"https:\/\/jornaldasoficinas.com\/pt\/wp-content\/uploads\/logoJO-SEO.png","contentUrl":"https:\/\/jornaldasoficinas.com\/pt\/wp-content\/uploads\/logoJO-SEO.png","width":285,"height":450,"caption":"Jornal das Oficinas"},"image":{"@id":"https:\/\/jornaldasoficinas.com\/pt\/#\/schema\/logo\/image\/"},"sameAs":["https:\/\/www.facebook.com\/jornaloficinas","https:\/\/x.com\/jornaloficinas","https:\/\/www.instagram.com\/jornal_oficinas\/","https:\/\/www.linkedin.com\/company\/jornal-das-oficinas\/","https:\/\/www.youtube.com\/channel\/UCbQZBqtcvV-oSQrr7RzINGg"]},{"@type":"Person","@id":"https:\/\/jornaldasoficinas.com\/pt\/#\/schema\/person\/a38eef5de2c41d9e7c9ac10141afddf3","name":"Reda\u00e7\u00e3o JO","image":{"@type":"ImageObject","inLanguage":"pt-PT","@id":"https:\/\/secure.gravatar.com\/avatar\/71f2fa71737ad68a84fea94bc708ddac8ea5b0c4788dc2ad202f3ccb2887742f?s=96&d=wp_user_avatar&r=g","url":"https:\/\/secure.gravatar.com\/avatar\/71f2fa71737ad68a84fea94bc708ddac8ea5b0c4788dc2ad202f3ccb2887742f?s=96&d=wp_user_avatar&r=g","contentUrl":"https:\/\/secure.gravatar.com\/avatar\/71f2fa71737ad68a84fea94bc708ddac8ea5b0c4788dc2ad202f3ccb2887742f?s=96&d=wp_user_avatar&r=g","caption":"Reda\u00e7\u00e3o JO"},"url":"https:\/\/jornaldasoficinas.com\/pt\/author\/joredacao\/"}]}},"_links":{"self":[{"href":"https:\/\/jornaldasoficinas.com\/pt\/wp-json\/wp\/v2\/posts\/33301","targetHints":{"allow":["GET"]}}],"collection":[{"href":"https:\/\/jornaldasoficinas.com\/pt\/wp-json\/wp\/v2\/posts"}],"about":[{"href":"https:\/\/jornaldasoficinas.com\/pt\/wp-json\/wp\/v2\/types\/post"}],"author":[{"embeddable":true,"href":"https:\/\/jornaldasoficinas.com\/pt\/wp-json\/wp\/v2\/users\/15"}],"replies":[{"embeddable":true,"href":"https:\/\/jornaldasoficinas.com\/pt\/wp-json\/wp\/v2\/comments?post=33301"}],"version-history":[{"count":0,"href":"https:\/\/jornaldasoficinas.com\/pt\/wp-json\/wp\/v2\/posts\/33301\/revisions"}],"wp:featuredmedia":[{"embeddable":true,"href":"https:\/\/jornaldasoficinas.com\/pt\/wp-json\/wp\/v2\/media\/33312"}],"wp:attachment":[{"href":"https:\/\/jornaldasoficinas.com\/pt\/wp-json\/wp\/v2\/media?parent=33301"}],"wp:term":[{"taxonomy":"category","embeddable":true,"href":"https:\/\/jornaldasoficinas.com\/pt\/wp-json\/wp\/v2\/categories?post=33301"},{"taxonomy":"post_tag","embeddable":true,"href":"https:\/\/jornaldasoficinas.com\/pt\/wp-json\/wp\/v2\/tags?post=33301"}],"curies":[{"name":"wp","href":"https:\/\/api.w.org\/{rel}","templated":true}]}}