{"id":33319,"date":"2022-09-30T17:00:18","date_gmt":"2022-09-30T16:00:18","guid":{"rendered":"https:\/\/jornaldasoficinas.com\/pt\/?p=33319"},"modified":"2022-09-30T13:04:39","modified_gmt":"2022-09-30T12:04:39","slug":"inovacao-verde-para-industria-automovel-com-investimento-de-e62-milhoes","status":"publish","type":"post","link":"https:\/\/jornaldasoficinas.com\/pt\/inovacao-verde-para-industria-automovel-com-investimento-de-e62-milhoes\/","title":{"rendered":"Inova\u00e7\u00e3o Verde para Ind\u00fastria Autom\u00f3vel com investimento de \u20ac6,2 milh\u00f5es"},"content":{"rendered":"<p><strong><img loading=\"lazy\" decoding=\"async\" class=\"alignnone size-full wp-image-33313\" src=\"https:\/\/jornaldasoficinas.com\/pt\/wp-content\/uploads\/2022\/09\/Inovac\u0327a\u0303o-Verde-para-Indu\u0301stria-Automo\u0301vel-com-investimento-de-E62-milho\u0303es.jpg\" alt=\"09 - Inovac\u0327a\u0303o Verde para Indu\u0301stria Automo\u0301vel com investimento de E62 milho\u0303es\" width=\"1024\" height=\"581\" srcset=\"https:\/\/jornaldasoficinas.com\/pt\/wp-content\/uploads\/2022\/09\/Inovac\u0327a\u0303o-Verde-para-Indu\u0301stria-Automo\u0301vel-com-investimento-de-E62-milho\u0303es.jpg 1024w, https:\/\/jornaldasoficinas.com\/pt\/wp-content\/uploads\/2022\/09\/Inovac\u0327a\u0303o-Verde-para-Indu\u0301stria-Automo\u0301vel-com-investimento-de-E62-milho\u0303es-300x170.jpg 300w, https:\/\/jornaldasoficinas.com\/pt\/wp-content\/uploads\/2022\/09\/Inovac\u0327a\u0303o-Verde-para-Indu\u0301stria-Automo\u0301vel-com-investimento-de-E62-milho\u0303es-150x85.jpg 150w, https:\/\/jornaldasoficinas.com\/pt\/wp-content\/uploads\/2022\/09\/Inovac\u0327a\u0303o-Verde-para-Indu\u0301stria-Automo\u0301vel-com-investimento-de-E62-milho\u0303es-768x436.jpg 768w\" sizes=\"auto, (max-width: 1024px) 100vw, 1024px\" \/><\/strong><\/p>\n<p><strong>J\u00e1 foi assinado o segundo lote das Agendas Mobilizadoras e Agendas Verdes para a inova\u00e7\u00e3o empresarial. As Agendas s\u00e3o parte da Componente C5 \u2013 Capitaliza\u00e7\u00e3o e Inova\u00e7\u00e3o Empresarial \u2013 da Dimens\u00e3o Resili\u00eancia do PRR &#8211; Plano de Recupera\u00e7\u00e3o e Resili\u00eancia, e pretendem acelerar a transforma\u00e7\u00e3o estrutural da economia portuguesa com base em I&amp;D+i e na diversifica\u00e7\u00e3o e especializa\u00e7\u00e3o da estrutura produtiva<\/strong><\/p>\n<p>O ISQ&amp;CTAG integra dois cons\u00f3rcios, como Laborat\u00f3rio de Valida\u00e7\u00e3o e Engenharia de Processo, nas Agendas \u201cGreen Auto: Green Innovation for the Automotive Industry\u201d, liderada pela f\u00e1brica de Mangualde do Grupo Stellantis e \u201cNGS &#8211; New Generation Storage\u201d, liderada pela DST Solar. Na totalidade das duas Agendas, o ISQ&amp;CTAG \u00e9 respons\u00e1vel pela execu\u00e7\u00e3o de cerca de 6,2 Milh\u00f5es de Euros de investimento.<\/p>\n<p>A responsabilidade que o ISQ&amp;CTAG assume ao n\u00edvel do investimento retrata bem o compromisso da empresa em apoiar a transi\u00e7\u00e3o ecol\u00f3gica e energ\u00e9tica, a transforma\u00e7\u00e3o digital e o crescimento inteligente, sustent\u00e1vel e inclusivo da economia portuguesa, atrav\u00e9s dos paradigmas dos ve\u00edculos verdes e f\u00e1bricas verdes.<\/p>\n<p>Como \u00fanica PME do concelho de Mon\u00e7\u00e3o a participar nesta iniciativa do PRR, o ISQ&amp; CTAG reitera mais uma vez o seu papel de apoio \u00e0 regi\u00e3o, destacando-se como um dos motores empresariais da economia regional e na capta\u00e7\u00e3o de recursos humanos qualificados, atrav\u00e9s de uma oferta de servi\u00e7os altamente especializados e adaptados \u00e0s necessidades \u00fanicas de cada Cliente.<\/p>\n<p>Andr\u00e9 Mendes, CEO do ISQCTAG referiu que \u201ca participa\u00e7\u00e3o nas Agendas Mobilizadoras, demonstra o empenho e compromisso da empresa em suportar e promover solu\u00e7\u00f5es inovadoras e tecnicamente avan\u00e7adas para a Ind\u00fastria Autom\u00f3vel. As Agendas s\u00e3o tamb\u00e9m um instrumento essencial para consolidar a estrat\u00e9gia de crescimento da empresa nas \u00e1reas tem\u00e1ticas core do ISQ&amp; CTAG atrav\u00e9s do incremento das suas atividades de I&amp; D+i\u201d.<\/p>\n","protected":false},"excerpt":{"rendered":"<p>J\u00e1 foi assinado o segundo lote&#8230;<\/p>\n","protected":false},"author":15,"featured_media":33313,"comment_status":"closed","ping_status":"closed","sticky":false,"template":"","format":"standard","meta":{"footnotes":""},"categories":[37],"tags":[],"class_list":["post-33319","post","type-post","status-publish","format-standard","has-post-thumbnail","hentry","category-mercado"],"yoast_head":"<!-- This site is optimized with the Yoast SEO plugin v27.4 - https:\/\/yoast.com\/product\/yoast-seo-wordpress\/ -->\n<title>Inova\u00e7\u00e3o Verde para Ind\u00fastria Autom\u00f3vel com investimento de \u20ac6,2 milh\u00f5es - Jornal das Oficinas<\/title>\n<meta name=\"robots\" content=\"index, follow, max-snippet:-1, max-image-preview:large, max-video-preview:-1\" \/>\n<link rel=\"canonical\" href=\"https:\/\/jornaldasoficinas.com\/pt\/inovacao-verde-para-industria-automovel-com-investimento-de-e62-milhoes\/\" \/>\n<meta property=\"og:locale\" content=\"pt_PT\" \/>\n<meta property=\"og:type\" content=\"article\" \/>\n<meta property=\"og:title\" content=\"Inova\u00e7\u00e3o Verde para Ind\u00fastria Autom\u00f3vel com investimento de \u20ac6,2 milh\u00f5es - Jornal das Oficinas\" \/>\n<meta property=\"og:description\" content=\"J\u00e1 foi assinado o segundo lote...\" \/>\n<meta property=\"og:url\" content=\"https:\/\/jornaldasoficinas.com\/pt\/inovacao-verde-para-industria-automovel-com-investimento-de-e62-milhoes\/\" \/>\n<meta property=\"og:site_name\" content=\"Jornal das Oficinas\" \/>\n<meta property=\"article:publisher\" content=\"https:\/\/www.facebook.com\/jornaloficinas\" \/>\n<meta property=\"article:published_time\" content=\"2022-09-30T16:00:18+00:00\" \/>\n<meta property=\"og:image\" content=\"https:\/\/jornaldasoficinas.com\/pt\/wp-content\/uploads\/2022\/09\/Inovac\u0327a\u0303o-Verde-para-Indu\u0301stria-Automo\u0301vel-com-investimento-de-E62-milho\u0303es.jpg\" \/>\n\t<meta property=\"og:image:width\" content=\"1024\" \/>\n\t<meta property=\"og:image:height\" content=\"581\" \/>\n\t<meta property=\"og:image:type\" content=\"image\/jpeg\" \/>\n<meta name=\"author\" content=\"Reda\u00e7\u00e3o JO\" \/>\n<meta name=\"twitter:card\" content=\"summary_large_image\" \/>\n<meta name=\"twitter:creator\" content=\"@jornaloficinas\" \/>\n<meta name=\"twitter:site\" content=\"@jornaloficinas\" \/>\n<meta name=\"twitter:label1\" content=\"Escrito por\" \/>\n\t<meta name=\"twitter:data1\" content=\"Reda\u00e7\u00e3o JO\" \/>\n\t<meta name=\"twitter:label2\" content=\"Tempo estimado de leitura\" \/>\n\t<meta name=\"twitter:data2\" content=\"2 minutos\" \/>\n<script type=\"application\/ld+json\" class=\"yoast-schema-graph\">{\"@context\":\"https:\\\/\\\/schema.org\",\"@graph\":[{\"@type\":\"Article\",\"@id\":\"https:\\\/\\\/jornaldasoficinas.com\\\/pt\\\/inovacao-verde-para-industria-automovel-com-investimento-de-e62-milhoes\\\/#article\",\"isPartOf\":{\"@id\":\"https:\\\/\\\/jornaldasoficinas.com\\\/pt\\\/inovacao-verde-para-industria-automovel-com-investimento-de-e62-milhoes\\\/\"},\"author\":{\"name\":\"Reda\u00e7\u00e3o JO\",\"@id\":\"https:\\\/\\\/jornaldasoficinas.com\\\/pt\\\/#\\\/schema\\\/person\\\/a38eef5de2c41d9e7c9ac10141afddf3\"},\"headline\":\"Inova\u00e7\u00e3o Verde para Ind\u00fastria Autom\u00f3vel com investimento de \u20ac6,2 milh\u00f5es\",\"datePublished\":\"2022-09-30T16:00:18+00:00\",\"mainEntityOfPage\":{\"@id\":\"https:\\\/\\\/jornaldasoficinas.com\\\/pt\\\/inovacao-verde-para-industria-automovel-com-investimento-de-e62-milhoes\\\/\"},\"wordCount\":352,\"publisher\":{\"@id\":\"https:\\\/\\\/jornaldasoficinas.com\\\/pt\\\/#organization\"},\"image\":{\"@id\":\"https:\\\/\\\/jornaldasoficinas.com\\\/pt\\\/inovacao-verde-para-industria-automovel-com-investimento-de-e62-milhoes\\\/#primaryimage\"},\"thumbnailUrl\":\"https:\\\/\\\/jornaldasoficinas.com\\\/pt\\\/wp-content\\\/uploads\\\/2022\\\/09\\\/Inovac\u0327a\u0303o-Verde-para-Indu\u0301stria-Automo\u0301vel-com-investimento-de-E62-milho\u0303es.jpg\",\"articleSection\":[\"Mercado\"],\"inLanguage\":\"pt-PT\"},{\"@type\":\"WebPage\",\"@id\":\"https:\\\/\\\/jornaldasoficinas.com\\\/pt\\\/inovacao-verde-para-industria-automovel-com-investimento-de-e62-milhoes\\\/\",\"url\":\"https:\\\/\\\/jornaldasoficinas.com\\\/pt\\\/inovacao-verde-para-industria-automovel-com-investimento-de-e62-milhoes\\\/\",\"name\":\"Inova\u00e7\u00e3o Verde para Ind\u00fastria Autom\u00f3vel com investimento de \u20ac6,2 milh\u00f5es - Jornal das Oficinas\",\"isPartOf\":{\"@id\":\"https:\\\/\\\/jornaldasoficinas.com\\\/pt\\\/#website\"},\"primaryImageOfPage\":{\"@id\":\"https:\\\/\\\/jornaldasoficinas.com\\\/pt\\\/inovacao-verde-para-industria-automovel-com-investimento-de-e62-milhoes\\\/#primaryimage\"},\"image\":{\"@id\":\"https:\\\/\\\/jornaldasoficinas.com\\\/pt\\\/inovacao-verde-para-industria-automovel-com-investimento-de-e62-milhoes\\\/#primaryimage\"},\"thumbnailUrl\":\"https:\\\/\\\/jornaldasoficinas.com\\\/pt\\\/wp-content\\\/uploads\\\/2022\\\/09\\\/Inovac\u0327a\u0303o-Verde-para-Indu\u0301stria-Automo\u0301vel-com-investimento-de-E62-milho\u0303es.jpg\",\"datePublished\":\"2022-09-30T16:00:18+00:00\",\"breadcrumb\":{\"@id\":\"https:\\\/\\\/jornaldasoficinas.com\\\/pt\\\/inovacao-verde-para-industria-automovel-com-investimento-de-e62-milhoes\\\/#breadcrumb\"},\"inLanguage\":\"pt-PT\",\"potentialAction\":[{\"@type\":\"ReadAction\",\"target\":[\"https:\\\/\\\/jornaldasoficinas.com\\\/pt\\\/inovacao-verde-para-industria-automovel-com-investimento-de-e62-milhoes\\\/\"]}]},{\"@type\":\"ImageObject\",\"inLanguage\":\"pt-PT\",\"@id\":\"https:\\\/\\\/jornaldasoficinas.com\\\/pt\\\/inovacao-verde-para-industria-automovel-com-investimento-de-e62-milhoes\\\/#primaryimage\",\"url\":\"https:\\\/\\\/jornaldasoficinas.com\\\/pt\\\/wp-content\\\/uploads\\\/2022\\\/09\\\/Inovac\u0327a\u0303o-Verde-para-Indu\u0301stria-Automo\u0301vel-com-investimento-de-E62-milho\u0303es.jpg\",\"contentUrl\":\"https:\\\/\\\/jornaldasoficinas.com\\\/pt\\\/wp-content\\\/uploads\\\/2022\\\/09\\\/Inovac\u0327a\u0303o-Verde-para-Indu\u0301stria-Automo\u0301vel-com-investimento-de-E62-milho\u0303es.jpg\",\"width\":1024,\"height\":581,\"caption\":\"09 - Inovac\u0327a\u0303o Verde para Indu\u0301stria Automo\u0301vel com investimento de E62 milho\u0303es\"},{\"@type\":\"BreadcrumbList\",\"@id\":\"https:\\\/\\\/jornaldasoficinas.com\\\/pt\\\/inovacao-verde-para-industria-automovel-com-investimento-de-e62-milhoes\\\/#breadcrumb\",\"itemListElement\":[{\"@type\":\"ListItem\",\"position\":1,\"name\":\"In\u00edcio\",\"item\":\"https:\\\/\\\/jornaldasoficinas.com\\\/pt\\\/\"},{\"@type\":\"ListItem\",\"position\":2,\"name\":\"Inova\u00e7\u00e3o Verde para Ind\u00fastria Autom\u00f3vel com investimento de \u20ac6,2 milh\u00f5es\"}]},{\"@type\":\"WebSite\",\"@id\":\"https:\\\/\\\/jornaldasoficinas.com\\\/pt\\\/#website\",\"url\":\"https:\\\/\\\/jornaldasoficinas.com\\\/pt\\\/\",\"name\":\"Jornal das Oficinas\",\"description\":\"Jornal independente do Aftermarket Autom\u00f3vel em Portugal\",\"publisher\":{\"@id\":\"https:\\\/\\\/jornaldasoficinas.com\\\/pt\\\/#organization\"},\"potentialAction\":[{\"@type\":\"SearchAction\",\"target\":{\"@type\":\"EntryPoint\",\"urlTemplate\":\"https:\\\/\\\/jornaldasoficinas.com\\\/pt\\\/?s={search_term_string}\"},\"query-input\":{\"@type\":\"PropertyValueSpecification\",\"valueRequired\":true,\"valueName\":\"search_term_string\"}}],\"inLanguage\":\"pt-PT\"},{\"@type\":\"Organization\",\"@id\":\"https:\\\/\\\/jornaldasoficinas.com\\\/pt\\\/#organization\",\"name\":\"Jornal das Oficinas\",\"url\":\"https:\\\/\\\/jornaldasoficinas.com\\\/pt\\\/\",\"logo\":{\"@type\":\"ImageObject\",\"inLanguage\":\"pt-PT\",\"@id\":\"https:\\\/\\\/jornaldasoficinas.com\\\/pt\\\/#\\\/schema\\\/logo\\\/image\\\/\",\"url\":\"https:\\\/\\\/jornaldasoficinas.com\\\/pt\\\/wp-content\\\/uploads\\\/logoJO-SEO.png\",\"contentUrl\":\"https:\\\/\\\/jornaldasoficinas.com\\\/pt\\\/wp-content\\\/uploads\\\/logoJO-SEO.png\",\"width\":285,\"height\":450,\"caption\":\"Jornal das Oficinas\"},\"image\":{\"@id\":\"https:\\\/\\\/jornaldasoficinas.com\\\/pt\\\/#\\\/schema\\\/logo\\\/image\\\/\"},\"sameAs\":[\"https:\\\/\\\/www.facebook.com\\\/jornaloficinas\",\"https:\\\/\\\/x.com\\\/jornaloficinas\",\"https:\\\/\\\/www.instagram.com\\\/jornal_oficinas\\\/\",\"https:\\\/\\\/www.linkedin.com\\\/company\\\/jornal-das-oficinas\\\/\",\"https:\\\/\\\/www.youtube.com\\\/channel\\\/UCbQZBqtcvV-oSQrr7RzINGg\"]},{\"@type\":\"Person\",\"@id\":\"https:\\\/\\\/jornaldasoficinas.com\\\/pt\\\/#\\\/schema\\\/person\\\/a38eef5de2c41d9e7c9ac10141afddf3\",\"name\":\"Reda\u00e7\u00e3o JO\",\"image\":{\"@type\":\"ImageObject\",\"inLanguage\":\"pt-PT\",\"@id\":\"https:\\\/\\\/secure.gravatar.com\\\/avatar\\\/71f2fa71737ad68a84fea94bc708ddac8ea5b0c4788dc2ad202f3ccb2887742f?s=96&d=wp_user_avatar&r=g\",\"url\":\"https:\\\/\\\/secure.gravatar.com\\\/avatar\\\/71f2fa71737ad68a84fea94bc708ddac8ea5b0c4788dc2ad202f3ccb2887742f?s=96&d=wp_user_avatar&r=g\",\"contentUrl\":\"https:\\\/\\\/secure.gravatar.com\\\/avatar\\\/71f2fa71737ad68a84fea94bc708ddac8ea5b0c4788dc2ad202f3ccb2887742f?s=96&d=wp_user_avatar&r=g\",\"caption\":\"Reda\u00e7\u00e3o JO\"},\"url\":\"https:\\\/\\\/jornaldasoficinas.com\\\/pt\\\/author\\\/joredacao\\\/\"}]}<\/script>\n<!-- \/ Yoast SEO plugin. -->","yoast_head_json":{"title":"Inova\u00e7\u00e3o Verde para Ind\u00fastria Autom\u00f3vel com investimento de \u20ac6,2 milh\u00f5es - Jornal das Oficinas","robots":{"index":"index","follow":"follow","max-snippet":"max-snippet:-1","max-image-preview":"max-image-preview:large","max-video-preview":"max-video-preview:-1"},"canonical":"https:\/\/jornaldasoficinas.com\/pt\/inovacao-verde-para-industria-automovel-com-investimento-de-e62-milhoes\/","og_locale":"pt_PT","og_type":"article","og_title":"Inova\u00e7\u00e3o Verde para Ind\u00fastria Autom\u00f3vel com investimento de \u20ac6,2 milh\u00f5es - Jornal das Oficinas","og_description":"J\u00e1 foi assinado o segundo lote...","og_url":"https:\/\/jornaldasoficinas.com\/pt\/inovacao-verde-para-industria-automovel-com-investimento-de-e62-milhoes\/","og_site_name":"Jornal das Oficinas","article_publisher":"https:\/\/www.facebook.com\/jornaloficinas","article_published_time":"2022-09-30T16:00:18+00:00","og_image":[{"width":1024,"height":581,"url":"https:\/\/jornaldasoficinas.com\/pt\/wp-content\/uploads\/2022\/09\/Inovac\u0327a\u0303o-Verde-para-Indu\u0301stria-Automo\u0301vel-com-investimento-de-E62-milho\u0303es.jpg","type":"image\/jpeg"}],"author":"Reda\u00e7\u00e3o JO","twitter_card":"summary_large_image","twitter_creator":"@jornaloficinas","twitter_site":"@jornaloficinas","twitter_misc":{"Escrito por":"Reda\u00e7\u00e3o JO","Tempo estimado de leitura":"2 minutos"},"schema":{"@context":"https:\/\/schema.org","@graph":[{"@type":"Article","@id":"https:\/\/jornaldasoficinas.com\/pt\/inovacao-verde-para-industria-automovel-com-investimento-de-e62-milhoes\/#article","isPartOf":{"@id":"https:\/\/jornaldasoficinas.com\/pt\/inovacao-verde-para-industria-automovel-com-investimento-de-e62-milhoes\/"},"author":{"name":"Reda\u00e7\u00e3o JO","@id":"https:\/\/jornaldasoficinas.com\/pt\/#\/schema\/person\/a38eef5de2c41d9e7c9ac10141afddf3"},"headline":"Inova\u00e7\u00e3o Verde para Ind\u00fastria Autom\u00f3vel com investimento de \u20ac6,2 milh\u00f5es","datePublished":"2022-09-30T16:00:18+00:00","mainEntityOfPage":{"@id":"https:\/\/jornaldasoficinas.com\/pt\/inovacao-verde-para-industria-automovel-com-investimento-de-e62-milhoes\/"},"wordCount":352,"publisher":{"@id":"https:\/\/jornaldasoficinas.com\/pt\/#organization"},"image":{"@id":"https:\/\/jornaldasoficinas.com\/pt\/inovacao-verde-para-industria-automovel-com-investimento-de-e62-milhoes\/#primaryimage"},"thumbnailUrl":"https:\/\/jornaldasoficinas.com\/pt\/wp-content\/uploads\/2022\/09\/Inovac\u0327a\u0303o-Verde-para-Indu\u0301stria-Automo\u0301vel-com-investimento-de-E62-milho\u0303es.jpg","articleSection":["Mercado"],"inLanguage":"pt-PT"},{"@type":"WebPage","@id":"https:\/\/jornaldasoficinas.com\/pt\/inovacao-verde-para-industria-automovel-com-investimento-de-e62-milhoes\/","url":"https:\/\/jornaldasoficinas.com\/pt\/inovacao-verde-para-industria-automovel-com-investimento-de-e62-milhoes\/","name":"Inova\u00e7\u00e3o Verde para Ind\u00fastria Autom\u00f3vel com investimento de \u20ac6,2 milh\u00f5es - Jornal das Oficinas","isPartOf":{"@id":"https:\/\/jornaldasoficinas.com\/pt\/#website"},"primaryImageOfPage":{"@id":"https:\/\/jornaldasoficinas.com\/pt\/inovacao-verde-para-industria-automovel-com-investimento-de-e62-milhoes\/#primaryimage"},"image":{"@id":"https:\/\/jornaldasoficinas.com\/pt\/inovacao-verde-para-industria-automovel-com-investimento-de-e62-milhoes\/#primaryimage"},"thumbnailUrl":"https:\/\/jornaldasoficinas.com\/pt\/wp-content\/uploads\/2022\/09\/Inovac\u0327a\u0303o-Verde-para-Indu\u0301stria-Automo\u0301vel-com-investimento-de-E62-milho\u0303es.jpg","datePublished":"2022-09-30T16:00:18+00:00","breadcrumb":{"@id":"https:\/\/jornaldasoficinas.com\/pt\/inovacao-verde-para-industria-automovel-com-investimento-de-e62-milhoes\/#breadcrumb"},"inLanguage":"pt-PT","potentialAction":[{"@type":"ReadAction","target":["https:\/\/jornaldasoficinas.com\/pt\/inovacao-verde-para-industria-automovel-com-investimento-de-e62-milhoes\/"]}]},{"@type":"ImageObject","inLanguage":"pt-PT","@id":"https:\/\/jornaldasoficinas.com\/pt\/inovacao-verde-para-industria-automovel-com-investimento-de-e62-milhoes\/#primaryimage","url":"https:\/\/jornaldasoficinas.com\/pt\/wp-content\/uploads\/2022\/09\/Inovac\u0327a\u0303o-Verde-para-Indu\u0301stria-Automo\u0301vel-com-investimento-de-E62-milho\u0303es.jpg","contentUrl":"https:\/\/jornaldasoficinas.com\/pt\/wp-content\/uploads\/2022\/09\/Inovac\u0327a\u0303o-Verde-para-Indu\u0301stria-Automo\u0301vel-com-investimento-de-E62-milho\u0303es.jpg","width":1024,"height":581,"caption":"09 - Inovac\u0327a\u0303o Verde para Indu\u0301stria Automo\u0301vel com investimento de E62 milho\u0303es"},{"@type":"BreadcrumbList","@id":"https:\/\/jornaldasoficinas.com\/pt\/inovacao-verde-para-industria-automovel-com-investimento-de-e62-milhoes\/#breadcrumb","itemListElement":[{"@type":"ListItem","position":1,"name":"In\u00edcio","item":"https:\/\/jornaldasoficinas.com\/pt\/"},{"@type":"ListItem","position":2,"name":"Inova\u00e7\u00e3o Verde para Ind\u00fastria Autom\u00f3vel com investimento de \u20ac6,2 milh\u00f5es"}]},{"@type":"WebSite","@id":"https:\/\/jornaldasoficinas.com\/pt\/#website","url":"https:\/\/jornaldasoficinas.com\/pt\/","name":"Jornal das Oficinas","description":"Jornal independente do Aftermarket Autom\u00f3vel em Portugal","publisher":{"@id":"https:\/\/jornaldasoficinas.com\/pt\/#organization"},"potentialAction":[{"@type":"SearchAction","target":{"@type":"EntryPoint","urlTemplate":"https:\/\/jornaldasoficinas.com\/pt\/?s={search_term_string}"},"query-input":{"@type":"PropertyValueSpecification","valueRequired":true,"valueName":"search_term_string"}}],"inLanguage":"pt-PT"},{"@type":"Organization","@id":"https:\/\/jornaldasoficinas.com\/pt\/#organization","name":"Jornal das Oficinas","url":"https:\/\/jornaldasoficinas.com\/pt\/","logo":{"@type":"ImageObject","inLanguage":"pt-PT","@id":"https:\/\/jornaldasoficinas.com\/pt\/#\/schema\/logo\/image\/","url":"https:\/\/jornaldasoficinas.com\/pt\/wp-content\/uploads\/logoJO-SEO.png","contentUrl":"https:\/\/jornaldasoficinas.com\/pt\/wp-content\/uploads\/logoJO-SEO.png","width":285,"height":450,"caption":"Jornal das Oficinas"},"image":{"@id":"https:\/\/jornaldasoficinas.com\/pt\/#\/schema\/logo\/image\/"},"sameAs":["https:\/\/www.facebook.com\/jornaloficinas","https:\/\/x.com\/jornaloficinas","https:\/\/www.instagram.com\/jornal_oficinas\/","https:\/\/www.linkedin.com\/company\/jornal-das-oficinas\/","https:\/\/www.youtube.com\/channel\/UCbQZBqtcvV-oSQrr7RzINGg"]},{"@type":"Person","@id":"https:\/\/jornaldasoficinas.com\/pt\/#\/schema\/person\/a38eef5de2c41d9e7c9ac10141afddf3","name":"Reda\u00e7\u00e3o JO","image":{"@type":"ImageObject","inLanguage":"pt-PT","@id":"https:\/\/secure.gravatar.com\/avatar\/71f2fa71737ad68a84fea94bc708ddac8ea5b0c4788dc2ad202f3ccb2887742f?s=96&d=wp_user_avatar&r=g","url":"https:\/\/secure.gravatar.com\/avatar\/71f2fa71737ad68a84fea94bc708ddac8ea5b0c4788dc2ad202f3ccb2887742f?s=96&d=wp_user_avatar&r=g","contentUrl":"https:\/\/secure.gravatar.com\/avatar\/71f2fa71737ad68a84fea94bc708ddac8ea5b0c4788dc2ad202f3ccb2887742f?s=96&d=wp_user_avatar&r=g","caption":"Reda\u00e7\u00e3o JO"},"url":"https:\/\/jornaldasoficinas.com\/pt\/author\/joredacao\/"}]}},"_links":{"self":[{"href":"https:\/\/jornaldasoficinas.com\/pt\/wp-json\/wp\/v2\/posts\/33319","targetHints":{"allow":["GET"]}}],"collection":[{"href":"https:\/\/jornaldasoficinas.com\/pt\/wp-json\/wp\/v2\/posts"}],"about":[{"href":"https:\/\/jornaldasoficinas.com\/pt\/wp-json\/wp\/v2\/types\/post"}],"author":[{"embeddable":true,"href":"https:\/\/jornaldasoficinas.com\/pt\/wp-json\/wp\/v2\/users\/15"}],"replies":[{"embeddable":true,"href":"https:\/\/jornaldasoficinas.com\/pt\/wp-json\/wp\/v2\/comments?post=33319"}],"version-history":[{"count":0,"href":"https:\/\/jornaldasoficinas.com\/pt\/wp-json\/wp\/v2\/posts\/33319\/revisions"}],"wp:featuredmedia":[{"embeddable":true,"href":"https:\/\/jornaldasoficinas.com\/pt\/wp-json\/wp\/v2\/media\/33313"}],"wp:attachment":[{"href":"https:\/\/jornaldasoficinas.com\/pt\/wp-json\/wp\/v2\/media?parent=33319"}],"wp:term":[{"taxonomy":"category","embeddable":true,"href":"https:\/\/jornaldasoficinas.com\/pt\/wp-json\/wp\/v2\/categories?post=33319"},{"taxonomy":"post_tag","embeddable":true,"href":"https:\/\/jornaldasoficinas.com\/pt\/wp-json\/wp\/v2\/tags?post=33319"}],"curies":[{"name":"wp","href":"https:\/\/api.w.org\/{rel}","templated":true}]}}