{"id":33323,"date":"2022-09-30T19:30:33","date_gmt":"2022-09-30T18:30:33","guid":{"rendered":"https:\/\/jornaldasoficinas.com\/pt\/?p=33323"},"modified":"2022-09-30T13:53:00","modified_gmt":"2022-09-30T12:53:00","slug":"standvirtual-e-uve-unidos-pela-mobilidade-sustentavel","status":"publish","type":"post","link":"https:\/\/jornaldasoficinas.com\/pt\/standvirtual-e-uve-unidos-pela-mobilidade-sustentavel\/","title":{"rendered":"Standvirtual e UVE unidos pela mobilidade sustent\u00e1vel"},"content":{"rendered":"<p><strong><img loading=\"lazy\" decoding=\"async\" class=\"alignnone size-full wp-image-33311\" src=\"https:\/\/jornaldasoficinas.com\/pt\/wp-content\/uploads\/2022\/09\/Standvirtual-e-UVE-unidos-pela-mobilidade-sustenta\u0301vel.jpg\" alt=\"09 - Standvirtual e UVE unidos pela mobilidade sustenta\u0301vel\" width=\"1024\" height=\"581\" srcset=\"https:\/\/jornaldasoficinas.com\/pt\/wp-content\/uploads\/2022\/09\/Standvirtual-e-UVE-unidos-pela-mobilidade-sustenta\u0301vel.jpg 1024w, https:\/\/jornaldasoficinas.com\/pt\/wp-content\/uploads\/2022\/09\/Standvirtual-e-UVE-unidos-pela-mobilidade-sustenta\u0301vel-300x170.jpg 300w, https:\/\/jornaldasoficinas.com\/pt\/wp-content\/uploads\/2022\/09\/Standvirtual-e-UVE-unidos-pela-mobilidade-sustenta\u0301vel-150x85.jpg 150w, https:\/\/jornaldasoficinas.com\/pt\/wp-content\/uploads\/2022\/09\/Standvirtual-e-UVE-unidos-pela-mobilidade-sustenta\u0301vel-768x436.jpg 768w\" sizes=\"auto, (max-width: 1024px) 100vw, 1024px\" \/><\/strong><\/p>\n<p><strong>O <a href=\"https:\/\/www.standvirtual.com\/\" target=\"_blank\" rel=\"noopener\">Standvirtual<\/a> e a <a href=\"https:\/\/www.uve.pt\/page\/\" target=\"_blank\" rel=\"noopener\">Associa\u00e7\u00e3o de Utilizadores de Ve\u00edculos El\u00e9tricos<\/a> (UVE), anunciam uma parceria com foco em solu\u00e7\u00f5es de mobilidade sustent\u00e1vel\/el\u00e9trica, que vai consistir em diversas iniciativas para o consumidor final e associados da UVE<\/strong><\/p>\n<p>O objetivo \u00e9 promover uma mobilidade mais sustent\u00e1vel, contribuindo para uma gradual descarboniza\u00e7\u00e3o no mercado autom\u00f3vel nacional, al\u00e9m de fazer crescer, de forma s\u00f3lida e informada, a comunidade de ve\u00edculos el\u00e9tricos<\/p>\n<p>Esta parceria de tr\u00eas anos prev\u00ea o lan\u00e7amento de diversas novidades do Standvirtual em conjunto com a UVE, das quais se destacam a realiza\u00e7\u00e3o de encontros regionais destinados aos consumidores, para impulsionar a mobilidade el\u00e9trica em todas as regi\u00f5es portuguesas, previstos ainda este ano.<\/p>\n<p>Tamb\u00e9m vai incluir o desenvolvimento de conte\u00fados pedag\u00f3gicos de esclarecimento para o consumidor, no formato de Academia on Demand, com v\u00e1rios epis\u00f3dios tem\u00e1ticos, de forma a desmistificar as d\u00favidas e ansiedades que possam surgir na compra de um ve\u00edculo el\u00e9trico.<\/p>\n<p>Nuno Castel-Branco, Diretor Geral do Standvirtual, explicou que \u201cOs ve\u00edculos el\u00e9tricos s\u00e3o sem d\u00favida o caminho que o mercado est\u00e1 a seguir. Esta parceria ajuda-nos com toda a experi\u00eancia da UVE a informar os nossos parceiros e simultaneamente o consumidor final. Ainda existem muitos mitos e desinforma\u00e7\u00e3o sobre as baterias ou a utiliza\u00e7\u00e3o e \u00e9 isto que em conjunto queremos trabalhar, de forma a ajudar o consumidor a tomar a decis\u00f5es mais acertadas na compra de um ve\u00edculo el\u00e9trico.\u201d<\/p>\n<p>\u201cO mercado da mobilidade el\u00e9trica em Portugal est\u00e1 em enorme expans\u00e3o. Com a procura h\u00e1 um conjunto de mitos, falta de informa\u00e7\u00e3o e contrainforma\u00e7\u00e3o. Vamos partilhar com o Standvirtual a nossa experi\u00eancia e know-how, para ajudar a impulsionar este movimento da mobilidade el\u00e9trica.<\/p>\n<p>Esta parceria \u00e9 fundamental para consolidar a associa\u00e7\u00e3o e para podermos responder \u00e0s solicita\u00e7\u00f5es que s\u00e3o cada vez mais, especialmente na \u00e1rea da informa\u00e7\u00e3o e forma\u00e7\u00e3o\u201d, acrescenta Henrique S\u00e1nchez, Associado Fundador e Presidente da Associa\u00e7\u00e3o de Utilizadores de Ve\u00edculos El\u00e9tricos.<\/p>\n<p>O Standvirtual ser\u00e1 tamb\u00e9m o parceiro oficial do evento da UVE, o Encontro Nacional de Ve\u00edculos El\u00e9tricos (ENVE). Atualmente, observa-se uma maior predisposi\u00e7\u00e3o dos consumidores para comprar um carro el\u00e9trico novo, tend\u00eancia que j\u00e1 est\u00e1 a impactar a ind\u00fastria dos ve\u00edculos usados. Neste sentido, o Standvirtual e a UVE pretendem ainda dinamizar o n\u00famero de associados atrav\u00e9s de vantagens competitivas para compradores de carros el\u00e9tricos e acesso a condi\u00e7\u00f5es particulares na coloca\u00e7\u00e3o de an\u00fancios no portal.<\/p>\n","protected":false},"excerpt":{"rendered":"<p>O Standvirtual e a Associa\u00e7\u00e3o de&#8230;<\/p>\n","protected":false},"author":15,"featured_media":33311,"comment_status":"closed","ping_status":"closed","sticky":false,"template":"","format":"standard","meta":{"footnotes":""},"categories":[37],"tags":[2198],"class_list":["post-33323","post","type-post","status-publish","format-standard","has-post-thumbnail","hentry","category-mercado","tag-standvirtual"],"yoast_head":"<!-- This site is optimized with the Yoast SEO plugin v27.4 - https:\/\/yoast.com\/product\/yoast-seo-wordpress\/ -->\n<title>Standvirtual e UVE unidos pela mobilidade sustent\u00e1vel - Jornal das Oficinas<\/title>\n<meta name=\"robots\" content=\"index, follow, max-snippet:-1, max-image-preview:large, max-video-preview:-1\" \/>\n<link rel=\"canonical\" href=\"https:\/\/jornaldasoficinas.com\/pt\/standvirtual-e-uve-unidos-pela-mobilidade-sustentavel\/\" \/>\n<meta property=\"og:locale\" content=\"pt_PT\" \/>\n<meta property=\"og:type\" content=\"article\" \/>\n<meta property=\"og:title\" content=\"Standvirtual e UVE unidos pela mobilidade sustent\u00e1vel - Jornal das Oficinas\" \/>\n<meta property=\"og:description\" content=\"O Standvirtual e a Associa\u00e7\u00e3o de...\" \/>\n<meta property=\"og:url\" content=\"https:\/\/jornaldasoficinas.com\/pt\/standvirtual-e-uve-unidos-pela-mobilidade-sustentavel\/\" \/>\n<meta property=\"og:site_name\" content=\"Jornal das Oficinas\" \/>\n<meta property=\"article:publisher\" content=\"https:\/\/www.facebook.com\/jornaloficinas\" \/>\n<meta property=\"article:published_time\" content=\"2022-09-30T18:30:33+00:00\" \/>\n<meta property=\"og:image\" content=\"https:\/\/jornaldasoficinas.com\/pt\/wp-content\/uploads\/2022\/09\/Standvirtual-e-UVE-unidos-pela-mobilidade-sustenta\u0301vel.jpg\" \/>\n\t<meta property=\"og:image:width\" content=\"1024\" \/>\n\t<meta property=\"og:image:height\" content=\"581\" \/>\n\t<meta property=\"og:image:type\" content=\"image\/jpeg\" \/>\n<meta name=\"author\" content=\"Reda\u00e7\u00e3o JO\" \/>\n<meta name=\"twitter:card\" content=\"summary_large_image\" \/>\n<meta name=\"twitter:creator\" content=\"@jornaloficinas\" \/>\n<meta name=\"twitter:site\" content=\"@jornaloficinas\" \/>\n<meta name=\"twitter:label1\" content=\"Escrito por\" \/>\n\t<meta name=\"twitter:data1\" content=\"Reda\u00e7\u00e3o JO\" \/>\n\t<meta name=\"twitter:label2\" content=\"Tempo estimado de leitura\" \/>\n\t<meta name=\"twitter:data2\" content=\"2 minutos\" \/>\n<script type=\"application\/ld+json\" class=\"yoast-schema-graph\">{\"@context\":\"https:\\\/\\\/schema.org\",\"@graph\":[{\"@type\":\"Article\",\"@id\":\"https:\\\/\\\/jornaldasoficinas.com\\\/pt\\\/standvirtual-e-uve-unidos-pela-mobilidade-sustentavel\\\/#article\",\"isPartOf\":{\"@id\":\"https:\\\/\\\/jornaldasoficinas.com\\\/pt\\\/standvirtual-e-uve-unidos-pela-mobilidade-sustentavel\\\/\"},\"author\":{\"name\":\"Reda\u00e7\u00e3o JO\",\"@id\":\"https:\\\/\\\/jornaldasoficinas.com\\\/pt\\\/#\\\/schema\\\/person\\\/a38eef5de2c41d9e7c9ac10141afddf3\"},\"headline\":\"Standvirtual e UVE unidos pela mobilidade sustent\u00e1vel\",\"datePublished\":\"2022-09-30T18:30:33+00:00\",\"mainEntityOfPage\":{\"@id\":\"https:\\\/\\\/jornaldasoficinas.com\\\/pt\\\/standvirtual-e-uve-unidos-pela-mobilidade-sustentavel\\\/\"},\"wordCount\":460,\"publisher\":{\"@id\":\"https:\\\/\\\/jornaldasoficinas.com\\\/pt\\\/#organization\"},\"image\":{\"@id\":\"https:\\\/\\\/jornaldasoficinas.com\\\/pt\\\/standvirtual-e-uve-unidos-pela-mobilidade-sustentavel\\\/#primaryimage\"},\"thumbnailUrl\":\"https:\\\/\\\/jornaldasoficinas.com\\\/pt\\\/wp-content\\\/uploads\\\/2022\\\/09\\\/Standvirtual-e-UVE-unidos-pela-mobilidade-sustenta\u0301vel.jpg\",\"keywords\":[\"Standvirtual\"],\"articleSection\":[\"Mercado\"],\"inLanguage\":\"pt-PT\"},{\"@type\":\"WebPage\",\"@id\":\"https:\\\/\\\/jornaldasoficinas.com\\\/pt\\\/standvirtual-e-uve-unidos-pela-mobilidade-sustentavel\\\/\",\"url\":\"https:\\\/\\\/jornaldasoficinas.com\\\/pt\\\/standvirtual-e-uve-unidos-pela-mobilidade-sustentavel\\\/\",\"name\":\"Standvirtual e UVE unidos pela mobilidade sustent\u00e1vel - Jornal das Oficinas\",\"isPartOf\":{\"@id\":\"https:\\\/\\\/jornaldasoficinas.com\\\/pt\\\/#website\"},\"primaryImageOfPage\":{\"@id\":\"https:\\\/\\\/jornaldasoficinas.com\\\/pt\\\/standvirtual-e-uve-unidos-pela-mobilidade-sustentavel\\\/#primaryimage\"},\"image\":{\"@id\":\"https:\\\/\\\/jornaldasoficinas.com\\\/pt\\\/standvirtual-e-uve-unidos-pela-mobilidade-sustentavel\\\/#primaryimage\"},\"thumbnailUrl\":\"https:\\\/\\\/jornaldasoficinas.com\\\/pt\\\/wp-content\\\/uploads\\\/2022\\\/09\\\/Standvirtual-e-UVE-unidos-pela-mobilidade-sustenta\u0301vel.jpg\",\"datePublished\":\"2022-09-30T18:30:33+00:00\",\"breadcrumb\":{\"@id\":\"https:\\\/\\\/jornaldasoficinas.com\\\/pt\\\/standvirtual-e-uve-unidos-pela-mobilidade-sustentavel\\\/#breadcrumb\"},\"inLanguage\":\"pt-PT\",\"potentialAction\":[{\"@type\":\"ReadAction\",\"target\":[\"https:\\\/\\\/jornaldasoficinas.com\\\/pt\\\/standvirtual-e-uve-unidos-pela-mobilidade-sustentavel\\\/\"]}]},{\"@type\":\"ImageObject\",\"inLanguage\":\"pt-PT\",\"@id\":\"https:\\\/\\\/jornaldasoficinas.com\\\/pt\\\/standvirtual-e-uve-unidos-pela-mobilidade-sustentavel\\\/#primaryimage\",\"url\":\"https:\\\/\\\/jornaldasoficinas.com\\\/pt\\\/wp-content\\\/uploads\\\/2022\\\/09\\\/Standvirtual-e-UVE-unidos-pela-mobilidade-sustenta\u0301vel.jpg\",\"contentUrl\":\"https:\\\/\\\/jornaldasoficinas.com\\\/pt\\\/wp-content\\\/uploads\\\/2022\\\/09\\\/Standvirtual-e-UVE-unidos-pela-mobilidade-sustenta\u0301vel.jpg\",\"width\":1024,\"height\":581,\"caption\":\"09 - Standvirtual e UVE unidos pela mobilidade sustenta\u0301vel\"},{\"@type\":\"BreadcrumbList\",\"@id\":\"https:\\\/\\\/jornaldasoficinas.com\\\/pt\\\/standvirtual-e-uve-unidos-pela-mobilidade-sustentavel\\\/#breadcrumb\",\"itemListElement\":[{\"@type\":\"ListItem\",\"position\":1,\"name\":\"In\u00edcio\",\"item\":\"https:\\\/\\\/jornaldasoficinas.com\\\/pt\\\/\"},{\"@type\":\"ListItem\",\"position\":2,\"name\":\"Standvirtual e UVE unidos pela mobilidade sustent\u00e1vel\"}]},{\"@type\":\"WebSite\",\"@id\":\"https:\\\/\\\/jornaldasoficinas.com\\\/pt\\\/#website\",\"url\":\"https:\\\/\\\/jornaldasoficinas.com\\\/pt\\\/\",\"name\":\"Jornal das Oficinas\",\"description\":\"Jornal independente do Aftermarket Autom\u00f3vel em Portugal\",\"publisher\":{\"@id\":\"https:\\\/\\\/jornaldasoficinas.com\\\/pt\\\/#organization\"},\"potentialAction\":[{\"@type\":\"SearchAction\",\"target\":{\"@type\":\"EntryPoint\",\"urlTemplate\":\"https:\\\/\\\/jornaldasoficinas.com\\\/pt\\\/?s={search_term_string}\"},\"query-input\":{\"@type\":\"PropertyValueSpecification\",\"valueRequired\":true,\"valueName\":\"search_term_string\"}}],\"inLanguage\":\"pt-PT\"},{\"@type\":\"Organization\",\"@id\":\"https:\\\/\\\/jornaldasoficinas.com\\\/pt\\\/#organization\",\"name\":\"Jornal das Oficinas\",\"url\":\"https:\\\/\\\/jornaldasoficinas.com\\\/pt\\\/\",\"logo\":{\"@type\":\"ImageObject\",\"inLanguage\":\"pt-PT\",\"@id\":\"https:\\\/\\\/jornaldasoficinas.com\\\/pt\\\/#\\\/schema\\\/logo\\\/image\\\/\",\"url\":\"https:\\\/\\\/jornaldasoficinas.com\\\/pt\\\/wp-content\\\/uploads\\\/logoJO-SEO.png\",\"contentUrl\":\"https:\\\/\\\/jornaldasoficinas.com\\\/pt\\\/wp-content\\\/uploads\\\/logoJO-SEO.png\",\"width\":285,\"height\":450,\"caption\":\"Jornal das Oficinas\"},\"image\":{\"@id\":\"https:\\\/\\\/jornaldasoficinas.com\\\/pt\\\/#\\\/schema\\\/logo\\\/image\\\/\"},\"sameAs\":[\"https:\\\/\\\/www.facebook.com\\\/jornaloficinas\",\"https:\\\/\\\/x.com\\\/jornaloficinas\",\"https:\\\/\\\/www.instagram.com\\\/jornal_oficinas\\\/\",\"https:\\\/\\\/www.linkedin.com\\\/company\\\/jornal-das-oficinas\\\/\",\"https:\\\/\\\/www.youtube.com\\\/channel\\\/UCbQZBqtcvV-oSQrr7RzINGg\"]},{\"@type\":\"Person\",\"@id\":\"https:\\\/\\\/jornaldasoficinas.com\\\/pt\\\/#\\\/schema\\\/person\\\/a38eef5de2c41d9e7c9ac10141afddf3\",\"name\":\"Reda\u00e7\u00e3o JO\",\"image\":{\"@type\":\"ImageObject\",\"inLanguage\":\"pt-PT\",\"@id\":\"https:\\\/\\\/secure.gravatar.com\\\/avatar\\\/71f2fa71737ad68a84fea94bc708ddac8ea5b0c4788dc2ad202f3ccb2887742f?s=96&d=wp_user_avatar&r=g\",\"url\":\"https:\\\/\\\/secure.gravatar.com\\\/avatar\\\/71f2fa71737ad68a84fea94bc708ddac8ea5b0c4788dc2ad202f3ccb2887742f?s=96&d=wp_user_avatar&r=g\",\"contentUrl\":\"https:\\\/\\\/secure.gravatar.com\\\/avatar\\\/71f2fa71737ad68a84fea94bc708ddac8ea5b0c4788dc2ad202f3ccb2887742f?s=96&d=wp_user_avatar&r=g\",\"caption\":\"Reda\u00e7\u00e3o JO\"},\"url\":\"https:\\\/\\\/jornaldasoficinas.com\\\/pt\\\/author\\\/joredacao\\\/\"}]}<\/script>\n<!-- \/ Yoast SEO plugin. -->","yoast_head_json":{"title":"Standvirtual e UVE unidos pela mobilidade sustent\u00e1vel - Jornal das Oficinas","robots":{"index":"index","follow":"follow","max-snippet":"max-snippet:-1","max-image-preview":"max-image-preview:large","max-video-preview":"max-video-preview:-1"},"canonical":"https:\/\/jornaldasoficinas.com\/pt\/standvirtual-e-uve-unidos-pela-mobilidade-sustentavel\/","og_locale":"pt_PT","og_type":"article","og_title":"Standvirtual e UVE unidos pela mobilidade sustent\u00e1vel - Jornal das Oficinas","og_description":"O Standvirtual e a Associa\u00e7\u00e3o de...","og_url":"https:\/\/jornaldasoficinas.com\/pt\/standvirtual-e-uve-unidos-pela-mobilidade-sustentavel\/","og_site_name":"Jornal das Oficinas","article_publisher":"https:\/\/www.facebook.com\/jornaloficinas","article_published_time":"2022-09-30T18:30:33+00:00","og_image":[{"width":1024,"height":581,"url":"https:\/\/jornaldasoficinas.com\/pt\/wp-content\/uploads\/2022\/09\/Standvirtual-e-UVE-unidos-pela-mobilidade-sustenta\u0301vel.jpg","type":"image\/jpeg"}],"author":"Reda\u00e7\u00e3o JO","twitter_card":"summary_large_image","twitter_creator":"@jornaloficinas","twitter_site":"@jornaloficinas","twitter_misc":{"Escrito por":"Reda\u00e7\u00e3o JO","Tempo estimado de leitura":"2 minutos"},"schema":{"@context":"https:\/\/schema.org","@graph":[{"@type":"Article","@id":"https:\/\/jornaldasoficinas.com\/pt\/standvirtual-e-uve-unidos-pela-mobilidade-sustentavel\/#article","isPartOf":{"@id":"https:\/\/jornaldasoficinas.com\/pt\/standvirtual-e-uve-unidos-pela-mobilidade-sustentavel\/"},"author":{"name":"Reda\u00e7\u00e3o JO","@id":"https:\/\/jornaldasoficinas.com\/pt\/#\/schema\/person\/a38eef5de2c41d9e7c9ac10141afddf3"},"headline":"Standvirtual e UVE unidos pela mobilidade sustent\u00e1vel","datePublished":"2022-09-30T18:30:33+00:00","mainEntityOfPage":{"@id":"https:\/\/jornaldasoficinas.com\/pt\/standvirtual-e-uve-unidos-pela-mobilidade-sustentavel\/"},"wordCount":460,"publisher":{"@id":"https:\/\/jornaldasoficinas.com\/pt\/#organization"},"image":{"@id":"https:\/\/jornaldasoficinas.com\/pt\/standvirtual-e-uve-unidos-pela-mobilidade-sustentavel\/#primaryimage"},"thumbnailUrl":"https:\/\/jornaldasoficinas.com\/pt\/wp-content\/uploads\/2022\/09\/Standvirtual-e-UVE-unidos-pela-mobilidade-sustenta\u0301vel.jpg","keywords":["Standvirtual"],"articleSection":["Mercado"],"inLanguage":"pt-PT"},{"@type":"WebPage","@id":"https:\/\/jornaldasoficinas.com\/pt\/standvirtual-e-uve-unidos-pela-mobilidade-sustentavel\/","url":"https:\/\/jornaldasoficinas.com\/pt\/standvirtual-e-uve-unidos-pela-mobilidade-sustentavel\/","name":"Standvirtual e UVE unidos pela mobilidade sustent\u00e1vel - Jornal das Oficinas","isPartOf":{"@id":"https:\/\/jornaldasoficinas.com\/pt\/#website"},"primaryImageOfPage":{"@id":"https:\/\/jornaldasoficinas.com\/pt\/standvirtual-e-uve-unidos-pela-mobilidade-sustentavel\/#primaryimage"},"image":{"@id":"https:\/\/jornaldasoficinas.com\/pt\/standvirtual-e-uve-unidos-pela-mobilidade-sustentavel\/#primaryimage"},"thumbnailUrl":"https:\/\/jornaldasoficinas.com\/pt\/wp-content\/uploads\/2022\/09\/Standvirtual-e-UVE-unidos-pela-mobilidade-sustenta\u0301vel.jpg","datePublished":"2022-09-30T18:30:33+00:00","breadcrumb":{"@id":"https:\/\/jornaldasoficinas.com\/pt\/standvirtual-e-uve-unidos-pela-mobilidade-sustentavel\/#breadcrumb"},"inLanguage":"pt-PT","potentialAction":[{"@type":"ReadAction","target":["https:\/\/jornaldasoficinas.com\/pt\/standvirtual-e-uve-unidos-pela-mobilidade-sustentavel\/"]}]},{"@type":"ImageObject","inLanguage":"pt-PT","@id":"https:\/\/jornaldasoficinas.com\/pt\/standvirtual-e-uve-unidos-pela-mobilidade-sustentavel\/#primaryimage","url":"https:\/\/jornaldasoficinas.com\/pt\/wp-content\/uploads\/2022\/09\/Standvirtual-e-UVE-unidos-pela-mobilidade-sustenta\u0301vel.jpg","contentUrl":"https:\/\/jornaldasoficinas.com\/pt\/wp-content\/uploads\/2022\/09\/Standvirtual-e-UVE-unidos-pela-mobilidade-sustenta\u0301vel.jpg","width":1024,"height":581,"caption":"09 - Standvirtual e UVE unidos pela mobilidade sustenta\u0301vel"},{"@type":"BreadcrumbList","@id":"https:\/\/jornaldasoficinas.com\/pt\/standvirtual-e-uve-unidos-pela-mobilidade-sustentavel\/#breadcrumb","itemListElement":[{"@type":"ListItem","position":1,"name":"In\u00edcio","item":"https:\/\/jornaldasoficinas.com\/pt\/"},{"@type":"ListItem","position":2,"name":"Standvirtual e UVE unidos pela mobilidade sustent\u00e1vel"}]},{"@type":"WebSite","@id":"https:\/\/jornaldasoficinas.com\/pt\/#website","url":"https:\/\/jornaldasoficinas.com\/pt\/","name":"Jornal das Oficinas","description":"Jornal independente do Aftermarket Autom\u00f3vel em Portugal","publisher":{"@id":"https:\/\/jornaldasoficinas.com\/pt\/#organization"},"potentialAction":[{"@type":"SearchAction","target":{"@type":"EntryPoint","urlTemplate":"https:\/\/jornaldasoficinas.com\/pt\/?s={search_term_string}"},"query-input":{"@type":"PropertyValueSpecification","valueRequired":true,"valueName":"search_term_string"}}],"inLanguage":"pt-PT"},{"@type":"Organization","@id":"https:\/\/jornaldasoficinas.com\/pt\/#organization","name":"Jornal das Oficinas","url":"https:\/\/jornaldasoficinas.com\/pt\/","logo":{"@type":"ImageObject","inLanguage":"pt-PT","@id":"https:\/\/jornaldasoficinas.com\/pt\/#\/schema\/logo\/image\/","url":"https:\/\/jornaldasoficinas.com\/pt\/wp-content\/uploads\/logoJO-SEO.png","contentUrl":"https:\/\/jornaldasoficinas.com\/pt\/wp-content\/uploads\/logoJO-SEO.png","width":285,"height":450,"caption":"Jornal das Oficinas"},"image":{"@id":"https:\/\/jornaldasoficinas.com\/pt\/#\/schema\/logo\/image\/"},"sameAs":["https:\/\/www.facebook.com\/jornaloficinas","https:\/\/x.com\/jornaloficinas","https:\/\/www.instagram.com\/jornal_oficinas\/","https:\/\/www.linkedin.com\/company\/jornal-das-oficinas\/","https:\/\/www.youtube.com\/channel\/UCbQZBqtcvV-oSQrr7RzINGg"]},{"@type":"Person","@id":"https:\/\/jornaldasoficinas.com\/pt\/#\/schema\/person\/a38eef5de2c41d9e7c9ac10141afddf3","name":"Reda\u00e7\u00e3o JO","image":{"@type":"ImageObject","inLanguage":"pt-PT","@id":"https:\/\/secure.gravatar.com\/avatar\/71f2fa71737ad68a84fea94bc708ddac8ea5b0c4788dc2ad202f3ccb2887742f?s=96&d=wp_user_avatar&r=g","url":"https:\/\/secure.gravatar.com\/avatar\/71f2fa71737ad68a84fea94bc708ddac8ea5b0c4788dc2ad202f3ccb2887742f?s=96&d=wp_user_avatar&r=g","contentUrl":"https:\/\/secure.gravatar.com\/avatar\/71f2fa71737ad68a84fea94bc708ddac8ea5b0c4788dc2ad202f3ccb2887742f?s=96&d=wp_user_avatar&r=g","caption":"Reda\u00e7\u00e3o JO"},"url":"https:\/\/jornaldasoficinas.com\/pt\/author\/joredacao\/"}]}},"_links":{"self":[{"href":"https:\/\/jornaldasoficinas.com\/pt\/wp-json\/wp\/v2\/posts\/33323","targetHints":{"allow":["GET"]}}],"collection":[{"href":"https:\/\/jornaldasoficinas.com\/pt\/wp-json\/wp\/v2\/posts"}],"about":[{"href":"https:\/\/jornaldasoficinas.com\/pt\/wp-json\/wp\/v2\/types\/post"}],"author":[{"embeddable":true,"href":"https:\/\/jornaldasoficinas.com\/pt\/wp-json\/wp\/v2\/users\/15"}],"replies":[{"embeddable":true,"href":"https:\/\/jornaldasoficinas.com\/pt\/wp-json\/wp\/v2\/comments?post=33323"}],"version-history":[{"count":0,"href":"https:\/\/jornaldasoficinas.com\/pt\/wp-json\/wp\/v2\/posts\/33323\/revisions"}],"wp:featuredmedia":[{"embeddable":true,"href":"https:\/\/jornaldasoficinas.com\/pt\/wp-json\/wp\/v2\/media\/33311"}],"wp:attachment":[{"href":"https:\/\/jornaldasoficinas.com\/pt\/wp-json\/wp\/v2\/media?parent=33323"}],"wp:term":[{"taxonomy":"category","embeddable":true,"href":"https:\/\/jornaldasoficinas.com\/pt\/wp-json\/wp\/v2\/categories?post=33323"},{"taxonomy":"post_tag","embeddable":true,"href":"https:\/\/jornaldasoficinas.com\/pt\/wp-json\/wp\/v2\/tags?post=33323"}],"curies":[{"name":"wp","href":"https:\/\/api.w.org\/{rel}","templated":true}]}}