{"id":33472,"date":"2022-10-05T10:00:54","date_gmt":"2022-10-05T09:00:54","guid":{"rendered":"https:\/\/jornaldasoficinas.com\/pt\/?p=33472"},"modified":"2022-10-04T09:35:48","modified_gmt":"2022-10-04T08:35:48","slug":"bosch-comemora-100-anos-a-duplicar","status":"publish","type":"post","link":"https:\/\/jornaldasoficinas.com\/pt\/bosch-comemora-100-anos-a-duplicar\/","title":{"rendered":"Bosch comemora 100 anos a duplicar"},"content":{"rendered":"<p><img loading=\"lazy\" decoding=\"async\" class=\"alignnone size-full wp-image-33439\" src=\"https:\/\/jornaldasoficinas.com\/pt\/wp-content\/uploads\/2022\/10\/Bosch-comemora-100-anos-a-duplicar.jpg\" alt=\"10 - Bosch comemora 100 anos a duplicar\" width=\"1024\" height=\"581\" srcset=\"https:\/\/jornaldasoficinas.com\/pt\/wp-content\/uploads\/2022\/10\/Bosch-comemora-100-anos-a-duplicar.jpg 1024w, https:\/\/jornaldasoficinas.com\/pt\/wp-content\/uploads\/2022\/10\/Bosch-comemora-100-anos-a-duplicar-300x170.jpg 300w, https:\/\/jornaldasoficinas.com\/pt\/wp-content\/uploads\/2022\/10\/Bosch-comemora-100-anos-a-duplicar-150x85.jpg 150w, https:\/\/jornaldasoficinas.com\/pt\/wp-content\/uploads\/2022\/10\/Bosch-comemora-100-anos-a-duplicar-768x436.jpg 768w\" sizes=\"auto, (max-width: 1024px) 100vw, 1024px\" \/><\/p>\n<p><strong>A Bosch est\u00e1 de parab\u00e9ns! Comemora 100 anos a desenvolver velas de incandesc\u00eancia e mais 100 anos de baterias. A <a href=\"https:\/\/www.bosch.pt\/\" target=\"_blank\" rel=\"noopener\">Bosch<\/a> apresenta velas incandescentes para quase todos os ve\u00edculos a diesel, incluindo modelos mais antigos. Quanto \u00e0s baterias, \u00e9 raro o modelo que a Bosch n\u00e3o tenha<\/strong><\/p>\n<p>Para a Bosch, este ano marca dois anivers\u00e1rios de produtos com uma longa hist\u00f3ria de sucesso. Robert Bosch percebeu muito cedo que a excelente efici\u00eancia dos motores a diesel os tornava adequados para uso em ve\u00edculos motorizados. O problema era que esses motores tinham uma grande dificuldade em arrancar frio.<\/p>\n<p>As velas incandescentes Bosch, que entraram em produ\u00e7\u00e3o em 1922, foram a solu\u00e7\u00e3o, movendo o pr\u00e9-aquecimento do motor para o interior da c\u00e2mara de combust\u00e3o. Foi tamb\u00e9m h\u00e1 cem anos que a Bosch come\u00e7ou a produzir baterias de arranque em Feuerbach, Estugarda, inicialmente para motociclos e, a partir de 1927, para autom\u00f3veis de passageiros.<\/p>\n<p><strong>D\u00e9cadas de experi\u00eancia e melhoria cont\u00ednua<br \/>\n<\/strong>H\u00e1 100 anos, as velas de incandesc\u00eancia e as baterias s\u00e3o produtos que a Bosch melhora continuamente e muitas vezes modifica em colabora\u00e7\u00e3o com os fabricantes de autom\u00f3veis. A primeira vela de incandesc\u00eancia de polo \u00fanico da Bosch apresentava um isolador de mica com um filamento aberto de fio.<\/p>\n<p>Hoje, a tecnologia Duraterm e o aquecimento cer\u00e2mico com fases de pr\u00e9-aquecimento curtas e fases de p\u00f3s-aquecimento longas garantem efici\u00eancia de combust\u00edvel e uma longa vida \u00fatil. Com a vela incandescente Bosch DuraSpeed, que incorpora um elemento de aquecimento em cer\u00e2mica, um arranque a frio demora menos de dois segundos.<\/p>\n<p>Dar tempo ao motor diesel para aquecer \u00e9 agora uma coisa do passado. Al\u00e9m disso, as velas de incandesc\u00eancia modernas desempenham um papel importante na limpeza do filtro de part\u00edculas, uma vez que o seu calor ajuda na regenera\u00e7\u00e3o do filtro. O filtro de part\u00edculas diesel recolhe a fuligem contida nos gases de escape. Para evitar o entupimento do filtro, a fuligem deve ser periodicamente queimada.<\/p>\n<p><strong>Ampla gama de baterias de arranque para todo o tipo de ve\u00edculos<br \/>\n<\/strong>Tamb\u00e9m quando se trata de baterias de arranque, a Bosch tem 100 anos de experi\u00eancia e know-how, como mostram os seguintes marcos hist\u00f3ricos. Na d\u00e9cada de 1960, a Bosch comercializava baterias com inv\u00f3lucro de pl\u00e1stico e indicador de carga. As baterias livres de manuten\u00e7\u00e3o para autom\u00f3veis de ligeiros foram introduzidas na d\u00e9cada de 1980.<\/p>\n<p>A partir da d\u00e9cada de 1990, as grelhas de liga de prata das baterias da Bosch garantiram longa vida \u00fatil e alta pot\u00eancia no momento de arranque. Desde 2000, o portf\u00f3lio da Bosch foi complementado com baterias AGM de elevado desempenho para ve\u00edculos de ligeiros com sistemas start-stop e v\u00e1rios consumidores el\u00e9tricos. A dura\u00e7\u00e3o da bateria tamb\u00e9m tem vindo a ser continuamente melhorada. Al\u00e9m dos autom\u00f3veis de passageiros, a Bosch comercializa tamb\u00e9m baterias para ve\u00edculos comerciais, ve\u00edculos motorizados de duas rodas e ve\u00edculos recreativos, como autocaravanas.<\/p>\n<p>Para carros cl\u00e1ssicos, a Bosch Classic reeditou, como parte de um projeto de reengenharia, baterias de 12 volts e 6 volts no estilo da d\u00e9cada de 1950. A Bosch Classic produz a bateria com um design hist\u00f3rico. O seu interior, no entanto, \u00e9 equipado com tecnologia moderna, como prote\u00e7\u00e3o contra inc\u00eandio integrada na tampa e placas com tecnologia de c\u00e1lcio. Al\u00e9m disso, \u00e9 fabricado seguindo os mais recentes padr\u00f5es ambientais e de qualidade. Isso significa que essas baterias oferecem quase os mesmos padr\u00f5es de seguran\u00e7a e longa vida \u00fatil que as baterias modernas.<\/p>\n<p>Em 2016, a Bosch ganhou o Pr\u00e9mio de Inova\u00e7\u00e3o Automechanika Frankfurt pela sua bateria de \u00edons de l\u00edtio para motocicletas. Em 2019 assistiu-se \u00e0 estreia da Bosch TA AGM, uma bateria para ve\u00edculos comerciais com altos requisitos de energia no exigente mercado de transporte de longa dist\u00e2ncia. Al\u00e9m disso, desde o final de 2019 e para equipamentos originais, a Bosch desenvolve e fabrica baterias de 48 volts para hibridiza\u00e7\u00e3o leve. A bateria de 48 volts armazena energia da travagem e suporta o motor de combust\u00e3o durante a acelera\u00e7\u00e3o. Isso reduz o consumo de combust\u00edvel e as emiss\u00f5es de CO2.<\/p>\n","protected":false},"excerpt":{"rendered":"<p>A Bosch est\u00e1 de parab\u00e9ns! Comemora&#8230;<\/p>\n","protected":false},"author":15,"featured_media":33439,"comment_status":"closed","ping_status":"closed","sticky":false,"template":"","format":"standard","meta":{"footnotes":""},"categories":[29],"tags":[123],"class_list":["post-33472","post","type-post","status-publish","format-standard","has-post-thumbnail","hentry","category-empresas","tag-bosch"],"yoast_head":"<!-- This site is optimized with the Yoast SEO plugin v27.4 - https:\/\/yoast.com\/product\/yoast-seo-wordpress\/ -->\n<title>Bosch comemora 100 anos a duplicar - Jornal das Oficinas<\/title>\n<meta name=\"robots\" content=\"index, follow, max-snippet:-1, max-image-preview:large, max-video-preview:-1\" \/>\n<link rel=\"canonical\" href=\"https:\/\/jornaldasoficinas.com\/pt\/bosch-comemora-100-anos-a-duplicar\/\" \/>\n<meta property=\"og:locale\" content=\"pt_PT\" \/>\n<meta property=\"og:type\" content=\"article\" \/>\n<meta property=\"og:title\" content=\"Bosch comemora 100 anos a duplicar - Jornal das Oficinas\" \/>\n<meta property=\"og:description\" content=\"A Bosch est\u00e1 de parab\u00e9ns! Comemora...\" \/>\n<meta property=\"og:url\" content=\"https:\/\/jornaldasoficinas.com\/pt\/bosch-comemora-100-anos-a-duplicar\/\" \/>\n<meta property=\"og:site_name\" content=\"Jornal das Oficinas\" \/>\n<meta property=\"article:publisher\" content=\"https:\/\/www.facebook.com\/jornaloficinas\" \/>\n<meta property=\"article:published_time\" content=\"2022-10-05T09:00:54+00:00\" \/>\n<meta property=\"og:image\" content=\"https:\/\/jornaldasoficinas.com\/pt\/wp-content\/uploads\/2022\/10\/Bosch-comemora-100-anos-a-duplicar.jpg\" \/>\n\t<meta property=\"og:image:width\" content=\"1024\" \/>\n\t<meta property=\"og:image:height\" content=\"581\" \/>\n\t<meta property=\"og:image:type\" content=\"image\/jpeg\" \/>\n<meta name=\"author\" content=\"Reda\u00e7\u00e3o JO\" \/>\n<meta name=\"twitter:card\" content=\"summary_large_image\" \/>\n<meta name=\"twitter:creator\" content=\"@jornaloficinas\" \/>\n<meta name=\"twitter:site\" content=\"@jornaloficinas\" \/>\n<meta name=\"twitter:label1\" content=\"Escrito por\" \/>\n\t<meta name=\"twitter:data1\" content=\"Reda\u00e7\u00e3o JO\" \/>\n\t<meta name=\"twitter:label2\" content=\"Tempo estimado de leitura\" \/>\n\t<meta name=\"twitter:data2\" content=\"4 minutos\" \/>\n<script type=\"application\/ld+json\" class=\"yoast-schema-graph\">{\"@context\":\"https:\\\/\\\/schema.org\",\"@graph\":[{\"@type\":\"Article\",\"@id\":\"https:\\\/\\\/jornaldasoficinas.com\\\/pt\\\/bosch-comemora-100-anos-a-duplicar\\\/#article\",\"isPartOf\":{\"@id\":\"https:\\\/\\\/jornaldasoficinas.com\\\/pt\\\/bosch-comemora-100-anos-a-duplicar\\\/\"},\"author\":{\"name\":\"Reda\u00e7\u00e3o JO\",\"@id\":\"https:\\\/\\\/jornaldasoficinas.com\\\/pt\\\/#\\\/schema\\\/person\\\/a38eef5de2c41d9e7c9ac10141afddf3\"},\"headline\":\"Bosch comemora 100 anos a duplicar\",\"datePublished\":\"2022-10-05T09:00:54+00:00\",\"mainEntityOfPage\":{\"@id\":\"https:\\\/\\\/jornaldasoficinas.com\\\/pt\\\/bosch-comemora-100-anos-a-duplicar\\\/\"},\"wordCount\":728,\"publisher\":{\"@id\":\"https:\\\/\\\/jornaldasoficinas.com\\\/pt\\\/#organization\"},\"image\":{\"@id\":\"https:\\\/\\\/jornaldasoficinas.com\\\/pt\\\/bosch-comemora-100-anos-a-duplicar\\\/#primaryimage\"},\"thumbnailUrl\":\"https:\\\/\\\/jornaldasoficinas.com\\\/pt\\\/wp-content\\\/uploads\\\/2022\\\/10\\\/Bosch-comemora-100-anos-a-duplicar.jpg\",\"keywords\":[\"Bosch\"],\"articleSection\":[\"Empresas\"],\"inLanguage\":\"pt-PT\"},{\"@type\":\"WebPage\",\"@id\":\"https:\\\/\\\/jornaldasoficinas.com\\\/pt\\\/bosch-comemora-100-anos-a-duplicar\\\/\",\"url\":\"https:\\\/\\\/jornaldasoficinas.com\\\/pt\\\/bosch-comemora-100-anos-a-duplicar\\\/\",\"name\":\"Bosch comemora 100 anos a duplicar - Jornal das Oficinas\",\"isPartOf\":{\"@id\":\"https:\\\/\\\/jornaldasoficinas.com\\\/pt\\\/#website\"},\"primaryImageOfPage\":{\"@id\":\"https:\\\/\\\/jornaldasoficinas.com\\\/pt\\\/bosch-comemora-100-anos-a-duplicar\\\/#primaryimage\"},\"image\":{\"@id\":\"https:\\\/\\\/jornaldasoficinas.com\\\/pt\\\/bosch-comemora-100-anos-a-duplicar\\\/#primaryimage\"},\"thumbnailUrl\":\"https:\\\/\\\/jornaldasoficinas.com\\\/pt\\\/wp-content\\\/uploads\\\/2022\\\/10\\\/Bosch-comemora-100-anos-a-duplicar.jpg\",\"datePublished\":\"2022-10-05T09:00:54+00:00\",\"breadcrumb\":{\"@id\":\"https:\\\/\\\/jornaldasoficinas.com\\\/pt\\\/bosch-comemora-100-anos-a-duplicar\\\/#breadcrumb\"},\"inLanguage\":\"pt-PT\",\"potentialAction\":[{\"@type\":\"ReadAction\",\"target\":[\"https:\\\/\\\/jornaldasoficinas.com\\\/pt\\\/bosch-comemora-100-anos-a-duplicar\\\/\"]}]},{\"@type\":\"ImageObject\",\"inLanguage\":\"pt-PT\",\"@id\":\"https:\\\/\\\/jornaldasoficinas.com\\\/pt\\\/bosch-comemora-100-anos-a-duplicar\\\/#primaryimage\",\"url\":\"https:\\\/\\\/jornaldasoficinas.com\\\/pt\\\/wp-content\\\/uploads\\\/2022\\\/10\\\/Bosch-comemora-100-anos-a-duplicar.jpg\",\"contentUrl\":\"https:\\\/\\\/jornaldasoficinas.com\\\/pt\\\/wp-content\\\/uploads\\\/2022\\\/10\\\/Bosch-comemora-100-anos-a-duplicar.jpg\",\"width\":1024,\"height\":581,\"caption\":\"10 - Bosch comemora 100 anos a duplicar\"},{\"@type\":\"BreadcrumbList\",\"@id\":\"https:\\\/\\\/jornaldasoficinas.com\\\/pt\\\/bosch-comemora-100-anos-a-duplicar\\\/#breadcrumb\",\"itemListElement\":[{\"@type\":\"ListItem\",\"position\":1,\"name\":\"In\u00edcio\",\"item\":\"https:\\\/\\\/jornaldasoficinas.com\\\/pt\\\/\"},{\"@type\":\"ListItem\",\"position\":2,\"name\":\"Bosch comemora 100 anos a duplicar\"}]},{\"@type\":\"WebSite\",\"@id\":\"https:\\\/\\\/jornaldasoficinas.com\\\/pt\\\/#website\",\"url\":\"https:\\\/\\\/jornaldasoficinas.com\\\/pt\\\/\",\"name\":\"Jornal das Oficinas\",\"description\":\"Jornal independente do Aftermarket Autom\u00f3vel em Portugal\",\"publisher\":{\"@id\":\"https:\\\/\\\/jornaldasoficinas.com\\\/pt\\\/#organization\"},\"potentialAction\":[{\"@type\":\"SearchAction\",\"target\":{\"@type\":\"EntryPoint\",\"urlTemplate\":\"https:\\\/\\\/jornaldasoficinas.com\\\/pt\\\/?s={search_term_string}\"},\"query-input\":{\"@type\":\"PropertyValueSpecification\",\"valueRequired\":true,\"valueName\":\"search_term_string\"}}],\"inLanguage\":\"pt-PT\"},{\"@type\":\"Organization\",\"@id\":\"https:\\\/\\\/jornaldasoficinas.com\\\/pt\\\/#organization\",\"name\":\"Jornal das Oficinas\",\"url\":\"https:\\\/\\\/jornaldasoficinas.com\\\/pt\\\/\",\"logo\":{\"@type\":\"ImageObject\",\"inLanguage\":\"pt-PT\",\"@id\":\"https:\\\/\\\/jornaldasoficinas.com\\\/pt\\\/#\\\/schema\\\/logo\\\/image\\\/\",\"url\":\"https:\\\/\\\/jornaldasoficinas.com\\\/pt\\\/wp-content\\\/uploads\\\/logoJO-SEO.png\",\"contentUrl\":\"https:\\\/\\\/jornaldasoficinas.com\\\/pt\\\/wp-content\\\/uploads\\\/logoJO-SEO.png\",\"width\":285,\"height\":450,\"caption\":\"Jornal das Oficinas\"},\"image\":{\"@id\":\"https:\\\/\\\/jornaldasoficinas.com\\\/pt\\\/#\\\/schema\\\/logo\\\/image\\\/\"},\"sameAs\":[\"https:\\\/\\\/www.facebook.com\\\/jornaloficinas\",\"https:\\\/\\\/x.com\\\/jornaloficinas\",\"https:\\\/\\\/www.instagram.com\\\/jornal_oficinas\\\/\",\"https:\\\/\\\/www.linkedin.com\\\/company\\\/jornal-das-oficinas\\\/\",\"https:\\\/\\\/www.youtube.com\\\/channel\\\/UCbQZBqtcvV-oSQrr7RzINGg\"]},{\"@type\":\"Person\",\"@id\":\"https:\\\/\\\/jornaldasoficinas.com\\\/pt\\\/#\\\/schema\\\/person\\\/a38eef5de2c41d9e7c9ac10141afddf3\",\"name\":\"Reda\u00e7\u00e3o JO\",\"image\":{\"@type\":\"ImageObject\",\"inLanguage\":\"pt-PT\",\"@id\":\"https:\\\/\\\/secure.gravatar.com\\\/avatar\\\/71f2fa71737ad68a84fea94bc708ddac8ea5b0c4788dc2ad202f3ccb2887742f?s=96&d=wp_user_avatar&r=g\",\"url\":\"https:\\\/\\\/secure.gravatar.com\\\/avatar\\\/71f2fa71737ad68a84fea94bc708ddac8ea5b0c4788dc2ad202f3ccb2887742f?s=96&d=wp_user_avatar&r=g\",\"contentUrl\":\"https:\\\/\\\/secure.gravatar.com\\\/avatar\\\/71f2fa71737ad68a84fea94bc708ddac8ea5b0c4788dc2ad202f3ccb2887742f?s=96&d=wp_user_avatar&r=g\",\"caption\":\"Reda\u00e7\u00e3o JO\"},\"url\":\"https:\\\/\\\/jornaldasoficinas.com\\\/pt\\\/author\\\/joredacao\\\/\"}]}<\/script>\n<!-- \/ Yoast SEO plugin. -->","yoast_head_json":{"title":"Bosch comemora 100 anos a duplicar - Jornal das Oficinas","robots":{"index":"index","follow":"follow","max-snippet":"max-snippet:-1","max-image-preview":"max-image-preview:large","max-video-preview":"max-video-preview:-1"},"canonical":"https:\/\/jornaldasoficinas.com\/pt\/bosch-comemora-100-anos-a-duplicar\/","og_locale":"pt_PT","og_type":"article","og_title":"Bosch comemora 100 anos a duplicar - Jornal das Oficinas","og_description":"A Bosch est\u00e1 de parab\u00e9ns! Comemora...","og_url":"https:\/\/jornaldasoficinas.com\/pt\/bosch-comemora-100-anos-a-duplicar\/","og_site_name":"Jornal das Oficinas","article_publisher":"https:\/\/www.facebook.com\/jornaloficinas","article_published_time":"2022-10-05T09:00:54+00:00","og_image":[{"width":1024,"height":581,"url":"https:\/\/jornaldasoficinas.com\/pt\/wp-content\/uploads\/2022\/10\/Bosch-comemora-100-anos-a-duplicar.jpg","type":"image\/jpeg"}],"author":"Reda\u00e7\u00e3o JO","twitter_card":"summary_large_image","twitter_creator":"@jornaloficinas","twitter_site":"@jornaloficinas","twitter_misc":{"Escrito por":"Reda\u00e7\u00e3o JO","Tempo estimado de leitura":"4 minutos"},"schema":{"@context":"https:\/\/schema.org","@graph":[{"@type":"Article","@id":"https:\/\/jornaldasoficinas.com\/pt\/bosch-comemora-100-anos-a-duplicar\/#article","isPartOf":{"@id":"https:\/\/jornaldasoficinas.com\/pt\/bosch-comemora-100-anos-a-duplicar\/"},"author":{"name":"Reda\u00e7\u00e3o JO","@id":"https:\/\/jornaldasoficinas.com\/pt\/#\/schema\/person\/a38eef5de2c41d9e7c9ac10141afddf3"},"headline":"Bosch comemora 100 anos a duplicar","datePublished":"2022-10-05T09:00:54+00:00","mainEntityOfPage":{"@id":"https:\/\/jornaldasoficinas.com\/pt\/bosch-comemora-100-anos-a-duplicar\/"},"wordCount":728,"publisher":{"@id":"https:\/\/jornaldasoficinas.com\/pt\/#organization"},"image":{"@id":"https:\/\/jornaldasoficinas.com\/pt\/bosch-comemora-100-anos-a-duplicar\/#primaryimage"},"thumbnailUrl":"https:\/\/jornaldasoficinas.com\/pt\/wp-content\/uploads\/2022\/10\/Bosch-comemora-100-anos-a-duplicar.jpg","keywords":["Bosch"],"articleSection":["Empresas"],"inLanguage":"pt-PT"},{"@type":"WebPage","@id":"https:\/\/jornaldasoficinas.com\/pt\/bosch-comemora-100-anos-a-duplicar\/","url":"https:\/\/jornaldasoficinas.com\/pt\/bosch-comemora-100-anos-a-duplicar\/","name":"Bosch comemora 100 anos a duplicar - Jornal das Oficinas","isPartOf":{"@id":"https:\/\/jornaldasoficinas.com\/pt\/#website"},"primaryImageOfPage":{"@id":"https:\/\/jornaldasoficinas.com\/pt\/bosch-comemora-100-anos-a-duplicar\/#primaryimage"},"image":{"@id":"https:\/\/jornaldasoficinas.com\/pt\/bosch-comemora-100-anos-a-duplicar\/#primaryimage"},"thumbnailUrl":"https:\/\/jornaldasoficinas.com\/pt\/wp-content\/uploads\/2022\/10\/Bosch-comemora-100-anos-a-duplicar.jpg","datePublished":"2022-10-05T09:00:54+00:00","breadcrumb":{"@id":"https:\/\/jornaldasoficinas.com\/pt\/bosch-comemora-100-anos-a-duplicar\/#breadcrumb"},"inLanguage":"pt-PT","potentialAction":[{"@type":"ReadAction","target":["https:\/\/jornaldasoficinas.com\/pt\/bosch-comemora-100-anos-a-duplicar\/"]}]},{"@type":"ImageObject","inLanguage":"pt-PT","@id":"https:\/\/jornaldasoficinas.com\/pt\/bosch-comemora-100-anos-a-duplicar\/#primaryimage","url":"https:\/\/jornaldasoficinas.com\/pt\/wp-content\/uploads\/2022\/10\/Bosch-comemora-100-anos-a-duplicar.jpg","contentUrl":"https:\/\/jornaldasoficinas.com\/pt\/wp-content\/uploads\/2022\/10\/Bosch-comemora-100-anos-a-duplicar.jpg","width":1024,"height":581,"caption":"10 - Bosch comemora 100 anos a duplicar"},{"@type":"BreadcrumbList","@id":"https:\/\/jornaldasoficinas.com\/pt\/bosch-comemora-100-anos-a-duplicar\/#breadcrumb","itemListElement":[{"@type":"ListItem","position":1,"name":"In\u00edcio","item":"https:\/\/jornaldasoficinas.com\/pt\/"},{"@type":"ListItem","position":2,"name":"Bosch comemora 100 anos a duplicar"}]},{"@type":"WebSite","@id":"https:\/\/jornaldasoficinas.com\/pt\/#website","url":"https:\/\/jornaldasoficinas.com\/pt\/","name":"Jornal das Oficinas","description":"Jornal independente do Aftermarket Autom\u00f3vel em Portugal","publisher":{"@id":"https:\/\/jornaldasoficinas.com\/pt\/#organization"},"potentialAction":[{"@type":"SearchAction","target":{"@type":"EntryPoint","urlTemplate":"https:\/\/jornaldasoficinas.com\/pt\/?s={search_term_string}"},"query-input":{"@type":"PropertyValueSpecification","valueRequired":true,"valueName":"search_term_string"}}],"inLanguage":"pt-PT"},{"@type":"Organization","@id":"https:\/\/jornaldasoficinas.com\/pt\/#organization","name":"Jornal das Oficinas","url":"https:\/\/jornaldasoficinas.com\/pt\/","logo":{"@type":"ImageObject","inLanguage":"pt-PT","@id":"https:\/\/jornaldasoficinas.com\/pt\/#\/schema\/logo\/image\/","url":"https:\/\/jornaldasoficinas.com\/pt\/wp-content\/uploads\/logoJO-SEO.png","contentUrl":"https:\/\/jornaldasoficinas.com\/pt\/wp-content\/uploads\/logoJO-SEO.png","width":285,"height":450,"caption":"Jornal das Oficinas"},"image":{"@id":"https:\/\/jornaldasoficinas.com\/pt\/#\/schema\/logo\/image\/"},"sameAs":["https:\/\/www.facebook.com\/jornaloficinas","https:\/\/x.com\/jornaloficinas","https:\/\/www.instagram.com\/jornal_oficinas\/","https:\/\/www.linkedin.com\/company\/jornal-das-oficinas\/","https:\/\/www.youtube.com\/channel\/UCbQZBqtcvV-oSQrr7RzINGg"]},{"@type":"Person","@id":"https:\/\/jornaldasoficinas.com\/pt\/#\/schema\/person\/a38eef5de2c41d9e7c9ac10141afddf3","name":"Reda\u00e7\u00e3o JO","image":{"@type":"ImageObject","inLanguage":"pt-PT","@id":"https:\/\/secure.gravatar.com\/avatar\/71f2fa71737ad68a84fea94bc708ddac8ea5b0c4788dc2ad202f3ccb2887742f?s=96&d=wp_user_avatar&r=g","url":"https:\/\/secure.gravatar.com\/avatar\/71f2fa71737ad68a84fea94bc708ddac8ea5b0c4788dc2ad202f3ccb2887742f?s=96&d=wp_user_avatar&r=g","contentUrl":"https:\/\/secure.gravatar.com\/avatar\/71f2fa71737ad68a84fea94bc708ddac8ea5b0c4788dc2ad202f3ccb2887742f?s=96&d=wp_user_avatar&r=g","caption":"Reda\u00e7\u00e3o JO"},"url":"https:\/\/jornaldasoficinas.com\/pt\/author\/joredacao\/"}]}},"_links":{"self":[{"href":"https:\/\/jornaldasoficinas.com\/pt\/wp-json\/wp\/v2\/posts\/33472","targetHints":{"allow":["GET"]}}],"collection":[{"href":"https:\/\/jornaldasoficinas.com\/pt\/wp-json\/wp\/v2\/posts"}],"about":[{"href":"https:\/\/jornaldasoficinas.com\/pt\/wp-json\/wp\/v2\/types\/post"}],"author":[{"embeddable":true,"href":"https:\/\/jornaldasoficinas.com\/pt\/wp-json\/wp\/v2\/users\/15"}],"replies":[{"embeddable":true,"href":"https:\/\/jornaldasoficinas.com\/pt\/wp-json\/wp\/v2\/comments?post=33472"}],"version-history":[{"count":0,"href":"https:\/\/jornaldasoficinas.com\/pt\/wp-json\/wp\/v2\/posts\/33472\/revisions"}],"wp:featuredmedia":[{"embeddable":true,"href":"https:\/\/jornaldasoficinas.com\/pt\/wp-json\/wp\/v2\/media\/33439"}],"wp:attachment":[{"href":"https:\/\/jornaldasoficinas.com\/pt\/wp-json\/wp\/v2\/media?parent=33472"}],"wp:term":[{"taxonomy":"category","embeddable":true,"href":"https:\/\/jornaldasoficinas.com\/pt\/wp-json\/wp\/v2\/categories?post=33472"},{"taxonomy":"post_tag","embeddable":true,"href":"https:\/\/jornaldasoficinas.com\/pt\/wp-json\/wp\/v2\/tags?post=33472"}],"curies":[{"name":"wp","href":"https:\/\/api.w.org\/{rel}","templated":true}]}}