{"id":33476,"date":"2022-10-05T14:00:18","date_gmt":"2022-10-05T13:00:18","guid":{"rendered":"https:\/\/jornaldasoficinas.com\/pt\/?p=33476"},"modified":"2022-10-04T09:55:20","modified_gmt":"2022-10-04T08:55:20","slug":"delphi-inaugura-centro-de-treino-em-espanha","status":"publish","type":"post","link":"https:\/\/jornaldasoficinas.com\/pt\/delphi-inaugura-centro-de-treino-em-espanha\/","title":{"rendered":"Delphi inaugura Centro de Treino em Espanha"},"content":{"rendered":"<p><strong><img loading=\"lazy\" decoding=\"async\" class=\"alignnone size-full wp-image-33437\" src=\"https:\/\/jornaldasoficinas.com\/pt\/wp-content\/uploads\/2022\/10\/Delphi-inaugura-Centro-de-Treino-em-Espanha.jpg\" alt=\"10 - Delphi inaugura Centro de Treino em Espanha\" width=\"1024\" height=\"581\" srcset=\"https:\/\/jornaldasoficinas.com\/pt\/wp-content\/uploads\/2022\/10\/Delphi-inaugura-Centro-de-Treino-em-Espanha.jpg 1024w, https:\/\/jornaldasoficinas.com\/pt\/wp-content\/uploads\/2022\/10\/Delphi-inaugura-Centro-de-Treino-em-Espanha-300x170.jpg 300w, https:\/\/jornaldasoficinas.com\/pt\/wp-content\/uploads\/2022\/10\/Delphi-inaugura-Centro-de-Treino-em-Espanha-150x85.jpg 150w, https:\/\/jornaldasoficinas.com\/pt\/wp-content\/uploads\/2022\/10\/Delphi-inaugura-Centro-de-Treino-em-Espanha-768x436.jpg 768w\" sizes=\"auto, (max-width: 1024px) 100vw, 1024px\" \/><\/strong><\/p>\n<p><strong>A <a href=\"https:\/\/www.delphiautoparts.com\/bra\/pt\" target=\"_blank\" rel=\"noopener\">Delphi Technologies<\/a>, marca da BorgWarner Inc., abriu as portas do seu Centro de Treino, em San Fernando de Henares. Este centro, tem como objetivo dar forma\u00e7\u00e3o sobre os seus produtos e servi\u00e7os com o intuito de promover o conhecimento sobre as tecnologias mais avan\u00e7adas exigidas pelo mercado<\/strong><\/p>\n<p>Os alunos poder\u00e3o receber forma\u00e7\u00e3o em diversas tecnologias, divididas em oito categorias: Ve\u00edculos H\u00edbridos e El\u00e9tricos, Equipamentos de Diagn\u00f3stico e Oficina, Eletr\u00f3nica de Ve\u00edculos, Emiss\u00f5es e P\u00f3s-tratamento, Sistemas de Combust\u00edvel a Gasolina, Sistemas de Combust\u00edvel Diesel, Sistemas de Chassis e Outros Sistemas.<\/p>\n<p>A forma\u00e7\u00e3o vai alternar-se sess\u00f5es te\u00f3ricas, onde se desenvolve o quadro de conhecimentos preparat\u00f3rios para a sua posterior aplica\u00e7\u00e3o, e pr\u00e1ticas. Desta forma, a Delphi Technologies fornece ao aluno as habilidades nas mais recentes tecnologias automotivas necess\u00e1rias para melhorar a taxa de repara\u00e7\u00e3o em primeiro lugar, a produtividade e, portanto, a renda da oficina.<\/p>\n<p>Al\u00e9m da forma\u00e7\u00e3o presencial, o novo Centro de Treinamento oferece cursos online que permitem aos alunos aprimorar os seus conhecimentos nessas in\u00fameras disciplinas, com a vantagem de hor\u00e1rios flex\u00edveis, diferentes n\u00edveis de forma\u00e7\u00e3o e as mesmas ferramentas da forma\u00e7\u00e3o presencial.<\/p>\n<p>Al\u00e9m disso, a Delphi Technologies lan\u00e7ar\u00e1 uma oferta de forma\u00e7\u00e3o online por atrav\u00e9s da Delphi Academy. Como biblioteca virtual, esta plataforma de e-learning dar\u00e1 acesso a v\u00e1rios cursos atrav\u00e9s da subscri\u00e7\u00e3o de uma licen\u00e7a anual. Desta forma, quem se inscrever na academia poder\u00e1 gerir de forma f\u00e1cil e c\u00f3moda a forma como ir\u00e1 receber a forma\u00e7\u00e3o, sem limita\u00e7\u00f5es de hor\u00e1rios ou desloca\u00e7\u00f5es, tendo os materiais dispon\u00edveis permanentemente durante a vig\u00eancia da licen\u00e7a.<\/p>\n<p>Inicialmente, o corpus digital da Delphi Academy ser\u00e1 composto por 46 m\u00f3dulos, focados em quatro das \u00e1reas de maior procura e desenvolvimento do mercado atualmente: Ve\u00edculos h\u00edbridos e el\u00e9tricos, Novas tecnologias de propuls\u00e3o, sistemas el\u00e9tricos, Equipamentos veiculares e Sistemas ADAS.<\/p>\n<p>Ministrados por profissionais com larga experi\u00eancia nas tecnologias mais avan\u00e7adas do setor, os cursos foram elaborados com \u00f3timo conte\u00fado audiovisual e interativo para promover um aprendizado mais r\u00e1pido, eficiente e atrativo, al\u00e9m de um simulador de motor para testar as habilidades adquiridas.<\/p>\n","protected":false},"excerpt":{"rendered":"<p>A Delphi Technologies, marca da BorgWarner&#8230;<\/p>\n","protected":false},"author":15,"featured_media":33437,"comment_status":"closed","ping_status":"closed","sticky":false,"template":"","format":"standard","meta":{"footnotes":""},"categories":[29],"tags":[1358,953],"class_list":["post-33476","post","type-post","status-publish","format-standard","has-post-thumbnail","hentry","category-empresas","tag-delphi","tag-delphi-technologies"],"yoast_head":"<!-- This site is optimized with the Yoast SEO plugin v27.4 - https:\/\/yoast.com\/product\/yoast-seo-wordpress\/ -->\n<title>Delphi inaugura Centro de Treino em Espanha - Jornal das Oficinas<\/title>\n<meta name=\"robots\" content=\"index, follow, max-snippet:-1, max-image-preview:large, max-video-preview:-1\" \/>\n<link rel=\"canonical\" href=\"https:\/\/jornaldasoficinas.com\/pt\/delphi-inaugura-centro-de-treino-em-espanha\/\" \/>\n<meta property=\"og:locale\" content=\"pt_PT\" \/>\n<meta property=\"og:type\" content=\"article\" \/>\n<meta property=\"og:title\" content=\"Delphi inaugura Centro de Treino em Espanha - Jornal das Oficinas\" \/>\n<meta property=\"og:description\" content=\"A Delphi Technologies, marca da BorgWarner...\" \/>\n<meta property=\"og:url\" content=\"https:\/\/jornaldasoficinas.com\/pt\/delphi-inaugura-centro-de-treino-em-espanha\/\" \/>\n<meta property=\"og:site_name\" content=\"Jornal das Oficinas\" \/>\n<meta property=\"article:publisher\" content=\"https:\/\/www.facebook.com\/jornaloficinas\" \/>\n<meta property=\"article:published_time\" content=\"2022-10-05T13:00:18+00:00\" \/>\n<meta property=\"og:image\" content=\"https:\/\/jornaldasoficinas.com\/pt\/wp-content\/uploads\/2022\/10\/Delphi-inaugura-Centro-de-Treino-em-Espanha.jpg\" \/>\n\t<meta property=\"og:image:width\" content=\"1024\" \/>\n\t<meta property=\"og:image:height\" content=\"581\" \/>\n\t<meta property=\"og:image:type\" content=\"image\/jpeg\" \/>\n<meta name=\"author\" content=\"Reda\u00e7\u00e3o JO\" \/>\n<meta name=\"twitter:card\" content=\"summary_large_image\" \/>\n<meta name=\"twitter:creator\" content=\"@jornaloficinas\" \/>\n<meta name=\"twitter:site\" content=\"@jornaloficinas\" \/>\n<meta name=\"twitter:label1\" content=\"Escrito por\" \/>\n\t<meta name=\"twitter:data1\" content=\"Reda\u00e7\u00e3o JO\" \/>\n\t<meta name=\"twitter:label2\" content=\"Tempo estimado de leitura\" \/>\n\t<meta name=\"twitter:data2\" content=\"2 minutos\" \/>\n<script type=\"application\/ld+json\" class=\"yoast-schema-graph\">{\"@context\":\"https:\\\/\\\/schema.org\",\"@graph\":[{\"@type\":\"Article\",\"@id\":\"https:\\\/\\\/jornaldasoficinas.com\\\/pt\\\/delphi-inaugura-centro-de-treino-em-espanha\\\/#article\",\"isPartOf\":{\"@id\":\"https:\\\/\\\/jornaldasoficinas.com\\\/pt\\\/delphi-inaugura-centro-de-treino-em-espanha\\\/\"},\"author\":{\"name\":\"Reda\u00e7\u00e3o JO\",\"@id\":\"https:\\\/\\\/jornaldasoficinas.com\\\/pt\\\/#\\\/schema\\\/person\\\/a38eef5de2c41d9e7c9ac10141afddf3\"},\"headline\":\"Delphi inaugura Centro de Treino em Espanha\",\"datePublished\":\"2022-10-05T13:00:18+00:00\",\"mainEntityOfPage\":{\"@id\":\"https:\\\/\\\/jornaldasoficinas.com\\\/pt\\\/delphi-inaugura-centro-de-treino-em-espanha\\\/\"},\"wordCount\":403,\"publisher\":{\"@id\":\"https:\\\/\\\/jornaldasoficinas.com\\\/pt\\\/#organization\"},\"image\":{\"@id\":\"https:\\\/\\\/jornaldasoficinas.com\\\/pt\\\/delphi-inaugura-centro-de-treino-em-espanha\\\/#primaryimage\"},\"thumbnailUrl\":\"https:\\\/\\\/jornaldasoficinas.com\\\/pt\\\/wp-content\\\/uploads\\\/2022\\\/10\\\/Delphi-inaugura-Centro-de-Treino-em-Espanha.jpg\",\"keywords\":[\"Delphi\",\"Delphi Technologies\"],\"articleSection\":[\"Empresas\"],\"inLanguage\":\"pt-PT\"},{\"@type\":\"WebPage\",\"@id\":\"https:\\\/\\\/jornaldasoficinas.com\\\/pt\\\/delphi-inaugura-centro-de-treino-em-espanha\\\/\",\"url\":\"https:\\\/\\\/jornaldasoficinas.com\\\/pt\\\/delphi-inaugura-centro-de-treino-em-espanha\\\/\",\"name\":\"Delphi inaugura Centro de Treino em Espanha - Jornal das Oficinas\",\"isPartOf\":{\"@id\":\"https:\\\/\\\/jornaldasoficinas.com\\\/pt\\\/#website\"},\"primaryImageOfPage\":{\"@id\":\"https:\\\/\\\/jornaldasoficinas.com\\\/pt\\\/delphi-inaugura-centro-de-treino-em-espanha\\\/#primaryimage\"},\"image\":{\"@id\":\"https:\\\/\\\/jornaldasoficinas.com\\\/pt\\\/delphi-inaugura-centro-de-treino-em-espanha\\\/#primaryimage\"},\"thumbnailUrl\":\"https:\\\/\\\/jornaldasoficinas.com\\\/pt\\\/wp-content\\\/uploads\\\/2022\\\/10\\\/Delphi-inaugura-Centro-de-Treino-em-Espanha.jpg\",\"datePublished\":\"2022-10-05T13:00:18+00:00\",\"breadcrumb\":{\"@id\":\"https:\\\/\\\/jornaldasoficinas.com\\\/pt\\\/delphi-inaugura-centro-de-treino-em-espanha\\\/#breadcrumb\"},\"inLanguage\":\"pt-PT\",\"potentialAction\":[{\"@type\":\"ReadAction\",\"target\":[\"https:\\\/\\\/jornaldasoficinas.com\\\/pt\\\/delphi-inaugura-centro-de-treino-em-espanha\\\/\"]}]},{\"@type\":\"ImageObject\",\"inLanguage\":\"pt-PT\",\"@id\":\"https:\\\/\\\/jornaldasoficinas.com\\\/pt\\\/delphi-inaugura-centro-de-treino-em-espanha\\\/#primaryimage\",\"url\":\"https:\\\/\\\/jornaldasoficinas.com\\\/pt\\\/wp-content\\\/uploads\\\/2022\\\/10\\\/Delphi-inaugura-Centro-de-Treino-em-Espanha.jpg\",\"contentUrl\":\"https:\\\/\\\/jornaldasoficinas.com\\\/pt\\\/wp-content\\\/uploads\\\/2022\\\/10\\\/Delphi-inaugura-Centro-de-Treino-em-Espanha.jpg\",\"width\":1024,\"height\":581,\"caption\":\"10 - Delphi inaugura Centro de Treino em Espanha\"},{\"@type\":\"BreadcrumbList\",\"@id\":\"https:\\\/\\\/jornaldasoficinas.com\\\/pt\\\/delphi-inaugura-centro-de-treino-em-espanha\\\/#breadcrumb\",\"itemListElement\":[{\"@type\":\"ListItem\",\"position\":1,\"name\":\"In\u00edcio\",\"item\":\"https:\\\/\\\/jornaldasoficinas.com\\\/pt\\\/\"},{\"@type\":\"ListItem\",\"position\":2,\"name\":\"Delphi inaugura Centro de Treino em Espanha\"}]},{\"@type\":\"WebSite\",\"@id\":\"https:\\\/\\\/jornaldasoficinas.com\\\/pt\\\/#website\",\"url\":\"https:\\\/\\\/jornaldasoficinas.com\\\/pt\\\/\",\"name\":\"Jornal das Oficinas\",\"description\":\"Jornal independente do Aftermarket Autom\u00f3vel em Portugal\",\"publisher\":{\"@id\":\"https:\\\/\\\/jornaldasoficinas.com\\\/pt\\\/#organization\"},\"potentialAction\":[{\"@type\":\"SearchAction\",\"target\":{\"@type\":\"EntryPoint\",\"urlTemplate\":\"https:\\\/\\\/jornaldasoficinas.com\\\/pt\\\/?s={search_term_string}\"},\"query-input\":{\"@type\":\"PropertyValueSpecification\",\"valueRequired\":true,\"valueName\":\"search_term_string\"}}],\"inLanguage\":\"pt-PT\"},{\"@type\":\"Organization\",\"@id\":\"https:\\\/\\\/jornaldasoficinas.com\\\/pt\\\/#organization\",\"name\":\"Jornal das Oficinas\",\"url\":\"https:\\\/\\\/jornaldasoficinas.com\\\/pt\\\/\",\"logo\":{\"@type\":\"ImageObject\",\"inLanguage\":\"pt-PT\",\"@id\":\"https:\\\/\\\/jornaldasoficinas.com\\\/pt\\\/#\\\/schema\\\/logo\\\/image\\\/\",\"url\":\"https:\\\/\\\/jornaldasoficinas.com\\\/pt\\\/wp-content\\\/uploads\\\/logoJO-SEO.png\",\"contentUrl\":\"https:\\\/\\\/jornaldasoficinas.com\\\/pt\\\/wp-content\\\/uploads\\\/logoJO-SEO.png\",\"width\":285,\"height\":450,\"caption\":\"Jornal das Oficinas\"},\"image\":{\"@id\":\"https:\\\/\\\/jornaldasoficinas.com\\\/pt\\\/#\\\/schema\\\/logo\\\/image\\\/\"},\"sameAs\":[\"https:\\\/\\\/www.facebook.com\\\/jornaloficinas\",\"https:\\\/\\\/x.com\\\/jornaloficinas\",\"https:\\\/\\\/www.instagram.com\\\/jornal_oficinas\\\/\",\"https:\\\/\\\/www.linkedin.com\\\/company\\\/jornal-das-oficinas\\\/\",\"https:\\\/\\\/www.youtube.com\\\/channel\\\/UCbQZBqtcvV-oSQrr7RzINGg\"]},{\"@type\":\"Person\",\"@id\":\"https:\\\/\\\/jornaldasoficinas.com\\\/pt\\\/#\\\/schema\\\/person\\\/a38eef5de2c41d9e7c9ac10141afddf3\",\"name\":\"Reda\u00e7\u00e3o JO\",\"image\":{\"@type\":\"ImageObject\",\"inLanguage\":\"pt-PT\",\"@id\":\"https:\\\/\\\/secure.gravatar.com\\\/avatar\\\/71f2fa71737ad68a84fea94bc708ddac8ea5b0c4788dc2ad202f3ccb2887742f?s=96&d=wp_user_avatar&r=g\",\"url\":\"https:\\\/\\\/secure.gravatar.com\\\/avatar\\\/71f2fa71737ad68a84fea94bc708ddac8ea5b0c4788dc2ad202f3ccb2887742f?s=96&d=wp_user_avatar&r=g\",\"contentUrl\":\"https:\\\/\\\/secure.gravatar.com\\\/avatar\\\/71f2fa71737ad68a84fea94bc708ddac8ea5b0c4788dc2ad202f3ccb2887742f?s=96&d=wp_user_avatar&r=g\",\"caption\":\"Reda\u00e7\u00e3o JO\"},\"url\":\"https:\\\/\\\/jornaldasoficinas.com\\\/pt\\\/author\\\/joredacao\\\/\"}]}<\/script>\n<!-- \/ Yoast SEO plugin. -->","yoast_head_json":{"title":"Delphi inaugura Centro de Treino em Espanha - Jornal das Oficinas","robots":{"index":"index","follow":"follow","max-snippet":"max-snippet:-1","max-image-preview":"max-image-preview:large","max-video-preview":"max-video-preview:-1"},"canonical":"https:\/\/jornaldasoficinas.com\/pt\/delphi-inaugura-centro-de-treino-em-espanha\/","og_locale":"pt_PT","og_type":"article","og_title":"Delphi inaugura Centro de Treino em Espanha - Jornal das Oficinas","og_description":"A Delphi Technologies, marca da BorgWarner...","og_url":"https:\/\/jornaldasoficinas.com\/pt\/delphi-inaugura-centro-de-treino-em-espanha\/","og_site_name":"Jornal das Oficinas","article_publisher":"https:\/\/www.facebook.com\/jornaloficinas","article_published_time":"2022-10-05T13:00:18+00:00","og_image":[{"width":1024,"height":581,"url":"https:\/\/jornaldasoficinas.com\/pt\/wp-content\/uploads\/2022\/10\/Delphi-inaugura-Centro-de-Treino-em-Espanha.jpg","type":"image\/jpeg"}],"author":"Reda\u00e7\u00e3o JO","twitter_card":"summary_large_image","twitter_creator":"@jornaloficinas","twitter_site":"@jornaloficinas","twitter_misc":{"Escrito por":"Reda\u00e7\u00e3o JO","Tempo estimado de leitura":"2 minutos"},"schema":{"@context":"https:\/\/schema.org","@graph":[{"@type":"Article","@id":"https:\/\/jornaldasoficinas.com\/pt\/delphi-inaugura-centro-de-treino-em-espanha\/#article","isPartOf":{"@id":"https:\/\/jornaldasoficinas.com\/pt\/delphi-inaugura-centro-de-treino-em-espanha\/"},"author":{"name":"Reda\u00e7\u00e3o JO","@id":"https:\/\/jornaldasoficinas.com\/pt\/#\/schema\/person\/a38eef5de2c41d9e7c9ac10141afddf3"},"headline":"Delphi inaugura Centro de Treino em Espanha","datePublished":"2022-10-05T13:00:18+00:00","mainEntityOfPage":{"@id":"https:\/\/jornaldasoficinas.com\/pt\/delphi-inaugura-centro-de-treino-em-espanha\/"},"wordCount":403,"publisher":{"@id":"https:\/\/jornaldasoficinas.com\/pt\/#organization"},"image":{"@id":"https:\/\/jornaldasoficinas.com\/pt\/delphi-inaugura-centro-de-treino-em-espanha\/#primaryimage"},"thumbnailUrl":"https:\/\/jornaldasoficinas.com\/pt\/wp-content\/uploads\/2022\/10\/Delphi-inaugura-Centro-de-Treino-em-Espanha.jpg","keywords":["Delphi","Delphi Technologies"],"articleSection":["Empresas"],"inLanguage":"pt-PT"},{"@type":"WebPage","@id":"https:\/\/jornaldasoficinas.com\/pt\/delphi-inaugura-centro-de-treino-em-espanha\/","url":"https:\/\/jornaldasoficinas.com\/pt\/delphi-inaugura-centro-de-treino-em-espanha\/","name":"Delphi inaugura Centro de Treino em Espanha - Jornal das Oficinas","isPartOf":{"@id":"https:\/\/jornaldasoficinas.com\/pt\/#website"},"primaryImageOfPage":{"@id":"https:\/\/jornaldasoficinas.com\/pt\/delphi-inaugura-centro-de-treino-em-espanha\/#primaryimage"},"image":{"@id":"https:\/\/jornaldasoficinas.com\/pt\/delphi-inaugura-centro-de-treino-em-espanha\/#primaryimage"},"thumbnailUrl":"https:\/\/jornaldasoficinas.com\/pt\/wp-content\/uploads\/2022\/10\/Delphi-inaugura-Centro-de-Treino-em-Espanha.jpg","datePublished":"2022-10-05T13:00:18+00:00","breadcrumb":{"@id":"https:\/\/jornaldasoficinas.com\/pt\/delphi-inaugura-centro-de-treino-em-espanha\/#breadcrumb"},"inLanguage":"pt-PT","potentialAction":[{"@type":"ReadAction","target":["https:\/\/jornaldasoficinas.com\/pt\/delphi-inaugura-centro-de-treino-em-espanha\/"]}]},{"@type":"ImageObject","inLanguage":"pt-PT","@id":"https:\/\/jornaldasoficinas.com\/pt\/delphi-inaugura-centro-de-treino-em-espanha\/#primaryimage","url":"https:\/\/jornaldasoficinas.com\/pt\/wp-content\/uploads\/2022\/10\/Delphi-inaugura-Centro-de-Treino-em-Espanha.jpg","contentUrl":"https:\/\/jornaldasoficinas.com\/pt\/wp-content\/uploads\/2022\/10\/Delphi-inaugura-Centro-de-Treino-em-Espanha.jpg","width":1024,"height":581,"caption":"10 - Delphi inaugura Centro de Treino em Espanha"},{"@type":"BreadcrumbList","@id":"https:\/\/jornaldasoficinas.com\/pt\/delphi-inaugura-centro-de-treino-em-espanha\/#breadcrumb","itemListElement":[{"@type":"ListItem","position":1,"name":"In\u00edcio","item":"https:\/\/jornaldasoficinas.com\/pt\/"},{"@type":"ListItem","position":2,"name":"Delphi inaugura Centro de Treino em Espanha"}]},{"@type":"WebSite","@id":"https:\/\/jornaldasoficinas.com\/pt\/#website","url":"https:\/\/jornaldasoficinas.com\/pt\/","name":"Jornal das Oficinas","description":"Jornal independente do Aftermarket Autom\u00f3vel em Portugal","publisher":{"@id":"https:\/\/jornaldasoficinas.com\/pt\/#organization"},"potentialAction":[{"@type":"SearchAction","target":{"@type":"EntryPoint","urlTemplate":"https:\/\/jornaldasoficinas.com\/pt\/?s={search_term_string}"},"query-input":{"@type":"PropertyValueSpecification","valueRequired":true,"valueName":"search_term_string"}}],"inLanguage":"pt-PT"},{"@type":"Organization","@id":"https:\/\/jornaldasoficinas.com\/pt\/#organization","name":"Jornal das Oficinas","url":"https:\/\/jornaldasoficinas.com\/pt\/","logo":{"@type":"ImageObject","inLanguage":"pt-PT","@id":"https:\/\/jornaldasoficinas.com\/pt\/#\/schema\/logo\/image\/","url":"https:\/\/jornaldasoficinas.com\/pt\/wp-content\/uploads\/logoJO-SEO.png","contentUrl":"https:\/\/jornaldasoficinas.com\/pt\/wp-content\/uploads\/logoJO-SEO.png","width":285,"height":450,"caption":"Jornal das Oficinas"},"image":{"@id":"https:\/\/jornaldasoficinas.com\/pt\/#\/schema\/logo\/image\/"},"sameAs":["https:\/\/www.facebook.com\/jornaloficinas","https:\/\/x.com\/jornaloficinas","https:\/\/www.instagram.com\/jornal_oficinas\/","https:\/\/www.linkedin.com\/company\/jornal-das-oficinas\/","https:\/\/www.youtube.com\/channel\/UCbQZBqtcvV-oSQrr7RzINGg"]},{"@type":"Person","@id":"https:\/\/jornaldasoficinas.com\/pt\/#\/schema\/person\/a38eef5de2c41d9e7c9ac10141afddf3","name":"Reda\u00e7\u00e3o JO","image":{"@type":"ImageObject","inLanguage":"pt-PT","@id":"https:\/\/secure.gravatar.com\/avatar\/71f2fa71737ad68a84fea94bc708ddac8ea5b0c4788dc2ad202f3ccb2887742f?s=96&d=wp_user_avatar&r=g","url":"https:\/\/secure.gravatar.com\/avatar\/71f2fa71737ad68a84fea94bc708ddac8ea5b0c4788dc2ad202f3ccb2887742f?s=96&d=wp_user_avatar&r=g","contentUrl":"https:\/\/secure.gravatar.com\/avatar\/71f2fa71737ad68a84fea94bc708ddac8ea5b0c4788dc2ad202f3ccb2887742f?s=96&d=wp_user_avatar&r=g","caption":"Reda\u00e7\u00e3o JO"},"url":"https:\/\/jornaldasoficinas.com\/pt\/author\/joredacao\/"}]}},"_links":{"self":[{"href":"https:\/\/jornaldasoficinas.com\/pt\/wp-json\/wp\/v2\/posts\/33476","targetHints":{"allow":["GET"]}}],"collection":[{"href":"https:\/\/jornaldasoficinas.com\/pt\/wp-json\/wp\/v2\/posts"}],"about":[{"href":"https:\/\/jornaldasoficinas.com\/pt\/wp-json\/wp\/v2\/types\/post"}],"author":[{"embeddable":true,"href":"https:\/\/jornaldasoficinas.com\/pt\/wp-json\/wp\/v2\/users\/15"}],"replies":[{"embeddable":true,"href":"https:\/\/jornaldasoficinas.com\/pt\/wp-json\/wp\/v2\/comments?post=33476"}],"version-history":[{"count":0,"href":"https:\/\/jornaldasoficinas.com\/pt\/wp-json\/wp\/v2\/posts\/33476\/revisions"}],"wp:featuredmedia":[{"embeddable":true,"href":"https:\/\/jornaldasoficinas.com\/pt\/wp-json\/wp\/v2\/media\/33437"}],"wp:attachment":[{"href":"https:\/\/jornaldasoficinas.com\/pt\/wp-json\/wp\/v2\/media?parent=33476"}],"wp:term":[{"taxonomy":"category","embeddable":true,"href":"https:\/\/jornaldasoficinas.com\/pt\/wp-json\/wp\/v2\/categories?post=33476"},{"taxonomy":"post_tag","embeddable":true,"href":"https:\/\/jornaldasoficinas.com\/pt\/wp-json\/wp\/v2\/tags?post=33476"}],"curies":[{"name":"wp","href":"https:\/\/api.w.org\/{rel}","templated":true}]}}