{"id":33534,"date":"2022-10-06T16:00:52","date_gmt":"2022-10-06T15:00:52","guid":{"rendered":"https:\/\/jornaldasoficinas.com\/pt\/?p=33534"},"modified":"2023-07-19T15:45:12","modified_gmt":"2023-07-19T14:45:12","slug":"33a-convencao-da-anecra-decorre-a-28-de-outubro-no-ccl","status":"publish","type":"post","link":"https:\/\/jornaldasoficinas.com\/pt\/33a-convencao-da-anecra-decorre-a-28-de-outubro-no-ccl\/","title":{"rendered":"33\u00aa Conven\u00e7\u00e3o da ANECRA decorre a 28 de outubro no CCL"},"content":{"rendered":"<p><img loading=\"lazy\" decoding=\"async\" class=\"alignnone size-full wp-image-33482\" src=\"https:\/\/jornaldasoficinas.com\/pt\/wp-content\/uploads\/2022\/10\/33-Convenc\u0327a\u0303o-da-ANECRA-decorre-a-28-de-outubro-no-CCL.png\" alt=\"10 - 33 Convenc\u0327a\u0303o da ANECRA decorre a 28 de outubro no CCL\" width=\"1024\" height=\"581\" srcset=\"https:\/\/jornaldasoficinas.com\/pt\/wp-content\/uploads\/2022\/10\/33-Convenc\u0327a\u0303o-da-ANECRA-decorre-a-28-de-outubro-no-CCL.png 1024w, https:\/\/jornaldasoficinas.com\/pt\/wp-content\/uploads\/2022\/10\/33-Convenc\u0327a\u0303o-da-ANECRA-decorre-a-28-de-outubro-no-CCL-300x170.png 300w, https:\/\/jornaldasoficinas.com\/pt\/wp-content\/uploads\/2022\/10\/33-Convenc\u0327a\u0303o-da-ANECRA-decorre-a-28-de-outubro-no-CCL-150x85.png 150w, https:\/\/jornaldasoficinas.com\/pt\/wp-content\/uploads\/2022\/10\/33-Convenc\u0327a\u0303o-da-ANECRA-decorre-a-28-de-outubro-no-CCL-768x436.png 768w\" sizes=\"auto, (max-width: 1024px) 100vw, 1024px\" \/><\/p>\n<p><strong>A <a href=\"https:\/\/www.anecra.pt\/\" target=\"_blank\" rel=\"noopener\">ANECRA<\/a> vai celebrar os seus 112 anos de exist\u00eancia na sua 33\u00aa Conven\u00e7\u00e3o anual no pr\u00f3ximo dia 28 de outubro, sob o tema \u201cSECTOR AUTOM\u00d3VEL \u2013 UM ADMIR\u00c1VEL MUNDO NOVO\u201d, no CCL na Junqueira<\/strong><\/p>\n<p>\u00c0 semelhan\u00e7a de anos anteriores, a ANECRA ir\u00e1 fazer uma abordagem transversal \u00e0s tem\u00e1ticas que julga de maior relev\u00e2ncia\u00a0para os seus associados e para todos os operadores do Sector.<\/p>\n<ul>\n<li>Porque \u00e9 que o Ap\u00f3s-Venda \u00e9 pouco Atractivo para as novas Gera\u00e7\u00f5es?<\/li>\n<\/ul>\n<ul>\n<li>Quais s\u00e3o os actuais Desafios da Actividade do Ap\u00f3s Venda?<\/li>\n<\/ul>\n<ul>\n<li>Os Desafios que a Mobilidade e a Eletrifica\u00e7\u00e3o nos Apresenta.<\/li>\n<\/ul>\n<ul>\n<li>Com\u00e9rcio de Ve\u00edculos Usados \u2013 Produto, Digitaliza\u00e7\u00e3o, Garantias, Viaturas Eletrificadas, Novos Operadores.<\/li>\n<\/ul>\n<ul>\n<li>Com\u00e9rcio Autom\u00f3vel \u2013 Os Novos Modelos de Distribui\u00e7\u00e3o, Os Ve\u00edculos El\u00e9tricos e as \u00a0Metas Ambientais, os Novos Conceitos de Mobilidade.<\/li>\n<\/ul>\n<p>Este s\u00e3o, entre outros, alguns dos temas que ir\u00e3o ser tratados nas suas diferentes vertentes, quer, do Com\u00e9rcio de Ve\u00edculos Novos, quer do Ap\u00f3s Venda, em especial, da Repara\u00e7\u00e3o e Manuten\u00e7\u00e3o Autom\u00f3vel, assim como do Com\u00e9rcio de Ve\u00edculos Usados.<\/p>\n<p>O programa desta Conven\u00e7\u00e3o, tem como base os j\u00e1 referidos grandes desafios que se colocam a todos n\u00f3s e em particular a este Setor, nos anos mais pr\u00f3ximos\u00a0s\u00e3o alguns dos temas que ser\u00e3o abordados nesta conven\u00e7\u00e3o.<\/p>\n<p>De regresso est\u00e1 tamb\u00e9m o facto do Evento decorrer de forma presencial e Digital sendo transmitido em streaming para as mais importantes plataformas Digitais, enquanto que constitui presencialmente um espa\u00e7o para o networking, oportunidade \u00fanica e sempre especial, que permite aos muitos participantes conviver de perto com as empresas associadas, assim como diversos Parceiros e Operadores do Sector, que j\u00e1 nos habituaram desde h\u00e1 muito a marcar a sua presen\u00e7a neste nosso evento.<\/p>\n<p><strong>PROGRAMA DIA 28 OUTUBRO 2022<\/strong><strong> &#8211; <\/strong><strong>Manh\u00e3<\/strong><\/p>\n<p>08h30 &#8211; RECEP\u00c7\u00c3O DOS PARTICIPANTES E ENTREGA DE DOCUMENTA\u00c7\u00c3O<\/p>\n<p>09H30 &#8211; SESS\u00c3O DE ABERTURA<\/p>\n<ul>\n<li>Boas vindas do Presidente da Dire\u00e7\u00e3o ANECRA, Alexandre Ferreira<\/li>\n<\/ul>\n<p>09H40 &#8211; SECTOR AUTOM\u00d3VEL \u2013 UM ADMIR\u00c1VEL MUNDO NOVO<\/p>\n<p>09H45 &#8211; AP\u00d3S VENDA &#8211; UM SECTOR POUCO ATRACTIVO PARA AS NOVAS GERA\u00c7\u00d5ES?<\/p>\n<ul>\n<li>O que motiva os Jovens a entrarem no P\u00f3s-Venda<\/li>\n<li>O que podem fazer as empresas para serem atrativas e reterem os seus profissionais?<\/li>\n<li>Que perspetiva de carreira podem oferecer?<\/li>\n<li>Qual \u00e9 o papel dos Centros de forma\u00e7\u00e3o? E das Associa\u00e7\u00f5es?<\/li>\n<li>O que tem sido feito noutros pa\u00edses nesta mat\u00e9ria?<\/li>\n<li>O que podemos aprender de outros setores de atividade?<\/li>\n<\/ul>\n<p>10H00 &#8211; BOAS PR\u00c1TICAS NA CAPTA\u00c7\u00c3O DE PROFISSIONAIS<\/p>\n<p>Orador: Manuel Valadas \u2013 Consultant, Business Managment<\/p>\n<p>10H15 &#8211; PLATAFORMA DE COMBUST\u00cdVEIS DE BAIXO CARBONO<\/p>\n<p>Orador: Antonio Comprido \u2013 APETRO, Secret\u00e1rio Geral<\/p>\n<p>10H30 &#8211; HORA DOS PARCEIROS \/ PAUSA PARA NETWORKING<\/p>\n<p>11H00 &#8211; AP\u00d3S VENDA \u2013 OS DESAFIOS IMEDIATOS DA ACTIVIDADE<\/p>\n<ul>\n<li>Pre\u00e7o-hora da M\u00e3o de Obra \u2013 onde est\u00e1 a margem de lucro das empresas<\/li>\n<li>H\u00e1 necessidade de repensar o Modelo de Regulamenta\u00e7\u00e3o e de Regula\u00e7\u00e3o?<\/li>\n<li>Sucess\u00e3o de Gera\u00e7\u00f5es em empresas familiares<\/li>\n<li>Digitaliza\u00e7\u00e3o do neg\u00f3cio e das viaturas \u2013 rentabilizar investimentos<\/li>\n<li>Perturba\u00e7\u00e3o no abastecimento de Pe\u00e7as e o impacto no neg\u00f3cio.<\/li>\n<\/ul>\n<p>Orador: Ra\u00fal Gonzalez Martin &#8211; SOMOS MOBILIDAD, Coordenador\u2028Moderador: Ana Sofia Cardoso, Jornalista CNN\u2028Participantes:\u2028Artur Teixeira \u2013 GRUPO YESCAR, S\u00f3cio Gerente\u2028Ana Filipa Gomes \u2013 AUTO LAGES, Directora Financeira\u2028Nuno Rold\u00e3o \u2013 ANECRA, Vice-Presidente Direc\u00e7\u00e3o\u2028Jos\u00e9 Pires \u2013 ATLANTIC PARTS, SA. &#8211; Administrador\u2028Ant\u00f3nio Nogueira da Costa &#8211; EF CONSULTING, Administrador<\/p>\n<p>11H50 &#8211; AP\u00d3S VENDA OS DESAFIOS DA MOBILIDADE\/ELECTRIFICA\u00c7\u00c3O<\/p>\n<ul>\n<li>O que vai valer o mercado de ve\u00edculos el\u00e9ctricos e h\u00edbridos?<\/li>\n<li>Quando \u00e9 que o parque circulante de VEH justifica investimentos?<\/li>\n<li>Quando \u00e9 que as viaturas com motores t\u00e9rmicos v\u00e3o acabar?<\/li>\n<li>O Ap\u00f3s-Venda a 2 velocidades?<\/li>\n<\/ul>\n<p>\u25e6\u00a0\u00a0\u00a0\u00a0\u00a0\u00a0\u00a0\u00a0\u00a0\u00a0\u00a0\u00a0 Grandes cidades (com muitas ofertas de mobilidade)<\/p>\n<p>\u25e6\u00a0\u00a0\u00a0\u00a0\u00a0\u00a0\u00a0\u00a0\u00a0\u00a0\u00a0\u00a0 Outras regi\u00f5es em que o transporte individual n\u00e3o tem alternativas?<\/p>\n<ul>\n<li>Ser\u00e3o as Gestoras de Frotas a controlar estas realidades?<\/li>\n<li>Qual vai ser a import\u00e2ncia dos grandes operadores de dados<\/li>\n<\/ul>\n<p>Orador: Emanuel Proen\u00e7a \u2013 PRIO, Administrador\u2028Moderador: Ana Sofia Cardoso, Jornalista CNN\u2028Participantes:\u2028Tiago Ribeiro \u2013 AUDATEX, Portugal Business Development\u2028Jo\u00e3o Seabra \u2013 KIA, Managing DIrector\u2028Pedro Barros \u2013 TIPS4Y, CEO\u2028Ricardo Silva \u2013 LEASEPLAN, Director Comercial<\/p>\n<p>12H40 &#8211; SECTOR AUTOM\u00d3VEL \u2013 UM ADMIR\u00c1VEL MUNDO NOVO<\/p>\n<p>Orador: Ricardo Carvalho \u2013 GRUPO LISBON PROJECT, CEO<\/p>\n<p>13H00 &#8211; Almo\u00e7o<\/p>\n<p><strong>PROGRAMA DIA 28 OUTUBRO 2022<\/strong><strong> &#8211; <\/strong><strong>Tarde<\/strong><\/p>\n<p>14H30 &#8211; COM\u00c9RCIO DE VE\u00cdCULOS USADOS \u2013 ACTIVIDADE EM PROFUNDA TRANSFORMA\u00c7\u00c3O<\/p>\n<ul>\n<li>Onde encontrar produto para vender? Na compra a particulares?<\/li>\n<li>Para quando a regulariza\u00e7\u00e3o do mercado de usados? Como evitar ter um stock sobrevalorizado?<\/li>\n<li>A Pandemia alterou a utiliza\u00e7\u00e3o do digital como canal de vendas. O que mudou depois da pandemia? Voltou ao que era ou os h\u00e1bitos dos clientes mudaram?<\/li>\n<li>As plataformas online (como o StandVirtual) s\u00e3o determinantes. Que espa\u00e7o t\u00eam os sites pr\u00f3prios enquanto canal de neg\u00f3cio?<\/li>\n<li>Que efeitos tem no mercado a nova lei das garantias?<\/li>\n<li>De que forma o Neg\u00f3cio est\u00e1 a mudar? Novos Grandes Operadores: Gestoras, Marcas, Grupos de Retalho, Modelos tipo Cazzo, etc<\/li>\n<li>As Viaturas El\u00e9tricas e H\u00edbridas j\u00e1 t\u00eam relev\u00e2ncia \/ Impacto no Neg\u00f3cio dos Autom\u00f3veis Usados? E nas Gestoras?<\/li>\n<\/ul>\n<p>Orador: Nuno Castel-Branco \u2013 STANDVIRTUAL, CEO\u2028Moderador: Ana Sofia Cardoso, Jornalista CNN\u2028Participantes:\u2028Am\u00e9rico Barroso \u2013 S\u00d3 BARROSO, Administrador\u2028Norberto Dias \u2013 BENTO &amp; DIAS, Gerente\u2028Nuno Grosa \u2013 BENECAR, Administrador<\/p>\n<p>15H30 &#8211; HORA DOS PARCEIROS \/ PAUSA PARA NETWORKING<\/p>\n<p>16H00 &#8211; COM\u00c9RCIO AUTOM\u00d3VEL \u2013 UM ADMIR\u00c1VEL MUNDO NOVO<\/p>\n<ul>\n<li>A legisla\u00e7\u00e3o italiana e as exce\u00e7\u00f5es ao novo BER<\/li>\n<li>Ter\u00e1 efeitos pr\u00e1ticos? \u00c9 um exemplo a seguir?<\/li>\n<li>A venda das Redes de Retalho das marcas.<\/li>\n<li>Chegou ao fim o neg\u00f3cio dos \u2018concession\u00e1rios\u2019?<\/li>\n<\/ul>\n<p>Orador: H\u00e9lder Boavida &#8211; BMCAR, Membro Conselho Consultivo\u2028Moderador: Ana Sofia Cardoso, Jornalista CNN\u2028Participantes:\u2028Manuel Coutinho \u2013 ANECRA, Vice-Presidente Direc\u00e7\u00e3o\u2028Jos\u00e9 Pedro Pinto \u2013 ARVAL PORTUGAL, Director Geral\u2028Jos\u00e9 Athayde de Tavares &#8211; Advogado<\/p>\n<p>17H00 &#8211; SESS\u00c3O SOLENE DE ENCERRAMENTO<\/p>\n<ul>\n<li>AS ALTERA\u00c7\u00d5ES DO MODELO DE ECONOMIA GLOBAL<\/li>\n<\/ul>\n<p>Orador: Pedro Siza Vieira \u2013 Partner na PLMJ Advogados<\/p>\n<ul>\n<li>Discurso do Presidente da Direc\u00e7\u00e3o da Anecra, Alexandre Ferreira<\/li>\n<li>Encerramento da 33\u00aa. Conven\u00e7\u00e3o da ANECRA por Sua Excel\u00eancia a Secret\u00e1ria de Estado do Turismo, Com\u00e9rcio e Servi\u00e7os<\/li>\n<\/ul>\n","protected":false},"excerpt":{"rendered":"<p>A ANECRA vai celebrar os seus&#8230;<\/p>\n","protected":false},"author":15,"featured_media":33482,"comment_status":"closed","ping_status":"closed","sticky":false,"template":"","format":"standard","meta":{"footnotes":""},"categories":[29],"tags":[137],"class_list":["post-33534","post","type-post","status-publish","format-standard","has-post-thumbnail","hentry","category-empresas","tag-anecra"],"yoast_head":"<!-- This site is optimized with the Yoast SEO plugin v27.4 - https:\/\/yoast.com\/product\/yoast-seo-wordpress\/ -->\n<title>33\u00aa Conven\u00e7\u00e3o da ANECRA decorre a 28 de outubro no CCL - Jornal das Oficinas<\/title>\n<meta name=\"robots\" content=\"index, follow, max-snippet:-1, max-image-preview:large, max-video-preview:-1\" \/>\n<link rel=\"canonical\" href=\"https:\/\/jornaldasoficinas.com\/pt\/33a-convencao-da-anecra-decorre-a-28-de-outubro-no-ccl\/\" \/>\n<meta property=\"og:locale\" content=\"pt_PT\" \/>\n<meta property=\"og:type\" content=\"article\" \/>\n<meta property=\"og:title\" content=\"33\u00aa Conven\u00e7\u00e3o da ANECRA decorre a 28 de outubro no CCL - Jornal das Oficinas\" \/>\n<meta property=\"og:description\" content=\"A ANECRA vai celebrar os seus...\" \/>\n<meta property=\"og:url\" content=\"https:\/\/jornaldasoficinas.com\/pt\/33a-convencao-da-anecra-decorre-a-28-de-outubro-no-ccl\/\" \/>\n<meta property=\"og:site_name\" content=\"Jornal das Oficinas\" \/>\n<meta property=\"article:publisher\" content=\"https:\/\/www.facebook.com\/jornaloficinas\" \/>\n<meta property=\"article:published_time\" content=\"2022-10-06T15:00:52+00:00\" \/>\n<meta property=\"article:modified_time\" content=\"2023-07-19T14:45:12+00:00\" \/>\n<meta property=\"og:image\" content=\"https:\/\/jornaldasoficinas.com\/pt\/wp-content\/uploads\/2022\/10\/33-Convenc\u0327a\u0303o-da-ANECRA-decorre-a-28-de-outubro-no-CCL.png\" \/>\n\t<meta property=\"og:image:width\" content=\"1024\" \/>\n\t<meta property=\"og:image:height\" content=\"581\" \/>\n\t<meta property=\"og:image:type\" content=\"image\/png\" \/>\n<meta name=\"author\" content=\"Reda\u00e7\u00e3o JO\" \/>\n<meta name=\"twitter:card\" content=\"summary_large_image\" \/>\n<meta name=\"twitter:creator\" content=\"@jornaloficinas\" \/>\n<meta name=\"twitter:site\" content=\"@jornaloficinas\" \/>\n<meta name=\"twitter:label1\" content=\"Escrito por\" \/>\n\t<meta name=\"twitter:data1\" content=\"Reda\u00e7\u00e3o JO\" \/>\n\t<meta name=\"twitter:label2\" content=\"Tempo estimado de leitura\" \/>\n\t<meta name=\"twitter:data2\" content=\"5 minutos\" \/>\n<script type=\"application\/ld+json\" class=\"yoast-schema-graph\">{\"@context\":\"https:\\\/\\\/schema.org\",\"@graph\":[{\"@type\":\"Article\",\"@id\":\"https:\\\/\\\/jornaldasoficinas.com\\\/pt\\\/33a-convencao-da-anecra-decorre-a-28-de-outubro-no-ccl\\\/#article\",\"isPartOf\":{\"@id\":\"https:\\\/\\\/jornaldasoficinas.com\\\/pt\\\/33a-convencao-da-anecra-decorre-a-28-de-outubro-no-ccl\\\/\"},\"author\":{\"name\":\"Reda\u00e7\u00e3o JO\",\"@id\":\"https:\\\/\\\/jornaldasoficinas.com\\\/pt\\\/#\\\/schema\\\/person\\\/a38eef5de2c41d9e7c9ac10141afddf3\"},\"headline\":\"33\u00aa Conven\u00e7\u00e3o da ANECRA decorre a 28 de outubro no CCL\",\"datePublished\":\"2022-10-06T15:00:52+00:00\",\"dateModified\":\"2023-07-19T14:45:12+00:00\",\"mainEntityOfPage\":{\"@id\":\"https:\\\/\\\/jornaldasoficinas.com\\\/pt\\\/33a-convencao-da-anecra-decorre-a-28-de-outubro-no-ccl\\\/\"},\"wordCount\":1067,\"publisher\":{\"@id\":\"https:\\\/\\\/jornaldasoficinas.com\\\/pt\\\/#organization\"},\"image\":{\"@id\":\"https:\\\/\\\/jornaldasoficinas.com\\\/pt\\\/33a-convencao-da-anecra-decorre-a-28-de-outubro-no-ccl\\\/#primaryimage\"},\"thumbnailUrl\":\"https:\\\/\\\/jornaldasoficinas.com\\\/pt\\\/wp-content\\\/uploads\\\/2022\\\/10\\\/33-Convenc\u0327a\u0303o-da-ANECRA-decorre-a-28-de-outubro-no-CCL.png\",\"keywords\":[\"ANECRA\"],\"articleSection\":[\"Empresas\"],\"inLanguage\":\"pt-PT\"},{\"@type\":\"WebPage\",\"@id\":\"https:\\\/\\\/jornaldasoficinas.com\\\/pt\\\/33a-convencao-da-anecra-decorre-a-28-de-outubro-no-ccl\\\/\",\"url\":\"https:\\\/\\\/jornaldasoficinas.com\\\/pt\\\/33a-convencao-da-anecra-decorre-a-28-de-outubro-no-ccl\\\/\",\"name\":\"33\u00aa Conven\u00e7\u00e3o da ANECRA decorre a 28 de outubro no CCL - Jornal das Oficinas\",\"isPartOf\":{\"@id\":\"https:\\\/\\\/jornaldasoficinas.com\\\/pt\\\/#website\"},\"primaryImageOfPage\":{\"@id\":\"https:\\\/\\\/jornaldasoficinas.com\\\/pt\\\/33a-convencao-da-anecra-decorre-a-28-de-outubro-no-ccl\\\/#primaryimage\"},\"image\":{\"@id\":\"https:\\\/\\\/jornaldasoficinas.com\\\/pt\\\/33a-convencao-da-anecra-decorre-a-28-de-outubro-no-ccl\\\/#primaryimage\"},\"thumbnailUrl\":\"https:\\\/\\\/jornaldasoficinas.com\\\/pt\\\/wp-content\\\/uploads\\\/2022\\\/10\\\/33-Convenc\u0327a\u0303o-da-ANECRA-decorre-a-28-de-outubro-no-CCL.png\",\"datePublished\":\"2022-10-06T15:00:52+00:00\",\"dateModified\":\"2023-07-19T14:45:12+00:00\",\"breadcrumb\":{\"@id\":\"https:\\\/\\\/jornaldasoficinas.com\\\/pt\\\/33a-convencao-da-anecra-decorre-a-28-de-outubro-no-ccl\\\/#breadcrumb\"},\"inLanguage\":\"pt-PT\",\"potentialAction\":[{\"@type\":\"ReadAction\",\"target\":[\"https:\\\/\\\/jornaldasoficinas.com\\\/pt\\\/33a-convencao-da-anecra-decorre-a-28-de-outubro-no-ccl\\\/\"]}]},{\"@type\":\"ImageObject\",\"inLanguage\":\"pt-PT\",\"@id\":\"https:\\\/\\\/jornaldasoficinas.com\\\/pt\\\/33a-convencao-da-anecra-decorre-a-28-de-outubro-no-ccl\\\/#primaryimage\",\"url\":\"https:\\\/\\\/jornaldasoficinas.com\\\/pt\\\/wp-content\\\/uploads\\\/2022\\\/10\\\/33-Convenc\u0327a\u0303o-da-ANECRA-decorre-a-28-de-outubro-no-CCL.png\",\"contentUrl\":\"https:\\\/\\\/jornaldasoficinas.com\\\/pt\\\/wp-content\\\/uploads\\\/2022\\\/10\\\/33-Convenc\u0327a\u0303o-da-ANECRA-decorre-a-28-de-outubro-no-CCL.png\",\"width\":1024,\"height\":581,\"caption\":\"10 - 33 Convenc\u0327a\u0303o da ANECRA decorre a 28 de outubro no CCL\"},{\"@type\":\"BreadcrumbList\",\"@id\":\"https:\\\/\\\/jornaldasoficinas.com\\\/pt\\\/33a-convencao-da-anecra-decorre-a-28-de-outubro-no-ccl\\\/#breadcrumb\",\"itemListElement\":[{\"@type\":\"ListItem\",\"position\":1,\"name\":\"In\u00edcio\",\"item\":\"https:\\\/\\\/jornaldasoficinas.com\\\/pt\\\/\"},{\"@type\":\"ListItem\",\"position\":2,\"name\":\"33\u00aa Conven\u00e7\u00e3o da ANECRA decorre a 28 de outubro no CCL\"}]},{\"@type\":\"WebSite\",\"@id\":\"https:\\\/\\\/jornaldasoficinas.com\\\/pt\\\/#website\",\"url\":\"https:\\\/\\\/jornaldasoficinas.com\\\/pt\\\/\",\"name\":\"Jornal das Oficinas\",\"description\":\"Jornal independente do Aftermarket Autom\u00f3vel em Portugal\",\"publisher\":{\"@id\":\"https:\\\/\\\/jornaldasoficinas.com\\\/pt\\\/#organization\"},\"potentialAction\":[{\"@type\":\"SearchAction\",\"target\":{\"@type\":\"EntryPoint\",\"urlTemplate\":\"https:\\\/\\\/jornaldasoficinas.com\\\/pt\\\/?s={search_term_string}\"},\"query-input\":{\"@type\":\"PropertyValueSpecification\",\"valueRequired\":true,\"valueName\":\"search_term_string\"}}],\"inLanguage\":\"pt-PT\"},{\"@type\":\"Organization\",\"@id\":\"https:\\\/\\\/jornaldasoficinas.com\\\/pt\\\/#organization\",\"name\":\"Jornal das Oficinas\",\"url\":\"https:\\\/\\\/jornaldasoficinas.com\\\/pt\\\/\",\"logo\":{\"@type\":\"ImageObject\",\"inLanguage\":\"pt-PT\",\"@id\":\"https:\\\/\\\/jornaldasoficinas.com\\\/pt\\\/#\\\/schema\\\/logo\\\/image\\\/\",\"url\":\"https:\\\/\\\/jornaldasoficinas.com\\\/pt\\\/wp-content\\\/uploads\\\/logoJO-SEO.png\",\"contentUrl\":\"https:\\\/\\\/jornaldasoficinas.com\\\/pt\\\/wp-content\\\/uploads\\\/logoJO-SEO.png\",\"width\":285,\"height\":450,\"caption\":\"Jornal das Oficinas\"},\"image\":{\"@id\":\"https:\\\/\\\/jornaldasoficinas.com\\\/pt\\\/#\\\/schema\\\/logo\\\/image\\\/\"},\"sameAs\":[\"https:\\\/\\\/www.facebook.com\\\/jornaloficinas\",\"https:\\\/\\\/x.com\\\/jornaloficinas\",\"https:\\\/\\\/www.instagram.com\\\/jornal_oficinas\\\/\",\"https:\\\/\\\/www.linkedin.com\\\/company\\\/jornal-das-oficinas\\\/\",\"https:\\\/\\\/www.youtube.com\\\/channel\\\/UCbQZBqtcvV-oSQrr7RzINGg\"]},{\"@type\":\"Person\",\"@id\":\"https:\\\/\\\/jornaldasoficinas.com\\\/pt\\\/#\\\/schema\\\/person\\\/a38eef5de2c41d9e7c9ac10141afddf3\",\"name\":\"Reda\u00e7\u00e3o JO\",\"image\":{\"@type\":\"ImageObject\",\"inLanguage\":\"pt-PT\",\"@id\":\"https:\\\/\\\/secure.gravatar.com\\\/avatar\\\/71f2fa71737ad68a84fea94bc708ddac8ea5b0c4788dc2ad202f3ccb2887742f?s=96&d=wp_user_avatar&r=g\",\"url\":\"https:\\\/\\\/secure.gravatar.com\\\/avatar\\\/71f2fa71737ad68a84fea94bc708ddac8ea5b0c4788dc2ad202f3ccb2887742f?s=96&d=wp_user_avatar&r=g\",\"contentUrl\":\"https:\\\/\\\/secure.gravatar.com\\\/avatar\\\/71f2fa71737ad68a84fea94bc708ddac8ea5b0c4788dc2ad202f3ccb2887742f?s=96&d=wp_user_avatar&r=g\",\"caption\":\"Reda\u00e7\u00e3o JO\"},\"url\":\"https:\\\/\\\/jornaldasoficinas.com\\\/pt\\\/author\\\/joredacao\\\/\"}]}<\/script>\n<!-- \/ Yoast SEO plugin. -->","yoast_head_json":{"title":"33\u00aa Conven\u00e7\u00e3o da ANECRA decorre a 28 de outubro no CCL - Jornal das Oficinas","robots":{"index":"index","follow":"follow","max-snippet":"max-snippet:-1","max-image-preview":"max-image-preview:large","max-video-preview":"max-video-preview:-1"},"canonical":"https:\/\/jornaldasoficinas.com\/pt\/33a-convencao-da-anecra-decorre-a-28-de-outubro-no-ccl\/","og_locale":"pt_PT","og_type":"article","og_title":"33\u00aa Conven\u00e7\u00e3o da ANECRA decorre a 28 de outubro no CCL - Jornal das Oficinas","og_description":"A ANECRA vai celebrar os seus...","og_url":"https:\/\/jornaldasoficinas.com\/pt\/33a-convencao-da-anecra-decorre-a-28-de-outubro-no-ccl\/","og_site_name":"Jornal das Oficinas","article_publisher":"https:\/\/www.facebook.com\/jornaloficinas","article_published_time":"2022-10-06T15:00:52+00:00","article_modified_time":"2023-07-19T14:45:12+00:00","og_image":[{"width":1024,"height":581,"url":"https:\/\/jornaldasoficinas.com\/pt\/wp-content\/uploads\/2022\/10\/33-Convenc\u0327a\u0303o-da-ANECRA-decorre-a-28-de-outubro-no-CCL.png","type":"image\/png"}],"author":"Reda\u00e7\u00e3o JO","twitter_card":"summary_large_image","twitter_creator":"@jornaloficinas","twitter_site":"@jornaloficinas","twitter_misc":{"Escrito por":"Reda\u00e7\u00e3o JO","Tempo estimado de leitura":"5 minutos"},"schema":{"@context":"https:\/\/schema.org","@graph":[{"@type":"Article","@id":"https:\/\/jornaldasoficinas.com\/pt\/33a-convencao-da-anecra-decorre-a-28-de-outubro-no-ccl\/#article","isPartOf":{"@id":"https:\/\/jornaldasoficinas.com\/pt\/33a-convencao-da-anecra-decorre-a-28-de-outubro-no-ccl\/"},"author":{"name":"Reda\u00e7\u00e3o JO","@id":"https:\/\/jornaldasoficinas.com\/pt\/#\/schema\/person\/a38eef5de2c41d9e7c9ac10141afddf3"},"headline":"33\u00aa Conven\u00e7\u00e3o da ANECRA decorre a 28 de outubro no CCL","datePublished":"2022-10-06T15:00:52+00:00","dateModified":"2023-07-19T14:45:12+00:00","mainEntityOfPage":{"@id":"https:\/\/jornaldasoficinas.com\/pt\/33a-convencao-da-anecra-decorre-a-28-de-outubro-no-ccl\/"},"wordCount":1067,"publisher":{"@id":"https:\/\/jornaldasoficinas.com\/pt\/#organization"},"image":{"@id":"https:\/\/jornaldasoficinas.com\/pt\/33a-convencao-da-anecra-decorre-a-28-de-outubro-no-ccl\/#primaryimage"},"thumbnailUrl":"https:\/\/jornaldasoficinas.com\/pt\/wp-content\/uploads\/2022\/10\/33-Convenc\u0327a\u0303o-da-ANECRA-decorre-a-28-de-outubro-no-CCL.png","keywords":["ANECRA"],"articleSection":["Empresas"],"inLanguage":"pt-PT"},{"@type":"WebPage","@id":"https:\/\/jornaldasoficinas.com\/pt\/33a-convencao-da-anecra-decorre-a-28-de-outubro-no-ccl\/","url":"https:\/\/jornaldasoficinas.com\/pt\/33a-convencao-da-anecra-decorre-a-28-de-outubro-no-ccl\/","name":"33\u00aa Conven\u00e7\u00e3o da ANECRA decorre a 28 de outubro no CCL - Jornal das Oficinas","isPartOf":{"@id":"https:\/\/jornaldasoficinas.com\/pt\/#website"},"primaryImageOfPage":{"@id":"https:\/\/jornaldasoficinas.com\/pt\/33a-convencao-da-anecra-decorre-a-28-de-outubro-no-ccl\/#primaryimage"},"image":{"@id":"https:\/\/jornaldasoficinas.com\/pt\/33a-convencao-da-anecra-decorre-a-28-de-outubro-no-ccl\/#primaryimage"},"thumbnailUrl":"https:\/\/jornaldasoficinas.com\/pt\/wp-content\/uploads\/2022\/10\/33-Convenc\u0327a\u0303o-da-ANECRA-decorre-a-28-de-outubro-no-CCL.png","datePublished":"2022-10-06T15:00:52+00:00","dateModified":"2023-07-19T14:45:12+00:00","breadcrumb":{"@id":"https:\/\/jornaldasoficinas.com\/pt\/33a-convencao-da-anecra-decorre-a-28-de-outubro-no-ccl\/#breadcrumb"},"inLanguage":"pt-PT","potentialAction":[{"@type":"ReadAction","target":["https:\/\/jornaldasoficinas.com\/pt\/33a-convencao-da-anecra-decorre-a-28-de-outubro-no-ccl\/"]}]},{"@type":"ImageObject","inLanguage":"pt-PT","@id":"https:\/\/jornaldasoficinas.com\/pt\/33a-convencao-da-anecra-decorre-a-28-de-outubro-no-ccl\/#primaryimage","url":"https:\/\/jornaldasoficinas.com\/pt\/wp-content\/uploads\/2022\/10\/33-Convenc\u0327a\u0303o-da-ANECRA-decorre-a-28-de-outubro-no-CCL.png","contentUrl":"https:\/\/jornaldasoficinas.com\/pt\/wp-content\/uploads\/2022\/10\/33-Convenc\u0327a\u0303o-da-ANECRA-decorre-a-28-de-outubro-no-CCL.png","width":1024,"height":581,"caption":"10 - 33 Convenc\u0327a\u0303o da ANECRA decorre a 28 de outubro no CCL"},{"@type":"BreadcrumbList","@id":"https:\/\/jornaldasoficinas.com\/pt\/33a-convencao-da-anecra-decorre-a-28-de-outubro-no-ccl\/#breadcrumb","itemListElement":[{"@type":"ListItem","position":1,"name":"In\u00edcio","item":"https:\/\/jornaldasoficinas.com\/pt\/"},{"@type":"ListItem","position":2,"name":"33\u00aa Conven\u00e7\u00e3o da ANECRA decorre a 28 de outubro no CCL"}]},{"@type":"WebSite","@id":"https:\/\/jornaldasoficinas.com\/pt\/#website","url":"https:\/\/jornaldasoficinas.com\/pt\/","name":"Jornal das Oficinas","description":"Jornal independente do Aftermarket Autom\u00f3vel em Portugal","publisher":{"@id":"https:\/\/jornaldasoficinas.com\/pt\/#organization"},"potentialAction":[{"@type":"SearchAction","target":{"@type":"EntryPoint","urlTemplate":"https:\/\/jornaldasoficinas.com\/pt\/?s={search_term_string}"},"query-input":{"@type":"PropertyValueSpecification","valueRequired":true,"valueName":"search_term_string"}}],"inLanguage":"pt-PT"},{"@type":"Organization","@id":"https:\/\/jornaldasoficinas.com\/pt\/#organization","name":"Jornal das Oficinas","url":"https:\/\/jornaldasoficinas.com\/pt\/","logo":{"@type":"ImageObject","inLanguage":"pt-PT","@id":"https:\/\/jornaldasoficinas.com\/pt\/#\/schema\/logo\/image\/","url":"https:\/\/jornaldasoficinas.com\/pt\/wp-content\/uploads\/logoJO-SEO.png","contentUrl":"https:\/\/jornaldasoficinas.com\/pt\/wp-content\/uploads\/logoJO-SEO.png","width":285,"height":450,"caption":"Jornal das Oficinas"},"image":{"@id":"https:\/\/jornaldasoficinas.com\/pt\/#\/schema\/logo\/image\/"},"sameAs":["https:\/\/www.facebook.com\/jornaloficinas","https:\/\/x.com\/jornaloficinas","https:\/\/www.instagram.com\/jornal_oficinas\/","https:\/\/www.linkedin.com\/company\/jornal-das-oficinas\/","https:\/\/www.youtube.com\/channel\/UCbQZBqtcvV-oSQrr7RzINGg"]},{"@type":"Person","@id":"https:\/\/jornaldasoficinas.com\/pt\/#\/schema\/person\/a38eef5de2c41d9e7c9ac10141afddf3","name":"Reda\u00e7\u00e3o JO","image":{"@type":"ImageObject","inLanguage":"pt-PT","@id":"https:\/\/secure.gravatar.com\/avatar\/71f2fa71737ad68a84fea94bc708ddac8ea5b0c4788dc2ad202f3ccb2887742f?s=96&d=wp_user_avatar&r=g","url":"https:\/\/secure.gravatar.com\/avatar\/71f2fa71737ad68a84fea94bc708ddac8ea5b0c4788dc2ad202f3ccb2887742f?s=96&d=wp_user_avatar&r=g","contentUrl":"https:\/\/secure.gravatar.com\/avatar\/71f2fa71737ad68a84fea94bc708ddac8ea5b0c4788dc2ad202f3ccb2887742f?s=96&d=wp_user_avatar&r=g","caption":"Reda\u00e7\u00e3o JO"},"url":"https:\/\/jornaldasoficinas.com\/pt\/author\/joredacao\/"}]}},"_links":{"self":[{"href":"https:\/\/jornaldasoficinas.com\/pt\/wp-json\/wp\/v2\/posts\/33534","targetHints":{"allow":["GET"]}}],"collection":[{"href":"https:\/\/jornaldasoficinas.com\/pt\/wp-json\/wp\/v2\/posts"}],"about":[{"href":"https:\/\/jornaldasoficinas.com\/pt\/wp-json\/wp\/v2\/types\/post"}],"author":[{"embeddable":true,"href":"https:\/\/jornaldasoficinas.com\/pt\/wp-json\/wp\/v2\/users\/15"}],"replies":[{"embeddable":true,"href":"https:\/\/jornaldasoficinas.com\/pt\/wp-json\/wp\/v2\/comments?post=33534"}],"version-history":[{"count":0,"href":"https:\/\/jornaldasoficinas.com\/pt\/wp-json\/wp\/v2\/posts\/33534\/revisions"}],"wp:featuredmedia":[{"embeddable":true,"href":"https:\/\/jornaldasoficinas.com\/pt\/wp-json\/wp\/v2\/media\/33482"}],"wp:attachment":[{"href":"https:\/\/jornaldasoficinas.com\/pt\/wp-json\/wp\/v2\/media?parent=33534"}],"wp:term":[{"taxonomy":"category","embeddable":true,"href":"https:\/\/jornaldasoficinas.com\/pt\/wp-json\/wp\/v2\/categories?post=33534"},{"taxonomy":"post_tag","embeddable":true,"href":"https:\/\/jornaldasoficinas.com\/pt\/wp-json\/wp\/v2\/tags?post=33534"}],"curies":[{"name":"wp","href":"https:\/\/api.w.org\/{rel}","templated":true}]}}