{"id":33551,"date":"2022-10-07T10:00:06","date_gmt":"2022-10-07T09:00:06","guid":{"rendered":"https:\/\/jornaldasoficinas.com\/pt\/?p=33551"},"modified":"2022-10-07T10:22:20","modified_gmt":"2022-10-07T09:22:20","slug":"solera-holdings-cria-sistema-de-inteligencia-de-frotas","status":"publish","type":"post","link":"https:\/\/jornaldasoficinas.com\/pt\/solera-holdings-cria-sistema-de-inteligencia-de-frotas\/","title":{"rendered":"Solera Holdings cria sistema de intelig\u00eancia de frotas"},"content":{"rendered":"<p><img loading=\"lazy\" decoding=\"async\" class=\"alignnone size-full wp-image-33487\" src=\"https:\/\/jornaldasoficinas.com\/pt\/wp-content\/uploads\/2022\/10\/Solera-Holdings-cria-sistema-de-intelige\u0302ncia-de-frotas.jpg\" alt=\"10 - Solera Holdings cria sistema de intelige\u0302ncia de frotas\" width=\"1024\" height=\"581\" srcset=\"https:\/\/jornaldasoficinas.com\/pt\/wp-content\/uploads\/2022\/10\/Solera-Holdings-cria-sistema-de-intelige\u0302ncia-de-frotas.jpg 1024w, https:\/\/jornaldasoficinas.com\/pt\/wp-content\/uploads\/2022\/10\/Solera-Holdings-cria-sistema-de-intelige\u0302ncia-de-frotas-300x170.jpg 300w, https:\/\/jornaldasoficinas.com\/pt\/wp-content\/uploads\/2022\/10\/Solera-Holdings-cria-sistema-de-intelige\u0302ncia-de-frotas-150x85.jpg 150w, https:\/\/jornaldasoficinas.com\/pt\/wp-content\/uploads\/2022\/10\/Solera-Holdings-cria-sistema-de-intelige\u0302ncia-de-frotas-768x436.jpg 768w\" sizes=\"auto, (max-width: 1024px) 100vw, 1024px\" \/><\/p>\n<p><strong>A\u00a0<a href=\"https:\/\/www.solera.pt\/index\" target=\"_blank\" rel=\"noopener\">Solera<\/a> Holdings LLC, empresa ligada ao ciclo de vida dos ve\u00edculos e gest\u00e3o de frotas, anunciou o lan\u00e7amento da sua nova oferta de Fleet Solutions na Europa, M\u00e9dio Oriente e \u00c1frica<\/strong><\/p>\n<p>A Solera Fleet Solutions, ecossistema global de gest\u00e3o de frotas de ponta, proporciona o melhor sistema de intelig\u00eancia de frotas para ajudar os seus gestores a enfrentar os maiores desafios dos dias de hoje. A solu\u00e7\u00e3o ser\u00e1 lan\u00e7ada em toda a Europa a partir do Outono de 2022.<\/p>\n<p>A investiga\u00e7\u00e3o da Solera mostra que os gestores de frotas de toda a Europa est\u00e3o a enfrentar desafios sem precedentes em 2022. Dois ter\u00e7os (65%) dos decisores da frota afirmam que as expectativas dos clientes aumentaram quando se trata da velocidade das entregas, com 79% a sentir-se sob press\u00e3o para tornar as entregas mais r\u00e1pidas e mais eficientes1. Esta situa\u00e7\u00e3o, por sua vez, est\u00e1 a convergir com as preocupa\u00e7\u00f5es sobre o aumento dos custos do combust\u00edvel, a escassez de condutores e os receios de uma recess\u00e3o global, fazendo de 2022 um dos anos mais dif\u00edceis de que h\u00e1 registo2.<\/p>\n<p>Mark Tiana, VP Solera da Fleet Solutions, afirmou\u00a0\u201cAs frotas est\u00e3o a dizer-nos que enfrentam atualmente os maiores desafios da \u00faltima d\u00e9cada &#8211; escassez de condutores, aumento dos custos operacionais, e sobrecarga de dados &#8211; criando uma tempestade perfeita. No entanto, as solu\u00e7\u00f5es tecnol\u00f3gicas que possuem n\u00e3o est\u00e3o a ajud\u00e1-los a resolver estes problemas, est\u00e3o apenas a aumentar o ru\u00eddo. \u00c9 por isso que estamos a lan\u00e7ar a Solera Fleet Solutions na Europa, com o intuito de fornecer \u00e0s frotas conhecimentos significativos que facilitem o trabalho e a vida dos seus gestores e dos condutores, melhorando a efici\u00eancia, e o resultado final.\u201d<\/p>\n<p>Para os gestores de frota, a Solera Fleet Solutions reunir\u00e1 dados inteligentes que est\u00e3o frequentemente fragmentados em m\u00faltiplos sistemas e equipas. Com uma \u00fanica fonte de dados, os gestores de frotas ter\u00e3o a informa\u00e7\u00e3o de que necessitam para reter condutores, reduzir o risco e aumentar a produtividade.<\/p>\n<p>A Solera Fleet Solutions oferece tr\u00eas produtos principais para ajudar as frotas a enfrentar os problemas que enfrentam atualmente:<\/p>\n<p><strong>Solera Protect<\/strong><\/p>\n<ul>\n<li>A Solera Protect (anteriormente denominada SmartDrive Protect) \u00e9 uma solu\u00e7\u00e3o de v\u00eddeo-seguran\u00e7a que permite \u00e0s pequenas frotas n\u00e3o s\u00f3 compreender os incidentes ocorridos na estrada, mas tamb\u00e9m a origem, permitindo-lhes fazer melhorias.<\/li>\n<\/ul>\n<ul>\n<li>Concebido para frotas pequenas e m\u00e9dias, Solera Protect identifica o comportamento do condutor e fornece treino espec\u00edfico focado em melhorar a sua seguran\u00e7a na estrada, ou para recompensar a excelente condu\u00e7\u00e3o.<\/li>\n<\/ul>\n<ul>\n<li>A tecnologia de v\u00eddeo l\u00edder de mercado pode tamb\u00e9m absolver as frotas de a\u00e7\u00f5es judiciais dispendiosas em caso de incidente na estrada, bem como proteg\u00ea-las de reclama\u00e7\u00f5es fraudulentas.<\/li>\n<\/ul>\n<ul>\n<li>A redu\u00e7\u00e3o de incidentes rodovi\u00e1rios significa que os condutores regressam a casa em seguran\u00e7a, bem como a redu\u00e7\u00e3o de custos, devido ao tempo de paragem do ve\u00edculo para repara\u00e7\u00f5es, a\u00e7\u00f5es judiciais e danos de reputa\u00e7\u00e3o.<\/li>\n<\/ul>\n<p><strong>Solera Mentor<\/strong><\/p>\n<ul>\n<li>A Solera Mentor ajuda os clientes a reduzir colis\u00f5es, ferimentos, viola\u00e7\u00f5es de licen\u00e7as, emiss\u00f5es de carbono e o custo total de propriedade do ve\u00edculo atrav\u00e9s de programas de seguran\u00e7a patenteados, de circuito fechado, baseados no comportamento do condutor.<\/li>\n<\/ul>\n<ul>\n<li>Este produto, n\u00e3o s\u00f3 identifica o comportamento de condu\u00e7\u00e3o de risco, mas tamb\u00e9m o corrige com forma\u00e7\u00e3o, recompensas e jogos, e fornece apoio aos condutores e gestores com servi\u00e7os profissionais.<\/li>\n<\/ul>\n<ul>\n<li>A solu\u00e7\u00e3o proporciona uma redu\u00e7\u00e3o de at\u00e9 67% em colis\u00f5es para as frotas e um retorno de investimento consider\u00e1vel devido a menos dias de trabalho do condutor perdidos por ferimentos, compensa\u00e7\u00e3o de trabalhadores, processos de responsabilidade civil, repara\u00e7\u00e3o de ve\u00edculos e emiss\u00f5es de combust\u00edvel.<\/li>\n<\/ul>\n<p><strong>Solera Roadnet Anywhere<\/strong><\/p>\n<ul>\n<li>Ao desempenhar um papel chave na cadeia de abastecimento, Roadnet Anywhere (RNA) \u00e9 um software SaaS baseado em algoritmos poderosos e altamente configurados que permite \u00e0s frotas otimizar os custos e recursos das suas opera\u00e7\u00f5es log\u00edsticas de &#8220;\u00faltima milha&#8221;.<\/li>\n<\/ul>\n<ul>\n<li>Atrav\u00e9s de uma aplica\u00e7\u00e3o para smartphone, os algoritmos avan\u00e7ados do RNA permitem \u00e0s frotas otimizar as suas rotas de \u00faltima milha com base em mais fatores do que qualquer outra tecnologia, desde o custo ao servi\u00e7o e cliente e \u00e0 sazonalidade para assegurar que os clientes finais recebem as mercadorias a tempo.<\/li>\n<\/ul>\n<ul>\n<li>Com a reten\u00e7\u00e3o de condutores, um desafio chave para as frotas em 2023, de acordo com o recente inqu\u00e9rito da Solera aos decisores da frota, passa pela otimiza\u00e7\u00e3o das rotas, de forma a completar mais encomendas com menos condutores.<\/li>\n<\/ul>\n","protected":false},"excerpt":{"rendered":"<p>A\u00a0Solera Holdings LLC, empresa ligada ao&#8230;<\/p>\n","protected":false},"author":15,"featured_media":33487,"comment_status":"closed","ping_status":"closed","sticky":false,"template":"","format":"standard","meta":{"footnotes":""},"categories":[29],"tags":[1053],"class_list":["post-33551","post","type-post","status-publish","format-standard","has-post-thumbnail","hentry","category-empresas","tag-solera"],"yoast_head":"<!-- This site is optimized with the Yoast SEO plugin v27.4 - https:\/\/yoast.com\/product\/yoast-seo-wordpress\/ -->\n<title>Solera Holdings cria sistema de intelig\u00eancia de frotas - Jornal das Oficinas<\/title>\n<meta name=\"robots\" content=\"index, follow, max-snippet:-1, max-image-preview:large, max-video-preview:-1\" \/>\n<link rel=\"canonical\" href=\"https:\/\/jornaldasoficinas.com\/pt\/solera-holdings-cria-sistema-de-inteligencia-de-frotas\/\" \/>\n<meta property=\"og:locale\" content=\"pt_PT\" \/>\n<meta property=\"og:type\" content=\"article\" \/>\n<meta property=\"og:title\" content=\"Solera Holdings cria sistema de intelig\u00eancia de frotas - Jornal das Oficinas\" \/>\n<meta property=\"og:description\" content=\"A\u00a0Solera Holdings LLC, empresa ligada ao...\" \/>\n<meta property=\"og:url\" content=\"https:\/\/jornaldasoficinas.com\/pt\/solera-holdings-cria-sistema-de-inteligencia-de-frotas\/\" \/>\n<meta property=\"og:site_name\" content=\"Jornal das Oficinas\" \/>\n<meta property=\"article:publisher\" content=\"https:\/\/www.facebook.com\/jornaloficinas\" \/>\n<meta property=\"article:published_time\" content=\"2022-10-07T09:00:06+00:00\" \/>\n<meta property=\"article:modified_time\" content=\"2022-10-07T09:22:20+00:00\" \/>\n<meta property=\"og:image\" content=\"https:\/\/jornaldasoficinas.com\/pt\/wp-content\/uploads\/2022\/10\/Solera-Holdings-cria-sistema-de-intelige\u0302ncia-de-frotas.jpg\" \/>\n\t<meta property=\"og:image:width\" content=\"1024\" \/>\n\t<meta property=\"og:image:height\" content=\"581\" \/>\n\t<meta property=\"og:image:type\" content=\"image\/jpeg\" \/>\n<meta name=\"author\" content=\"Reda\u00e7\u00e3o JO\" \/>\n<meta name=\"twitter:card\" content=\"summary_large_image\" \/>\n<meta name=\"twitter:creator\" content=\"@jornaloficinas\" \/>\n<meta name=\"twitter:site\" content=\"@jornaloficinas\" \/>\n<meta name=\"twitter:label1\" content=\"Escrito por\" \/>\n\t<meta name=\"twitter:data1\" content=\"Reda\u00e7\u00e3o JO\" \/>\n\t<meta name=\"twitter:label2\" content=\"Tempo estimado de leitura\" \/>\n\t<meta name=\"twitter:data2\" content=\"4 minutos\" \/>\n<script type=\"application\/ld+json\" class=\"yoast-schema-graph\">{\"@context\":\"https:\\\/\\\/schema.org\",\"@graph\":[{\"@type\":\"Article\",\"@id\":\"https:\\\/\\\/jornaldasoficinas.com\\\/pt\\\/solera-holdings-cria-sistema-de-inteligencia-de-frotas\\\/#article\",\"isPartOf\":{\"@id\":\"https:\\\/\\\/jornaldasoficinas.com\\\/pt\\\/solera-holdings-cria-sistema-de-inteligencia-de-frotas\\\/\"},\"author\":{\"name\":\"Reda\u00e7\u00e3o JO\",\"@id\":\"https:\\\/\\\/jornaldasoficinas.com\\\/pt\\\/#\\\/schema\\\/person\\\/a38eef5de2c41d9e7c9ac10141afddf3\"},\"headline\":\"Solera Holdings cria sistema de intelig\u00eancia de frotas\",\"datePublished\":\"2022-10-07T09:00:06+00:00\",\"dateModified\":\"2022-10-07T09:22:20+00:00\",\"mainEntityOfPage\":{\"@id\":\"https:\\\/\\\/jornaldasoficinas.com\\\/pt\\\/solera-holdings-cria-sistema-de-inteligencia-de-frotas\\\/\"},\"wordCount\":807,\"publisher\":{\"@id\":\"https:\\\/\\\/jornaldasoficinas.com\\\/pt\\\/#organization\"},\"image\":{\"@id\":\"https:\\\/\\\/jornaldasoficinas.com\\\/pt\\\/solera-holdings-cria-sistema-de-inteligencia-de-frotas\\\/#primaryimage\"},\"thumbnailUrl\":\"https:\\\/\\\/jornaldasoficinas.com\\\/pt\\\/wp-content\\\/uploads\\\/2022\\\/10\\\/Solera-Holdings-cria-sistema-de-intelige\u0302ncia-de-frotas.jpg\",\"keywords\":[\"Solera\"],\"articleSection\":[\"Empresas\"],\"inLanguage\":\"pt-PT\"},{\"@type\":\"WebPage\",\"@id\":\"https:\\\/\\\/jornaldasoficinas.com\\\/pt\\\/solera-holdings-cria-sistema-de-inteligencia-de-frotas\\\/\",\"url\":\"https:\\\/\\\/jornaldasoficinas.com\\\/pt\\\/solera-holdings-cria-sistema-de-inteligencia-de-frotas\\\/\",\"name\":\"Solera Holdings cria sistema de intelig\u00eancia de frotas - Jornal das Oficinas\",\"isPartOf\":{\"@id\":\"https:\\\/\\\/jornaldasoficinas.com\\\/pt\\\/#website\"},\"primaryImageOfPage\":{\"@id\":\"https:\\\/\\\/jornaldasoficinas.com\\\/pt\\\/solera-holdings-cria-sistema-de-inteligencia-de-frotas\\\/#primaryimage\"},\"image\":{\"@id\":\"https:\\\/\\\/jornaldasoficinas.com\\\/pt\\\/solera-holdings-cria-sistema-de-inteligencia-de-frotas\\\/#primaryimage\"},\"thumbnailUrl\":\"https:\\\/\\\/jornaldasoficinas.com\\\/pt\\\/wp-content\\\/uploads\\\/2022\\\/10\\\/Solera-Holdings-cria-sistema-de-intelige\u0302ncia-de-frotas.jpg\",\"datePublished\":\"2022-10-07T09:00:06+00:00\",\"dateModified\":\"2022-10-07T09:22:20+00:00\",\"breadcrumb\":{\"@id\":\"https:\\\/\\\/jornaldasoficinas.com\\\/pt\\\/solera-holdings-cria-sistema-de-inteligencia-de-frotas\\\/#breadcrumb\"},\"inLanguage\":\"pt-PT\",\"potentialAction\":[{\"@type\":\"ReadAction\",\"target\":[\"https:\\\/\\\/jornaldasoficinas.com\\\/pt\\\/solera-holdings-cria-sistema-de-inteligencia-de-frotas\\\/\"]}]},{\"@type\":\"ImageObject\",\"inLanguage\":\"pt-PT\",\"@id\":\"https:\\\/\\\/jornaldasoficinas.com\\\/pt\\\/solera-holdings-cria-sistema-de-inteligencia-de-frotas\\\/#primaryimage\",\"url\":\"https:\\\/\\\/jornaldasoficinas.com\\\/pt\\\/wp-content\\\/uploads\\\/2022\\\/10\\\/Solera-Holdings-cria-sistema-de-intelige\u0302ncia-de-frotas.jpg\",\"contentUrl\":\"https:\\\/\\\/jornaldasoficinas.com\\\/pt\\\/wp-content\\\/uploads\\\/2022\\\/10\\\/Solera-Holdings-cria-sistema-de-intelige\u0302ncia-de-frotas.jpg\",\"width\":1024,\"height\":581,\"caption\":\"10 - Solera Holdings cria sistema de intelige\u0302ncia de frotas\"},{\"@type\":\"BreadcrumbList\",\"@id\":\"https:\\\/\\\/jornaldasoficinas.com\\\/pt\\\/solera-holdings-cria-sistema-de-inteligencia-de-frotas\\\/#breadcrumb\",\"itemListElement\":[{\"@type\":\"ListItem\",\"position\":1,\"name\":\"In\u00edcio\",\"item\":\"https:\\\/\\\/jornaldasoficinas.com\\\/pt\\\/\"},{\"@type\":\"ListItem\",\"position\":2,\"name\":\"Solera Holdings cria sistema de intelig\u00eancia de frotas\"}]},{\"@type\":\"WebSite\",\"@id\":\"https:\\\/\\\/jornaldasoficinas.com\\\/pt\\\/#website\",\"url\":\"https:\\\/\\\/jornaldasoficinas.com\\\/pt\\\/\",\"name\":\"Jornal das Oficinas\",\"description\":\"Jornal independente do Aftermarket Autom\u00f3vel em Portugal\",\"publisher\":{\"@id\":\"https:\\\/\\\/jornaldasoficinas.com\\\/pt\\\/#organization\"},\"potentialAction\":[{\"@type\":\"SearchAction\",\"target\":{\"@type\":\"EntryPoint\",\"urlTemplate\":\"https:\\\/\\\/jornaldasoficinas.com\\\/pt\\\/?s={search_term_string}\"},\"query-input\":{\"@type\":\"PropertyValueSpecification\",\"valueRequired\":true,\"valueName\":\"search_term_string\"}}],\"inLanguage\":\"pt-PT\"},{\"@type\":\"Organization\",\"@id\":\"https:\\\/\\\/jornaldasoficinas.com\\\/pt\\\/#organization\",\"name\":\"Jornal das Oficinas\",\"url\":\"https:\\\/\\\/jornaldasoficinas.com\\\/pt\\\/\",\"logo\":{\"@type\":\"ImageObject\",\"inLanguage\":\"pt-PT\",\"@id\":\"https:\\\/\\\/jornaldasoficinas.com\\\/pt\\\/#\\\/schema\\\/logo\\\/image\\\/\",\"url\":\"https:\\\/\\\/jornaldasoficinas.com\\\/pt\\\/wp-content\\\/uploads\\\/logoJO-SEO.png\",\"contentUrl\":\"https:\\\/\\\/jornaldasoficinas.com\\\/pt\\\/wp-content\\\/uploads\\\/logoJO-SEO.png\",\"width\":285,\"height\":450,\"caption\":\"Jornal das Oficinas\"},\"image\":{\"@id\":\"https:\\\/\\\/jornaldasoficinas.com\\\/pt\\\/#\\\/schema\\\/logo\\\/image\\\/\"},\"sameAs\":[\"https:\\\/\\\/www.facebook.com\\\/jornaloficinas\",\"https:\\\/\\\/x.com\\\/jornaloficinas\",\"https:\\\/\\\/www.instagram.com\\\/jornal_oficinas\\\/\",\"https:\\\/\\\/www.linkedin.com\\\/company\\\/jornal-das-oficinas\\\/\",\"https:\\\/\\\/www.youtube.com\\\/channel\\\/UCbQZBqtcvV-oSQrr7RzINGg\"]},{\"@type\":\"Person\",\"@id\":\"https:\\\/\\\/jornaldasoficinas.com\\\/pt\\\/#\\\/schema\\\/person\\\/a38eef5de2c41d9e7c9ac10141afddf3\",\"name\":\"Reda\u00e7\u00e3o JO\",\"image\":{\"@type\":\"ImageObject\",\"inLanguage\":\"pt-PT\",\"@id\":\"https:\\\/\\\/secure.gravatar.com\\\/avatar\\\/71f2fa71737ad68a84fea94bc708ddac8ea5b0c4788dc2ad202f3ccb2887742f?s=96&d=wp_user_avatar&r=g\",\"url\":\"https:\\\/\\\/secure.gravatar.com\\\/avatar\\\/71f2fa71737ad68a84fea94bc708ddac8ea5b0c4788dc2ad202f3ccb2887742f?s=96&d=wp_user_avatar&r=g\",\"contentUrl\":\"https:\\\/\\\/secure.gravatar.com\\\/avatar\\\/71f2fa71737ad68a84fea94bc708ddac8ea5b0c4788dc2ad202f3ccb2887742f?s=96&d=wp_user_avatar&r=g\",\"caption\":\"Reda\u00e7\u00e3o JO\"},\"url\":\"https:\\\/\\\/jornaldasoficinas.com\\\/pt\\\/author\\\/joredacao\\\/\"}]}<\/script>\n<!-- \/ Yoast SEO plugin. -->","yoast_head_json":{"title":"Solera Holdings cria sistema de intelig\u00eancia de frotas - Jornal das Oficinas","robots":{"index":"index","follow":"follow","max-snippet":"max-snippet:-1","max-image-preview":"max-image-preview:large","max-video-preview":"max-video-preview:-1"},"canonical":"https:\/\/jornaldasoficinas.com\/pt\/solera-holdings-cria-sistema-de-inteligencia-de-frotas\/","og_locale":"pt_PT","og_type":"article","og_title":"Solera Holdings cria sistema de intelig\u00eancia de frotas - Jornal das Oficinas","og_description":"A\u00a0Solera Holdings LLC, empresa ligada ao...","og_url":"https:\/\/jornaldasoficinas.com\/pt\/solera-holdings-cria-sistema-de-inteligencia-de-frotas\/","og_site_name":"Jornal das Oficinas","article_publisher":"https:\/\/www.facebook.com\/jornaloficinas","article_published_time":"2022-10-07T09:00:06+00:00","article_modified_time":"2022-10-07T09:22:20+00:00","og_image":[{"width":1024,"height":581,"url":"https:\/\/jornaldasoficinas.com\/pt\/wp-content\/uploads\/2022\/10\/Solera-Holdings-cria-sistema-de-intelige\u0302ncia-de-frotas.jpg","type":"image\/jpeg"}],"author":"Reda\u00e7\u00e3o JO","twitter_card":"summary_large_image","twitter_creator":"@jornaloficinas","twitter_site":"@jornaloficinas","twitter_misc":{"Escrito por":"Reda\u00e7\u00e3o JO","Tempo estimado de leitura":"4 minutos"},"schema":{"@context":"https:\/\/schema.org","@graph":[{"@type":"Article","@id":"https:\/\/jornaldasoficinas.com\/pt\/solera-holdings-cria-sistema-de-inteligencia-de-frotas\/#article","isPartOf":{"@id":"https:\/\/jornaldasoficinas.com\/pt\/solera-holdings-cria-sistema-de-inteligencia-de-frotas\/"},"author":{"name":"Reda\u00e7\u00e3o JO","@id":"https:\/\/jornaldasoficinas.com\/pt\/#\/schema\/person\/a38eef5de2c41d9e7c9ac10141afddf3"},"headline":"Solera Holdings cria sistema de intelig\u00eancia de frotas","datePublished":"2022-10-07T09:00:06+00:00","dateModified":"2022-10-07T09:22:20+00:00","mainEntityOfPage":{"@id":"https:\/\/jornaldasoficinas.com\/pt\/solera-holdings-cria-sistema-de-inteligencia-de-frotas\/"},"wordCount":807,"publisher":{"@id":"https:\/\/jornaldasoficinas.com\/pt\/#organization"},"image":{"@id":"https:\/\/jornaldasoficinas.com\/pt\/solera-holdings-cria-sistema-de-inteligencia-de-frotas\/#primaryimage"},"thumbnailUrl":"https:\/\/jornaldasoficinas.com\/pt\/wp-content\/uploads\/2022\/10\/Solera-Holdings-cria-sistema-de-intelige\u0302ncia-de-frotas.jpg","keywords":["Solera"],"articleSection":["Empresas"],"inLanguage":"pt-PT"},{"@type":"WebPage","@id":"https:\/\/jornaldasoficinas.com\/pt\/solera-holdings-cria-sistema-de-inteligencia-de-frotas\/","url":"https:\/\/jornaldasoficinas.com\/pt\/solera-holdings-cria-sistema-de-inteligencia-de-frotas\/","name":"Solera Holdings cria sistema de intelig\u00eancia de frotas - Jornal das Oficinas","isPartOf":{"@id":"https:\/\/jornaldasoficinas.com\/pt\/#website"},"primaryImageOfPage":{"@id":"https:\/\/jornaldasoficinas.com\/pt\/solera-holdings-cria-sistema-de-inteligencia-de-frotas\/#primaryimage"},"image":{"@id":"https:\/\/jornaldasoficinas.com\/pt\/solera-holdings-cria-sistema-de-inteligencia-de-frotas\/#primaryimage"},"thumbnailUrl":"https:\/\/jornaldasoficinas.com\/pt\/wp-content\/uploads\/2022\/10\/Solera-Holdings-cria-sistema-de-intelige\u0302ncia-de-frotas.jpg","datePublished":"2022-10-07T09:00:06+00:00","dateModified":"2022-10-07T09:22:20+00:00","breadcrumb":{"@id":"https:\/\/jornaldasoficinas.com\/pt\/solera-holdings-cria-sistema-de-inteligencia-de-frotas\/#breadcrumb"},"inLanguage":"pt-PT","potentialAction":[{"@type":"ReadAction","target":["https:\/\/jornaldasoficinas.com\/pt\/solera-holdings-cria-sistema-de-inteligencia-de-frotas\/"]}]},{"@type":"ImageObject","inLanguage":"pt-PT","@id":"https:\/\/jornaldasoficinas.com\/pt\/solera-holdings-cria-sistema-de-inteligencia-de-frotas\/#primaryimage","url":"https:\/\/jornaldasoficinas.com\/pt\/wp-content\/uploads\/2022\/10\/Solera-Holdings-cria-sistema-de-intelige\u0302ncia-de-frotas.jpg","contentUrl":"https:\/\/jornaldasoficinas.com\/pt\/wp-content\/uploads\/2022\/10\/Solera-Holdings-cria-sistema-de-intelige\u0302ncia-de-frotas.jpg","width":1024,"height":581,"caption":"10 - Solera Holdings cria sistema de intelige\u0302ncia de frotas"},{"@type":"BreadcrumbList","@id":"https:\/\/jornaldasoficinas.com\/pt\/solera-holdings-cria-sistema-de-inteligencia-de-frotas\/#breadcrumb","itemListElement":[{"@type":"ListItem","position":1,"name":"In\u00edcio","item":"https:\/\/jornaldasoficinas.com\/pt\/"},{"@type":"ListItem","position":2,"name":"Solera Holdings cria sistema de intelig\u00eancia de frotas"}]},{"@type":"WebSite","@id":"https:\/\/jornaldasoficinas.com\/pt\/#website","url":"https:\/\/jornaldasoficinas.com\/pt\/","name":"Jornal das Oficinas","description":"Jornal independente do Aftermarket Autom\u00f3vel em Portugal","publisher":{"@id":"https:\/\/jornaldasoficinas.com\/pt\/#organization"},"potentialAction":[{"@type":"SearchAction","target":{"@type":"EntryPoint","urlTemplate":"https:\/\/jornaldasoficinas.com\/pt\/?s={search_term_string}"},"query-input":{"@type":"PropertyValueSpecification","valueRequired":true,"valueName":"search_term_string"}}],"inLanguage":"pt-PT"},{"@type":"Organization","@id":"https:\/\/jornaldasoficinas.com\/pt\/#organization","name":"Jornal das Oficinas","url":"https:\/\/jornaldasoficinas.com\/pt\/","logo":{"@type":"ImageObject","inLanguage":"pt-PT","@id":"https:\/\/jornaldasoficinas.com\/pt\/#\/schema\/logo\/image\/","url":"https:\/\/jornaldasoficinas.com\/pt\/wp-content\/uploads\/logoJO-SEO.png","contentUrl":"https:\/\/jornaldasoficinas.com\/pt\/wp-content\/uploads\/logoJO-SEO.png","width":285,"height":450,"caption":"Jornal das Oficinas"},"image":{"@id":"https:\/\/jornaldasoficinas.com\/pt\/#\/schema\/logo\/image\/"},"sameAs":["https:\/\/www.facebook.com\/jornaloficinas","https:\/\/x.com\/jornaloficinas","https:\/\/www.instagram.com\/jornal_oficinas\/","https:\/\/www.linkedin.com\/company\/jornal-das-oficinas\/","https:\/\/www.youtube.com\/channel\/UCbQZBqtcvV-oSQrr7RzINGg"]},{"@type":"Person","@id":"https:\/\/jornaldasoficinas.com\/pt\/#\/schema\/person\/a38eef5de2c41d9e7c9ac10141afddf3","name":"Reda\u00e7\u00e3o JO","image":{"@type":"ImageObject","inLanguage":"pt-PT","@id":"https:\/\/secure.gravatar.com\/avatar\/71f2fa71737ad68a84fea94bc708ddac8ea5b0c4788dc2ad202f3ccb2887742f?s=96&d=wp_user_avatar&r=g","url":"https:\/\/secure.gravatar.com\/avatar\/71f2fa71737ad68a84fea94bc708ddac8ea5b0c4788dc2ad202f3ccb2887742f?s=96&d=wp_user_avatar&r=g","contentUrl":"https:\/\/secure.gravatar.com\/avatar\/71f2fa71737ad68a84fea94bc708ddac8ea5b0c4788dc2ad202f3ccb2887742f?s=96&d=wp_user_avatar&r=g","caption":"Reda\u00e7\u00e3o JO"},"url":"https:\/\/jornaldasoficinas.com\/pt\/author\/joredacao\/"}]}},"_links":{"self":[{"href":"https:\/\/jornaldasoficinas.com\/pt\/wp-json\/wp\/v2\/posts\/33551","targetHints":{"allow":["GET"]}}],"collection":[{"href":"https:\/\/jornaldasoficinas.com\/pt\/wp-json\/wp\/v2\/posts"}],"about":[{"href":"https:\/\/jornaldasoficinas.com\/pt\/wp-json\/wp\/v2\/types\/post"}],"author":[{"embeddable":true,"href":"https:\/\/jornaldasoficinas.com\/pt\/wp-json\/wp\/v2\/users\/15"}],"replies":[{"embeddable":true,"href":"https:\/\/jornaldasoficinas.com\/pt\/wp-json\/wp\/v2\/comments?post=33551"}],"version-history":[{"count":0,"href":"https:\/\/jornaldasoficinas.com\/pt\/wp-json\/wp\/v2\/posts\/33551\/revisions"}],"wp:featuredmedia":[{"embeddable":true,"href":"https:\/\/jornaldasoficinas.com\/pt\/wp-json\/wp\/v2\/media\/33487"}],"wp:attachment":[{"href":"https:\/\/jornaldasoficinas.com\/pt\/wp-json\/wp\/v2\/media?parent=33551"}],"wp:term":[{"taxonomy":"category","embeddable":true,"href":"https:\/\/jornaldasoficinas.com\/pt\/wp-json\/wp\/v2\/categories?post=33551"},{"taxonomy":"post_tag","embeddable":true,"href":"https:\/\/jornaldasoficinas.com\/pt\/wp-json\/wp\/v2\/tags?post=33551"}],"curies":[{"name":"wp","href":"https:\/\/api.w.org\/{rel}","templated":true}]}}