{"id":33571,"date":"2022-10-07T14:00:48","date_gmt":"2022-10-07T13:00:48","guid":{"rendered":"https:\/\/jornaldasoficinas.com\/pt\/?p=33571"},"modified":"2022-10-07T14:10:31","modified_gmt":"2022-10-07T13:10:31","slug":"easypark-celebra-um-ano-de-estacionamentos-em-portugal","status":"publish","type":"post","link":"https:\/\/jornaldasoficinas.com\/pt\/easypark-celebra-um-ano-de-estacionamentos-em-portugal\/","title":{"rendered":"EasyPark celebra um ano de estacionamentos em Portugal"},"content":{"rendered":"<p><strong><img loading=\"lazy\" decoding=\"async\" class=\"alignnone size-full wp-image-33561\" src=\"https:\/\/jornaldasoficinas.com\/pt\/wp-content\/uploads\/2022\/10\/EasyPark-celebra-um-ano-de-estacionamentos-em-Portugal.jpg\" alt=\"10 - EasyPark celebra um ano de estacionamentos em Portugal\" width=\"1024\" height=\"581\" srcset=\"https:\/\/jornaldasoficinas.com\/pt\/wp-content\/uploads\/2022\/10\/EasyPark-celebra-um-ano-de-estacionamentos-em-Portugal.jpg 1024w, https:\/\/jornaldasoficinas.com\/pt\/wp-content\/uploads\/2022\/10\/EasyPark-celebra-um-ano-de-estacionamentos-em-Portugal-300x170.jpg 300w, https:\/\/jornaldasoficinas.com\/pt\/wp-content\/uploads\/2022\/10\/EasyPark-celebra-um-ano-de-estacionamentos-em-Portugal-150x85.jpg 150w, https:\/\/jornaldasoficinas.com\/pt\/wp-content\/uploads\/2022\/10\/EasyPark-celebra-um-ano-de-estacionamentos-em-Portugal-768x436.jpg 768w\" sizes=\"auto, (max-width: 1024px) 100vw, 1024px\" \/><\/strong><\/p>\n<p><strong>A aplica\u00e7\u00e3o <a href=\"https:\/\/easypark.pt\/pt\" target=\"_blank\" rel=\"noopener\">EasyPark<\/a>, que permite aos portugueses gerirem o seu estacionamento atrav\u00e9s do seu telem\u00f3vel, celebra um ano no mercado portugu\u00eas com um balan\u00e7o muito positivo. A\u00a0App de estacionamento est\u00e1 no mercado nacional desde Setembro de 2021<\/strong><\/p>\n<p>A aplica\u00e7\u00e3o EasyPark oferece aos condutores portugueses a possibilidade de gerir o seu estacionamento a partir do seu telem\u00f3vel. Iniciar, parar, prolongar ou terminar a sess\u00e3o de estacionamento \u00e9 realizada de forma c\u00f3moda e eficiente no equipamento m\u00f3vel do condutor, ou atrav\u00e9s da aplica\u00e7\u00e3o\u00a0AndroidAuto\u00a0ou\u00a0Apple\u00a0CarPlay, diretamente nos softwares dos ve\u00edculos. Os condutores podem ainda realizar o pagamento do carregamento do seu ve\u00edculo el\u00e9trico, ou, atrav\u00e9s da solu\u00e7\u00e3o\u00a0Find\u00a0encontrar as ruas com maior disponibilidade de estacionamento em determinada hora.<\/p>\n<p>Para al\u00e9m destas ferramentas para o condutor, a aplica\u00e7\u00e3o oferece ainda solu\u00e7\u00f5es de software para os provedores de estacionamento, desde munic\u00edpios at\u00e9 propriet\u00e1rios privados, contribuindo de forma ativa para a constante melhoria do ecossistema de estacionamento em toda a Europa.<\/p>\n<p>Presente em 25 pa\u00edses em todo o mundo e mais de 3500 cidades, 2200 das quais europeias, a EasyPark permite aos condutores portugueses estacionar e gerir o seu estacionamento de forma r\u00e1pida em qualquer uma das cidades em que estejam presentes.<\/p>\n<p>Se por um lado os utilizadores portugueses da EasyPark utilizaram este recurso sobretudo em It\u00e1lia, Espanha, Dinamarca, Su\u00e9cia e B\u00e9lgica, a verdade \u00e9 que foram os condutores tamb\u00e9m espanh\u00f3is, franceses, alem\u00e3es, italianos e suecos que mais visitaram o nosso pa\u00eds nos \u00faltimos doze meses e estacionaram recorrendo \u00e0 EasyPark.<\/p>\n<p>A cobertura internacional da aplica\u00e7\u00e3o permite aos condutores a utiliza\u00e7\u00e3o de um sistema de estacionamento sem quaisquer problemas \u2013 uma vez que \u00e9 poss\u00edvel executar todo o processo na sua l\u00edngua natal, o condutor fica assim com mais tempo para os seus afazeres.<\/p>\n<p>\u201cQuando entr\u00e1mos no mercado portugu\u00eas t\u00ednhamos como objetivo n\u00e3o apenas aumentar a nossa cobertura aos utilizadores que temos por toda a Europa, mas tamb\u00e9m oferecer aos condutores portugueses todas as vantagens da nossa aplica\u00e7\u00e3o. Depois de um ano\u00a0 verificamos um crescimento constante do registo de estacionamentos na nossa aplica\u00e7\u00e3o quer diretamente em Portugal, quer dos portugueses l\u00e1 fora. Fazemos um balan\u00e7o claramente positivo, com a perspetiva de abrir n\u00e3o apenas novas cidades, mas tamb\u00e9m trazer mais servi\u00e7os para todo o territ\u00f3rio nacional\u201d, afirma Jennifer Amador Tavares de Sousa Diretora para Portugal do EasyPark Group.<\/p>\n","protected":false},"excerpt":{"rendered":"<p>A aplica\u00e7\u00e3o EasyPark, que permite aos&#8230;<\/p>\n","protected":false},"author":15,"featured_media":33561,"comment_status":"closed","ping_status":"closed","sticky":false,"template":"","format":"standard","meta":{"footnotes":""},"categories":[29],"tags":[2791],"class_list":["post-33571","post","type-post","status-publish","format-standard","has-post-thumbnail","hentry","category-empresas","tag-easypark"],"yoast_head":"<!-- This site is optimized with the Yoast SEO plugin v27.4 - https:\/\/yoast.com\/product\/yoast-seo-wordpress\/ -->\n<title>EasyPark celebra um ano de estacionamentos em Portugal - Jornal das Oficinas<\/title>\n<meta name=\"robots\" content=\"index, follow, max-snippet:-1, max-image-preview:large, max-video-preview:-1\" \/>\n<link rel=\"canonical\" href=\"https:\/\/jornaldasoficinas.com\/pt\/easypark-celebra-um-ano-de-estacionamentos-em-portugal\/\" \/>\n<meta property=\"og:locale\" content=\"pt_PT\" \/>\n<meta property=\"og:type\" content=\"article\" \/>\n<meta property=\"og:title\" content=\"EasyPark celebra um ano de estacionamentos em Portugal - Jornal das Oficinas\" \/>\n<meta property=\"og:description\" content=\"A aplica\u00e7\u00e3o EasyPark, que permite aos...\" \/>\n<meta property=\"og:url\" content=\"https:\/\/jornaldasoficinas.com\/pt\/easypark-celebra-um-ano-de-estacionamentos-em-portugal\/\" \/>\n<meta property=\"og:site_name\" content=\"Jornal das Oficinas\" \/>\n<meta property=\"article:publisher\" content=\"https:\/\/www.facebook.com\/jornaloficinas\" \/>\n<meta property=\"article:published_time\" content=\"2022-10-07T13:00:48+00:00\" \/>\n<meta property=\"article:modified_time\" content=\"2022-10-07T13:10:31+00:00\" \/>\n<meta property=\"og:image\" content=\"https:\/\/jornaldasoficinas.com\/pt\/wp-content\/uploads\/2022\/10\/EasyPark-celebra-um-ano-de-estacionamentos-em-Portugal.jpg\" \/>\n\t<meta property=\"og:image:width\" content=\"1024\" \/>\n\t<meta property=\"og:image:height\" content=\"581\" \/>\n\t<meta property=\"og:image:type\" content=\"image\/jpeg\" \/>\n<meta name=\"author\" content=\"Reda\u00e7\u00e3o JO\" \/>\n<meta name=\"twitter:card\" content=\"summary_large_image\" \/>\n<meta name=\"twitter:creator\" content=\"@jornaloficinas\" \/>\n<meta name=\"twitter:site\" content=\"@jornaloficinas\" \/>\n<meta name=\"twitter:label1\" content=\"Escrito por\" \/>\n\t<meta name=\"twitter:data1\" content=\"Reda\u00e7\u00e3o JO\" \/>\n\t<meta name=\"twitter:label2\" content=\"Tempo estimado de leitura\" \/>\n\t<meta name=\"twitter:data2\" content=\"2 minutos\" \/>\n<script type=\"application\/ld+json\" class=\"yoast-schema-graph\">{\"@context\":\"https:\\\/\\\/schema.org\",\"@graph\":[{\"@type\":\"Article\",\"@id\":\"https:\\\/\\\/jornaldasoficinas.com\\\/pt\\\/easypark-celebra-um-ano-de-estacionamentos-em-portugal\\\/#article\",\"isPartOf\":{\"@id\":\"https:\\\/\\\/jornaldasoficinas.com\\\/pt\\\/easypark-celebra-um-ano-de-estacionamentos-em-portugal\\\/\"},\"author\":{\"name\":\"Reda\u00e7\u00e3o JO\",\"@id\":\"https:\\\/\\\/jornaldasoficinas.com\\\/pt\\\/#\\\/schema\\\/person\\\/a38eef5de2c41d9e7c9ac10141afddf3\"},\"headline\":\"EasyPark celebra um ano de estacionamentos em Portugal\",\"datePublished\":\"2022-10-07T13:00:48+00:00\",\"dateModified\":\"2022-10-07T13:10:31+00:00\",\"mainEntityOfPage\":{\"@id\":\"https:\\\/\\\/jornaldasoficinas.com\\\/pt\\\/easypark-celebra-um-ano-de-estacionamentos-em-portugal\\\/\"},\"wordCount\":433,\"publisher\":{\"@id\":\"https:\\\/\\\/jornaldasoficinas.com\\\/pt\\\/#organization\"},\"image\":{\"@id\":\"https:\\\/\\\/jornaldasoficinas.com\\\/pt\\\/easypark-celebra-um-ano-de-estacionamentos-em-portugal\\\/#primaryimage\"},\"thumbnailUrl\":\"https:\\\/\\\/jornaldasoficinas.com\\\/pt\\\/wp-content\\\/uploads\\\/2022\\\/10\\\/EasyPark-celebra-um-ano-de-estacionamentos-em-Portugal.jpg\",\"keywords\":[\"EasyPark\"],\"articleSection\":[\"Empresas\"],\"inLanguage\":\"pt-PT\"},{\"@type\":\"WebPage\",\"@id\":\"https:\\\/\\\/jornaldasoficinas.com\\\/pt\\\/easypark-celebra-um-ano-de-estacionamentos-em-portugal\\\/\",\"url\":\"https:\\\/\\\/jornaldasoficinas.com\\\/pt\\\/easypark-celebra-um-ano-de-estacionamentos-em-portugal\\\/\",\"name\":\"EasyPark celebra um ano de estacionamentos em Portugal - Jornal das Oficinas\",\"isPartOf\":{\"@id\":\"https:\\\/\\\/jornaldasoficinas.com\\\/pt\\\/#website\"},\"primaryImageOfPage\":{\"@id\":\"https:\\\/\\\/jornaldasoficinas.com\\\/pt\\\/easypark-celebra-um-ano-de-estacionamentos-em-portugal\\\/#primaryimage\"},\"image\":{\"@id\":\"https:\\\/\\\/jornaldasoficinas.com\\\/pt\\\/easypark-celebra-um-ano-de-estacionamentos-em-portugal\\\/#primaryimage\"},\"thumbnailUrl\":\"https:\\\/\\\/jornaldasoficinas.com\\\/pt\\\/wp-content\\\/uploads\\\/2022\\\/10\\\/EasyPark-celebra-um-ano-de-estacionamentos-em-Portugal.jpg\",\"datePublished\":\"2022-10-07T13:00:48+00:00\",\"dateModified\":\"2022-10-07T13:10:31+00:00\",\"breadcrumb\":{\"@id\":\"https:\\\/\\\/jornaldasoficinas.com\\\/pt\\\/easypark-celebra-um-ano-de-estacionamentos-em-portugal\\\/#breadcrumb\"},\"inLanguage\":\"pt-PT\",\"potentialAction\":[{\"@type\":\"ReadAction\",\"target\":[\"https:\\\/\\\/jornaldasoficinas.com\\\/pt\\\/easypark-celebra-um-ano-de-estacionamentos-em-portugal\\\/\"]}]},{\"@type\":\"ImageObject\",\"inLanguage\":\"pt-PT\",\"@id\":\"https:\\\/\\\/jornaldasoficinas.com\\\/pt\\\/easypark-celebra-um-ano-de-estacionamentos-em-portugal\\\/#primaryimage\",\"url\":\"https:\\\/\\\/jornaldasoficinas.com\\\/pt\\\/wp-content\\\/uploads\\\/2022\\\/10\\\/EasyPark-celebra-um-ano-de-estacionamentos-em-Portugal.jpg\",\"contentUrl\":\"https:\\\/\\\/jornaldasoficinas.com\\\/pt\\\/wp-content\\\/uploads\\\/2022\\\/10\\\/EasyPark-celebra-um-ano-de-estacionamentos-em-Portugal.jpg\",\"width\":1024,\"height\":581,\"caption\":\"10 - EasyPark celebra um ano de estacionamentos em Portugal\"},{\"@type\":\"BreadcrumbList\",\"@id\":\"https:\\\/\\\/jornaldasoficinas.com\\\/pt\\\/easypark-celebra-um-ano-de-estacionamentos-em-portugal\\\/#breadcrumb\",\"itemListElement\":[{\"@type\":\"ListItem\",\"position\":1,\"name\":\"In\u00edcio\",\"item\":\"https:\\\/\\\/jornaldasoficinas.com\\\/pt\\\/\"},{\"@type\":\"ListItem\",\"position\":2,\"name\":\"EasyPark celebra um ano de estacionamentos em Portugal\"}]},{\"@type\":\"WebSite\",\"@id\":\"https:\\\/\\\/jornaldasoficinas.com\\\/pt\\\/#website\",\"url\":\"https:\\\/\\\/jornaldasoficinas.com\\\/pt\\\/\",\"name\":\"Jornal das Oficinas\",\"description\":\"Jornal independente do Aftermarket Autom\u00f3vel em Portugal\",\"publisher\":{\"@id\":\"https:\\\/\\\/jornaldasoficinas.com\\\/pt\\\/#organization\"},\"potentialAction\":[{\"@type\":\"SearchAction\",\"target\":{\"@type\":\"EntryPoint\",\"urlTemplate\":\"https:\\\/\\\/jornaldasoficinas.com\\\/pt\\\/?s={search_term_string}\"},\"query-input\":{\"@type\":\"PropertyValueSpecification\",\"valueRequired\":true,\"valueName\":\"search_term_string\"}}],\"inLanguage\":\"pt-PT\"},{\"@type\":\"Organization\",\"@id\":\"https:\\\/\\\/jornaldasoficinas.com\\\/pt\\\/#organization\",\"name\":\"Jornal das Oficinas\",\"url\":\"https:\\\/\\\/jornaldasoficinas.com\\\/pt\\\/\",\"logo\":{\"@type\":\"ImageObject\",\"inLanguage\":\"pt-PT\",\"@id\":\"https:\\\/\\\/jornaldasoficinas.com\\\/pt\\\/#\\\/schema\\\/logo\\\/image\\\/\",\"url\":\"https:\\\/\\\/jornaldasoficinas.com\\\/pt\\\/wp-content\\\/uploads\\\/logoJO-SEO.png\",\"contentUrl\":\"https:\\\/\\\/jornaldasoficinas.com\\\/pt\\\/wp-content\\\/uploads\\\/logoJO-SEO.png\",\"width\":285,\"height\":450,\"caption\":\"Jornal das Oficinas\"},\"image\":{\"@id\":\"https:\\\/\\\/jornaldasoficinas.com\\\/pt\\\/#\\\/schema\\\/logo\\\/image\\\/\"},\"sameAs\":[\"https:\\\/\\\/www.facebook.com\\\/jornaloficinas\",\"https:\\\/\\\/x.com\\\/jornaloficinas\",\"https:\\\/\\\/www.instagram.com\\\/jornal_oficinas\\\/\",\"https:\\\/\\\/www.linkedin.com\\\/company\\\/jornal-das-oficinas\\\/\",\"https:\\\/\\\/www.youtube.com\\\/channel\\\/UCbQZBqtcvV-oSQrr7RzINGg\"]},{\"@type\":\"Person\",\"@id\":\"https:\\\/\\\/jornaldasoficinas.com\\\/pt\\\/#\\\/schema\\\/person\\\/a38eef5de2c41d9e7c9ac10141afddf3\",\"name\":\"Reda\u00e7\u00e3o JO\",\"image\":{\"@type\":\"ImageObject\",\"inLanguage\":\"pt-PT\",\"@id\":\"https:\\\/\\\/secure.gravatar.com\\\/avatar\\\/71f2fa71737ad68a84fea94bc708ddac8ea5b0c4788dc2ad202f3ccb2887742f?s=96&d=wp_user_avatar&r=g\",\"url\":\"https:\\\/\\\/secure.gravatar.com\\\/avatar\\\/71f2fa71737ad68a84fea94bc708ddac8ea5b0c4788dc2ad202f3ccb2887742f?s=96&d=wp_user_avatar&r=g\",\"contentUrl\":\"https:\\\/\\\/secure.gravatar.com\\\/avatar\\\/71f2fa71737ad68a84fea94bc708ddac8ea5b0c4788dc2ad202f3ccb2887742f?s=96&d=wp_user_avatar&r=g\",\"caption\":\"Reda\u00e7\u00e3o JO\"},\"url\":\"https:\\\/\\\/jornaldasoficinas.com\\\/pt\\\/author\\\/joredacao\\\/\"}]}<\/script>\n<!-- \/ Yoast SEO plugin. -->","yoast_head_json":{"title":"EasyPark celebra um ano de estacionamentos em Portugal - Jornal das Oficinas","robots":{"index":"index","follow":"follow","max-snippet":"max-snippet:-1","max-image-preview":"max-image-preview:large","max-video-preview":"max-video-preview:-1"},"canonical":"https:\/\/jornaldasoficinas.com\/pt\/easypark-celebra-um-ano-de-estacionamentos-em-portugal\/","og_locale":"pt_PT","og_type":"article","og_title":"EasyPark celebra um ano de estacionamentos em Portugal - Jornal das Oficinas","og_description":"A aplica\u00e7\u00e3o EasyPark, que permite aos...","og_url":"https:\/\/jornaldasoficinas.com\/pt\/easypark-celebra-um-ano-de-estacionamentos-em-portugal\/","og_site_name":"Jornal das Oficinas","article_publisher":"https:\/\/www.facebook.com\/jornaloficinas","article_published_time":"2022-10-07T13:00:48+00:00","article_modified_time":"2022-10-07T13:10:31+00:00","og_image":[{"width":1024,"height":581,"url":"https:\/\/jornaldasoficinas.com\/pt\/wp-content\/uploads\/2022\/10\/EasyPark-celebra-um-ano-de-estacionamentos-em-Portugal.jpg","type":"image\/jpeg"}],"author":"Reda\u00e7\u00e3o JO","twitter_card":"summary_large_image","twitter_creator":"@jornaloficinas","twitter_site":"@jornaloficinas","twitter_misc":{"Escrito por":"Reda\u00e7\u00e3o JO","Tempo estimado de leitura":"2 minutos"},"schema":{"@context":"https:\/\/schema.org","@graph":[{"@type":"Article","@id":"https:\/\/jornaldasoficinas.com\/pt\/easypark-celebra-um-ano-de-estacionamentos-em-portugal\/#article","isPartOf":{"@id":"https:\/\/jornaldasoficinas.com\/pt\/easypark-celebra-um-ano-de-estacionamentos-em-portugal\/"},"author":{"name":"Reda\u00e7\u00e3o JO","@id":"https:\/\/jornaldasoficinas.com\/pt\/#\/schema\/person\/a38eef5de2c41d9e7c9ac10141afddf3"},"headline":"EasyPark celebra um ano de estacionamentos em Portugal","datePublished":"2022-10-07T13:00:48+00:00","dateModified":"2022-10-07T13:10:31+00:00","mainEntityOfPage":{"@id":"https:\/\/jornaldasoficinas.com\/pt\/easypark-celebra-um-ano-de-estacionamentos-em-portugal\/"},"wordCount":433,"publisher":{"@id":"https:\/\/jornaldasoficinas.com\/pt\/#organization"},"image":{"@id":"https:\/\/jornaldasoficinas.com\/pt\/easypark-celebra-um-ano-de-estacionamentos-em-portugal\/#primaryimage"},"thumbnailUrl":"https:\/\/jornaldasoficinas.com\/pt\/wp-content\/uploads\/2022\/10\/EasyPark-celebra-um-ano-de-estacionamentos-em-Portugal.jpg","keywords":["EasyPark"],"articleSection":["Empresas"],"inLanguage":"pt-PT"},{"@type":"WebPage","@id":"https:\/\/jornaldasoficinas.com\/pt\/easypark-celebra-um-ano-de-estacionamentos-em-portugal\/","url":"https:\/\/jornaldasoficinas.com\/pt\/easypark-celebra-um-ano-de-estacionamentos-em-portugal\/","name":"EasyPark celebra um ano de estacionamentos em Portugal - Jornal das Oficinas","isPartOf":{"@id":"https:\/\/jornaldasoficinas.com\/pt\/#website"},"primaryImageOfPage":{"@id":"https:\/\/jornaldasoficinas.com\/pt\/easypark-celebra-um-ano-de-estacionamentos-em-portugal\/#primaryimage"},"image":{"@id":"https:\/\/jornaldasoficinas.com\/pt\/easypark-celebra-um-ano-de-estacionamentos-em-portugal\/#primaryimage"},"thumbnailUrl":"https:\/\/jornaldasoficinas.com\/pt\/wp-content\/uploads\/2022\/10\/EasyPark-celebra-um-ano-de-estacionamentos-em-Portugal.jpg","datePublished":"2022-10-07T13:00:48+00:00","dateModified":"2022-10-07T13:10:31+00:00","breadcrumb":{"@id":"https:\/\/jornaldasoficinas.com\/pt\/easypark-celebra-um-ano-de-estacionamentos-em-portugal\/#breadcrumb"},"inLanguage":"pt-PT","potentialAction":[{"@type":"ReadAction","target":["https:\/\/jornaldasoficinas.com\/pt\/easypark-celebra-um-ano-de-estacionamentos-em-portugal\/"]}]},{"@type":"ImageObject","inLanguage":"pt-PT","@id":"https:\/\/jornaldasoficinas.com\/pt\/easypark-celebra-um-ano-de-estacionamentos-em-portugal\/#primaryimage","url":"https:\/\/jornaldasoficinas.com\/pt\/wp-content\/uploads\/2022\/10\/EasyPark-celebra-um-ano-de-estacionamentos-em-Portugal.jpg","contentUrl":"https:\/\/jornaldasoficinas.com\/pt\/wp-content\/uploads\/2022\/10\/EasyPark-celebra-um-ano-de-estacionamentos-em-Portugal.jpg","width":1024,"height":581,"caption":"10 - EasyPark celebra um ano de estacionamentos em Portugal"},{"@type":"BreadcrumbList","@id":"https:\/\/jornaldasoficinas.com\/pt\/easypark-celebra-um-ano-de-estacionamentos-em-portugal\/#breadcrumb","itemListElement":[{"@type":"ListItem","position":1,"name":"In\u00edcio","item":"https:\/\/jornaldasoficinas.com\/pt\/"},{"@type":"ListItem","position":2,"name":"EasyPark celebra um ano de estacionamentos em Portugal"}]},{"@type":"WebSite","@id":"https:\/\/jornaldasoficinas.com\/pt\/#website","url":"https:\/\/jornaldasoficinas.com\/pt\/","name":"Jornal das Oficinas","description":"Jornal independente do Aftermarket Autom\u00f3vel em Portugal","publisher":{"@id":"https:\/\/jornaldasoficinas.com\/pt\/#organization"},"potentialAction":[{"@type":"SearchAction","target":{"@type":"EntryPoint","urlTemplate":"https:\/\/jornaldasoficinas.com\/pt\/?s={search_term_string}"},"query-input":{"@type":"PropertyValueSpecification","valueRequired":true,"valueName":"search_term_string"}}],"inLanguage":"pt-PT"},{"@type":"Organization","@id":"https:\/\/jornaldasoficinas.com\/pt\/#organization","name":"Jornal das Oficinas","url":"https:\/\/jornaldasoficinas.com\/pt\/","logo":{"@type":"ImageObject","inLanguage":"pt-PT","@id":"https:\/\/jornaldasoficinas.com\/pt\/#\/schema\/logo\/image\/","url":"https:\/\/jornaldasoficinas.com\/pt\/wp-content\/uploads\/logoJO-SEO.png","contentUrl":"https:\/\/jornaldasoficinas.com\/pt\/wp-content\/uploads\/logoJO-SEO.png","width":285,"height":450,"caption":"Jornal das Oficinas"},"image":{"@id":"https:\/\/jornaldasoficinas.com\/pt\/#\/schema\/logo\/image\/"},"sameAs":["https:\/\/www.facebook.com\/jornaloficinas","https:\/\/x.com\/jornaloficinas","https:\/\/www.instagram.com\/jornal_oficinas\/","https:\/\/www.linkedin.com\/company\/jornal-das-oficinas\/","https:\/\/www.youtube.com\/channel\/UCbQZBqtcvV-oSQrr7RzINGg"]},{"@type":"Person","@id":"https:\/\/jornaldasoficinas.com\/pt\/#\/schema\/person\/a38eef5de2c41d9e7c9ac10141afddf3","name":"Reda\u00e7\u00e3o JO","image":{"@type":"ImageObject","inLanguage":"pt-PT","@id":"https:\/\/secure.gravatar.com\/avatar\/71f2fa71737ad68a84fea94bc708ddac8ea5b0c4788dc2ad202f3ccb2887742f?s=96&d=wp_user_avatar&r=g","url":"https:\/\/secure.gravatar.com\/avatar\/71f2fa71737ad68a84fea94bc708ddac8ea5b0c4788dc2ad202f3ccb2887742f?s=96&d=wp_user_avatar&r=g","contentUrl":"https:\/\/secure.gravatar.com\/avatar\/71f2fa71737ad68a84fea94bc708ddac8ea5b0c4788dc2ad202f3ccb2887742f?s=96&d=wp_user_avatar&r=g","caption":"Reda\u00e7\u00e3o JO"},"url":"https:\/\/jornaldasoficinas.com\/pt\/author\/joredacao\/"}]}},"_links":{"self":[{"href":"https:\/\/jornaldasoficinas.com\/pt\/wp-json\/wp\/v2\/posts\/33571","targetHints":{"allow":["GET"]}}],"collection":[{"href":"https:\/\/jornaldasoficinas.com\/pt\/wp-json\/wp\/v2\/posts"}],"about":[{"href":"https:\/\/jornaldasoficinas.com\/pt\/wp-json\/wp\/v2\/types\/post"}],"author":[{"embeddable":true,"href":"https:\/\/jornaldasoficinas.com\/pt\/wp-json\/wp\/v2\/users\/15"}],"replies":[{"embeddable":true,"href":"https:\/\/jornaldasoficinas.com\/pt\/wp-json\/wp\/v2\/comments?post=33571"}],"version-history":[{"count":0,"href":"https:\/\/jornaldasoficinas.com\/pt\/wp-json\/wp\/v2\/posts\/33571\/revisions"}],"wp:featuredmedia":[{"embeddable":true,"href":"https:\/\/jornaldasoficinas.com\/pt\/wp-json\/wp\/v2\/media\/33561"}],"wp:attachment":[{"href":"https:\/\/jornaldasoficinas.com\/pt\/wp-json\/wp\/v2\/media?parent=33571"}],"wp:term":[{"taxonomy":"category","embeddable":true,"href":"https:\/\/jornaldasoficinas.com\/pt\/wp-json\/wp\/v2\/categories?post=33571"},{"taxonomy":"post_tag","embeddable":true,"href":"https:\/\/jornaldasoficinas.com\/pt\/wp-json\/wp\/v2\/tags?post=33571"}],"curies":[{"name":"wp","href":"https:\/\/api.w.org\/{rel}","templated":true}]}}