{"id":33740,"date":"2022-10-14T19:00:35","date_gmt":"2022-10-14T18:00:35","guid":{"rendered":"https:\/\/jornaldasoficinas.com\/pt\/?p=33740"},"modified":"2022-10-13T11:34:06","modified_gmt":"2022-10-13T10:34:06","slug":"osram-adiciona-novos-modelos-a-gama-luzes-inspecao","status":"publish","type":"post","link":"https:\/\/jornaldasoficinas.com\/pt\/osram-adiciona-novos-modelos-a-gama-luzes-inspecao\/","title":{"rendered":"OSRAM adiciona novos modelos \u00e0 gama luzes inspe\u00e7\u00e3o"},"content":{"rendered":"<p><img loading=\"lazy\" decoding=\"async\" class=\"alignnone size-full wp-image-33712\" src=\"https:\/\/jornaldasoficinas.com\/pt\/wp-content\/uploads\/2022\/10\/OSRAM-adiciona-novos-modelos-a\u0300-gama-luzes-inspec\u0327a\u0303o.png\" alt=\"10 - OSRAM adiciona novos modelos a\u0300 gama luzes inspec\u0327a\u0303o\" width=\"1024\" height=\"581\" srcset=\"https:\/\/jornaldasoficinas.com\/pt\/wp-content\/uploads\/2022\/10\/OSRAM-adiciona-novos-modelos-a\u0300-gama-luzes-inspec\u0327a\u0303o.png 1024w, https:\/\/jornaldasoficinas.com\/pt\/wp-content\/uploads\/2022\/10\/OSRAM-adiciona-novos-modelos-a\u0300-gama-luzes-inspec\u0327a\u0303o-300x170.png 300w, https:\/\/jornaldasoficinas.com\/pt\/wp-content\/uploads\/2022\/10\/OSRAM-adiciona-novos-modelos-a\u0300-gama-luzes-inspec\u0327a\u0303o-150x85.png 150w, https:\/\/jornaldasoficinas.com\/pt\/wp-content\/uploads\/2022\/10\/OSRAM-adiciona-novos-modelos-a\u0300-gama-luzes-inspec\u0327a\u0303o-768x436.png 768w\" sizes=\"auto, (max-width: 1024px) 100vw, 1024px\" \/><\/p>\n<p><strong>Caracterizada por um design excecional, benef\u00edcios individuais otimizados e caracter\u00edsticas ideais para cada modelo, a gama de luzes LEDinspect da <a href=\"https:\/\/www.osram.pt\/cb\/\" target=\"_blank\" rel=\"noopener\">OSRAM<\/a> proporciona a luz certa para as suas necessidades espec\u00edficas. Uma gama de produtos alargada para dar resposta a um amplo espectro de tarefas, desafios e \u00e1reas de aplica\u00e7\u00e3o.<\/strong><\/p>\n<p>\u202a<\/p>\n<p>Adequadas para trabalhos de manuten\u00e7\u00e3o e repara\u00e7\u00e3o, para uso profissional e privado, para mec\u00e2nicos, t\u00e9cnicos, entusiastas de autom\u00f3veis e para qualquer pessoa que precise de ilumina\u00e7\u00e3o robusta e duradoura com produtos flex\u00edveis e ajust\u00e1veis, cada luz de inspe\u00e7\u00e3o OSRAM LEDinspect reflete uma compreens\u00e3o das aplica\u00e7\u00f5es profissionais e fornece luz exatamente onde e quando for necess\u00e1ria. A gama \u00e9 vers\u00e1til e diversificada, permitindo o uso preciso, eficiente e eficaz da luz. A OSRAM oferece 2 anos de garantia \u202apara estes produtos.<\/p>\n<p>\u202aLEDinspect WEARABLE NECK LIGHT: a nova luz de pesco\u00e7o, recarreg\u00e1vel com duas lanternas amov\u00edveis individualmente. Com duas fun\u00e7\u00f5es de luz de at\u00e9 265lm (alta), 130lm (baixa) e um \u00e2ngulo ajust\u00e1vel de 90 graus, pode ser usada ao pesco\u00e7o, na cabe\u00e7a, na m\u00e3o ou numa superf\u00edcie magn\u00e9tica. A bateria recarreg\u00e1vel permite at\u00e9 4,5 horas de funcionamento com um tempo de carregamento de apenas cerca de 1,5 horas. Possui classe de prote\u00e7\u00e3o IP54, prote\u00e7\u00e3o contra a entrada de part\u00edculas de poeira e contra salpicos de \u00e1gua, e foi testada quanto \u00e0 resist\u00eancia ao impacto de acordo com IK07. Com apenas 115g e um design flex\u00edvel, \u00e9 f\u00e1cil de guardar e transportar e, portanto, \u00e9 ideal como luz para trabalhos e atividades artesanais<\/p>\n<p>LEDinspect FLEXIBLE HEAD TORCH: \u00e9 uma luz de cabe\u00e7a flex\u00edvel e de alta qualidade da OSRAM. Com tr\u00eas fun\u00e7\u00f5es de luz &#8211; alta at\u00e9 115lm, baixa at\u00e9 50lm e uma fun\u00e7\u00e3o de flash vermelho na parte traseira, esta luz integrada diretamente na faixa ajust\u00e1vel de cabe\u00e7a permite uma distribui\u00e7\u00e3o ampla e uniforme da luz e pode proporcionar uma melhor ilumina\u00e7\u00e3o da \u00e1rea de trabalho. A luz flex\u00edvel de cabe\u00e7a LEDinspect com apenas 62g, possui almofadas macias no interior e uma al\u00e7a ajust\u00e1vel para maior conforto. A sua bateria recarreg\u00e1vel permite at\u00e9 5,5h de funcionamento com um tempo de carregamento de apenas aprox. 1,5 horas.Inclui cabo de carregamento USB Micro B para recarregar a bateria e possui um grau de prote\u00e7\u00e3o IP 42, prote\u00e7\u00e3o contra a entrada de part\u00edcula de poeira e contra salpicos de \u00e1gua.<\/p>\n<p>\u202aLEDinspect RECHARGEABLE UNDERBONNET LIGHT: esta luz recarreg\u00e1vel da OSRAM \u00e9 perfeita para uso profissional e privado. Com duas fun\u00e7\u00f5es de luz at\u00e9 1200lm (alta), 600lm (baixa) e uma barra de luz que pode ser girada at\u00e9 360\u00ba oferece diferentes op\u00e7\u00f5es de ajuste para a luz do capot e impressiona pela sua grande flexibilidade &#8211; pode ser estendida at\u00e9 at\u00e9 1,80 m de comprimento e, portanto, pode fornecer ilumina\u00e7\u00e3o ideal no compartimento do motor numa ampla gama de ve\u00edculos. Com almofadas macias em ambas as extremidades, esta barra de luz foi projetada para n\u00e3o causar danos ao capot quando usada conforme as instru\u00e7\u00f5es e, portanto, \u00e9 ideal para oficinas profissionais. A bateria recarreg\u00e1vel permite at\u00e9 4,5h de funcionamento com apenas aprox. 3 horas de carregamento. Inclui um cabo de carregamento USB-C com 1,2m de comprimento para carregar a bateria de l\u00edtio. Possui a classe de prote\u00e7\u00e3o IP65, prote\u00e7\u00e3o contra a entrada de part\u00edculas de poeira e contra salpicos de \u00e1gua, e \u00e9 testada quanto \u00e0 resist\u00eancia ao \u202aimpacto de acordo com IK07.<\/p>\n","protected":false},"excerpt":{"rendered":"<p>Caracterizada por um design excecional, benef\u00edcios&#8230;<\/p>\n","protected":false},"author":15,"featured_media":33712,"comment_status":"closed","ping_status":"closed","sticky":false,"template":"","format":"standard","meta":{"footnotes":""},"categories":[29],"tags":[60],"class_list":["post-33740","post","type-post","status-publish","format-standard","has-post-thumbnail","hentry","category-empresas","tag-osram"],"yoast_head":"<!-- This site is optimized with the Yoast SEO plugin v27.4 - https:\/\/yoast.com\/product\/yoast-seo-wordpress\/ -->\n<title>OSRAM adiciona novos modelos \u00e0 gama luzes inspe\u00e7\u00e3o - Jornal das Oficinas<\/title>\n<meta name=\"robots\" content=\"index, follow, max-snippet:-1, max-image-preview:large, max-video-preview:-1\" \/>\n<link rel=\"canonical\" href=\"https:\/\/jornaldasoficinas.com\/pt\/osram-adiciona-novos-modelos-a-gama-luzes-inspecao\/\" \/>\n<meta property=\"og:locale\" content=\"pt_PT\" \/>\n<meta property=\"og:type\" content=\"article\" \/>\n<meta property=\"og:title\" content=\"OSRAM adiciona novos modelos \u00e0 gama luzes inspe\u00e7\u00e3o - Jornal das Oficinas\" \/>\n<meta property=\"og:description\" content=\"Caracterizada por um design excecional, benef\u00edcios...\" \/>\n<meta property=\"og:url\" content=\"https:\/\/jornaldasoficinas.com\/pt\/osram-adiciona-novos-modelos-a-gama-luzes-inspecao\/\" \/>\n<meta property=\"og:site_name\" content=\"Jornal das Oficinas\" \/>\n<meta property=\"article:publisher\" content=\"https:\/\/www.facebook.com\/jornaloficinas\" \/>\n<meta property=\"article:published_time\" content=\"2022-10-14T18:00:35+00:00\" \/>\n<meta property=\"og:image\" content=\"https:\/\/jornaldasoficinas.com\/pt\/wp-content\/uploads\/2022\/10\/OSRAM-adiciona-novos-modelos-a\u0300-gama-luzes-inspec\u0327a\u0303o.png\" \/>\n\t<meta property=\"og:image:width\" content=\"1024\" \/>\n\t<meta property=\"og:image:height\" content=\"581\" \/>\n\t<meta property=\"og:image:type\" content=\"image\/png\" \/>\n<meta name=\"author\" content=\"Reda\u00e7\u00e3o JO\" \/>\n<meta name=\"twitter:card\" content=\"summary_large_image\" \/>\n<meta name=\"twitter:creator\" content=\"@jornaloficinas\" \/>\n<meta name=\"twitter:site\" content=\"@jornaloficinas\" \/>\n<meta name=\"twitter:label1\" content=\"Escrito por\" \/>\n\t<meta name=\"twitter:data1\" content=\"Reda\u00e7\u00e3o JO\" \/>\n\t<meta name=\"twitter:label2\" content=\"Tempo estimado de leitura\" \/>\n\t<meta name=\"twitter:data2\" content=\"3 minutos\" \/>\n<script type=\"application\/ld+json\" class=\"yoast-schema-graph\">{\"@context\":\"https:\\\/\\\/schema.org\",\"@graph\":[{\"@type\":\"Article\",\"@id\":\"https:\\\/\\\/jornaldasoficinas.com\\\/pt\\\/osram-adiciona-novos-modelos-a-gama-luzes-inspecao\\\/#article\",\"isPartOf\":{\"@id\":\"https:\\\/\\\/jornaldasoficinas.com\\\/pt\\\/osram-adiciona-novos-modelos-a-gama-luzes-inspecao\\\/\"},\"author\":{\"name\":\"Reda\u00e7\u00e3o JO\",\"@id\":\"https:\\\/\\\/jornaldasoficinas.com\\\/pt\\\/#\\\/schema\\\/person\\\/a38eef5de2c41d9e7c9ac10141afddf3\"},\"headline\":\"OSRAM adiciona novos modelos \u00e0 gama luzes inspe\u00e7\u00e3o\",\"datePublished\":\"2022-10-14T18:00:35+00:00\",\"mainEntityOfPage\":{\"@id\":\"https:\\\/\\\/jornaldasoficinas.com\\\/pt\\\/osram-adiciona-novos-modelos-a-gama-luzes-inspecao\\\/\"},\"wordCount\":610,\"publisher\":{\"@id\":\"https:\\\/\\\/jornaldasoficinas.com\\\/pt\\\/#organization\"},\"image\":{\"@id\":\"https:\\\/\\\/jornaldasoficinas.com\\\/pt\\\/osram-adiciona-novos-modelos-a-gama-luzes-inspecao\\\/#primaryimage\"},\"thumbnailUrl\":\"https:\\\/\\\/jornaldasoficinas.com\\\/pt\\\/wp-content\\\/uploads\\\/2022\\\/10\\\/OSRAM-adiciona-novos-modelos-a\u0300-gama-luzes-inspec\u0327a\u0303o.png\",\"keywords\":[\"OSRAM\"],\"articleSection\":[\"Empresas\"],\"inLanguage\":\"pt-PT\"},{\"@type\":\"WebPage\",\"@id\":\"https:\\\/\\\/jornaldasoficinas.com\\\/pt\\\/osram-adiciona-novos-modelos-a-gama-luzes-inspecao\\\/\",\"url\":\"https:\\\/\\\/jornaldasoficinas.com\\\/pt\\\/osram-adiciona-novos-modelos-a-gama-luzes-inspecao\\\/\",\"name\":\"OSRAM adiciona novos modelos \u00e0 gama luzes inspe\u00e7\u00e3o - Jornal das Oficinas\",\"isPartOf\":{\"@id\":\"https:\\\/\\\/jornaldasoficinas.com\\\/pt\\\/#website\"},\"primaryImageOfPage\":{\"@id\":\"https:\\\/\\\/jornaldasoficinas.com\\\/pt\\\/osram-adiciona-novos-modelos-a-gama-luzes-inspecao\\\/#primaryimage\"},\"image\":{\"@id\":\"https:\\\/\\\/jornaldasoficinas.com\\\/pt\\\/osram-adiciona-novos-modelos-a-gama-luzes-inspecao\\\/#primaryimage\"},\"thumbnailUrl\":\"https:\\\/\\\/jornaldasoficinas.com\\\/pt\\\/wp-content\\\/uploads\\\/2022\\\/10\\\/OSRAM-adiciona-novos-modelos-a\u0300-gama-luzes-inspec\u0327a\u0303o.png\",\"datePublished\":\"2022-10-14T18:00:35+00:00\",\"breadcrumb\":{\"@id\":\"https:\\\/\\\/jornaldasoficinas.com\\\/pt\\\/osram-adiciona-novos-modelos-a-gama-luzes-inspecao\\\/#breadcrumb\"},\"inLanguage\":\"pt-PT\",\"potentialAction\":[{\"@type\":\"ReadAction\",\"target\":[\"https:\\\/\\\/jornaldasoficinas.com\\\/pt\\\/osram-adiciona-novos-modelos-a-gama-luzes-inspecao\\\/\"]}]},{\"@type\":\"ImageObject\",\"inLanguage\":\"pt-PT\",\"@id\":\"https:\\\/\\\/jornaldasoficinas.com\\\/pt\\\/osram-adiciona-novos-modelos-a-gama-luzes-inspecao\\\/#primaryimage\",\"url\":\"https:\\\/\\\/jornaldasoficinas.com\\\/pt\\\/wp-content\\\/uploads\\\/2022\\\/10\\\/OSRAM-adiciona-novos-modelos-a\u0300-gama-luzes-inspec\u0327a\u0303o.png\",\"contentUrl\":\"https:\\\/\\\/jornaldasoficinas.com\\\/pt\\\/wp-content\\\/uploads\\\/2022\\\/10\\\/OSRAM-adiciona-novos-modelos-a\u0300-gama-luzes-inspec\u0327a\u0303o.png\",\"width\":1024,\"height\":581,\"caption\":\"10 - OSRAM adiciona novos modelos a\u0300 gama luzes inspec\u0327a\u0303o\"},{\"@type\":\"BreadcrumbList\",\"@id\":\"https:\\\/\\\/jornaldasoficinas.com\\\/pt\\\/osram-adiciona-novos-modelos-a-gama-luzes-inspecao\\\/#breadcrumb\",\"itemListElement\":[{\"@type\":\"ListItem\",\"position\":1,\"name\":\"In\u00edcio\",\"item\":\"https:\\\/\\\/jornaldasoficinas.com\\\/pt\\\/\"},{\"@type\":\"ListItem\",\"position\":2,\"name\":\"OSRAM adiciona novos modelos \u00e0 gama luzes inspe\u00e7\u00e3o\"}]},{\"@type\":\"WebSite\",\"@id\":\"https:\\\/\\\/jornaldasoficinas.com\\\/pt\\\/#website\",\"url\":\"https:\\\/\\\/jornaldasoficinas.com\\\/pt\\\/\",\"name\":\"Jornal das Oficinas\",\"description\":\"Jornal independente do Aftermarket Autom\u00f3vel em Portugal\",\"publisher\":{\"@id\":\"https:\\\/\\\/jornaldasoficinas.com\\\/pt\\\/#organization\"},\"potentialAction\":[{\"@type\":\"SearchAction\",\"target\":{\"@type\":\"EntryPoint\",\"urlTemplate\":\"https:\\\/\\\/jornaldasoficinas.com\\\/pt\\\/?s={search_term_string}\"},\"query-input\":{\"@type\":\"PropertyValueSpecification\",\"valueRequired\":true,\"valueName\":\"search_term_string\"}}],\"inLanguage\":\"pt-PT\"},{\"@type\":\"Organization\",\"@id\":\"https:\\\/\\\/jornaldasoficinas.com\\\/pt\\\/#organization\",\"name\":\"Jornal das Oficinas\",\"url\":\"https:\\\/\\\/jornaldasoficinas.com\\\/pt\\\/\",\"logo\":{\"@type\":\"ImageObject\",\"inLanguage\":\"pt-PT\",\"@id\":\"https:\\\/\\\/jornaldasoficinas.com\\\/pt\\\/#\\\/schema\\\/logo\\\/image\\\/\",\"url\":\"https:\\\/\\\/jornaldasoficinas.com\\\/pt\\\/wp-content\\\/uploads\\\/logoJO-SEO.png\",\"contentUrl\":\"https:\\\/\\\/jornaldasoficinas.com\\\/pt\\\/wp-content\\\/uploads\\\/logoJO-SEO.png\",\"width\":285,\"height\":450,\"caption\":\"Jornal das Oficinas\"},\"image\":{\"@id\":\"https:\\\/\\\/jornaldasoficinas.com\\\/pt\\\/#\\\/schema\\\/logo\\\/image\\\/\"},\"sameAs\":[\"https:\\\/\\\/www.facebook.com\\\/jornaloficinas\",\"https:\\\/\\\/x.com\\\/jornaloficinas\",\"https:\\\/\\\/www.instagram.com\\\/jornal_oficinas\\\/\",\"https:\\\/\\\/www.linkedin.com\\\/company\\\/jornal-das-oficinas\\\/\",\"https:\\\/\\\/www.youtube.com\\\/channel\\\/UCbQZBqtcvV-oSQrr7RzINGg\"]},{\"@type\":\"Person\",\"@id\":\"https:\\\/\\\/jornaldasoficinas.com\\\/pt\\\/#\\\/schema\\\/person\\\/a38eef5de2c41d9e7c9ac10141afddf3\",\"name\":\"Reda\u00e7\u00e3o JO\",\"image\":{\"@type\":\"ImageObject\",\"inLanguage\":\"pt-PT\",\"@id\":\"https:\\\/\\\/secure.gravatar.com\\\/avatar\\\/71f2fa71737ad68a84fea94bc708ddac8ea5b0c4788dc2ad202f3ccb2887742f?s=96&d=wp_user_avatar&r=g\",\"url\":\"https:\\\/\\\/secure.gravatar.com\\\/avatar\\\/71f2fa71737ad68a84fea94bc708ddac8ea5b0c4788dc2ad202f3ccb2887742f?s=96&d=wp_user_avatar&r=g\",\"contentUrl\":\"https:\\\/\\\/secure.gravatar.com\\\/avatar\\\/71f2fa71737ad68a84fea94bc708ddac8ea5b0c4788dc2ad202f3ccb2887742f?s=96&d=wp_user_avatar&r=g\",\"caption\":\"Reda\u00e7\u00e3o JO\"},\"url\":\"https:\\\/\\\/jornaldasoficinas.com\\\/pt\\\/author\\\/joredacao\\\/\"}]}<\/script>\n<!-- \/ Yoast SEO plugin. -->","yoast_head_json":{"title":"OSRAM adiciona novos modelos \u00e0 gama luzes inspe\u00e7\u00e3o - Jornal das Oficinas","robots":{"index":"index","follow":"follow","max-snippet":"max-snippet:-1","max-image-preview":"max-image-preview:large","max-video-preview":"max-video-preview:-1"},"canonical":"https:\/\/jornaldasoficinas.com\/pt\/osram-adiciona-novos-modelos-a-gama-luzes-inspecao\/","og_locale":"pt_PT","og_type":"article","og_title":"OSRAM adiciona novos modelos \u00e0 gama luzes inspe\u00e7\u00e3o - Jornal das Oficinas","og_description":"Caracterizada por um design excecional, benef\u00edcios...","og_url":"https:\/\/jornaldasoficinas.com\/pt\/osram-adiciona-novos-modelos-a-gama-luzes-inspecao\/","og_site_name":"Jornal das Oficinas","article_publisher":"https:\/\/www.facebook.com\/jornaloficinas","article_published_time":"2022-10-14T18:00:35+00:00","og_image":[{"width":1024,"height":581,"url":"https:\/\/jornaldasoficinas.com\/pt\/wp-content\/uploads\/2022\/10\/OSRAM-adiciona-novos-modelos-a\u0300-gama-luzes-inspec\u0327a\u0303o.png","type":"image\/png"}],"author":"Reda\u00e7\u00e3o JO","twitter_card":"summary_large_image","twitter_creator":"@jornaloficinas","twitter_site":"@jornaloficinas","twitter_misc":{"Escrito por":"Reda\u00e7\u00e3o JO","Tempo estimado de leitura":"3 minutos"},"schema":{"@context":"https:\/\/schema.org","@graph":[{"@type":"Article","@id":"https:\/\/jornaldasoficinas.com\/pt\/osram-adiciona-novos-modelos-a-gama-luzes-inspecao\/#article","isPartOf":{"@id":"https:\/\/jornaldasoficinas.com\/pt\/osram-adiciona-novos-modelos-a-gama-luzes-inspecao\/"},"author":{"name":"Reda\u00e7\u00e3o JO","@id":"https:\/\/jornaldasoficinas.com\/pt\/#\/schema\/person\/a38eef5de2c41d9e7c9ac10141afddf3"},"headline":"OSRAM adiciona novos modelos \u00e0 gama luzes inspe\u00e7\u00e3o","datePublished":"2022-10-14T18:00:35+00:00","mainEntityOfPage":{"@id":"https:\/\/jornaldasoficinas.com\/pt\/osram-adiciona-novos-modelos-a-gama-luzes-inspecao\/"},"wordCount":610,"publisher":{"@id":"https:\/\/jornaldasoficinas.com\/pt\/#organization"},"image":{"@id":"https:\/\/jornaldasoficinas.com\/pt\/osram-adiciona-novos-modelos-a-gama-luzes-inspecao\/#primaryimage"},"thumbnailUrl":"https:\/\/jornaldasoficinas.com\/pt\/wp-content\/uploads\/2022\/10\/OSRAM-adiciona-novos-modelos-a\u0300-gama-luzes-inspec\u0327a\u0303o.png","keywords":["OSRAM"],"articleSection":["Empresas"],"inLanguage":"pt-PT"},{"@type":"WebPage","@id":"https:\/\/jornaldasoficinas.com\/pt\/osram-adiciona-novos-modelos-a-gama-luzes-inspecao\/","url":"https:\/\/jornaldasoficinas.com\/pt\/osram-adiciona-novos-modelos-a-gama-luzes-inspecao\/","name":"OSRAM adiciona novos modelos \u00e0 gama luzes inspe\u00e7\u00e3o - Jornal das Oficinas","isPartOf":{"@id":"https:\/\/jornaldasoficinas.com\/pt\/#website"},"primaryImageOfPage":{"@id":"https:\/\/jornaldasoficinas.com\/pt\/osram-adiciona-novos-modelos-a-gama-luzes-inspecao\/#primaryimage"},"image":{"@id":"https:\/\/jornaldasoficinas.com\/pt\/osram-adiciona-novos-modelos-a-gama-luzes-inspecao\/#primaryimage"},"thumbnailUrl":"https:\/\/jornaldasoficinas.com\/pt\/wp-content\/uploads\/2022\/10\/OSRAM-adiciona-novos-modelos-a\u0300-gama-luzes-inspec\u0327a\u0303o.png","datePublished":"2022-10-14T18:00:35+00:00","breadcrumb":{"@id":"https:\/\/jornaldasoficinas.com\/pt\/osram-adiciona-novos-modelos-a-gama-luzes-inspecao\/#breadcrumb"},"inLanguage":"pt-PT","potentialAction":[{"@type":"ReadAction","target":["https:\/\/jornaldasoficinas.com\/pt\/osram-adiciona-novos-modelos-a-gama-luzes-inspecao\/"]}]},{"@type":"ImageObject","inLanguage":"pt-PT","@id":"https:\/\/jornaldasoficinas.com\/pt\/osram-adiciona-novos-modelos-a-gama-luzes-inspecao\/#primaryimage","url":"https:\/\/jornaldasoficinas.com\/pt\/wp-content\/uploads\/2022\/10\/OSRAM-adiciona-novos-modelos-a\u0300-gama-luzes-inspec\u0327a\u0303o.png","contentUrl":"https:\/\/jornaldasoficinas.com\/pt\/wp-content\/uploads\/2022\/10\/OSRAM-adiciona-novos-modelos-a\u0300-gama-luzes-inspec\u0327a\u0303o.png","width":1024,"height":581,"caption":"10 - OSRAM adiciona novos modelos a\u0300 gama luzes inspec\u0327a\u0303o"},{"@type":"BreadcrumbList","@id":"https:\/\/jornaldasoficinas.com\/pt\/osram-adiciona-novos-modelos-a-gama-luzes-inspecao\/#breadcrumb","itemListElement":[{"@type":"ListItem","position":1,"name":"In\u00edcio","item":"https:\/\/jornaldasoficinas.com\/pt\/"},{"@type":"ListItem","position":2,"name":"OSRAM adiciona novos modelos \u00e0 gama luzes inspe\u00e7\u00e3o"}]},{"@type":"WebSite","@id":"https:\/\/jornaldasoficinas.com\/pt\/#website","url":"https:\/\/jornaldasoficinas.com\/pt\/","name":"Jornal das Oficinas","description":"Jornal independente do Aftermarket Autom\u00f3vel em Portugal","publisher":{"@id":"https:\/\/jornaldasoficinas.com\/pt\/#organization"},"potentialAction":[{"@type":"SearchAction","target":{"@type":"EntryPoint","urlTemplate":"https:\/\/jornaldasoficinas.com\/pt\/?s={search_term_string}"},"query-input":{"@type":"PropertyValueSpecification","valueRequired":true,"valueName":"search_term_string"}}],"inLanguage":"pt-PT"},{"@type":"Organization","@id":"https:\/\/jornaldasoficinas.com\/pt\/#organization","name":"Jornal das Oficinas","url":"https:\/\/jornaldasoficinas.com\/pt\/","logo":{"@type":"ImageObject","inLanguage":"pt-PT","@id":"https:\/\/jornaldasoficinas.com\/pt\/#\/schema\/logo\/image\/","url":"https:\/\/jornaldasoficinas.com\/pt\/wp-content\/uploads\/logoJO-SEO.png","contentUrl":"https:\/\/jornaldasoficinas.com\/pt\/wp-content\/uploads\/logoJO-SEO.png","width":285,"height":450,"caption":"Jornal das Oficinas"},"image":{"@id":"https:\/\/jornaldasoficinas.com\/pt\/#\/schema\/logo\/image\/"},"sameAs":["https:\/\/www.facebook.com\/jornaloficinas","https:\/\/x.com\/jornaloficinas","https:\/\/www.instagram.com\/jornal_oficinas\/","https:\/\/www.linkedin.com\/company\/jornal-das-oficinas\/","https:\/\/www.youtube.com\/channel\/UCbQZBqtcvV-oSQrr7RzINGg"]},{"@type":"Person","@id":"https:\/\/jornaldasoficinas.com\/pt\/#\/schema\/person\/a38eef5de2c41d9e7c9ac10141afddf3","name":"Reda\u00e7\u00e3o JO","image":{"@type":"ImageObject","inLanguage":"pt-PT","@id":"https:\/\/secure.gravatar.com\/avatar\/71f2fa71737ad68a84fea94bc708ddac8ea5b0c4788dc2ad202f3ccb2887742f?s=96&d=wp_user_avatar&r=g","url":"https:\/\/secure.gravatar.com\/avatar\/71f2fa71737ad68a84fea94bc708ddac8ea5b0c4788dc2ad202f3ccb2887742f?s=96&d=wp_user_avatar&r=g","contentUrl":"https:\/\/secure.gravatar.com\/avatar\/71f2fa71737ad68a84fea94bc708ddac8ea5b0c4788dc2ad202f3ccb2887742f?s=96&d=wp_user_avatar&r=g","caption":"Reda\u00e7\u00e3o JO"},"url":"https:\/\/jornaldasoficinas.com\/pt\/author\/joredacao\/"}]}},"_links":{"self":[{"href":"https:\/\/jornaldasoficinas.com\/pt\/wp-json\/wp\/v2\/posts\/33740","targetHints":{"allow":["GET"]}}],"collection":[{"href":"https:\/\/jornaldasoficinas.com\/pt\/wp-json\/wp\/v2\/posts"}],"about":[{"href":"https:\/\/jornaldasoficinas.com\/pt\/wp-json\/wp\/v2\/types\/post"}],"author":[{"embeddable":true,"href":"https:\/\/jornaldasoficinas.com\/pt\/wp-json\/wp\/v2\/users\/15"}],"replies":[{"embeddable":true,"href":"https:\/\/jornaldasoficinas.com\/pt\/wp-json\/wp\/v2\/comments?post=33740"}],"version-history":[{"count":0,"href":"https:\/\/jornaldasoficinas.com\/pt\/wp-json\/wp\/v2\/posts\/33740\/revisions"}],"wp:featuredmedia":[{"embeddable":true,"href":"https:\/\/jornaldasoficinas.com\/pt\/wp-json\/wp\/v2\/media\/33712"}],"wp:attachment":[{"href":"https:\/\/jornaldasoficinas.com\/pt\/wp-json\/wp\/v2\/media?parent=33740"}],"wp:term":[{"taxonomy":"category","embeddable":true,"href":"https:\/\/jornaldasoficinas.com\/pt\/wp-json\/wp\/v2\/categories?post=33740"},{"taxonomy":"post_tag","embeddable":true,"href":"https:\/\/jornaldasoficinas.com\/pt\/wp-json\/wp\/v2\/tags?post=33740"}],"curies":[{"name":"wp","href":"https:\/\/api.w.org\/{rel}","templated":true}]}}