{"id":33767,"date":"2022-10-17T10:00:50","date_gmt":"2022-10-17T09:00:50","guid":{"rendered":"https:\/\/jornaldasoficinas.com\/pt\/?p=33767"},"modified":"2022-10-16T10:56:17","modified_gmt":"2022-10-16T09:56:17","slug":"kroftools-adiciona-novos-produtos-ao-catalogo-2","status":"publish","type":"post","link":"https:\/\/jornaldasoficinas.com\/pt\/kroftools-adiciona-novos-produtos-ao-catalogo-2\/","title":{"rendered":"Kroftools adiciona novos produtos ao cat\u00e1logo"},"content":{"rendered":"<p><strong><img loading=\"lazy\" decoding=\"async\" class=\"alignnone size-full wp-image-33773\" src=\"https:\/\/jornaldasoficinas.com\/pt\/wp-content\/uploads\/2022\/10\/Kroftools-adiciona-novos-produtos-ao-cata\u0301logo.jpg\" alt=\"10 - Kroftools adiciona novos produtos ao cata\u0301logo\" width=\"1024\" height=\"581\" srcset=\"https:\/\/jornaldasoficinas.com\/pt\/wp-content\/uploads\/2022\/10\/Kroftools-adiciona-novos-produtos-ao-cata\u0301logo.jpg 1024w, https:\/\/jornaldasoficinas.com\/pt\/wp-content\/uploads\/2022\/10\/Kroftools-adiciona-novos-produtos-ao-cata\u0301logo-300x170.jpg 300w, https:\/\/jornaldasoficinas.com\/pt\/wp-content\/uploads\/2022\/10\/Kroftools-adiciona-novos-produtos-ao-cata\u0301logo-150x85.jpg 150w, https:\/\/jornaldasoficinas.com\/pt\/wp-content\/uploads\/2022\/10\/Kroftools-adiciona-novos-produtos-ao-cata\u0301logo-768x436.jpg 768w\" sizes=\"auto, (max-width: 1024px) 100vw, 1024px\" \/><\/strong><\/p>\n<p><strong>Sempre com o objetivo de oferecer os melhores equipamentos, a <a href=\"http:\/\/www.kroftools.com\" target=\"_blank\" rel=\"noopener\">KROFtools<\/a> adicionou novos produtos ao seu portef\u00f3lio. Confira abaixo as suas caracter\u00edsticas<\/strong><\/p>\n<p><strong>1082 &#8211; GAMBIARRA COB BATERIA 1000 LM WIRELESS<br \/>\n<\/strong>Luz:\u2028LED COB de alta pot\u00eancia &#8211; Luz principal\u2028LED SMD de alta pot\u00eancia &#8211; Luz topo\u2028\u2028Pot\u00eancia:\u2028ca. 1000 lm &#8211; Modo pot\u00eancia m\u00e1x. luz princi.\u2028ca. 500 lm &#8211; Modo normal luz principal\u2028ca. 250 lm &#8211; Modo ECO luz principal\u2028ca. 200 lm &#8211; Luz topo\u2028\u2028Tempo de funcionamento:\u2028ca. 2h &#8211; Modo pot\u00eancia m\u00e1x. luz principal\u2028ca. 4h &#8211; Luz principal Modo normal\u2028ca. 7.5h &#8211; Modo ECO luz principal\u2028ca. 5h &#8211; Luz topo\u2028\u2028Especifica\u00e7\u00f5es bateria: Li-Ion 3.7 V, 3350 mAh, 12.395 Wh\u2028Tempo de carga: ca. 4 h\u2028Entrada de carga: DC 5V 1A\u2028Grau de prote\u00e7\u00e3o: IP65, IK 09\u2028Temperatura de funcionamento: \u201310 \u00b0C a +40 \u00b0C<\/p>\n<p><strong>1083 &#8211; CARREGADOR SINGLE WIRELESS<br \/>\n<\/strong>Caracter\u00edsticas\u2028\u2022 Revestimento TPE de nylon\u2028\u2022 \u00cdmanes fortes integrados e furos para parafusos para fixa\u00e7\u00e3o do carregador\u2028\u2022 Carrega gambiarras wireless\u2028\u2022 Suporte para carregar telem\u00f3veis\u2028\u2022 Pot\u00eancia de sa\u00edda lDW para carregamento r\u00e1pido\u2028\u2022 Indicador do estado do n\u00edvel de carga\u2028\u2028Especifica\u00e7\u00f5es:\u2028Temperatura de trabalho: -10~40\u00baC\u2028Peso: 335g\u2028CE, RoHS, IP20, IK07\u2028Acess\u00f3rios: Cabo carregamento r\u00e1pido USB-C 1M<\/p>\n<p><strong>1084 &#8211; CARREGADOR DUAL WIRELESS<br \/>\n<\/strong>Caracter\u00edsticas:\u2028\u2022 Revestimento TPE de nylon\u2028\u2022 \u00cdmanes fortes integrados e furos para parafusos para fixa\u00e7\u00e3o do carregador\u2028\u2022 Carrega gambiarras wireless\u2028\u2022 Suporte para carregar telem\u00f3veis\u2028\u2022 Duas sa\u00eddas de pot\u00eancia de 10W podem simultaneamente carregar rapidamente dois dispositivos\u2028\u2022 Indicador do estado do n\u00edvel de carga\u2028\u2028Especifica\u00e7\u00f5es:\u2028Temperatura de trabalho: -10~40\u00baC\u2028Peso: 500g\u2028CE, RoHS, IP20, IK07\u2028Carregador: 5V,2A ou QC3.0, carregador r\u00e1pido de 18W\u2028Acess\u00f3rios: Cabo de carregamento r\u00e1pido tipo-C de 1m<\/p>\n","protected":false},"excerpt":{"rendered":"<p>Sempre com o objetivo de oferecer&#8230;<\/p>\n","protected":false},"author":15,"featured_media":33773,"comment_status":"closed","ping_status":"closed","sticky":false,"template":"","format":"standard","meta":{"footnotes":""},"categories":[6],"tags":[42],"class_list":["post-33767","post","type-post","status-publish","format-standard","has-post-thumbnail","hentry","category-equipamentos","tag-kroftools"],"yoast_head":"<!-- This site is optimized with the Yoast SEO plugin v27.4 - https:\/\/yoast.com\/product\/yoast-seo-wordpress\/ -->\n<title>Kroftools adiciona novos produtos ao cat\u00e1logo - Jornal das Oficinas<\/title>\n<meta name=\"robots\" content=\"index, follow, max-snippet:-1, max-image-preview:large, max-video-preview:-1\" \/>\n<link rel=\"canonical\" href=\"https:\/\/jornaldasoficinas.com\/pt\/kroftools-adiciona-novos-produtos-ao-catalogo-2\/\" \/>\n<meta property=\"og:locale\" content=\"pt_PT\" \/>\n<meta property=\"og:type\" content=\"article\" \/>\n<meta property=\"og:title\" content=\"Kroftools adiciona novos produtos ao cat\u00e1logo - Jornal das Oficinas\" \/>\n<meta property=\"og:description\" content=\"Sempre com o objetivo de oferecer...\" \/>\n<meta property=\"og:url\" content=\"https:\/\/jornaldasoficinas.com\/pt\/kroftools-adiciona-novos-produtos-ao-catalogo-2\/\" \/>\n<meta property=\"og:site_name\" content=\"Jornal das Oficinas\" \/>\n<meta property=\"article:publisher\" content=\"https:\/\/www.facebook.com\/jornaloficinas\" \/>\n<meta property=\"article:published_time\" content=\"2022-10-17T09:00:50+00:00\" \/>\n<meta property=\"og:image\" content=\"https:\/\/jornaldasoficinas.com\/pt\/wp-content\/uploads\/2022\/10\/Kroftools-adiciona-novos-produtos-ao-cata\u0301logo.jpg\" \/>\n\t<meta property=\"og:image:width\" content=\"1024\" \/>\n\t<meta property=\"og:image:height\" content=\"581\" \/>\n\t<meta property=\"og:image:type\" content=\"image\/jpeg\" \/>\n<meta name=\"author\" content=\"Reda\u00e7\u00e3o JO\" \/>\n<meta name=\"twitter:card\" content=\"summary_large_image\" \/>\n<meta name=\"twitter:creator\" content=\"@jornaloficinas\" \/>\n<meta name=\"twitter:site\" content=\"@jornaloficinas\" \/>\n<meta name=\"twitter:label1\" content=\"Escrito por\" \/>\n\t<meta name=\"twitter:data1\" content=\"Reda\u00e7\u00e3o JO\" \/>\n\t<meta name=\"twitter:label2\" content=\"Tempo estimado de leitura\" \/>\n\t<meta name=\"twitter:data2\" content=\"1 minuto\" \/>\n<script type=\"application\/ld+json\" class=\"yoast-schema-graph\">{\"@context\":\"https:\\\/\\\/schema.org\",\"@graph\":[{\"@type\":\"Article\",\"@id\":\"https:\\\/\\\/jornaldasoficinas.com\\\/pt\\\/kroftools-adiciona-novos-produtos-ao-catalogo-2\\\/#article\",\"isPartOf\":{\"@id\":\"https:\\\/\\\/jornaldasoficinas.com\\\/pt\\\/kroftools-adiciona-novos-produtos-ao-catalogo-2\\\/\"},\"author\":{\"name\":\"Reda\u00e7\u00e3o JO\",\"@id\":\"https:\\\/\\\/jornaldasoficinas.com\\\/pt\\\/#\\\/schema\\\/person\\\/a38eef5de2c41d9e7c9ac10141afddf3\"},\"headline\":\"Kroftools adiciona novos produtos ao cat\u00e1logo\",\"datePublished\":\"2022-10-17T09:00:50+00:00\",\"mainEntityOfPage\":{\"@id\":\"https:\\\/\\\/jornaldasoficinas.com\\\/pt\\\/kroftools-adiciona-novos-produtos-ao-catalogo-2\\\/\"},\"wordCount\":303,\"publisher\":{\"@id\":\"https:\\\/\\\/jornaldasoficinas.com\\\/pt\\\/#organization\"},\"image\":{\"@id\":\"https:\\\/\\\/jornaldasoficinas.com\\\/pt\\\/kroftools-adiciona-novos-produtos-ao-catalogo-2\\\/#primaryimage\"},\"thumbnailUrl\":\"https:\\\/\\\/jornaldasoficinas.com\\\/pt\\\/wp-content\\\/uploads\\\/2022\\\/10\\\/Kroftools-adiciona-novos-produtos-ao-cata\u0301logo.jpg\",\"keywords\":[\"KROFtools\"],\"articleSection\":[\"Equipamentos\"],\"inLanguage\":\"pt-PT\"},{\"@type\":\"WebPage\",\"@id\":\"https:\\\/\\\/jornaldasoficinas.com\\\/pt\\\/kroftools-adiciona-novos-produtos-ao-catalogo-2\\\/\",\"url\":\"https:\\\/\\\/jornaldasoficinas.com\\\/pt\\\/kroftools-adiciona-novos-produtos-ao-catalogo-2\\\/\",\"name\":\"Kroftools adiciona novos produtos ao cat\u00e1logo - Jornal das Oficinas\",\"isPartOf\":{\"@id\":\"https:\\\/\\\/jornaldasoficinas.com\\\/pt\\\/#website\"},\"primaryImageOfPage\":{\"@id\":\"https:\\\/\\\/jornaldasoficinas.com\\\/pt\\\/kroftools-adiciona-novos-produtos-ao-catalogo-2\\\/#primaryimage\"},\"image\":{\"@id\":\"https:\\\/\\\/jornaldasoficinas.com\\\/pt\\\/kroftools-adiciona-novos-produtos-ao-catalogo-2\\\/#primaryimage\"},\"thumbnailUrl\":\"https:\\\/\\\/jornaldasoficinas.com\\\/pt\\\/wp-content\\\/uploads\\\/2022\\\/10\\\/Kroftools-adiciona-novos-produtos-ao-cata\u0301logo.jpg\",\"datePublished\":\"2022-10-17T09:00:50+00:00\",\"breadcrumb\":{\"@id\":\"https:\\\/\\\/jornaldasoficinas.com\\\/pt\\\/kroftools-adiciona-novos-produtos-ao-catalogo-2\\\/#breadcrumb\"},\"inLanguage\":\"pt-PT\",\"potentialAction\":[{\"@type\":\"ReadAction\",\"target\":[\"https:\\\/\\\/jornaldasoficinas.com\\\/pt\\\/kroftools-adiciona-novos-produtos-ao-catalogo-2\\\/\"]}]},{\"@type\":\"ImageObject\",\"inLanguage\":\"pt-PT\",\"@id\":\"https:\\\/\\\/jornaldasoficinas.com\\\/pt\\\/kroftools-adiciona-novos-produtos-ao-catalogo-2\\\/#primaryimage\",\"url\":\"https:\\\/\\\/jornaldasoficinas.com\\\/pt\\\/wp-content\\\/uploads\\\/2022\\\/10\\\/Kroftools-adiciona-novos-produtos-ao-cata\u0301logo.jpg\",\"contentUrl\":\"https:\\\/\\\/jornaldasoficinas.com\\\/pt\\\/wp-content\\\/uploads\\\/2022\\\/10\\\/Kroftools-adiciona-novos-produtos-ao-cata\u0301logo.jpg\",\"width\":1024,\"height\":581,\"caption\":\"10 - Kroftools adiciona novos produtos ao cata\u0301logo\"},{\"@type\":\"BreadcrumbList\",\"@id\":\"https:\\\/\\\/jornaldasoficinas.com\\\/pt\\\/kroftools-adiciona-novos-produtos-ao-catalogo-2\\\/#breadcrumb\",\"itemListElement\":[{\"@type\":\"ListItem\",\"position\":1,\"name\":\"In\u00edcio\",\"item\":\"https:\\\/\\\/jornaldasoficinas.com\\\/pt\\\/\"},{\"@type\":\"ListItem\",\"position\":2,\"name\":\"Kroftools adiciona novos produtos ao cat\u00e1logo\"}]},{\"@type\":\"WebSite\",\"@id\":\"https:\\\/\\\/jornaldasoficinas.com\\\/pt\\\/#website\",\"url\":\"https:\\\/\\\/jornaldasoficinas.com\\\/pt\\\/\",\"name\":\"Jornal das Oficinas\",\"description\":\"Jornal independente do Aftermarket Autom\u00f3vel em Portugal\",\"publisher\":{\"@id\":\"https:\\\/\\\/jornaldasoficinas.com\\\/pt\\\/#organization\"},\"potentialAction\":[{\"@type\":\"SearchAction\",\"target\":{\"@type\":\"EntryPoint\",\"urlTemplate\":\"https:\\\/\\\/jornaldasoficinas.com\\\/pt\\\/?s={search_term_string}\"},\"query-input\":{\"@type\":\"PropertyValueSpecification\",\"valueRequired\":true,\"valueName\":\"search_term_string\"}}],\"inLanguage\":\"pt-PT\"},{\"@type\":\"Organization\",\"@id\":\"https:\\\/\\\/jornaldasoficinas.com\\\/pt\\\/#organization\",\"name\":\"Jornal das Oficinas\",\"url\":\"https:\\\/\\\/jornaldasoficinas.com\\\/pt\\\/\",\"logo\":{\"@type\":\"ImageObject\",\"inLanguage\":\"pt-PT\",\"@id\":\"https:\\\/\\\/jornaldasoficinas.com\\\/pt\\\/#\\\/schema\\\/logo\\\/image\\\/\",\"url\":\"https:\\\/\\\/jornaldasoficinas.com\\\/pt\\\/wp-content\\\/uploads\\\/logoJO-SEO.png\",\"contentUrl\":\"https:\\\/\\\/jornaldasoficinas.com\\\/pt\\\/wp-content\\\/uploads\\\/logoJO-SEO.png\",\"width\":285,\"height\":450,\"caption\":\"Jornal das Oficinas\"},\"image\":{\"@id\":\"https:\\\/\\\/jornaldasoficinas.com\\\/pt\\\/#\\\/schema\\\/logo\\\/image\\\/\"},\"sameAs\":[\"https:\\\/\\\/www.facebook.com\\\/jornaloficinas\",\"https:\\\/\\\/x.com\\\/jornaloficinas\",\"https:\\\/\\\/www.instagram.com\\\/jornal_oficinas\\\/\",\"https:\\\/\\\/www.linkedin.com\\\/company\\\/jornal-das-oficinas\\\/\",\"https:\\\/\\\/www.youtube.com\\\/channel\\\/UCbQZBqtcvV-oSQrr7RzINGg\"]},{\"@type\":\"Person\",\"@id\":\"https:\\\/\\\/jornaldasoficinas.com\\\/pt\\\/#\\\/schema\\\/person\\\/a38eef5de2c41d9e7c9ac10141afddf3\",\"name\":\"Reda\u00e7\u00e3o JO\",\"image\":{\"@type\":\"ImageObject\",\"inLanguage\":\"pt-PT\",\"@id\":\"https:\\\/\\\/secure.gravatar.com\\\/avatar\\\/71f2fa71737ad68a84fea94bc708ddac8ea5b0c4788dc2ad202f3ccb2887742f?s=96&d=wp_user_avatar&r=g\",\"url\":\"https:\\\/\\\/secure.gravatar.com\\\/avatar\\\/71f2fa71737ad68a84fea94bc708ddac8ea5b0c4788dc2ad202f3ccb2887742f?s=96&d=wp_user_avatar&r=g\",\"contentUrl\":\"https:\\\/\\\/secure.gravatar.com\\\/avatar\\\/71f2fa71737ad68a84fea94bc708ddac8ea5b0c4788dc2ad202f3ccb2887742f?s=96&d=wp_user_avatar&r=g\",\"caption\":\"Reda\u00e7\u00e3o JO\"},\"url\":\"https:\\\/\\\/jornaldasoficinas.com\\\/pt\\\/author\\\/joredacao\\\/\"}]}<\/script>\n<!-- \/ Yoast SEO plugin. -->","yoast_head_json":{"title":"Kroftools adiciona novos produtos ao cat\u00e1logo - Jornal das Oficinas","robots":{"index":"index","follow":"follow","max-snippet":"max-snippet:-1","max-image-preview":"max-image-preview:large","max-video-preview":"max-video-preview:-1"},"canonical":"https:\/\/jornaldasoficinas.com\/pt\/kroftools-adiciona-novos-produtos-ao-catalogo-2\/","og_locale":"pt_PT","og_type":"article","og_title":"Kroftools adiciona novos produtos ao cat\u00e1logo - Jornal das Oficinas","og_description":"Sempre com o objetivo de oferecer...","og_url":"https:\/\/jornaldasoficinas.com\/pt\/kroftools-adiciona-novos-produtos-ao-catalogo-2\/","og_site_name":"Jornal das Oficinas","article_publisher":"https:\/\/www.facebook.com\/jornaloficinas","article_published_time":"2022-10-17T09:00:50+00:00","og_image":[{"width":1024,"height":581,"url":"https:\/\/jornaldasoficinas.com\/pt\/wp-content\/uploads\/2022\/10\/Kroftools-adiciona-novos-produtos-ao-cata\u0301logo.jpg","type":"image\/jpeg"}],"author":"Reda\u00e7\u00e3o JO","twitter_card":"summary_large_image","twitter_creator":"@jornaloficinas","twitter_site":"@jornaloficinas","twitter_misc":{"Escrito por":"Reda\u00e7\u00e3o JO","Tempo estimado de leitura":"1 minuto"},"schema":{"@context":"https:\/\/schema.org","@graph":[{"@type":"Article","@id":"https:\/\/jornaldasoficinas.com\/pt\/kroftools-adiciona-novos-produtos-ao-catalogo-2\/#article","isPartOf":{"@id":"https:\/\/jornaldasoficinas.com\/pt\/kroftools-adiciona-novos-produtos-ao-catalogo-2\/"},"author":{"name":"Reda\u00e7\u00e3o JO","@id":"https:\/\/jornaldasoficinas.com\/pt\/#\/schema\/person\/a38eef5de2c41d9e7c9ac10141afddf3"},"headline":"Kroftools adiciona novos produtos ao cat\u00e1logo","datePublished":"2022-10-17T09:00:50+00:00","mainEntityOfPage":{"@id":"https:\/\/jornaldasoficinas.com\/pt\/kroftools-adiciona-novos-produtos-ao-catalogo-2\/"},"wordCount":303,"publisher":{"@id":"https:\/\/jornaldasoficinas.com\/pt\/#organization"},"image":{"@id":"https:\/\/jornaldasoficinas.com\/pt\/kroftools-adiciona-novos-produtos-ao-catalogo-2\/#primaryimage"},"thumbnailUrl":"https:\/\/jornaldasoficinas.com\/pt\/wp-content\/uploads\/2022\/10\/Kroftools-adiciona-novos-produtos-ao-cata\u0301logo.jpg","keywords":["KROFtools"],"articleSection":["Equipamentos"],"inLanguage":"pt-PT"},{"@type":"WebPage","@id":"https:\/\/jornaldasoficinas.com\/pt\/kroftools-adiciona-novos-produtos-ao-catalogo-2\/","url":"https:\/\/jornaldasoficinas.com\/pt\/kroftools-adiciona-novos-produtos-ao-catalogo-2\/","name":"Kroftools adiciona novos produtos ao cat\u00e1logo - Jornal das Oficinas","isPartOf":{"@id":"https:\/\/jornaldasoficinas.com\/pt\/#website"},"primaryImageOfPage":{"@id":"https:\/\/jornaldasoficinas.com\/pt\/kroftools-adiciona-novos-produtos-ao-catalogo-2\/#primaryimage"},"image":{"@id":"https:\/\/jornaldasoficinas.com\/pt\/kroftools-adiciona-novos-produtos-ao-catalogo-2\/#primaryimage"},"thumbnailUrl":"https:\/\/jornaldasoficinas.com\/pt\/wp-content\/uploads\/2022\/10\/Kroftools-adiciona-novos-produtos-ao-cata\u0301logo.jpg","datePublished":"2022-10-17T09:00:50+00:00","breadcrumb":{"@id":"https:\/\/jornaldasoficinas.com\/pt\/kroftools-adiciona-novos-produtos-ao-catalogo-2\/#breadcrumb"},"inLanguage":"pt-PT","potentialAction":[{"@type":"ReadAction","target":["https:\/\/jornaldasoficinas.com\/pt\/kroftools-adiciona-novos-produtos-ao-catalogo-2\/"]}]},{"@type":"ImageObject","inLanguage":"pt-PT","@id":"https:\/\/jornaldasoficinas.com\/pt\/kroftools-adiciona-novos-produtos-ao-catalogo-2\/#primaryimage","url":"https:\/\/jornaldasoficinas.com\/pt\/wp-content\/uploads\/2022\/10\/Kroftools-adiciona-novos-produtos-ao-cata\u0301logo.jpg","contentUrl":"https:\/\/jornaldasoficinas.com\/pt\/wp-content\/uploads\/2022\/10\/Kroftools-adiciona-novos-produtos-ao-cata\u0301logo.jpg","width":1024,"height":581,"caption":"10 - Kroftools adiciona novos produtos ao cata\u0301logo"},{"@type":"BreadcrumbList","@id":"https:\/\/jornaldasoficinas.com\/pt\/kroftools-adiciona-novos-produtos-ao-catalogo-2\/#breadcrumb","itemListElement":[{"@type":"ListItem","position":1,"name":"In\u00edcio","item":"https:\/\/jornaldasoficinas.com\/pt\/"},{"@type":"ListItem","position":2,"name":"Kroftools adiciona novos produtos ao cat\u00e1logo"}]},{"@type":"WebSite","@id":"https:\/\/jornaldasoficinas.com\/pt\/#website","url":"https:\/\/jornaldasoficinas.com\/pt\/","name":"Jornal das Oficinas","description":"Jornal independente do Aftermarket Autom\u00f3vel em Portugal","publisher":{"@id":"https:\/\/jornaldasoficinas.com\/pt\/#organization"},"potentialAction":[{"@type":"SearchAction","target":{"@type":"EntryPoint","urlTemplate":"https:\/\/jornaldasoficinas.com\/pt\/?s={search_term_string}"},"query-input":{"@type":"PropertyValueSpecification","valueRequired":true,"valueName":"search_term_string"}}],"inLanguage":"pt-PT"},{"@type":"Organization","@id":"https:\/\/jornaldasoficinas.com\/pt\/#organization","name":"Jornal das Oficinas","url":"https:\/\/jornaldasoficinas.com\/pt\/","logo":{"@type":"ImageObject","inLanguage":"pt-PT","@id":"https:\/\/jornaldasoficinas.com\/pt\/#\/schema\/logo\/image\/","url":"https:\/\/jornaldasoficinas.com\/pt\/wp-content\/uploads\/logoJO-SEO.png","contentUrl":"https:\/\/jornaldasoficinas.com\/pt\/wp-content\/uploads\/logoJO-SEO.png","width":285,"height":450,"caption":"Jornal das Oficinas"},"image":{"@id":"https:\/\/jornaldasoficinas.com\/pt\/#\/schema\/logo\/image\/"},"sameAs":["https:\/\/www.facebook.com\/jornaloficinas","https:\/\/x.com\/jornaloficinas","https:\/\/www.instagram.com\/jornal_oficinas\/","https:\/\/www.linkedin.com\/company\/jornal-das-oficinas\/","https:\/\/www.youtube.com\/channel\/UCbQZBqtcvV-oSQrr7RzINGg"]},{"@type":"Person","@id":"https:\/\/jornaldasoficinas.com\/pt\/#\/schema\/person\/a38eef5de2c41d9e7c9ac10141afddf3","name":"Reda\u00e7\u00e3o JO","image":{"@type":"ImageObject","inLanguage":"pt-PT","@id":"https:\/\/secure.gravatar.com\/avatar\/71f2fa71737ad68a84fea94bc708ddac8ea5b0c4788dc2ad202f3ccb2887742f?s=96&d=wp_user_avatar&r=g","url":"https:\/\/secure.gravatar.com\/avatar\/71f2fa71737ad68a84fea94bc708ddac8ea5b0c4788dc2ad202f3ccb2887742f?s=96&d=wp_user_avatar&r=g","contentUrl":"https:\/\/secure.gravatar.com\/avatar\/71f2fa71737ad68a84fea94bc708ddac8ea5b0c4788dc2ad202f3ccb2887742f?s=96&d=wp_user_avatar&r=g","caption":"Reda\u00e7\u00e3o JO"},"url":"https:\/\/jornaldasoficinas.com\/pt\/author\/joredacao\/"}]}},"_links":{"self":[{"href":"https:\/\/jornaldasoficinas.com\/pt\/wp-json\/wp\/v2\/posts\/33767","targetHints":{"allow":["GET"]}}],"collection":[{"href":"https:\/\/jornaldasoficinas.com\/pt\/wp-json\/wp\/v2\/posts"}],"about":[{"href":"https:\/\/jornaldasoficinas.com\/pt\/wp-json\/wp\/v2\/types\/post"}],"author":[{"embeddable":true,"href":"https:\/\/jornaldasoficinas.com\/pt\/wp-json\/wp\/v2\/users\/15"}],"replies":[{"embeddable":true,"href":"https:\/\/jornaldasoficinas.com\/pt\/wp-json\/wp\/v2\/comments?post=33767"}],"version-history":[{"count":0,"href":"https:\/\/jornaldasoficinas.com\/pt\/wp-json\/wp\/v2\/posts\/33767\/revisions"}],"wp:featuredmedia":[{"embeddable":true,"href":"https:\/\/jornaldasoficinas.com\/pt\/wp-json\/wp\/v2\/media\/33773"}],"wp:attachment":[{"href":"https:\/\/jornaldasoficinas.com\/pt\/wp-json\/wp\/v2\/media?parent=33767"}],"wp:term":[{"taxonomy":"category","embeddable":true,"href":"https:\/\/jornaldasoficinas.com\/pt\/wp-json\/wp\/v2\/categories?post=33767"},{"taxonomy":"post_tag","embeddable":true,"href":"https:\/\/jornaldasoficinas.com\/pt\/wp-json\/wp\/v2\/tags?post=33767"}],"curies":[{"name":"wp","href":"https:\/\/api.w.org\/{rel}","templated":true}]}}