{"id":33784,"date":"2022-10-17T14:00:45","date_gmt":"2022-10-17T13:00:45","guid":{"rendered":"https:\/\/jornaldasoficinas.com\/pt\/?p=33784"},"modified":"2022-10-16T11:07:30","modified_gmt":"2022-10-16T10:07:30","slug":"grupo-auto-industrial-renova-imagem-corporativa","status":"publish","type":"post","link":"https:\/\/jornaldasoficinas.com\/pt\/grupo-auto-industrial-renova-imagem-corporativa\/","title":{"rendered":"Grupo Auto-Industrial renova imagem corporativa"},"content":{"rendered":"<p><strong><img loading=\"lazy\" decoding=\"async\" class=\"alignnone size-full wp-image-33770\" src=\"https:\/\/jornaldasoficinas.com\/pt\/wp-content\/uploads\/2022\/10\/Grupo-Auto-Industrial-renova-imagem-corporativa.jpg\" alt=\"10 - Grupo Auto Industrial renova imagem corporativa\" width=\"1024\" height=\"581\" srcset=\"https:\/\/jornaldasoficinas.com\/pt\/wp-content\/uploads\/2022\/10\/Grupo-Auto-Industrial-renova-imagem-corporativa.jpg 1024w, https:\/\/jornaldasoficinas.com\/pt\/wp-content\/uploads\/2022\/10\/Grupo-Auto-Industrial-renova-imagem-corporativa-300x170.jpg 300w, https:\/\/jornaldasoficinas.com\/pt\/wp-content\/uploads\/2022\/10\/Grupo-Auto-Industrial-renova-imagem-corporativa-150x85.jpg 150w, https:\/\/jornaldasoficinas.com\/pt\/wp-content\/uploads\/2022\/10\/Grupo-Auto-Industrial-renova-imagem-corporativa-768x436.jpg 768w\" sizes=\"auto, (max-width: 1024px) 100vw, 1024px\" \/><\/strong><\/p>\n<p><strong><a href=\"https:\/\/www.grupoautoindustrial.pt\/\" target=\"_blank\" rel=\"noopener\">Grupo Auto-Industrial<\/a>, acaba de lan\u00e7ar uma nova imagem corporativa que reflete a modernidade e um novo posicionamento a adotar nos diferentes setores onde atua<\/strong><\/p>\n<p>A imagem gr\u00e1fica agora apresentada prima pela simplicidade e pelo minimalismo. O conceito criativo do novo logotipo utiliza como fio condutor uma linha cont\u00ednua de movimento que representa a eletrifica\u00e7\u00e3o, a preocupa\u00e7\u00e3o com a sustentabilidade, as novas formas de mobilidade e a aposta na inova\u00e7\u00e3o, sem, contudo, deixar cair o s\u00edmbolo da marca, presente no mercado h\u00e1 mais de 100 anos.<\/p>\n<p>Segundo a respons\u00e1vel de Marketing do Grupo, Rita Lavos, \u201ca renova\u00e7\u00e3o da identidade corporativa est\u00e1 alinhada com a recente estrat\u00e9gia de conciliar confian\u00e7a e proximidade, j\u00e1 existentes no ADN do Grupo Auto-Industrial, com flexibilidade e adapta\u00e7\u00e3o aos novos tempos.\u201d<\/p>\n<p>Al\u00e9m do lan\u00e7amento da nova identidade corporativa, o Grupo Auto-Industrial est\u00e1 tamb\u00e9m a promover uma reorganiza\u00e7\u00e3o interna, marcada por um forte investimento na inova\u00e7\u00e3o e digitaliza\u00e7\u00e3o de processos, que refor\u00e7a o foco no cliente. As tecnologias de \u00faltima gera\u00e7\u00e3o v\u00e3o ser adotadas por todo o universo de colaboradores com o prop\u00f3sito de melhorar a experi\u00eancia do cliente recorrendo, em algumas situa\u00e7\u00f5es, \u00e0 intelig\u00eancia artificial.<\/p>\n<p><strong>Nova imagem corporativa alinhada com os novos desafios<br \/>\n<\/strong>Nos \u00faltimos anos, o grupo Auto-Industrial tem alargado a sua oferta de solu\u00e7\u00f5es de mobilidade el\u00e9trica ao setor dos motociclos, n\u00e1utico e de lazer. A mais recente novidade foi a entrada no mercado dos motociclos el\u00e9tricos da marca Silence, da qual a Auto-Industrial \u00e9 distribuidora exclusiva para o mercado portugu\u00eas. A primeira Flagship Store em Portugal desta marca europeia que veio revolucionar o mercado das scooters\u00a0el\u00e9tricas gra\u00e7as \u00e0 sua bateria remov\u00edvel, dever\u00e1 abrir brevemente em Lisboa, complementando os v\u00e1rios pontos de venda Silence espalhados pelo pa\u00eds.<\/p>\n<p>No sector n\u00e1utico e do lazer, o Grupo Auto-Industrial firmou recentemente uma parceria exclusiva com a marca Lilybaeum, fabricante italiano de barcos de recreio artesanais.<\/p>\n<p>O grupo estabeleceu ainda parcerias com a marca Temo, fabricante franc\u00eas de motores el\u00e9tricos; com a marca Yellow V para botes de borracha, pranchas de Paddle e Kayaks insufl\u00e1veis, para al\u00e9m das b\u00f3ias para a n\u00e1utica recreativa; e ainda com a Redshark Bikes, para comercializa\u00e7\u00e3o de produtos como\u00a0Bike Surf\u00a0e\u00a0Scooter Surf.<\/p>\n<p>Estas representa\u00e7\u00f5es v\u00eam refor\u00e7ar a aposta na inova\u00e7\u00e3o e na exclusividade sem descurar dois pilares fundamentais da estrat\u00e9gia do Grupo Auto-Industrial: a sustentabilidade e a eletrifica\u00e7\u00e3o.<\/p>\n<p>Tamb\u00e9m no setor agr\u00edcola, a eletrifica\u00e7\u00e3o ganha novo \u00eanfase nas diferentes gamas comercializadas pelas marcas representadas pelo Grupo Auto-Industrial. Este ano, a Kubota vai lan\u00e7ar um trator el\u00e9trico compacto que fornece 26 CV com uma bateria de i\u00f5es de l\u00edtio, que pode proporcionar uma carga r\u00e1pida em apenas uma hora seguido de um funcionamento cont\u00ednuo de tr\u00eas a quatro horas, denominada por S\u00e9rie LXe-261.<\/p>\n<p>Quanto \u00e0s novas formas de mobilidade, em 2021, o grupo expandiu a sua atividade para o mercado de rent-a-car com a Auto-Industrial Rent, presente com 13 esta\u00e7\u00f5es de levantamento e entrega em Portugal continental.<\/p>\n","protected":false},"excerpt":{"rendered":"<p>Grupo Auto-Industrial, acaba de lan\u00e7ar uma&#8230;<\/p>\n","protected":false},"author":15,"featured_media":33770,"comment_status":"closed","ping_status":"closed","sticky":false,"template":"","format":"standard","meta":{"footnotes":""},"categories":[29],"tags":[2498],"class_list":["post-33784","post","type-post","status-publish","format-standard","has-post-thumbnail","hentry","category-empresas","tag-grupo-auto-industrial"],"yoast_head":"<!-- This site is optimized with the Yoast SEO plugin v27.4 - https:\/\/yoast.com\/product\/yoast-seo-wordpress\/ -->\n<title>Grupo Auto-Industrial renova imagem corporativa - Jornal das Oficinas<\/title>\n<meta name=\"robots\" content=\"index, follow, max-snippet:-1, max-image-preview:large, max-video-preview:-1\" \/>\n<link rel=\"canonical\" href=\"https:\/\/jornaldasoficinas.com\/pt\/grupo-auto-industrial-renova-imagem-corporativa\/\" \/>\n<meta property=\"og:locale\" content=\"pt_PT\" \/>\n<meta property=\"og:type\" content=\"article\" \/>\n<meta property=\"og:title\" content=\"Grupo Auto-Industrial renova imagem corporativa - Jornal das Oficinas\" \/>\n<meta property=\"og:description\" content=\"Grupo Auto-Industrial, acaba de lan\u00e7ar uma...\" \/>\n<meta property=\"og:url\" content=\"https:\/\/jornaldasoficinas.com\/pt\/grupo-auto-industrial-renova-imagem-corporativa\/\" \/>\n<meta property=\"og:site_name\" content=\"Jornal das Oficinas\" \/>\n<meta property=\"article:publisher\" content=\"https:\/\/www.facebook.com\/jornaloficinas\" \/>\n<meta property=\"article:published_time\" content=\"2022-10-17T13:00:45+00:00\" \/>\n<meta property=\"og:image\" content=\"https:\/\/jornaldasoficinas.com\/pt\/wp-content\/uploads\/2022\/10\/Grupo-Auto-Industrial-renova-imagem-corporativa.jpg\" \/>\n\t<meta property=\"og:image:width\" content=\"1024\" \/>\n\t<meta property=\"og:image:height\" content=\"581\" \/>\n\t<meta property=\"og:image:type\" content=\"image\/jpeg\" \/>\n<meta name=\"author\" content=\"Reda\u00e7\u00e3o JO\" \/>\n<meta name=\"twitter:card\" content=\"summary_large_image\" \/>\n<meta name=\"twitter:creator\" content=\"@jornaloficinas\" \/>\n<meta name=\"twitter:site\" content=\"@jornaloficinas\" \/>\n<meta name=\"twitter:label1\" content=\"Escrito por\" \/>\n\t<meta name=\"twitter:data1\" content=\"Reda\u00e7\u00e3o JO\" \/>\n\t<meta name=\"twitter:label2\" content=\"Tempo estimado de leitura\" \/>\n\t<meta name=\"twitter:data2\" content=\"3 minutos\" \/>\n<script type=\"application\/ld+json\" class=\"yoast-schema-graph\">{\"@context\":\"https:\\\/\\\/schema.org\",\"@graph\":[{\"@type\":\"Article\",\"@id\":\"https:\\\/\\\/jornaldasoficinas.com\\\/pt\\\/grupo-auto-industrial-renova-imagem-corporativa\\\/#article\",\"isPartOf\":{\"@id\":\"https:\\\/\\\/jornaldasoficinas.com\\\/pt\\\/grupo-auto-industrial-renova-imagem-corporativa\\\/\"},\"author\":{\"name\":\"Reda\u00e7\u00e3o JO\",\"@id\":\"https:\\\/\\\/jornaldasoficinas.com\\\/pt\\\/#\\\/schema\\\/person\\\/a38eef5de2c41d9e7c9ac10141afddf3\"},\"headline\":\"Grupo Auto-Industrial renova imagem corporativa\",\"datePublished\":\"2022-10-17T13:00:45+00:00\",\"mainEntityOfPage\":{\"@id\":\"https:\\\/\\\/jornaldasoficinas.com\\\/pt\\\/grupo-auto-industrial-renova-imagem-corporativa\\\/\"},\"wordCount\":544,\"publisher\":{\"@id\":\"https:\\\/\\\/jornaldasoficinas.com\\\/pt\\\/#organization\"},\"image\":{\"@id\":\"https:\\\/\\\/jornaldasoficinas.com\\\/pt\\\/grupo-auto-industrial-renova-imagem-corporativa\\\/#primaryimage\"},\"thumbnailUrl\":\"https:\\\/\\\/jornaldasoficinas.com\\\/pt\\\/wp-content\\\/uploads\\\/2022\\\/10\\\/Grupo-Auto-Industrial-renova-imagem-corporativa.jpg\",\"keywords\":[\"Grupo Auto-Industrial\"],\"articleSection\":[\"Empresas\"],\"inLanguage\":\"pt-PT\"},{\"@type\":\"WebPage\",\"@id\":\"https:\\\/\\\/jornaldasoficinas.com\\\/pt\\\/grupo-auto-industrial-renova-imagem-corporativa\\\/\",\"url\":\"https:\\\/\\\/jornaldasoficinas.com\\\/pt\\\/grupo-auto-industrial-renova-imagem-corporativa\\\/\",\"name\":\"Grupo Auto-Industrial renova imagem corporativa - Jornal das Oficinas\",\"isPartOf\":{\"@id\":\"https:\\\/\\\/jornaldasoficinas.com\\\/pt\\\/#website\"},\"primaryImageOfPage\":{\"@id\":\"https:\\\/\\\/jornaldasoficinas.com\\\/pt\\\/grupo-auto-industrial-renova-imagem-corporativa\\\/#primaryimage\"},\"image\":{\"@id\":\"https:\\\/\\\/jornaldasoficinas.com\\\/pt\\\/grupo-auto-industrial-renova-imagem-corporativa\\\/#primaryimage\"},\"thumbnailUrl\":\"https:\\\/\\\/jornaldasoficinas.com\\\/pt\\\/wp-content\\\/uploads\\\/2022\\\/10\\\/Grupo-Auto-Industrial-renova-imagem-corporativa.jpg\",\"datePublished\":\"2022-10-17T13:00:45+00:00\",\"breadcrumb\":{\"@id\":\"https:\\\/\\\/jornaldasoficinas.com\\\/pt\\\/grupo-auto-industrial-renova-imagem-corporativa\\\/#breadcrumb\"},\"inLanguage\":\"pt-PT\",\"potentialAction\":[{\"@type\":\"ReadAction\",\"target\":[\"https:\\\/\\\/jornaldasoficinas.com\\\/pt\\\/grupo-auto-industrial-renova-imagem-corporativa\\\/\"]}]},{\"@type\":\"ImageObject\",\"inLanguage\":\"pt-PT\",\"@id\":\"https:\\\/\\\/jornaldasoficinas.com\\\/pt\\\/grupo-auto-industrial-renova-imagem-corporativa\\\/#primaryimage\",\"url\":\"https:\\\/\\\/jornaldasoficinas.com\\\/pt\\\/wp-content\\\/uploads\\\/2022\\\/10\\\/Grupo-Auto-Industrial-renova-imagem-corporativa.jpg\",\"contentUrl\":\"https:\\\/\\\/jornaldasoficinas.com\\\/pt\\\/wp-content\\\/uploads\\\/2022\\\/10\\\/Grupo-Auto-Industrial-renova-imagem-corporativa.jpg\",\"width\":1024,\"height\":581,\"caption\":\"10 - Grupo Auto Industrial renova imagem corporativa\"},{\"@type\":\"BreadcrumbList\",\"@id\":\"https:\\\/\\\/jornaldasoficinas.com\\\/pt\\\/grupo-auto-industrial-renova-imagem-corporativa\\\/#breadcrumb\",\"itemListElement\":[{\"@type\":\"ListItem\",\"position\":1,\"name\":\"In\u00edcio\",\"item\":\"https:\\\/\\\/jornaldasoficinas.com\\\/pt\\\/\"},{\"@type\":\"ListItem\",\"position\":2,\"name\":\"Grupo Auto-Industrial renova imagem corporativa\"}]},{\"@type\":\"WebSite\",\"@id\":\"https:\\\/\\\/jornaldasoficinas.com\\\/pt\\\/#website\",\"url\":\"https:\\\/\\\/jornaldasoficinas.com\\\/pt\\\/\",\"name\":\"Jornal das Oficinas\",\"description\":\"Jornal independente do Aftermarket Autom\u00f3vel em Portugal\",\"publisher\":{\"@id\":\"https:\\\/\\\/jornaldasoficinas.com\\\/pt\\\/#organization\"},\"potentialAction\":[{\"@type\":\"SearchAction\",\"target\":{\"@type\":\"EntryPoint\",\"urlTemplate\":\"https:\\\/\\\/jornaldasoficinas.com\\\/pt\\\/?s={search_term_string}\"},\"query-input\":{\"@type\":\"PropertyValueSpecification\",\"valueRequired\":true,\"valueName\":\"search_term_string\"}}],\"inLanguage\":\"pt-PT\"},{\"@type\":\"Organization\",\"@id\":\"https:\\\/\\\/jornaldasoficinas.com\\\/pt\\\/#organization\",\"name\":\"Jornal das Oficinas\",\"url\":\"https:\\\/\\\/jornaldasoficinas.com\\\/pt\\\/\",\"logo\":{\"@type\":\"ImageObject\",\"inLanguage\":\"pt-PT\",\"@id\":\"https:\\\/\\\/jornaldasoficinas.com\\\/pt\\\/#\\\/schema\\\/logo\\\/image\\\/\",\"url\":\"https:\\\/\\\/jornaldasoficinas.com\\\/pt\\\/wp-content\\\/uploads\\\/logoJO-SEO.png\",\"contentUrl\":\"https:\\\/\\\/jornaldasoficinas.com\\\/pt\\\/wp-content\\\/uploads\\\/logoJO-SEO.png\",\"width\":285,\"height\":450,\"caption\":\"Jornal das Oficinas\"},\"image\":{\"@id\":\"https:\\\/\\\/jornaldasoficinas.com\\\/pt\\\/#\\\/schema\\\/logo\\\/image\\\/\"},\"sameAs\":[\"https:\\\/\\\/www.facebook.com\\\/jornaloficinas\",\"https:\\\/\\\/x.com\\\/jornaloficinas\",\"https:\\\/\\\/www.instagram.com\\\/jornal_oficinas\\\/\",\"https:\\\/\\\/www.linkedin.com\\\/company\\\/jornal-das-oficinas\\\/\",\"https:\\\/\\\/www.youtube.com\\\/channel\\\/UCbQZBqtcvV-oSQrr7RzINGg\"]},{\"@type\":\"Person\",\"@id\":\"https:\\\/\\\/jornaldasoficinas.com\\\/pt\\\/#\\\/schema\\\/person\\\/a38eef5de2c41d9e7c9ac10141afddf3\",\"name\":\"Reda\u00e7\u00e3o JO\",\"image\":{\"@type\":\"ImageObject\",\"inLanguage\":\"pt-PT\",\"@id\":\"https:\\\/\\\/secure.gravatar.com\\\/avatar\\\/71f2fa71737ad68a84fea94bc708ddac8ea5b0c4788dc2ad202f3ccb2887742f?s=96&d=wp_user_avatar&r=g\",\"url\":\"https:\\\/\\\/secure.gravatar.com\\\/avatar\\\/71f2fa71737ad68a84fea94bc708ddac8ea5b0c4788dc2ad202f3ccb2887742f?s=96&d=wp_user_avatar&r=g\",\"contentUrl\":\"https:\\\/\\\/secure.gravatar.com\\\/avatar\\\/71f2fa71737ad68a84fea94bc708ddac8ea5b0c4788dc2ad202f3ccb2887742f?s=96&d=wp_user_avatar&r=g\",\"caption\":\"Reda\u00e7\u00e3o JO\"},\"url\":\"https:\\\/\\\/jornaldasoficinas.com\\\/pt\\\/author\\\/joredacao\\\/\"}]}<\/script>\n<!-- \/ Yoast SEO plugin. -->","yoast_head_json":{"title":"Grupo Auto-Industrial renova imagem corporativa - Jornal das Oficinas","robots":{"index":"index","follow":"follow","max-snippet":"max-snippet:-1","max-image-preview":"max-image-preview:large","max-video-preview":"max-video-preview:-1"},"canonical":"https:\/\/jornaldasoficinas.com\/pt\/grupo-auto-industrial-renova-imagem-corporativa\/","og_locale":"pt_PT","og_type":"article","og_title":"Grupo Auto-Industrial renova imagem corporativa - Jornal das Oficinas","og_description":"Grupo Auto-Industrial, acaba de lan\u00e7ar uma...","og_url":"https:\/\/jornaldasoficinas.com\/pt\/grupo-auto-industrial-renova-imagem-corporativa\/","og_site_name":"Jornal das Oficinas","article_publisher":"https:\/\/www.facebook.com\/jornaloficinas","article_published_time":"2022-10-17T13:00:45+00:00","og_image":[{"width":1024,"height":581,"url":"https:\/\/jornaldasoficinas.com\/pt\/wp-content\/uploads\/2022\/10\/Grupo-Auto-Industrial-renova-imagem-corporativa.jpg","type":"image\/jpeg"}],"author":"Reda\u00e7\u00e3o JO","twitter_card":"summary_large_image","twitter_creator":"@jornaloficinas","twitter_site":"@jornaloficinas","twitter_misc":{"Escrito por":"Reda\u00e7\u00e3o JO","Tempo estimado de leitura":"3 minutos"},"schema":{"@context":"https:\/\/schema.org","@graph":[{"@type":"Article","@id":"https:\/\/jornaldasoficinas.com\/pt\/grupo-auto-industrial-renova-imagem-corporativa\/#article","isPartOf":{"@id":"https:\/\/jornaldasoficinas.com\/pt\/grupo-auto-industrial-renova-imagem-corporativa\/"},"author":{"name":"Reda\u00e7\u00e3o JO","@id":"https:\/\/jornaldasoficinas.com\/pt\/#\/schema\/person\/a38eef5de2c41d9e7c9ac10141afddf3"},"headline":"Grupo Auto-Industrial renova imagem corporativa","datePublished":"2022-10-17T13:00:45+00:00","mainEntityOfPage":{"@id":"https:\/\/jornaldasoficinas.com\/pt\/grupo-auto-industrial-renova-imagem-corporativa\/"},"wordCount":544,"publisher":{"@id":"https:\/\/jornaldasoficinas.com\/pt\/#organization"},"image":{"@id":"https:\/\/jornaldasoficinas.com\/pt\/grupo-auto-industrial-renova-imagem-corporativa\/#primaryimage"},"thumbnailUrl":"https:\/\/jornaldasoficinas.com\/pt\/wp-content\/uploads\/2022\/10\/Grupo-Auto-Industrial-renova-imagem-corporativa.jpg","keywords":["Grupo Auto-Industrial"],"articleSection":["Empresas"],"inLanguage":"pt-PT"},{"@type":"WebPage","@id":"https:\/\/jornaldasoficinas.com\/pt\/grupo-auto-industrial-renova-imagem-corporativa\/","url":"https:\/\/jornaldasoficinas.com\/pt\/grupo-auto-industrial-renova-imagem-corporativa\/","name":"Grupo Auto-Industrial renova imagem corporativa - Jornal das Oficinas","isPartOf":{"@id":"https:\/\/jornaldasoficinas.com\/pt\/#website"},"primaryImageOfPage":{"@id":"https:\/\/jornaldasoficinas.com\/pt\/grupo-auto-industrial-renova-imagem-corporativa\/#primaryimage"},"image":{"@id":"https:\/\/jornaldasoficinas.com\/pt\/grupo-auto-industrial-renova-imagem-corporativa\/#primaryimage"},"thumbnailUrl":"https:\/\/jornaldasoficinas.com\/pt\/wp-content\/uploads\/2022\/10\/Grupo-Auto-Industrial-renova-imagem-corporativa.jpg","datePublished":"2022-10-17T13:00:45+00:00","breadcrumb":{"@id":"https:\/\/jornaldasoficinas.com\/pt\/grupo-auto-industrial-renova-imagem-corporativa\/#breadcrumb"},"inLanguage":"pt-PT","potentialAction":[{"@type":"ReadAction","target":["https:\/\/jornaldasoficinas.com\/pt\/grupo-auto-industrial-renova-imagem-corporativa\/"]}]},{"@type":"ImageObject","inLanguage":"pt-PT","@id":"https:\/\/jornaldasoficinas.com\/pt\/grupo-auto-industrial-renova-imagem-corporativa\/#primaryimage","url":"https:\/\/jornaldasoficinas.com\/pt\/wp-content\/uploads\/2022\/10\/Grupo-Auto-Industrial-renova-imagem-corporativa.jpg","contentUrl":"https:\/\/jornaldasoficinas.com\/pt\/wp-content\/uploads\/2022\/10\/Grupo-Auto-Industrial-renova-imagem-corporativa.jpg","width":1024,"height":581,"caption":"10 - Grupo Auto Industrial renova imagem corporativa"},{"@type":"BreadcrumbList","@id":"https:\/\/jornaldasoficinas.com\/pt\/grupo-auto-industrial-renova-imagem-corporativa\/#breadcrumb","itemListElement":[{"@type":"ListItem","position":1,"name":"In\u00edcio","item":"https:\/\/jornaldasoficinas.com\/pt\/"},{"@type":"ListItem","position":2,"name":"Grupo Auto-Industrial renova imagem corporativa"}]},{"@type":"WebSite","@id":"https:\/\/jornaldasoficinas.com\/pt\/#website","url":"https:\/\/jornaldasoficinas.com\/pt\/","name":"Jornal das Oficinas","description":"Jornal independente do Aftermarket Autom\u00f3vel em Portugal","publisher":{"@id":"https:\/\/jornaldasoficinas.com\/pt\/#organization"},"potentialAction":[{"@type":"SearchAction","target":{"@type":"EntryPoint","urlTemplate":"https:\/\/jornaldasoficinas.com\/pt\/?s={search_term_string}"},"query-input":{"@type":"PropertyValueSpecification","valueRequired":true,"valueName":"search_term_string"}}],"inLanguage":"pt-PT"},{"@type":"Organization","@id":"https:\/\/jornaldasoficinas.com\/pt\/#organization","name":"Jornal das Oficinas","url":"https:\/\/jornaldasoficinas.com\/pt\/","logo":{"@type":"ImageObject","inLanguage":"pt-PT","@id":"https:\/\/jornaldasoficinas.com\/pt\/#\/schema\/logo\/image\/","url":"https:\/\/jornaldasoficinas.com\/pt\/wp-content\/uploads\/logoJO-SEO.png","contentUrl":"https:\/\/jornaldasoficinas.com\/pt\/wp-content\/uploads\/logoJO-SEO.png","width":285,"height":450,"caption":"Jornal das Oficinas"},"image":{"@id":"https:\/\/jornaldasoficinas.com\/pt\/#\/schema\/logo\/image\/"},"sameAs":["https:\/\/www.facebook.com\/jornaloficinas","https:\/\/x.com\/jornaloficinas","https:\/\/www.instagram.com\/jornal_oficinas\/","https:\/\/www.linkedin.com\/company\/jornal-das-oficinas\/","https:\/\/www.youtube.com\/channel\/UCbQZBqtcvV-oSQrr7RzINGg"]},{"@type":"Person","@id":"https:\/\/jornaldasoficinas.com\/pt\/#\/schema\/person\/a38eef5de2c41d9e7c9ac10141afddf3","name":"Reda\u00e7\u00e3o JO","image":{"@type":"ImageObject","inLanguage":"pt-PT","@id":"https:\/\/secure.gravatar.com\/avatar\/71f2fa71737ad68a84fea94bc708ddac8ea5b0c4788dc2ad202f3ccb2887742f?s=96&d=wp_user_avatar&r=g","url":"https:\/\/secure.gravatar.com\/avatar\/71f2fa71737ad68a84fea94bc708ddac8ea5b0c4788dc2ad202f3ccb2887742f?s=96&d=wp_user_avatar&r=g","contentUrl":"https:\/\/secure.gravatar.com\/avatar\/71f2fa71737ad68a84fea94bc708ddac8ea5b0c4788dc2ad202f3ccb2887742f?s=96&d=wp_user_avatar&r=g","caption":"Reda\u00e7\u00e3o JO"},"url":"https:\/\/jornaldasoficinas.com\/pt\/author\/joredacao\/"}]}},"_links":{"self":[{"href":"https:\/\/jornaldasoficinas.com\/pt\/wp-json\/wp\/v2\/posts\/33784","targetHints":{"allow":["GET"]}}],"collection":[{"href":"https:\/\/jornaldasoficinas.com\/pt\/wp-json\/wp\/v2\/posts"}],"about":[{"href":"https:\/\/jornaldasoficinas.com\/pt\/wp-json\/wp\/v2\/types\/post"}],"author":[{"embeddable":true,"href":"https:\/\/jornaldasoficinas.com\/pt\/wp-json\/wp\/v2\/users\/15"}],"replies":[{"embeddable":true,"href":"https:\/\/jornaldasoficinas.com\/pt\/wp-json\/wp\/v2\/comments?post=33784"}],"version-history":[{"count":0,"href":"https:\/\/jornaldasoficinas.com\/pt\/wp-json\/wp\/v2\/posts\/33784\/revisions"}],"wp:featuredmedia":[{"embeddable":true,"href":"https:\/\/jornaldasoficinas.com\/pt\/wp-json\/wp\/v2\/media\/33770"}],"wp:attachment":[{"href":"https:\/\/jornaldasoficinas.com\/pt\/wp-json\/wp\/v2\/media?parent=33784"}],"wp:term":[{"taxonomy":"category","embeddable":true,"href":"https:\/\/jornaldasoficinas.com\/pt\/wp-json\/wp\/v2\/categories?post=33784"},{"taxonomy":"post_tag","embeddable":true,"href":"https:\/\/jornaldasoficinas.com\/pt\/wp-json\/wp\/v2\/tags?post=33784"}],"curies":[{"name":"wp","href":"https:\/\/api.w.org\/{rel}","templated":true}]}}