{"id":33786,"date":"2022-10-17T16:00:36","date_gmt":"2022-10-17T15:00:36","guid":{"rendered":"https:\/\/jornaldasoficinas.com\/pt\/?p=33786"},"modified":"2022-10-16T11:14:23","modified_gmt":"2022-10-16T10:14:23","slug":"ima-apresenta-nova-imagem-corporativa-e-novo-site","status":"publish","type":"post","link":"https:\/\/jornaldasoficinas.com\/pt\/ima-apresenta-nova-imagem-corporativa-e-novo-site\/","title":{"rendered":"IMA apresenta nova imagem corporativa e novo site"},"content":{"rendered":"<p><strong><img loading=\"lazy\" decoding=\"async\" class=\"alignnone size-full wp-image-33769\" src=\"https:\/\/jornaldasoficinas.com\/pt\/wp-content\/uploads\/2022\/10\/IMA-apresenta-nova-imagem-corporativa-e-novo-site.jpg\" alt=\"10 - IMA apresenta nova imagem corporativa e novo site\" width=\"1024\" height=\"581\" srcset=\"https:\/\/jornaldasoficinas.com\/pt\/wp-content\/uploads\/2022\/10\/IMA-apresenta-nova-imagem-corporativa-e-novo-site.jpg 1024w, https:\/\/jornaldasoficinas.com\/pt\/wp-content\/uploads\/2022\/10\/IMA-apresenta-nova-imagem-corporativa-e-novo-site-300x170.jpg 300w, https:\/\/jornaldasoficinas.com\/pt\/wp-content\/uploads\/2022\/10\/IMA-apresenta-nova-imagem-corporativa-e-novo-site-150x85.jpg 150w, https:\/\/jornaldasoficinas.com\/pt\/wp-content\/uploads\/2022\/10\/IMA-apresenta-nova-imagem-corporativa-e-novo-site-768x436.jpg 768w\" sizes=\"auto, (max-width: 1024px) 100vw, 1024px\" \/><\/strong><\/p>\n<p><strong>A <a href=\"https:\/\/www.imaiberica.pt\/pt\/index.php\" target=\"_blank\" rel=\"noopener\">IMA Ib\u00e9rica<\/a> renovou a sua identidade corporativa e, com ela, tamb\u00e9m a sua p\u00e1gina web, que se tornou mais intuitiva e melhora a navega\u00e7\u00e3o para uma experi\u00eancia de utilizador superior. Esta mudan\u00e7a vem de m\u00e3os dadas com a atualiza\u00e7\u00e3o do Grupo IMA de toda a sua identidade visual, que foi aplicada a todas as suas filiais<\/strong><\/p>\n<p>A IMA Ib\u00e9rica aproveita as mudan\u00e7as no mundo como uma oportunidade para se reinventar. \u00c9 isto que tem vindo a fazer h\u00e1 mais de 40 anos, satisfazendo as necessidades dos seus acionistas, parceiros, clientes e benefici\u00e1rios. O objetivo \u00e9 claro: ir al\u00e9m da assist\u00eancia imediata em situa\u00e7\u00f5es de emerg\u00eancia, desenvolvendo servi\u00e7os para melhorar a vida quotidiana e acompanhar os benefici\u00e1rios em todas as fases das suas vidas.<\/p>\n<p>Assim, a empresa apresenta um log\u00f3tipo modernizado que transmite as ambi\u00e7\u00f5es do Grupo: os novos c\u00f3digos gr\u00e1ficos da marca tornam o log\u00f3tipo mais identific\u00e1vel e com maior impacto.<\/p>\n<p>A tipografia e o uso da cor evolu\u00edram para real\u00e7ar a singularidade da marca e dar coer\u00eancia aos seus materiais de comunica\u00e7\u00e3o, facilitando assim o reconhecimento espont\u00e2neo da companhia.<\/p>\n<p>Al\u00e9m disso, o novo log\u00f3tipo da IMA Ib\u00e9rica inclui o nome do Grupo IMA para sublinhar a sua perten\u00e7a ao grupo franc\u00eas.<\/p>\n<p>As a\u00e7\u00f5es de rebranding incluem um v\u00eddeo corporativo no qual a empresa mostra a ess\u00eancia da sua atividade e a sua raz\u00e3o de ser. Sob o lema &#8220;Especialistas em ajud\u00e1-lo aqui e agora&#8221;, pretende mostrar a sua disponibilidade 24\/7 para qualquer circunst\u00e2ncia ou situa\u00e7\u00e3o relacionada com as suas \u00e1reas de atividade: mobilidade segura, casa conectada e seguros e sa\u00fade, bem como o seu servi\u00e7o de pedidos de indemniza\u00e7\u00e3o no front office sinistros. O apoio aos segurados e a constante procura de novas formas de os ajudar fazem parte do objetivo, o que coloca a inova\u00e7\u00e3o no centro como base da transforma\u00e7\u00e3o.<\/p>\n<p><strong>A dimens\u00e3o do Grupo, uma grande influ\u00eancia na sua estrat\u00e9gia de desenvolvimento<br \/>\n<\/strong>O conceito de Grupo permite \u00e0 IMA apresentar uma oferta articulada em torno das suas quatro \u00e1reas de atividade e produtos associados. Esta nova estrutura traz coer\u00eancia \u00e0 sua comunica\u00e7\u00e3o, salientando a fluidez do percurso do cliente e a natureza transversal da sua experi\u00eancia e conhecimento. Reflete a sua ambi\u00e7\u00e3o de coopera\u00e7\u00e3o e agilidade em todas as entidades do Grupo, dando-lhes uma base s\u00f3lida e uma vis\u00e3o partilhada.<\/p>\n<p>A IMA Ib\u00e9rica coloca os talentos de todos os seus colaboradores ao servi\u00e7o da sua vasta gama de servi\u00e7os nas suas 4 \u00e1reas de especializa\u00e7\u00e3o em Portugal e Espanha: Mobilidade, Lar, Sa\u00fade, Front Office de Sinistros. Continua a inovar e a transformar-se sem perder o seu enfoque totalmente humano, de modo a manter-se o mais pr\u00f3ximo poss\u00edvel das expectativas de todos os seus clientes.<\/p>\n<p>Claude Sarcia, Presidente do Conselho de Administra\u00e7\u00e3o da IMA S.A. e Director Geral da IMA GIE, afirmou: &#8220;Atuar como Grupo significa dotar-nos dos meios para responder eficazmente aos riscos do momento, e preparar juntos o nosso futuro comum para uma assist\u00eancia sustent\u00e1vel em sintonia com os tempos em que vivemos&#8221;.<\/p>\n<p>Veja o v\u00eddeo da nova imagem corporativa aqui:<\/p>\n<div data-mode=\"normal\" data-oembed=\"1\" data-provider=\"youtube\" id=\"arve-youtube-l8_gaflcygy\" style=\"max-width:800px;\" class=\"arve\">\n<div class=\"arve-inner\">\n<div class=\"arve-embed arve-embed--has-aspect-ratio\">\n<div class=\"arve-ar\" style=\"padding-top:56.250000%\"><\/div>\n<p>\t\t\t<iframe allow=\"accelerometer &apos;none&apos;;autoplay &apos;none&apos;;bluetooth &apos;none&apos;;browsing-topics &apos;none&apos;;camera &apos;none&apos;;clipboard-read &apos;none&apos;;clipboard-write;display-capture &apos;none&apos;;encrypted-media &apos;none&apos;;gamepad &apos;none&apos;;geolocation &apos;none&apos;;gyroscope &apos;none&apos;;hid &apos;none&apos;;identity-credentials-get &apos;none&apos;;idle-detection &apos;none&apos;;keyboard-map &apos;none&apos;;local-fonts;magnetometer &apos;none&apos;;microphone &apos;none&apos;;midi &apos;none&apos;;otp-credentials &apos;none&apos;;payment &apos;none&apos;;picture-in-picture;publickey-credentials-create &apos;none&apos;;publickey-credentials-get &apos;none&apos;;screen-wake-lock &apos;none&apos;;serial &apos;none&apos;;summarizer &apos;none&apos;;sync-xhr;usb &apos;none&apos;;web-share;window-management &apos;none&apos;;xr-spatial-tracking &apos;none&apos;;\" allowfullscreen=\"\" class=\"arve-iframe fitvidsignore\" credentialless data-arve=\"arve-youtube-l8_gaflcygy\" data-lenis-prevent=\"\" data-src-no-ap=\"https:\/\/www.youtube-nocookie.com\/embed\/L8_GAFLcyGY?iv_load_policy=3&amp;modestbranding=1&amp;rel=0&amp;autohide=1&amp;playsinline=0&amp;autoplay=0\" frameborder=\"0\" height=\"450\" loading=\"lazy\" name=\"\" referrerpolicy=\"strict-origin-when-cross-origin\" sandbox=\"allow-scripts allow-same-origin allow-presentation allow-popups allow-popups-to-escape-sandbox\" scrolling=\"no\" src=\"https:\/\/www.youtube-nocookie.com\/embed\/L8_GAFLcyGY?iv_load_policy=3&#038;modestbranding=1&#038;rel=0&#038;autohide=1&#038;playsinline=0&#038;autoplay=0\" title=\"\" width=\"800\"><\/iframe><\/p><\/div>\n<\/p><\/div>\n<p>\t<script type=\"application\/ld+json\">{\"@context\":\"http:\\\/\\\/schema.org\\\/\",\"@id\":\"https:\\\/\\\/jornaldasoficinas.com\\\/pt\\\/ima-apresenta-nova-imagem-corporativa-e-novo-site\\\/#arve-youtube-l8_gaflcygy\",\"type\":\"VideoObject\",\"embedURL\":\"https:\\\/\\\/www.youtube-nocookie.com\\\/embed\\\/L8_GAFLcyGY?iv_load_policy=3&modestbranding=1&rel=0&autohide=1&playsinline=0&autoplay=0\"}<\/script><\/p>\n<\/div>\n","protected":false},"excerpt":{"rendered":"<p>A IMA Ib\u00e9rica renovou a sua&#8230;<\/p>\n","protected":false},"author":15,"featured_media":33769,"comment_status":"closed","ping_status":"closed","sticky":false,"template":"","format":"standard","meta":{"footnotes":""},"categories":[29],"tags":[2964],"class_list":["post-33786","post","type-post","status-publish","format-standard","has-post-thumbnail","hentry","category-empresas","tag-ima-iberica"],"yoast_head":"<!-- This site is optimized with the Yoast SEO plugin v27.4 - https:\/\/yoast.com\/product\/yoast-seo-wordpress\/ -->\n<title>IMA apresenta nova imagem corporativa e novo site - Jornal das Oficinas<\/title>\n<meta name=\"robots\" content=\"index, follow, max-snippet:-1, max-image-preview:large, max-video-preview:-1\" \/>\n<link rel=\"canonical\" href=\"https:\/\/jornaldasoficinas.com\/pt\/ima-apresenta-nova-imagem-corporativa-e-novo-site\/\" \/>\n<meta property=\"og:locale\" content=\"pt_PT\" \/>\n<meta property=\"og:type\" content=\"article\" \/>\n<meta property=\"og:title\" content=\"IMA apresenta nova imagem corporativa e novo site - Jornal das Oficinas\" \/>\n<meta property=\"og:description\" content=\"A IMA Ib\u00e9rica renovou a sua...\" \/>\n<meta property=\"og:url\" content=\"https:\/\/jornaldasoficinas.com\/pt\/ima-apresenta-nova-imagem-corporativa-e-novo-site\/\" \/>\n<meta property=\"og:site_name\" content=\"Jornal das Oficinas\" \/>\n<meta property=\"article:publisher\" content=\"https:\/\/www.facebook.com\/jornaloficinas\" \/>\n<meta property=\"article:published_time\" content=\"2022-10-17T15:00:36+00:00\" \/>\n<meta property=\"og:image\" content=\"https:\/\/jornaldasoficinas.com\/pt\/wp-content\/uploads\/2022\/10\/IMA-apresenta-nova-imagem-corporativa-e-novo-site.jpg\" \/>\n\t<meta property=\"og:image:width\" content=\"1024\" \/>\n\t<meta property=\"og:image:height\" content=\"581\" \/>\n\t<meta property=\"og:image:type\" content=\"image\/jpeg\" \/>\n<meta name=\"author\" content=\"Reda\u00e7\u00e3o JO\" \/>\n<meta name=\"twitter:card\" content=\"summary_large_image\" \/>\n<meta name=\"twitter:creator\" content=\"@jornaloficinas\" \/>\n<meta name=\"twitter:site\" content=\"@jornaloficinas\" \/>\n<meta name=\"twitter:label1\" content=\"Escrito por\" \/>\n\t<meta name=\"twitter:data1\" content=\"Reda\u00e7\u00e3o JO\" \/>\n\t<meta name=\"twitter:label2\" content=\"Tempo estimado de leitura\" \/>\n\t<meta name=\"twitter:data2\" content=\"3 minutos\" \/>\n<script type=\"application\/ld+json\" class=\"yoast-schema-graph\">{\"@context\":\"https:\\\/\\\/schema.org\",\"@graph\":[{\"@type\":\"Article\",\"@id\":\"https:\\\/\\\/jornaldasoficinas.com\\\/pt\\\/ima-apresenta-nova-imagem-corporativa-e-novo-site\\\/#article\",\"isPartOf\":{\"@id\":\"https:\\\/\\\/jornaldasoficinas.com\\\/pt\\\/ima-apresenta-nova-imagem-corporativa-e-novo-site\\\/\"},\"author\":{\"name\":\"Reda\u00e7\u00e3o JO\",\"@id\":\"https:\\\/\\\/jornaldasoficinas.com\\\/pt\\\/#\\\/schema\\\/person\\\/a38eef5de2c41d9e7c9ac10141afddf3\"},\"headline\":\"IMA apresenta nova imagem corporativa e novo site\",\"datePublished\":\"2022-10-17T15:00:36+00:00\",\"mainEntityOfPage\":{\"@id\":\"https:\\\/\\\/jornaldasoficinas.com\\\/pt\\\/ima-apresenta-nova-imagem-corporativa-e-novo-site\\\/\"},\"wordCount\":586,\"publisher\":{\"@id\":\"https:\\\/\\\/jornaldasoficinas.com\\\/pt\\\/#organization\"},\"image\":{\"@id\":\"https:\\\/\\\/jornaldasoficinas.com\\\/pt\\\/ima-apresenta-nova-imagem-corporativa-e-novo-site\\\/#primaryimage\"},\"thumbnailUrl\":\"https:\\\/\\\/jornaldasoficinas.com\\\/pt\\\/wp-content\\\/uploads\\\/2022\\\/10\\\/IMA-apresenta-nova-imagem-corporativa-e-novo-site.jpg\",\"keywords\":[\"IMA Ib\u00e9rica\"],\"articleSection\":[\"Empresas\"],\"inLanguage\":\"pt-PT\"},{\"@type\":\"WebPage\",\"@id\":\"https:\\\/\\\/jornaldasoficinas.com\\\/pt\\\/ima-apresenta-nova-imagem-corporativa-e-novo-site\\\/\",\"url\":\"https:\\\/\\\/jornaldasoficinas.com\\\/pt\\\/ima-apresenta-nova-imagem-corporativa-e-novo-site\\\/\",\"name\":\"IMA apresenta nova imagem corporativa e novo site - Jornal das Oficinas\",\"isPartOf\":{\"@id\":\"https:\\\/\\\/jornaldasoficinas.com\\\/pt\\\/#website\"},\"primaryImageOfPage\":{\"@id\":\"https:\\\/\\\/jornaldasoficinas.com\\\/pt\\\/ima-apresenta-nova-imagem-corporativa-e-novo-site\\\/#primaryimage\"},\"image\":{\"@id\":\"https:\\\/\\\/jornaldasoficinas.com\\\/pt\\\/ima-apresenta-nova-imagem-corporativa-e-novo-site\\\/#primaryimage\"},\"thumbnailUrl\":\"https:\\\/\\\/jornaldasoficinas.com\\\/pt\\\/wp-content\\\/uploads\\\/2022\\\/10\\\/IMA-apresenta-nova-imagem-corporativa-e-novo-site.jpg\",\"datePublished\":\"2022-10-17T15:00:36+00:00\",\"breadcrumb\":{\"@id\":\"https:\\\/\\\/jornaldasoficinas.com\\\/pt\\\/ima-apresenta-nova-imagem-corporativa-e-novo-site\\\/#breadcrumb\"},\"inLanguage\":\"pt-PT\",\"potentialAction\":[{\"@type\":\"ReadAction\",\"target\":[\"https:\\\/\\\/jornaldasoficinas.com\\\/pt\\\/ima-apresenta-nova-imagem-corporativa-e-novo-site\\\/\"]}]},{\"@type\":\"ImageObject\",\"inLanguage\":\"pt-PT\",\"@id\":\"https:\\\/\\\/jornaldasoficinas.com\\\/pt\\\/ima-apresenta-nova-imagem-corporativa-e-novo-site\\\/#primaryimage\",\"url\":\"https:\\\/\\\/jornaldasoficinas.com\\\/pt\\\/wp-content\\\/uploads\\\/2022\\\/10\\\/IMA-apresenta-nova-imagem-corporativa-e-novo-site.jpg\",\"contentUrl\":\"https:\\\/\\\/jornaldasoficinas.com\\\/pt\\\/wp-content\\\/uploads\\\/2022\\\/10\\\/IMA-apresenta-nova-imagem-corporativa-e-novo-site.jpg\",\"width\":1024,\"height\":581,\"caption\":\"10 - IMA apresenta nova imagem corporativa e novo site\"},{\"@type\":\"BreadcrumbList\",\"@id\":\"https:\\\/\\\/jornaldasoficinas.com\\\/pt\\\/ima-apresenta-nova-imagem-corporativa-e-novo-site\\\/#breadcrumb\",\"itemListElement\":[{\"@type\":\"ListItem\",\"position\":1,\"name\":\"In\u00edcio\",\"item\":\"https:\\\/\\\/jornaldasoficinas.com\\\/pt\\\/\"},{\"@type\":\"ListItem\",\"position\":2,\"name\":\"IMA apresenta nova imagem corporativa e novo site\"}]},{\"@type\":\"WebSite\",\"@id\":\"https:\\\/\\\/jornaldasoficinas.com\\\/pt\\\/#website\",\"url\":\"https:\\\/\\\/jornaldasoficinas.com\\\/pt\\\/\",\"name\":\"Jornal das Oficinas\",\"description\":\"Jornal independente do Aftermarket Autom\u00f3vel em Portugal\",\"publisher\":{\"@id\":\"https:\\\/\\\/jornaldasoficinas.com\\\/pt\\\/#organization\"},\"potentialAction\":[{\"@type\":\"SearchAction\",\"target\":{\"@type\":\"EntryPoint\",\"urlTemplate\":\"https:\\\/\\\/jornaldasoficinas.com\\\/pt\\\/?s={search_term_string}\"},\"query-input\":{\"@type\":\"PropertyValueSpecification\",\"valueRequired\":true,\"valueName\":\"search_term_string\"}}],\"inLanguage\":\"pt-PT\"},{\"@type\":\"Organization\",\"@id\":\"https:\\\/\\\/jornaldasoficinas.com\\\/pt\\\/#organization\",\"name\":\"Jornal das Oficinas\",\"url\":\"https:\\\/\\\/jornaldasoficinas.com\\\/pt\\\/\",\"logo\":{\"@type\":\"ImageObject\",\"inLanguage\":\"pt-PT\",\"@id\":\"https:\\\/\\\/jornaldasoficinas.com\\\/pt\\\/#\\\/schema\\\/logo\\\/image\\\/\",\"url\":\"https:\\\/\\\/jornaldasoficinas.com\\\/pt\\\/wp-content\\\/uploads\\\/logoJO-SEO.png\",\"contentUrl\":\"https:\\\/\\\/jornaldasoficinas.com\\\/pt\\\/wp-content\\\/uploads\\\/logoJO-SEO.png\",\"width\":285,\"height\":450,\"caption\":\"Jornal das Oficinas\"},\"image\":{\"@id\":\"https:\\\/\\\/jornaldasoficinas.com\\\/pt\\\/#\\\/schema\\\/logo\\\/image\\\/\"},\"sameAs\":[\"https:\\\/\\\/www.facebook.com\\\/jornaloficinas\",\"https:\\\/\\\/x.com\\\/jornaloficinas\",\"https:\\\/\\\/www.instagram.com\\\/jornal_oficinas\\\/\",\"https:\\\/\\\/www.linkedin.com\\\/company\\\/jornal-das-oficinas\\\/\",\"https:\\\/\\\/www.youtube.com\\\/channel\\\/UCbQZBqtcvV-oSQrr7RzINGg\"]},{\"@type\":\"Person\",\"@id\":\"https:\\\/\\\/jornaldasoficinas.com\\\/pt\\\/#\\\/schema\\\/person\\\/a38eef5de2c41d9e7c9ac10141afddf3\",\"name\":\"Reda\u00e7\u00e3o JO\",\"image\":{\"@type\":\"ImageObject\",\"inLanguage\":\"pt-PT\",\"@id\":\"https:\\\/\\\/secure.gravatar.com\\\/avatar\\\/71f2fa71737ad68a84fea94bc708ddac8ea5b0c4788dc2ad202f3ccb2887742f?s=96&d=wp_user_avatar&r=g\",\"url\":\"https:\\\/\\\/secure.gravatar.com\\\/avatar\\\/71f2fa71737ad68a84fea94bc708ddac8ea5b0c4788dc2ad202f3ccb2887742f?s=96&d=wp_user_avatar&r=g\",\"contentUrl\":\"https:\\\/\\\/secure.gravatar.com\\\/avatar\\\/71f2fa71737ad68a84fea94bc708ddac8ea5b0c4788dc2ad202f3ccb2887742f?s=96&d=wp_user_avatar&r=g\",\"caption\":\"Reda\u00e7\u00e3o JO\"},\"url\":\"https:\\\/\\\/jornaldasoficinas.com\\\/pt\\\/author\\\/joredacao\\\/\"}]}<\/script>\n<!-- \/ Yoast SEO plugin. -->","yoast_head_json":{"title":"IMA apresenta nova imagem corporativa e novo site - Jornal das Oficinas","robots":{"index":"index","follow":"follow","max-snippet":"max-snippet:-1","max-image-preview":"max-image-preview:large","max-video-preview":"max-video-preview:-1"},"canonical":"https:\/\/jornaldasoficinas.com\/pt\/ima-apresenta-nova-imagem-corporativa-e-novo-site\/","og_locale":"pt_PT","og_type":"article","og_title":"IMA apresenta nova imagem corporativa e novo site - Jornal das Oficinas","og_description":"A IMA Ib\u00e9rica renovou a sua...","og_url":"https:\/\/jornaldasoficinas.com\/pt\/ima-apresenta-nova-imagem-corporativa-e-novo-site\/","og_site_name":"Jornal das Oficinas","article_publisher":"https:\/\/www.facebook.com\/jornaloficinas","article_published_time":"2022-10-17T15:00:36+00:00","og_image":[{"width":1024,"height":581,"url":"https:\/\/jornaldasoficinas.com\/pt\/wp-content\/uploads\/2022\/10\/IMA-apresenta-nova-imagem-corporativa-e-novo-site.jpg","type":"image\/jpeg"}],"author":"Reda\u00e7\u00e3o JO","twitter_card":"summary_large_image","twitter_creator":"@jornaloficinas","twitter_site":"@jornaloficinas","twitter_misc":{"Escrito por":"Reda\u00e7\u00e3o JO","Tempo estimado de leitura":"3 minutos"},"schema":{"@context":"https:\/\/schema.org","@graph":[{"@type":"Article","@id":"https:\/\/jornaldasoficinas.com\/pt\/ima-apresenta-nova-imagem-corporativa-e-novo-site\/#article","isPartOf":{"@id":"https:\/\/jornaldasoficinas.com\/pt\/ima-apresenta-nova-imagem-corporativa-e-novo-site\/"},"author":{"name":"Reda\u00e7\u00e3o JO","@id":"https:\/\/jornaldasoficinas.com\/pt\/#\/schema\/person\/a38eef5de2c41d9e7c9ac10141afddf3"},"headline":"IMA apresenta nova imagem corporativa e novo site","datePublished":"2022-10-17T15:00:36+00:00","mainEntityOfPage":{"@id":"https:\/\/jornaldasoficinas.com\/pt\/ima-apresenta-nova-imagem-corporativa-e-novo-site\/"},"wordCount":586,"publisher":{"@id":"https:\/\/jornaldasoficinas.com\/pt\/#organization"},"image":{"@id":"https:\/\/jornaldasoficinas.com\/pt\/ima-apresenta-nova-imagem-corporativa-e-novo-site\/#primaryimage"},"thumbnailUrl":"https:\/\/jornaldasoficinas.com\/pt\/wp-content\/uploads\/2022\/10\/IMA-apresenta-nova-imagem-corporativa-e-novo-site.jpg","keywords":["IMA Ib\u00e9rica"],"articleSection":["Empresas"],"inLanguage":"pt-PT"},{"@type":"WebPage","@id":"https:\/\/jornaldasoficinas.com\/pt\/ima-apresenta-nova-imagem-corporativa-e-novo-site\/","url":"https:\/\/jornaldasoficinas.com\/pt\/ima-apresenta-nova-imagem-corporativa-e-novo-site\/","name":"IMA apresenta nova imagem corporativa e novo site - Jornal das Oficinas","isPartOf":{"@id":"https:\/\/jornaldasoficinas.com\/pt\/#website"},"primaryImageOfPage":{"@id":"https:\/\/jornaldasoficinas.com\/pt\/ima-apresenta-nova-imagem-corporativa-e-novo-site\/#primaryimage"},"image":{"@id":"https:\/\/jornaldasoficinas.com\/pt\/ima-apresenta-nova-imagem-corporativa-e-novo-site\/#primaryimage"},"thumbnailUrl":"https:\/\/jornaldasoficinas.com\/pt\/wp-content\/uploads\/2022\/10\/IMA-apresenta-nova-imagem-corporativa-e-novo-site.jpg","datePublished":"2022-10-17T15:00:36+00:00","breadcrumb":{"@id":"https:\/\/jornaldasoficinas.com\/pt\/ima-apresenta-nova-imagem-corporativa-e-novo-site\/#breadcrumb"},"inLanguage":"pt-PT","potentialAction":[{"@type":"ReadAction","target":["https:\/\/jornaldasoficinas.com\/pt\/ima-apresenta-nova-imagem-corporativa-e-novo-site\/"]}]},{"@type":"ImageObject","inLanguage":"pt-PT","@id":"https:\/\/jornaldasoficinas.com\/pt\/ima-apresenta-nova-imagem-corporativa-e-novo-site\/#primaryimage","url":"https:\/\/jornaldasoficinas.com\/pt\/wp-content\/uploads\/2022\/10\/IMA-apresenta-nova-imagem-corporativa-e-novo-site.jpg","contentUrl":"https:\/\/jornaldasoficinas.com\/pt\/wp-content\/uploads\/2022\/10\/IMA-apresenta-nova-imagem-corporativa-e-novo-site.jpg","width":1024,"height":581,"caption":"10 - IMA apresenta nova imagem corporativa e novo site"},{"@type":"BreadcrumbList","@id":"https:\/\/jornaldasoficinas.com\/pt\/ima-apresenta-nova-imagem-corporativa-e-novo-site\/#breadcrumb","itemListElement":[{"@type":"ListItem","position":1,"name":"In\u00edcio","item":"https:\/\/jornaldasoficinas.com\/pt\/"},{"@type":"ListItem","position":2,"name":"IMA apresenta nova imagem corporativa e novo site"}]},{"@type":"WebSite","@id":"https:\/\/jornaldasoficinas.com\/pt\/#website","url":"https:\/\/jornaldasoficinas.com\/pt\/","name":"Jornal das Oficinas","description":"Jornal independente do Aftermarket Autom\u00f3vel em Portugal","publisher":{"@id":"https:\/\/jornaldasoficinas.com\/pt\/#organization"},"potentialAction":[{"@type":"SearchAction","target":{"@type":"EntryPoint","urlTemplate":"https:\/\/jornaldasoficinas.com\/pt\/?s={search_term_string}"},"query-input":{"@type":"PropertyValueSpecification","valueRequired":true,"valueName":"search_term_string"}}],"inLanguage":"pt-PT"},{"@type":"Organization","@id":"https:\/\/jornaldasoficinas.com\/pt\/#organization","name":"Jornal das Oficinas","url":"https:\/\/jornaldasoficinas.com\/pt\/","logo":{"@type":"ImageObject","inLanguage":"pt-PT","@id":"https:\/\/jornaldasoficinas.com\/pt\/#\/schema\/logo\/image\/","url":"https:\/\/jornaldasoficinas.com\/pt\/wp-content\/uploads\/logoJO-SEO.png","contentUrl":"https:\/\/jornaldasoficinas.com\/pt\/wp-content\/uploads\/logoJO-SEO.png","width":285,"height":450,"caption":"Jornal das Oficinas"},"image":{"@id":"https:\/\/jornaldasoficinas.com\/pt\/#\/schema\/logo\/image\/"},"sameAs":["https:\/\/www.facebook.com\/jornaloficinas","https:\/\/x.com\/jornaloficinas","https:\/\/www.instagram.com\/jornal_oficinas\/","https:\/\/www.linkedin.com\/company\/jornal-das-oficinas\/","https:\/\/www.youtube.com\/channel\/UCbQZBqtcvV-oSQrr7RzINGg"]},{"@type":"Person","@id":"https:\/\/jornaldasoficinas.com\/pt\/#\/schema\/person\/a38eef5de2c41d9e7c9ac10141afddf3","name":"Reda\u00e7\u00e3o JO","image":{"@type":"ImageObject","inLanguage":"pt-PT","@id":"https:\/\/secure.gravatar.com\/avatar\/71f2fa71737ad68a84fea94bc708ddac8ea5b0c4788dc2ad202f3ccb2887742f?s=96&d=wp_user_avatar&r=g","url":"https:\/\/secure.gravatar.com\/avatar\/71f2fa71737ad68a84fea94bc708ddac8ea5b0c4788dc2ad202f3ccb2887742f?s=96&d=wp_user_avatar&r=g","contentUrl":"https:\/\/secure.gravatar.com\/avatar\/71f2fa71737ad68a84fea94bc708ddac8ea5b0c4788dc2ad202f3ccb2887742f?s=96&d=wp_user_avatar&r=g","caption":"Reda\u00e7\u00e3o JO"},"url":"https:\/\/jornaldasoficinas.com\/pt\/author\/joredacao\/"}]}},"_links":{"self":[{"href":"https:\/\/jornaldasoficinas.com\/pt\/wp-json\/wp\/v2\/posts\/33786","targetHints":{"allow":["GET"]}}],"collection":[{"href":"https:\/\/jornaldasoficinas.com\/pt\/wp-json\/wp\/v2\/posts"}],"about":[{"href":"https:\/\/jornaldasoficinas.com\/pt\/wp-json\/wp\/v2\/types\/post"}],"author":[{"embeddable":true,"href":"https:\/\/jornaldasoficinas.com\/pt\/wp-json\/wp\/v2\/users\/15"}],"replies":[{"embeddable":true,"href":"https:\/\/jornaldasoficinas.com\/pt\/wp-json\/wp\/v2\/comments?post=33786"}],"version-history":[{"count":0,"href":"https:\/\/jornaldasoficinas.com\/pt\/wp-json\/wp\/v2\/posts\/33786\/revisions"}],"wp:featuredmedia":[{"embeddable":true,"href":"https:\/\/jornaldasoficinas.com\/pt\/wp-json\/wp\/v2\/media\/33769"}],"wp:attachment":[{"href":"https:\/\/jornaldasoficinas.com\/pt\/wp-json\/wp\/v2\/media?parent=33786"}],"wp:term":[{"taxonomy":"category","embeddable":true,"href":"https:\/\/jornaldasoficinas.com\/pt\/wp-json\/wp\/v2\/categories?post=33786"},{"taxonomy":"post_tag","embeddable":true,"href":"https:\/\/jornaldasoficinas.com\/pt\/wp-json\/wp\/v2\/tags?post=33786"}],"curies":[{"name":"wp","href":"https:\/\/api.w.org\/{rel}","templated":true}]}}