{"id":33791,"date":"2022-10-16T21:30:20","date_gmt":"2022-10-16T20:30:20","guid":{"rendered":"https:\/\/jornaldasoficinas.com\/pt\/?p=33791"},"modified":"2022-10-16T12:32:24","modified_gmt":"2022-10-16T11:32:24","slug":"empresas-mais-lean-e-ecologicas-o-verde-e-economia","status":"publish","type":"post","link":"https:\/\/jornaldasoficinas.com\/pt\/empresas-mais-lean-e-ecologicas-o-verde-e-economia\/","title":{"rendered":"Empresas mais lean e ecol\u00f3gicas: o &#8220;Verde&#8221; \u00e9 economia!"},"content":{"rendered":"<p><strong><img loading=\"lazy\" decoding=\"async\" class=\"alignnone size-full wp-image-33793\" src=\"https:\/\/jornaldasoficinas.com\/pt\/wp-content\/uploads\/2022\/10\/Verde-e-economia.jpeg\" alt=\"10 - Verde e economia\" width=\"1024\" height=\"581\" srcset=\"https:\/\/jornaldasoficinas.com\/pt\/wp-content\/uploads\/2022\/10\/Verde-e-economia.jpeg 1024w, https:\/\/jornaldasoficinas.com\/pt\/wp-content\/uploads\/2022\/10\/Verde-e-economia-300x170.jpeg 300w, https:\/\/jornaldasoficinas.com\/pt\/wp-content\/uploads\/2022\/10\/Verde-e-economia-150x85.jpeg 150w, https:\/\/jornaldasoficinas.com\/pt\/wp-content\/uploads\/2022\/10\/Verde-e-economia-768x436.jpeg 768w\" sizes=\"auto, (max-width: 1024px) 100vw, 1024px\" \/><\/strong><\/p>\n<p><strong>Alertada por cientistas e investigadores de todo o Mundo, a opini\u00e3o p\u00fablica est\u00e1 a dar crescente aten\u00e7\u00e3o aos problemas ambientais, tentando informar-se melhor e defender o que resta dos recursos naturais<\/strong><\/p>\n<p>A primeira mensagem que \u00e9 necess\u00e1rio generalizar \u00e9 que a defesa do ambiente n\u00e3o \u00e9 mais um custo, mas ser\u00e1 quando muito um investimento inteligente no amanh\u00e3. Do mesmo modo que deixar de ser obeso n\u00e3o implica custos superiores, pelo contr\u00e1rio, baixa as despesas na despensa e na sa\u00fade ao mesmo tempo, ser ambientalmente compat\u00edvel pode tamb\u00e9m representar economias, tanto a n\u00edvel de recursos e energia, como em termos econ\u00f3micos simplesmente.<\/p>\n<p>Exemplos de esfor\u00e7os que resultam existem \u00e0s centenas, mas, para citar apenas alguns mais emblem\u00e1ticos e evidentes, podemos referir o apagar a ilumina\u00e7\u00e3o quando n\u00e3o \u00e9 necess\u00e1ria ou excessiva, o reciclar materiais e objectos (papel, vidros, metais, pl\u00e1sticos, tinteiros de impressoras, pe\u00e7as, \u00f3leos, pneus, etc., etc.), o economizar a \u00e1gua, o regular correctamente os sistemas de climatiza\u00e7\u00e3o e muito mais.<\/p>\n<p>Formas mais sofisticadas de economizar podem ser o uso de navegadores GPS e planifica\u00e7\u00e3o de desloca\u00e7\u00f5es, assim como\u00a0 a anula\u00e7\u00e3o dessas mesmas desloca\u00e7\u00f5es, sem falhar a comunica\u00e7\u00e3o e o contacto que se pretende levar a efeito. Isso \u00e9 poss\u00edvel atrav\u00e9s das novas tecnologias de comunica\u00e7\u00e3o e informa\u00e7\u00e3o, que permitem efectuar encomendas e pagamentos atrav\u00e9s da Net (e-business), realizar ac\u00e7\u00f5es de forma\u00e7\u00e3o virtuais (e-learning), organizar v\u00eddeo confer\u00eancias, etc.<\/p>\n<p>Quanto maiores e mais activas forem as empresas e organiza\u00e7\u00f5es, mais poder\u00e3o economizar, ao apostarem numa pol\u00edtica &#8220;Verde&#8221; de medidas e procedimentos concretos. Em or\u00e7amentos anuais de muitos zeros, uma pequena percentagem obtida significar\u00e1 certamente milhares ou mesmo milh\u00f5es de Euros na gaveta.<\/p>\n<p><strong>Empresas mais lean e ecol\u00f3gicas<\/strong><br \/>\nAgora, vamos encarar com aten\u00e7\u00e3o dez maneiras de dar a m\u00e3o ao ambiente, sem prejudicar as contas da empresa, pelo contr\u00e1rio, melhorando-as.<\/p>\n<p><strong>Ilumina\u00e7\u00e3o artificial<\/strong> &#8211; A ilumina\u00e7\u00e3o chega a representar 44% da factura de electricidade de certas empresas. Para al\u00e9m de edif\u00edcios e instala\u00e7\u00f5es onde a ilumina\u00e7\u00e3o natural possa contribuir de forma mais efectiva para satisfazer as necessidades b\u00e1sicas, as empresas devem escolher os hor\u00e1rios em que essa ilumina\u00e7\u00e3o solar est\u00e1 dispon\u00edvel. Al\u00e9m disso. Nos sistemas de ilumina\u00e7\u00e3o artificial, devem ser escolhidas as solu\u00e7\u00f5es energeticamente mais eficientes. Luzes que desligam automaticamente quando os compartimentos est\u00e3o vazios, regula\u00e7\u00e3o autom\u00e1tica da intensidade da luz, fontes de luz n\u00e3o incandescentes, etc.. H\u00e1 tamb\u00e9m um detalhe importante no que se refere \u00e0 ilumina\u00e7\u00e3o, tanto natural, como artificial: os vidros por onde passa a luz devem estar totalmente limpos, para que a ilumina\u00e7\u00e3o possa ser eficiente, n\u00e3o omitindo o interesse est\u00e9tico\u00a0 da limpeza.<\/p>\n<p><strong>Computadores eficientes<\/strong> &#8211; Os computadores foram pensados para aumentar de forma exponencial a produtividade e a economia das empresas, mas podem gerar consumos desnecess\u00e1rios, caso sejam mal utilizados. Computadores com hardware e sistemas operativos actualizados, activam-se e desactivam-se muito rapidamente, sendo desperd\u00edcio mant\u00ea-los ligados quando n\u00e3o est\u00e3o a trabalhar. Os monitores tamb\u00e9m devem ser energeticamente eficientes (LCD), o mesmo se passando com os sistemas perif\u00e9ricos. No final do dia, os transformadores devem ser desligados da rede, para n\u00e3o criarem resist\u00eancias in\u00fateis. Al\u00e9m disso, os computadores necessitam de manuten\u00e7\u00e3o, pois podem tornar-se lentos ou apresentar mesmo falhas, se n\u00e3o forem revistos periodicamente. Por outro lado, a empresa deve apostar numa pol\u00edtica de substitui\u00e7\u00e3o de equipamentos desactualizados, investindo em tecnologias da \u00faltima gera\u00e7\u00e3o.<\/p>\n<p><strong>Imprimir com crit\u00e9rio<\/strong> \u2013 Muita da informa\u00e7\u00e3o actualmente recebida pelas empresas est\u00e1 dispon\u00edvel em formato virtual, podendo ser manipulada nesse formato, existindo uma minoria de situa\u00e7\u00f5es em que efectivamente se torna necess\u00e1rio imprimir dos dados. Outra forma de minimizar a utiliza\u00e7\u00e3o de papel consiste em imprimir dos dois lados da folha, bem como aproveitar as folhas j\u00e1 impressas de um s\u00f3 lado para receber faxes, fazer contas, desenhos ou apontamentos. A impress\u00e3o a cores deve ser evitada quando n\u00e3o for indispens\u00e1vel e o modo de impress\u00e3o \u201cdraft&#8221; deve ser usado para economizar tinta. Por falar em tinta, os tinteiros usados das impressoras devem ser encaminhados para a reciclagem e comprados novamente depois de reciclados. Ficam mais baratos, e\u00a0 economizam-se muitos materiais e energia. Segundo as estat\u00edsticas, um tinteiro de impressora reciclado permite economizar cerca de 115g de metal e pl\u00e1stico, assim como quase dois litros de petr\u00f3leo. \u00c9 tamb\u00e9m boa pol\u00edtica preferir comprar papel branqueado sem utilizar cloro e papel com elevado teor de pap\u00e9is reciclados. A compra de papel mais fino \u00e9 outra boa ideia.<\/p>\n<p><strong>Evitar papel quando poss\u00edvel<\/strong> &#8211; Muita informa\u00e7\u00e3o e muitos conte\u00fados podem ser lidos e manipulados vantajosamente no formato digital, sendo prefer\u00edvel conservar essa informa\u00e7\u00e3o em discos r\u00edgidos externos e outros dispositivos de armazenamento de dados. Muita coisa que aparece no computador e n\u00e3o interessa (publicidade, cat\u00e1logos, newsletters, jornais, revistas, etc.) deve ser enviada para a reciclagem do computador e eliminada rapidamente, para n\u00e3o ocupar a mem\u00f3ria deste. Todos os textos corporativos, como manuais, textos de apoio e outras informa\u00e7\u00f5es devem ser conservados em formato digital, sendo mais simples de consultar e mais econ\u00f3micos. S\u00e3o tamb\u00e9m mais f\u00e1ceis de actualizar.<\/p>\n<p><strong>Reciclar tudo por princ\u00edpio<\/strong> &#8211; Tudo o que entra na empresa e se torna in\u00fatil deve ser reciclado, come\u00e7ando por todos os tipos de pap\u00e9is que deixam de ter utilidade. Por outro lado, pilhas, l\u00e2mpadas, telem\u00f3veis sem uso, computadores e seus perif\u00e9ricos sem pr\u00e9stimo, m\u00f3veis, embalagens vazias e outras inutilidades devem ser encaminhadas para a reciclagem, porque constituem uma forma de polui\u00e7\u00e3o perigosa, se forem abandonados de forma indiferenciada. Todos os vidros, latas e pl\u00e1sticos tamb\u00e9m devem ser colocados nos respectivos ecopontos.<\/p>\n<p><strong>N\u00e3o deixar os ciclos abertos<\/strong> &#8211; O modelo ideal de produ\u00e7\u00e3o \u00e9 a Natureza, no qual\u00a0 os ciclos s\u00e3o mantidos fechados, porque tudo o que \u00e9 produzido \u00e9 transformado em novos materiais, no final do seu ciclo de vida, dando origem a novas formas. Nas actividades humanas esse modelo foi negligenciado durante muito tempo, promovendo o consumo desenfreado de recursos e energia, por um lado, assim como a polui\u00e7\u00e3o e o desperd\u00edcio, por outro lado. A sustentabilidade das actividades humanas depende pois da reutiliza\u00e7\u00e3o dos materiais no final do ciclo de vida dos produtos e da minimiza\u00e7\u00e3o do consumo energ\u00e9tico, uma vez que a energia n\u00e3o pode ser recuperada.<\/p>\n<p><strong>Economizar nas refei\u00e7\u00f5es<\/strong> &#8211; A permanente utiliza\u00e7\u00e3o indiscriminada de produtos descart\u00e1veis (copos, pratos, malgas, embalagens, talheres, etc.) representa um custo desnecess\u00e1rio, que deve ser evitado, sempre que poss\u00edvel. Embora esses materiais sejam recicl\u00e1veis, a energia que foi utilizada\u00a0 para os produzir nunca mais \u00e9 recuperada, contribuindo para o esgotamento dos recursos energ\u00e9ticos. Se forem utilizados talheres e utens\u00edlios de vidro, lou\u00e7a e metal, estes podem ser lavados e o seu custo \u00e9 recuperado a longo prazo, devido ao seu largo ciclo de vida \u00fatil. Por outro lado, se forem utilizados alimentos e bebidas de origem org\u00e2nica e local, evita-se a polui\u00e7\u00e3o da terra por fertilizantes qu\u00edmicos e insecticidas t\u00f3xicos, cujo longo ciclo de decomposi\u00e7\u00e3o inevitavelmente os conduz ao consumo humano. Outra forma de evitar consumo excessivo de \u00e1gua e desperd\u00edcio \u00e9 utilizar \u00e1gua filtrada, em vez de \u00e1gua mineral engarrafada.<\/p>\n<p><strong>Repensar a mobilidade<\/strong> &#8211; Actualmente, a mobilidade \u00e9 um dos principais custos, tanto para empresas, como para os seus colaboradores e principalmente para o ambiente. Nesta l\u00f3gica, tudo o que puder ser feito para tornar a mobilidade sustent\u00e1vel \u00e9 uma forma de contribuir para o equil\u00edbrio ecol\u00f3gico do planeta em que vivemos. Nos locais em que existem redes de transportes p\u00fablicos, estes devem ser preferidos, sem esquecer que h\u00e1 situa\u00e7\u00f5es em que as comunica\u00e7\u00f5es podem ser realizadas por via telef\u00f3nica ou pela Internet, evitando desloca\u00e7\u00f5es desnecess\u00e1rias. A frota da empresa, por seu turno, deve recorrer a viaturas h\u00edbridas ou el\u00e9ctricas, dependendo das situa\u00e7\u00f5es e da utiliza\u00e7\u00e3o dos ve\u00edculos, pois isso permitir reduzir de forma significativa os custos da empresa e o impacto ambiental. Al\u00e9m disto, h\u00e1 muitos empregados que gostariam de ir de bicicleta ou a correr para a sua empresa, desde que esta facilitasse cacifos e duches para eles. Eles retribuiriam esse esfor\u00e7o com a vitalidade e energia dos desportistas, bem como na aus\u00eancia de baixas por doen\u00e7a. Outra forma de cortar nas despesas e nas emiss\u00f5es desnecess\u00e1rias \u00e9 encorajar a partilha dos carros entre empregados (carpool). Uma forma pr\u00e1tica de facilitar esse sistema de transporte \u00e9 colocar um quadro na entrada da empresa, no qual os colaboradores com lugares nos seus carros (muitos viajam sozinhos) podiam indicar o n\u00ba de boleias e o seu destino. Inversamente, as pessoas que pretendessem boleias, indicariam o seu destino e eventuais formas de partilhar os custos da viagem.<\/p>\n<p><strong>Bom ambiente na empresa<\/strong> &#8211; A primeira coisa a fazer \u00e9 evitar a utiliza\u00e7\u00e3o de produtos de limpeza com subst\u00e2ncias t\u00f3xicas. Por outro lado, as mob\u00edlias, alcatifas pl\u00e1sticos de revestimento e tintas devem estar isentas de COVs e outros produtos qu\u00edmicos que libertem emiss\u00f5es t\u00f3xicas. Outra forma de melhorar o ambiente nas empresas consiste em colocar plantas, tanto no seu interior, como no seu exterior (nos casos em que existam \u00e1reas descobertas). As plantas absorvem o CO2, pois ret\u00eam o carbono, libertando o oxig\u00e9nio, gra\u00e7as \u00e0 fun\u00e7\u00e3o da fotoss\u00edntese, que transforma o (di\u00f3xido) carbono da atmosfera em compostos de carbono e hidrog\u00e9nio (biomassa). Isso \u00e9 poss\u00edvel gra\u00e7as \u00e0 luz solar e \u00e0s transforma\u00e7\u00f5es qu\u00edmicas que ocorrem na planta pela sua influ\u00eancia.<\/p>\n","protected":false},"excerpt":{"rendered":"<p>Alertada por cientistas e investigadores de&#8230;<\/p>\n","protected":false},"author":15,"featured_media":33793,"comment_status":"closed","ping_status":"closed","sticky":false,"template":"","format":"standard","meta":{"footnotes":""},"categories":[37],"tags":[],"class_list":["post-33791","post","type-post","status-publish","format-standard","has-post-thumbnail","hentry","category-mercado"],"yoast_head":"<!-- This site is optimized with the Yoast SEO plugin v27.4 - https:\/\/yoast.com\/product\/yoast-seo-wordpress\/ -->\n<title>Empresas mais lean e ecol\u00f3gicas: o &quot;Verde&quot; \u00e9 economia! - Jornal das Oficinas<\/title>\n<meta name=\"robots\" content=\"index, follow, max-snippet:-1, max-image-preview:large, max-video-preview:-1\" \/>\n<link rel=\"canonical\" href=\"https:\/\/jornaldasoficinas.com\/pt\/empresas-mais-lean-e-ecologicas-o-verde-e-economia\/\" \/>\n<meta property=\"og:locale\" content=\"pt_PT\" \/>\n<meta property=\"og:type\" content=\"article\" \/>\n<meta property=\"og:title\" content=\"Empresas mais lean e ecol\u00f3gicas: o &quot;Verde&quot; \u00e9 economia! - Jornal das Oficinas\" \/>\n<meta property=\"og:description\" content=\"Alertada por cientistas e investigadores de...\" \/>\n<meta property=\"og:url\" content=\"https:\/\/jornaldasoficinas.com\/pt\/empresas-mais-lean-e-ecologicas-o-verde-e-economia\/\" \/>\n<meta property=\"og:site_name\" content=\"Jornal das Oficinas\" \/>\n<meta property=\"article:publisher\" content=\"https:\/\/www.facebook.com\/jornaloficinas\" \/>\n<meta property=\"article:published_time\" content=\"2022-10-16T20:30:20+00:00\" \/>\n<meta property=\"og:image\" content=\"https:\/\/jornaldasoficinas.com\/pt\/wp-content\/uploads\/2022\/10\/Verde-e-economia.jpeg\" \/>\n\t<meta property=\"og:image:width\" content=\"1024\" \/>\n\t<meta property=\"og:image:height\" content=\"581\" \/>\n\t<meta property=\"og:image:type\" content=\"image\/jpeg\" \/>\n<meta name=\"author\" content=\"Reda\u00e7\u00e3o JO\" \/>\n<meta name=\"twitter:card\" content=\"summary_large_image\" \/>\n<meta name=\"twitter:creator\" content=\"@jornaloficinas\" \/>\n<meta name=\"twitter:site\" content=\"@jornaloficinas\" \/>\n<meta name=\"twitter:label1\" content=\"Escrito por\" \/>\n\t<meta name=\"twitter:data1\" content=\"Reda\u00e7\u00e3o JO\" \/>\n\t<meta name=\"twitter:label2\" content=\"Tempo estimado de leitura\" \/>\n\t<meta name=\"twitter:data2\" content=\"8 minutos\" \/>\n<script type=\"application\/ld+json\" class=\"yoast-schema-graph\">{\"@context\":\"https:\\\/\\\/schema.org\",\"@graph\":[{\"@type\":\"Article\",\"@id\":\"https:\\\/\\\/jornaldasoficinas.com\\\/pt\\\/empresas-mais-lean-e-ecologicas-o-verde-e-economia\\\/#article\",\"isPartOf\":{\"@id\":\"https:\\\/\\\/jornaldasoficinas.com\\\/pt\\\/empresas-mais-lean-e-ecologicas-o-verde-e-economia\\\/\"},\"author\":{\"name\":\"Reda\u00e7\u00e3o JO\",\"@id\":\"https:\\\/\\\/jornaldasoficinas.com\\\/pt\\\/#\\\/schema\\\/person\\\/a38eef5de2c41d9e7c9ac10141afddf3\"},\"headline\":\"Empresas mais lean e ecol\u00f3gicas: o &#8220;Verde&#8221; \u00e9 economia!\",\"datePublished\":\"2022-10-16T20:30:20+00:00\",\"mainEntityOfPage\":{\"@id\":\"https:\\\/\\\/jornaldasoficinas.com\\\/pt\\\/empresas-mais-lean-e-ecologicas-o-verde-e-economia\\\/\"},\"wordCount\":1694,\"publisher\":{\"@id\":\"https:\\\/\\\/jornaldasoficinas.com\\\/pt\\\/#organization\"},\"image\":{\"@id\":\"https:\\\/\\\/jornaldasoficinas.com\\\/pt\\\/empresas-mais-lean-e-ecologicas-o-verde-e-economia\\\/#primaryimage\"},\"thumbnailUrl\":\"https:\\\/\\\/jornaldasoficinas.com\\\/pt\\\/wp-content\\\/uploads\\\/2022\\\/10\\\/Verde-e-economia.jpeg\",\"articleSection\":[\"Mercado\"],\"inLanguage\":\"pt-PT\"},{\"@type\":\"WebPage\",\"@id\":\"https:\\\/\\\/jornaldasoficinas.com\\\/pt\\\/empresas-mais-lean-e-ecologicas-o-verde-e-economia\\\/\",\"url\":\"https:\\\/\\\/jornaldasoficinas.com\\\/pt\\\/empresas-mais-lean-e-ecologicas-o-verde-e-economia\\\/\",\"name\":\"Empresas mais lean e ecol\u00f3gicas: o \\\"Verde\\\" \u00e9 economia! - Jornal das Oficinas\",\"isPartOf\":{\"@id\":\"https:\\\/\\\/jornaldasoficinas.com\\\/pt\\\/#website\"},\"primaryImageOfPage\":{\"@id\":\"https:\\\/\\\/jornaldasoficinas.com\\\/pt\\\/empresas-mais-lean-e-ecologicas-o-verde-e-economia\\\/#primaryimage\"},\"image\":{\"@id\":\"https:\\\/\\\/jornaldasoficinas.com\\\/pt\\\/empresas-mais-lean-e-ecologicas-o-verde-e-economia\\\/#primaryimage\"},\"thumbnailUrl\":\"https:\\\/\\\/jornaldasoficinas.com\\\/pt\\\/wp-content\\\/uploads\\\/2022\\\/10\\\/Verde-e-economia.jpeg\",\"datePublished\":\"2022-10-16T20:30:20+00:00\",\"breadcrumb\":{\"@id\":\"https:\\\/\\\/jornaldasoficinas.com\\\/pt\\\/empresas-mais-lean-e-ecologicas-o-verde-e-economia\\\/#breadcrumb\"},\"inLanguage\":\"pt-PT\",\"potentialAction\":[{\"@type\":\"ReadAction\",\"target\":[\"https:\\\/\\\/jornaldasoficinas.com\\\/pt\\\/empresas-mais-lean-e-ecologicas-o-verde-e-economia\\\/\"]}]},{\"@type\":\"ImageObject\",\"inLanguage\":\"pt-PT\",\"@id\":\"https:\\\/\\\/jornaldasoficinas.com\\\/pt\\\/empresas-mais-lean-e-ecologicas-o-verde-e-economia\\\/#primaryimage\",\"url\":\"https:\\\/\\\/jornaldasoficinas.com\\\/pt\\\/wp-content\\\/uploads\\\/2022\\\/10\\\/Verde-e-economia.jpeg\",\"contentUrl\":\"https:\\\/\\\/jornaldasoficinas.com\\\/pt\\\/wp-content\\\/uploads\\\/2022\\\/10\\\/Verde-e-economia.jpeg\",\"width\":1024,\"height\":581,\"caption\":\"10 - Verde e economia\"},{\"@type\":\"BreadcrumbList\",\"@id\":\"https:\\\/\\\/jornaldasoficinas.com\\\/pt\\\/empresas-mais-lean-e-ecologicas-o-verde-e-economia\\\/#breadcrumb\",\"itemListElement\":[{\"@type\":\"ListItem\",\"position\":1,\"name\":\"In\u00edcio\",\"item\":\"https:\\\/\\\/jornaldasoficinas.com\\\/pt\\\/\"},{\"@type\":\"ListItem\",\"position\":2,\"name\":\"Empresas mais lean e ecol\u00f3gicas: o &#8220;Verde&#8221; \u00e9 economia!\"}]},{\"@type\":\"WebSite\",\"@id\":\"https:\\\/\\\/jornaldasoficinas.com\\\/pt\\\/#website\",\"url\":\"https:\\\/\\\/jornaldasoficinas.com\\\/pt\\\/\",\"name\":\"Jornal das Oficinas\",\"description\":\"Jornal independente do Aftermarket Autom\u00f3vel em Portugal\",\"publisher\":{\"@id\":\"https:\\\/\\\/jornaldasoficinas.com\\\/pt\\\/#organization\"},\"potentialAction\":[{\"@type\":\"SearchAction\",\"target\":{\"@type\":\"EntryPoint\",\"urlTemplate\":\"https:\\\/\\\/jornaldasoficinas.com\\\/pt\\\/?s={search_term_string}\"},\"query-input\":{\"@type\":\"PropertyValueSpecification\",\"valueRequired\":true,\"valueName\":\"search_term_string\"}}],\"inLanguage\":\"pt-PT\"},{\"@type\":\"Organization\",\"@id\":\"https:\\\/\\\/jornaldasoficinas.com\\\/pt\\\/#organization\",\"name\":\"Jornal das Oficinas\",\"url\":\"https:\\\/\\\/jornaldasoficinas.com\\\/pt\\\/\",\"logo\":{\"@type\":\"ImageObject\",\"inLanguage\":\"pt-PT\",\"@id\":\"https:\\\/\\\/jornaldasoficinas.com\\\/pt\\\/#\\\/schema\\\/logo\\\/image\\\/\",\"url\":\"https:\\\/\\\/jornaldasoficinas.com\\\/pt\\\/wp-content\\\/uploads\\\/logoJO-SEO.png\",\"contentUrl\":\"https:\\\/\\\/jornaldasoficinas.com\\\/pt\\\/wp-content\\\/uploads\\\/logoJO-SEO.png\",\"width\":285,\"height\":450,\"caption\":\"Jornal das Oficinas\"},\"image\":{\"@id\":\"https:\\\/\\\/jornaldasoficinas.com\\\/pt\\\/#\\\/schema\\\/logo\\\/image\\\/\"},\"sameAs\":[\"https:\\\/\\\/www.facebook.com\\\/jornaloficinas\",\"https:\\\/\\\/x.com\\\/jornaloficinas\",\"https:\\\/\\\/www.instagram.com\\\/jornal_oficinas\\\/\",\"https:\\\/\\\/www.linkedin.com\\\/company\\\/jornal-das-oficinas\\\/\",\"https:\\\/\\\/www.youtube.com\\\/channel\\\/UCbQZBqtcvV-oSQrr7RzINGg\"]},{\"@type\":\"Person\",\"@id\":\"https:\\\/\\\/jornaldasoficinas.com\\\/pt\\\/#\\\/schema\\\/person\\\/a38eef5de2c41d9e7c9ac10141afddf3\",\"name\":\"Reda\u00e7\u00e3o JO\",\"image\":{\"@type\":\"ImageObject\",\"inLanguage\":\"pt-PT\",\"@id\":\"https:\\\/\\\/secure.gravatar.com\\\/avatar\\\/71f2fa71737ad68a84fea94bc708ddac8ea5b0c4788dc2ad202f3ccb2887742f?s=96&d=wp_user_avatar&r=g\",\"url\":\"https:\\\/\\\/secure.gravatar.com\\\/avatar\\\/71f2fa71737ad68a84fea94bc708ddac8ea5b0c4788dc2ad202f3ccb2887742f?s=96&d=wp_user_avatar&r=g\",\"contentUrl\":\"https:\\\/\\\/secure.gravatar.com\\\/avatar\\\/71f2fa71737ad68a84fea94bc708ddac8ea5b0c4788dc2ad202f3ccb2887742f?s=96&d=wp_user_avatar&r=g\",\"caption\":\"Reda\u00e7\u00e3o JO\"},\"url\":\"https:\\\/\\\/jornaldasoficinas.com\\\/pt\\\/author\\\/joredacao\\\/\"}]}<\/script>\n<!-- \/ Yoast SEO plugin. -->","yoast_head_json":{"title":"Empresas mais lean e ecol\u00f3gicas: o \"Verde\" \u00e9 economia! - Jornal das Oficinas","robots":{"index":"index","follow":"follow","max-snippet":"max-snippet:-1","max-image-preview":"max-image-preview:large","max-video-preview":"max-video-preview:-1"},"canonical":"https:\/\/jornaldasoficinas.com\/pt\/empresas-mais-lean-e-ecologicas-o-verde-e-economia\/","og_locale":"pt_PT","og_type":"article","og_title":"Empresas mais lean e ecol\u00f3gicas: o \"Verde\" \u00e9 economia! - Jornal das Oficinas","og_description":"Alertada por cientistas e investigadores de...","og_url":"https:\/\/jornaldasoficinas.com\/pt\/empresas-mais-lean-e-ecologicas-o-verde-e-economia\/","og_site_name":"Jornal das Oficinas","article_publisher":"https:\/\/www.facebook.com\/jornaloficinas","article_published_time":"2022-10-16T20:30:20+00:00","og_image":[{"width":1024,"height":581,"url":"https:\/\/jornaldasoficinas.com\/pt\/wp-content\/uploads\/2022\/10\/Verde-e-economia.jpeg","type":"image\/jpeg"}],"author":"Reda\u00e7\u00e3o JO","twitter_card":"summary_large_image","twitter_creator":"@jornaloficinas","twitter_site":"@jornaloficinas","twitter_misc":{"Escrito por":"Reda\u00e7\u00e3o JO","Tempo estimado de leitura":"8 minutos"},"schema":{"@context":"https:\/\/schema.org","@graph":[{"@type":"Article","@id":"https:\/\/jornaldasoficinas.com\/pt\/empresas-mais-lean-e-ecologicas-o-verde-e-economia\/#article","isPartOf":{"@id":"https:\/\/jornaldasoficinas.com\/pt\/empresas-mais-lean-e-ecologicas-o-verde-e-economia\/"},"author":{"name":"Reda\u00e7\u00e3o JO","@id":"https:\/\/jornaldasoficinas.com\/pt\/#\/schema\/person\/a38eef5de2c41d9e7c9ac10141afddf3"},"headline":"Empresas mais lean e ecol\u00f3gicas: o &#8220;Verde&#8221; \u00e9 economia!","datePublished":"2022-10-16T20:30:20+00:00","mainEntityOfPage":{"@id":"https:\/\/jornaldasoficinas.com\/pt\/empresas-mais-lean-e-ecologicas-o-verde-e-economia\/"},"wordCount":1694,"publisher":{"@id":"https:\/\/jornaldasoficinas.com\/pt\/#organization"},"image":{"@id":"https:\/\/jornaldasoficinas.com\/pt\/empresas-mais-lean-e-ecologicas-o-verde-e-economia\/#primaryimage"},"thumbnailUrl":"https:\/\/jornaldasoficinas.com\/pt\/wp-content\/uploads\/2022\/10\/Verde-e-economia.jpeg","articleSection":["Mercado"],"inLanguage":"pt-PT"},{"@type":"WebPage","@id":"https:\/\/jornaldasoficinas.com\/pt\/empresas-mais-lean-e-ecologicas-o-verde-e-economia\/","url":"https:\/\/jornaldasoficinas.com\/pt\/empresas-mais-lean-e-ecologicas-o-verde-e-economia\/","name":"Empresas mais lean e ecol\u00f3gicas: o \"Verde\" \u00e9 economia! - Jornal das Oficinas","isPartOf":{"@id":"https:\/\/jornaldasoficinas.com\/pt\/#website"},"primaryImageOfPage":{"@id":"https:\/\/jornaldasoficinas.com\/pt\/empresas-mais-lean-e-ecologicas-o-verde-e-economia\/#primaryimage"},"image":{"@id":"https:\/\/jornaldasoficinas.com\/pt\/empresas-mais-lean-e-ecologicas-o-verde-e-economia\/#primaryimage"},"thumbnailUrl":"https:\/\/jornaldasoficinas.com\/pt\/wp-content\/uploads\/2022\/10\/Verde-e-economia.jpeg","datePublished":"2022-10-16T20:30:20+00:00","breadcrumb":{"@id":"https:\/\/jornaldasoficinas.com\/pt\/empresas-mais-lean-e-ecologicas-o-verde-e-economia\/#breadcrumb"},"inLanguage":"pt-PT","potentialAction":[{"@type":"ReadAction","target":["https:\/\/jornaldasoficinas.com\/pt\/empresas-mais-lean-e-ecologicas-o-verde-e-economia\/"]}]},{"@type":"ImageObject","inLanguage":"pt-PT","@id":"https:\/\/jornaldasoficinas.com\/pt\/empresas-mais-lean-e-ecologicas-o-verde-e-economia\/#primaryimage","url":"https:\/\/jornaldasoficinas.com\/pt\/wp-content\/uploads\/2022\/10\/Verde-e-economia.jpeg","contentUrl":"https:\/\/jornaldasoficinas.com\/pt\/wp-content\/uploads\/2022\/10\/Verde-e-economia.jpeg","width":1024,"height":581,"caption":"10 - Verde e economia"},{"@type":"BreadcrumbList","@id":"https:\/\/jornaldasoficinas.com\/pt\/empresas-mais-lean-e-ecologicas-o-verde-e-economia\/#breadcrumb","itemListElement":[{"@type":"ListItem","position":1,"name":"In\u00edcio","item":"https:\/\/jornaldasoficinas.com\/pt\/"},{"@type":"ListItem","position":2,"name":"Empresas mais lean e ecol\u00f3gicas: o &#8220;Verde&#8221; \u00e9 economia!"}]},{"@type":"WebSite","@id":"https:\/\/jornaldasoficinas.com\/pt\/#website","url":"https:\/\/jornaldasoficinas.com\/pt\/","name":"Jornal das Oficinas","description":"Jornal independente do Aftermarket Autom\u00f3vel em Portugal","publisher":{"@id":"https:\/\/jornaldasoficinas.com\/pt\/#organization"},"potentialAction":[{"@type":"SearchAction","target":{"@type":"EntryPoint","urlTemplate":"https:\/\/jornaldasoficinas.com\/pt\/?s={search_term_string}"},"query-input":{"@type":"PropertyValueSpecification","valueRequired":true,"valueName":"search_term_string"}}],"inLanguage":"pt-PT"},{"@type":"Organization","@id":"https:\/\/jornaldasoficinas.com\/pt\/#organization","name":"Jornal das Oficinas","url":"https:\/\/jornaldasoficinas.com\/pt\/","logo":{"@type":"ImageObject","inLanguage":"pt-PT","@id":"https:\/\/jornaldasoficinas.com\/pt\/#\/schema\/logo\/image\/","url":"https:\/\/jornaldasoficinas.com\/pt\/wp-content\/uploads\/logoJO-SEO.png","contentUrl":"https:\/\/jornaldasoficinas.com\/pt\/wp-content\/uploads\/logoJO-SEO.png","width":285,"height":450,"caption":"Jornal das Oficinas"},"image":{"@id":"https:\/\/jornaldasoficinas.com\/pt\/#\/schema\/logo\/image\/"},"sameAs":["https:\/\/www.facebook.com\/jornaloficinas","https:\/\/x.com\/jornaloficinas","https:\/\/www.instagram.com\/jornal_oficinas\/","https:\/\/www.linkedin.com\/company\/jornal-das-oficinas\/","https:\/\/www.youtube.com\/channel\/UCbQZBqtcvV-oSQrr7RzINGg"]},{"@type":"Person","@id":"https:\/\/jornaldasoficinas.com\/pt\/#\/schema\/person\/a38eef5de2c41d9e7c9ac10141afddf3","name":"Reda\u00e7\u00e3o JO","image":{"@type":"ImageObject","inLanguage":"pt-PT","@id":"https:\/\/secure.gravatar.com\/avatar\/71f2fa71737ad68a84fea94bc708ddac8ea5b0c4788dc2ad202f3ccb2887742f?s=96&d=wp_user_avatar&r=g","url":"https:\/\/secure.gravatar.com\/avatar\/71f2fa71737ad68a84fea94bc708ddac8ea5b0c4788dc2ad202f3ccb2887742f?s=96&d=wp_user_avatar&r=g","contentUrl":"https:\/\/secure.gravatar.com\/avatar\/71f2fa71737ad68a84fea94bc708ddac8ea5b0c4788dc2ad202f3ccb2887742f?s=96&d=wp_user_avatar&r=g","caption":"Reda\u00e7\u00e3o JO"},"url":"https:\/\/jornaldasoficinas.com\/pt\/author\/joredacao\/"}]}},"_links":{"self":[{"href":"https:\/\/jornaldasoficinas.com\/pt\/wp-json\/wp\/v2\/posts\/33791","targetHints":{"allow":["GET"]}}],"collection":[{"href":"https:\/\/jornaldasoficinas.com\/pt\/wp-json\/wp\/v2\/posts"}],"about":[{"href":"https:\/\/jornaldasoficinas.com\/pt\/wp-json\/wp\/v2\/types\/post"}],"author":[{"embeddable":true,"href":"https:\/\/jornaldasoficinas.com\/pt\/wp-json\/wp\/v2\/users\/15"}],"replies":[{"embeddable":true,"href":"https:\/\/jornaldasoficinas.com\/pt\/wp-json\/wp\/v2\/comments?post=33791"}],"version-history":[{"count":0,"href":"https:\/\/jornaldasoficinas.com\/pt\/wp-json\/wp\/v2\/posts\/33791\/revisions"}],"wp:featuredmedia":[{"embeddable":true,"href":"https:\/\/jornaldasoficinas.com\/pt\/wp-json\/wp\/v2\/media\/33793"}],"wp:attachment":[{"href":"https:\/\/jornaldasoficinas.com\/pt\/wp-json\/wp\/v2\/media?parent=33791"}],"wp:term":[{"taxonomy":"category","embeddable":true,"href":"https:\/\/jornaldasoficinas.com\/pt\/wp-json\/wp\/v2\/categories?post=33791"},{"taxonomy":"post_tag","embeddable":true,"href":"https:\/\/jornaldasoficinas.com\/pt\/wp-json\/wp\/v2\/tags?post=33791"}],"curies":[{"name":"wp","href":"https:\/\/api.w.org\/{rel}","templated":true}]}}