{"id":33801,"date":"2022-10-18T08:00:37","date_gmt":"2022-10-18T07:00:37","guid":{"rendered":"https:\/\/jornaldasoficinas.com\/pt\/?p=33801"},"modified":"2022-10-17T18:54:47","modified_gmt":"2022-10-17T17:54:47","slug":"olipes-preparada-para-o-frio-com-nova-gama-artic","status":"publish","type":"post","link":"https:\/\/jornaldasoficinas.com\/pt\/olipes-preparada-para-o-frio-com-nova-gama-artic\/","title":{"rendered":"Olipes preparada para o frio com nova gama Artic"},"content":{"rendered":"<p><strong><img loading=\"lazy\" decoding=\"async\" class=\"alignnone size-full wp-image-33775\" src=\"https:\/\/jornaldasoficinas.com\/pt\/wp-content\/uploads\/2022\/10\/Olipes-preparada-para-o-frio-com-nova-gama-Artic.jpg\" alt=\"10 - Olipes preparada para o frio com nova gama Artic\" width=\"1024\" height=\"581\" srcset=\"https:\/\/jornaldasoficinas.com\/pt\/wp-content\/uploads\/2022\/10\/Olipes-preparada-para-o-frio-com-nova-gama-Artic.jpg 1024w, https:\/\/jornaldasoficinas.com\/pt\/wp-content\/uploads\/2022\/10\/Olipes-preparada-para-o-frio-com-nova-gama-Artic-300x170.jpg 300w, https:\/\/jornaldasoficinas.com\/pt\/wp-content\/uploads\/2022\/10\/Olipes-preparada-para-o-frio-com-nova-gama-Artic-150x85.jpg 150w, https:\/\/jornaldasoficinas.com\/pt\/wp-content\/uploads\/2022\/10\/Olipes-preparada-para-o-frio-com-nova-gama-Artic-768x436.jpg 768w\" sizes=\"auto, (max-width: 1024px) 100vw, 1024px\" \/><\/strong><\/p>\n<p><strong>A Olipes lan\u00e7ou a sua nova gama Artic de massas e \u00f3leos lubrificantes para a maquinaria de minera\u00e7\u00e3o que opera em zonas de frio extremo; produtos de base sint\u00e9tica SHC, de ponto de congela\u00e7\u00e3o muito baixo e f\u00e1cil bombabilidade a frio, que incorporam aditivos de \u00faltima gera\u00e7\u00e3o e foram formulados para oferecerem um alto rendimento nas mais duras condi\u00e7\u00f5es de funcionamento<\/strong><\/p>\n<p>A nova gama Arctic de lubrificantes Olipes desenvolvidos para a maquinaria mineira que opera em condi\u00e7\u00f5es extremas de frio, com temperaturas no Inverno de -50oC a -60oC, abrange uma vasta gama de produtos: desde os destinados a serem usados em diversos tipos de motores at\u00e9 \u00e0s transmiss\u00f5es, sistemas hidr\u00e1ulicos ou compressores, passando pelos desenvolvidos para a prote\u00e7\u00e3o do martelo de perfura\u00e7\u00e3o em todo o tipo de condi\u00e7\u00f5es clim\u00e1ticas e as massas para rolamentos, parafusos, guias, deslizadores, cabos e coroas dentadas, lubrificadas tanto de forma manual como mediante sistemas de lubrifica\u00e7\u00e3o centralizada.<\/p>\n<p>A Olipes \u00e9 uma empresa especializada no desenvolvimento e no fabrico de \u00f3leos e massas lubrificantes e outros fluidos para o primeiro enchimento (Factory Fill) e a manuten\u00e7\u00e3o (Service Fill) de autom\u00f3veis, ve\u00edculos industriais, maquinaria agr\u00edcola e pesada, minera\u00e7\u00e3o e uma grande variedade de maquinaria e processos de fabrico industriais.<\/p>\n<p>Neste sentido, desenvolve e fabrica massas espec\u00edficas para a atividade mineira, a extra\u00e7\u00e3o, o tratamento de agregados e tamb\u00e9m para o setor cimenteiro. Com mais de 80 tipos de massas especializadas, a gama MAXIGRAS protege a maquinaria gra\u00e7as \u00e0 tecnologia de fabrico exclusiva, desenvolvida pela empresa. Al\u00e9m de protegerem a maquinaria, estas massas aumentam os per\u00edodos de relubrifica\u00e7\u00e3o, pelo que tamb\u00e9m se convertem numa ferramenta para a redu\u00e7\u00e3o dos custos de manuten\u00e7\u00e3o, um fator essencial num setor como o da minera\u00e7\u00e3o. A MAXIGRAS oferece m\u00faltiplas formula\u00e7\u00f5es (Complexas de Sulfonato de C\u00e1lcio, de Alum\u00ednio, de L\u00edtio, de B\u00e1rio, de Cobre, etc.) para todo o tipo de aplica\u00e7\u00f5es, estando dispon\u00edveis em consist\u00eancias que abrangem desde NLGI 000 at\u00e9 NLGI3.<\/p>\n<p>Tamb\u00e9m s\u00e3o bem conhecidas no setor as qualidades dos seus lubrificantes para motores com homologa\u00e7\u00e3o API, como o AVEROIL FAP (CAT ECF-3\/API CJ-4), de tecnologia Mid- SAPS e dispon\u00edvel em viscosidades SAE 10W-30, 10W-40 e 15W-40, desenvolvido e especialmente recomendado para os motores CAT de \u00faltima gera\u00e7\u00e3o, ou o novo AVEROIL UHP 5W30 (API CK-4), homologado pela Volvo Group Trucks Technology sob os padr\u00f5es de qualidade Volvo VDS-4.5, Mack EOS-4.5 e RenaultVI RLD-3, de intervalo de \u00f3leo alongado e fuel economy, recomendado para as motoriza\u00e7\u00f5es Final Tier-4, Stage V, Euro 6 e retrocompat\u00edvel com as anteriores.<\/p>\n<p>De igual modo, destacam-se os seus l\u00edquidos hidr\u00e1ulicos multigrau sint\u00e9ticos MAXIFLUID SHV de baixo ponto de congela\u00e7\u00e3o para climas \u00e1rticos e os biodegrad\u00e1veis e ign\u00edfugos MAXIFLUID BBO para ambientes sens\u00edveis ou zonas expostas a alto risco de inc\u00eandio, fluidos de transmiss\u00f5es, l\u00edquidos de refrigera\u00e7\u00e3o-anticongelantes de alto rendimento, aditivos para combust\u00edvel e outros produtos espec\u00edficos para a maquinaria do setor mineiro. Uma vasta oferta de produtos que a Olipes fabrica e comercializa a n\u00edvel mundial.<\/p>\n<p>&#8220;As massas e os \u00f3leos lubrificantes Olipes foram especialmente formulados para resistirem \u00e0s duras condi\u00e7\u00f5es de trabalho pr\u00f3prias da minera\u00e7\u00e3o, quer pelo exigente esfor\u00e7o mec\u00e2nico, quer pelas temperaturas extremas em que se trabalha. Os ve\u00edculos de carga da ind\u00fastria mineira ou as m\u00e1quinas processadoras necessitam de lubrificantes da m\u00e1xima qualidade e com excelentes presta\u00e7\u00f5es, e os nossos produtos s\u00e3o uma refer\u00eancia internacional&#8221; &#8211; explica Fernando D\u00edaz &#8211; codiretor geral executivo da Olipes.<\/p>\n<p>As pessoas que formam a equipa da Olipes t\u00eam uma clara voca\u00e7\u00e3o de servi\u00e7o ao cliente e oferecem assist\u00eancia comercial, t\u00e9cnica e de p\u00f3s-venda de forma continuada (24\/7). Este \u00e9 um dos valores que lhes permite a oferta da melhor tecnologia em lubrifica\u00e7\u00e3o ao exigente setor da minera\u00e7\u00e3o sob uma marca 100% espanhola com vasta presen\u00e7a internacional.<\/p>\n<p>Para o cuidado da ind\u00fastria mineira, a Olipes editou um novo cat\u00e1logo com toda a sua gama de produtos espec\u00edficos para o setor.<\/p>\n","protected":false},"excerpt":{"rendered":"<p>A Olipes lan\u00e7ou a sua nova&#8230;<\/p>\n","protected":false},"author":15,"featured_media":33775,"comment_status":"closed","ping_status":"closed","sticky":false,"template":"","format":"standard","meta":{"footnotes":""},"categories":[29],"tags":[1028],"class_list":["post-33801","post","type-post","status-publish","format-standard","has-post-thumbnail","hentry","category-empresas","tag-olipes"],"yoast_head":"<!-- This site is optimized with the Yoast SEO plugin v27.4 - https:\/\/yoast.com\/product\/yoast-seo-wordpress\/ -->\n<title>Olipes preparada para o frio com nova gama Artic - Jornal das Oficinas<\/title>\n<meta name=\"robots\" content=\"index, follow, max-snippet:-1, max-image-preview:large, max-video-preview:-1\" \/>\n<link rel=\"canonical\" href=\"https:\/\/jornaldasoficinas.com\/pt\/olipes-preparada-para-o-frio-com-nova-gama-artic\/\" \/>\n<meta property=\"og:locale\" content=\"pt_PT\" \/>\n<meta property=\"og:type\" content=\"article\" \/>\n<meta property=\"og:title\" content=\"Olipes preparada para o frio com nova gama Artic - Jornal das Oficinas\" \/>\n<meta property=\"og:description\" content=\"A Olipes lan\u00e7ou a sua nova...\" \/>\n<meta property=\"og:url\" content=\"https:\/\/jornaldasoficinas.com\/pt\/olipes-preparada-para-o-frio-com-nova-gama-artic\/\" \/>\n<meta property=\"og:site_name\" content=\"Jornal das Oficinas\" \/>\n<meta property=\"article:publisher\" content=\"https:\/\/www.facebook.com\/jornaloficinas\" \/>\n<meta property=\"article:published_time\" content=\"2022-10-18T07:00:37+00:00\" \/>\n<meta property=\"og:image\" content=\"https:\/\/jornaldasoficinas.com\/pt\/wp-content\/uploads\/2022\/10\/Olipes-preparada-para-o-frio-com-nova-gama-Artic.jpg\" \/>\n\t<meta property=\"og:image:width\" content=\"1024\" \/>\n\t<meta property=\"og:image:height\" content=\"581\" \/>\n\t<meta property=\"og:image:type\" content=\"image\/jpeg\" \/>\n<meta name=\"author\" content=\"Reda\u00e7\u00e3o JO\" \/>\n<meta name=\"twitter:card\" content=\"summary_large_image\" \/>\n<meta name=\"twitter:creator\" content=\"@jornaloficinas\" \/>\n<meta name=\"twitter:site\" content=\"@jornaloficinas\" \/>\n<meta name=\"twitter:label1\" content=\"Escrito por\" \/>\n\t<meta name=\"twitter:data1\" content=\"Reda\u00e7\u00e3o JO\" \/>\n\t<meta name=\"twitter:label2\" content=\"Tempo estimado de leitura\" \/>\n\t<meta name=\"twitter:data2\" content=\"4 minutos\" \/>\n<script type=\"application\/ld+json\" class=\"yoast-schema-graph\">{\"@context\":\"https:\\\/\\\/schema.org\",\"@graph\":[{\"@type\":\"Article\",\"@id\":\"https:\\\/\\\/jornaldasoficinas.com\\\/pt\\\/olipes-preparada-para-o-frio-com-nova-gama-artic\\\/#article\",\"isPartOf\":{\"@id\":\"https:\\\/\\\/jornaldasoficinas.com\\\/pt\\\/olipes-preparada-para-o-frio-com-nova-gama-artic\\\/\"},\"author\":{\"name\":\"Reda\u00e7\u00e3o JO\",\"@id\":\"https:\\\/\\\/jornaldasoficinas.com\\\/pt\\\/#\\\/schema\\\/person\\\/a38eef5de2c41d9e7c9ac10141afddf3\"},\"headline\":\"Olipes preparada para o frio com nova gama Artic\",\"datePublished\":\"2022-10-18T07:00:37+00:00\",\"mainEntityOfPage\":{\"@id\":\"https:\\\/\\\/jornaldasoficinas.com\\\/pt\\\/olipes-preparada-para-o-frio-com-nova-gama-artic\\\/\"},\"wordCount\":732,\"publisher\":{\"@id\":\"https:\\\/\\\/jornaldasoficinas.com\\\/pt\\\/#organization\"},\"image\":{\"@id\":\"https:\\\/\\\/jornaldasoficinas.com\\\/pt\\\/olipes-preparada-para-o-frio-com-nova-gama-artic\\\/#primaryimage\"},\"thumbnailUrl\":\"https:\\\/\\\/jornaldasoficinas.com\\\/pt\\\/wp-content\\\/uploads\\\/2022\\\/10\\\/Olipes-preparada-para-o-frio-com-nova-gama-Artic.jpg\",\"keywords\":[\"Olipes\"],\"articleSection\":[\"Empresas\"],\"inLanguage\":\"pt-PT\"},{\"@type\":\"WebPage\",\"@id\":\"https:\\\/\\\/jornaldasoficinas.com\\\/pt\\\/olipes-preparada-para-o-frio-com-nova-gama-artic\\\/\",\"url\":\"https:\\\/\\\/jornaldasoficinas.com\\\/pt\\\/olipes-preparada-para-o-frio-com-nova-gama-artic\\\/\",\"name\":\"Olipes preparada para o frio com nova gama Artic - Jornal das Oficinas\",\"isPartOf\":{\"@id\":\"https:\\\/\\\/jornaldasoficinas.com\\\/pt\\\/#website\"},\"primaryImageOfPage\":{\"@id\":\"https:\\\/\\\/jornaldasoficinas.com\\\/pt\\\/olipes-preparada-para-o-frio-com-nova-gama-artic\\\/#primaryimage\"},\"image\":{\"@id\":\"https:\\\/\\\/jornaldasoficinas.com\\\/pt\\\/olipes-preparada-para-o-frio-com-nova-gama-artic\\\/#primaryimage\"},\"thumbnailUrl\":\"https:\\\/\\\/jornaldasoficinas.com\\\/pt\\\/wp-content\\\/uploads\\\/2022\\\/10\\\/Olipes-preparada-para-o-frio-com-nova-gama-Artic.jpg\",\"datePublished\":\"2022-10-18T07:00:37+00:00\",\"breadcrumb\":{\"@id\":\"https:\\\/\\\/jornaldasoficinas.com\\\/pt\\\/olipes-preparada-para-o-frio-com-nova-gama-artic\\\/#breadcrumb\"},\"inLanguage\":\"pt-PT\",\"potentialAction\":[{\"@type\":\"ReadAction\",\"target\":[\"https:\\\/\\\/jornaldasoficinas.com\\\/pt\\\/olipes-preparada-para-o-frio-com-nova-gama-artic\\\/\"]}]},{\"@type\":\"ImageObject\",\"inLanguage\":\"pt-PT\",\"@id\":\"https:\\\/\\\/jornaldasoficinas.com\\\/pt\\\/olipes-preparada-para-o-frio-com-nova-gama-artic\\\/#primaryimage\",\"url\":\"https:\\\/\\\/jornaldasoficinas.com\\\/pt\\\/wp-content\\\/uploads\\\/2022\\\/10\\\/Olipes-preparada-para-o-frio-com-nova-gama-Artic.jpg\",\"contentUrl\":\"https:\\\/\\\/jornaldasoficinas.com\\\/pt\\\/wp-content\\\/uploads\\\/2022\\\/10\\\/Olipes-preparada-para-o-frio-com-nova-gama-Artic.jpg\",\"width\":1024,\"height\":581,\"caption\":\"10 - Olipes preparada para o frio com nova gama Artic\"},{\"@type\":\"BreadcrumbList\",\"@id\":\"https:\\\/\\\/jornaldasoficinas.com\\\/pt\\\/olipes-preparada-para-o-frio-com-nova-gama-artic\\\/#breadcrumb\",\"itemListElement\":[{\"@type\":\"ListItem\",\"position\":1,\"name\":\"In\u00edcio\",\"item\":\"https:\\\/\\\/jornaldasoficinas.com\\\/pt\\\/\"},{\"@type\":\"ListItem\",\"position\":2,\"name\":\"Olipes preparada para o frio com nova gama Artic\"}]},{\"@type\":\"WebSite\",\"@id\":\"https:\\\/\\\/jornaldasoficinas.com\\\/pt\\\/#website\",\"url\":\"https:\\\/\\\/jornaldasoficinas.com\\\/pt\\\/\",\"name\":\"Jornal das Oficinas\",\"description\":\"Jornal independente do Aftermarket Autom\u00f3vel em Portugal\",\"publisher\":{\"@id\":\"https:\\\/\\\/jornaldasoficinas.com\\\/pt\\\/#organization\"},\"potentialAction\":[{\"@type\":\"SearchAction\",\"target\":{\"@type\":\"EntryPoint\",\"urlTemplate\":\"https:\\\/\\\/jornaldasoficinas.com\\\/pt\\\/?s={search_term_string}\"},\"query-input\":{\"@type\":\"PropertyValueSpecification\",\"valueRequired\":true,\"valueName\":\"search_term_string\"}}],\"inLanguage\":\"pt-PT\"},{\"@type\":\"Organization\",\"@id\":\"https:\\\/\\\/jornaldasoficinas.com\\\/pt\\\/#organization\",\"name\":\"Jornal das Oficinas\",\"url\":\"https:\\\/\\\/jornaldasoficinas.com\\\/pt\\\/\",\"logo\":{\"@type\":\"ImageObject\",\"inLanguage\":\"pt-PT\",\"@id\":\"https:\\\/\\\/jornaldasoficinas.com\\\/pt\\\/#\\\/schema\\\/logo\\\/image\\\/\",\"url\":\"https:\\\/\\\/jornaldasoficinas.com\\\/pt\\\/wp-content\\\/uploads\\\/logoJO-SEO.png\",\"contentUrl\":\"https:\\\/\\\/jornaldasoficinas.com\\\/pt\\\/wp-content\\\/uploads\\\/logoJO-SEO.png\",\"width\":285,\"height\":450,\"caption\":\"Jornal das Oficinas\"},\"image\":{\"@id\":\"https:\\\/\\\/jornaldasoficinas.com\\\/pt\\\/#\\\/schema\\\/logo\\\/image\\\/\"},\"sameAs\":[\"https:\\\/\\\/www.facebook.com\\\/jornaloficinas\",\"https:\\\/\\\/x.com\\\/jornaloficinas\",\"https:\\\/\\\/www.instagram.com\\\/jornal_oficinas\\\/\",\"https:\\\/\\\/www.linkedin.com\\\/company\\\/jornal-das-oficinas\\\/\",\"https:\\\/\\\/www.youtube.com\\\/channel\\\/UCbQZBqtcvV-oSQrr7RzINGg\"]},{\"@type\":\"Person\",\"@id\":\"https:\\\/\\\/jornaldasoficinas.com\\\/pt\\\/#\\\/schema\\\/person\\\/a38eef5de2c41d9e7c9ac10141afddf3\",\"name\":\"Reda\u00e7\u00e3o JO\",\"image\":{\"@type\":\"ImageObject\",\"inLanguage\":\"pt-PT\",\"@id\":\"https:\\\/\\\/secure.gravatar.com\\\/avatar\\\/71f2fa71737ad68a84fea94bc708ddac8ea5b0c4788dc2ad202f3ccb2887742f?s=96&d=wp_user_avatar&r=g\",\"url\":\"https:\\\/\\\/secure.gravatar.com\\\/avatar\\\/71f2fa71737ad68a84fea94bc708ddac8ea5b0c4788dc2ad202f3ccb2887742f?s=96&d=wp_user_avatar&r=g\",\"contentUrl\":\"https:\\\/\\\/secure.gravatar.com\\\/avatar\\\/71f2fa71737ad68a84fea94bc708ddac8ea5b0c4788dc2ad202f3ccb2887742f?s=96&d=wp_user_avatar&r=g\",\"caption\":\"Reda\u00e7\u00e3o JO\"},\"url\":\"https:\\\/\\\/jornaldasoficinas.com\\\/pt\\\/author\\\/joredacao\\\/\"}]}<\/script>\n<!-- \/ Yoast SEO plugin. -->","yoast_head_json":{"title":"Olipes preparada para o frio com nova gama Artic - Jornal das Oficinas","robots":{"index":"index","follow":"follow","max-snippet":"max-snippet:-1","max-image-preview":"max-image-preview:large","max-video-preview":"max-video-preview:-1"},"canonical":"https:\/\/jornaldasoficinas.com\/pt\/olipes-preparada-para-o-frio-com-nova-gama-artic\/","og_locale":"pt_PT","og_type":"article","og_title":"Olipes preparada para o frio com nova gama Artic - Jornal das Oficinas","og_description":"A Olipes lan\u00e7ou a sua nova...","og_url":"https:\/\/jornaldasoficinas.com\/pt\/olipes-preparada-para-o-frio-com-nova-gama-artic\/","og_site_name":"Jornal das Oficinas","article_publisher":"https:\/\/www.facebook.com\/jornaloficinas","article_published_time":"2022-10-18T07:00:37+00:00","og_image":[{"width":1024,"height":581,"url":"https:\/\/jornaldasoficinas.com\/pt\/wp-content\/uploads\/2022\/10\/Olipes-preparada-para-o-frio-com-nova-gama-Artic.jpg","type":"image\/jpeg"}],"author":"Reda\u00e7\u00e3o JO","twitter_card":"summary_large_image","twitter_creator":"@jornaloficinas","twitter_site":"@jornaloficinas","twitter_misc":{"Escrito por":"Reda\u00e7\u00e3o JO","Tempo estimado de leitura":"4 minutos"},"schema":{"@context":"https:\/\/schema.org","@graph":[{"@type":"Article","@id":"https:\/\/jornaldasoficinas.com\/pt\/olipes-preparada-para-o-frio-com-nova-gama-artic\/#article","isPartOf":{"@id":"https:\/\/jornaldasoficinas.com\/pt\/olipes-preparada-para-o-frio-com-nova-gama-artic\/"},"author":{"name":"Reda\u00e7\u00e3o JO","@id":"https:\/\/jornaldasoficinas.com\/pt\/#\/schema\/person\/a38eef5de2c41d9e7c9ac10141afddf3"},"headline":"Olipes preparada para o frio com nova gama Artic","datePublished":"2022-10-18T07:00:37+00:00","mainEntityOfPage":{"@id":"https:\/\/jornaldasoficinas.com\/pt\/olipes-preparada-para-o-frio-com-nova-gama-artic\/"},"wordCount":732,"publisher":{"@id":"https:\/\/jornaldasoficinas.com\/pt\/#organization"},"image":{"@id":"https:\/\/jornaldasoficinas.com\/pt\/olipes-preparada-para-o-frio-com-nova-gama-artic\/#primaryimage"},"thumbnailUrl":"https:\/\/jornaldasoficinas.com\/pt\/wp-content\/uploads\/2022\/10\/Olipes-preparada-para-o-frio-com-nova-gama-Artic.jpg","keywords":["Olipes"],"articleSection":["Empresas"],"inLanguage":"pt-PT"},{"@type":"WebPage","@id":"https:\/\/jornaldasoficinas.com\/pt\/olipes-preparada-para-o-frio-com-nova-gama-artic\/","url":"https:\/\/jornaldasoficinas.com\/pt\/olipes-preparada-para-o-frio-com-nova-gama-artic\/","name":"Olipes preparada para o frio com nova gama Artic - Jornal das Oficinas","isPartOf":{"@id":"https:\/\/jornaldasoficinas.com\/pt\/#website"},"primaryImageOfPage":{"@id":"https:\/\/jornaldasoficinas.com\/pt\/olipes-preparada-para-o-frio-com-nova-gama-artic\/#primaryimage"},"image":{"@id":"https:\/\/jornaldasoficinas.com\/pt\/olipes-preparada-para-o-frio-com-nova-gama-artic\/#primaryimage"},"thumbnailUrl":"https:\/\/jornaldasoficinas.com\/pt\/wp-content\/uploads\/2022\/10\/Olipes-preparada-para-o-frio-com-nova-gama-Artic.jpg","datePublished":"2022-10-18T07:00:37+00:00","breadcrumb":{"@id":"https:\/\/jornaldasoficinas.com\/pt\/olipes-preparada-para-o-frio-com-nova-gama-artic\/#breadcrumb"},"inLanguage":"pt-PT","potentialAction":[{"@type":"ReadAction","target":["https:\/\/jornaldasoficinas.com\/pt\/olipes-preparada-para-o-frio-com-nova-gama-artic\/"]}]},{"@type":"ImageObject","inLanguage":"pt-PT","@id":"https:\/\/jornaldasoficinas.com\/pt\/olipes-preparada-para-o-frio-com-nova-gama-artic\/#primaryimage","url":"https:\/\/jornaldasoficinas.com\/pt\/wp-content\/uploads\/2022\/10\/Olipes-preparada-para-o-frio-com-nova-gama-Artic.jpg","contentUrl":"https:\/\/jornaldasoficinas.com\/pt\/wp-content\/uploads\/2022\/10\/Olipes-preparada-para-o-frio-com-nova-gama-Artic.jpg","width":1024,"height":581,"caption":"10 - Olipes preparada para o frio com nova gama Artic"},{"@type":"BreadcrumbList","@id":"https:\/\/jornaldasoficinas.com\/pt\/olipes-preparada-para-o-frio-com-nova-gama-artic\/#breadcrumb","itemListElement":[{"@type":"ListItem","position":1,"name":"In\u00edcio","item":"https:\/\/jornaldasoficinas.com\/pt\/"},{"@type":"ListItem","position":2,"name":"Olipes preparada para o frio com nova gama Artic"}]},{"@type":"WebSite","@id":"https:\/\/jornaldasoficinas.com\/pt\/#website","url":"https:\/\/jornaldasoficinas.com\/pt\/","name":"Jornal das Oficinas","description":"Jornal independente do Aftermarket Autom\u00f3vel em Portugal","publisher":{"@id":"https:\/\/jornaldasoficinas.com\/pt\/#organization"},"potentialAction":[{"@type":"SearchAction","target":{"@type":"EntryPoint","urlTemplate":"https:\/\/jornaldasoficinas.com\/pt\/?s={search_term_string}"},"query-input":{"@type":"PropertyValueSpecification","valueRequired":true,"valueName":"search_term_string"}}],"inLanguage":"pt-PT"},{"@type":"Organization","@id":"https:\/\/jornaldasoficinas.com\/pt\/#organization","name":"Jornal das Oficinas","url":"https:\/\/jornaldasoficinas.com\/pt\/","logo":{"@type":"ImageObject","inLanguage":"pt-PT","@id":"https:\/\/jornaldasoficinas.com\/pt\/#\/schema\/logo\/image\/","url":"https:\/\/jornaldasoficinas.com\/pt\/wp-content\/uploads\/logoJO-SEO.png","contentUrl":"https:\/\/jornaldasoficinas.com\/pt\/wp-content\/uploads\/logoJO-SEO.png","width":285,"height":450,"caption":"Jornal das Oficinas"},"image":{"@id":"https:\/\/jornaldasoficinas.com\/pt\/#\/schema\/logo\/image\/"},"sameAs":["https:\/\/www.facebook.com\/jornaloficinas","https:\/\/x.com\/jornaloficinas","https:\/\/www.instagram.com\/jornal_oficinas\/","https:\/\/www.linkedin.com\/company\/jornal-das-oficinas\/","https:\/\/www.youtube.com\/channel\/UCbQZBqtcvV-oSQrr7RzINGg"]},{"@type":"Person","@id":"https:\/\/jornaldasoficinas.com\/pt\/#\/schema\/person\/a38eef5de2c41d9e7c9ac10141afddf3","name":"Reda\u00e7\u00e3o JO","image":{"@type":"ImageObject","inLanguage":"pt-PT","@id":"https:\/\/secure.gravatar.com\/avatar\/71f2fa71737ad68a84fea94bc708ddac8ea5b0c4788dc2ad202f3ccb2887742f?s=96&d=wp_user_avatar&r=g","url":"https:\/\/secure.gravatar.com\/avatar\/71f2fa71737ad68a84fea94bc708ddac8ea5b0c4788dc2ad202f3ccb2887742f?s=96&d=wp_user_avatar&r=g","contentUrl":"https:\/\/secure.gravatar.com\/avatar\/71f2fa71737ad68a84fea94bc708ddac8ea5b0c4788dc2ad202f3ccb2887742f?s=96&d=wp_user_avatar&r=g","caption":"Reda\u00e7\u00e3o JO"},"url":"https:\/\/jornaldasoficinas.com\/pt\/author\/joredacao\/"}]}},"_links":{"self":[{"href":"https:\/\/jornaldasoficinas.com\/pt\/wp-json\/wp\/v2\/posts\/33801","targetHints":{"allow":["GET"]}}],"collection":[{"href":"https:\/\/jornaldasoficinas.com\/pt\/wp-json\/wp\/v2\/posts"}],"about":[{"href":"https:\/\/jornaldasoficinas.com\/pt\/wp-json\/wp\/v2\/types\/post"}],"author":[{"embeddable":true,"href":"https:\/\/jornaldasoficinas.com\/pt\/wp-json\/wp\/v2\/users\/15"}],"replies":[{"embeddable":true,"href":"https:\/\/jornaldasoficinas.com\/pt\/wp-json\/wp\/v2\/comments?post=33801"}],"version-history":[{"count":0,"href":"https:\/\/jornaldasoficinas.com\/pt\/wp-json\/wp\/v2\/posts\/33801\/revisions"}],"wp:featuredmedia":[{"embeddable":true,"href":"https:\/\/jornaldasoficinas.com\/pt\/wp-json\/wp\/v2\/media\/33775"}],"wp:attachment":[{"href":"https:\/\/jornaldasoficinas.com\/pt\/wp-json\/wp\/v2\/media?parent=33801"}],"wp:term":[{"taxonomy":"category","embeddable":true,"href":"https:\/\/jornaldasoficinas.com\/pt\/wp-json\/wp\/v2\/categories?post=33801"},{"taxonomy":"post_tag","embeddable":true,"href":"https:\/\/jornaldasoficinas.com\/pt\/wp-json\/wp\/v2\/tags?post=33801"}],"curies":[{"name":"wp","href":"https:\/\/api.w.org\/{rel}","templated":true}]}}