{"id":33847,"date":"2022-10-20T10:00:36","date_gmt":"2022-10-20T09:00:36","guid":{"rendered":"https:\/\/jornaldasoficinas.com\/pt\/?p=33847"},"modified":"2022-10-20T10:08:53","modified_gmt":"2022-10-20T09:08:53","slug":"basf-da-as-boas-vindas-ao-novo-padrao-calculo-pegado-carbono","status":"publish","type":"post","link":"https:\/\/jornaldasoficinas.com\/pt\/basf-da-as-boas-vindas-ao-novo-padrao-calculo-pegado-carbono\/","title":{"rendered":"BASF d\u00e1 as boas-vindas ao novo padr\u00e3o c\u00e1lculo pegada carbono"},"content":{"rendered":"<p><img loading=\"lazy\" decoding=\"async\" class=\"size-full wp-image-33814\" src=\"https:\/\/jornaldasoficinas.com\/pt\/wp-content\/uploads\/2022\/10\/BASF-da\u0301-as-boas-vindas-ao-novo-padra\u0303o-ca\u0301lculo-pegado-carbono.jpeg\" alt=\"10 - BASF da\u0301 as boas vindas ao novo padra\u0303o ca\u0301lculo pegado carbono\" width=\"1024\" height=\"581\" srcset=\"https:\/\/jornaldasoficinas.com\/pt\/wp-content\/uploads\/2022\/10\/BASF-da\u0301-as-boas-vindas-ao-novo-padra\u0303o-ca\u0301lculo-pegado-carbono.jpeg 1024w, https:\/\/jornaldasoficinas.com\/pt\/wp-content\/uploads\/2022\/10\/BASF-da\u0301-as-boas-vindas-ao-novo-padra\u0303o-ca\u0301lculo-pegado-carbono-300x170.jpeg 300w, https:\/\/jornaldasoficinas.com\/pt\/wp-content\/uploads\/2022\/10\/BASF-da\u0301-as-boas-vindas-ao-novo-padra\u0303o-ca\u0301lculo-pegado-carbono-150x85.jpeg 150w, https:\/\/jornaldasoficinas.com\/pt\/wp-content\/uploads\/2022\/10\/BASF-da\u0301-as-boas-vindas-ao-novo-padra\u0303o-ca\u0301lculo-pegado-carbono-768x436.jpeg 768w\" sizes=\"auto, (max-width: 1024px) 100vw, 1024px\" \/><\/p>\n<p><strong>No \u00e2mbito da iniciativa conjunta &#8220;Together for Sustainability&#8221; (TfS), 37 empresas da ind\u00fastria qu\u00edmica, incluindo a <a href=\"https:\/\/automotive-transportation.basf.com\/global\/en\/automotive\/stories\/virtual-car-drives-mobility-industry-forward.html?at_medium=sl&amp;at_campaign=PM_BAW_GLOB_EN_emobility_TRA_Branded&amp;at_creation=Search_Google_AdWord_Branded&amp;at_platform=Google&amp;at_term=basf\" target=\"_blank\" rel=\"noopener\">BASF<\/a>, acordaram com um guia mundial para calcular a pegada de carbono dos seus produtos (PCF). A pegada de carbono dos produtos representa uma informa\u00e7\u00e3o importante para controlar as emiss\u00f5es na cadeia de valor<\/strong><\/p>\n<p>O novo guia TfS para a pegada de carbono dos produtos proporciona instru\u00e7\u00f5es espec\u00edficas para calcular as emiss\u00f5es dos produtos qu\u00edmicos. Tamb\u00e9m harmoniza as diferentes abordagens de c\u00e1lculo de PCF no sector e pode ser aplicado \u00e0 grande maioria dos produtos qu\u00edmicos. No futuro, permitir\u00e1 \u00e0s empresas que utilizam produtos qu\u00edmicos e ao mercado em geral comparar e avaliar diretamente o impacto clim\u00e1tico dos produtos.<\/p>\n<p>&#8220;Na BASF, estamos orgulhosos pela nossa contribui\u00e7\u00e3o para este guia atrav\u00e9s do trabalho pioneiro de c\u00e1lculo e metodologia de PCF realizado nos \u00faltimos anos&#8221;, explica Christoph J\u00e4kel, vice-presidente da Corporate Sustainability na BASF. &#8220;Este acordo setorial entre os principais fabricantes mundiais da ind\u00fastria qu\u00edmica e de processos, como membros do TfS, aproxima-nos do objetivo de alcan\u00e7ar uma comparabilidade irrestrita das pegadas de carbono dos produtos e, portanto, uma igualdade de condi\u00e7\u00f5es na ind\u00fastria qu\u00edmica&#8221;.<\/p>\n<p>Com o objetivo de promover a padroniza\u00e7\u00e3o, a BASF tem vindo a partilhar abertamente a sua metodologia de c\u00e1lculo de PCF com fornecedores, clientes e empresas afins.<\/p>\n<p>Esta metodologia est\u00e1 em conson\u00e2ncia com as normas ISO relevantes (ISO 14040, ISO 14044, ISO 14067) e o Protocolo de Gases de Efeito de Estufa, mas \u00e9 mais prescritiva e espec\u00edfica para a ind\u00fastria qu\u00edmica. Al\u00e9m disso, para permitir que o sector contabilize o carbono em escala e apoie a transpar\u00eancia de dados de PCF, a BASF disponibilizou ao mercado a sua solu\u00e7\u00e3o digital para o c\u00e1lculo da pegada de carbono dos produtos mediante a conce\u00e7\u00e3o de licen\u00e7as a empresas de software.<\/p>\n<p>&#8220;Este trabalho de base levou as coisas a outro n\u00edvel. Agora contamos com um guia ainda mais completo e abrangente para avaliar uniformemente a PCF dos produtos qu\u00edmicos que foi desenvolvido em conjunto e endossado oficialmente por um grande n\u00famero de empresas l\u00edderes na ind\u00fastria qu\u00edmica&#8221;, disse Peter Saling, diretor de M\u00e9todos de Sustentabilidade na BASF e presidente no desenvolvimento do guia TfS.<\/p>\n<p>Como parte do seu compromisso com a padroniza\u00e7\u00e3o metodol\u00f3gica, a BASF pretende continuar a contribuir para o sucesso da iniciativa TfS e alinhar\u00e1 totalmente a sua pr\u00f3pria metodologia de c\u00e1lculo de PCF ao padr\u00e3o da ind\u00fastria TfS. Ao mesmo tempo, a solu\u00e7\u00e3o digital pioneira da BASF para o c\u00e1lculo automatizado de PCF, introduzida no mercado atrav\u00e9s de um ecossistema de colabora\u00e7\u00f5es, integrar\u00e1 as regras de c\u00e1lculo do TfS.<\/p>\n<p>Together for Sustainability (TfS) \u00e9 uma iniciativa global conduzida por empresas qu\u00edmicas com o objetivo de avaliar, auditar e melhorar as pr\u00e1ticas de sustentabilidade nas suas cadeias de fornecimento globais. O programa baseia-se nos princ\u00edpios do Pacto Global das Na\u00e7\u00f5es Unidas e do Responsible Care\u00ae e tornou-se uma organiza\u00e7\u00e3o global com representa\u00e7\u00e3o regional na \u00c1sia, Am\u00e9rica do Norte e Am\u00e9rica do Sul.<\/p>\n","protected":false},"excerpt":{"rendered":"<p>No \u00e2mbito da iniciativa conjunta &#8220;Together&#8230;<\/p>\n","protected":false},"author":15,"featured_media":33814,"comment_status":"closed","ping_status":"closed","sticky":false,"template":"","format":"standard","meta":{"footnotes":""},"categories":[2],"tags":[247],"class_list":["post-33847","post","type-post","status-publish","format-standard","has-post-thumbnail","hentry","category-repintura","tag-basf"],"yoast_head":"<!-- This site is optimized with the Yoast SEO plugin v27.4 - https:\/\/yoast.com\/product\/yoast-seo-wordpress\/ -->\n<title>BASF d\u00e1 as boas-vindas ao novo padr\u00e3o c\u00e1lculo pegada carbono - Jornal das Oficinas<\/title>\n<meta name=\"robots\" content=\"index, follow, max-snippet:-1, max-image-preview:large, max-video-preview:-1\" \/>\n<link rel=\"canonical\" href=\"https:\/\/jornaldasoficinas.com\/pt\/basf-da-as-boas-vindas-ao-novo-padrao-calculo-pegado-carbono\/\" \/>\n<meta property=\"og:locale\" content=\"pt_PT\" \/>\n<meta property=\"og:type\" content=\"article\" \/>\n<meta property=\"og:title\" content=\"BASF d\u00e1 as boas-vindas ao novo padr\u00e3o c\u00e1lculo pegada carbono - Jornal das Oficinas\" \/>\n<meta property=\"og:description\" content=\"No \u00e2mbito da iniciativa conjunta &#8220;Together...\" \/>\n<meta property=\"og:url\" content=\"https:\/\/jornaldasoficinas.com\/pt\/basf-da-as-boas-vindas-ao-novo-padrao-calculo-pegado-carbono\/\" \/>\n<meta property=\"og:site_name\" content=\"Jornal das Oficinas\" \/>\n<meta property=\"article:publisher\" content=\"https:\/\/www.facebook.com\/jornaloficinas\" \/>\n<meta property=\"article:published_time\" content=\"2022-10-20T09:00:36+00:00\" \/>\n<meta property=\"article:modified_time\" content=\"2022-10-20T09:08:53+00:00\" \/>\n<meta property=\"og:image\" content=\"https:\/\/jornaldasoficinas.com\/pt\/wp-content\/uploads\/2022\/10\/BASF-da\u0301-as-boas-vindas-ao-novo-padra\u0303o-ca\u0301lculo-pegado-carbono.jpeg\" \/>\n\t<meta property=\"og:image:width\" content=\"1024\" \/>\n\t<meta property=\"og:image:height\" content=\"581\" \/>\n\t<meta property=\"og:image:type\" content=\"image\/jpeg\" \/>\n<meta name=\"author\" content=\"Reda\u00e7\u00e3o JO\" \/>\n<meta name=\"twitter:card\" content=\"summary_large_image\" \/>\n<meta name=\"twitter:creator\" content=\"@jornaloficinas\" \/>\n<meta name=\"twitter:site\" content=\"@jornaloficinas\" \/>\n<meta name=\"twitter:label1\" content=\"Escrito por\" \/>\n\t<meta name=\"twitter:data1\" content=\"Reda\u00e7\u00e3o JO\" \/>\n\t<meta name=\"twitter:label2\" content=\"Tempo estimado de leitura\" \/>\n\t<meta name=\"twitter:data2\" content=\"3 minutos\" \/>\n<script type=\"application\/ld+json\" class=\"yoast-schema-graph\">{\"@context\":\"https:\\\/\\\/schema.org\",\"@graph\":[{\"@type\":\"Article\",\"@id\":\"https:\\\/\\\/jornaldasoficinas.com\\\/pt\\\/basf-da-as-boas-vindas-ao-novo-padrao-calculo-pegado-carbono\\\/#article\",\"isPartOf\":{\"@id\":\"https:\\\/\\\/jornaldasoficinas.com\\\/pt\\\/basf-da-as-boas-vindas-ao-novo-padrao-calculo-pegado-carbono\\\/\"},\"author\":{\"name\":\"Reda\u00e7\u00e3o JO\",\"@id\":\"https:\\\/\\\/jornaldasoficinas.com\\\/pt\\\/#\\\/schema\\\/person\\\/a38eef5de2c41d9e7c9ac10141afddf3\"},\"headline\":\"BASF d\u00e1 as boas-vindas ao novo padr\u00e3o c\u00e1lculo pegada carbono\",\"datePublished\":\"2022-10-20T09:00:36+00:00\",\"dateModified\":\"2022-10-20T09:08:53+00:00\",\"mainEntityOfPage\":{\"@id\":\"https:\\\/\\\/jornaldasoficinas.com\\\/pt\\\/basf-da-as-boas-vindas-ao-novo-padrao-calculo-pegado-carbono\\\/\"},\"wordCount\":557,\"publisher\":{\"@id\":\"https:\\\/\\\/jornaldasoficinas.com\\\/pt\\\/#organization\"},\"image\":{\"@id\":\"https:\\\/\\\/jornaldasoficinas.com\\\/pt\\\/basf-da-as-boas-vindas-ao-novo-padrao-calculo-pegado-carbono\\\/#primaryimage\"},\"thumbnailUrl\":\"https:\\\/\\\/jornaldasoficinas.com\\\/pt\\\/wp-content\\\/uploads\\\/2022\\\/10\\\/BASF-da\u0301-as-boas-vindas-ao-novo-padra\u0303o-ca\u0301lculo-pegado-carbono.jpeg\",\"keywords\":[\"BASF\"],\"articleSection\":[\"Repintura\"],\"inLanguage\":\"pt-PT\"},{\"@type\":\"WebPage\",\"@id\":\"https:\\\/\\\/jornaldasoficinas.com\\\/pt\\\/basf-da-as-boas-vindas-ao-novo-padrao-calculo-pegado-carbono\\\/\",\"url\":\"https:\\\/\\\/jornaldasoficinas.com\\\/pt\\\/basf-da-as-boas-vindas-ao-novo-padrao-calculo-pegado-carbono\\\/\",\"name\":\"BASF d\u00e1 as boas-vindas ao novo padr\u00e3o c\u00e1lculo pegada carbono - Jornal das Oficinas\",\"isPartOf\":{\"@id\":\"https:\\\/\\\/jornaldasoficinas.com\\\/pt\\\/#website\"},\"primaryImageOfPage\":{\"@id\":\"https:\\\/\\\/jornaldasoficinas.com\\\/pt\\\/basf-da-as-boas-vindas-ao-novo-padrao-calculo-pegado-carbono\\\/#primaryimage\"},\"image\":{\"@id\":\"https:\\\/\\\/jornaldasoficinas.com\\\/pt\\\/basf-da-as-boas-vindas-ao-novo-padrao-calculo-pegado-carbono\\\/#primaryimage\"},\"thumbnailUrl\":\"https:\\\/\\\/jornaldasoficinas.com\\\/pt\\\/wp-content\\\/uploads\\\/2022\\\/10\\\/BASF-da\u0301-as-boas-vindas-ao-novo-padra\u0303o-ca\u0301lculo-pegado-carbono.jpeg\",\"datePublished\":\"2022-10-20T09:00:36+00:00\",\"dateModified\":\"2022-10-20T09:08:53+00:00\",\"breadcrumb\":{\"@id\":\"https:\\\/\\\/jornaldasoficinas.com\\\/pt\\\/basf-da-as-boas-vindas-ao-novo-padrao-calculo-pegado-carbono\\\/#breadcrumb\"},\"inLanguage\":\"pt-PT\",\"potentialAction\":[{\"@type\":\"ReadAction\",\"target\":[\"https:\\\/\\\/jornaldasoficinas.com\\\/pt\\\/basf-da-as-boas-vindas-ao-novo-padrao-calculo-pegado-carbono\\\/\"]}]},{\"@type\":\"ImageObject\",\"inLanguage\":\"pt-PT\",\"@id\":\"https:\\\/\\\/jornaldasoficinas.com\\\/pt\\\/basf-da-as-boas-vindas-ao-novo-padrao-calculo-pegado-carbono\\\/#primaryimage\",\"url\":\"https:\\\/\\\/jornaldasoficinas.com\\\/pt\\\/wp-content\\\/uploads\\\/2022\\\/10\\\/BASF-da\u0301-as-boas-vindas-ao-novo-padra\u0303o-ca\u0301lculo-pegado-carbono.jpeg\",\"contentUrl\":\"https:\\\/\\\/jornaldasoficinas.com\\\/pt\\\/wp-content\\\/uploads\\\/2022\\\/10\\\/BASF-da\u0301-as-boas-vindas-ao-novo-padra\u0303o-ca\u0301lculo-pegado-carbono.jpeg\",\"width\":1024,\"height\":581,\"caption\":\"Hand holding light bulb against nature on green leaf with icons energy sources for renewable, sustainable development. Ecology concept. Elements of this image furnished by NASA.\"},{\"@type\":\"BreadcrumbList\",\"@id\":\"https:\\\/\\\/jornaldasoficinas.com\\\/pt\\\/basf-da-as-boas-vindas-ao-novo-padrao-calculo-pegado-carbono\\\/#breadcrumb\",\"itemListElement\":[{\"@type\":\"ListItem\",\"position\":1,\"name\":\"In\u00edcio\",\"item\":\"https:\\\/\\\/jornaldasoficinas.com\\\/pt\\\/\"},{\"@type\":\"ListItem\",\"position\":2,\"name\":\"BASF d\u00e1 as boas-vindas ao novo padr\u00e3o c\u00e1lculo pegada carbono\"}]},{\"@type\":\"WebSite\",\"@id\":\"https:\\\/\\\/jornaldasoficinas.com\\\/pt\\\/#website\",\"url\":\"https:\\\/\\\/jornaldasoficinas.com\\\/pt\\\/\",\"name\":\"Jornal das Oficinas\",\"description\":\"Jornal independente do Aftermarket Autom\u00f3vel em Portugal\",\"publisher\":{\"@id\":\"https:\\\/\\\/jornaldasoficinas.com\\\/pt\\\/#organization\"},\"potentialAction\":[{\"@type\":\"SearchAction\",\"target\":{\"@type\":\"EntryPoint\",\"urlTemplate\":\"https:\\\/\\\/jornaldasoficinas.com\\\/pt\\\/?s={search_term_string}\"},\"query-input\":{\"@type\":\"PropertyValueSpecification\",\"valueRequired\":true,\"valueName\":\"search_term_string\"}}],\"inLanguage\":\"pt-PT\"},{\"@type\":\"Organization\",\"@id\":\"https:\\\/\\\/jornaldasoficinas.com\\\/pt\\\/#organization\",\"name\":\"Jornal das Oficinas\",\"url\":\"https:\\\/\\\/jornaldasoficinas.com\\\/pt\\\/\",\"logo\":{\"@type\":\"ImageObject\",\"inLanguage\":\"pt-PT\",\"@id\":\"https:\\\/\\\/jornaldasoficinas.com\\\/pt\\\/#\\\/schema\\\/logo\\\/image\\\/\",\"url\":\"https:\\\/\\\/jornaldasoficinas.com\\\/pt\\\/wp-content\\\/uploads\\\/logoJO-SEO.png\",\"contentUrl\":\"https:\\\/\\\/jornaldasoficinas.com\\\/pt\\\/wp-content\\\/uploads\\\/logoJO-SEO.png\",\"width\":285,\"height\":450,\"caption\":\"Jornal das Oficinas\"},\"image\":{\"@id\":\"https:\\\/\\\/jornaldasoficinas.com\\\/pt\\\/#\\\/schema\\\/logo\\\/image\\\/\"},\"sameAs\":[\"https:\\\/\\\/www.facebook.com\\\/jornaloficinas\",\"https:\\\/\\\/x.com\\\/jornaloficinas\",\"https:\\\/\\\/www.instagram.com\\\/jornal_oficinas\\\/\",\"https:\\\/\\\/www.linkedin.com\\\/company\\\/jornal-das-oficinas\\\/\",\"https:\\\/\\\/www.youtube.com\\\/channel\\\/UCbQZBqtcvV-oSQrr7RzINGg\"]},{\"@type\":\"Person\",\"@id\":\"https:\\\/\\\/jornaldasoficinas.com\\\/pt\\\/#\\\/schema\\\/person\\\/a38eef5de2c41d9e7c9ac10141afddf3\",\"name\":\"Reda\u00e7\u00e3o JO\",\"image\":{\"@type\":\"ImageObject\",\"inLanguage\":\"pt-PT\",\"@id\":\"https:\\\/\\\/secure.gravatar.com\\\/avatar\\\/71f2fa71737ad68a84fea94bc708ddac8ea5b0c4788dc2ad202f3ccb2887742f?s=96&d=wp_user_avatar&r=g\",\"url\":\"https:\\\/\\\/secure.gravatar.com\\\/avatar\\\/71f2fa71737ad68a84fea94bc708ddac8ea5b0c4788dc2ad202f3ccb2887742f?s=96&d=wp_user_avatar&r=g\",\"contentUrl\":\"https:\\\/\\\/secure.gravatar.com\\\/avatar\\\/71f2fa71737ad68a84fea94bc708ddac8ea5b0c4788dc2ad202f3ccb2887742f?s=96&d=wp_user_avatar&r=g\",\"caption\":\"Reda\u00e7\u00e3o JO\"},\"url\":\"https:\\\/\\\/jornaldasoficinas.com\\\/pt\\\/author\\\/joredacao\\\/\"}]}<\/script>\n<!-- \/ Yoast SEO plugin. -->","yoast_head_json":{"title":"BASF d\u00e1 as boas-vindas ao novo padr\u00e3o c\u00e1lculo pegada carbono - Jornal das Oficinas","robots":{"index":"index","follow":"follow","max-snippet":"max-snippet:-1","max-image-preview":"max-image-preview:large","max-video-preview":"max-video-preview:-1"},"canonical":"https:\/\/jornaldasoficinas.com\/pt\/basf-da-as-boas-vindas-ao-novo-padrao-calculo-pegado-carbono\/","og_locale":"pt_PT","og_type":"article","og_title":"BASF d\u00e1 as boas-vindas ao novo padr\u00e3o c\u00e1lculo pegada carbono - Jornal das Oficinas","og_description":"No \u00e2mbito da iniciativa conjunta &#8220;Together...","og_url":"https:\/\/jornaldasoficinas.com\/pt\/basf-da-as-boas-vindas-ao-novo-padrao-calculo-pegado-carbono\/","og_site_name":"Jornal das Oficinas","article_publisher":"https:\/\/www.facebook.com\/jornaloficinas","article_published_time":"2022-10-20T09:00:36+00:00","article_modified_time":"2022-10-20T09:08:53+00:00","og_image":[{"width":1024,"height":581,"url":"https:\/\/jornaldasoficinas.com\/pt\/wp-content\/uploads\/2022\/10\/BASF-da\u0301-as-boas-vindas-ao-novo-padra\u0303o-ca\u0301lculo-pegado-carbono.jpeg","type":"image\/jpeg"}],"author":"Reda\u00e7\u00e3o JO","twitter_card":"summary_large_image","twitter_creator":"@jornaloficinas","twitter_site":"@jornaloficinas","twitter_misc":{"Escrito por":"Reda\u00e7\u00e3o JO","Tempo estimado de leitura":"3 minutos"},"schema":{"@context":"https:\/\/schema.org","@graph":[{"@type":"Article","@id":"https:\/\/jornaldasoficinas.com\/pt\/basf-da-as-boas-vindas-ao-novo-padrao-calculo-pegado-carbono\/#article","isPartOf":{"@id":"https:\/\/jornaldasoficinas.com\/pt\/basf-da-as-boas-vindas-ao-novo-padrao-calculo-pegado-carbono\/"},"author":{"name":"Reda\u00e7\u00e3o JO","@id":"https:\/\/jornaldasoficinas.com\/pt\/#\/schema\/person\/a38eef5de2c41d9e7c9ac10141afddf3"},"headline":"BASF d\u00e1 as boas-vindas ao novo padr\u00e3o c\u00e1lculo pegada carbono","datePublished":"2022-10-20T09:00:36+00:00","dateModified":"2022-10-20T09:08:53+00:00","mainEntityOfPage":{"@id":"https:\/\/jornaldasoficinas.com\/pt\/basf-da-as-boas-vindas-ao-novo-padrao-calculo-pegado-carbono\/"},"wordCount":557,"publisher":{"@id":"https:\/\/jornaldasoficinas.com\/pt\/#organization"},"image":{"@id":"https:\/\/jornaldasoficinas.com\/pt\/basf-da-as-boas-vindas-ao-novo-padrao-calculo-pegado-carbono\/#primaryimage"},"thumbnailUrl":"https:\/\/jornaldasoficinas.com\/pt\/wp-content\/uploads\/2022\/10\/BASF-da\u0301-as-boas-vindas-ao-novo-padra\u0303o-ca\u0301lculo-pegado-carbono.jpeg","keywords":["BASF"],"articleSection":["Repintura"],"inLanguage":"pt-PT"},{"@type":"WebPage","@id":"https:\/\/jornaldasoficinas.com\/pt\/basf-da-as-boas-vindas-ao-novo-padrao-calculo-pegado-carbono\/","url":"https:\/\/jornaldasoficinas.com\/pt\/basf-da-as-boas-vindas-ao-novo-padrao-calculo-pegado-carbono\/","name":"BASF d\u00e1 as boas-vindas ao novo padr\u00e3o c\u00e1lculo pegada carbono - Jornal das Oficinas","isPartOf":{"@id":"https:\/\/jornaldasoficinas.com\/pt\/#website"},"primaryImageOfPage":{"@id":"https:\/\/jornaldasoficinas.com\/pt\/basf-da-as-boas-vindas-ao-novo-padrao-calculo-pegado-carbono\/#primaryimage"},"image":{"@id":"https:\/\/jornaldasoficinas.com\/pt\/basf-da-as-boas-vindas-ao-novo-padrao-calculo-pegado-carbono\/#primaryimage"},"thumbnailUrl":"https:\/\/jornaldasoficinas.com\/pt\/wp-content\/uploads\/2022\/10\/BASF-da\u0301-as-boas-vindas-ao-novo-padra\u0303o-ca\u0301lculo-pegado-carbono.jpeg","datePublished":"2022-10-20T09:00:36+00:00","dateModified":"2022-10-20T09:08:53+00:00","breadcrumb":{"@id":"https:\/\/jornaldasoficinas.com\/pt\/basf-da-as-boas-vindas-ao-novo-padrao-calculo-pegado-carbono\/#breadcrumb"},"inLanguage":"pt-PT","potentialAction":[{"@type":"ReadAction","target":["https:\/\/jornaldasoficinas.com\/pt\/basf-da-as-boas-vindas-ao-novo-padrao-calculo-pegado-carbono\/"]}]},{"@type":"ImageObject","inLanguage":"pt-PT","@id":"https:\/\/jornaldasoficinas.com\/pt\/basf-da-as-boas-vindas-ao-novo-padrao-calculo-pegado-carbono\/#primaryimage","url":"https:\/\/jornaldasoficinas.com\/pt\/wp-content\/uploads\/2022\/10\/BASF-da\u0301-as-boas-vindas-ao-novo-padra\u0303o-ca\u0301lculo-pegado-carbono.jpeg","contentUrl":"https:\/\/jornaldasoficinas.com\/pt\/wp-content\/uploads\/2022\/10\/BASF-da\u0301-as-boas-vindas-ao-novo-padra\u0303o-ca\u0301lculo-pegado-carbono.jpeg","width":1024,"height":581,"caption":"Hand holding light bulb against nature on green leaf with icons energy sources for renewable, sustainable development. Ecology concept. Elements of this image furnished by NASA."},{"@type":"BreadcrumbList","@id":"https:\/\/jornaldasoficinas.com\/pt\/basf-da-as-boas-vindas-ao-novo-padrao-calculo-pegado-carbono\/#breadcrumb","itemListElement":[{"@type":"ListItem","position":1,"name":"In\u00edcio","item":"https:\/\/jornaldasoficinas.com\/pt\/"},{"@type":"ListItem","position":2,"name":"BASF d\u00e1 as boas-vindas ao novo padr\u00e3o c\u00e1lculo pegada carbono"}]},{"@type":"WebSite","@id":"https:\/\/jornaldasoficinas.com\/pt\/#website","url":"https:\/\/jornaldasoficinas.com\/pt\/","name":"Jornal das Oficinas","description":"Jornal independente do Aftermarket Autom\u00f3vel em Portugal","publisher":{"@id":"https:\/\/jornaldasoficinas.com\/pt\/#organization"},"potentialAction":[{"@type":"SearchAction","target":{"@type":"EntryPoint","urlTemplate":"https:\/\/jornaldasoficinas.com\/pt\/?s={search_term_string}"},"query-input":{"@type":"PropertyValueSpecification","valueRequired":true,"valueName":"search_term_string"}}],"inLanguage":"pt-PT"},{"@type":"Organization","@id":"https:\/\/jornaldasoficinas.com\/pt\/#organization","name":"Jornal das Oficinas","url":"https:\/\/jornaldasoficinas.com\/pt\/","logo":{"@type":"ImageObject","inLanguage":"pt-PT","@id":"https:\/\/jornaldasoficinas.com\/pt\/#\/schema\/logo\/image\/","url":"https:\/\/jornaldasoficinas.com\/pt\/wp-content\/uploads\/logoJO-SEO.png","contentUrl":"https:\/\/jornaldasoficinas.com\/pt\/wp-content\/uploads\/logoJO-SEO.png","width":285,"height":450,"caption":"Jornal das Oficinas"},"image":{"@id":"https:\/\/jornaldasoficinas.com\/pt\/#\/schema\/logo\/image\/"},"sameAs":["https:\/\/www.facebook.com\/jornaloficinas","https:\/\/x.com\/jornaloficinas","https:\/\/www.instagram.com\/jornal_oficinas\/","https:\/\/www.linkedin.com\/company\/jornal-das-oficinas\/","https:\/\/www.youtube.com\/channel\/UCbQZBqtcvV-oSQrr7RzINGg"]},{"@type":"Person","@id":"https:\/\/jornaldasoficinas.com\/pt\/#\/schema\/person\/a38eef5de2c41d9e7c9ac10141afddf3","name":"Reda\u00e7\u00e3o JO","image":{"@type":"ImageObject","inLanguage":"pt-PT","@id":"https:\/\/secure.gravatar.com\/avatar\/71f2fa71737ad68a84fea94bc708ddac8ea5b0c4788dc2ad202f3ccb2887742f?s=96&d=wp_user_avatar&r=g","url":"https:\/\/secure.gravatar.com\/avatar\/71f2fa71737ad68a84fea94bc708ddac8ea5b0c4788dc2ad202f3ccb2887742f?s=96&d=wp_user_avatar&r=g","contentUrl":"https:\/\/secure.gravatar.com\/avatar\/71f2fa71737ad68a84fea94bc708ddac8ea5b0c4788dc2ad202f3ccb2887742f?s=96&d=wp_user_avatar&r=g","caption":"Reda\u00e7\u00e3o JO"},"url":"https:\/\/jornaldasoficinas.com\/pt\/author\/joredacao\/"}]}},"_links":{"self":[{"href":"https:\/\/jornaldasoficinas.com\/pt\/wp-json\/wp\/v2\/posts\/33847","targetHints":{"allow":["GET"]}}],"collection":[{"href":"https:\/\/jornaldasoficinas.com\/pt\/wp-json\/wp\/v2\/posts"}],"about":[{"href":"https:\/\/jornaldasoficinas.com\/pt\/wp-json\/wp\/v2\/types\/post"}],"author":[{"embeddable":true,"href":"https:\/\/jornaldasoficinas.com\/pt\/wp-json\/wp\/v2\/users\/15"}],"replies":[{"embeddable":true,"href":"https:\/\/jornaldasoficinas.com\/pt\/wp-json\/wp\/v2\/comments?post=33847"}],"version-history":[{"count":0,"href":"https:\/\/jornaldasoficinas.com\/pt\/wp-json\/wp\/v2\/posts\/33847\/revisions"}],"wp:featuredmedia":[{"embeddable":true,"href":"https:\/\/jornaldasoficinas.com\/pt\/wp-json\/wp\/v2\/media\/33814"}],"wp:attachment":[{"href":"https:\/\/jornaldasoficinas.com\/pt\/wp-json\/wp\/v2\/media?parent=33847"}],"wp:term":[{"taxonomy":"category","embeddable":true,"href":"https:\/\/jornaldasoficinas.com\/pt\/wp-json\/wp\/v2\/categories?post=33847"},{"taxonomy":"post_tag","embeddable":true,"href":"https:\/\/jornaldasoficinas.com\/pt\/wp-json\/wp\/v2\/tags?post=33847"}],"curies":[{"name":"wp","href":"https:\/\/api.w.org\/{rel}","templated":true}]}}