{"id":33850,"date":"2022-10-20T12:00:00","date_gmt":"2022-10-20T11:00:00","guid":{"rendered":"https:\/\/jornaldasoficinas.com\/pt\/?p=33850"},"modified":"2022-10-19T11:08:34","modified_gmt":"2022-10-19T10:08:34","slug":"marelli-mostra-tecnologias-avancadas-na-izb","status":"publish","type":"post","link":"https:\/\/jornaldasoficinas.com\/pt\/marelli-mostra-tecnologias-avancadas-na-izb\/","title":{"rendered":"Marelli mostra tecnologias avan\u00e7adas na IZB"},"content":{"rendered":"<p><img loading=\"lazy\" decoding=\"async\" class=\"alignnone size-full wp-image-33820\" src=\"https:\/\/jornaldasoficinas.com\/pt\/wp-content\/uploads\/2022\/10\/Marelli-mostra-tecnologias-avanc\u0327adas-na-IZB.jpg\" alt=\"10 - Marelli mostra tecnologias avanc\u0327adas na IZB\" width=\"1024\" height=\"581\" srcset=\"https:\/\/jornaldasoficinas.com\/pt\/wp-content\/uploads\/2022\/10\/Marelli-mostra-tecnologias-avanc\u0327adas-na-IZB.jpg 1024w, https:\/\/jornaldasoficinas.com\/pt\/wp-content\/uploads\/2022\/10\/Marelli-mostra-tecnologias-avanc\u0327adas-na-IZB-300x170.jpg 300w, https:\/\/jornaldasoficinas.com\/pt\/wp-content\/uploads\/2022\/10\/Marelli-mostra-tecnologias-avanc\u0327adas-na-IZB-150x85.jpg 150w, https:\/\/jornaldasoficinas.com\/pt\/wp-content\/uploads\/2022\/10\/Marelli-mostra-tecnologias-avanc\u0327adas-na-IZB-768x436.jpg 768w\" sizes=\"auto, (max-width: 1024px) 100vw, 1024px\" \/><\/p>\n<p><strong><a href=\"https:\/\/www.marelli.com\/\" target=\"_blank\" rel=\"noopener\">Marelli<\/a> apresentou as suas \u00faltimas inova\u00e7\u00f5es em \u00e1reas tecnol\u00f3gicas chave na Feira Internacional de Fornecedores IZB (Internationale Zuliefererb\u00f6rse), 11-13 de Outubro de 2022 na zona de Allerpark em Wolfsburg, Alemanha<\/strong><\/p>\n<p>O stand da empresa &#8211; localizado no Pavilh\u00e3o 1, Stand 1224 &#8211; mostrou uma selec\u00e7\u00e3o das suas tecnologias de ponta destinadas a ajudar os seus clientes e parceiros a moldar a evolu\u00e7\u00e3o da mobilidade, seguindo o tema &#8220;Conduzir o que se segue&#8221;.<\/p>\n<p>Tendo-se estabelecido como a principal feira europeia para a ind\u00fastria autom\u00f3vel fornecedora, a IZB apresenta as \u00faltimas tend\u00eancias da ind\u00fastria, representando toda a cadeia de valor autom\u00f3vel.<\/p>\n<p><strong>Inova\u00e7\u00e3o na electrifica\u00e7\u00e3o e mais al\u00e9m, com o fluxo de tecnologia do desporto autom\u00f3vel<br \/>\n<\/strong>Entre as solu\u00e7\u00f5es que a Marelli apresentou, um primeiro foco de aten\u00e7\u00e3o tem sido a tecnologia que permite a gest\u00e3o total da energia do ve\u00edculo, atrav\u00e9s de uma oferta completa, modular e escal\u00e1vel para controlar, gerir e optimizar o balan\u00e7o energ\u00e9tico em ve\u00edculos el\u00e9ctricos. A empresa apresentou o seu sistema de eixo electr\u00f3nico, que integra motores el\u00e9ctricos, inversor com software e caixa de velocidades, e a sua gama de solu\u00e7\u00f5es de inversores de carboneto de sil\u00edcio (SiC) de alto desempenho para a electr\u00f3nica de pot\u00eancia, que asseguram uma maior efici\u00eancia com tamanho e peso reduzidos para aumentar a autonomia de condu\u00e7\u00e3o.<\/p>\n<p>Estas solu\u00e7\u00f5es derivam da vasta experi\u00eancia da Marelli Motorsport na r\u00e1pida introdu\u00e7\u00e3o de tecnologias inovadoras, tais como carboneto de sil\u00edcio e nitreto de g\u00e1lio (GaN), o que \u00e9 fundamental para permitir um fluxo tecnol\u00f3gico das corridas para aplica\u00e7\u00f5es de produ\u00e7\u00e3o em s\u00e9rie. Do lado dos desportos motorizados, o stand de Marelli no IZB mostrou tecnologias SiC e GaN para maximizar a densidade de pot\u00eancia e efici\u00eancia, que podem assegurar solu\u00e7\u00f5es significativamente mais compactas, sem afectar o desempenho &#8211; um equil\u00edbrio que \u00e9 de extrema import\u00e2ncia em ve\u00edculos de corrida e n\u00e3o s\u00f3.<\/p>\n<p><strong>Simplifica\u00e7\u00e3o e aumento do desempenho para os ve\u00edculos do futuro<br \/>\n<\/strong>Em resposta \u00e0 evolu\u00e7\u00e3o das arquitecturas de ve\u00edculos, Marelli tamb\u00e9m demonstrou o seu controlador multi-dom\u00ednio\/zona para a propuls\u00e3o e gest\u00e3o de ve\u00edculos, incluindo h\u00edbridos e el\u00e9ctricos. Isto re\u00fane a simplifica\u00e7\u00e3o alcan\u00e7ada atrav\u00e9s da utiliza\u00e7\u00e3o de controladores de m\u00faltiplos dom\u00ednios (em vez de m\u00faltiplos ECUs), e uma abordagem revolucion\u00e1ria orientada para zonas, combinando controladores de dom\u00ednio para din\u00e2mica, transmiss\u00e3o e controlo de propuls\u00e3o, gest\u00e3o de coordena\u00e7\u00e3o de bin\u00e1rio, gest\u00e3o de energia, gest\u00e3o t\u00e9rmica, diagn\u00f3stico e seguran\u00e7a num \u00fanico m\u00f3dulo. Especificamente, nos HEVs e EVs, o sistema faz interface com o inversor para gerir os motores el\u00e9ctricos, melhorando a efici\u00eancia e o desempenho dos sistemas de transmiss\u00e3o de energia el\u00e9ctrica.<\/p>\n<p><strong>A est\u00e9tica encontra a funcionalidade na electr\u00f3nica de \u00faltima gera\u00e7\u00e3o, interiores e ilumina\u00e7\u00e3o<br \/>\n<\/strong>Marelli introduziu solu\u00e7\u00f5es avan\u00e7adas para a electr\u00f3nica, incluindo o seu ecr\u00e3 Horizon Head Up. Com base no LCD de segmento\/matriz ou Full RGB TFT, esta tecnologia projecta informa\u00e7\u00e3o de navega\u00e7\u00e3o, luzes de aviso e indicadores perto da borda inferior do p\u00e1ra-brisas, permitindo o f\u00e1cil reconhecimento de objectos no ponto cego do condutor. Assegura uma boa visibilidade atrav\u00e9s de imagens de alto contraste, com uma apar\u00eancia distinta e um custo competitivo.<\/p>\n<p>Para satisfazer as necessidades de personaliza\u00e7\u00e3o dos ve\u00edculos OEM, Marelli introduziu ecr\u00e3s perfeitamente integrados que permitem criar formas personalizadas atrav\u00e9s da combina\u00e7\u00e3o de dois ou mais m\u00f3dulos TFT padr\u00e3o, proporcionando um amplo efeito de visualiza\u00e7\u00e3o em todos os modos de funcionamento, excelente desempenho \u00f3ptico e poupan\u00e7a de energia at\u00e9 60% em compara\u00e7\u00e3o com as solu\u00e7\u00f5es tradicionais. O sistema mostrado no IZB \u00e9 alimentado por uma Unidade de Controlo do Dom\u00ednio do Cockpit integrada, que consolida as Unidades de Controlo Electr\u00f3nico num \u00fanico Controlador, para um maior desempenho, optimiza\u00e7\u00e3o de custos e uma experi\u00eancia unificada.<\/p>\n<p>As tecnologias de cabina inteligente de Marelli combinam op\u00e7\u00f5es de design de interiores, experi\u00eancia inovadora do utilizador e solu\u00e7\u00f5es electr\u00f3nicas de \u00faltima gera\u00e7\u00e3o. Marelli introduziu o seu painel t\u00e1ctil &#8211; baseado no feedback de vibra\u00e7\u00f5es em vez de bot\u00f5es f\u00edsicos &#8211; e uma extensa colec\u00e7\u00e3o de materiais decorativos, que podem ser integrados para desenvolver uma variedade de solu\u00e7\u00f5es decorativas, informativas e interactivas.<\/p>\n<p>Combinando design e funcionalidade est\u00e3o as solu\u00e7\u00f5es de Marelli para ilumina\u00e7\u00e3o autom\u00f3vel e tecnologias de detec\u00e7\u00e3o, tais como pain\u00e9is frontais iluminados, que se espera que se tornem uma tend\u00eancia crescente no futuro. O sistema permite funcionalidades de seguran\u00e7a, comunica\u00e7\u00e3o e marca num \u00fanico painel, integrando sistemas de ilumina\u00e7\u00e3o, sensores para sistemas avan\u00e7ados de assist\u00eancia ao condutor e condu\u00e7\u00e3o aut\u00f3noma. Os pain\u00e9is inteligentes t\u00eam a capacidade de exibir ou projectar mensagens e elementos de ilumina\u00e7\u00e3o personalizados, com diversifica\u00e7\u00e3o de anima\u00e7\u00e3o por software. A empresa tamb\u00e9m mostrou a integra\u00e7\u00e3o de radar e LiDAR em far\u00f3is, oferecendo uma combina\u00e7\u00e3o elegante de superf\u00edcies iluminadas e fun\u00e7\u00f5es de detec\u00e7\u00e3o, assegurando benef\u00edcios para os clientes em termos de processo, seguran\u00e7a e design.<\/p>\n<p>Outras tecnologias apresentadas pela empresa incluem solu\u00e7\u00f5es de redu\u00e7\u00e3o de emiss\u00f5es que integram as compet\u00eancias de p\u00f3s-tratamento e de powertrain. Neste campo, Marelli mostrou a solu\u00e7\u00e3o inovadora do Sistema de Queimador de Gasolina para aquecimento r\u00e1pido de catalisadores. Outras solu\u00e7\u00f5es neste campo incluem a v\u00e1lvula compacta de Recircula\u00e7\u00e3o de G\u00e1s de Escape (EGR) com controlo avan\u00e7ado do motor CC, bem como o Sistema de Recupera\u00e7\u00e3o de Energia T\u00e9rmica de alto desempenho e peso leve com o seu pr\u00f3prio desenho inteligente.<\/p>\n<p>Finalmente, o stand Marelli no IZB mostrou algumas das tecnologias de suspens\u00e3o mais avan\u00e7adas da empresa, tais como o suporte do eixo traseiro do motor el\u00e9ctrico de tubo hidroformado desenvolvido para um OEM alem\u00e3o premium, que representa a primeira aplica\u00e7\u00e3o t\u00e9cnica das suspens\u00f5es Marelli no mercado de ve\u00edculos totalmente el\u00e9ctricos. Gra\u00e7as a um processo de produ\u00e7\u00e3o espec\u00edfico e a uma concep\u00e7\u00e3o cuidadosa, com rigidez da estrutura optimizada, a solu\u00e7\u00e3o garante v\u00e1rios benef\u00edcios, incluindo um melhor manuseamento do ve\u00edculo e um elevado amortecimento ac\u00fastico e de vibra\u00e7\u00f5es.<\/p>\n","protected":false},"excerpt":{"rendered":"<p>Marelli apresentou as suas \u00faltimas inova\u00e7\u00f5es&#8230;<\/p>\n","protected":false},"author":15,"featured_media":33820,"comment_status":"closed","ping_status":"closed","sticky":false,"template":"","format":"standard","meta":{"footnotes":""},"categories":[29],"tags":[2618],"class_list":["post-33850","post","type-post","status-publish","format-standard","has-post-thumbnail","hentry","category-empresas","tag-marelli"],"yoast_head":"<!-- This site is optimized with the Yoast SEO plugin v27.4 - https:\/\/yoast.com\/product\/yoast-seo-wordpress\/ -->\n<title>Marelli mostra tecnologias avan\u00e7adas na IZB - Jornal das Oficinas<\/title>\n<meta name=\"robots\" content=\"index, follow, max-snippet:-1, max-image-preview:large, max-video-preview:-1\" \/>\n<link rel=\"canonical\" href=\"https:\/\/jornaldasoficinas.com\/pt\/marelli-mostra-tecnologias-avancadas-na-izb\/\" \/>\n<meta property=\"og:locale\" content=\"pt_PT\" \/>\n<meta property=\"og:type\" content=\"article\" \/>\n<meta property=\"og:title\" content=\"Marelli mostra tecnologias avan\u00e7adas na IZB - Jornal das Oficinas\" \/>\n<meta property=\"og:description\" content=\"Marelli apresentou as suas \u00faltimas inova\u00e7\u00f5es...\" \/>\n<meta property=\"og:url\" content=\"https:\/\/jornaldasoficinas.com\/pt\/marelli-mostra-tecnologias-avancadas-na-izb\/\" \/>\n<meta property=\"og:site_name\" content=\"Jornal das Oficinas\" \/>\n<meta property=\"article:publisher\" content=\"https:\/\/www.facebook.com\/jornaloficinas\" \/>\n<meta property=\"article:published_time\" content=\"2022-10-20T11:00:00+00:00\" \/>\n<meta property=\"og:image\" content=\"https:\/\/jornaldasoficinas.com\/pt\/wp-content\/uploads\/2022\/10\/Marelli-mostra-tecnologias-avanc\u0327adas-na-IZB.jpg\" \/>\n\t<meta property=\"og:image:width\" content=\"1024\" \/>\n\t<meta property=\"og:image:height\" content=\"581\" \/>\n\t<meta property=\"og:image:type\" content=\"image\/jpeg\" \/>\n<meta name=\"author\" content=\"Reda\u00e7\u00e3o JO\" \/>\n<meta name=\"twitter:card\" content=\"summary_large_image\" \/>\n<meta name=\"twitter:creator\" content=\"@jornaloficinas\" \/>\n<meta name=\"twitter:site\" content=\"@jornaloficinas\" \/>\n<meta name=\"twitter:label1\" content=\"Escrito por\" \/>\n\t<meta name=\"twitter:data1\" content=\"Reda\u00e7\u00e3o JO\" \/>\n\t<meta name=\"twitter:label2\" content=\"Tempo estimado de leitura\" \/>\n\t<meta name=\"twitter:data2\" content=\"6 minutos\" \/>\n<script type=\"application\/ld+json\" class=\"yoast-schema-graph\">{\"@context\":\"https:\\\/\\\/schema.org\",\"@graph\":[{\"@type\":\"Article\",\"@id\":\"https:\\\/\\\/jornaldasoficinas.com\\\/pt\\\/marelli-mostra-tecnologias-avancadas-na-izb\\\/#article\",\"isPartOf\":{\"@id\":\"https:\\\/\\\/jornaldasoficinas.com\\\/pt\\\/marelli-mostra-tecnologias-avancadas-na-izb\\\/\"},\"author\":{\"name\":\"Reda\u00e7\u00e3o JO\",\"@id\":\"https:\\\/\\\/jornaldasoficinas.com\\\/pt\\\/#\\\/schema\\\/person\\\/a38eef5de2c41d9e7c9ac10141afddf3\"},\"headline\":\"Marelli mostra tecnologias avan\u00e7adas na IZB\",\"datePublished\":\"2022-10-20T11:00:00+00:00\",\"mainEntityOfPage\":{\"@id\":\"https:\\\/\\\/jornaldasoficinas.com\\\/pt\\\/marelli-mostra-tecnologias-avancadas-na-izb\\\/\"},\"wordCount\":1134,\"publisher\":{\"@id\":\"https:\\\/\\\/jornaldasoficinas.com\\\/pt\\\/#organization\"},\"image\":{\"@id\":\"https:\\\/\\\/jornaldasoficinas.com\\\/pt\\\/marelli-mostra-tecnologias-avancadas-na-izb\\\/#primaryimage\"},\"thumbnailUrl\":\"https:\\\/\\\/jornaldasoficinas.com\\\/pt\\\/wp-content\\\/uploads\\\/2022\\\/10\\\/Marelli-mostra-tecnologias-avanc\u0327adas-na-IZB.jpg\",\"keywords\":[\"Marelli\"],\"articleSection\":[\"Empresas\"],\"inLanguage\":\"pt-PT\"},{\"@type\":\"WebPage\",\"@id\":\"https:\\\/\\\/jornaldasoficinas.com\\\/pt\\\/marelli-mostra-tecnologias-avancadas-na-izb\\\/\",\"url\":\"https:\\\/\\\/jornaldasoficinas.com\\\/pt\\\/marelli-mostra-tecnologias-avancadas-na-izb\\\/\",\"name\":\"Marelli mostra tecnologias avan\u00e7adas na IZB - Jornal das Oficinas\",\"isPartOf\":{\"@id\":\"https:\\\/\\\/jornaldasoficinas.com\\\/pt\\\/#website\"},\"primaryImageOfPage\":{\"@id\":\"https:\\\/\\\/jornaldasoficinas.com\\\/pt\\\/marelli-mostra-tecnologias-avancadas-na-izb\\\/#primaryimage\"},\"image\":{\"@id\":\"https:\\\/\\\/jornaldasoficinas.com\\\/pt\\\/marelli-mostra-tecnologias-avancadas-na-izb\\\/#primaryimage\"},\"thumbnailUrl\":\"https:\\\/\\\/jornaldasoficinas.com\\\/pt\\\/wp-content\\\/uploads\\\/2022\\\/10\\\/Marelli-mostra-tecnologias-avanc\u0327adas-na-IZB.jpg\",\"datePublished\":\"2022-10-20T11:00:00+00:00\",\"breadcrumb\":{\"@id\":\"https:\\\/\\\/jornaldasoficinas.com\\\/pt\\\/marelli-mostra-tecnologias-avancadas-na-izb\\\/#breadcrumb\"},\"inLanguage\":\"pt-PT\",\"potentialAction\":[{\"@type\":\"ReadAction\",\"target\":[\"https:\\\/\\\/jornaldasoficinas.com\\\/pt\\\/marelli-mostra-tecnologias-avancadas-na-izb\\\/\"]}]},{\"@type\":\"ImageObject\",\"inLanguage\":\"pt-PT\",\"@id\":\"https:\\\/\\\/jornaldasoficinas.com\\\/pt\\\/marelli-mostra-tecnologias-avancadas-na-izb\\\/#primaryimage\",\"url\":\"https:\\\/\\\/jornaldasoficinas.com\\\/pt\\\/wp-content\\\/uploads\\\/2022\\\/10\\\/Marelli-mostra-tecnologias-avanc\u0327adas-na-IZB.jpg\",\"contentUrl\":\"https:\\\/\\\/jornaldasoficinas.com\\\/pt\\\/wp-content\\\/uploads\\\/2022\\\/10\\\/Marelli-mostra-tecnologias-avanc\u0327adas-na-IZB.jpg\",\"width\":1024,\"height\":581,\"caption\":\"10 - Marelli mostra tecnologias avanc\u0327adas na IZB\"},{\"@type\":\"BreadcrumbList\",\"@id\":\"https:\\\/\\\/jornaldasoficinas.com\\\/pt\\\/marelli-mostra-tecnologias-avancadas-na-izb\\\/#breadcrumb\",\"itemListElement\":[{\"@type\":\"ListItem\",\"position\":1,\"name\":\"In\u00edcio\",\"item\":\"https:\\\/\\\/jornaldasoficinas.com\\\/pt\\\/\"},{\"@type\":\"ListItem\",\"position\":2,\"name\":\"Marelli mostra tecnologias avan\u00e7adas na IZB\"}]},{\"@type\":\"WebSite\",\"@id\":\"https:\\\/\\\/jornaldasoficinas.com\\\/pt\\\/#website\",\"url\":\"https:\\\/\\\/jornaldasoficinas.com\\\/pt\\\/\",\"name\":\"Jornal das Oficinas\",\"description\":\"Jornal independente do Aftermarket Autom\u00f3vel em Portugal\",\"publisher\":{\"@id\":\"https:\\\/\\\/jornaldasoficinas.com\\\/pt\\\/#organization\"},\"potentialAction\":[{\"@type\":\"SearchAction\",\"target\":{\"@type\":\"EntryPoint\",\"urlTemplate\":\"https:\\\/\\\/jornaldasoficinas.com\\\/pt\\\/?s={search_term_string}\"},\"query-input\":{\"@type\":\"PropertyValueSpecification\",\"valueRequired\":true,\"valueName\":\"search_term_string\"}}],\"inLanguage\":\"pt-PT\"},{\"@type\":\"Organization\",\"@id\":\"https:\\\/\\\/jornaldasoficinas.com\\\/pt\\\/#organization\",\"name\":\"Jornal das Oficinas\",\"url\":\"https:\\\/\\\/jornaldasoficinas.com\\\/pt\\\/\",\"logo\":{\"@type\":\"ImageObject\",\"inLanguage\":\"pt-PT\",\"@id\":\"https:\\\/\\\/jornaldasoficinas.com\\\/pt\\\/#\\\/schema\\\/logo\\\/image\\\/\",\"url\":\"https:\\\/\\\/jornaldasoficinas.com\\\/pt\\\/wp-content\\\/uploads\\\/logoJO-SEO.png\",\"contentUrl\":\"https:\\\/\\\/jornaldasoficinas.com\\\/pt\\\/wp-content\\\/uploads\\\/logoJO-SEO.png\",\"width\":285,\"height\":450,\"caption\":\"Jornal das Oficinas\"},\"image\":{\"@id\":\"https:\\\/\\\/jornaldasoficinas.com\\\/pt\\\/#\\\/schema\\\/logo\\\/image\\\/\"},\"sameAs\":[\"https:\\\/\\\/www.facebook.com\\\/jornaloficinas\",\"https:\\\/\\\/x.com\\\/jornaloficinas\",\"https:\\\/\\\/www.instagram.com\\\/jornal_oficinas\\\/\",\"https:\\\/\\\/www.linkedin.com\\\/company\\\/jornal-das-oficinas\\\/\",\"https:\\\/\\\/www.youtube.com\\\/channel\\\/UCbQZBqtcvV-oSQrr7RzINGg\"]},{\"@type\":\"Person\",\"@id\":\"https:\\\/\\\/jornaldasoficinas.com\\\/pt\\\/#\\\/schema\\\/person\\\/a38eef5de2c41d9e7c9ac10141afddf3\",\"name\":\"Reda\u00e7\u00e3o JO\",\"image\":{\"@type\":\"ImageObject\",\"inLanguage\":\"pt-PT\",\"@id\":\"https:\\\/\\\/secure.gravatar.com\\\/avatar\\\/71f2fa71737ad68a84fea94bc708ddac8ea5b0c4788dc2ad202f3ccb2887742f?s=96&d=wp_user_avatar&r=g\",\"url\":\"https:\\\/\\\/secure.gravatar.com\\\/avatar\\\/71f2fa71737ad68a84fea94bc708ddac8ea5b0c4788dc2ad202f3ccb2887742f?s=96&d=wp_user_avatar&r=g\",\"contentUrl\":\"https:\\\/\\\/secure.gravatar.com\\\/avatar\\\/71f2fa71737ad68a84fea94bc708ddac8ea5b0c4788dc2ad202f3ccb2887742f?s=96&d=wp_user_avatar&r=g\",\"caption\":\"Reda\u00e7\u00e3o JO\"},\"url\":\"https:\\\/\\\/jornaldasoficinas.com\\\/pt\\\/author\\\/joredacao\\\/\"}]}<\/script>\n<!-- \/ Yoast SEO plugin. -->","yoast_head_json":{"title":"Marelli mostra tecnologias avan\u00e7adas na IZB - Jornal das Oficinas","robots":{"index":"index","follow":"follow","max-snippet":"max-snippet:-1","max-image-preview":"max-image-preview:large","max-video-preview":"max-video-preview:-1"},"canonical":"https:\/\/jornaldasoficinas.com\/pt\/marelli-mostra-tecnologias-avancadas-na-izb\/","og_locale":"pt_PT","og_type":"article","og_title":"Marelli mostra tecnologias avan\u00e7adas na IZB - Jornal das Oficinas","og_description":"Marelli apresentou as suas \u00faltimas inova\u00e7\u00f5es...","og_url":"https:\/\/jornaldasoficinas.com\/pt\/marelli-mostra-tecnologias-avancadas-na-izb\/","og_site_name":"Jornal das Oficinas","article_publisher":"https:\/\/www.facebook.com\/jornaloficinas","article_published_time":"2022-10-20T11:00:00+00:00","og_image":[{"width":1024,"height":581,"url":"https:\/\/jornaldasoficinas.com\/pt\/wp-content\/uploads\/2022\/10\/Marelli-mostra-tecnologias-avanc\u0327adas-na-IZB.jpg","type":"image\/jpeg"}],"author":"Reda\u00e7\u00e3o JO","twitter_card":"summary_large_image","twitter_creator":"@jornaloficinas","twitter_site":"@jornaloficinas","twitter_misc":{"Escrito por":"Reda\u00e7\u00e3o JO","Tempo estimado de leitura":"6 minutos"},"schema":{"@context":"https:\/\/schema.org","@graph":[{"@type":"Article","@id":"https:\/\/jornaldasoficinas.com\/pt\/marelli-mostra-tecnologias-avancadas-na-izb\/#article","isPartOf":{"@id":"https:\/\/jornaldasoficinas.com\/pt\/marelli-mostra-tecnologias-avancadas-na-izb\/"},"author":{"name":"Reda\u00e7\u00e3o JO","@id":"https:\/\/jornaldasoficinas.com\/pt\/#\/schema\/person\/a38eef5de2c41d9e7c9ac10141afddf3"},"headline":"Marelli mostra tecnologias avan\u00e7adas na IZB","datePublished":"2022-10-20T11:00:00+00:00","mainEntityOfPage":{"@id":"https:\/\/jornaldasoficinas.com\/pt\/marelli-mostra-tecnologias-avancadas-na-izb\/"},"wordCount":1134,"publisher":{"@id":"https:\/\/jornaldasoficinas.com\/pt\/#organization"},"image":{"@id":"https:\/\/jornaldasoficinas.com\/pt\/marelli-mostra-tecnologias-avancadas-na-izb\/#primaryimage"},"thumbnailUrl":"https:\/\/jornaldasoficinas.com\/pt\/wp-content\/uploads\/2022\/10\/Marelli-mostra-tecnologias-avanc\u0327adas-na-IZB.jpg","keywords":["Marelli"],"articleSection":["Empresas"],"inLanguage":"pt-PT"},{"@type":"WebPage","@id":"https:\/\/jornaldasoficinas.com\/pt\/marelli-mostra-tecnologias-avancadas-na-izb\/","url":"https:\/\/jornaldasoficinas.com\/pt\/marelli-mostra-tecnologias-avancadas-na-izb\/","name":"Marelli mostra tecnologias avan\u00e7adas na IZB - Jornal das Oficinas","isPartOf":{"@id":"https:\/\/jornaldasoficinas.com\/pt\/#website"},"primaryImageOfPage":{"@id":"https:\/\/jornaldasoficinas.com\/pt\/marelli-mostra-tecnologias-avancadas-na-izb\/#primaryimage"},"image":{"@id":"https:\/\/jornaldasoficinas.com\/pt\/marelli-mostra-tecnologias-avancadas-na-izb\/#primaryimage"},"thumbnailUrl":"https:\/\/jornaldasoficinas.com\/pt\/wp-content\/uploads\/2022\/10\/Marelli-mostra-tecnologias-avanc\u0327adas-na-IZB.jpg","datePublished":"2022-10-20T11:00:00+00:00","breadcrumb":{"@id":"https:\/\/jornaldasoficinas.com\/pt\/marelli-mostra-tecnologias-avancadas-na-izb\/#breadcrumb"},"inLanguage":"pt-PT","potentialAction":[{"@type":"ReadAction","target":["https:\/\/jornaldasoficinas.com\/pt\/marelli-mostra-tecnologias-avancadas-na-izb\/"]}]},{"@type":"ImageObject","inLanguage":"pt-PT","@id":"https:\/\/jornaldasoficinas.com\/pt\/marelli-mostra-tecnologias-avancadas-na-izb\/#primaryimage","url":"https:\/\/jornaldasoficinas.com\/pt\/wp-content\/uploads\/2022\/10\/Marelli-mostra-tecnologias-avanc\u0327adas-na-IZB.jpg","contentUrl":"https:\/\/jornaldasoficinas.com\/pt\/wp-content\/uploads\/2022\/10\/Marelli-mostra-tecnologias-avanc\u0327adas-na-IZB.jpg","width":1024,"height":581,"caption":"10 - Marelli mostra tecnologias avanc\u0327adas na IZB"},{"@type":"BreadcrumbList","@id":"https:\/\/jornaldasoficinas.com\/pt\/marelli-mostra-tecnologias-avancadas-na-izb\/#breadcrumb","itemListElement":[{"@type":"ListItem","position":1,"name":"In\u00edcio","item":"https:\/\/jornaldasoficinas.com\/pt\/"},{"@type":"ListItem","position":2,"name":"Marelli mostra tecnologias avan\u00e7adas na IZB"}]},{"@type":"WebSite","@id":"https:\/\/jornaldasoficinas.com\/pt\/#website","url":"https:\/\/jornaldasoficinas.com\/pt\/","name":"Jornal das Oficinas","description":"Jornal independente do Aftermarket Autom\u00f3vel em Portugal","publisher":{"@id":"https:\/\/jornaldasoficinas.com\/pt\/#organization"},"potentialAction":[{"@type":"SearchAction","target":{"@type":"EntryPoint","urlTemplate":"https:\/\/jornaldasoficinas.com\/pt\/?s={search_term_string}"},"query-input":{"@type":"PropertyValueSpecification","valueRequired":true,"valueName":"search_term_string"}}],"inLanguage":"pt-PT"},{"@type":"Organization","@id":"https:\/\/jornaldasoficinas.com\/pt\/#organization","name":"Jornal das Oficinas","url":"https:\/\/jornaldasoficinas.com\/pt\/","logo":{"@type":"ImageObject","inLanguage":"pt-PT","@id":"https:\/\/jornaldasoficinas.com\/pt\/#\/schema\/logo\/image\/","url":"https:\/\/jornaldasoficinas.com\/pt\/wp-content\/uploads\/logoJO-SEO.png","contentUrl":"https:\/\/jornaldasoficinas.com\/pt\/wp-content\/uploads\/logoJO-SEO.png","width":285,"height":450,"caption":"Jornal das Oficinas"},"image":{"@id":"https:\/\/jornaldasoficinas.com\/pt\/#\/schema\/logo\/image\/"},"sameAs":["https:\/\/www.facebook.com\/jornaloficinas","https:\/\/x.com\/jornaloficinas","https:\/\/www.instagram.com\/jornal_oficinas\/","https:\/\/www.linkedin.com\/company\/jornal-das-oficinas\/","https:\/\/www.youtube.com\/channel\/UCbQZBqtcvV-oSQrr7RzINGg"]},{"@type":"Person","@id":"https:\/\/jornaldasoficinas.com\/pt\/#\/schema\/person\/a38eef5de2c41d9e7c9ac10141afddf3","name":"Reda\u00e7\u00e3o JO","image":{"@type":"ImageObject","inLanguage":"pt-PT","@id":"https:\/\/secure.gravatar.com\/avatar\/71f2fa71737ad68a84fea94bc708ddac8ea5b0c4788dc2ad202f3ccb2887742f?s=96&d=wp_user_avatar&r=g","url":"https:\/\/secure.gravatar.com\/avatar\/71f2fa71737ad68a84fea94bc708ddac8ea5b0c4788dc2ad202f3ccb2887742f?s=96&d=wp_user_avatar&r=g","contentUrl":"https:\/\/secure.gravatar.com\/avatar\/71f2fa71737ad68a84fea94bc708ddac8ea5b0c4788dc2ad202f3ccb2887742f?s=96&d=wp_user_avatar&r=g","caption":"Reda\u00e7\u00e3o JO"},"url":"https:\/\/jornaldasoficinas.com\/pt\/author\/joredacao\/"}]}},"_links":{"self":[{"href":"https:\/\/jornaldasoficinas.com\/pt\/wp-json\/wp\/v2\/posts\/33850","targetHints":{"allow":["GET"]}}],"collection":[{"href":"https:\/\/jornaldasoficinas.com\/pt\/wp-json\/wp\/v2\/posts"}],"about":[{"href":"https:\/\/jornaldasoficinas.com\/pt\/wp-json\/wp\/v2\/types\/post"}],"author":[{"embeddable":true,"href":"https:\/\/jornaldasoficinas.com\/pt\/wp-json\/wp\/v2\/users\/15"}],"replies":[{"embeddable":true,"href":"https:\/\/jornaldasoficinas.com\/pt\/wp-json\/wp\/v2\/comments?post=33850"}],"version-history":[{"count":0,"href":"https:\/\/jornaldasoficinas.com\/pt\/wp-json\/wp\/v2\/posts\/33850\/revisions"}],"wp:featuredmedia":[{"embeddable":true,"href":"https:\/\/jornaldasoficinas.com\/pt\/wp-json\/wp\/v2\/media\/33820"}],"wp:attachment":[{"href":"https:\/\/jornaldasoficinas.com\/pt\/wp-json\/wp\/v2\/media?parent=33850"}],"wp:term":[{"taxonomy":"category","embeddable":true,"href":"https:\/\/jornaldasoficinas.com\/pt\/wp-json\/wp\/v2\/categories?post=33850"},{"taxonomy":"post_tag","embeddable":true,"href":"https:\/\/jornaldasoficinas.com\/pt\/wp-json\/wp\/v2\/tags?post=33850"}],"curies":[{"name":"wp","href":"https:\/\/api.w.org\/{rel}","templated":true}]}}