{"id":3393,"date":"2019-09-25T14:34:13","date_gmt":"2019-09-25T14:34:13","guid":{"rendered":"https:\/\/jornaldasoficinas.com\/pt\/?p=3393"},"modified":"2019-10-08T00:19:15","modified_gmt":"2019-10-08T00:19:15","slug":"metalcaucho-apresentara-novo-catalogo-no-salao-equip-auto","status":"publish","type":"post","link":"https:\/\/jornaldasoficinas.com\/pt\/metalcaucho-apresentara-novo-catalogo-no-salao-equip-auto\/","title":{"rendered":"Metalcaucho revelar\u00e1 novo cat\u00e1logo na feira Equip Auto"},"content":{"rendered":"<p><img loading=\"lazy\" decoding=\"async\" class=\"alignnone wp-image-3392 size-full\" src=\"https:\/\/jornaldasoficinas.com\/pt\/wp-content\/uploads\/2019\/09\/Stand-MC.jpg\" alt=\"09 - Stand-MC\" width=\"1024\" height=\"581\" srcset=\"https:\/\/jornaldasoficinas.com\/pt\/wp-content\/uploads\/2019\/09\/Stand-MC.jpg 1024w, https:\/\/jornaldasoficinas.com\/pt\/wp-content\/uploads\/2019\/09\/Stand-MC-150x85.jpg 150w, https:\/\/jornaldasoficinas.com\/pt\/wp-content\/uploads\/2019\/09\/Stand-MC-300x170.jpg 300w, https:\/\/jornaldasoficinas.com\/pt\/wp-content\/uploads\/2019\/09\/Stand-MC-768x436.jpg 768w\" sizes=\"auto, (max-width: 1024px) 100vw, 1024px\" \/><\/p>\n<p><strong>O fabricante espanhol de componentes de borracha e metal revelar\u00e1, na feira de Paris, o seu novo cat\u00e1logo de pe\u00e7as de reposi\u00e7\u00e3o para o <em>aftermarket<\/em> destinado ao mercado franc\u00eas.<\/strong><\/p>\n<p>Sob o lema &#8220;Se existe, a Metalcaucho tem&#8221;, o popular cat\u00e1logo de pe\u00e7as de reposi\u00e7\u00e3o \u00e9 o maior que a empresa lan\u00e7ou em toda a sua hist\u00f3ria, contendo mais de 18 mil refer\u00eancias.<\/p>\n<p>A Metalcaucho procedeu a uma expans\u00e3o significativa das aplica\u00e7\u00f5es de pe\u00e7as de reposi\u00e7\u00e3o para modelos de fabricantes franceses de ve\u00edculos, alguns deles em regime de exclusividade. A saber:<\/p>\n<p>\u2022 Citro\u00ebn &#8211; 16,95%;<\/p>\n<p>\u2022 Peugeot &#8211; 14,75%;<\/p>\n<p>\u2022 Renault: 16,54%;<\/p>\n<p>\u2022 Dacia: 34,60%.<\/p>\n<p>A <a href=\"https:\/\/www.metalcaucho.com\/en\/\" target=\"_blank\" rel=\"noopener noreferrer\">Metalcaucho<\/a> refor\u00e7ou o seu <em>core business<\/em> principal, ou seja, as principais fam\u00edlias de produtos de borracha e metal, atendendo \u00e0s necessidades de mais de 2.800 modelos de ve\u00edculos, de 89 marcas diferentes.<\/p>\n<p>Al\u00e9m disso, no novo cat\u00e1logo, pode ser encontrado um total de 1.416 esquemas e gr\u00e1ficos feitos pela Metalcaucho, que refletem, com precis\u00e3o, a posi\u00e7\u00e3o e o ambiente f\u00edsico da montagem.<\/p>\n<p>Na edi\u00e7\u00e3o deste ano do Sal\u00e3o Equip Auto, a Metalcaucho poder\u00e1 ser visitada no<em> Hall<\/em> 1, M 062, \u201cemoldurado\u201d pelo pavilh\u00e3o espanhol agrupado e organizado pela SERNAUTO, em colabora\u00e7\u00e3o com a ICEX.<\/p>\n<p>A Metalcaucho faz parte da plataforma digital Autoparts from Spain, uma iniciativa projetada para divulgar a oferta espanhola de fornecedores do setor autom\u00f3vel nos mercados internacionais.<\/p>\n","protected":false},"excerpt":{"rendered":"<p>O fabricante espanhol de componentes de&#8230;<\/p>\n","protected":false},"author":15,"featured_media":3392,"comment_status":"closed","ping_status":"closed","sticky":false,"template":"","format":"standard","meta":{"footnotes":""},"categories":[29],"tags":[208,207],"class_list":["post-3393","post","type-post","status-publish","format-standard","has-post-thumbnail","hentry","category-empresas","tag-equip-auto","tag-metalcaucho"],"yoast_head":"<!-- This site is optimized with the Yoast SEO plugin v27.5 - https:\/\/yoast.com\/product\/yoast-seo-wordpress\/ -->\n<title>Metalcaucho revelar\u00e1 novo cat\u00e1logo na feira Equip Auto - Jornal das Oficinas<\/title>\n<meta name=\"robots\" content=\"index, follow, max-snippet:-1, max-image-preview:large, max-video-preview:-1\" \/>\n<link rel=\"canonical\" href=\"https:\/\/jornaldasoficinas.com\/pt\/metalcaucho-apresentara-novo-catalogo-no-salao-equip-auto\/\" \/>\n<meta property=\"og:locale\" content=\"pt_PT\" \/>\n<meta property=\"og:type\" content=\"article\" \/>\n<meta property=\"og:title\" content=\"Metalcaucho revelar\u00e1 novo cat\u00e1logo na feira Equip Auto - Jornal das Oficinas\" \/>\n<meta property=\"og:description\" content=\"O fabricante espanhol de componentes de...\" \/>\n<meta property=\"og:url\" content=\"https:\/\/jornaldasoficinas.com\/pt\/metalcaucho-apresentara-novo-catalogo-no-salao-equip-auto\/\" \/>\n<meta property=\"og:site_name\" content=\"Jornal das Oficinas\" \/>\n<meta property=\"article:publisher\" content=\"https:\/\/www.facebook.com\/jornaloficinas\" \/>\n<meta property=\"article:published_time\" content=\"2019-09-25T14:34:13+00:00\" \/>\n<meta property=\"article:modified_time\" content=\"2019-10-08T00:19:15+00:00\" \/>\n<meta property=\"og:image\" content=\"https:\/\/jornaldasoficinas.com\/pt\/wp-content\/uploads\/2019\/09\/Stand-MC.jpg\" \/>\n\t<meta property=\"og:image:width\" content=\"1024\" \/>\n\t<meta property=\"og:image:height\" content=\"581\" \/>\n\t<meta property=\"og:image:type\" content=\"image\/jpeg\" \/>\n<meta name=\"author\" content=\"Reda\u00e7\u00e3o JO\" \/>\n<meta name=\"twitter:card\" content=\"summary_large_image\" \/>\n<meta name=\"twitter:creator\" content=\"@jornaloficinas\" \/>\n<meta name=\"twitter:site\" content=\"@jornaloficinas\" \/>\n<meta name=\"twitter:label1\" content=\"Escrito por\" \/>\n\t<meta name=\"twitter:data1\" content=\"Reda\u00e7\u00e3o JO\" \/>\n\t<meta name=\"twitter:label2\" content=\"Tempo estimado de leitura\" \/>\n\t<meta name=\"twitter:data2\" content=\"1 minuto\" \/>\n<script type=\"application\/ld+json\" class=\"yoast-schema-graph\">{\"@context\":\"https:\\\/\\\/schema.org\",\"@graph\":[{\"@type\":\"Article\",\"@id\":\"https:\\\/\\\/jornaldasoficinas.com\\\/pt\\\/metalcaucho-apresentara-novo-catalogo-no-salao-equip-auto\\\/#article\",\"isPartOf\":{\"@id\":\"https:\\\/\\\/jornaldasoficinas.com\\\/pt\\\/metalcaucho-apresentara-novo-catalogo-no-salao-equip-auto\\\/\"},\"author\":{\"name\":\"Reda\u00e7\u00e3o JO\",\"@id\":\"https:\\\/\\\/jornaldasoficinas.com\\\/pt\\\/#\\\/schema\\\/person\\\/a38eef5de2c41d9e7c9ac10141afddf3\"},\"headline\":\"Metalcaucho revelar\u00e1 novo cat\u00e1logo na feira Equip Auto\",\"datePublished\":\"2019-09-25T14:34:13+00:00\",\"dateModified\":\"2019-10-08T00:19:15+00:00\",\"mainEntityOfPage\":{\"@id\":\"https:\\\/\\\/jornaldasoficinas.com\\\/pt\\\/metalcaucho-apresentara-novo-catalogo-no-salao-equip-auto\\\/\"},\"wordCount\":249,\"publisher\":{\"@id\":\"https:\\\/\\\/jornaldasoficinas.com\\\/pt\\\/#organization\"},\"image\":{\"@id\":\"https:\\\/\\\/jornaldasoficinas.com\\\/pt\\\/metalcaucho-apresentara-novo-catalogo-no-salao-equip-auto\\\/#primaryimage\"},\"thumbnailUrl\":\"https:\\\/\\\/jornaldasoficinas.com\\\/pt\\\/wp-content\\\/uploads\\\/2019\\\/09\\\/Stand-MC.jpg\",\"keywords\":[\"Equip Auto\",\"Metalcaucho\"],\"articleSection\":[\"Empresas\"],\"inLanguage\":\"pt-PT\"},{\"@type\":\"WebPage\",\"@id\":\"https:\\\/\\\/jornaldasoficinas.com\\\/pt\\\/metalcaucho-apresentara-novo-catalogo-no-salao-equip-auto\\\/\",\"url\":\"https:\\\/\\\/jornaldasoficinas.com\\\/pt\\\/metalcaucho-apresentara-novo-catalogo-no-salao-equip-auto\\\/\",\"name\":\"Metalcaucho revelar\u00e1 novo cat\u00e1logo na feira Equip Auto - Jornal das Oficinas\",\"isPartOf\":{\"@id\":\"https:\\\/\\\/jornaldasoficinas.com\\\/pt\\\/#website\"},\"primaryImageOfPage\":{\"@id\":\"https:\\\/\\\/jornaldasoficinas.com\\\/pt\\\/metalcaucho-apresentara-novo-catalogo-no-salao-equip-auto\\\/#primaryimage\"},\"image\":{\"@id\":\"https:\\\/\\\/jornaldasoficinas.com\\\/pt\\\/metalcaucho-apresentara-novo-catalogo-no-salao-equip-auto\\\/#primaryimage\"},\"thumbnailUrl\":\"https:\\\/\\\/jornaldasoficinas.com\\\/pt\\\/wp-content\\\/uploads\\\/2019\\\/09\\\/Stand-MC.jpg\",\"datePublished\":\"2019-09-25T14:34:13+00:00\",\"dateModified\":\"2019-10-08T00:19:15+00:00\",\"breadcrumb\":{\"@id\":\"https:\\\/\\\/jornaldasoficinas.com\\\/pt\\\/metalcaucho-apresentara-novo-catalogo-no-salao-equip-auto\\\/#breadcrumb\"},\"inLanguage\":\"pt-PT\",\"potentialAction\":[{\"@type\":\"ReadAction\",\"target\":[\"https:\\\/\\\/jornaldasoficinas.com\\\/pt\\\/metalcaucho-apresentara-novo-catalogo-no-salao-equip-auto\\\/\"]}]},{\"@type\":\"ImageObject\",\"inLanguage\":\"pt-PT\",\"@id\":\"https:\\\/\\\/jornaldasoficinas.com\\\/pt\\\/metalcaucho-apresentara-novo-catalogo-no-salao-equip-auto\\\/#primaryimage\",\"url\":\"https:\\\/\\\/jornaldasoficinas.com\\\/pt\\\/wp-content\\\/uploads\\\/2019\\\/09\\\/Stand-MC.jpg\",\"contentUrl\":\"https:\\\/\\\/jornaldasoficinas.com\\\/pt\\\/wp-content\\\/uploads\\\/2019\\\/09\\\/Stand-MC.jpg\",\"width\":1024,\"height\":581,\"caption\":\"09 - Stand-MC\"},{\"@type\":\"BreadcrumbList\",\"@id\":\"https:\\\/\\\/jornaldasoficinas.com\\\/pt\\\/metalcaucho-apresentara-novo-catalogo-no-salao-equip-auto\\\/#breadcrumb\",\"itemListElement\":[{\"@type\":\"ListItem\",\"position\":1,\"name\":\"In\u00edcio\",\"item\":\"https:\\\/\\\/jornaldasoficinas.com\\\/pt\\\/\"},{\"@type\":\"ListItem\",\"position\":2,\"name\":\"Metalcaucho revelar\u00e1 novo cat\u00e1logo na feira Equip Auto\"}]},{\"@type\":\"WebSite\",\"@id\":\"https:\\\/\\\/jornaldasoficinas.com\\\/pt\\\/#website\",\"url\":\"https:\\\/\\\/jornaldasoficinas.com\\\/pt\\\/\",\"name\":\"Jornal das Oficinas\",\"description\":\"Jornal independente do Aftermarket Autom\u00f3vel em Portugal\",\"publisher\":{\"@id\":\"https:\\\/\\\/jornaldasoficinas.com\\\/pt\\\/#organization\"},\"potentialAction\":[{\"@type\":\"SearchAction\",\"target\":{\"@type\":\"EntryPoint\",\"urlTemplate\":\"https:\\\/\\\/jornaldasoficinas.com\\\/pt\\\/?s={search_term_string}\"},\"query-input\":{\"@type\":\"PropertyValueSpecification\",\"valueRequired\":true,\"valueName\":\"search_term_string\"}}],\"inLanguage\":\"pt-PT\"},{\"@type\":\"Organization\",\"@id\":\"https:\\\/\\\/jornaldasoficinas.com\\\/pt\\\/#organization\",\"name\":\"Jornal das Oficinas\",\"url\":\"https:\\\/\\\/jornaldasoficinas.com\\\/pt\\\/\",\"logo\":{\"@type\":\"ImageObject\",\"inLanguage\":\"pt-PT\",\"@id\":\"https:\\\/\\\/jornaldasoficinas.com\\\/pt\\\/#\\\/schema\\\/logo\\\/image\\\/\",\"url\":\"https:\\\/\\\/jornaldasoficinas.com\\\/pt\\\/wp-content\\\/uploads\\\/logoJO-SEO.png\",\"contentUrl\":\"https:\\\/\\\/jornaldasoficinas.com\\\/pt\\\/wp-content\\\/uploads\\\/logoJO-SEO.png\",\"width\":285,\"height\":450,\"caption\":\"Jornal das Oficinas\"},\"image\":{\"@id\":\"https:\\\/\\\/jornaldasoficinas.com\\\/pt\\\/#\\\/schema\\\/logo\\\/image\\\/\"},\"sameAs\":[\"https:\\\/\\\/www.facebook.com\\\/jornaloficinas\",\"https:\\\/\\\/x.com\\\/jornaloficinas\",\"https:\\\/\\\/www.instagram.com\\\/jornal_oficinas\\\/\",\"https:\\\/\\\/www.linkedin.com\\\/company\\\/jornal-das-oficinas\\\/\",\"https:\\\/\\\/www.youtube.com\\\/channel\\\/UCbQZBqtcvV-oSQrr7RzINGg\"]},{\"@type\":\"Person\",\"@id\":\"https:\\\/\\\/jornaldasoficinas.com\\\/pt\\\/#\\\/schema\\\/person\\\/a38eef5de2c41d9e7c9ac10141afddf3\",\"name\":\"Reda\u00e7\u00e3o JO\",\"image\":{\"@type\":\"ImageObject\",\"inLanguage\":\"pt-PT\",\"@id\":\"https:\\\/\\\/secure.gravatar.com\\\/avatar\\\/71f2fa71737ad68a84fea94bc708ddac8ea5b0c4788dc2ad202f3ccb2887742f?s=96&d=wp_user_avatar&r=g\",\"url\":\"https:\\\/\\\/secure.gravatar.com\\\/avatar\\\/71f2fa71737ad68a84fea94bc708ddac8ea5b0c4788dc2ad202f3ccb2887742f?s=96&d=wp_user_avatar&r=g\",\"contentUrl\":\"https:\\\/\\\/secure.gravatar.com\\\/avatar\\\/71f2fa71737ad68a84fea94bc708ddac8ea5b0c4788dc2ad202f3ccb2887742f?s=96&d=wp_user_avatar&r=g\",\"caption\":\"Reda\u00e7\u00e3o JO\"},\"url\":\"https:\\\/\\\/jornaldasoficinas.com\\\/pt\\\/author\\\/joredacao\\\/\"}]}<\/script>\n<!-- \/ Yoast SEO plugin. -->","yoast_head_json":{"title":"Metalcaucho revelar\u00e1 novo cat\u00e1logo na feira Equip Auto - Jornal das Oficinas","robots":{"index":"index","follow":"follow","max-snippet":"max-snippet:-1","max-image-preview":"max-image-preview:large","max-video-preview":"max-video-preview:-1"},"canonical":"https:\/\/jornaldasoficinas.com\/pt\/metalcaucho-apresentara-novo-catalogo-no-salao-equip-auto\/","og_locale":"pt_PT","og_type":"article","og_title":"Metalcaucho revelar\u00e1 novo cat\u00e1logo na feira Equip Auto - Jornal das Oficinas","og_description":"O fabricante espanhol de componentes de...","og_url":"https:\/\/jornaldasoficinas.com\/pt\/metalcaucho-apresentara-novo-catalogo-no-salao-equip-auto\/","og_site_name":"Jornal das Oficinas","article_publisher":"https:\/\/www.facebook.com\/jornaloficinas","article_published_time":"2019-09-25T14:34:13+00:00","article_modified_time":"2019-10-08T00:19:15+00:00","og_image":[{"width":1024,"height":581,"url":"https:\/\/jornaldasoficinas.com\/pt\/wp-content\/uploads\/2019\/09\/Stand-MC.jpg","type":"image\/jpeg"}],"author":"Reda\u00e7\u00e3o JO","twitter_card":"summary_large_image","twitter_creator":"@jornaloficinas","twitter_site":"@jornaloficinas","twitter_misc":{"Escrito por":"Reda\u00e7\u00e3o JO","Tempo estimado de leitura":"1 minuto"},"schema":{"@context":"https:\/\/schema.org","@graph":[{"@type":"Article","@id":"https:\/\/jornaldasoficinas.com\/pt\/metalcaucho-apresentara-novo-catalogo-no-salao-equip-auto\/#article","isPartOf":{"@id":"https:\/\/jornaldasoficinas.com\/pt\/metalcaucho-apresentara-novo-catalogo-no-salao-equip-auto\/"},"author":{"name":"Reda\u00e7\u00e3o JO","@id":"https:\/\/jornaldasoficinas.com\/pt\/#\/schema\/person\/a38eef5de2c41d9e7c9ac10141afddf3"},"headline":"Metalcaucho revelar\u00e1 novo cat\u00e1logo na feira Equip Auto","datePublished":"2019-09-25T14:34:13+00:00","dateModified":"2019-10-08T00:19:15+00:00","mainEntityOfPage":{"@id":"https:\/\/jornaldasoficinas.com\/pt\/metalcaucho-apresentara-novo-catalogo-no-salao-equip-auto\/"},"wordCount":249,"publisher":{"@id":"https:\/\/jornaldasoficinas.com\/pt\/#organization"},"image":{"@id":"https:\/\/jornaldasoficinas.com\/pt\/metalcaucho-apresentara-novo-catalogo-no-salao-equip-auto\/#primaryimage"},"thumbnailUrl":"https:\/\/jornaldasoficinas.com\/pt\/wp-content\/uploads\/2019\/09\/Stand-MC.jpg","keywords":["Equip Auto","Metalcaucho"],"articleSection":["Empresas"],"inLanguage":"pt-PT"},{"@type":"WebPage","@id":"https:\/\/jornaldasoficinas.com\/pt\/metalcaucho-apresentara-novo-catalogo-no-salao-equip-auto\/","url":"https:\/\/jornaldasoficinas.com\/pt\/metalcaucho-apresentara-novo-catalogo-no-salao-equip-auto\/","name":"Metalcaucho revelar\u00e1 novo cat\u00e1logo na feira Equip Auto - Jornal das Oficinas","isPartOf":{"@id":"https:\/\/jornaldasoficinas.com\/pt\/#website"},"primaryImageOfPage":{"@id":"https:\/\/jornaldasoficinas.com\/pt\/metalcaucho-apresentara-novo-catalogo-no-salao-equip-auto\/#primaryimage"},"image":{"@id":"https:\/\/jornaldasoficinas.com\/pt\/metalcaucho-apresentara-novo-catalogo-no-salao-equip-auto\/#primaryimage"},"thumbnailUrl":"https:\/\/jornaldasoficinas.com\/pt\/wp-content\/uploads\/2019\/09\/Stand-MC.jpg","datePublished":"2019-09-25T14:34:13+00:00","dateModified":"2019-10-08T00:19:15+00:00","breadcrumb":{"@id":"https:\/\/jornaldasoficinas.com\/pt\/metalcaucho-apresentara-novo-catalogo-no-salao-equip-auto\/#breadcrumb"},"inLanguage":"pt-PT","potentialAction":[{"@type":"ReadAction","target":["https:\/\/jornaldasoficinas.com\/pt\/metalcaucho-apresentara-novo-catalogo-no-salao-equip-auto\/"]}]},{"@type":"ImageObject","inLanguage":"pt-PT","@id":"https:\/\/jornaldasoficinas.com\/pt\/metalcaucho-apresentara-novo-catalogo-no-salao-equip-auto\/#primaryimage","url":"https:\/\/jornaldasoficinas.com\/pt\/wp-content\/uploads\/2019\/09\/Stand-MC.jpg","contentUrl":"https:\/\/jornaldasoficinas.com\/pt\/wp-content\/uploads\/2019\/09\/Stand-MC.jpg","width":1024,"height":581,"caption":"09 - Stand-MC"},{"@type":"BreadcrumbList","@id":"https:\/\/jornaldasoficinas.com\/pt\/metalcaucho-apresentara-novo-catalogo-no-salao-equip-auto\/#breadcrumb","itemListElement":[{"@type":"ListItem","position":1,"name":"In\u00edcio","item":"https:\/\/jornaldasoficinas.com\/pt\/"},{"@type":"ListItem","position":2,"name":"Metalcaucho revelar\u00e1 novo cat\u00e1logo na feira Equip Auto"}]},{"@type":"WebSite","@id":"https:\/\/jornaldasoficinas.com\/pt\/#website","url":"https:\/\/jornaldasoficinas.com\/pt\/","name":"Jornal das Oficinas","description":"Jornal independente do Aftermarket Autom\u00f3vel em Portugal","publisher":{"@id":"https:\/\/jornaldasoficinas.com\/pt\/#organization"},"potentialAction":[{"@type":"SearchAction","target":{"@type":"EntryPoint","urlTemplate":"https:\/\/jornaldasoficinas.com\/pt\/?s={search_term_string}"},"query-input":{"@type":"PropertyValueSpecification","valueRequired":true,"valueName":"search_term_string"}}],"inLanguage":"pt-PT"},{"@type":"Organization","@id":"https:\/\/jornaldasoficinas.com\/pt\/#organization","name":"Jornal das Oficinas","url":"https:\/\/jornaldasoficinas.com\/pt\/","logo":{"@type":"ImageObject","inLanguage":"pt-PT","@id":"https:\/\/jornaldasoficinas.com\/pt\/#\/schema\/logo\/image\/","url":"https:\/\/jornaldasoficinas.com\/pt\/wp-content\/uploads\/logoJO-SEO.png","contentUrl":"https:\/\/jornaldasoficinas.com\/pt\/wp-content\/uploads\/logoJO-SEO.png","width":285,"height":450,"caption":"Jornal das Oficinas"},"image":{"@id":"https:\/\/jornaldasoficinas.com\/pt\/#\/schema\/logo\/image\/"},"sameAs":["https:\/\/www.facebook.com\/jornaloficinas","https:\/\/x.com\/jornaloficinas","https:\/\/www.instagram.com\/jornal_oficinas\/","https:\/\/www.linkedin.com\/company\/jornal-das-oficinas\/","https:\/\/www.youtube.com\/channel\/UCbQZBqtcvV-oSQrr7RzINGg"]},{"@type":"Person","@id":"https:\/\/jornaldasoficinas.com\/pt\/#\/schema\/person\/a38eef5de2c41d9e7c9ac10141afddf3","name":"Reda\u00e7\u00e3o JO","image":{"@type":"ImageObject","inLanguage":"pt-PT","@id":"https:\/\/secure.gravatar.com\/avatar\/71f2fa71737ad68a84fea94bc708ddac8ea5b0c4788dc2ad202f3ccb2887742f?s=96&d=wp_user_avatar&r=g","url":"https:\/\/secure.gravatar.com\/avatar\/71f2fa71737ad68a84fea94bc708ddac8ea5b0c4788dc2ad202f3ccb2887742f?s=96&d=wp_user_avatar&r=g","contentUrl":"https:\/\/secure.gravatar.com\/avatar\/71f2fa71737ad68a84fea94bc708ddac8ea5b0c4788dc2ad202f3ccb2887742f?s=96&d=wp_user_avatar&r=g","caption":"Reda\u00e7\u00e3o JO"},"url":"https:\/\/jornaldasoficinas.com\/pt\/author\/joredacao\/"}]}},"_links":{"self":[{"href":"https:\/\/jornaldasoficinas.com\/pt\/wp-json\/wp\/v2\/posts\/3393","targetHints":{"allow":["GET"]}}],"collection":[{"href":"https:\/\/jornaldasoficinas.com\/pt\/wp-json\/wp\/v2\/posts"}],"about":[{"href":"https:\/\/jornaldasoficinas.com\/pt\/wp-json\/wp\/v2\/types\/post"}],"author":[{"embeddable":true,"href":"https:\/\/jornaldasoficinas.com\/pt\/wp-json\/wp\/v2\/users\/15"}],"replies":[{"embeddable":true,"href":"https:\/\/jornaldasoficinas.com\/pt\/wp-json\/wp\/v2\/comments?post=3393"}],"version-history":[{"count":0,"href":"https:\/\/jornaldasoficinas.com\/pt\/wp-json\/wp\/v2\/posts\/3393\/revisions"}],"wp:featuredmedia":[{"embeddable":true,"href":"https:\/\/jornaldasoficinas.com\/pt\/wp-json\/wp\/v2\/media\/3392"}],"wp:attachment":[{"href":"https:\/\/jornaldasoficinas.com\/pt\/wp-json\/wp\/v2\/media?parent=3393"}],"wp:term":[{"taxonomy":"category","embeddable":true,"href":"https:\/\/jornaldasoficinas.com\/pt\/wp-json\/wp\/v2\/categories?post=3393"},{"taxonomy":"post_tag","embeddable":true,"href":"https:\/\/jornaldasoficinas.com\/pt\/wp-json\/wp\/v2\/tags?post=3393"}],"curies":[{"name":"wp","href":"https:\/\/api.w.org\/{rel}","templated":true}]}}