{"id":33983,"date":"2022-10-26T08:00:56","date_gmt":"2022-10-26T07:00:56","guid":{"rendered":"https:\/\/jornaldasoficinas.com\/pt\/?p=33983"},"modified":"2023-07-20T16:11:10","modified_gmt":"2023-07-20T15:11:10","slug":"autocarro-e-ata-da-karsan-vencedor-premio-sustainable-bus-of-the-year-2023","status":"publish","type":"post","link":"https:\/\/jornaldasoficinas.com\/pt\/autocarro-e-ata-da-karsan-vencedor-premio-sustainable-bus-of-the-year-2023\/","title":{"rendered":"Autocarro e-ATA da Karsan vencedor Pr\u00e9mio \u201cSustainable Bus of The Year 2023\u201d"},"content":{"rendered":"<p><strong><img loading=\"lazy\" decoding=\"async\" class=\"alignnone size-full wp-image-33969\" src=\"https:\/\/jornaldasoficinas.com\/pt\/wp-content\/uploads\/2022\/10\/Autocarro-e-ATA-da-Karsan-vencedor-do-Pre\u0301mio-Sustainable-Bus-of-The-Year-2023.png\" alt=\"10 - Autocarro e ATA da Karsan vencedor do Pre\u0301mio Sustainable Bus of The Year 2023\" width=\"1024\" height=\"581\" srcset=\"https:\/\/jornaldasoficinas.com\/pt\/wp-content\/uploads\/2022\/10\/Autocarro-e-ATA-da-Karsan-vencedor-do-Pre\u0301mio-Sustainable-Bus-of-The-Year-2023.png 1024w, https:\/\/jornaldasoficinas.com\/pt\/wp-content\/uploads\/2022\/10\/Autocarro-e-ATA-da-Karsan-vencedor-do-Pre\u0301mio-Sustainable-Bus-of-The-Year-2023-300x170.png 300w, https:\/\/jornaldasoficinas.com\/pt\/wp-content\/uploads\/2022\/10\/Autocarro-e-ATA-da-Karsan-vencedor-do-Pre\u0301mio-Sustainable-Bus-of-The-Year-2023-150x85.png 150w, https:\/\/jornaldasoficinas.com\/pt\/wp-content\/uploads\/2022\/10\/Autocarro-e-ATA-da-Karsan-vencedor-do-Pre\u0301mio-Sustainable-Bus-of-The-Year-2023-768x436.png 768w\" sizes=\"auto, (max-width: 1024px) 100vw, 1024px\" \/><\/strong><\/p>\n<p><strong>O Autocarro e-ATA 12m da marca Karsan, representada em Portugal pela <a href=\"https:\/\/www.karsan.com\/pt\/distribuidor-e-rede-de-servico\/portugal\/uic\" target=\"_blank\" rel=\"noopener\">UIC\/Carbus<\/a>, \u00e9 o vencedor do Pr\u00e9mio \u201cSustainable Bus of The Year 2023\u201d<\/strong><\/p>\n<p>O e-ATA de 12 metros,\u00a0 passou na qualifica\u00e7\u00e3o preliminar e chegou \u00e0 final ap\u00f3s as avalia\u00e7\u00f5es realizadas no \u00e2mbito do referido pr\u00e9mio. Foi testado, pessoalmente, pelos membros do j\u00fari do Sustainable Bus, durante a sua visita \u00e0 f\u00e1brica de Karsan, em Bursa.<\/p>\n<p>O j\u00fari avaliou os ve\u00edculos nomeados para o pr\u00e9mio, com uma vasta lista de crit\u00e9rios tais como sustentabilidade, design, consumo de energia, emiss\u00f5es, seguran\u00e7a, conforto, funcionamento silencioso e muito mais.<\/p>\n<p>Ap\u00f3s as avalia\u00e7\u00f5es, a Karsan e-ATA de 12 metros superou os seus concorrentes, em termos de transporte p\u00fablico sustent\u00e1vel com as suas muitas carater\u00edsticas not\u00e1veis, tais como sustentabilidade, design el\u00e9trico nato, piso rebaixado completo que permite aos passageiros idosos e deficientes moverem- se sem esfor\u00e7o, a melhor na gama da sua classe, consumo de energia ultrabaixo e alta capacidade de passageiros.<\/p>\n<p><strong>O pr\u00e9mio foi entregue a Okan Ba\u015f, CEO da\u00a0Karsan, na cerim\u00f3nia realizada na\u00a0Exposi\u00e7\u00e3o da Mobilidade\u00a0em Mil\u00e3o.<br \/>\n<\/strong>O CEO da Karsan, Okan Ba\u015f afirmou ter alcan\u00e7ado \u00eaxitos significativos com os seus ve\u00edculos gra\u00e7as \u00e0s solu\u00e7\u00f5es de mobilidade de alta tecnologia, \u201cComo resultado dos ambiciosos passos que demos com os nossos produtos inovadores e amigos do ambiente, conseguimos um crescimento est\u00e1vel na Europa\u201d, Okan Ba\u015f expressou \u201cNa Europa lev\u00e1mos os nossos objetivos mais longe, realmente aceler\u00e1mos o ritmo. O concurso, que ganh\u00e1mos recentemente para os sistemas de transporte p\u00fablico da cidade de Bolonha em particular, est\u00e1 tamb\u00e9m inclu\u00eddo entre as provas de que temos vindo a avan\u00e7ar para o nosso objetivo com as medidas firmes. No \u00e2mbito dos nossos objetivos, particip\u00e1mos nas feiras de Mil\u00e3o e Rimini com os nossos ve\u00edculos el\u00e9tricos.<\/p>\n<p>E agora, estamos de regresso da Exposi\u00e7\u00e3o de Mobilidade em Mil\u00e3o com um pr\u00e9mio que deixou a nossa empresa orgulhosa. Este pr\u00e9mio, do qual fomos considerados dignos com o nosso modelo e-ATA originalmente el\u00e9trico de 12 metros que ultrapassou os seus concorrentes com as suas carater\u00edsticas superiores, tem uma import\u00e2ncia especial tanto para a nossa empresa como para a nossa ind\u00fastria. Estamos orgulhosos e felizes por sermos o vencedor do pr\u00e9mio Autocarro Sustent\u00e1vel do Ano 2023, uma das mais prestigiadas organiza\u00e7\u00f5es da Europa no campo das solu\u00e7\u00f5es de mobilidade do futuro, na categoria de transportes p\u00fablicos urbanos com o nosso modelo e-ATA\u201d. Revelou Okan Bas.<\/p>\n<p>O autocarro vai voltar a estar dispon\u00edvel para demonstra\u00e7\u00e3o nas instala\u00e7\u00f5es da Carbus \/ UIC em Cernache do Bonjardim logo ap\u00f3s o final da Feira Internacional de Madrid onde se encontrou em exibi\u00e7\u00e3o.<\/p>\n","protected":false},"excerpt":{"rendered":"<p>O Autocarro e-ATA 12m da marca&#8230;<\/p>\n","protected":false},"author":15,"featured_media":33969,"comment_status":"closed","ping_status":"closed","sticky":false,"template":"","format":"standard","meta":{"footnotes":""},"categories":[29],"tags":[2967],"class_list":["post-33983","post","type-post","status-publish","format-standard","has-post-thumbnail","hentry","category-empresas","tag-karsan"],"yoast_head":"<!-- This site is optimized with the Yoast SEO plugin v27.4 - https:\/\/yoast.com\/product\/yoast-seo-wordpress\/ -->\n<title>Autocarro e-ATA da Karsan vencedor Pr\u00e9mio \u201cSustainable Bus of The Year 2023\u201d - Jornal das Oficinas<\/title>\n<meta name=\"robots\" content=\"index, follow, max-snippet:-1, max-image-preview:large, max-video-preview:-1\" \/>\n<link rel=\"canonical\" href=\"https:\/\/jornaldasoficinas.com\/pt\/autocarro-e-ata-da-karsan-vencedor-premio-sustainable-bus-of-the-year-2023\/\" \/>\n<meta property=\"og:locale\" content=\"pt_PT\" \/>\n<meta property=\"og:type\" content=\"article\" \/>\n<meta property=\"og:title\" content=\"Autocarro e-ATA da Karsan vencedor Pr\u00e9mio \u201cSustainable Bus of The Year 2023\u201d - Jornal das Oficinas\" \/>\n<meta property=\"og:description\" content=\"O Autocarro e-ATA 12m da marca...\" \/>\n<meta property=\"og:url\" content=\"https:\/\/jornaldasoficinas.com\/pt\/autocarro-e-ata-da-karsan-vencedor-premio-sustainable-bus-of-the-year-2023\/\" \/>\n<meta property=\"og:site_name\" content=\"Jornal das Oficinas\" \/>\n<meta property=\"article:publisher\" content=\"https:\/\/www.facebook.com\/jornaloficinas\" \/>\n<meta property=\"article:published_time\" content=\"2022-10-26T07:00:56+00:00\" \/>\n<meta property=\"article:modified_time\" content=\"2023-07-20T15:11:10+00:00\" \/>\n<meta property=\"og:image\" content=\"https:\/\/jornaldasoficinas.com\/pt\/wp-content\/uploads\/2022\/10\/Autocarro-e-ATA-da-Karsan-vencedor-do-Pre\u0301mio-Sustainable-Bus-of-The-Year-2023.png\" \/>\n\t<meta property=\"og:image:width\" content=\"1024\" \/>\n\t<meta property=\"og:image:height\" content=\"581\" \/>\n\t<meta property=\"og:image:type\" content=\"image\/png\" \/>\n<meta name=\"author\" content=\"Reda\u00e7\u00e3o JO\" \/>\n<meta name=\"twitter:card\" content=\"summary_large_image\" \/>\n<meta name=\"twitter:creator\" content=\"@jornaloficinas\" \/>\n<meta name=\"twitter:site\" content=\"@jornaloficinas\" \/>\n<meta name=\"twitter:label1\" content=\"Escrito por\" \/>\n\t<meta name=\"twitter:data1\" content=\"Reda\u00e7\u00e3o JO\" \/>\n\t<meta name=\"twitter:label2\" content=\"Tempo estimado de leitura\" \/>\n\t<meta name=\"twitter:data2\" content=\"2 minutos\" \/>\n<script type=\"application\/ld+json\" class=\"yoast-schema-graph\">{\"@context\":\"https:\\\/\\\/schema.org\",\"@graph\":[{\"@type\":\"Article\",\"@id\":\"https:\\\/\\\/jornaldasoficinas.com\\\/pt\\\/autocarro-e-ata-da-karsan-vencedor-premio-sustainable-bus-of-the-year-2023\\\/#article\",\"isPartOf\":{\"@id\":\"https:\\\/\\\/jornaldasoficinas.com\\\/pt\\\/autocarro-e-ata-da-karsan-vencedor-premio-sustainable-bus-of-the-year-2023\\\/\"},\"author\":{\"name\":\"Reda\u00e7\u00e3o JO\",\"@id\":\"https:\\\/\\\/jornaldasoficinas.com\\\/pt\\\/#\\\/schema\\\/person\\\/a38eef5de2c41d9e7c9ac10141afddf3\"},\"headline\":\"Autocarro e-ATA da Karsan vencedor Pr\u00e9mio \u201cSustainable Bus of The Year 2023\u201d\",\"datePublished\":\"2022-10-26T07:00:56+00:00\",\"dateModified\":\"2023-07-20T15:11:10+00:00\",\"mainEntityOfPage\":{\"@id\":\"https:\\\/\\\/jornaldasoficinas.com\\\/pt\\\/autocarro-e-ata-da-karsan-vencedor-premio-sustainable-bus-of-the-year-2023\\\/\"},\"wordCount\":490,\"publisher\":{\"@id\":\"https:\\\/\\\/jornaldasoficinas.com\\\/pt\\\/#organization\"},\"image\":{\"@id\":\"https:\\\/\\\/jornaldasoficinas.com\\\/pt\\\/autocarro-e-ata-da-karsan-vencedor-premio-sustainable-bus-of-the-year-2023\\\/#primaryimage\"},\"thumbnailUrl\":\"https:\\\/\\\/jornaldasoficinas.com\\\/pt\\\/wp-content\\\/uploads\\\/2022\\\/10\\\/Autocarro-e-ATA-da-Karsan-vencedor-do-Pre\u0301mio-Sustainable-Bus-of-The-Year-2023.png\",\"keywords\":[\"Karsan\"],\"articleSection\":[\"Empresas\"],\"inLanguage\":\"pt-PT\"},{\"@type\":\"WebPage\",\"@id\":\"https:\\\/\\\/jornaldasoficinas.com\\\/pt\\\/autocarro-e-ata-da-karsan-vencedor-premio-sustainable-bus-of-the-year-2023\\\/\",\"url\":\"https:\\\/\\\/jornaldasoficinas.com\\\/pt\\\/autocarro-e-ata-da-karsan-vencedor-premio-sustainable-bus-of-the-year-2023\\\/\",\"name\":\"Autocarro e-ATA da Karsan vencedor Pr\u00e9mio \u201cSustainable Bus of The Year 2023\u201d - Jornal das Oficinas\",\"isPartOf\":{\"@id\":\"https:\\\/\\\/jornaldasoficinas.com\\\/pt\\\/#website\"},\"primaryImageOfPage\":{\"@id\":\"https:\\\/\\\/jornaldasoficinas.com\\\/pt\\\/autocarro-e-ata-da-karsan-vencedor-premio-sustainable-bus-of-the-year-2023\\\/#primaryimage\"},\"image\":{\"@id\":\"https:\\\/\\\/jornaldasoficinas.com\\\/pt\\\/autocarro-e-ata-da-karsan-vencedor-premio-sustainable-bus-of-the-year-2023\\\/#primaryimage\"},\"thumbnailUrl\":\"https:\\\/\\\/jornaldasoficinas.com\\\/pt\\\/wp-content\\\/uploads\\\/2022\\\/10\\\/Autocarro-e-ATA-da-Karsan-vencedor-do-Pre\u0301mio-Sustainable-Bus-of-The-Year-2023.png\",\"datePublished\":\"2022-10-26T07:00:56+00:00\",\"dateModified\":\"2023-07-20T15:11:10+00:00\",\"breadcrumb\":{\"@id\":\"https:\\\/\\\/jornaldasoficinas.com\\\/pt\\\/autocarro-e-ata-da-karsan-vencedor-premio-sustainable-bus-of-the-year-2023\\\/#breadcrumb\"},\"inLanguage\":\"pt-PT\",\"potentialAction\":[{\"@type\":\"ReadAction\",\"target\":[\"https:\\\/\\\/jornaldasoficinas.com\\\/pt\\\/autocarro-e-ata-da-karsan-vencedor-premio-sustainable-bus-of-the-year-2023\\\/\"]}]},{\"@type\":\"ImageObject\",\"inLanguage\":\"pt-PT\",\"@id\":\"https:\\\/\\\/jornaldasoficinas.com\\\/pt\\\/autocarro-e-ata-da-karsan-vencedor-premio-sustainable-bus-of-the-year-2023\\\/#primaryimage\",\"url\":\"https:\\\/\\\/jornaldasoficinas.com\\\/pt\\\/wp-content\\\/uploads\\\/2022\\\/10\\\/Autocarro-e-ATA-da-Karsan-vencedor-do-Pre\u0301mio-Sustainable-Bus-of-The-Year-2023.png\",\"contentUrl\":\"https:\\\/\\\/jornaldasoficinas.com\\\/pt\\\/wp-content\\\/uploads\\\/2022\\\/10\\\/Autocarro-e-ATA-da-Karsan-vencedor-do-Pre\u0301mio-Sustainable-Bus-of-The-Year-2023.png\",\"width\":1024,\"height\":581,\"caption\":\"10 - Autocarro e ATA da Karsan vencedor do Pre\u0301mio Sustainable Bus of The Year 2023\"},{\"@type\":\"BreadcrumbList\",\"@id\":\"https:\\\/\\\/jornaldasoficinas.com\\\/pt\\\/autocarro-e-ata-da-karsan-vencedor-premio-sustainable-bus-of-the-year-2023\\\/#breadcrumb\",\"itemListElement\":[{\"@type\":\"ListItem\",\"position\":1,\"name\":\"In\u00edcio\",\"item\":\"https:\\\/\\\/jornaldasoficinas.com\\\/pt\\\/\"},{\"@type\":\"ListItem\",\"position\":2,\"name\":\"Autocarro e-ATA da Karsan vencedor Pr\u00e9mio \u201cSustainable Bus of The Year 2023\u201d\"}]},{\"@type\":\"WebSite\",\"@id\":\"https:\\\/\\\/jornaldasoficinas.com\\\/pt\\\/#website\",\"url\":\"https:\\\/\\\/jornaldasoficinas.com\\\/pt\\\/\",\"name\":\"Jornal das Oficinas\",\"description\":\"Jornal independente do Aftermarket Autom\u00f3vel em Portugal\",\"publisher\":{\"@id\":\"https:\\\/\\\/jornaldasoficinas.com\\\/pt\\\/#organization\"},\"potentialAction\":[{\"@type\":\"SearchAction\",\"target\":{\"@type\":\"EntryPoint\",\"urlTemplate\":\"https:\\\/\\\/jornaldasoficinas.com\\\/pt\\\/?s={search_term_string}\"},\"query-input\":{\"@type\":\"PropertyValueSpecification\",\"valueRequired\":true,\"valueName\":\"search_term_string\"}}],\"inLanguage\":\"pt-PT\"},{\"@type\":\"Organization\",\"@id\":\"https:\\\/\\\/jornaldasoficinas.com\\\/pt\\\/#organization\",\"name\":\"Jornal das Oficinas\",\"url\":\"https:\\\/\\\/jornaldasoficinas.com\\\/pt\\\/\",\"logo\":{\"@type\":\"ImageObject\",\"inLanguage\":\"pt-PT\",\"@id\":\"https:\\\/\\\/jornaldasoficinas.com\\\/pt\\\/#\\\/schema\\\/logo\\\/image\\\/\",\"url\":\"https:\\\/\\\/jornaldasoficinas.com\\\/pt\\\/wp-content\\\/uploads\\\/logoJO-SEO.png\",\"contentUrl\":\"https:\\\/\\\/jornaldasoficinas.com\\\/pt\\\/wp-content\\\/uploads\\\/logoJO-SEO.png\",\"width\":285,\"height\":450,\"caption\":\"Jornal das Oficinas\"},\"image\":{\"@id\":\"https:\\\/\\\/jornaldasoficinas.com\\\/pt\\\/#\\\/schema\\\/logo\\\/image\\\/\"},\"sameAs\":[\"https:\\\/\\\/www.facebook.com\\\/jornaloficinas\",\"https:\\\/\\\/x.com\\\/jornaloficinas\",\"https:\\\/\\\/www.instagram.com\\\/jornal_oficinas\\\/\",\"https:\\\/\\\/www.linkedin.com\\\/company\\\/jornal-das-oficinas\\\/\",\"https:\\\/\\\/www.youtube.com\\\/channel\\\/UCbQZBqtcvV-oSQrr7RzINGg\"]},{\"@type\":\"Person\",\"@id\":\"https:\\\/\\\/jornaldasoficinas.com\\\/pt\\\/#\\\/schema\\\/person\\\/a38eef5de2c41d9e7c9ac10141afddf3\",\"name\":\"Reda\u00e7\u00e3o JO\",\"image\":{\"@type\":\"ImageObject\",\"inLanguage\":\"pt-PT\",\"@id\":\"https:\\\/\\\/secure.gravatar.com\\\/avatar\\\/71f2fa71737ad68a84fea94bc708ddac8ea5b0c4788dc2ad202f3ccb2887742f?s=96&d=wp_user_avatar&r=g\",\"url\":\"https:\\\/\\\/secure.gravatar.com\\\/avatar\\\/71f2fa71737ad68a84fea94bc708ddac8ea5b0c4788dc2ad202f3ccb2887742f?s=96&d=wp_user_avatar&r=g\",\"contentUrl\":\"https:\\\/\\\/secure.gravatar.com\\\/avatar\\\/71f2fa71737ad68a84fea94bc708ddac8ea5b0c4788dc2ad202f3ccb2887742f?s=96&d=wp_user_avatar&r=g\",\"caption\":\"Reda\u00e7\u00e3o JO\"},\"url\":\"https:\\\/\\\/jornaldasoficinas.com\\\/pt\\\/author\\\/joredacao\\\/\"}]}<\/script>\n<!-- \/ Yoast SEO plugin. -->","yoast_head_json":{"title":"Autocarro e-ATA da Karsan vencedor Pr\u00e9mio \u201cSustainable Bus of The Year 2023\u201d - Jornal das Oficinas","robots":{"index":"index","follow":"follow","max-snippet":"max-snippet:-1","max-image-preview":"max-image-preview:large","max-video-preview":"max-video-preview:-1"},"canonical":"https:\/\/jornaldasoficinas.com\/pt\/autocarro-e-ata-da-karsan-vencedor-premio-sustainable-bus-of-the-year-2023\/","og_locale":"pt_PT","og_type":"article","og_title":"Autocarro e-ATA da Karsan vencedor Pr\u00e9mio \u201cSustainable Bus of The Year 2023\u201d - Jornal das Oficinas","og_description":"O Autocarro e-ATA 12m da marca...","og_url":"https:\/\/jornaldasoficinas.com\/pt\/autocarro-e-ata-da-karsan-vencedor-premio-sustainable-bus-of-the-year-2023\/","og_site_name":"Jornal das Oficinas","article_publisher":"https:\/\/www.facebook.com\/jornaloficinas","article_published_time":"2022-10-26T07:00:56+00:00","article_modified_time":"2023-07-20T15:11:10+00:00","og_image":[{"width":1024,"height":581,"url":"https:\/\/jornaldasoficinas.com\/pt\/wp-content\/uploads\/2022\/10\/Autocarro-e-ATA-da-Karsan-vencedor-do-Pre\u0301mio-Sustainable-Bus-of-The-Year-2023.png","type":"image\/png"}],"author":"Reda\u00e7\u00e3o JO","twitter_card":"summary_large_image","twitter_creator":"@jornaloficinas","twitter_site":"@jornaloficinas","twitter_misc":{"Escrito por":"Reda\u00e7\u00e3o JO","Tempo estimado de leitura":"2 minutos"},"schema":{"@context":"https:\/\/schema.org","@graph":[{"@type":"Article","@id":"https:\/\/jornaldasoficinas.com\/pt\/autocarro-e-ata-da-karsan-vencedor-premio-sustainable-bus-of-the-year-2023\/#article","isPartOf":{"@id":"https:\/\/jornaldasoficinas.com\/pt\/autocarro-e-ata-da-karsan-vencedor-premio-sustainable-bus-of-the-year-2023\/"},"author":{"name":"Reda\u00e7\u00e3o JO","@id":"https:\/\/jornaldasoficinas.com\/pt\/#\/schema\/person\/a38eef5de2c41d9e7c9ac10141afddf3"},"headline":"Autocarro e-ATA da Karsan vencedor Pr\u00e9mio \u201cSustainable Bus of The Year 2023\u201d","datePublished":"2022-10-26T07:00:56+00:00","dateModified":"2023-07-20T15:11:10+00:00","mainEntityOfPage":{"@id":"https:\/\/jornaldasoficinas.com\/pt\/autocarro-e-ata-da-karsan-vencedor-premio-sustainable-bus-of-the-year-2023\/"},"wordCount":490,"publisher":{"@id":"https:\/\/jornaldasoficinas.com\/pt\/#organization"},"image":{"@id":"https:\/\/jornaldasoficinas.com\/pt\/autocarro-e-ata-da-karsan-vencedor-premio-sustainable-bus-of-the-year-2023\/#primaryimage"},"thumbnailUrl":"https:\/\/jornaldasoficinas.com\/pt\/wp-content\/uploads\/2022\/10\/Autocarro-e-ATA-da-Karsan-vencedor-do-Pre\u0301mio-Sustainable-Bus-of-The-Year-2023.png","keywords":["Karsan"],"articleSection":["Empresas"],"inLanguage":"pt-PT"},{"@type":"WebPage","@id":"https:\/\/jornaldasoficinas.com\/pt\/autocarro-e-ata-da-karsan-vencedor-premio-sustainable-bus-of-the-year-2023\/","url":"https:\/\/jornaldasoficinas.com\/pt\/autocarro-e-ata-da-karsan-vencedor-premio-sustainable-bus-of-the-year-2023\/","name":"Autocarro e-ATA da Karsan vencedor Pr\u00e9mio \u201cSustainable Bus of The Year 2023\u201d - Jornal das Oficinas","isPartOf":{"@id":"https:\/\/jornaldasoficinas.com\/pt\/#website"},"primaryImageOfPage":{"@id":"https:\/\/jornaldasoficinas.com\/pt\/autocarro-e-ata-da-karsan-vencedor-premio-sustainable-bus-of-the-year-2023\/#primaryimage"},"image":{"@id":"https:\/\/jornaldasoficinas.com\/pt\/autocarro-e-ata-da-karsan-vencedor-premio-sustainable-bus-of-the-year-2023\/#primaryimage"},"thumbnailUrl":"https:\/\/jornaldasoficinas.com\/pt\/wp-content\/uploads\/2022\/10\/Autocarro-e-ATA-da-Karsan-vencedor-do-Pre\u0301mio-Sustainable-Bus-of-The-Year-2023.png","datePublished":"2022-10-26T07:00:56+00:00","dateModified":"2023-07-20T15:11:10+00:00","breadcrumb":{"@id":"https:\/\/jornaldasoficinas.com\/pt\/autocarro-e-ata-da-karsan-vencedor-premio-sustainable-bus-of-the-year-2023\/#breadcrumb"},"inLanguage":"pt-PT","potentialAction":[{"@type":"ReadAction","target":["https:\/\/jornaldasoficinas.com\/pt\/autocarro-e-ata-da-karsan-vencedor-premio-sustainable-bus-of-the-year-2023\/"]}]},{"@type":"ImageObject","inLanguage":"pt-PT","@id":"https:\/\/jornaldasoficinas.com\/pt\/autocarro-e-ata-da-karsan-vencedor-premio-sustainable-bus-of-the-year-2023\/#primaryimage","url":"https:\/\/jornaldasoficinas.com\/pt\/wp-content\/uploads\/2022\/10\/Autocarro-e-ATA-da-Karsan-vencedor-do-Pre\u0301mio-Sustainable-Bus-of-The-Year-2023.png","contentUrl":"https:\/\/jornaldasoficinas.com\/pt\/wp-content\/uploads\/2022\/10\/Autocarro-e-ATA-da-Karsan-vencedor-do-Pre\u0301mio-Sustainable-Bus-of-The-Year-2023.png","width":1024,"height":581,"caption":"10 - Autocarro e ATA da Karsan vencedor do Pre\u0301mio Sustainable Bus of The Year 2023"},{"@type":"BreadcrumbList","@id":"https:\/\/jornaldasoficinas.com\/pt\/autocarro-e-ata-da-karsan-vencedor-premio-sustainable-bus-of-the-year-2023\/#breadcrumb","itemListElement":[{"@type":"ListItem","position":1,"name":"In\u00edcio","item":"https:\/\/jornaldasoficinas.com\/pt\/"},{"@type":"ListItem","position":2,"name":"Autocarro e-ATA da Karsan vencedor Pr\u00e9mio \u201cSustainable Bus of The Year 2023\u201d"}]},{"@type":"WebSite","@id":"https:\/\/jornaldasoficinas.com\/pt\/#website","url":"https:\/\/jornaldasoficinas.com\/pt\/","name":"Jornal das Oficinas","description":"Jornal independente do Aftermarket Autom\u00f3vel em Portugal","publisher":{"@id":"https:\/\/jornaldasoficinas.com\/pt\/#organization"},"potentialAction":[{"@type":"SearchAction","target":{"@type":"EntryPoint","urlTemplate":"https:\/\/jornaldasoficinas.com\/pt\/?s={search_term_string}"},"query-input":{"@type":"PropertyValueSpecification","valueRequired":true,"valueName":"search_term_string"}}],"inLanguage":"pt-PT"},{"@type":"Organization","@id":"https:\/\/jornaldasoficinas.com\/pt\/#organization","name":"Jornal das Oficinas","url":"https:\/\/jornaldasoficinas.com\/pt\/","logo":{"@type":"ImageObject","inLanguage":"pt-PT","@id":"https:\/\/jornaldasoficinas.com\/pt\/#\/schema\/logo\/image\/","url":"https:\/\/jornaldasoficinas.com\/pt\/wp-content\/uploads\/logoJO-SEO.png","contentUrl":"https:\/\/jornaldasoficinas.com\/pt\/wp-content\/uploads\/logoJO-SEO.png","width":285,"height":450,"caption":"Jornal das Oficinas"},"image":{"@id":"https:\/\/jornaldasoficinas.com\/pt\/#\/schema\/logo\/image\/"},"sameAs":["https:\/\/www.facebook.com\/jornaloficinas","https:\/\/x.com\/jornaloficinas","https:\/\/www.instagram.com\/jornal_oficinas\/","https:\/\/www.linkedin.com\/company\/jornal-das-oficinas\/","https:\/\/www.youtube.com\/channel\/UCbQZBqtcvV-oSQrr7RzINGg"]},{"@type":"Person","@id":"https:\/\/jornaldasoficinas.com\/pt\/#\/schema\/person\/a38eef5de2c41d9e7c9ac10141afddf3","name":"Reda\u00e7\u00e3o JO","image":{"@type":"ImageObject","inLanguage":"pt-PT","@id":"https:\/\/secure.gravatar.com\/avatar\/71f2fa71737ad68a84fea94bc708ddac8ea5b0c4788dc2ad202f3ccb2887742f?s=96&d=wp_user_avatar&r=g","url":"https:\/\/secure.gravatar.com\/avatar\/71f2fa71737ad68a84fea94bc708ddac8ea5b0c4788dc2ad202f3ccb2887742f?s=96&d=wp_user_avatar&r=g","contentUrl":"https:\/\/secure.gravatar.com\/avatar\/71f2fa71737ad68a84fea94bc708ddac8ea5b0c4788dc2ad202f3ccb2887742f?s=96&d=wp_user_avatar&r=g","caption":"Reda\u00e7\u00e3o JO"},"url":"https:\/\/jornaldasoficinas.com\/pt\/author\/joredacao\/"}]}},"_links":{"self":[{"href":"https:\/\/jornaldasoficinas.com\/pt\/wp-json\/wp\/v2\/posts\/33983","targetHints":{"allow":["GET"]}}],"collection":[{"href":"https:\/\/jornaldasoficinas.com\/pt\/wp-json\/wp\/v2\/posts"}],"about":[{"href":"https:\/\/jornaldasoficinas.com\/pt\/wp-json\/wp\/v2\/types\/post"}],"author":[{"embeddable":true,"href":"https:\/\/jornaldasoficinas.com\/pt\/wp-json\/wp\/v2\/users\/15"}],"replies":[{"embeddable":true,"href":"https:\/\/jornaldasoficinas.com\/pt\/wp-json\/wp\/v2\/comments?post=33983"}],"version-history":[{"count":0,"href":"https:\/\/jornaldasoficinas.com\/pt\/wp-json\/wp\/v2\/posts\/33983\/revisions"}],"wp:featuredmedia":[{"embeddable":true,"href":"https:\/\/jornaldasoficinas.com\/pt\/wp-json\/wp\/v2\/media\/33969"}],"wp:attachment":[{"href":"https:\/\/jornaldasoficinas.com\/pt\/wp-json\/wp\/v2\/media?parent=33983"}],"wp:term":[{"taxonomy":"category","embeddable":true,"href":"https:\/\/jornaldasoficinas.com\/pt\/wp-json\/wp\/v2\/categories?post=33983"},{"taxonomy":"post_tag","embeddable":true,"href":"https:\/\/jornaldasoficinas.com\/pt\/wp-json\/wp\/v2\/tags?post=33983"}],"curies":[{"name":"wp","href":"https:\/\/api.w.org\/{rel}","templated":true}]}}