{"id":33987,"date":"2022-10-26T10:00:25","date_gmt":"2022-10-26T09:00:25","guid":{"rendered":"https:\/\/jornaldasoficinas.com\/pt\/?p=33987"},"modified":"2023-02-07T09:58:47","modified_gmt":"2023-02-07T09:58:47","slug":"axalta-e-cesvimap-anunciam-concurso-pinta-com-royal-magenta","status":"publish","type":"post","link":"https:\/\/jornaldasoficinas.com\/pt\/axalta-e-cesvimap-anunciam-concurso-pinta-com-royal-magenta\/","title":{"rendered":"Axalta e CESVIMAP anunciam concurso \u201cPinta com\u00a0Royal\u00a0Magenta\u201d"},"content":{"rendered":"<p><img loading=\"lazy\" decoding=\"async\" class=\"alignnone size-full wp-image-33970\" src=\"https:\/\/jornaldasoficinas.com\/pt\/wp-content\/uploads\/2022\/10\/Axalta-e-CESVIMAP-anunciam-concurso-Pinta-com-Royal-Magenta.jpg\" alt=\"10 - Axalta e CESVIMAP anunciam concurso Pinta com Royal Magenta\" width=\"1024\" height=\"581\" srcset=\"https:\/\/jornaldasoficinas.com\/pt\/wp-content\/uploads\/2022\/10\/Axalta-e-CESVIMAP-anunciam-concurso-Pinta-com-Royal-Magenta.jpg 1024w, https:\/\/jornaldasoficinas.com\/pt\/wp-content\/uploads\/2022\/10\/Axalta-e-CESVIMAP-anunciam-concurso-Pinta-com-Royal-Magenta-300x170.jpg 300w, https:\/\/jornaldasoficinas.com\/pt\/wp-content\/uploads\/2022\/10\/Axalta-e-CESVIMAP-anunciam-concurso-Pinta-com-Royal-Magenta-150x85.jpg 150w, https:\/\/jornaldasoficinas.com\/pt\/wp-content\/uploads\/2022\/10\/Axalta-e-CESVIMAP-anunciam-concurso-Pinta-com-Royal-Magenta-768x436.jpg 768w\" sizes=\"auto, (max-width: 1024px) 100vw, 1024px\" \/><\/p>\n<p><strong>A\u00a0<a href=\"https:\/\/www.axalta.com\/pt\/pt_PT.html\" target=\"_blank\" rel=\"noopener\">Axalta<\/a>\u00a0Refinish\u00a0e a <a href=\"https:\/\/www.cesvimap.com\/\" target=\"_blank\" rel=\"noopener\">CESVIMAP<\/a> acabam de anunciar o concurso \u201cPinta com\u00a0Royal\u00a0Magenta\u201d, a Cor Global da\u00a0Axalta\u00a0para Autom\u00f3veis do Ano 2020. Trata-se de um concurso para pintores em Espanha e Portugal<\/strong><\/p>\n<p>A cor\u00a0Royal\u00a0Magenta\u00a0destaca-se pelo seu tom cereja intenso que proporciona ao mercado um acabamento de luxo. O design robusto tem um acabamento escuro deslumbrante com reflexos violeta e gren\u00e1. \u00c0 luz do sol, esta cor lembra frutos vermelhos, mas \u00e0 noite tamb\u00e9m revela um aspeto escuro e misterioso.<\/p>\n<p>O pr\u00e9mio do concurso consiste em duas reprodu\u00e7\u00f5es com uma escala de 1:18 do modelo Aston Martin DB 5 pintadas \u00e0 m\u00e3o com a cor\u00a0Royal\u00a0Magenta, uma para Portugal e outra para Espanha, utilizando o hashtag #Royalmagenta\u00a0.<\/p>\n<p>Virg\u00edlio Maia, Especialista em Marketing e Comunica\u00e7\u00e3o da Axalta\u00a0Refinish\u00a0em Espanha e Portugal afirmou \u201cestamos muito felizes em lan\u00e7ar a segunda edi\u00e7\u00e3o deste concurso e estamos ansiosos por ver os projetos originais e de alta qualidade que ser\u00e3o apresentados.\u201d Al\u00e9m disso, acrescentou que \u201c\u00e9 uma honra continuar a colaborar com a equipa de profissionais da CESVIMAP com a qual partilhamos o compromisso pela profissionaliza\u00e7\u00e3o e divulga\u00e7\u00e3o do conhecimento e experi\u00eancia em repara\u00e7\u00f5es de chapa e pintura\u201d.<\/p>\n<p>A inscri\u00e7\u00e3o neste concurso j\u00e1 est\u00e1 aberta e terminar\u00e1 a 30 de novembro de 2022, \u00e0s 24h00 (hora de Lisboa).<\/p>\n","protected":false},"excerpt":{"rendered":"<p>A\u00a0Axalta\u00a0Refinish\u00a0e a CESVIMAP acabam de anunciar&#8230;<\/p>\n","protected":false},"author":15,"featured_media":33970,"comment_status":"closed","ping_status":"closed","sticky":false,"template":"","format":"standard","meta":{"footnotes":""},"categories":[2],"tags":[67,738,4080],"class_list":["post-33987","post","type-post","status-publish","format-standard","has-post-thumbnail","hentry","category-repintura","tag-axalta","tag-cesvimap","tag-pinta-com-royal-magenta"],"yoast_head":"<!-- This site is optimized with the Yoast SEO plugin v27.4 - https:\/\/yoast.com\/product\/yoast-seo-wordpress\/ -->\n<title>Axalta e CESVIMAP anunciam concurso \u201cPinta com\u00a0Royal\u00a0Magenta\u201d - Jornal das Oficinas<\/title>\n<meta name=\"robots\" content=\"index, follow, max-snippet:-1, max-image-preview:large, max-video-preview:-1\" \/>\n<link rel=\"canonical\" href=\"https:\/\/jornaldasoficinas.com\/pt\/axalta-e-cesvimap-anunciam-concurso-pinta-com-royal-magenta\/\" \/>\n<meta property=\"og:locale\" content=\"pt_PT\" \/>\n<meta property=\"og:type\" content=\"article\" \/>\n<meta property=\"og:title\" content=\"Axalta e CESVIMAP anunciam concurso \u201cPinta com\u00a0Royal\u00a0Magenta\u201d - Jornal das Oficinas\" \/>\n<meta property=\"og:description\" content=\"A\u00a0Axalta\u00a0Refinish\u00a0e a CESVIMAP acabam de anunciar...\" \/>\n<meta property=\"og:url\" content=\"https:\/\/jornaldasoficinas.com\/pt\/axalta-e-cesvimap-anunciam-concurso-pinta-com-royal-magenta\/\" \/>\n<meta property=\"og:site_name\" content=\"Jornal das Oficinas\" \/>\n<meta property=\"article:publisher\" content=\"https:\/\/www.facebook.com\/jornaloficinas\" \/>\n<meta property=\"article:published_time\" content=\"2022-10-26T09:00:25+00:00\" \/>\n<meta property=\"article:modified_time\" content=\"2023-02-07T09:58:47+00:00\" \/>\n<meta property=\"og:image\" content=\"https:\/\/jornaldasoficinas.com\/pt\/wp-content\/uploads\/2022\/10\/Axalta-e-CESVIMAP-anunciam-concurso-Pinta-com-Royal-Magenta.jpg\" \/>\n\t<meta property=\"og:image:width\" content=\"1024\" \/>\n\t<meta property=\"og:image:height\" content=\"581\" \/>\n\t<meta property=\"og:image:type\" content=\"image\/jpeg\" \/>\n<meta name=\"author\" content=\"Reda\u00e7\u00e3o JO\" \/>\n<meta name=\"twitter:card\" content=\"summary_large_image\" \/>\n<meta name=\"twitter:creator\" content=\"@jornaloficinas\" \/>\n<meta name=\"twitter:site\" content=\"@jornaloficinas\" \/>\n<meta name=\"twitter:label1\" content=\"Escrito por\" \/>\n\t<meta name=\"twitter:data1\" content=\"Reda\u00e7\u00e3o JO\" \/>\n\t<meta name=\"twitter:label2\" content=\"Tempo estimado de leitura\" \/>\n\t<meta name=\"twitter:data2\" content=\"1 minuto\" \/>\n<script type=\"application\/ld+json\" class=\"yoast-schema-graph\">{\"@context\":\"https:\\\/\\\/schema.org\",\"@graph\":[{\"@type\":\"Article\",\"@id\":\"https:\\\/\\\/jornaldasoficinas.com\\\/pt\\\/axalta-e-cesvimap-anunciam-concurso-pinta-com-royal-magenta\\\/#article\",\"isPartOf\":{\"@id\":\"https:\\\/\\\/jornaldasoficinas.com\\\/pt\\\/axalta-e-cesvimap-anunciam-concurso-pinta-com-royal-magenta\\\/\"},\"author\":{\"name\":\"Reda\u00e7\u00e3o JO\",\"@id\":\"https:\\\/\\\/jornaldasoficinas.com\\\/pt\\\/#\\\/schema\\\/person\\\/a38eef5de2c41d9e7c9ac10141afddf3\"},\"headline\":\"Axalta e CESVIMAP anunciam concurso \u201cPinta com\u00a0Royal\u00a0Magenta\u201d\",\"datePublished\":\"2022-10-26T09:00:25+00:00\",\"dateModified\":\"2023-02-07T09:58:47+00:00\",\"mainEntityOfPage\":{\"@id\":\"https:\\\/\\\/jornaldasoficinas.com\\\/pt\\\/axalta-e-cesvimap-anunciam-concurso-pinta-com-royal-magenta\\\/\"},\"wordCount\":236,\"publisher\":{\"@id\":\"https:\\\/\\\/jornaldasoficinas.com\\\/pt\\\/#organization\"},\"image\":{\"@id\":\"https:\\\/\\\/jornaldasoficinas.com\\\/pt\\\/axalta-e-cesvimap-anunciam-concurso-pinta-com-royal-magenta\\\/#primaryimage\"},\"thumbnailUrl\":\"https:\\\/\\\/jornaldasoficinas.com\\\/pt\\\/wp-content\\\/uploads\\\/2022\\\/10\\\/Axalta-e-CESVIMAP-anunciam-concurso-Pinta-com-Royal-Magenta.jpg\",\"keywords\":[\"Axalta\",\"CESVIMAP\",\"Pinta com Royal\u00a0Magenta\"],\"articleSection\":[\"Repintura\"],\"inLanguage\":\"pt-PT\"},{\"@type\":\"WebPage\",\"@id\":\"https:\\\/\\\/jornaldasoficinas.com\\\/pt\\\/axalta-e-cesvimap-anunciam-concurso-pinta-com-royal-magenta\\\/\",\"url\":\"https:\\\/\\\/jornaldasoficinas.com\\\/pt\\\/axalta-e-cesvimap-anunciam-concurso-pinta-com-royal-magenta\\\/\",\"name\":\"Axalta e CESVIMAP anunciam concurso \u201cPinta com\u00a0Royal\u00a0Magenta\u201d - Jornal das Oficinas\",\"isPartOf\":{\"@id\":\"https:\\\/\\\/jornaldasoficinas.com\\\/pt\\\/#website\"},\"primaryImageOfPage\":{\"@id\":\"https:\\\/\\\/jornaldasoficinas.com\\\/pt\\\/axalta-e-cesvimap-anunciam-concurso-pinta-com-royal-magenta\\\/#primaryimage\"},\"image\":{\"@id\":\"https:\\\/\\\/jornaldasoficinas.com\\\/pt\\\/axalta-e-cesvimap-anunciam-concurso-pinta-com-royal-magenta\\\/#primaryimage\"},\"thumbnailUrl\":\"https:\\\/\\\/jornaldasoficinas.com\\\/pt\\\/wp-content\\\/uploads\\\/2022\\\/10\\\/Axalta-e-CESVIMAP-anunciam-concurso-Pinta-com-Royal-Magenta.jpg\",\"datePublished\":\"2022-10-26T09:00:25+00:00\",\"dateModified\":\"2023-02-07T09:58:47+00:00\",\"breadcrumb\":{\"@id\":\"https:\\\/\\\/jornaldasoficinas.com\\\/pt\\\/axalta-e-cesvimap-anunciam-concurso-pinta-com-royal-magenta\\\/#breadcrumb\"},\"inLanguage\":\"pt-PT\",\"potentialAction\":[{\"@type\":\"ReadAction\",\"target\":[\"https:\\\/\\\/jornaldasoficinas.com\\\/pt\\\/axalta-e-cesvimap-anunciam-concurso-pinta-com-royal-magenta\\\/\"]}]},{\"@type\":\"ImageObject\",\"inLanguage\":\"pt-PT\",\"@id\":\"https:\\\/\\\/jornaldasoficinas.com\\\/pt\\\/axalta-e-cesvimap-anunciam-concurso-pinta-com-royal-magenta\\\/#primaryimage\",\"url\":\"https:\\\/\\\/jornaldasoficinas.com\\\/pt\\\/wp-content\\\/uploads\\\/2022\\\/10\\\/Axalta-e-CESVIMAP-anunciam-concurso-Pinta-com-Royal-Magenta.jpg\",\"contentUrl\":\"https:\\\/\\\/jornaldasoficinas.com\\\/pt\\\/wp-content\\\/uploads\\\/2022\\\/10\\\/Axalta-e-CESVIMAP-anunciam-concurso-Pinta-com-Royal-Magenta.jpg\",\"width\":1024,\"height\":581,\"caption\":\"10 - Axalta e CESVIMAP anunciam concurso Pinta com Royal Magenta\"},{\"@type\":\"BreadcrumbList\",\"@id\":\"https:\\\/\\\/jornaldasoficinas.com\\\/pt\\\/axalta-e-cesvimap-anunciam-concurso-pinta-com-royal-magenta\\\/#breadcrumb\",\"itemListElement\":[{\"@type\":\"ListItem\",\"position\":1,\"name\":\"In\u00edcio\",\"item\":\"https:\\\/\\\/jornaldasoficinas.com\\\/pt\\\/\"},{\"@type\":\"ListItem\",\"position\":2,\"name\":\"Axalta e CESVIMAP anunciam concurso \u201cPinta com\u00a0Royal\u00a0Magenta\u201d\"}]},{\"@type\":\"WebSite\",\"@id\":\"https:\\\/\\\/jornaldasoficinas.com\\\/pt\\\/#website\",\"url\":\"https:\\\/\\\/jornaldasoficinas.com\\\/pt\\\/\",\"name\":\"Jornal das Oficinas\",\"description\":\"Jornal independente do Aftermarket Autom\u00f3vel em Portugal\",\"publisher\":{\"@id\":\"https:\\\/\\\/jornaldasoficinas.com\\\/pt\\\/#organization\"},\"potentialAction\":[{\"@type\":\"SearchAction\",\"target\":{\"@type\":\"EntryPoint\",\"urlTemplate\":\"https:\\\/\\\/jornaldasoficinas.com\\\/pt\\\/?s={search_term_string}\"},\"query-input\":{\"@type\":\"PropertyValueSpecification\",\"valueRequired\":true,\"valueName\":\"search_term_string\"}}],\"inLanguage\":\"pt-PT\"},{\"@type\":\"Organization\",\"@id\":\"https:\\\/\\\/jornaldasoficinas.com\\\/pt\\\/#organization\",\"name\":\"Jornal das Oficinas\",\"url\":\"https:\\\/\\\/jornaldasoficinas.com\\\/pt\\\/\",\"logo\":{\"@type\":\"ImageObject\",\"inLanguage\":\"pt-PT\",\"@id\":\"https:\\\/\\\/jornaldasoficinas.com\\\/pt\\\/#\\\/schema\\\/logo\\\/image\\\/\",\"url\":\"https:\\\/\\\/jornaldasoficinas.com\\\/pt\\\/wp-content\\\/uploads\\\/logoJO-SEO.png\",\"contentUrl\":\"https:\\\/\\\/jornaldasoficinas.com\\\/pt\\\/wp-content\\\/uploads\\\/logoJO-SEO.png\",\"width\":285,\"height\":450,\"caption\":\"Jornal das Oficinas\"},\"image\":{\"@id\":\"https:\\\/\\\/jornaldasoficinas.com\\\/pt\\\/#\\\/schema\\\/logo\\\/image\\\/\"},\"sameAs\":[\"https:\\\/\\\/www.facebook.com\\\/jornaloficinas\",\"https:\\\/\\\/x.com\\\/jornaloficinas\",\"https:\\\/\\\/www.instagram.com\\\/jornal_oficinas\\\/\",\"https:\\\/\\\/www.linkedin.com\\\/company\\\/jornal-das-oficinas\\\/\",\"https:\\\/\\\/www.youtube.com\\\/channel\\\/UCbQZBqtcvV-oSQrr7RzINGg\"]},{\"@type\":\"Person\",\"@id\":\"https:\\\/\\\/jornaldasoficinas.com\\\/pt\\\/#\\\/schema\\\/person\\\/a38eef5de2c41d9e7c9ac10141afddf3\",\"name\":\"Reda\u00e7\u00e3o JO\",\"image\":{\"@type\":\"ImageObject\",\"inLanguage\":\"pt-PT\",\"@id\":\"https:\\\/\\\/secure.gravatar.com\\\/avatar\\\/71f2fa71737ad68a84fea94bc708ddac8ea5b0c4788dc2ad202f3ccb2887742f?s=96&d=wp_user_avatar&r=g\",\"url\":\"https:\\\/\\\/secure.gravatar.com\\\/avatar\\\/71f2fa71737ad68a84fea94bc708ddac8ea5b0c4788dc2ad202f3ccb2887742f?s=96&d=wp_user_avatar&r=g\",\"contentUrl\":\"https:\\\/\\\/secure.gravatar.com\\\/avatar\\\/71f2fa71737ad68a84fea94bc708ddac8ea5b0c4788dc2ad202f3ccb2887742f?s=96&d=wp_user_avatar&r=g\",\"caption\":\"Reda\u00e7\u00e3o JO\"},\"url\":\"https:\\\/\\\/jornaldasoficinas.com\\\/pt\\\/author\\\/joredacao\\\/\"}]}<\/script>\n<!-- \/ Yoast SEO plugin. -->","yoast_head_json":{"title":"Axalta e CESVIMAP anunciam concurso \u201cPinta com\u00a0Royal\u00a0Magenta\u201d - Jornal das Oficinas","robots":{"index":"index","follow":"follow","max-snippet":"max-snippet:-1","max-image-preview":"max-image-preview:large","max-video-preview":"max-video-preview:-1"},"canonical":"https:\/\/jornaldasoficinas.com\/pt\/axalta-e-cesvimap-anunciam-concurso-pinta-com-royal-magenta\/","og_locale":"pt_PT","og_type":"article","og_title":"Axalta e CESVIMAP anunciam concurso \u201cPinta com\u00a0Royal\u00a0Magenta\u201d - Jornal das Oficinas","og_description":"A\u00a0Axalta\u00a0Refinish\u00a0e a CESVIMAP acabam de anunciar...","og_url":"https:\/\/jornaldasoficinas.com\/pt\/axalta-e-cesvimap-anunciam-concurso-pinta-com-royal-magenta\/","og_site_name":"Jornal das Oficinas","article_publisher":"https:\/\/www.facebook.com\/jornaloficinas","article_published_time":"2022-10-26T09:00:25+00:00","article_modified_time":"2023-02-07T09:58:47+00:00","og_image":[{"width":1024,"height":581,"url":"https:\/\/jornaldasoficinas.com\/pt\/wp-content\/uploads\/2022\/10\/Axalta-e-CESVIMAP-anunciam-concurso-Pinta-com-Royal-Magenta.jpg","type":"image\/jpeg"}],"author":"Reda\u00e7\u00e3o JO","twitter_card":"summary_large_image","twitter_creator":"@jornaloficinas","twitter_site":"@jornaloficinas","twitter_misc":{"Escrito por":"Reda\u00e7\u00e3o JO","Tempo estimado de leitura":"1 minuto"},"schema":{"@context":"https:\/\/schema.org","@graph":[{"@type":"Article","@id":"https:\/\/jornaldasoficinas.com\/pt\/axalta-e-cesvimap-anunciam-concurso-pinta-com-royal-magenta\/#article","isPartOf":{"@id":"https:\/\/jornaldasoficinas.com\/pt\/axalta-e-cesvimap-anunciam-concurso-pinta-com-royal-magenta\/"},"author":{"name":"Reda\u00e7\u00e3o JO","@id":"https:\/\/jornaldasoficinas.com\/pt\/#\/schema\/person\/a38eef5de2c41d9e7c9ac10141afddf3"},"headline":"Axalta e CESVIMAP anunciam concurso \u201cPinta com\u00a0Royal\u00a0Magenta\u201d","datePublished":"2022-10-26T09:00:25+00:00","dateModified":"2023-02-07T09:58:47+00:00","mainEntityOfPage":{"@id":"https:\/\/jornaldasoficinas.com\/pt\/axalta-e-cesvimap-anunciam-concurso-pinta-com-royal-magenta\/"},"wordCount":236,"publisher":{"@id":"https:\/\/jornaldasoficinas.com\/pt\/#organization"},"image":{"@id":"https:\/\/jornaldasoficinas.com\/pt\/axalta-e-cesvimap-anunciam-concurso-pinta-com-royal-magenta\/#primaryimage"},"thumbnailUrl":"https:\/\/jornaldasoficinas.com\/pt\/wp-content\/uploads\/2022\/10\/Axalta-e-CESVIMAP-anunciam-concurso-Pinta-com-Royal-Magenta.jpg","keywords":["Axalta","CESVIMAP","Pinta com Royal\u00a0Magenta"],"articleSection":["Repintura"],"inLanguage":"pt-PT"},{"@type":"WebPage","@id":"https:\/\/jornaldasoficinas.com\/pt\/axalta-e-cesvimap-anunciam-concurso-pinta-com-royal-magenta\/","url":"https:\/\/jornaldasoficinas.com\/pt\/axalta-e-cesvimap-anunciam-concurso-pinta-com-royal-magenta\/","name":"Axalta e CESVIMAP anunciam concurso \u201cPinta com\u00a0Royal\u00a0Magenta\u201d - Jornal das Oficinas","isPartOf":{"@id":"https:\/\/jornaldasoficinas.com\/pt\/#website"},"primaryImageOfPage":{"@id":"https:\/\/jornaldasoficinas.com\/pt\/axalta-e-cesvimap-anunciam-concurso-pinta-com-royal-magenta\/#primaryimage"},"image":{"@id":"https:\/\/jornaldasoficinas.com\/pt\/axalta-e-cesvimap-anunciam-concurso-pinta-com-royal-magenta\/#primaryimage"},"thumbnailUrl":"https:\/\/jornaldasoficinas.com\/pt\/wp-content\/uploads\/2022\/10\/Axalta-e-CESVIMAP-anunciam-concurso-Pinta-com-Royal-Magenta.jpg","datePublished":"2022-10-26T09:00:25+00:00","dateModified":"2023-02-07T09:58:47+00:00","breadcrumb":{"@id":"https:\/\/jornaldasoficinas.com\/pt\/axalta-e-cesvimap-anunciam-concurso-pinta-com-royal-magenta\/#breadcrumb"},"inLanguage":"pt-PT","potentialAction":[{"@type":"ReadAction","target":["https:\/\/jornaldasoficinas.com\/pt\/axalta-e-cesvimap-anunciam-concurso-pinta-com-royal-magenta\/"]}]},{"@type":"ImageObject","inLanguage":"pt-PT","@id":"https:\/\/jornaldasoficinas.com\/pt\/axalta-e-cesvimap-anunciam-concurso-pinta-com-royal-magenta\/#primaryimage","url":"https:\/\/jornaldasoficinas.com\/pt\/wp-content\/uploads\/2022\/10\/Axalta-e-CESVIMAP-anunciam-concurso-Pinta-com-Royal-Magenta.jpg","contentUrl":"https:\/\/jornaldasoficinas.com\/pt\/wp-content\/uploads\/2022\/10\/Axalta-e-CESVIMAP-anunciam-concurso-Pinta-com-Royal-Magenta.jpg","width":1024,"height":581,"caption":"10 - Axalta e CESVIMAP anunciam concurso Pinta com Royal Magenta"},{"@type":"BreadcrumbList","@id":"https:\/\/jornaldasoficinas.com\/pt\/axalta-e-cesvimap-anunciam-concurso-pinta-com-royal-magenta\/#breadcrumb","itemListElement":[{"@type":"ListItem","position":1,"name":"In\u00edcio","item":"https:\/\/jornaldasoficinas.com\/pt\/"},{"@type":"ListItem","position":2,"name":"Axalta e CESVIMAP anunciam concurso \u201cPinta com\u00a0Royal\u00a0Magenta\u201d"}]},{"@type":"WebSite","@id":"https:\/\/jornaldasoficinas.com\/pt\/#website","url":"https:\/\/jornaldasoficinas.com\/pt\/","name":"Jornal das Oficinas","description":"Jornal independente do Aftermarket Autom\u00f3vel em Portugal","publisher":{"@id":"https:\/\/jornaldasoficinas.com\/pt\/#organization"},"potentialAction":[{"@type":"SearchAction","target":{"@type":"EntryPoint","urlTemplate":"https:\/\/jornaldasoficinas.com\/pt\/?s={search_term_string}"},"query-input":{"@type":"PropertyValueSpecification","valueRequired":true,"valueName":"search_term_string"}}],"inLanguage":"pt-PT"},{"@type":"Organization","@id":"https:\/\/jornaldasoficinas.com\/pt\/#organization","name":"Jornal das Oficinas","url":"https:\/\/jornaldasoficinas.com\/pt\/","logo":{"@type":"ImageObject","inLanguage":"pt-PT","@id":"https:\/\/jornaldasoficinas.com\/pt\/#\/schema\/logo\/image\/","url":"https:\/\/jornaldasoficinas.com\/pt\/wp-content\/uploads\/logoJO-SEO.png","contentUrl":"https:\/\/jornaldasoficinas.com\/pt\/wp-content\/uploads\/logoJO-SEO.png","width":285,"height":450,"caption":"Jornal das Oficinas"},"image":{"@id":"https:\/\/jornaldasoficinas.com\/pt\/#\/schema\/logo\/image\/"},"sameAs":["https:\/\/www.facebook.com\/jornaloficinas","https:\/\/x.com\/jornaloficinas","https:\/\/www.instagram.com\/jornal_oficinas\/","https:\/\/www.linkedin.com\/company\/jornal-das-oficinas\/","https:\/\/www.youtube.com\/channel\/UCbQZBqtcvV-oSQrr7RzINGg"]},{"@type":"Person","@id":"https:\/\/jornaldasoficinas.com\/pt\/#\/schema\/person\/a38eef5de2c41d9e7c9ac10141afddf3","name":"Reda\u00e7\u00e3o JO","image":{"@type":"ImageObject","inLanguage":"pt-PT","@id":"https:\/\/secure.gravatar.com\/avatar\/71f2fa71737ad68a84fea94bc708ddac8ea5b0c4788dc2ad202f3ccb2887742f?s=96&d=wp_user_avatar&r=g","url":"https:\/\/secure.gravatar.com\/avatar\/71f2fa71737ad68a84fea94bc708ddac8ea5b0c4788dc2ad202f3ccb2887742f?s=96&d=wp_user_avatar&r=g","contentUrl":"https:\/\/secure.gravatar.com\/avatar\/71f2fa71737ad68a84fea94bc708ddac8ea5b0c4788dc2ad202f3ccb2887742f?s=96&d=wp_user_avatar&r=g","caption":"Reda\u00e7\u00e3o JO"},"url":"https:\/\/jornaldasoficinas.com\/pt\/author\/joredacao\/"}]}},"_links":{"self":[{"href":"https:\/\/jornaldasoficinas.com\/pt\/wp-json\/wp\/v2\/posts\/33987","targetHints":{"allow":["GET"]}}],"collection":[{"href":"https:\/\/jornaldasoficinas.com\/pt\/wp-json\/wp\/v2\/posts"}],"about":[{"href":"https:\/\/jornaldasoficinas.com\/pt\/wp-json\/wp\/v2\/types\/post"}],"author":[{"embeddable":true,"href":"https:\/\/jornaldasoficinas.com\/pt\/wp-json\/wp\/v2\/users\/15"}],"replies":[{"embeddable":true,"href":"https:\/\/jornaldasoficinas.com\/pt\/wp-json\/wp\/v2\/comments?post=33987"}],"version-history":[{"count":0,"href":"https:\/\/jornaldasoficinas.com\/pt\/wp-json\/wp\/v2\/posts\/33987\/revisions"}],"wp:featuredmedia":[{"embeddable":true,"href":"https:\/\/jornaldasoficinas.com\/pt\/wp-json\/wp\/v2\/media\/33970"}],"wp:attachment":[{"href":"https:\/\/jornaldasoficinas.com\/pt\/wp-json\/wp\/v2\/media?parent=33987"}],"wp:term":[{"taxonomy":"category","embeddable":true,"href":"https:\/\/jornaldasoficinas.com\/pt\/wp-json\/wp\/v2\/categories?post=33987"},{"taxonomy":"post_tag","embeddable":true,"href":"https:\/\/jornaldasoficinas.com\/pt\/wp-json\/wp\/v2\/tags?post=33987"}],"curies":[{"name":"wp","href":"https:\/\/api.w.org\/{rel}","templated":true}]}}